{"id":185857,"date":"2015-02-25T14:15:23","date_gmt":"2015-02-25T11:15:23","guid":{"rendered":"https:\/\/analyse.optim.biz\/?p=185857"},"modified":"2015-02-25T14:15:23","modified_gmt":"2015-02-25T11:15:23","slug":"klaus-iohannis-moldova-are-o-mare-sansa-aceasta-sansa-se-numeste-romania","status":"publish","type":"post","link":"https:\/\/analyse.optim.biz\/?p=185857","title":{"rendered":"Klaus Iohannis: Moldova are o mare \u015fans\u0103. Aceast\u0103 \u015fans\u0103 se nume\u015fte Rom\u00e2nia"},"content":{"rendered":"<div class=\"entry data-app-meta data-app-meta-article\" data-embed-base-url-canonical=\"https:\/\/www.digi24.ro\/embed\/stiri\/actualitate\/politica\/klaus-iohannis-moldova-are-o-mare-sansa-aceasta-sansa-se-numeste-romania-363869\">\n<p data-index=\"1\"><img decoding=\"async\" src=\"https:\/\/analyse.optim.biz\/wp-content\/uploads\/2024\/09\/yxnoptmxyte2ntk5nmvjywq5ywe1ogu3mtmwyjq1nzbhmju2-thumb_.jpg\" data-skip-htmlfix=\"1\" title=\"yxnoptmxyte2ntk5nmvjywq5ywe1ogu3mtmwyjq1nzbhmju2-thumb_\"><\/p>\n<p data-index=\"2\">Pre\u015fedintele a afirmat \u00een discursul s\u0103u c\u0103, fa\u0163\u0103 de vizita precedent\u0103 f\u0103cut\u0103 la Chi\u015fin\u0103u, acum se afl\u0103 aici \u00een calitate de pre\u015fedinte al Rom\u00e2niei, motiv pentru care \u201eemo\u0163iile sale sunt \u015fi mai puternice\u201d, noteaz\u0103 Mediafax.\u00a0<\/p>\n<p data-index=\"3\">\u201e<strong>Prezen\u0163a mea \u00een fa\u0163a dumneavoastr\u0103 este nu doar un motiv de bucurie, ci \u015fi un prilej de a vorbi despre lucruri fa\u0163\u0103 de care sim\u0163im la fel:<\/strong> despre valorile noastre comune \u015fi despre provoc\u0103rile momentului, dar \u015fi despre oportunit\u0103\u0163ile pe care acest spa\u0163iu de pe continentul european \u015fi aceste timpuri le ofer\u0103. Vreau s\u0103 m\u0103 refer la dou\u0103 valori fundamentale care guverneaz\u0103 rela\u0163ia dintre noi: solidaritatea \u015fi identitatea. \u015ei rezum aceste dou\u0103 no\u0163iuni, interdependente \u00een cazul nostru, prin proiectul european asumat de Republica Moldova \u00een rela\u0163ie cu Rom\u00e2nia\u201d, a spus \u015feful statului.<\/p>\n<p data-index=\"4\"><strong>Potrivit lui Iohannis, cooperarea dintre cele dou\u0103 state dovede\u015fte c\u00e2t de important este s\u0103 ai \u201eun bun avocat\u201d \u00een acest parcurs.<\/strong><\/p>\n<p data-index=\"5\"><strong>\u201eMoldova are o mare \u015fans\u0103, pe care noi n-am avut-o la momentul ader\u0103rii. Aceast\u0103 \u015fans\u0103 se nume\u015fte Rom\u00e2nia, membru cu drepturi depline al Uniunii Europene, ast\u0103zi cel mai redutabil sus\u0163in\u0103tor al Republicii Moldova \u00een procesul de integrare\u201d.\u00a0<\/strong><\/p>\n<p data-index=\"6\">Klaus Iohannis\u00a0le-a transmis studen\u0163ilor de la Universitatea de Stat din Moldova c\u0103 este dasc\u0103l de profesie \u015fi \u015ftie c\u0103 rolul unui dasc\u0103l nu este doar de a \u00eemp\u0103rt\u0103\u015fi cuno\u015ftin\u0163e, ci \u201eare o misiune mult mai grea, aceea de a transmite valori \u015fi de a construi astfel caractere\u201d.<\/p>\n<p data-index=\"7\">\u201e\u00cen plus,<strong> rolul dumneavoastr\u0103 pentru ap\u0103rarea \u015fi p\u0103strarea limbii rom\u00e2ne este unul fundamental<\/strong>, lucru pentru care v\u0103 sunt recunosc\u0103tor \u015fi v\u0103 \u00eendemn s\u0103 merge\u0163i mai departe. Provin dintr-o genera\u0163ie care a avut nefericirea s\u0103 cunoasc\u0103 via\u0163a sub un regim absurd \u015fi criminal, care a \u00eencercat s\u0103 \u015ftearg\u0103 valorile fundamentale ale comunit\u0103\u0163ilor. Pe ambele maluri ale Prutului tr\u0103im cu cicatricele acestui trecut. De aceea \u00eemi exprim acum respectul pentru eroii care s-au jertfit pentru prop\u0103\u015firea limbii rom\u00e2ne\u201d, a afirmat \u015feful statului.\u00a0<\/p>\n<p data-index=\"8\">\u201ePentru noi, drumul dumneavoastr\u0103 <strong>c\u0103tre Europa unit\u0103 reprezint\u0103 o prioritate na\u0163ional\u0103.<\/strong> Avem, \u00een acest moment, ca proiect politic asumat unanim \u2013 Pre\u015fedin\u0163ie, Guvern, Parlament \u2013 ideea de sprijin european pentru Chi\u015fin\u0103u. Subliniez angajamentul meu ferm \u00een calitate de Pre\u015fedinte al Rom\u00e2niei de a sus\u0163ine aceste demersuri, \u00een baza prerogativelor func\u0163iei pe care o de\u0163in\u201d, a afirmat pre\u015fedintele Iohannis \u00een discursul s\u0103u.<\/p>\n<p data-index=\"9\">Pre\u015fedintele a \u0163inut s\u0103 sublinieze \u015fi \u201eimportan\u0163a efortului Chi\u015fin\u0103ului de a continua parcursul european\u201d, transmi\u0163\u00e2ndu-le studen\u0163ilor c\u0103 vor deveni, \u00een urm\u0103torii ani, vocea locuitorilor Republicii Moldova, fie c\u0103 vorbim despre politicieni, func\u0163ionari ai statului, jurnali\u015fti, cercet\u0103tori, activi\u015fti civici, reprezentan\u0163i ai mediului de afaceri\u201d.<\/p>\n<p data-index=\"10\">\u201e<strong>\u00cen aceast\u0103 calitate, ve\u0163i avea responsabilitatea decisiv\u0103 de a conduce Republica Moldova \u00een marea familie european\u0103<\/strong>. Astfel, elitele moldovene\u015fti au marea \u015fans\u0103 de a contribui la a\u015fezarea Republicii Moldova acolo unde \u00eei este locul, \u00een Uniunea European\u0103, al\u0103turi de Rom\u00e2nia\u201d, le-a spus Iohannis studen\u0163ilor de la Universitatea de Stat.<\/p>\n<p data-index=\"11\">\u201e\u00cen aceast\u0103 calitate, ve\u0163i avea responsabilitatea decisiv\u0103 de a conduce Republica Moldova \u00een marea familie european\u0103. Astfel, elitele moldovene\u015fti au marea \u015fans\u0103 de a contribui la a\u015fezarea Republicii Moldova acolo unde \u00eei este locul, \u00een Uniunea European\u0103, al\u0103turi de Rom\u00e2nia\u201d, le-a spus Iohannis studen\u0163ilor de la Universitatea de Stat.<\/p>\n<p data-index=\"12\">\u201e<strong>Tr\u0103im vremuri tulburi, chiar la grani\u0163ele noastre, o perspectiv\u0103 care complic\u0103 \u015fi mai mult str\u0103daniile Republicii Moldova.<\/strong> Cred c\u0103, \u00een actualul context regional marcat de instabilitate, este de datoria Rom\u00e2niei s\u0103 contribuie la garantarea perspectivei europene a Republicii Moldova. Pentru noi, sprijinul acordat Republicii Moldova nu se rezum\u0103 doar la cel institu\u0163ional. Este vorba despre o ad\u00e2ncire a cooper\u0103rii pe toate planurile, a rela\u0163iilor economice, a dialogului cultural \u015fi politic nu doar la nivel de stat, ci \u015fi \u00eentre comunit\u0103\u0163ile locale. <strong>De asemenea, trebuie s\u0103 sprijinim proiectele care conduc la cre\u015fterea independen\u0163ei energetice a Republicii Moldova, pentru ca acest stat s\u0103 devin\u0103 independent p\u00e2n\u0103 la cap\u0103t<\/strong>\u201d, a mai declarat Klaus Iohannis.<\/p>\n<\/div>\n<p> Source URL: https:\/\/www.digi24.ro\/stiri\/actualitate\/politica\/klaus-iohannis-moldova-are-o-mare-sansa-aceasta-sansa-se-numeste-romania-363869<\/p>\n","protected":false},"excerpt":{"rendered":"<p>Pre\u015fedintele a afirmat \u00een discursul s\u0103u c\u0103, fa\u0163\u0103 de vizita precedent\u0103 f\u0103cut\u0103 la Chi\u015fin\u0103u, acum se afl\u0103 aici \u00een calitate de pre\u015fedinte al Rom\u00e2niei, motiv pentru care \u201eemo\u0163iile sale sunt \u015fi mai puternice\u201d, noteaz\u0103 Mediafax.\u00a0 \u201ePrezen\u0163a mea \u00een fa\u0163a dumneavoastr\u0103 este nu doar un motiv de bucurie, ci \u015fi un prilej de a vorbi despre [&hellip;]<\/p>\n","protected":false},"author":1,"featured_media":185858,"comment_status":"open","ping_status":"","sticky":false,"template":"","format":"standard","meta":{"footnotes":""},"categories":[2],"tags":[11],"class_list":["post-185857","post","type-post","status-publish","format-standard","has-post-thumbnail","hentry","category-politics","tag-digi24"],"_links":{"self":[{"href":"https:\/\/analyse.optim.biz\/index.php?rest_route=\/wp\/v2\/posts\/185857","targetHints":{"allow":["GET"]}}],"collection":[{"href":"https:\/\/analyse.optim.biz\/index.php?rest_route=\/wp\/v2\/posts"}],"about":[{"href":"https:\/\/analyse.optim.biz\/index.php?rest_route=\/wp\/v2\/types\/post"}],"author":[{"embeddable":true,"href":"https:\/\/analyse.optim.biz\/index.php?rest_route=\/wp\/v2\/users\/1"}],"replies":[{"embeddable":true,"href":"https:\/\/analyse.optim.biz\/index.php?rest_route=%2Fwp%2Fv2%2Fcomments&post=185857"}],"version-history":[{"count":0,"href":"https:\/\/analyse.optim.biz\/index.php?rest_route=\/wp\/v2\/posts\/185857\/revisions"}],"wp:featuredmedia":[{"embeddable":true,"href":"https:\/\/analyse.optim.biz\/index.php?rest_route=\/wp\/v2\/media\/185858"}],"wp:attachment":[{"href":"https:\/\/analyse.optim.biz\/index.php?rest_route=%2Fwp%2Fv2%2Fmedia&parent=185857"}],"wp:term":[{"taxonomy":"category","embeddable":true,"href":"https:\/\/analyse.optim.biz\/index.php?rest_route=%2Fwp%2Fv2%2Fcategories&post=185857"},{"taxonomy":"post_tag","embeddable":true,"href":"https:\/\/analyse.optim.biz\/index.php?rest_route=%2Fwp%2Fv2%2Ftags&post=185857"}],"curies":[{"name":"wp","href":"https:\/\/api.w.org\/{rel}","templated":true}]}}