{"id":1858527,"date":"2026-03-31T19:43:50","date_gmt":"2026-03-31T16:43:50","guid":{"rendered":"https:\/\/analyse.optim.biz\/?p=1858527"},"modified":"2026-03-31T19:43:50","modified_gmt":"2026-03-31T16:43:50","slug":"s-au-redeschis-si-santierele-pe-strazile-buzoiene","status":"publish","type":"post","link":"https:\/\/analyse.optim.biz\/?p=1858527","title":{"rendered":"S-au redeschis \u0219i \u0219antierele pe str\u0103zile buzoiene"},"content":{"rendered":"<p>[analyse_image type=&#8221;featured&#8221; src=&#8221;https:\/\/www.tvbuzau.ro\/wp-content\/uploads\/2026\/03\/hqdefault-61.jpghttps:\/\/www.tvbuzau.ro\/wp-content\/uploads\/2026\/03\/hqdefault-61.jpg&#8221;]<\/p>\n<div class=\"td-ss-main-content\">\n<article id=\"post-118587\" class=\"post-118587 post type-post status-publish format-video has-post-thumbnail hentry category-actualitate post_format-post-format-video\">\n<div class=\"td-post-header\">\n<ul class=\"td-category\">\n<li class=\"entry-category\"><a href=\"https:\/\/www.tvbuzau.ro\/category\/actualitate\/\">Actualitate<\/a><\/li>\n<\/ul>\n<header class=\"td-post-title\">\n<h1 class=\"entry-title\">S-au redeschis \u0219i \u0219antierele pe str\u0103zile buzoiene<\/h1>\n<div class=\"td-module-meta-info\">\n<div class=\"td-post-author-name\">De c\u0103tre <a href=\"https:\/\/www.tvbuzau.ro\/author\/mihai-vasilescu\/\">TV Buz\u0103u<\/a> &#8211; <\/div>\n<p><span class=\"td-post-date\"><time class=\"entry-date updated td-module-date\" datetime=\"2026-03-31T19:43:50+00:00\">martie 31, 2026<\/time><\/span><\/p>\n<div class=\"td-post-comments\"><a href=\"https:\/\/www.tvbuzau.ro\/s-au-redeschis-si-santierele-pe-strazile-buzoiene\/#respond\">0<\/a><\/div>\n<div class=\"td-post-views\"><span class=\"td-nr-views-118587\">16<\/span><\/div>\n<\/div>\n<\/header>\n<\/div>\n<div class=\"td-post-sharing td-post-sharing-top td-with-like\">\n<div class=\"td-default-sharing\"><a class=\"td-social-sharing-buttons td-social-facebook\" href=\"http:\/\/www.facebook.com\/sharer.php?u=https%3A%2F%2Fwww.tvbuzau.ro%2Fs-au-redeschis-si-santierele-pe-strazile-buzoiene%2F\"><\/p>\n<div class=\"td-social-but-text\">Distribui\u021bi pe Facebook<\/div>\n<p><\/a><a class=\"td-social-sharing-buttons td-social-twitter\" href=\"https:\/\/twitter.com\/intent\/tweet?text=S-au+redeschis+%C8%99i+%C8%99antierele+pe+str%C4%83zile+buzoiene&amp;url=https%3A%2F%2Fwww.tvbuzau.ro%2Fs-au-redeschis-si-santierele-pe-strazile-buzoiene%2F&amp;via=TV+Buz%C4%83u\"><\/p>\n<div class=\"td-social-but-text\">Distribui\u021bi pe Twitter<\/div>\n<p><\/a><\/div>\n<div class=\"td-classic-sharing\">\n<ul>\n<li class=\"td-classic-facebook\"><iframe frameborder src=\"https:\/\/www.facebook.com\/plugins\/like.php?href=https:\/\/www.tvbuzau.ro\/s-au-redeschis-si-santierele-pe-strazile-buzoiene\/&amp;layout=button_count&amp;show_faces=false&amp;width=105&amp;action=like&amp;colorscheme=light&amp;height=21\"><\/iframe><\/li>\n<li class=\"td-classic-twitter\"><a href=\"https:\/\/twitter.com\/share\" class=\"twitter-share-button\" data-url=\"https:\/\/www.tvbuzau.ro\/s-au-redeschis-si-santierele-pe-strazile-buzoiene\/\" data-text=\"S-au redeschis \u0219i \u0219antierele pe str\u0103zile buzoiene\" data-via data-lang=\"en\">tweet<\/a><\/li>\n<\/ul>\n<\/div>\n<\/div>\n<div class=\"td-post-content\">\n<div class=\"td-featured-image-rec\">\n<div class=\"wpb_video_wrapper\">\n                    <iframe loading=\"lazy\" id=\"td_youtube_player\" width=\"600\" height=\"560\" src=\"https:\/\/www.youtube.com\/embed\/Ew-QPEpKFEI?enablejsapi=1&amp;feature=oembed&amp;wmode=opaque&amp;vq=hd720\" frameborder allowfullscreen><\/iframe><\/p><\/div>\n<\/div>\n<p>\u00cencepe calvarul \u00een trafic<br \/>\nPrim\u0103ria Buz\u0103u desf\u0103\u015for\u0103 lucr\u0103ri ample  pe strada Fr\u0103sinet unde se reabiliteaz\u0103 parc\u0103rile \u0219i trotuarele, dup\u0103 care se va trece la reasfaltarea \u00eentregii str\u0103zi.<br \/>\n\u00cen acest an prim\u0103ria sper\u0103 s\u0103 asfalteze toate cele 14 str\u0103zi care ini\u021bial au fost prinse \u00een programul ,,Anghel Saligny\u201d, inclusiv str\u0103zile foarte importante pentru buzoieni: Calea Bucure\u0219ti (fost\u0103 \u0218oseaua Sp\u0103tarului), Strada Dr\u0103g\u0103icii, Bulevardele Mare\u0219al Alexandru Averescu, Stadionului \u0219i Nicolae Titulescu.<br \/>\nDe asemenea, dup\u0103 finalizarea trotuarelor pe Bulevardul Nicolae B\u0103lcescu, se va trece \u0219i la reasfaltarea acestei str\u0103zi.<br \/>\nPrim\u0103ria va \u00eencepe realizarea documenta\u021biei tehnice \u0219i a procedurilor de licita\u021bii pentru str\u0103zile care au avut cel mai mult de suferit \u00een urma lucr\u0103rilor de redimensionare a conductelor de ap\u0103 \u0219i ap\u0103 uzat\u0103 sau a \u00eenlocuirii conductelor de gaze, precum \u0219i pentru str\u0103zile care duc la obiectivele de investi\u021bii aflate \u00een lucru: Aqua Parkul \u0219i Centru pentru aport voluntar.<\/p>\n<div class=\"post-views post-118587 entry-meta\"><span class=\"post-views-label\">Post Views: <\/span><span class=\"post-views-count\">116<\/span><\/div>\n<\/div>\n<footer>\n<div class=\"td-post-sharing td-post-sharing-bottom td-with-like\"><span class=\"td-post-share-title\">DISTRIBUI\u021aI<\/span><\/p>\n<div class=\"td-default-sharing\"><a class=\"td-social-sharing-buttons td-social-facebook\" href=\"http:\/\/www.facebook.com\/sharer.php?u=https%3A%2F%2Fwww.tvbuzau.ro%2Fs-au-redeschis-si-santierele-pe-strazile-buzoiene%2F\"><\/p>\n<div class=\"td-social-but-text\">Facebook<\/div>\n<p><\/a><a class=\"td-social-sharing-buttons td-social-twitter\" href=\"https:\/\/twitter.com\/intent\/tweet?text=S-au+redeschis+%C8%99i+%C8%99antierele+pe+str%C4%83zile+buzoiene&amp;url=https%3A%2F%2Fwww.tvbuzau.ro%2Fs-au-redeschis-si-santierele-pe-strazile-buzoiene%2F&amp;via=TV+Buz%C4%83u\"><\/p>\n<div class=\"td-social-but-text\">Twitter<\/div>\n<p><\/a><\/div>\n<div class=\"td-classic-sharing\">\n<ul>\n<li class=\"td-classic-facebook\"><iframe frameborder src=\"https:\/\/www.facebook.com\/plugins\/like.php?href=https:\/\/www.tvbuzau.ro\/s-au-redeschis-si-santierele-pe-strazile-buzoiene\/&amp;layout=button_count&amp;show_faces=false&amp;width=105&amp;action=like&amp;colorscheme=light&amp;height=21\"><\/iframe><\/li>\n<li class=\"td-classic-twitter\"><a href=\"https:\/\/twitter.com\/share\" class=\"twitter-share-button\" data-url=\"https:\/\/www.tvbuzau.ro\/s-au-redeschis-si-santierele-pe-strazile-buzoiene\/\" data-text=\"S-au redeschis \u0219i \u0219antierele pe str\u0103zile buzoiene\" data-via data-lang=\"en\">tweet<\/a><\/li>\n<\/ul>\n<\/div>\n<\/div>\n<div class=\"td-author-name vcard author\"><span class=\"fn\"><a href=\"https:\/\/www.tvbuzau.ro\/author\/mihai-vasilescu\/\">TV Buz\u0103u<\/a><\/span><\/div>\n<p><span><\/span><span><span><\/span><\/span><span><\/span><\/footer>\n<\/article>\n<div class=\"td_block_wrap td_block_related_posts td_uid_1_69ccacfa4da98_rand td_with_ajax_pagination td-pb-border-top\" data-td-block-uid=\"td_uid_1_69ccacfa4da98\">\n<h4 class=\"td-related-title\"><a id=\"td_uid_2_69ccacfa52ebb\" class=\"td-related-left td-cur-simple-item\" data-td_filter_value data-td_block_id=\"td_uid_1_69ccacfa4da98\" href=\"https:\/\/www.tvbuzau.ro\/s-au-redeschis-si-santierele-pe-strazile-buzoiene\/\">ARTICOLE SIMILARE<\/a><a id=\"td_uid_3_69ccacfa52ef6\" class=\"td-related-right\" data-td_filter_value=\"td_related_more_from_author\" data-td_block_id=\"td_uid_1_69ccacfa4da98\" href=\"https:\/\/www.tvbuzau.ro\/s-au-redeschis-si-santierele-pe-strazile-buzoiene\/\">DE LA ACELA\u0218I AUTOR<\/a><\/h4>\n<div id=\"td_uid_1_69ccacfa4da98\" class=\"td_block_inner\">\n<div class=\"td-related-row\">\n<div class=\"td-related-span4\">\n<div class=\"td_module_related_posts td-animation-stack td_mod_related_posts\">\n<div class=\"td-module-image\">\n<div class=\"td-module-thumb\"><a href=\"https:\/\/www.tvbuzau.ro\/stop-incediilor-de-vegetatie-uscata\/\" rel=\"bookmark\" title=\"Stop incediilor de vegeta\u0163ie uscat\u0103\"><img loading=\"lazy\" decoding=\"async\" width=\"218\" height=\"150\" class=\"entry-thumb\" src=\"https:\/\/www.tvbuzau.ro\/wp-content\/uploads\/2026\/03\/hqdefault-60-218x150.jpg\" alt title=\"Stop incediilor de vegeta\u0163ie uscat\u0103\"><span class=\"td-video-play-ico\"><img loading=\"lazy\" decoding=\"async\" width=\"40\" height=\"40\" class=\"td-retina\" src=\"https:\/\/www.tvbuzau.ro\/wp-content\/themes\/Newspaper\/images\/icons\/ico-video-large.png\" alt=\"video\"><\/span><\/a><\/div>\n<p><a href=\"https:\/\/www.tvbuzau.ro\/category\/actualitate\/\" class=\"td-post-category\">Actualitate<\/a><\/div>\n<div class=\"item-details\">\n<h3 class=\"entry-title td-module-title\"><a href=\"https:\/\/www.tvbuzau.ro\/stop-incediilor-de-vegetatie-uscata\/\" rel=\"bookmark\" title=\"Stop incediilor de vegeta\u0163ie uscat\u0103\">Stop incediilor de vegeta\u0163ie uscat\u0103<\/a><\/h3>\n<\/div>\n<\/div>\n<\/div>\n<div class=\"td-related-span4\">\n<div class=\"td_module_related_posts td-animation-stack td_mod_related_posts\">\n<div class=\"td-module-image\">\n<div class=\"td-module-thumb\"><a href=\"https:\/\/www.tvbuzau.ro\/marcel-ciolacu-in-vizita-la-ramnicu-sarat-si-in-comuna-grebanu\/\" rel=\"bookmark\" title=\"Marcel Ciolacu \u00een vizit\u0103 la  R\u00e2mnicu S\u0103rat \u0219i \u00een comuna Greb\u0103nu\"><img loading=\"lazy\" decoding=\"async\" width=\"218\" height=\"150\" class=\"entry-thumb\" src=\"https:\/\/www.tvbuzau.ro\/wp-content\/uploads\/2026\/03\/hqdefault-59-218x150.jpg\" alt title=\"Marcel Ciolacu \u00een vizit\u0103 la  R\u00e2mnicu S\u0103rat \u0219i \u00een comuna Greb\u0103nu\"><span class=\"td-video-play-ico\"><img loading=\"lazy\" decoding=\"async\" width=\"40\" height=\"40\" class=\"td-retina\" src=\"https:\/\/www.tvbuzau.ro\/wp-content\/themes\/Newspaper\/images\/icons\/ico-video-large.png\" alt=\"video\"><\/span><\/a><\/div>\n<p><a href=\"https:\/\/www.tvbuzau.ro\/category\/actualitate\/\" class=\"td-post-category\">Actualitate<\/a><\/div>\n<div class=\"item-details\">\n<h3 class=\"entry-title td-module-title\"><a href=\"https:\/\/www.tvbuzau.ro\/marcel-ciolacu-in-vizita-la-ramnicu-sarat-si-in-comuna-grebanu\/\" rel=\"bookmark\" title=\"Marcel Ciolacu \u00een vizit\u0103 la  R\u00e2mnicu S\u0103rat \u0219i \u00een comuna Greb\u0103nu\">Marcel Ciolacu \u00een vizit\u0103 la  R\u00e2mnicu S\u0103rat \u0219i \u00een comuna Greb\u0103nu<\/a><\/h3>\n<\/div>\n<\/div>\n<\/div>\n<div class=\"td-related-span4\">\n<div class=\"td_module_related_posts td-animation-stack td_mod_related_posts\">\n<div class=\"td-module-image\">\n<div class=\"td-module-thumb\"><a href=\"https:\/\/www.tvbuzau.ro\/consiliul-judetean-ar-putea-disponibiliza-personal\/\" rel=\"bookmark\" title=\"Consiliul Jude\u0163ean ar putea disponibiliza personal\"><img loading=\"lazy\" decoding=\"async\" width=\"218\" height=\"150\" class=\"entry-thumb\" src=\"https:\/\/www.tvbuzau.ro\/wp-content\/uploads\/2026\/03\/sddefault-59-218x150.jpg\" alt title=\"Consiliul Jude\u0163ean ar putea disponibiliza personal\"><span class=\"td-video-play-ico\"><img loading=\"lazy\" decoding=\"async\" width=\"40\" height=\"40\" class=\"td-retina\" src=\"https:\/\/www.tvbuzau.ro\/wp-content\/themes\/Newspaper\/images\/icons\/ico-video-large.png\" alt=\"video\"><\/span><\/a><\/div>\n<p><a href=\"https:\/\/www.tvbuzau.ro\/category\/actualitate\/\" class=\"td-post-category\">Actualitate<\/a><\/div>\n<div class=\"item-details\">\n<h3 class=\"entry-title td-module-title\"><a href=\"https:\/\/www.tvbuzau.ro\/consiliul-judetean-ar-putea-disponibiliza-personal\/\" rel=\"bookmark\" title=\"Consiliul Jude\u0163ean ar putea disponibiliza personal\">Consiliul Jude\u0163ean ar putea disponibiliza personal<\/a><\/h3>\n<\/div>\n<\/div>\n<\/div>\n<\/div>\n<div class=\"td-related-row\">\n<div class=\"td-related-span4\">\n<div class=\"td_module_related_posts td-animation-stack td_mod_related_posts\">\n<div class=\"td-module-image\">\n<div class=\"td-module-thumb\"><a href=\"https:\/\/www.tvbuzau.ro\/rata-somajului-usor-in-scadere\/\" rel=\"bookmark\" title=\"Rata \u015fomajului u\u015for \u00een sc\u0103dere\"><img loading=\"lazy\" decoding=\"async\" width=\"218\" height=\"150\" class=\"entry-thumb\" src=\"https:\/\/www.tvbuzau.ro\/wp-content\/uploads\/2026\/03\/hqdefault-58-218x150.jpg\" alt title=\"Rata \u015fomajului u\u015for \u00een sc\u0103dere\"><span class=\"td-video-play-ico\"><img loading=\"lazy\" decoding=\"async\" width=\"40\" height=\"40\" class=\"td-retina\" src=\"https:\/\/www.tvbuzau.ro\/wp-content\/themes\/Newspaper\/images\/icons\/ico-video-large.png\" alt=\"video\"><\/span><\/a><\/div>\n<p><a href=\"https:\/\/www.tvbuzau.ro\/category\/actualitate\/\" class=\"td-post-category\">Actualitate<\/a><\/div>\n<div class=\"item-details\">\n<h3 class=\"entry-title td-module-title\"><a href=\"https:\/\/www.tvbuzau.ro\/rata-somajului-usor-in-scadere\/\" rel=\"bookmark\" title=\"Rata \u015fomajului u\u015for \u00een sc\u0103dere\">Rata \u015fomajului u\u015for \u00een sc\u0103dere<\/a><\/h3>\n<\/div>\n<\/div>\n<\/div>\n<div class=\"td-related-span4\">\n<div class=\"td_module_related_posts td-animation-stack td_mod_related_posts\">\n<div class=\"td-module-image\">\n<div class=\"td-module-thumb\"><a href=\"https:\/\/www.tvbuzau.ro\/alunecari-de-teren-dupa-ultimele-precipitatii\/\" rel=\"bookmark\" title=\"Alunec\u0103ri de teren dup\u0103 ultimele precipita\u0163ii\"><img loading=\"lazy\" decoding=\"async\" width=\"218\" height=\"150\" class=\"entry-thumb\" src=\"https:\/\/www.tvbuzau.ro\/wp-content\/uploads\/2026\/03\/hqdefault-57-218x150.jpg\" alt title=\"Alunec\u0103ri de teren dup\u0103 ultimele precipita\u0163ii\"><span class=\"td-video-play-ico\"><img loading=\"lazy\" decoding=\"async\" width=\"40\" height=\"40\" class=\"td-retina\" src=\"https:\/\/www.tvbuzau.ro\/wp-content\/themes\/Newspaper\/images\/icons\/ico-video-large.png\" alt=\"video\"><\/span><\/a><\/div>\n<p><a href=\"https:\/\/www.tvbuzau.ro\/category\/actualitate\/\" class=\"td-post-category\">Actualitate<\/a><\/div>\n<div class=\"item-details\">\n<h3 class=\"entry-title td-module-title\"><a href=\"https:\/\/www.tvbuzau.ro\/alunecari-de-teren-dupa-ultimele-precipitatii\/\" rel=\"bookmark\" title=\"Alunec\u0103ri de teren dup\u0103 ultimele precipita\u0163ii\">Alunec\u0103ri de teren dup\u0103 ultimele precipita\u0163ii<\/a><\/h3>\n<\/div>\n<\/div>\n<\/div>\n<div class=\"td-related-span4\">\n<div class=\"td_module_related_posts td-animation-stack td_mod_related_posts\">\n<div class=\"td-module-image\">\n<div class=\"td-module-thumb\"><a href=\"https:\/\/www.tvbuzau.ro\/sute-de-oameni-la-marsul-pentru-viata\/\" rel=\"bookmark\" title=\"Sute de oameni la \u201eMar\u015ful pentru via\u0163\u0103\u201d\"><img loading=\"lazy\" decoding=\"async\" width=\"218\" height=\"150\" class=\"entry-thumb\" src=\"https:\/\/www.tvbuzau.ro\/wp-content\/uploads\/2026\/03\/hqdefault-56-218x150.jpg\" alt title=\"Sute de oameni la \u201eMar\u015ful pentru via\u0163\u0103\u201d\"><span class=\"td-video-play-ico\"><img loading=\"lazy\" decoding=\"async\" width=\"40\" height=\"40\" class=\"td-retina\" src=\"https:\/\/www.tvbuzau.ro\/wp-content\/themes\/Newspaper\/images\/icons\/ico-video-large.png\" alt=\"video\"><\/span><\/a><\/div>\n<p><a href=\"https:\/\/www.tvbuzau.ro\/category\/actualitate\/\" class=\"td-post-category\">Actualitate<\/a><\/div>\n<div class=\"item-details\">\n<h3 class=\"entry-title td-module-title\"><a href=\"https:\/\/www.tvbuzau.ro\/sute-de-oameni-la-marsul-pentru-viata\/\" rel=\"bookmark\" title=\"Sute de oameni la \u201eMar\u015ful pentru via\u0163\u0103\u201d\">Sute de oameni la \u201eMar\u015ful pentru via\u0163\u0103\u201d<\/a><\/h3>\n<\/div>\n<\/div>\n<\/div>\n<\/div>\n<\/div>\n<\/div>\n<div class=\"comments\" id=\"comments\">\n<div id=\"respond\" class=\"comment-respond\">\n<h3 id=\"reply-title\" class=\"comment-reply-title\">L\u0102SA\u021aI UN MESAJ <small><a rel=\"nofollow\" id=\"cancel-comment-reply-link\" href=\"https:\/\/www.tvbuzau.ro\/s-au-redeschis-si-santierele-pe-strazile-buzoiene\/#respond\">Renun\u021ba\u021bi la r\u0103spuns<\/a><\/small><\/h3>\n<\/div>\n<\/div>\n<\/div>\n<div class=\"td-post-content\">\n<div class=\"td-featured-image-rec\">\n<div class=\"wpb_video_wrapper\">\n                    <iframe loading=\"lazy\" id=\"td_youtube_player\" width=\"600\" height=\"560\" src=\"https:\/\/www.youtube.com\/embed\/Ew-QPEpKFEI?enablejsapi=1&amp;feature=oembed&amp;wmode=opaque&amp;vq=hd720\" frameborder allowfullscreen><\/iframe><\/p><\/div>\n<\/div>\n<p>\u00cencepe calvarul \u00een trafic<br \/>\nPrim\u0103ria Buz\u0103u desf\u0103\u015for\u0103 lucr\u0103ri ample  pe strada Fr\u0103sinet unde se reabiliteaz\u0103 parc\u0103rile \u0219i trotuarele, dup\u0103 care se va trece la reasfaltarea \u00eentregii str\u0103zi.<br \/>\n\u00cen acest an prim\u0103ria sper\u0103 s\u0103 asfalteze toate cele 14 str\u0103zi care ini\u021bial au fost prinse \u00een programul ,,Anghel Saligny\u201d, inclusiv str\u0103zile foarte importante pentru buzoieni: Calea Bucure\u0219ti (fost\u0103 \u0218oseaua Sp\u0103tarului), Strada Dr\u0103g\u0103icii, Bulevardele Mare\u0219al Alexandru Averescu, Stadionului \u0219i Nicolae Titulescu.<br \/>\nDe asemenea, dup\u0103 finalizarea trotuarelor pe Bulevardul Nicolae B\u0103lcescu, se va trece \u0219i la reasfaltarea acestei str\u0103zi.<br \/>\nPrim\u0103ria va \u00eencepe realizarea documenta\u021biei tehnice \u0219i a procedurilor de licita\u021bii pentru str\u0103zile care au avut cel mai mult de suferit \u00een urma lucr\u0103rilor de redimensionare a conductelor de ap\u0103 \u0219i ap\u0103 uzat\u0103 sau a \u00eenlocuirii conductelor de gaze, precum \u0219i pentru str\u0103zile care duc la obiectivele de investi\u021bii aflate \u00een lucru: Aqua Parkul \u0219i Centru pentru aport voluntar.<\/p>\n<div class=\"post-views post-118587 entry-meta\"><span class=\"post-views-label\">Post Views: <\/span><span class=\"post-views-count\">116<\/span><\/div>\n<\/div>\n<p>[analyse_source url=&#8221;https:\/\/www.tvbuzau.ro\/s-au-redeschis-si-santierele-pe-strazile-buzoiene\/&#8221;]<\/p>\n","protected":false},"excerpt":{"rendered":"<p>[analyse_image type=&#8221;featured&#8221; src=&#8221;https:\/\/www.tvbuzau.ro\/wp-content\/uploads\/2026\/03\/hqdefault-61.jpghttps:\/\/www.tvbuzau.ro\/wp-content\/uploads\/2026\/03\/hqdefault-61.jpg&#8221;] Actualitate S-au redeschis \u0219i \u0219antierele pe str\u0103zile buzoiene De c\u0103tre TV Buz\u0103u &#8211; martie 31, 2026 0 16 Distribui\u021bi pe Facebook Distribui\u021bi pe Twitter tweet \u00cencepe calvarul \u00een trafic Prim\u0103ria Buz\u0103u desf\u0103\u015for\u0103 lucr\u0103ri ample pe strada Fr\u0103sinet unde se reabiliteaz\u0103 parc\u0103rile \u0219i trotuarele, dup\u0103 care se va trece la reasfaltarea \u00eentregii str\u0103zi. [&hellip;]<\/p>\n","protected":false},"author":1,"featured_media":0,"comment_status":"open","ping_status":"","sticky":false,"template":"","format":"standard","meta":{"footnotes":""},"categories":[2],"tags":[226,116],"class_list":["post-1858527","post","type-post","status-publish","format-standard","hentry","category-politics","tag-crawlmanager","tag-tvbuzau-ro"],"_links":{"self":[{"href":"https:\/\/analyse.optim.biz\/index.php?rest_route=\/wp\/v2\/posts\/1858527","targetHints":{"allow":["GET"]}}],"collection":[{"href":"https:\/\/analyse.optim.biz\/index.php?rest_route=\/wp\/v2\/posts"}],"about":[{"href":"https:\/\/analyse.optim.biz\/index.php?rest_route=\/wp\/v2\/types\/post"}],"author":[{"embeddable":true,"href":"https:\/\/analyse.optim.biz\/index.php?rest_route=\/wp\/v2\/users\/1"}],"replies":[{"embeddable":true,"href":"https:\/\/analyse.optim.biz\/index.php?rest_route=%2Fwp%2Fv2%2Fcomments&post=1858527"}],"version-history":[{"count":0,"href":"https:\/\/analyse.optim.biz\/index.php?rest_route=\/wp\/v2\/posts\/1858527\/revisions"}],"wp:attachment":[{"href":"https:\/\/analyse.optim.biz\/index.php?rest_route=%2Fwp%2Fv2%2Fmedia&parent=1858527"}],"wp:term":[{"taxonomy":"category","embeddable":true,"href":"https:\/\/analyse.optim.biz\/index.php?rest_route=%2Fwp%2Fv2%2Fcategories&post=1858527"},{"taxonomy":"post_tag","embeddable":true,"href":"https:\/\/analyse.optim.biz\/index.php?rest_route=%2Fwp%2Fv2%2Ftags&post=1858527"}],"curies":[{"name":"wp","href":"https:\/\/api.w.org\/{rel}","templated":true}]}}