{"id":1858512,"date":"2026-03-30T14:59:44","date_gmt":"2026-03-30T11:59:44","guid":{"rendered":"https:\/\/analyse.optim.biz\/?p=1858512"},"modified":"2026-03-30T14:59:44","modified_gmt":"2026-03-30T11:59:44","slug":"sute-de-posturi-dispar-din-organigramele-primariei-buzau-si-ale-consiliului-judetean-cine-tremura-la-anuntul-privind-concedierile","status":"publish","type":"post","link":"https:\/\/analyse.optim.biz\/?p=1858512","title":{"rendered":"Sute de posturi dispar din organigramele Prim\u0103riei Buz\u0103u \u0219i ale Consiliului Jude\u021bean. Cine tremur\u0103 la anun\u021bul privind concedierile"},"content":{"rendered":"<p>[analyse_image type=&#8221;featured&#8221; src=&#8221;https:\/\/sansanews.ro\/wp-content\/uploads\/2026\/03\/WhatsApp-Image-2026-03-30-at-18.01.34.jpghttps:\/\/sansanews.ro\/wp-content\/uploads\/2026\/03\/WhatsApp-Image-2026-03-30-at-18.01.34.jpg&#8221;]<\/p>\n<div class=\"entry-content herald-entry-content\">\n<p>Administra\u021biile locale \u0219i jude\u021bene din Buz\u0103u au \u00eenceput demersurile pentru aplicarea m\u0103surilor de reorganizare stabilite de Guvern, care prev\u0103d reducerea cheltuielilor prin diminuarea cu 30% a num\u0103rului de posturi. At\u00e2t Prim\u0103ria Buz\u0103u, c\u00e2t \u0219i Consiliul Jude\u021bean au realizat primele calcule, incluse \u00een proiecte de hot\u0103r\u00e2re ce stabilesc num\u0103rul maxim de posturi pentru fiecare institu\u021bie. Aceste proiecte urmeaz\u0103 s\u0103 fie dezb\u0103tute \u0219i votate \u00een \u0219edin\u021bele programate mar\u021bi, 31 martie 2026.<\/p>\n<p>La nivelul Consiliului Jude\u021bean Buz\u0103u, reducerea vizeaz\u0103 123 de posturi. Astfel, vor r\u0103m\u00e2ne 287 de posturi, la care se adaug\u0103 alte 85 din institu\u021biile subordonate ce nu sunt incluse \u00een aceast\u0103 etap\u0103, precum cele din domeniile culturii, artei, s\u0103n\u0103t\u0103\u021bii \u0219i protec\u021biei sociale<\/p>\n<ul>\n<li><strong>a) <\/strong>\u2013 31 posturi \u00een cadrul Serviciului public comunitar de eviden\u021b\u0103 a persoanelor cu personalitate juridic\u0103 (Direc\u021bia Jude\u021bean\u0103 de Eviden\u021b\u0103 a Persoanelor Buz\u0103u); <\/li>\n<li>b) 10 posturi pentru implementarea proiectelor finan\u021bate din fonduri externe nerambursabile, numai pentru perioada implement\u0103rii proiectelor, <\/li>\n<li>c) 43 posturi pentru implementarea proiectelor finan\u021bate din fonduri externe nerambursabile, care prev\u0103d, ca indicator de rezultat sau indicator de sustenabilitate postimplementare, \u00eenfiin\u021barea unor posturi, <\/li>\n<li>d) 1 post suplimentar privind organizarea \u0219i desf\u0103\u0219urarea activit\u0103\u021bii de neutralizare a de\u0219eurilor de origine animal\u0103.<\/li>\n<\/ul>\n<p>Este important de men\u021bionat c\u0103 reducerea de 30% nu implic\u0103, \u00een aceast\u0103 etap\u0103, concedieri. M\u0103sura se refer\u0103 doar la stabilirea num\u0103rului maxim de posturi din organigram\u0103, f\u0103r\u0103 ca angaja\u021bii actuali s\u0103 fie afecta\u021bi.<\/p>\n<p>Aceea\u0219i situa\u021bie \u0219i la Prim\u0103ria Buz\u0103u, unde, potrivit proiectului ce va fi supus m\u00e2ine votului, ar urma s\u0103 fie t\u0103iate 169 de posturi, ceea ce \u00eenseamn\u0103 c\u0103 \u00een organigrama prim\u0103riei vor r\u0103m\u00e2ne 394, din cele 563 existente \u00een prezent. <\/p>\n<p>La aceasta se vor ad\u0103uga alte 150, din alte servicii care nu intr\u0103 \u00een prima categorie.<\/p>\n<figure class=\"wp-block-image\"><img decoding=\"async\" src=\"https:\/\/sansanews.ro\/wp-content\/uploads\/2026\/03\/posturi.png\" alt class=\"wp-image-118659\"><figcaption>Extras proiect de hot\u0103r\u00e2re<\/figcaption><\/figure>\n<p>\u0218i la Prim\u0103ria Buz\u0103u, la fel ca la CJ, t\u0103ierile vor fi doar pe h\u00e2rtie, nefiind urmate de concedieri. Nu va pleca nimeni acas\u0103, mai ales c\u0103, din cele 394 de posturi, care ar urma s\u0103 r\u0103m\u00e2n\u0103 dup\u0103 t\u0103ierea de 30%, circa 80 vor fi tot neocupate.<\/p>\n<p>\u00cens\u0103, situa\u021bia ar putea fi alta la Poli\u021bia Local\u0103. Prim\u0103ria Buz\u0103u a anun\u021bat c\u0103 lucreaz\u0103 la o nou\u0103 organigram\u0103, care va include modific\u0103ri la nivelul Poli\u021biei Locale, respectiv concedieri prin aplicarea noii reguli de un poli\u021bist local la 1 200 de locuitori.<\/p>\n<p>Reorganizarea posturilor din Prim\u0103ria Buz\u0103u \u0219i a aparatului de specialitate al Consiliului Jude\u021bean Buz\u0103u trebuie s\u0103 fie gata p\u00e2n\u0103 cel mai t\u00e2rziu la data de 1 iulie 2026. \u00centre timp, sindicatele subliniaz\u0103 c\u0103 reorganizarea administra\u021biei locale nu oblig\u0103 primarii \u0219i pre\u0219edin\u021bii de CJ s\u0103 recurg\u0103 automat la disponibiliz\u0103ri \u0219i atrag aten\u021bia autorit\u0103\u021bilor c\u0103 trebuie s\u0103 analizeze serios modul \u00een care interpreteaz\u0103 \u0219i aplic\u0103 prevederile Ordonan\u021bei Guvernului.<\/p>\n<div class=\"meta-tags\"><span>Etichete<\/span><a href=\"https:\/\/sansanews.ro\/tag\/consiliul-judetean-buzau\/\" rel=\"tag\">consiliul judetean buzau<\/a><a href=\"https:\/\/sansanews.ro\/tag\/posturi-taiate\/\" rel=\"tag\">posturi t\u0103iate<\/a><a href=\"https:\/\/sansanews.ro\/tag\/primaria-buzau\/\" rel=\"tag\">Prim\u0103ria Buz\u0103u<\/a><a href=\"https:\/\/sansanews.ro\/tag\/reorganizare\/\" rel=\"tag\">reorganizare<\/a><\/div>\n<div class=\"herald-share-content\">\n<div class=\"meks_ess rectangle no-labels outline\"><a class=\"meks_ess-item socicon-facebook\" data-url=\"http:\/\/www.facebook.com\/sharer\/sharer.php?u=https%3A%2F%2Fsansanews.ro%2Fsute-de-posturi-dispar-din-organigramele-primariei-buzau-si-ale-consiliului-judetean-cine-tremura-la-anuntul-privind-concedierile%2F&amp;t=Sute%20de%20posturi%20dispar%20din%20organigramele%20Prim%C4%83riei%20Buz%C4%83u%20%C8%99i%20ale%20Consiliului%20Jude%C8%9Bean.%20Cine%20tremur%C4%83%20la%20anun%C8%9Bul%20privind%20concedierile\"><span>Facebook<\/span><\/a><a href=\"https:\/\/api.whatsapp.com\/send?text=Sute%20de%20posturi%20dispar%20din%20organigramele%20Prim%C4%83riei%20Buz%C4%83u%20%C8%99i%20ale%20Consiliului%20Jude%C8%9Bean.%20Cine%20tremur%C4%83%20la%20anun%C8%9Bul%20privind%20concedierile%20https%3A%2F%2Fsansanews.ro%2Fsute-de-posturi-dispar-din-organigramele-primariei-buzau-si-ale-consiliului-judetean-cine-tremura-la-anuntul-privind-concedierile%2F\" class=\"meks_ess-item socicon-whatsapp prevent-share-popup\"><span>WhatsApp<\/span><\/a><a class=\"meks_ess-item socicon-twitter\" data-url=\"http:\/\/twitter.com\/intent\/tweet?url=https%3A%2F%2Fsansanews.ro%2Fsute-de-posturi-dispar-din-organigramele-primariei-buzau-si-ale-consiliului-judetean-cine-tremura-la-anuntul-privind-concedierile%2F&amp;text=Sute%20de%20posturi%20dispar%20din%20organigramele%20Prim%C4%83riei%20Buz%C4%83u%20%C8%99i%20ale%20Consiliului%20Jude%C8%9Bean.%20Cine%20tremur%C4%83%20la%20anun%C8%9Bul%20privind%20concedierile\"><span>Twitter<\/span><\/a><a class=\"meks_ess-item socicon-pinterest\" data-url=\"http:\/\/pinterest.com\/pin\/create\/button\/?url=https%3A%2F%2Fsansanews.ro%2Fsute-de-posturi-dispar-din-organigramele-primariei-buzau-si-ale-consiliului-judetean-cine-tremura-la-anuntul-privind-concedierile%2F&amp;media=https%3A%2F%2Fsansanews.ro%2Fwp-content%2Fuploads%2F2026%2F03%2FWhatsApp-Image-2026-03-30-at-18.01.34.jpg&amp;description=Sute%20de%20posturi%20dispar%20din%20organigramele%20Prim%C4%83riei%20Buz%C4%83u%20%C8%99i%20ale%20Consiliului%20Jude%C8%9Bean.%20Cine%20tremur%C4%83%20la%20anun%C8%9Bul%20privind%20concedierile\"><span>Pinterest<\/span><\/a><\/div>\n<\/div>\n<\/div>\n<div class=\"entry-content herald-entry-content\">\n<p>Administra\u021biile locale \u0219i jude\u021bene din Buz\u0103u au \u00eenceput demersurile pentru aplicarea m\u0103surilor de reorganizare stabilite de Guvern, care prev\u0103d reducerea cheltuielilor prin diminuarea cu 30% a num\u0103rului de posturi. At\u00e2t Prim\u0103ria Buz\u0103u, c\u00e2t \u0219i Consiliul Jude\u021bean au realizat primele calcule, incluse \u00een proiecte de hot\u0103r\u00e2re ce stabilesc num\u0103rul maxim de posturi pentru fiecare institu\u021bie. Aceste proiecte urmeaz\u0103 s\u0103 fie dezb\u0103tute \u0219i votate \u00een \u0219edin\u021bele programate mar\u021bi, 31 martie 2026.<\/p>\n<p>La nivelul Consiliului Jude\u021bean Buz\u0103u, reducerea vizeaz\u0103 123 de posturi. Astfel, vor r\u0103m\u00e2ne 287 de posturi, la care se adaug\u0103 alte 85 din institu\u021biile subordonate ce nu sunt incluse \u00een aceast\u0103 etap\u0103, precum cele din domeniile culturii, artei, s\u0103n\u0103t\u0103\u021bii \u0219i protec\u021biei sociale<\/p>\n<ul>\n<li><strong>a) <\/strong>\u2013 31 posturi \u00een cadrul Serviciului public comunitar de eviden\u021b\u0103 a persoanelor cu personalitate juridic\u0103 (Direc\u021bia Jude\u021bean\u0103 de Eviden\u021b\u0103 a Persoanelor Buz\u0103u); <\/li>\n<li>b) 10 posturi pentru implementarea proiectelor finan\u021bate din fonduri externe nerambursabile, numai pentru perioada implement\u0103rii proiectelor, <\/li>\n<li>c) 43 posturi pentru implementarea proiectelor finan\u021bate din fonduri externe nerambursabile, care prev\u0103d, ca indicator de rezultat sau indicator de sustenabilitate postimplementare, \u00eenfiin\u021barea unor posturi, <\/li>\n<li>d) 1 post suplimentar privind organizarea \u0219i desf\u0103\u0219urarea activit\u0103\u021bii de neutralizare a de\u0219eurilor de origine animal\u0103.<\/li>\n<\/ul>\n<p>Este important de men\u021bionat c\u0103 reducerea de 30% nu implic\u0103, \u00een aceast\u0103 etap\u0103, concedieri. M\u0103sura se refer\u0103 doar la stabilirea num\u0103rului maxim de posturi din organigram\u0103, f\u0103r\u0103 ca angaja\u021bii actuali s\u0103 fie afecta\u021bi.<\/p>\n<p>Aceea\u0219i situa\u021bie \u0219i la Prim\u0103ria Buz\u0103u, unde, potrivit proiectului ce va fi supus m\u00e2ine votului, ar urma s\u0103 fie t\u0103iate 169 de posturi, ceea ce \u00eenseamn\u0103 c\u0103 \u00een organigrama prim\u0103riei vor r\u0103m\u00e2ne 394, din cele 563 existente \u00een prezent. <\/p>\n<p>La aceasta se vor ad\u0103uga alte 150, din alte servicii care nu intr\u0103 \u00een prima categorie.<\/p>\n<figure class=\"wp-block-image\"><img decoding=\"async\" src=\"https:\/\/sansanews.ro\/wp-content\/uploads\/2026\/03\/posturi.png\" alt class=\"wp-image-118659\"><figcaption>Extras proiect de hot\u0103r\u00e2re<\/figcaption><\/figure>\n<p>\u0218i la Prim\u0103ria Buz\u0103u, la fel ca la CJ, t\u0103ierile vor fi doar pe h\u00e2rtie, nefiind urmate de concedieri. Nu va pleca nimeni acas\u0103, mai ales c\u0103, din cele 394 de posturi, care ar urma s\u0103 r\u0103m\u00e2n\u0103 dup\u0103 t\u0103ierea de 30%, circa 80 vor fi tot neocupate.<\/p>\n<p>\u00cens\u0103, situa\u021bia ar putea fi alta la Poli\u021bia Local\u0103. Prim\u0103ria Buz\u0103u a anun\u021bat c\u0103 lucreaz\u0103 la o nou\u0103 organigram\u0103, care va include modific\u0103ri la nivelul Poli\u021biei Locale, respectiv concedieri prin aplicarea noii reguli de un poli\u021bist local la 1 200 de locuitori.<\/p>\n<p>Reorganizarea posturilor din Prim\u0103ria Buz\u0103u \u0219i a aparatului de specialitate al Consiliului Jude\u021bean Buz\u0103u trebuie s\u0103 fie gata p\u00e2n\u0103 cel mai t\u00e2rziu la data de 1 iulie 2026. \u00centre timp, sindicatele subliniaz\u0103 c\u0103 reorganizarea administra\u021biei locale nu oblig\u0103 primarii \u0219i pre\u0219edin\u021bii de CJ s\u0103 recurg\u0103 automat la disponibiliz\u0103ri \u0219i atrag aten\u021bia autorit\u0103\u021bilor c\u0103 trebuie s\u0103 analizeze serios modul \u00een care interpreteaz\u0103 \u0219i aplic\u0103 prevederile Ordonan\u021bei Guvernului.<\/p>\n<div class=\"meta-tags\"><span>Etichete<\/span><a href=\"https:\/\/sansanews.ro\/tag\/consiliul-judetean-buzau\/\" rel=\"tag\">consiliul judetean buzau<\/a><a href=\"https:\/\/sansanews.ro\/tag\/posturi-taiate\/\" rel=\"tag\">posturi t\u0103iate<\/a><a href=\"https:\/\/sansanews.ro\/tag\/primaria-buzau\/\" rel=\"tag\">Prim\u0103ria Buz\u0103u<\/a><a href=\"https:\/\/sansanews.ro\/tag\/reorganizare\/\" rel=\"tag\">reorganizare<\/a><\/div>\n<div class=\"herald-share-content\">\n<div class=\"meks_ess rectangle no-labels outline\"><a class=\"meks_ess-item socicon-facebook\" data-url=\"http:\/\/www.facebook.com\/sharer\/sharer.php?u=https%3A%2F%2Fsansanews.ro%2Fsute-de-posturi-dispar-din-organigramele-primariei-buzau-si-ale-consiliului-judetean-cine-tremura-la-anuntul-privind-concedierile%2F&amp;t=Sute%20de%20posturi%20dispar%20din%20organigramele%20Prim%C4%83riei%20Buz%C4%83u%20%C8%99i%20ale%20Consiliului%20Jude%C8%9Bean.%20Cine%20tremur%C4%83%20la%20anun%C8%9Bul%20privind%20concedierile\"><span>Facebook<\/span><\/a><a href=\"https:\/\/api.whatsapp.com\/send?text=Sute%20de%20posturi%20dispar%20din%20organigramele%20Prim%C4%83riei%20Buz%C4%83u%20%C8%99i%20ale%20Consiliului%20Jude%C8%9Bean.%20Cine%20tremur%C4%83%20la%20anun%C8%9Bul%20privind%20concedierile%20https%3A%2F%2Fsansanews.ro%2Fsute-de-posturi-dispar-din-organigramele-primariei-buzau-si-ale-consiliului-judetean-cine-tremura-la-anuntul-privind-concedierile%2F\" class=\"meks_ess-item socicon-whatsapp prevent-share-popup\"><span>WhatsApp<\/span><\/a><a class=\"meks_ess-item socicon-twitter\" data-url=\"http:\/\/twitter.com\/intent\/tweet?url=https%3A%2F%2Fsansanews.ro%2Fsute-de-posturi-dispar-din-organigramele-primariei-buzau-si-ale-consiliului-judetean-cine-tremura-la-anuntul-privind-concedierile%2F&amp;text=Sute%20de%20posturi%20dispar%20din%20organigramele%20Prim%C4%83riei%20Buz%C4%83u%20%C8%99i%20ale%20Consiliului%20Jude%C8%9Bean.%20Cine%20tremur%C4%83%20la%20anun%C8%9Bul%20privind%20concedierile\"><span>Twitter<\/span><\/a><a class=\"meks_ess-item socicon-pinterest\" data-url=\"http:\/\/pinterest.com\/pin\/create\/button\/?url=https%3A%2F%2Fsansanews.ro%2Fsute-de-posturi-dispar-din-organigramele-primariei-buzau-si-ale-consiliului-judetean-cine-tremura-la-anuntul-privind-concedierile%2F&amp;media=https%3A%2F%2Fsansanews.ro%2Fwp-content%2Fuploads%2F2026%2F03%2FWhatsApp-Image-2026-03-30-at-18.01.34.jpg&amp;description=Sute%20de%20posturi%20dispar%20din%20organigramele%20Prim%C4%83riei%20Buz%C4%83u%20%C8%99i%20ale%20Consiliului%20Jude%C8%9Bean.%20Cine%20tremur%C4%83%20la%20anun%C8%9Bul%20privind%20concedierile\"><span>Pinterest<\/span><\/a><\/div>\n<\/div>\n<\/div>\n<p>[analyse_source url=&#8221;https:\/\/sansanews.ro\/sute-de-posturi-dispar-din-organigramele-primariei-buzau-si-ale-consiliului-judetean-cine-tremura-la-anuntul-privind-concedierile\/&#8221;]<\/p>\n","protected":false},"excerpt":{"rendered":"<p>[analyse_image type=&#8221;featured&#8221; src=&#8221;https:\/\/sansanews.ro\/wp-content\/uploads\/2026\/03\/WhatsApp-Image-2026-03-30-at-18.01.34.jpghttps:\/\/sansanews.ro\/wp-content\/uploads\/2026\/03\/WhatsApp-Image-2026-03-30-at-18.01.34.jpg&#8221;] Administra\u021biile locale \u0219i jude\u021bene din Buz\u0103u au \u00eenceput demersurile pentru aplicarea m\u0103surilor de reorganizare stabilite de Guvern, care prev\u0103d reducerea cheltuielilor prin diminuarea cu 30% a num\u0103rului de posturi. At\u00e2t Prim\u0103ria Buz\u0103u, c\u00e2t \u0219i Consiliul Jude\u021bean au realizat primele calcule, incluse \u00een proiecte de hot\u0103r\u00e2re ce stabilesc num\u0103rul maxim de posturi pentru [&hellip;]<\/p>\n","protected":false},"author":1,"featured_media":0,"comment_status":"open","ping_status":"","sticky":false,"template":"","format":"standard","meta":{"footnotes":""},"categories":[2],"tags":[226,51],"class_list":["post-1858512","post","type-post","status-publish","format-standard","hentry","category-politics","tag-crawlmanager","tag-sansanews-ro"],"_links":{"self":[{"href":"https:\/\/analyse.optim.biz\/index.php?rest_route=\/wp\/v2\/posts\/1858512","targetHints":{"allow":["GET"]}}],"collection":[{"href":"https:\/\/analyse.optim.biz\/index.php?rest_route=\/wp\/v2\/posts"}],"about":[{"href":"https:\/\/analyse.optim.biz\/index.php?rest_route=\/wp\/v2\/types\/post"}],"author":[{"embeddable":true,"href":"https:\/\/analyse.optim.biz\/index.php?rest_route=\/wp\/v2\/users\/1"}],"replies":[{"embeddable":true,"href":"https:\/\/analyse.optim.biz\/index.php?rest_route=%2Fwp%2Fv2%2Fcomments&post=1858512"}],"version-history":[{"count":0,"href":"https:\/\/analyse.optim.biz\/index.php?rest_route=\/wp\/v2\/posts\/1858512\/revisions"}],"wp:attachment":[{"href":"https:\/\/analyse.optim.biz\/index.php?rest_route=%2Fwp%2Fv2%2Fmedia&parent=1858512"}],"wp:term":[{"taxonomy":"category","embeddable":true,"href":"https:\/\/analyse.optim.biz\/index.php?rest_route=%2Fwp%2Fv2%2Fcategories&post=1858512"},{"taxonomy":"post_tag","embeddable":true,"href":"https:\/\/analyse.optim.biz\/index.php?rest_route=%2Fwp%2Fv2%2Ftags&post=1858512"}],"curies":[{"name":"wp","href":"https:\/\/api.w.org\/{rel}","templated":true}]}}