{"id":1858509,"date":"2026-03-31T13:19:13","date_gmt":"2026-03-31T10:19:13","guid":{"rendered":"https:\/\/analyse.optim.biz\/?p=1858509"},"modified":"2026-03-31T13:19:13","modified_gmt":"2026-03-31T10:19:13","slug":"reabilitarea-seismica-a-celor-30-de-blocuri-pe-muchie-de-cutit-sedinta-tensionata-maine-cu-presedintii-de-asociatii-participa-si-toma-intre-timp-picamerele-sparg-foto-video","status":"publish","type":"post","link":"https:\/\/analyse.optim.biz\/?p=1858509","title":{"rendered":"Reabilitarea seismic\u0103 a celor 30 de blocuri pe muchie de cu\u021bit! \u0218edin\u021b\u0103 tensionat\u0103, m\u00e2ine, cu pre\u0219edin\u021bii de asocia\u021bii! Particip\u0103 \u0219i Toma! \u00centre timp, picamerele sparg (FOTO + VIDEO)"},"content":{"rendered":"<p>[analyse_image type=&#8221;featured&#8221; src=&#8221;https:\/\/sansanews.ro\/wp-content\/uploads\/2026\/03\/foto-bun.jpeghttps:\/\/sansanews.ro\/wp-content\/uploads\/2026\/03\/foto-bun.jpeg&#8221;]<\/p>\n<div class=\"entry-content herald-entry-content\">\n<p>Miercuri, la<br \/>\nora 10:00, primarul Constantin Toma va fi gazda unei \u00eent\u00e2lniri cu pre\u0219edin\u021bii<br \/>\nasocia\u021biilor de proprietari \u00een care se desf\u0103\u0219oar\u0103 lucr\u0103ri de consolidare<br \/>\ntermic\u0103 \u0219i seismic\u0103, o \u00eent\u00e2lnire care se anun\u021b\u0103 de pe acum una tensionat\u0103. Ini\u021biativa municipalit\u0103\u021bii<br \/>\nde a ini\u021bia lucr\u0103ri de consolidare seismic\u0103 dup\u0103 ce oamenii au fost convin\u0219i<br \/>\ns\u0103-\u0219i dea acordul pentru reabilitare termic\u0103, a st\u00e2rnit un val de nemul\u021bumiri \u00een<br \/>\nr\u00e2ndul proprietarilor, care sus\u021bin acum c\u0103 au fost manipula\u021bi cu termini interpretabili,<br \/>\nprecum \u201creabilitarea integrat\u0103\u201d sau nici m\u0103car at\u00e2t. <\/p>\n<p>De\u0219i \u0219antierele au fost deja deschise la 30 de blocuri, mar\u021bi, primarul Constantin Toma a recunoscut c\u0103 proiectele de consolidare seismic\u0103 s-au lovit de refuzul categoric al unor proprietari, declara\u021bie care confirm\u0103 ceea ce noi deja am anun\u021bat <a href=\"https:\/\/sansanews.ro\/news-alert-30-de-blocuri-dintre-cele-mai-noi-incadrate-cu-risc-2-seismic-pentru-ca-acolo-erau-bani-oamenii-depusesera-pentru-reabilitare-energetica-un-lung-sir-de-dezinformari-le-a-facut-viata\/\">AICI<\/a> \u0219i anume c\u0103 expertizele \u0219i proiectele tehnice pentru reabilitare seismic\u0103 au fost comandate de Prim\u0103rie \u00eenainte de a ave aacordurile tuturor proprietarilor, a\u0219a cum prev\u0103d mai multe legi. <\/p>\n<p>Cadrul legislative<br \/>\nactual oblige \u00a0asocia\u021biile s\u0103 explice<br \/>\nclar ce lucr\u0103ri se fac \u0219i s\u0103 ia acordul fiec\u0103rui proprietar \u00een parte, exact cee<br \/>\nace oamenii sus\u021bin c\u0103 nu s-a \u00eent\u00e2mplat. \u00cen fapt, proprietarii apartamentelor<br \/>\ndin cele 30 de blocuri incluse de Prim\u0103rie \u00een acest program s-au trezit cu<br \/>\nblocuri \u00eencadrate la risc seismic gradul II, inclusiv cele din beton armat,<br \/>\nconstruite spre finalul regimului comunist, \u00een baza unor expertize despre care<br \/>\nnu au \u0219tiut.<\/p>\n<p>Situa\u021bia<br \/>\neste critic\u0103, deoarece odat\u0103 ce un bloc este declarat oficial cu risc seismic,<br \/>\nvaloarea apartamentelor scade drastic \u0219i , pe bun\u0103 dreptate, oameniis e se<br \/>\npl\u00e2ng c\u0103 nu-\u0219i mai pot vinde locuin\u021bele \u0219i nici nu mai pot ob\u021bine credite<br \/>\nbancare.<\/p>\n<p>Sim\u021bindu-se<br \/>\nmin\u021bi\u021bi \u0219i p\u0103gubi\u021bi, unii buzoieni au apelat deja la ajutor unui avocat, cum<br \/>\neste cazul blocului C3 Hasdeu, pe care \u00eei reprezint\u0103p avocatul Dorin B\u0103dulescu,<br \/>\npentru a-i da \u00een judecat\u0103 pe cei responsabili de aceast\u0103 situa\u021bie, consider\u00e2nd<br \/>\nc\u0103 au fost \u00een\u0219ela\u021bi.<\/p>\n<p>\u0218edin\u021ba de<br \/>\nla Prim\u0103rie pare a fi o \u00eencercare a primarului Constantin Toma de a calma<br \/>\nspiritele, prin intermediul pre\u0219edin\u021bilor de asocia\u021bii de prprietari, \u00een r\u00e2ndul<br \/>\noamenilor care se \u00eentreab\u0103, pe bun\u0103 dreptate, cum s-a ajuns ca o simpl\u0103<br \/>\nreabilitare termic\u0103 s\u0103 se\u00a0 ajung\u0103 la<br \/>\nlucr\u0103ri de o asemnea amploate, care \u00een loc s\u0103 repare ar putea s\u0103<br \/>\nvulnerabilizeze structura de rezisten\u021b\u0103 a blocurilor \u00een care locuiesc. <\/p>\n<p>Dup\u0103 o absen\u021b\u0103 de aproape dou\u0103 s\u0103pt\u0103m\u00e2ni, \u00een care \u0219antierele p\u0103reau abandonate, mar\u021bi, cu doar o zi \u00eenainte de \u00eent\u00e2lnirea cu pre\u0219edin\u021bii de asocia\u021bii, muncitorii firmelor care au angajat lucr\u0103rile au putut fi v\u0103zu\u021bi din nou la lucru pe \u0219antierele deschise. Aceast\u0103 activitate de ultim moment pare a fi o \u00eencercare de a demonstra c\u0103 proiectele sunt \u00een grafic, \u00een ciuda nemul\u021bumirilor uria\u0219e ale cet\u0103\u021benilor.<\/p>\n<ul class=\"wp-block-gallery columns-3 is-cropped\">\n<li class=\"blocks-gallery-item\">\n<figure><img decoding=\"async\" src=\"https:\/\/sansanews.ro\/wp-content\/uploads\/2026\/03\/ilustreaza-768x1024.jpeg\" alt data-id=\"118723\" data-link=\"https:\/\/sansanews.ro\/?attachment_id=118723\" class=\"wp-image-118723\"><\/figure>\n<\/li>\n<li class=\"blocks-gallery-item\">\n<figure><img decoding=\"async\" src=\"https:\/\/sansanews.ro\/wp-content\/uploads\/2026\/03\/ilustreaza-2-768x1024.jpeg\" alt data-id=\"118724\" data-link=\"https:\/\/sansanews.ro\/?attachment_id=118724\" class=\"wp-image-118724\"><\/figure>\n<\/li>\n<li class=\"blocks-gallery-item\">\n<figure><img decoding=\"async\" src=\"https:\/\/sansanews.ro\/wp-content\/uploads\/2026\/03\/foto-bun-768x1024.jpeg\" alt data-id=\"118721\" data-link=\"https:\/\/sansanews.ro\/?attachment_id=118721\" class=\"wp-image-118721\"><\/figure>\n<\/li>\n<\/ul>\n<p> \u00cen urma unei vizite efectuate ast\u0103zi direct pe \u0219antierele aflate \u00een lucru, realitatea din teren confirm\u0103 cele mai sumbre ale celor care locuiesc \u00een blocurile respective \u0219i anume c\u0103 <strong>s-a intervenit deja profund \u00een structura de rezisten\u021b\u0103 a imobilelor.<\/strong><\/p>\n<h2><strong>Cine pl\u0103te\u0219te \u201egre\u0219eala\u201d Prim\u0103riei?<\/strong><\/h2>\n<p>\u00cenaintea \u0219edin\u021bei CLM, primarul Buz\u0103ului, Constantin Toma, a admis c\u0103 nu poate for\u021ba locatarii s\u0103 permit\u0103 lucr\u0103rile de consolidare seismic\u0103, recunosc\u00e2nd totodat\u0103 deschiderea \u0219antierelor f\u0103r\u0103 acordul unanim al proprietarilor. De asemenea, a promis c\u0103 va clarifica (n.r. abia acum) termenul de \u201ereabilitare integrat\u0103\u201d, care a fost utilizat neclar, panourile de pe majoritatea \u0219antierelor men\u021bion\u00e2nd doar termoizolarea f\u0103r\u0103 a fi men\u021bionate interven\u021biile \u00een structura de rezisten\u021b\u0103 a blocului. Dar c\u00e2nd vorbe\u0219te despre acordul proprietarilor, se consider\u0103 suficiente acordurile a jum\u0103tate plus unu proprietari, de\u0219i legisla\u021bia \u00een vigoare oblig\u0103 la ob\u021binerea acordurilor din partea fiec\u0103ruia \u00een parte, \u00een cazul interven\u021biilor la structura de rezisten\u021b\u0103 a blocului.<\/p>\n<figure class=\"wp-block-embed-youtube wp-block-embed is-type-video is-provider-youtube wp-embed-aspect-16-9 wp-has-aspect-ratio\">\n<div class=\"wp-block-embed__wrapper\">\n<iframe loading=\"lazy\" title=\"Constantin Toma\" width=\"1320\" height=\"743\" src=\"https:\/\/www.youtube.com\/embed\/IlotKDaGL1U?feature=oembed\" frameborder allow=\"accelerometer; autoplay; clipboard-write; encrypted-media; gyroscope; picture-in-picture; web-share\" referrerpolicy=\"strict-origin-when-cross-origin\" allowfullscreen><\/iframe>\n<\/div>\n<\/figure>\n<blockquote class=\"wp-block-quote\">\n<p>\u201cDar dac\u0103 oamenii nu vor \u0219i vor refuza s\u0103 fac\u0103 aceast\u0103 reabilitare, ce se mai \u00eent\u00e2mpl\u0103 cu banii pierdu\u021bi pe expertiz\u0103? \u201cNu se \u00eent\u00e2mpl\u0103 nimic. Vom vedea. Nu \u0219tiu \u00een momentul \u0103sta s\u0103 v\u0103 dau un r\u0103spuns.<\/p>\n<p>\u00cen mod normal, ace\u0219ti bani trebuiesc recupera\u021bi. Nu-i vorba numai de expertiz\u0103, aten\u021bie. E vorba \u0219i de proiectul tehnic. Au fost ingineri, arhitec\u021bi, au fost pl\u0103ti\u021bi pentru treaba asta. Nu s-a f\u0103cut gratuit absolut nimic. S-a muncit foarte mult la treaba asta.(\u2026) \u00cei chem\u0103m pe pre\u0219edin\u021bii asocia\u021biilor de proprietari \u0219i constructorii. Trebuie s\u0103 \u00eencerc\u0103m s\u0103-i l\u0103murim. Dac\u0103 nu avem pe cine, pentru c\u0103 nu putem face cu for\u021ba absolut nimic, nu mai facem.\u201d<em>,<\/em> a declarat primarul Constantin Toma.<\/p>\n<\/blockquote>\n<h2><strong>Recunoa\u0219terea gre\u0219elii: \u201eO fi trecut<br \/>\ngre\u0219it pe panouri\u201d<\/strong><\/h2>\n<p>Acesta a<br \/>\nadmis \u0219i \u201ceroarea\u201d grav\u0103 de comunicare cu oamenii, av\u00e2nd \u00een vedere c\u0103 pe panourile de \u0219antier scrie doar<br \/>\n\u201ereabilitare energetic\u0103\u201d, nu \u0219i seismic\u0103, induc\u00e2nd oamenii \u00een eroare.<\/p>\n<blockquote class=\"wp-block-quote\">\n<p>\u201eUnii mi-au atras aten\u021bia c\u0103 pe panouri scrie doar reabilitare energetic\u0103. O fi trecut gre\u0219it acolo\u2026 Nu putem intra peste oameni, sunt propriet\u0103\u021bi private. Am retras constructorul de la anumite blocuri. Nu-i mai deranj\u0103m, frate! Nu mai facem nimic,\u201d a completat Constantin Toma.<\/p>\n<\/blockquote>\n<p>De\u0219i nimeni<br \/>\nnu i-a cerut s\u0103 pl\u0103teasc\u0103 expertize \u0219i proiecte tehnice f\u0103r\u0103 un acord clar \u0219i<br \/>\nsemnat pentru consolidare, primarul lanseaz\u0103 acum un avertisment care sun\u0103 a<br \/>\namenin\u021bare: dac\u0103 locatarii refuz\u0103 lucr\u0103rile, s-ar putea trezi buni de plat\u0103.<\/p>\n<blockquote class=\"wp-block-quote\">\n<p>\u201e\u00cen mod normal, ace\u0219ti bani trebuiesc recupera\u021bi. Nu-i vorba numai de expertiz\u0103, e vorba \u0219i de proiectul tehnic. Au fost ingineri, arhitec\u021bi pl\u0103ti\u021bi, s-a muncit mult.\u201d<em>, <\/em>a mai spus Constantin Toma.<\/p>\n<\/blockquote>\n<p>Tonul de<br \/>\namenin\u021bare folosit de primar ne face s\u0103 credem c\u0103 \u00eencearc\u0103 s\u0103 \u00eei for\u021beze pe<br \/>\noameni s\u0103 accepte lucr\u0103rile de team\u0103 c\u0103 vor fi executa\u021bi silit pentru<br \/>\ndocumenta\u021biile tehnice pe care nu le-au solicitat niciodat\u0103 \u0219i care, \u00een plus,<br \/>\nle-au devalorizat apartamentele prin \u00eencadrarea la risc seismic gradul 2.<\/p>\n<h2><strong>Nervii primarului au cedat<\/strong><\/h2>\n<p>Subiectul pare s\u0103 \u00eel vulnerabilizeze foarte mult pe primarul Constantin Toma. \u00cen cadrul \u0219edin\u021bei, de mar\u021bi, a CLM Buz\u0103u, consilierul municipal Irinel C\u00eerstea a \u00eencercat s\u0103 ridice problema celor 30 de blocuri reabilitate cu for\u021ba, \u00eens\u0103 reac\u021bia primarului a fost una nea\u0219teptat\u0103. La \u00eenceput, Constantin Toma a avut un acces de furie, repro\u0219\u00e2ndu-i consilierului c\u0103 ar proferat amenin\u021b\u0103ri \u00een r\u00e2ndul angaja\u021bilor Prim\u0103riei. De\u0219i alesul local s-a ap\u0103rat spun\u00e2nd c\u0103 nu a f\u0103cut nicio amenin\u021bare, primarul s-a ridicat brusc de la masa rotund\u0103, fiind urmat imediat de majoritatea ale\u0219ilor. \u00cen acest context, pre\u0219edinta de \u0219edin\u021b\u0103, Melania Tudose, s-a v\u0103zut nevoit\u0103 s\u0103 declare \u0219edin\u021ba \u00eenchis\u0103.<\/p>\n<p>\u00centre timp, lucr\u0103rile s-au reluat pe \u0219antiere. \u00cen urma document\u0103rilor din teren an descoperit c\u0103, \u00een momentul de fa\u021b\u0103, nu mai vorbim doar de simple interven\u021bii cu scop de reabilitare termic\u0103 \u0219i estetic\u0103, ci de lucr\u0103ri care afecteaz\u0103 nucleul dur al cl\u0103dirilor.<\/p>\n<figure class=\"wp-block-embed-youtube wp-block-embed is-type-video is-provider-youtube wp-embed-aspect-16-9 wp-has-aspect-ratio\">\n<div class=\"wp-block-embed__wrapper\">\n<iframe loading=\"lazy\" title=\"sapaturi blocuri\" width=\"1320\" height=\"743\" src=\"https:\/\/www.youtube.com\/embed\/kbGRZP7bS7A?feature=oembed\" frameborder allow=\"accelerometer; autoplay; clipboard-write; encrypted-media; gyroscope; picture-in-picture; web-share\" referrerpolicy=\"strict-origin-when-cross-origin\" allowfullscreen><\/iframe>\n<\/div>\n<\/figure>\n<p>\u00a0 Miercuri, se<br \/>\nanun\u021b\u0103 o \u00eent\u00e2lnire extrem de interesant\u0103, \u00een cadrul c\u0103reia Prim\u0103ria \u00a0va \u00eencerca nu doar s\u0103 spele imaginea acestui<br \/>\nproiect, ci \u0219i s\u0103 acopere lipsurile unui parcurs normal pe care ar fi trebuit<br \/>\ns\u0103 \u00eel aib\u0103 acest proiect m\u0103re\u021b. Vom reveni!<\/p>\n<div class=\"meta-tags\"><span>Etichete<\/span><a href=\"https:\/\/sansanews.ro\/tag\/acord-proprietari\/\" rel=\"tag\">acord proprietari<\/a><a href=\"https:\/\/sansanews.ro\/tag\/blocuri-buzau\/\" rel=\"tag\">blocuri Buzau<\/a><a href=\"https:\/\/sansanews.ro\/tag\/constantin-toma\/\" rel=\"tag\">constantin toma<\/a><a href=\"https:\/\/sansanews.ro\/tag\/reabilitare-integrata\/\" rel=\"tag\">reabilitare integrata<\/a><\/div>\n<div class=\"herald-share-content\">\n<div class=\"meks_ess rectangle no-labels outline\"><a class=\"meks_ess-item socicon-facebook\" data-url=\"http:\/\/www.facebook.com\/sharer\/sharer.php?u=https%3A%2F%2Fsansanews.ro%2Freabilitarea-seismica-a-celor-30-de-blocuri-pe-muchie-de-cutit-sedinta-tensionata-maine-cu-presedintii-de-asociatii-participa-si-toma-intre-timp-picamerele-sparg%2F&amp;t=Reabilitarea%20seismic%C4%83%20a%20celor%2030%20de%20blocuri%20pe%20muchie%20de%20cu%C8%9Bit%21%20%C8%98edin%C8%9B%C4%83%20tensionat%C4%83%2C%20m%C3%A2ine%2C%20cu%20pre%C8%99edin%C8%9Bii%20de%20asocia%C8%9Bii%21%20Particip%C4%83%20%C8%99i%20Toma%21%20%C3%8Entre%20timp%2C%20picamerele%20sparg%20%28FOTO%20%2B%20VIDEO%29\"><span>Facebook<\/span><\/a><a href=\"https:\/\/api.whatsapp.com\/send?text=Reabilitarea%20seismic%C4%83%20a%20celor%2030%20de%20blocuri%20pe%20muchie%20de%20cu%C8%9Bit%21%20%C8%98edin%C8%9B%C4%83%20tensionat%C4%83%2C%20m%C3%A2ine%2C%20cu%20pre%C8%99edin%C8%9Bii%20de%20asocia%C8%9Bii%21%20Particip%C4%83%20%C8%99i%20Toma%21%20%C3%8Entre%20timp%2C%20picamerele%20sparg%20%28FOTO%20%2B%20VIDEO%29%20https%3A%2F%2Fsansanews.ro%2Freabilitarea-seismica-a-celor-30-de-blocuri-pe-muchie-de-cutit-sedinta-tensionata-maine-cu-presedintii-de-asociatii-participa-si-toma-intre-timp-picamerele-sparg%2F\" class=\"meks_ess-item socicon-whatsapp prevent-share-popup\"><span>WhatsApp<\/span><\/a><a class=\"meks_ess-item socicon-twitter\" data-url=\"http:\/\/twitter.com\/intent\/tweet?url=https%3A%2F%2Fsansanews.ro%2Freabilitarea-seismica-a-celor-30-de-blocuri-pe-muchie-de-cutit-sedinta-tensionata-maine-cu-presedintii-de-asociatii-participa-si-toma-intre-timp-picamerele-sparg%2F&amp;text=Reabilitarea%20seismic%C4%83%20a%20celor%2030%20de%20blocuri%20pe%20muchie%20de%20cu%C8%9Bit%21%20%C8%98edin%C8%9B%C4%83%20tensionat%C4%83%2C%20m%C3%A2ine%2C%20cu%20pre%C8%99edin%C8%9Bii%20de%20asocia%C8%9Bii%21%20Particip%C4%83%20%C8%99i%20Toma%21%20%C3%8Entre%20timp%2C%20picamerele%20sparg%20%28FOTO%20%2B%20VIDEO%29\"><span>Twitter<\/span><\/a><a class=\"meks_ess-item socicon-pinterest\" data-url=\"http:\/\/pinterest.com\/pin\/create\/button\/?url=https%3A%2F%2Fsansanews.ro%2Freabilitarea-seismica-a-celor-30-de-blocuri-pe-muchie-de-cutit-sedinta-tensionata-maine-cu-presedintii-de-asociatii-participa-si-toma-intre-timp-picamerele-sparg%2F&amp;media=https%3A%2F%2Fsansanews.ro%2Fwp-content%2Fuploads%2F2026%2F03%2Ffoto-bun.jpeg&amp;description=Reabilitarea%20seismic%C4%83%20a%20celor%2030%20de%20blocuri%20pe%20muchie%20de%20cu%C8%9Bit%21%20%C8%98edin%C8%9B%C4%83%20tensionat%C4%83%2C%20m%C3%A2ine%2C%20cu%20pre%C8%99edin%C8%9Bii%20de%20asocia%C8%9Bii%21%20Particip%C4%83%20%C8%99i%20Toma%21%20%C3%8Entre%20timp%2C%20picamerele%20sparg%20%28FOTO%20%2B%20VIDEO%29\"><span>Pinterest<\/span><\/a><\/div>\n<\/div>\n<\/div>\n<div class=\"entry-content herald-entry-content\">\n<p>Miercuri, la<br \/>\nora 10:00, primarul Constantin Toma va fi gazda unei \u00eent\u00e2lniri cu pre\u0219edin\u021bii<br \/>\nasocia\u021biilor de proprietari \u00een care se desf\u0103\u0219oar\u0103 lucr\u0103ri de consolidare<br \/>\ntermic\u0103 \u0219i seismic\u0103, o \u00eent\u00e2lnire care se anun\u021b\u0103 de pe acum una tensionat\u0103. Ini\u021biativa municipalit\u0103\u021bii<br \/>\nde a ini\u021bia lucr\u0103ri de consolidare seismic\u0103 dup\u0103 ce oamenii au fost convin\u0219i<br \/>\ns\u0103-\u0219i dea acordul pentru reabilitare termic\u0103, a st\u00e2rnit un val de nemul\u021bumiri \u00een<br \/>\nr\u00e2ndul proprietarilor, care sus\u021bin acum c\u0103 au fost manipula\u021bi cu termini interpretabili,<br \/>\nprecum \u201creabilitarea integrat\u0103\u201d sau nici m\u0103car at\u00e2t. <\/p>\n<p>De\u0219i \u0219antierele au fost deja deschise la 30 de blocuri, mar\u021bi, primarul Constantin Toma a recunoscut c\u0103 proiectele de consolidare seismic\u0103 s-au lovit de refuzul categoric al unor proprietari, declara\u021bie care confirm\u0103 ceea ce noi deja am anun\u021bat <a href=\"https:\/\/sansanews.ro\/news-alert-30-de-blocuri-dintre-cele-mai-noi-incadrate-cu-risc-2-seismic-pentru-ca-acolo-erau-bani-oamenii-depusesera-pentru-reabilitare-energetica-un-lung-sir-de-dezinformari-le-a-facut-viata\/\">AICI<\/a> \u0219i anume c\u0103 expertizele \u0219i proiectele tehnice pentru reabilitare seismic\u0103 au fost comandate de Prim\u0103rie \u00eenainte de a ave aacordurile tuturor proprietarilor, a\u0219a cum prev\u0103d mai multe legi. <\/p>\n<p>Cadrul legislative<br \/>\nactual oblige \u00a0asocia\u021biile s\u0103 explice<br \/>\nclar ce lucr\u0103ri se fac \u0219i s\u0103 ia acordul fiec\u0103rui proprietar \u00een parte, exact cee<br \/>\nace oamenii sus\u021bin c\u0103 nu s-a \u00eent\u00e2mplat. \u00cen fapt, proprietarii apartamentelor<br \/>\ndin cele 30 de blocuri incluse de Prim\u0103rie \u00een acest program s-au trezit cu<br \/>\nblocuri \u00eencadrate la risc seismic gradul II, inclusiv cele din beton armat,<br \/>\nconstruite spre finalul regimului comunist, \u00een baza unor expertize despre care<br \/>\nnu au \u0219tiut.<\/p>\n<p>Situa\u021bia<br \/>\neste critic\u0103, deoarece odat\u0103 ce un bloc este declarat oficial cu risc seismic,<br \/>\nvaloarea apartamentelor scade drastic \u0219i , pe bun\u0103 dreptate, oameniis e se<br \/>\npl\u00e2ng c\u0103 nu-\u0219i mai pot vinde locuin\u021bele \u0219i nici nu mai pot ob\u021bine credite<br \/>\nbancare.<\/p>\n<p>Sim\u021bindu-se<br \/>\nmin\u021bi\u021bi \u0219i p\u0103gubi\u021bi, unii buzoieni au apelat deja la ajutor unui avocat, cum<br \/>\neste cazul blocului C3 Hasdeu, pe care \u00eei reprezint\u0103p avocatul Dorin B\u0103dulescu,<br \/>\npentru a-i da \u00een judecat\u0103 pe cei responsabili de aceast\u0103 situa\u021bie, consider\u00e2nd<br \/>\nc\u0103 au fost \u00een\u0219ela\u021bi.<\/p>\n<p>\u0218edin\u021ba de<br \/>\nla Prim\u0103rie pare a fi o \u00eencercare a primarului Constantin Toma de a calma<br \/>\nspiritele, prin intermediul pre\u0219edin\u021bilor de asocia\u021bii de prprietari, \u00een r\u00e2ndul<br \/>\noamenilor care se \u00eentreab\u0103, pe bun\u0103 dreptate, cum s-a ajuns ca o simpl\u0103<br \/>\nreabilitare termic\u0103 s\u0103 se\u00a0 ajung\u0103 la<br \/>\nlucr\u0103ri de o asemnea amploate, care \u00een loc s\u0103 repare ar putea s\u0103<br \/>\nvulnerabilizeze structura de rezisten\u021b\u0103 a blocurilor \u00een care locuiesc. <\/p>\n<p>Dup\u0103 o absen\u021b\u0103 de aproape dou\u0103 s\u0103pt\u0103m\u00e2ni, \u00een care \u0219antierele p\u0103reau abandonate, mar\u021bi, cu doar o zi \u00eenainte de \u00eent\u00e2lnirea cu pre\u0219edin\u021bii de asocia\u021bii, muncitorii firmelor care au angajat lucr\u0103rile au putut fi v\u0103zu\u021bi din nou la lucru pe \u0219antierele deschise. Aceast\u0103 activitate de ultim moment pare a fi o \u00eencercare de a demonstra c\u0103 proiectele sunt \u00een grafic, \u00een ciuda nemul\u021bumirilor uria\u0219e ale cet\u0103\u021benilor.<\/p>\n<ul class=\"wp-block-gallery columns-3 is-cropped\">\n<li class=\"blocks-gallery-item\">\n<figure><img decoding=\"async\" src=\"https:\/\/sansanews.ro\/wp-content\/uploads\/2026\/03\/ilustreaza-768x1024.jpeg\" alt data-id=\"118723\" data-link=\"https:\/\/sansanews.ro\/?attachment_id=118723\" class=\"wp-image-118723\"><\/figure>\n<\/li>\n<li class=\"blocks-gallery-item\">\n<figure><img decoding=\"async\" src=\"https:\/\/sansanews.ro\/wp-content\/uploads\/2026\/03\/ilustreaza-2-768x1024.jpeg\" alt data-id=\"118724\" data-link=\"https:\/\/sansanews.ro\/?attachment_id=118724\" class=\"wp-image-118724\"><\/figure>\n<\/li>\n<li class=\"blocks-gallery-item\">\n<figure><img decoding=\"async\" src=\"https:\/\/sansanews.ro\/wp-content\/uploads\/2026\/03\/foto-bun-768x1024.jpeg\" alt data-id=\"118721\" data-link=\"https:\/\/sansanews.ro\/?attachment_id=118721\" class=\"wp-image-118721\"><\/figure>\n<\/li>\n<\/ul>\n<p> \u00cen urma unei vizite efectuate ast\u0103zi direct pe \u0219antierele aflate \u00een lucru, realitatea din teren confirm\u0103 cele mai sumbre ale celor care locuiesc \u00een blocurile respective \u0219i anume c\u0103 <strong>s-a intervenit deja profund \u00een structura de rezisten\u021b\u0103 a imobilelor.<\/strong><\/p>\n<h2><strong>Cine pl\u0103te\u0219te \u201egre\u0219eala\u201d Prim\u0103riei?<\/strong><\/h2>\n<p>\u00cenaintea \u0219edin\u021bei CLM, primarul Buz\u0103ului, Constantin Toma, a admis c\u0103 nu poate for\u021ba locatarii s\u0103 permit\u0103 lucr\u0103rile de consolidare seismic\u0103, recunosc\u00e2nd totodat\u0103 deschiderea \u0219antierelor f\u0103r\u0103 acordul unanim al proprietarilor. De asemenea, a promis c\u0103 va clarifica (n.r. abia acum) termenul de \u201ereabilitare integrat\u0103\u201d, care a fost utilizat neclar, panourile de pe majoritatea \u0219antierelor men\u021bion\u00e2nd doar termoizolarea f\u0103r\u0103 a fi men\u021bionate interven\u021biile \u00een structura de rezisten\u021b\u0103 a blocului. Dar c\u00e2nd vorbe\u0219te despre acordul proprietarilor, se consider\u0103 suficiente acordurile a jum\u0103tate plus unu proprietari, de\u0219i legisla\u021bia \u00een vigoare oblig\u0103 la ob\u021binerea acordurilor din partea fiec\u0103ruia \u00een parte, \u00een cazul interven\u021biilor la structura de rezisten\u021b\u0103 a blocului.<\/p>\n<figure class=\"wp-block-embed-youtube wp-block-embed is-type-video is-provider-youtube wp-embed-aspect-16-9 wp-has-aspect-ratio\">\n<div class=\"wp-block-embed__wrapper\">\n<iframe loading=\"lazy\" title=\"Constantin Toma\" width=\"1320\" height=\"743\" src=\"https:\/\/www.youtube.com\/embed\/IlotKDaGL1U?feature=oembed\" frameborder allow=\"accelerometer; autoplay; clipboard-write; encrypted-media; gyroscope; picture-in-picture; web-share\" referrerpolicy=\"strict-origin-when-cross-origin\" allowfullscreen><\/iframe>\n<\/div>\n<\/figure>\n<blockquote class=\"wp-block-quote\">\n<p>\u201cDar dac\u0103 oamenii nu vor \u0219i vor refuza s\u0103 fac\u0103 aceast\u0103 reabilitare, ce se mai \u00eent\u00e2mpl\u0103 cu banii pierdu\u021bi pe expertiz\u0103? \u201cNu se \u00eent\u00e2mpl\u0103 nimic. Vom vedea. Nu \u0219tiu \u00een momentul \u0103sta s\u0103 v\u0103 dau un r\u0103spuns.<\/p>\n<p>\u00cen mod normal, ace\u0219ti bani trebuiesc recupera\u021bi. Nu-i vorba numai de expertiz\u0103, aten\u021bie. E vorba \u0219i de proiectul tehnic. Au fost ingineri, arhitec\u021bi, au fost pl\u0103ti\u021bi pentru treaba asta. Nu s-a f\u0103cut gratuit absolut nimic. S-a muncit foarte mult la treaba asta.(\u2026) \u00cei chem\u0103m pe pre\u0219edin\u021bii asocia\u021biilor de proprietari \u0219i constructorii. Trebuie s\u0103 \u00eencerc\u0103m s\u0103-i l\u0103murim. Dac\u0103 nu avem pe cine, pentru c\u0103 nu putem face cu for\u021ba absolut nimic, nu mai facem.\u201d<em>,<\/em> a declarat primarul Constantin Toma.<\/p>\n<\/blockquote>\n<h2><strong>Recunoa\u0219terea gre\u0219elii: \u201eO fi trecut<br \/>\ngre\u0219it pe panouri\u201d<\/strong><\/h2>\n<p>Acesta a<br \/>\nadmis \u0219i \u201ceroarea\u201d grav\u0103 de comunicare cu oamenii, av\u00e2nd \u00een vedere c\u0103 pe panourile de \u0219antier scrie doar<br \/>\n\u201ereabilitare energetic\u0103\u201d, nu \u0219i seismic\u0103, induc\u00e2nd oamenii \u00een eroare.<\/p>\n<blockquote class=\"wp-block-quote\">\n<p>\u201eUnii mi-au atras aten\u021bia c\u0103 pe panouri scrie doar reabilitare energetic\u0103. O fi trecut gre\u0219it acolo\u2026 Nu putem intra peste oameni, sunt propriet\u0103\u021bi private. Am retras constructorul de la anumite blocuri. Nu-i mai deranj\u0103m, frate! Nu mai facem nimic,\u201d a completat Constantin Toma.<\/p>\n<\/blockquote>\n<p>De\u0219i nimeni<br \/>\nnu i-a cerut s\u0103 pl\u0103teasc\u0103 expertize \u0219i proiecte tehnice f\u0103r\u0103 un acord clar \u0219i<br \/>\nsemnat pentru consolidare, primarul lanseaz\u0103 acum un avertisment care sun\u0103 a<br \/>\namenin\u021bare: dac\u0103 locatarii refuz\u0103 lucr\u0103rile, s-ar putea trezi buni de plat\u0103.<\/p>\n<blockquote class=\"wp-block-quote\">\n<p>\u201e\u00cen mod normal, ace\u0219ti bani trebuiesc recupera\u021bi. Nu-i vorba numai de expertiz\u0103, e vorba \u0219i de proiectul tehnic. Au fost ingineri, arhitec\u021bi pl\u0103ti\u021bi, s-a muncit mult.\u201d<em>, <\/em>a mai spus Constantin Toma.<\/p>\n<\/blockquote>\n<p>Tonul de<br \/>\namenin\u021bare folosit de primar ne face s\u0103 credem c\u0103 \u00eencearc\u0103 s\u0103 \u00eei for\u021beze pe<br \/>\noameni s\u0103 accepte lucr\u0103rile de team\u0103 c\u0103 vor fi executa\u021bi silit pentru<br \/>\ndocumenta\u021biile tehnice pe care nu le-au solicitat niciodat\u0103 \u0219i care, \u00een plus,<br \/>\nle-au devalorizat apartamentele prin \u00eencadrarea la risc seismic gradul 2.<\/p>\n<h2><strong>Nervii primarului au cedat<\/strong><\/h2>\n<p>Subiectul pare s\u0103 \u00eel vulnerabilizeze foarte mult pe primarul Constantin Toma. \u00cen cadrul \u0219edin\u021bei, de mar\u021bi, a CLM Buz\u0103u, consilierul municipal Irinel C\u00eerstea a \u00eencercat s\u0103 ridice problema celor 30 de blocuri reabilitate cu for\u021ba, \u00eens\u0103 reac\u021bia primarului a fost una nea\u0219teptat\u0103. La \u00eenceput, Constantin Toma a avut un acces de furie, repro\u0219\u00e2ndu-i consilierului c\u0103 ar proferat amenin\u021b\u0103ri \u00een r\u00e2ndul angaja\u021bilor Prim\u0103riei. De\u0219i alesul local s-a ap\u0103rat spun\u00e2nd c\u0103 nu a f\u0103cut nicio amenin\u021bare, primarul s-a ridicat brusc de la masa rotund\u0103, fiind urmat imediat de majoritatea ale\u0219ilor. \u00cen acest context, pre\u0219edinta de \u0219edin\u021b\u0103, Melania Tudose, s-a v\u0103zut nevoit\u0103 s\u0103 declare \u0219edin\u021ba \u00eenchis\u0103.<\/p>\n<p>\u00centre timp, lucr\u0103rile s-au reluat pe \u0219antiere. \u00cen urma document\u0103rilor din teren an descoperit c\u0103, \u00een momentul de fa\u021b\u0103, nu mai vorbim doar de simple interven\u021bii cu scop de reabilitare termic\u0103 \u0219i estetic\u0103, ci de lucr\u0103ri care afecteaz\u0103 nucleul dur al cl\u0103dirilor.<\/p>\n<figure class=\"wp-block-embed-youtube wp-block-embed is-type-video is-provider-youtube wp-embed-aspect-16-9 wp-has-aspect-ratio\">\n<div class=\"wp-block-embed__wrapper\">\n<iframe loading=\"lazy\" title=\"sapaturi blocuri\" width=\"1320\" height=\"743\" src=\"https:\/\/www.youtube.com\/embed\/kbGRZP7bS7A?feature=oembed\" frameborder allow=\"accelerometer; autoplay; clipboard-write; encrypted-media; gyroscope; picture-in-picture; web-share\" referrerpolicy=\"strict-origin-when-cross-origin\" allowfullscreen><\/iframe>\n<\/div>\n<\/figure>\n<p>\u00a0 Miercuri, se<br \/>\nanun\u021b\u0103 o \u00eent\u00e2lnire extrem de interesant\u0103, \u00een cadrul c\u0103reia Prim\u0103ria \u00a0va \u00eencerca nu doar s\u0103 spele imaginea acestui<br \/>\nproiect, ci \u0219i s\u0103 acopere lipsurile unui parcurs normal pe care ar fi trebuit<br \/>\ns\u0103 \u00eel aib\u0103 acest proiect m\u0103re\u021b. Vom reveni!<\/p>\n<div class=\"meta-tags\"><span>Etichete<\/span><a href=\"https:\/\/sansanews.ro\/tag\/acord-proprietari\/\" rel=\"tag\">acord proprietari<\/a><a href=\"https:\/\/sansanews.ro\/tag\/blocuri-buzau\/\" rel=\"tag\">blocuri Buzau<\/a><a href=\"https:\/\/sansanews.ro\/tag\/constantin-toma\/\" rel=\"tag\">constantin toma<\/a><a href=\"https:\/\/sansanews.ro\/tag\/reabilitare-integrata\/\" rel=\"tag\">reabilitare integrata<\/a><\/div>\n<div class=\"herald-share-content\">\n<div class=\"meks_ess rectangle no-labels outline\"><a class=\"meks_ess-item socicon-facebook\" data-url=\"http:\/\/www.facebook.com\/sharer\/sharer.php?u=https%3A%2F%2Fsansanews.ro%2Freabilitarea-seismica-a-celor-30-de-blocuri-pe-muchie-de-cutit-sedinta-tensionata-maine-cu-presedintii-de-asociatii-participa-si-toma-intre-timp-picamerele-sparg%2F&amp;t=Reabilitarea%20seismic%C4%83%20a%20celor%2030%20de%20blocuri%20pe%20muchie%20de%20cu%C8%9Bit%21%20%C8%98edin%C8%9B%C4%83%20tensionat%C4%83%2C%20m%C3%A2ine%2C%20cu%20pre%C8%99edin%C8%9Bii%20de%20asocia%C8%9Bii%21%20Particip%C4%83%20%C8%99i%20Toma%21%20%C3%8Entre%20timp%2C%20picamerele%20sparg%20%28FOTO%20%2B%20VIDEO%29\"><span>Facebook<\/span><\/a><a href=\"https:\/\/api.whatsapp.com\/send?text=Reabilitarea%20seismic%C4%83%20a%20celor%2030%20de%20blocuri%20pe%20muchie%20de%20cu%C8%9Bit%21%20%C8%98edin%C8%9B%C4%83%20tensionat%C4%83%2C%20m%C3%A2ine%2C%20cu%20pre%C8%99edin%C8%9Bii%20de%20asocia%C8%9Bii%21%20Particip%C4%83%20%C8%99i%20Toma%21%20%C3%8Entre%20timp%2C%20picamerele%20sparg%20%28FOTO%20%2B%20VIDEO%29%20https%3A%2F%2Fsansanews.ro%2Freabilitarea-seismica-a-celor-30-de-blocuri-pe-muchie-de-cutit-sedinta-tensionata-maine-cu-presedintii-de-asociatii-participa-si-toma-intre-timp-picamerele-sparg%2F\" class=\"meks_ess-item socicon-whatsapp prevent-share-popup\"><span>WhatsApp<\/span><\/a><a class=\"meks_ess-item socicon-twitter\" data-url=\"http:\/\/twitter.com\/intent\/tweet?url=https%3A%2F%2Fsansanews.ro%2Freabilitarea-seismica-a-celor-30-de-blocuri-pe-muchie-de-cutit-sedinta-tensionata-maine-cu-presedintii-de-asociatii-participa-si-toma-intre-timp-picamerele-sparg%2F&amp;text=Reabilitarea%20seismic%C4%83%20a%20celor%2030%20de%20blocuri%20pe%20muchie%20de%20cu%C8%9Bit%21%20%C8%98edin%C8%9B%C4%83%20tensionat%C4%83%2C%20m%C3%A2ine%2C%20cu%20pre%C8%99edin%C8%9Bii%20de%20asocia%C8%9Bii%21%20Particip%C4%83%20%C8%99i%20Toma%21%20%C3%8Entre%20timp%2C%20picamerele%20sparg%20%28FOTO%20%2B%20VIDEO%29\"><span>Twitter<\/span><\/a><a class=\"meks_ess-item socicon-pinterest\" data-url=\"http:\/\/pinterest.com\/pin\/create\/button\/?url=https%3A%2F%2Fsansanews.ro%2Freabilitarea-seismica-a-celor-30-de-blocuri-pe-muchie-de-cutit-sedinta-tensionata-maine-cu-presedintii-de-asociatii-participa-si-toma-intre-timp-picamerele-sparg%2F&amp;media=https%3A%2F%2Fsansanews.ro%2Fwp-content%2Fuploads%2F2026%2F03%2Ffoto-bun.jpeg&amp;description=Reabilitarea%20seismic%C4%83%20a%20celor%2030%20de%20blocuri%20pe%20muchie%20de%20cu%C8%9Bit%21%20%C8%98edin%C8%9B%C4%83%20tensionat%C4%83%2C%20m%C3%A2ine%2C%20cu%20pre%C8%99edin%C8%9Bii%20de%20asocia%C8%9Bii%21%20Particip%C4%83%20%C8%99i%20Toma%21%20%C3%8Entre%20timp%2C%20picamerele%20sparg%20%28FOTO%20%2B%20VIDEO%29\"><span>Pinterest<\/span><\/a><\/div>\n<\/div>\n<\/div>\n<p>[analyse_source url=&#8221;https:\/\/sansanews.ro\/reabilitarea-seismica-a-celor-30-de-blocuri-pe-muchie-de-cutit-sedinta-tensionata-maine-cu-presedintii-de-asociatii-participa-si-toma-intre-timp-picamerele-sparg\/&#8221;]<\/p>\n","protected":false},"excerpt":{"rendered":"<p>[analyse_image type=&#8221;featured&#8221; src=&#8221;https:\/\/sansanews.ro\/wp-content\/uploads\/2026\/03\/foto-bun.jpeghttps:\/\/sansanews.ro\/wp-content\/uploads\/2026\/03\/foto-bun.jpeg&#8221;] Miercuri, la ora 10:00, primarul Constantin Toma va fi gazda unei \u00eent\u00e2lniri cu pre\u0219edin\u021bii asocia\u021biilor de proprietari \u00een care se desf\u0103\u0219oar\u0103 lucr\u0103ri de consolidare termic\u0103 \u0219i seismic\u0103, o \u00eent\u00e2lnire care se anun\u021b\u0103 de pe acum una tensionat\u0103. Ini\u021biativa municipalit\u0103\u021bii de a ini\u021bia lucr\u0103ri de consolidare seismic\u0103 dup\u0103 ce oamenii au fost convin\u0219i [&hellip;]<\/p>\n","protected":false},"author":1,"featured_media":0,"comment_status":"open","ping_status":"","sticky":false,"template":"","format":"standard","meta":{"footnotes":""},"categories":[2],"tags":[226,51],"class_list":["post-1858509","post","type-post","status-publish","format-standard","hentry","category-politics","tag-crawlmanager","tag-sansanews-ro"],"_links":{"self":[{"href":"https:\/\/analyse.optim.biz\/index.php?rest_route=\/wp\/v2\/posts\/1858509","targetHints":{"allow":["GET"]}}],"collection":[{"href":"https:\/\/analyse.optim.biz\/index.php?rest_route=\/wp\/v2\/posts"}],"about":[{"href":"https:\/\/analyse.optim.biz\/index.php?rest_route=\/wp\/v2\/types\/post"}],"author":[{"embeddable":true,"href":"https:\/\/analyse.optim.biz\/index.php?rest_route=\/wp\/v2\/users\/1"}],"replies":[{"embeddable":true,"href":"https:\/\/analyse.optim.biz\/index.php?rest_route=%2Fwp%2Fv2%2Fcomments&post=1858509"}],"version-history":[{"count":0,"href":"https:\/\/analyse.optim.biz\/index.php?rest_route=\/wp\/v2\/posts\/1858509\/revisions"}],"wp:attachment":[{"href":"https:\/\/analyse.optim.biz\/index.php?rest_route=%2Fwp%2Fv2%2Fmedia&parent=1858509"}],"wp:term":[{"taxonomy":"category","embeddable":true,"href":"https:\/\/analyse.optim.biz\/index.php?rest_route=%2Fwp%2Fv2%2Fcategories&post=1858509"},{"taxonomy":"post_tag","embeddable":true,"href":"https:\/\/analyse.optim.biz\/index.php?rest_route=%2Fwp%2Fv2%2Ftags&post=1858509"}],"curies":[{"name":"wp","href":"https:\/\/api.w.org\/{rel}","templated":true}]}}