{"id":1858482,"date":"2026-03-31T10:58:09","date_gmt":"2026-03-31T07:58:09","guid":{"rendered":"https:\/\/analyse.optim.biz\/?p=1858482"},"modified":"2026-03-31T10:58:09","modified_gmt":"2026-03-31T07:58:09","slug":"feel-like-mike-tyson-punched-me-in-the-back-ben-turner-dusts-himself-off-after-bizarre-somersault-crash-at-in-flanders-fields","status":"publish","type":"post","link":"https:\/\/analyse.optim.biz\/?p=1858482","title":{"rendered":"&#8216;Feel like Mike Tyson punched me in the back&#8217; \u2013 Ben Turner dusts himself off after bizarre somersault crash at In Flanders Fields"},"content":{"rendered":"<p>[analyse_image type=&#8221;featured&#8221; src=&#8221;https:\/\/cdn.mos.cms.futurecdn.net\/upAciNBEaLB5QXgnJ46ytR-1024-80.jpg&#8221;]<\/p>\n<p><article class=\"page-content-onecol flex-1\nnews-article article\n\"><\/p>\n<div class=\"widget-area-group widget-area-group-2col flex flex-wrap box-border\">\n<div id=\"widgetArea16\" class=\"widget-area basis-full md:basis-2\/3 widget-area-g-md-vp-2-3 widget-area-g-lg-vp-2-3 widget-area-g-xl-vp-2-3 page-widget-area-16\">\n<div data-widget-type=\"hero\" id=\"hero\" class=\"clear-both widget widget-hero widget-hero widget-hero-hero widget-hero widget-hero-fter-news\">\n<div class=\"clear-both widget-header\">\n<\/div>\n<div class=\"news-article\">\n<header data-component-name=\"Article:Hero\">\n<nav class=\"breadcrumb\" aria-label=\"Breadcrumbs\">\n<ol>\n<li>\nPro Cycling\n<\/li>\n<li>\nTeams &amp; Riders\n<\/li>\n<li>\nIneos Grenadiers\n<\/li>\n<li>\nBen Turner\n<\/li>\n<\/ol>\n<\/nav>\n<h1>&#8216;Feel like Mike Tyson punched me in the back&#8217; \u2013 Ben Turner dusts himself off after bizarre somersault crash at In Flanders Fields<\/h1>\n<div class=\"kiosq-metered-message-content\">\n<p id=\"kiosq-metered-message\" class=\"kiosq-metered-message\">\n<\/div>\n<div class=\"byline-social\">\n<div class=\"byline\">\nNews<\/p>\n<div class=\"text-[13px]\">\n<span><br \/>\nBy<br \/>\nDani Ostanek <\/span><br \/>\n<span><br \/>\npublished<br \/>\n<time data-component-name=\"UI:DateTime\" datetime=\"2026-03-31T10:58:09Z\" class=\"relative-date\"><br \/>\n31 March 2026<br \/>\n<\/time><br \/>\n<\/span>\n<\/div>\n<\/div>\n<p class=\"strapline\">&#8216;Let&#8217;s see what\u2019s possible for the following races in the next days&#8217; says Briton after hard fall 50km from finish<\/p>\n<\/div>\n<aside class=\"mx-auto mb-4 flex items-center justify-start mx-0 my-5 p-0\" id=\"affiliate-disclaimer\" data-component-name=\"AffiliateDisclaimer\" data-hawk-message=\"Affiliate disclaimer removed because hawk deemed there are no affiliate links on this page\">\n<p class=\"text-700 mb-2 text-[12px] leading-[18px] md:text-[13px] [&amp;&gt;a]:text-gray-700 [&amp;&gt;a]:underline\">\nWhen you purchase through links on our site, we may earn an affiliate commission. Here\u2019s how it works.\n<\/p>\n<\/aside>\n<\/header>\n<\/div>\n<\/div>\n<div data-widget-type=\"contentparsed\" id=\"content\" class=\"clear-both widget widget-contentparsed widget-content widget-contentparsed-content widget-content-parsed widget-content-parsed-content_document \">\n<div class=\"wcp-item-content\">\n<section class=\"content-wrapper\">\n<div class=\"box less-space hero-image-wrapper\">\n<figure class=\"mb-0\">\n<p><img decoding=\"async\" src=\"https:\/\/cdn.mos.cms.futurecdn.net\/upAciNBEaLB5QXgnJ46ytR.jpg\" alt=\"British Ben Turner of INEOS Grenadiers competes during the men elite &amp;#039;Middelkerke-Wevelgem - In Flanders Fields&amp;#039; one day cycling race, 240.8 km from Middelkerke to Wevelgem, on March 29, 2026. (Photo by JASPER JACOBS \/ Belga \/ AFP) \/ Belgium OUT\" class=\"block-image-ads hero-image absolute top-0 left-0 w-full h-full object-center\" data-component-name=\"Image\"><figcaption class=\"mt-2\"> <span class=\"caption-text\">Ben Turner in action at In Flanders Fields<\/span><br \/>\n<span class=\"credit\">(Image credit: Getty Images)<\/span><br \/>\n<\/figcaption><\/figure>\n<\/div>\n<div id=\"article-body\" class=\"text-copy bodyCopy auto paywall-locker\">\n<div data-analytics-id=\"utility-bar\" id=\"utility-bar\" class=\"font-ui-heading flex justify-between items-center py-2 border-t border-b border-gray-300 border-solid mb-5 mx-auto\" data-component-name=\"UtilityBar\" data-mrf-recirculation=\"utility-bar\">\n<div class=\"flex gap-2 text-[#333] subcontainer\">\n<div class=\"relative tooltip-container\" role=\"tooltip\">\n<div data-component-name=\"Social:Dropdown\" role=\"menu\" id=\"utilitybar__dropdown--share\" aria-labelledby=\"utilitybar__button--share\" class=\"absolute left-0 top-full w-44 bg-white rounded-md shadow-md border border-neutral-200 z-[9996] list-none m-0 py-2 px-3 border-solid\">\n<ul class=\"!m-0\">\n<li class=\"!p-0 !m-0 list-none border-b border-gray-200 border-solid\">\n<\/li>\n<li class=\"!p-0 !m-0 list-none border-b border-gray-200 border-solid\">\n<p>Facebook<\/p>\n<\/li>\n<li class=\"!p-0 !m-0 list-none border-b border-gray-200 border-solid\">\n<p>X<\/p>\n<\/li>\n<li class=\"!p-0 !m-0 list-none border-b border-gray-200 border-solid\">\n<p>Pinterest<\/p>\n<\/li>\n<li class=\"!p-0 !m-0 list-none border-b border-gray-200 border-solid\">\n<p>Email<\/p>\n<\/li>\n<\/ul>\n<\/div>\n<div class=\"font-ui-heading max-sm:hidden tooltip absolute left-1\/2 bg-gray-900 text-white text-xs leading-none px-3 py-1.5 rounded-md z-[10001] whitespace-nowrap\" id=\"tooltip-share-this-article\" role=\"tooltip\" aria-hidden=\"true\">\nShare this article\n<\/div>\n<\/div>\n<div class=\"relative tooltip-container\" role=\"tooltip\">\n<p><span class=\"ml-1 inline-flex h-5 px-2 shrink-0 items-center justify-center self-center overflow-hidden whitespace-nowrap rounded-[10px] bg-primary-500 text-[11px] leading-none font-ui-heading font-semibold text-white\"><br \/>\n<span>0<\/span><br \/>\n<span><\/span><br \/>\n<\/span><\/p>\n<div class=\"font-ui-heading max-sm:hidden tooltip absolute left-1\/2 bg-gray-900 text-white text-xs leading-none px-3 py-1.5 rounded-md z-[10001] whitespace-nowrap\" id=\"tooltip-join-the-conversation\" role=\"tooltip\" aria-hidden=\"true\">\nJoin the conversation\n<\/div>\n<\/div>\n<\/div>\n<div class=\"flex gap-2 text-[#333] subcontainer\">\n<div class=\"relative tooltip-container\" role=\"tooltip\">\n<p>Follow us<\/p>\n<div class=\"font-ui-heading max-sm:hidden tooltip absolute left-1\/2 bg-gray-900 text-white text-xs leading-none px-3 py-1.5 rounded-md z-[10001] whitespace-nowrap\" id=\"tooltip-add-us-as-a-preferred-source-on-google\" role=\"tooltip\" aria-hidden=\"true\">\nAdd us as a preferred source on Google\n<\/div>\n<\/div>\n<div class=\"relative tooltip-container\" role=\"tooltip\">\n<div role=\"dialog\" class=\"hidden fixed inset-0 z-[999999999999999999] bg-[#33333370] flex items-center justify-center p-6 newsletter-modal\" data-batch-endpoint=\"https:\/\/newsletter-subscribe.futureplc.com\/v2\/submission\/submit_batch\" data-batch-source=\"302\" data-component-name=\"Newsletter:Modal\">\n<div class=\"bg-neutral-100 rounded-xl shadow-xl w-full lg:w-2\/3 xl:w-1\/2 p-6 relative max-h-[95vh] overflow-y-auto\">\n<aside class=\"[&amp;&gt;svg]:max-h-10 [&amp;&gt;svg]:w-auto [&amp;&gt;svg]:h-full my-4\">\n<\/aside>\n<div id=\"newsletter-capture-modal\">\n<div class=\"sm:text-xl text-base font-bold text-black mb-3 p-0 bg-inherit font-ui-heading\">Get The Leadout Newsletter<\/div>\n<p class=\"text-gray-600 mb-4 text-sm sm:text-base font-article-copy\">The latest race content, interviews, features, reviews and expert buying guides, direct to your inbox!<\/p>\n<div data-component-name=\"Newsletter:NewsletterForm\">\n<div class=\"grid grid-cols-1 sm:grid-cols-10\">\n<\/div>\n<div role=\"status\" aria-live=\"polite\" class=\"grid min-h-[140px] w-full place-items-center rounded-lg p-6 mb-4\">\n<\/div>\n<p><span role=\"alert\" aria-live=\"assertive\"><\/span><\/p>\n<hr class=\"modal_hr mt-3 mb-4 h-px bg-gray-300 border-0\">\n<div class=\"modal_footer block text-left opacity-80 text-[.8em] leading-[1.3em] mt-2 [&amp;&gt;a]:underline font-article-copy\">\nBy submitting your information you agree to the Terms &amp; Conditions and Privacy Policy and are aged 16 or over.\n<\/div>\n<\/div>\n<\/div>\n<div id=\"newsletter-modal-confirmation\" class=\"hidden\">\n<p class=\"sm:text-xl text-base font-bold text-black mb-3 p-0\">You are now subscribed<\/p>\n<p class=\"text-gray-600 mb-4 text-sm sm:text-base\">Your newsletter sign-up was successful<\/p>\n<div id=\"newsletter-modal-confirmation__userlogin\" class=\"hidden\">\n<hr class=\"my-5 h-px bg-gray-300 border-0\">\n<div class=\"items-start flex flex-col h-full justify-between\">\n<div class=\"flcw-text pb-5 pt-2 leading-[1.3]\"> An account already exists for this email address, please log in.<\/div>\n<\/div>\n<\/div>\n<\/div>\n<\/div>\n<\/div>\n<div class=\"font-ui-heading max-sm:hidden tooltip absolute left-1\/2 bg-gray-900 text-white text-xs leading-none px-3 py-1.5 rounded-md z-[10001] whitespace-nowrap\" id=\"tooltip-subscribe-to-our-newsletter\" role=\"tooltip\" aria-hidden=\"true\">\nSubscribe to our newsletter\n<\/div>\n<\/div>\n<\/div>\n<\/div>\n<p id=\"elk-5adc5475-ce8d-4ef9-9309-d185310b962b\">Ineos Grenadiers rider Ben Turner has escaped injury after a strange crash at In Flanders Fields sent him somersaulting across the road.<\/p>\n<div id=\"ad-unit-1\" class=\"ad-unit\"><\/div>\n<p>The Briton hasn&#8217;t had the best of luck in recent races during the spring Classics, with his race at Friday&#8217;s E3 Saxo Classic coming to an end after suffering a mechanical at the vital Taaienberg climb.<\/p>\n<p><a id=\"elk-seasonal\"><\/a><\/p>\n<aside data-block-type=\"embed\" data-render-type=\"fte\" data-skip=\"dealsy\" data-widget-type=\"seasonal\" class=\"hawk-root\"><\/aside>\n<p id=\"elk-5adc5475-ce8d-4ef9-9309-d185310b962b-2\" class=\"paywall\" aria-hidden=\"true\">On Sunday, he notched another DNF after getting tangled with another rider with 50km to run in the 240km race.<\/p>\n<p><span class=\"article-continues-below block py-2 text-sm\">Article continues below <\/span><\/p>\n<div id=\"mid-article-leaderboard\" class=\"ad-unit sm:hidden block\"><\/div>\n<div class=\"van_vid_carousel\">\n<div class=\"van_vid_carousel__padding\">\n<div class=\"van_vid_carousel__container\">\n<div class=\"jw-carousel-signposting\"><span class=\"jw-carousel-signposting__title\"><\/span><\/div>\n<\/div>\n<\/div>\n<\/div>\n<aside data-component-name=\"Recirculation:ArticleRiver\" data-recirculation-type=\"inline\" data-mrf-recirculation=\"Trending Bar\" data-nosnippet class=\"clear-both pb-0 pt-2 mb-4\">\n        <span class=\"\n            flex\n            after:content-[''] after:flex-1 after:ml-4 after:my-[0.7rem] after:border-t after:border-solid after:border-t-[#ccc]\n            before:content-[''] before:flex-1 before:mr-4 before:my-[0.7rem] before:border-t before:border-solid before:border-t-[#ccc]\n            font-article-heading pb-0 !text-base uppercase sm:text-sm font-bold\n        \"><br \/>\n            You may like<br \/>\n        <\/span><\/p>\n<ul class=\"flex flex-col gap-0 m-0\">\n<li class=\"m-0 list-none border-b border-solid border-[#ededed] py-2\" data-recirculation-id=\"recirculation-card-1\" data-analytics-id=\"recirculation-inline-1\" data-mrf-recirculation=\"recirculation-inline-1\">\n<p>    <img decoding=\"async\" src=\"https:\/\/cdn.mos.cms.futurecdn.net\/Haeie96SWL7fLYdxXAVx5F.jpg\" alt=\"LOULE, PORTUGAL - FEBRUARY 22: Stefan Kung of Switzerland and Team Tudor Pro Cycling competes during the 52nd Volta ao Algarve em Bicicleta 2026, Stage 5 a 148.4km stage from Faro to Malhao - Loule 512m on February 22, 2026 in Loule, Portugal. (Photo by Dario Belingheri\/Getty Images)\" loading=\"lazy\" class=\"aspect-square size-[75px] object-cover flex-shrink-0 rounded-lg\"><\/p>\n<p>                        <span class=\"\n                            w-full font-article-heading line-clamp-3 md:line-clamp-2 text-base font-medium\">Major fractures for Stefan K\u00fcng and Ben Swift as injury fallout from crash-ridden Omloop Het Nieuwsblad continues<\/span><\/p>\n<\/li>\n<li class=\"m-0 list-none border-b border-solid border-[#ededed] py-2\" data-recirculation-id=\"recirculation-card-2\" data-analytics-id=\"recirculation-inline-2\" data-mrf-recirculation=\"recirculation-inline-2\">\n<p>    <img decoding=\"async\" src=\"https:\/\/cdn.mos.cms.futurecdn.net\/mwe9Bm8ooTrWWxn83jW3CS.jpg\" alt=\"NIVONE, BELGIUM - FEBRUARY 28: (L-R) Kaden Groves of Australia and Team Alpecin-Premier Tech and Tim Wellens of Belgium and UAE Team Emirates - XRG compete during the 21st Omloop Het Nieuwsblad 2026, Men&amp;amp;apos;s Elite a 207.2km one day race from Ghent to Ninove \/ #UCIWT \/ on February 28, 2026 in Ninove, Belgium. (Photo by Tim de Waele\/Getty Images)\" loading=\"lazy\" class=\"aspect-square size-[75px] object-cover flex-shrink-0 rounded-lg\"><\/p>\n<p>                        <span class=\"\n                            w-full font-article-heading line-clamp-3 md:line-clamp-2 text-base font-medium\">Tim Wellens latest big name to break a bone in Opening Weekend as more crashes affect Kuurne-Brussel-Kuurne<\/span><\/p>\n<\/li>\n<li class=\"m-0 list-none border-b border-solid border-[#ccc] py-2\" data-recirculation-id=\"recirculation-card-3\" data-analytics-id=\"recirculation-inline-3\" data-mrf-recirculation=\"recirculation-inline-3\">\n<p>    <img decoding=\"async\" src=\"https:\/\/cdn.mos.cms.futurecdn.net\/Lk7kejsz7kmSLaN4BUMG7R.jpg\" alt=\"Belgian Jasper Philipsen of Alpecin-Premier Tech celebrates after winning the men elite &amp;#039;Middelkerke-Wevelgem - In Flanders Fields&amp;#039; one day cycling race, 240.8 km from Middelkerke to Wevelgem, on Sunday 29 March 2026. BELGA PHOTO ELIAS ROM (Photo by ELIAS ROM \/ BELGA MAG \/ Belga via AFP)\" loading=\"lazy\" class=\"aspect-square size-[75px] object-cover flex-shrink-0 rounded-lg\"><\/p>\n<p>                        <span class=\"\n                            w-full font-article-heading line-clamp-3 md:line-clamp-2 text-base font-medium\">As it happened: In Flanders Fields Men ends in group sprint after late catch of breakaway <\/span><\/p>\n<\/li>\n<\/ul>\n<\/aside>\n<p class=\"paywall\" aria-hidden=\"true\">Turner lost control and swerved across the road before flipping over and falling hard on his back. He was unable to continue the race, but luckily avoided any serious injury.<\/p>\n<div id=\"ad-unit-2\" class=\"ad-unit\"><\/div>\n<p class=\"paywall\" aria-hidden=\"true\">The 26-year-old took to Instagram on Monday to explain the accident.<\/p>\n<p class=\"paywall\" aria-hidden=\"true\">&#8220;Not my luck the last races, mechanical on Taaienberg in E3 and getting my bars tangled with another rider in Wevelgem. Fortunately, I practised front flips on my bed as a child,&#8221; he wrote.<\/p>\n<p>&#8220;Considering the crash, I\u2019m happy to come out of it how I did with nothing broken, just feel like Mike Tyson punched me in the back. Let&#8217;s see what\u2019s possible for the following races in the next days\u2026&#8221;<\/p>\n<div id=\"slice-container-newsletterForm-articleInbodyContent-RVtkFiahqYDiNdhEc84xGc\" class=\"slice-container newsletter-inbodyContent-slice newsletterForm-articleInbodyContent-RVtkFiahqYDiNdhEc84xGc slice-container-newsletterForm\">\n<div data-hydrate=\"true\" class=\"newsletter-form__wrapper newsletter-form__wrapper--inbodyContent\">\n<div class=\"newsletter-form__container\">\n<section class=\"newsletter-form__top-bar\">\n<div class=\"newsletter-form__header\">Get The Leadout Newsletter<\/div>\n<\/section>\n<section class=\"newsletter-form__main-section\">\n<p class=\"newsletter-form__strapline\">The latest race content, interviews, features, reviews and expert buying guides, direct to your inbox!<\/p>\n<footer class=\"newsletter-form__footer \">By submitting your information you agree to the Terms &amp; Conditions and Privacy Policy and are aged 16 or over.<\/footer>\n<\/section>\n<\/div>\n<\/div>\n<\/div>\n<p class=\"paywall\" aria-hidden=\"true\">Jasper Philipsen (Alpecin-Premier Tech) went on to win In Flanders Fields, beating Tobias Lund Andresen (Decathlon CMA-CGM) in a bunch sprint. Turner&#8217;s fellow Briton, Samuel Watson, was Ineos Grenadiers&#8217; best finisher, taking 17th at the finish.<\/p>\n<p class=\"paywall\" aria-hidden=\"true\">Turner is set to miss Dwars door Vlaanderen on Wednesday following the fall, with Ineos Grenadiers calling up Artem Shmidt to replace him.<\/p>\n<p class=\"paywall\" aria-hidden=\"true\">It remains to be seen whether he&#8217;ll be fit enough to contest the Tour of Flanders and Paris-Roubaix, however.<\/p>\n<p class=\"paywall\" aria-hidden=\"true\">He&#8217;s on the provisional startlist for the former, while Filippo Ganna and Josh Tarling are set to lead Ineos at the latter.<\/p>\n<div class=\"instagram-embed\" id=\"elk-DWgZlwICDxR\">\n<blockquote class=\"instagram-media\" data-instgrm-captioned data-instgrm-version=\"6\">\n<p>A post shared by Ben Turner (@benelliotturner)<\/p>\n<p>A photo posted by on <\/p>\n<\/blockquote>\n<\/div>\n<div class=\"see-more see-more--clipped\" id=\"elk-2038297071552209281\">\n<blockquote class=\"twitter-tweet hawk-ignore\" data-lang=\"en\">\n<p lang=\"en\" dir=\"ltr\">\ud83d\ude28 La ca\u00edda m\u00e1s rara del d\u00eda, de la semana, del mes&#8230; \u00a1y puede que de lo que va de a\u00f1o!\u203c\ufe0f La ca\u00edda de Ben Turner en la In Flanders Fields que acab\u00f3 por suponer el abandono del corredor del INEOS Greandiers#IFF26 pic.twitter.com\/Ghp5ff8T1DMarch 29, 2026<\/p>\n<\/blockquote>\n<div class=\"see-more__filter\"><\/div>\n<\/div>\n<p id=\"elk-cde599dd-df52-4c94-b542-912da4dcaa51\"><em><strong>Get unlimited access to our unrivalled 2026 Spring Classics coverage with a Cyclingnews subscription. We&#8217;ll bring you breaking news, reports, and analysis from some of the biggest races on the calendar, including Milan-San Remo, Paris-Roubaix and the Tour of Flanders. <\/strong><\/em><u><em><strong>Find out more.<\/strong><\/em><\/u><\/p>\n<\/div>\n<div id=\"kiosq-app-paywall-js\"><\/div>\n<div id=\"this-will-be-used-for-mpu-2\"><\/div>\n<div class=\"block mb-5\" id=\"articleTag\" data-component-name=\"PostArticleLinks\" data-nosnippet data-mrf-recirculation=\"post-article-links\">\n<div class=\"border-b border-b-black border-solid py-2.5 text-black font-bold uppercase\">TOPICS<\/div>\n<nav class=\"py-2.5 flex gap-2.5 flex-wrap\" data-analytics-id=\"article-tag\" data-mrf-recirculation=\"article-tag\">\n<p>Road<\/p>\n<\/nav>\n<\/div>\n<div id=\"slice-container-authorBio-RVtkFiahqYDiNdhEc84xGc\" class=\"slice-container slice-author-bio authorBio-RVtkFiahqYDiNdhEc84xGc slice-container-authorBio\">\n<div class=\"author author__default-layout author--separator author--collapsible\" data-hydrate=\"true\">\n<div class=\"author__header\">\n<div class=\"author__avatar-block\">\n<figure class=\"image-wrapped__wrapper\" data-bordeaux-image-check=\"false\">\n<div class=\"image-wrapped__widthsetter\">\n<div class=\"image-wrapped__aspect-padding\">\n<div><img decoding=\"async\" src=\"https:\/\/cdn.mos.cms.futurecdn.net\/PSRUchRz7RcBeXHn7hDvCh.jpg\" alt=\"Dani Ostanek\" class=\"author__avatar image-wrapped__image image__image\" loading=\"lazy\"><\/div>\n<\/div>\n<\/div>\n<\/figure>\n<\/div>\n<div class=\"author__heading\">\n<div class=\"author__name\">Dani Ostanek<\/div>\n<div class=\"author__social\">\n<nav class=\"button-social-group author__social-buttons\" aria-labelledby=\"button-social-group- author__social-buttons\">\n<div id=\"button-social-group- author__social-buttons\">Social Links Navigation<\/div>\n<p><span class=\"button-social__icon button-social__icon-website\"><\/span><span class=\"button-social__icon button-social__icon-email\"><\/span><\/nav>\n<\/div>\n<div class=\"author__role\">Senior News Writer<\/div>\n<\/div>\n<\/div>\n<div class=\"author__bio-wrapper\">\n<div class=\"author__biography\">\n<p>Dani Ostanek is Senior News Writer at Cyclingnews, having joined in 2017 as a freelance contributor, later being hired full-time. Her favourite races include Strade Bianche, the Tour de France Femmes, Paris-Roubaix, and Tro-Bro L\u00e9on.<\/p>\n<\/div>\n<\/div>\n<\/div>\n<\/div>\n<\/section>\n<div id=\"viafoura-comments\" aria-hidden=\"true\"><\/div>\n<div class=\"mt-6 lg:px-0 relative max-w-[1070px] mx-auto viafoura-twig-component px-4\" data-component-name=\"Viafoura:Comments\" data-nosnippet data-community-guidelines-text=\"&lt;p class='vfcustom-community-guidelines'&gt;Please follow our &lt;a href=&quot;https:\/\/www.cyclingnews.com\/about\/#section-community-guidelines&quot; target=&quot;_blank&quot;&gt;community guidelines&lt;\/a&gt;.&lt;\/p&gt;\" data-join-the-conversation-text=\"Join the Conversation\">\n<div class=\"relative h-[--truncate-height] sm:h-[--truncate-desktop-height] overflow-hidden transition-[height] duration-150\" data-test-id=\"container\" data-component-name=\"Util:Truncate\" id=\"viafoura-comments-container\">\n<div class=\"relative z-10 viafoura\" id=\"viafoura-comment-wrapper\" data-test-id=\"content\">\n<div class=\"viafoura\">\n<div>\n<\/div>\n<\/div>\n<\/div>\n<div class=\"absolute bg-gradient-to-t from-[--truncate-gradient-color,white] from-50% h-28 z-20 w-full bottom-0 flex items-end justify-center px-0 rounded-none\">\n<\/div>\n<\/div>\n<div class=\"absolute top-0 left-0 w-full h-full flex items-center justify-center z-50 bg-white\/90 border-1\">\n<div class=\"p-2 text-center\">\n<p class=\"mb-3 !text-lg\">You must confirm your public display name before commenting<\/p>\n<p class=\"mb-3 !text-sm\">Please logout and then login again, you will then be prompted to enter your display name.<\/p>\n<\/div>\n<\/div>\n<\/div>\n<div class=\"infinite-container\" data-analytics-id=\"infinite-container\" data-component-name=\"SponsoredScroll\" data-mrf-recirculation=\"infinite-container\">\n<div class=\"infinite-trigger\" aria-hidden=\"true\"><\/div>\n<\/div>\n<section class=\"mx-2 my-5 sm:mx-0\">\n<aside class=\"w-full\" data-nosnippet data-mrf-recirculation=\"article-river-stacked\">\n<div data-recirc-id=\"article-river-stacked-adviser:hybrid\">\n<div class=\"text-white py-4 px-3 mb-4 bg-[#333] uppercase font-bold custom-header-styles\">Read more<\/div>\n<div class=\"grid grid-cols-1 gap-4 mt-4 mb-5\">\n<div>\n<div class=\"aspect-[--img-listing-aspect-ratio,16\/9] relative mb-3.5\">\n<p>    <img decoding=\"async\" src=\"https:\/\/cdn.mos.cms.futurecdn.net\/Haeie96SWL7fLYdxXAVx5F.jpg\" alt=\"LOULE, PORTUGAL - FEBRUARY 22: Stefan Kung of Switzerland and Team Tudor Pro Cycling competes during the 52nd Volta ao Algarve em Bicicleta 2026, Stage 5 a 148.4km stage from Faro to Malhao - Loule 512m on February 22, 2026 in Loule, Portugal. (Photo by Dario Belingheri\/Getty Images)\" loading=\"lazy\" class=\"object-cover w-full h-full\"><\/p><\/div>\n<p>                                                                                                <span class=\"custom-subheading-styles\">Teams &amp; Riders<\/span><\/p>\n<p>                            <span class=\"text-base text-black font-bold mx-0 my-2.5 p-0 block custom-text-styles\">Major fractures for Stefan K\u00fcng and Ben Swift as injury fallout from crash-ridden Omloop Het Nieuwsblad continues<\/span><\/p><\/div>\n<div class=\"relative recirc-feed sponsored-card min-h-[250px]\" data-recirc-id=\"article-river-stacked-ads:native-cards\" data-mrf-recirculation=\"article-river-ads\" data-nosnippet data-ad-slot-path=\"feed-sponsored-post\" data-attribute-device=\"all\">\n<div class=\"sponsored-post max-w-full [&amp;.sponsored-post--loaded+.sponsored-post--placeholder]:hidden [&amp;[data-bordeaux-hook-loaded]+.sponsored-post--placeholder]:hidden\"><\/div>\n<div class=\"sponsored-post--placeholder max-w-full animate-pulse\">\n        <span><br \/>\n            <span class=\"font-ui-heading bg-[--ad-slot-badge-bg-color] absolute text-xs font-bold leading-[14px] tracking-normal text-left text-white px-2.5 py-[5px] left-0 top-0 empty:hidden\"><\/span><\/p>\n<div class=\"aspect-[--img-listing-aspect-ratio,16\/9] relative bg-gray-200\"><\/div>\n<p>            <span class=\"text-base text-black font-bold mx-0 my-2.5 p-0 block bg-gray-100\">\u00a0<br \/>\u00a0<\/span><br \/>\n        <\/span>\n    <\/div>\n<\/div>\n<div>\n<div class=\"aspect-[--img-listing-aspect-ratio,16\/9] relative mb-3.5\">\n<p>    <img decoding=\"async\" src=\"https:\/\/cdn.mos.cms.futurecdn.net\/mwe9Bm8ooTrWWxn83jW3CS.jpg\" alt=\"NIVONE, BELGIUM - FEBRUARY 28: (L-R) Kaden Groves of Australia and Team Alpecin-Premier Tech and Tim Wellens of Belgium and UAE Team Emirates - XRG compete during the 21st Omloop Het Nieuwsblad 2026, Men&amp;amp;apos;s Elite a 207.2km one day race from Ghent to Ninove \/ #UCIWT \/ on February 28, 2026 in Ninove, Belgium. (Photo by Tim de Waele\/Getty Images)\" loading=\"lazy\" class=\"object-cover w-full h-full\"><\/p><\/div>\n<p>                                                                                                <span class=\"custom-subheading-styles\">Teams &amp; Riders<\/span><\/p>\n<p>                            <span class=\"text-base text-black font-bold mx-0 my-2.5 p-0 block custom-text-styles\">Tim Wellens latest big name to break a bone in Opening Weekend as more crashes affect Kuurne-Brussel-Kuurne<\/span><\/p><\/div>\n<div class=\"relative recirc-feed sponsored-card min-h-[250px]\" data-recirc-id=\"article-river-stacked-ads:native-cards\" data-mrf-recirculation=\"article-river-ads\" data-nosnippet data-ad-slot-path=\"feed-sponsored-post\" data-attribute-device=\"all\">\n<div class=\"sponsored-post max-w-full [&amp;.sponsored-post--loaded+.sponsored-post--placeholder]:hidden [&amp;[data-bordeaux-hook-loaded]+.sponsored-post--placeholder]:hidden\"><\/div>\n<div class=\"sponsored-post--placeholder max-w-full animate-pulse\">\n        <span><br \/>\n            <span class=\"font-ui-heading bg-[--ad-slot-badge-bg-color] absolute text-xs font-bold leading-[14px] tracking-normal text-left text-white px-2.5 py-[5px] left-0 top-0 empty:hidden\"><\/span><\/p>\n<div class=\"aspect-[--img-listing-aspect-ratio,16\/9] relative bg-gray-200\"><\/div>\n<p>            <span class=\"text-base text-black font-bold mx-0 my-2.5 p-0 block bg-gray-100\">\u00a0<br \/>\u00a0<\/span><br \/>\n        <\/span>\n    <\/div>\n<\/div>\n<div>\n<div class=\"aspect-[--img-listing-aspect-ratio,16\/9] relative mb-3.5\">\n<p>    <img decoding=\"async\" src=\"https:\/\/cdn.mos.cms.futurecdn.net\/Lk7kejsz7kmSLaN4BUMG7R.jpg\" alt=\"Belgian Jasper Philipsen of Alpecin-Premier Tech celebrates after winning the men elite &amp;#039;Middelkerke-Wevelgem - In Flanders Fields&amp;#039; one day cycling race, 240.8 km from Middelkerke to Wevelgem, on Sunday 29 March 2026. BELGA PHOTO ELIAS ROM (Photo by ELIAS ROM \/ BELGA MAG \/ Belga via AFP)\" loading=\"lazy\" class=\"object-cover w-full h-full\"><\/p><\/div>\n<p>                                                                                                <span class=\"custom-subheading-styles\">Racing<\/span><\/p>\n<p>                            <span class=\"text-base text-black font-bold mx-0 my-2.5 p-0 block custom-text-styles\">As it happened: In Flanders Fields Men ends in group sprint after late catch of breakaway <\/span><\/p><\/div>\n<div class=\"relative recirc-feed sponsored-card min-h-[250px]\" data-recirc-id=\"article-river-stacked-ads:native-cards\" data-mrf-recirculation=\"article-river-ads\" data-nosnippet data-ad-slot-path=\"feed-sponsored-post\" data-attribute-device=\"all\">\n<div class=\"sponsored-post max-w-full [&amp;.sponsored-post--loaded+.sponsored-post--placeholder]:hidden [&amp;[data-bordeaux-hook-loaded]+.sponsored-post--placeholder]:hidden\"><\/div>\n<div class=\"sponsored-post--placeholder max-w-full animate-pulse\">\n        <span><br \/>\n            <span class=\"font-ui-heading bg-[--ad-slot-badge-bg-color] absolute text-xs font-bold leading-[14px] tracking-normal text-left text-white px-2.5 py-[5px] left-0 top-0 empty:hidden\"><\/span><\/p>\n<div class=\"aspect-[--img-listing-aspect-ratio,16\/9] relative bg-gray-200\"><\/div>\n<p>            <span class=\"text-base text-black font-bold mx-0 my-2.5 p-0 block bg-gray-100\">\u00a0<br \/>\u00a0<\/span><br \/>\n        <\/span>\n    <\/div>\n<\/div>\n<div>\n<div class=\"aspect-[--img-listing-aspect-ratio,16\/9] relative mb-3.5\">\n<p>    <img decoding=\"async\" src=\"https:\/\/cdn.mos.cms.futurecdn.net\/UNiVMcCz4xbtX4sB4inqrM.jpg\" alt=\"Mathieu van der Poel puts on a jacket after winning Omloop Het Nieuwsblad 2026\" loading=\"lazy\" class=\"object-cover w-full h-full\"><\/p><\/div>\n<p>                                                                                                <span class=\"custom-subheading-styles\">Teams &amp; Riders<\/span><\/p>\n<p>                            <span class=\"text-base text-black font-bold mx-0 my-2.5 p-0 block custom-text-styles\">Tudor rider breaks two teeth, Mathieu van der Poel makes a miraculous save, De Lie calls Omloop Het Nieuwsblad edition &#8216;The most dangerous Omloop of my life&#8217;<\/span><\/p><\/div>\n<div class=\"relative recirc-feed sponsored-card min-h-[250px]\" data-recirc-id=\"article-river-stacked-ads:native-cards\" data-mrf-recirculation=\"article-river-ads\" data-nosnippet data-ad-slot-path=\"feed-sponsored-post\" data-attribute-device=\"all\">\n<div class=\"sponsored-post max-w-full [&amp;.sponsored-post--loaded+.sponsored-post--placeholder]:hidden [&amp;[data-bordeaux-hook-loaded]+.sponsored-post--placeholder]:hidden\"><\/div>\n<div class=\"sponsored-post--placeholder max-w-full animate-pulse\">\n        <span><br \/>\n            <span class=\"font-ui-heading bg-[--ad-slot-badge-bg-color] absolute text-xs font-bold leading-[14px] tracking-normal text-left text-white px-2.5 py-[5px] left-0 top-0 empty:hidden\"><\/span><\/p>\n<div class=\"aspect-[--img-listing-aspect-ratio,16\/9] relative bg-gray-200\"><\/div>\n<p>            <span class=\"text-base text-black font-bold mx-0 my-2.5 p-0 block bg-gray-100\">\u00a0<br \/>\u00a0<\/span><br \/>\n        <\/span>\n    <\/div>\n<\/div>\n<div>\n<div class=\"aspect-[--img-listing-aspect-ratio,16\/9] relative mb-3.5\">\n<p>    <img decoding=\"async\" src=\"https:\/\/cdn.mos.cms.futurecdn.net\/DN3SicTxe32mvvfj5qxj9P.jpg\" alt=\"ADELAIDE, AUSTRALIA - JANUARY 20: Marius Mayrhofer of Germany and Tudor Pro Cycling Team competes during the 26th Santos Tour Down Under 2026 - Prologue a 3.6km individual time trial stage from Adelaide to Adelaide \/ #UCIWT \/ on January 20, 2026 in Adelaide, Australia. (Photo by Con Chronis\/Getty Images)\" loading=\"lazy\" class=\"object-cover w-full h-full\"><\/p><\/div>\n<p>                                                                                                <span class=\"custom-subheading-styles\">Racing<\/span><\/p>\n<p>                            <span class=\"text-base text-black font-bold mx-0 my-2.5 p-0 block custom-text-styles\">Marius Mayrhofer suffers multiple fractures in Tour Down Under crash, whilst brain scan all clear for Max van der Meulen<\/span><\/p><\/div>\n<div class=\"relative recirc-feed sponsored-card min-h-[250px]\" data-recirc-id=\"article-river-stacked-ads:native-cards\" data-mrf-recirculation=\"article-river-ads\" data-nosnippet data-ad-slot-path=\"feed-sponsored-post\" data-attribute-device=\"all\">\n<div class=\"sponsored-post max-w-full [&amp;.sponsored-post--loaded+.sponsored-post--placeholder]:hidden [&amp;[data-bordeaux-hook-loaded]+.sponsored-post--placeholder]:hidden\"><\/div>\n<div class=\"sponsored-post--placeholder max-w-full animate-pulse\">\n        <span><br \/>\n            <span class=\"font-ui-heading bg-[--ad-slot-badge-bg-color] absolute text-xs font-bold leading-[14px] tracking-normal text-left text-white px-2.5 py-[5px] left-0 top-0 empty:hidden\"><\/span><\/p>\n<div class=\"aspect-[--img-listing-aspect-ratio,16\/9] relative bg-gray-200\"><\/div>\n<p>            <span class=\"text-base text-black font-bold mx-0 my-2.5 p-0 block bg-gray-100\">\u00a0<br \/>\u00a0<\/span><br \/>\n        <\/span>\n    <\/div>\n<\/div>\n<div>\n<div class=\"aspect-[--img-listing-aspect-ratio,16\/9] relative mb-3.5\">\n<p>    <img decoding=\"async\" src=\"https:\/\/cdn.mos.cms.futurecdn.net\/w25nhRTSb4GbCdLjkUEjdj.jpg\" alt=\"Damien Touz\u00e9 during the 2026 Tour of Oman\" loading=\"lazy\" class=\"object-cover w-full h-full\"><\/p><\/div>\n<p>                                                                                                <span class=\"custom-subheading-styles\">Teams &amp; Riders<\/span><\/p>\n<p>                            <span class=\"text-base text-black font-bold mx-0 my-2.5 p-0 block custom-text-styles\">&#8216;Bikes now are pieces of wood, they&#8217;re no longer suitable&#8217; \u2013 Damien Touz\u00e9 highlights safety concerns after life-threatening horror crash at Tour of Oman<\/span><\/p><\/div>\n<div class=\"relative recirc-feed sponsored-card min-h-[250px]\" data-recirc-id=\"article-river-stacked-ads:native-cards\" data-mrf-recirculation=\"article-river-ads\" data-nosnippet data-ad-slot-path=\"feed-sponsored-post\" data-attribute-device=\"all\">\n<div class=\"sponsored-post max-w-full [&amp;.sponsored-post--loaded+.sponsored-post--placeholder]:hidden [&amp;[data-bordeaux-hook-loaded]+.sponsored-post--placeholder]:hidden\"><\/div>\n<div class=\"sponsored-post--placeholder max-w-full animate-pulse\">\n        <span><br \/>\n            <span class=\"font-ui-heading bg-[--ad-slot-badge-bg-color] absolute text-xs font-bold leading-[14px] tracking-normal text-left text-white px-2.5 py-[5px] left-0 top-0 empty:hidden\"><\/span><\/p>\n<div class=\"aspect-[--img-listing-aspect-ratio,16\/9] relative bg-gray-200\"><\/div>\n<p>            <span class=\"text-base text-black font-bold mx-0 my-2.5 p-0 block bg-gray-100\">\u00a0<br \/>\u00a0<\/span><br \/>\n        <\/span>\n    <\/div>\n<\/div><\/div>\n<\/p><\/div>\n<\/aside>\n<aside class=\"w-full\" data-nosnippet data-mrf-recirculation=\"article-river-stacked\">\n<div data-recirc-id=\"article-river-stacked-solr:latest-category\">\n<div class=\"text-white py-4 px-3 mb-4 bg-[#333] uppercase font-bold custom-header-styles\">Latest in Teams &amp; Riders<\/div>\n<div class=\"grid grid-cols-1 gap-4 mt-4 mb-5\">\n<div>\n<div class=\"aspect-[--img-listing-aspect-ratio,16\/9] relative mb-3.5\">\n<p>    <img decoding=\"async\" src=\"https:\/\/cdn.mos.cms.futurecdn.net\/GMa4ASYgRv25ymMnYxb5Wo.jpg\" alt=\"Luke Fetzer (Team Cadence Cyclery p\/b Encore Wire) rides to solo win at 2025 Boise Twilight Criterium\" loading=\"lazy\" class=\"object-cover w-full h-full\"><\/p><\/div>\n<p>                                                                                                <span class=\"custom-subheading-styles\">Teams &amp; Riders<\/span><\/p>\n<p>                            <span class=\"text-base text-black font-bold mx-0 my-2.5 p-0 block custom-text-styles\">&#8216;They told us they were going to kill us&#8217; &#8211; Aggressive driver arrested for endangering US criterium champion after video of road rage incident went viral<\/span><\/p><\/div>\n<div class=\"relative recirc-feed sponsored-card min-h-[250px]\" data-recirc-id=\"article-river-stacked-ads:native-cards\" data-mrf-recirculation=\"article-river-ads\" data-nosnippet data-ad-slot-path=\"feed-sponsored-post\" data-attribute-device=\"all\">\n<div class=\"sponsored-post max-w-full [&amp;.sponsored-post--loaded+.sponsored-post--placeholder]:hidden [&amp;[data-bordeaux-hook-loaded]+.sponsored-post--placeholder]:hidden\"><\/div>\n<div class=\"sponsored-post--placeholder max-w-full animate-pulse\">\n        <span><br \/>\n            <span class=\"font-ui-heading bg-[--ad-slot-badge-bg-color] absolute text-xs font-bold leading-[14px] tracking-normal text-left text-white px-2.5 py-[5px] left-0 top-0 empty:hidden\"><\/span><\/p>\n<div class=\"aspect-[--img-listing-aspect-ratio,16\/9] relative bg-gray-200\"><\/div>\n<p>            <span class=\"text-base text-black font-bold mx-0 my-2.5 p-0 block bg-gray-100\">\u00a0<br \/>\u00a0<\/span><br \/>\n        <\/span>\n    <\/div>\n<\/div>\n<div>\n<div class=\"aspect-[--img-listing-aspect-ratio,16\/9] relative mb-3.5\">\n<p>    <img decoding=\"async\" src=\"https:\/\/cdn.mos.cms.futurecdn.net\/fbhKqCBHZEF9DZz5i55KoT.webp\" alt=\"Skier \u00c9milien Jacquelin has signed for Decathlon CMA CGM\" loading=\"lazy\" class=\"object-cover w-full h-full\"><\/p><\/div>\n<p>                                                                                                <span class=\"custom-subheading-styles\">Teams &amp; Riders<\/span><\/p>\n<p>                            <span class=\"text-base text-black font-bold mx-0 my-2.5 p-0 block custom-text-styles\">&#8216;Strong athletic potential and a high VO2 max&#8217; \u2013 Decathlon CMA CGM sign skier and four-time Olympic medallist \u00c9milien Jacquelin for NewGen Devo team project<\/span><\/p><\/div>\n<div class=\"relative recirc-feed sponsored-card min-h-[250px]\" data-recirc-id=\"article-river-stacked-ads:native-cards\" data-mrf-recirculation=\"article-river-ads\" data-nosnippet data-ad-slot-path=\"feed-sponsored-post\" data-attribute-device=\"all\">\n<div class=\"sponsored-post max-w-full [&amp;.sponsored-post--loaded+.sponsored-post--placeholder]:hidden [&amp;[data-bordeaux-hook-loaded]+.sponsored-post--placeholder]:hidden\"><\/div>\n<div class=\"sponsored-post--placeholder max-w-full animate-pulse\">\n        <span><br \/>\n            <span class=\"font-ui-heading bg-[--ad-slot-badge-bg-color] absolute text-xs font-bold leading-[14px] tracking-normal text-left text-white px-2.5 py-[5px] left-0 top-0 empty:hidden\"><\/span><\/p>\n<div class=\"aspect-[--img-listing-aspect-ratio,16\/9] relative bg-gray-200\"><\/div>\n<p>            <span class=\"text-base text-black font-bold mx-0 my-2.5 p-0 block bg-gray-100\">\u00a0<br \/>\u00a0<\/span><br \/>\n        <\/span>\n    <\/div>\n<\/div>\n<div>\n<div class=\"aspect-[--img-listing-aspect-ratio,16\/9] relative mb-3.5\">\n<p>    <img decoding=\"async\" src=\"https:\/\/cdn.mos.cms.futurecdn.net\/LcHV4scDifcYtpPXLbFYE5.png\" alt=\"DENAIN, FRANCE - MARCH 19: Alec Segaert of Belgium and Team Bahrain - Victorious celebrates at finish line as race winner during the 67th Grand Prix de Denain - Porte du Hainaut 2026 a 200.4km one day race from Denain to Denain on March 19, 2026 in Denain, France. (Photo by Luc Claessen\/Getty Images)\" loading=\"lazy\" class=\"object-cover w-full h-full\"><\/p><\/div>\n<p>                                                                                                <span class=\"custom-subheading-styles\">Teams &amp; Riders<\/span><\/p>\n<p>                            <span class=\"text-base text-black font-bold mx-0 my-2.5 p-0 block custom-text-styles\">A dark horse for the podium at Tour of Flanders and Paris-Roubaix? \u2013 Cycling&#8217;s new late attacker is making his presence impossible to ignore<\/span><\/p><\/div>\n<div class=\"relative recirc-feed sponsored-card min-h-[250px]\" data-recirc-id=\"article-river-stacked-ads:native-cards\" data-mrf-recirculation=\"article-river-ads\" data-nosnippet data-ad-slot-path=\"feed-sponsored-post\" data-attribute-device=\"all\">\n<div class=\"sponsored-post max-w-full [&amp;.sponsored-post--loaded+.sponsored-post--placeholder]:hidden [&amp;[data-bordeaux-hook-loaded]+.sponsored-post--placeholder]:hidden\"><\/div>\n<div class=\"sponsored-post--placeholder max-w-full animate-pulse\">\n        <span><br \/>\n            <span class=\"font-ui-heading bg-[--ad-slot-badge-bg-color] absolute text-xs font-bold leading-[14px] tracking-normal text-left text-white px-2.5 py-[5px] left-0 top-0 empty:hidden\"><\/span><\/p>\n<div class=\"aspect-[--img-listing-aspect-ratio,16\/9] relative bg-gray-200\"><\/div>\n<p>            <span class=\"text-base text-black font-bold mx-0 my-2.5 p-0 block bg-gray-100\">\u00a0<br \/>\u00a0<\/span><br \/>\n        <\/span>\n    <\/div>\n<\/div>\n<div>\n<div class=\"aspect-[--img-listing-aspect-ratio,16\/9] relative mb-3.5\">\n<p>    <img decoding=\"async\" src=\"https:\/\/cdn.mos.cms.futurecdn.net\/5GZmJZf8qmx8Kyc3E4yqyX.jpg\" alt=\"TEULADA MORAIRA, SPAIN - FEBRUARY 07: Remco Evenepoel of Belgium and Team Red Bull - BORA - hansgrohe celebrates at finish line as stage winner during the 77th Volta Comunitat Valenciana 2026, Stage 4 a 172km stage from La Nucia to Teulada Moraira on February 07, 2026 in Teulada Moraira, Spain. (Photo by Szymon Gruchalski\/Getty Images)\" loading=\"lazy\" class=\"object-cover w-full h-full\"><\/p><\/div>\n<p>                                                                                                <span class=\"custom-subheading-styles\">Teams &amp; Riders<\/span><\/p>\n<p>                            <span class=\"text-base text-black font-bold mx-0 my-2.5 p-0 block custom-text-styles\">Red Bull-Bora-Hansgrohe have the makings of a great Tour of Flanders team, but is Remco Evenepoel the missing piece for taking on Poga\u010dar and Van der Poel?<\/span><\/p><\/div>\n<div class=\"relative recirc-feed sponsored-card min-h-[250px]\" data-recirc-id=\"article-river-stacked-ads:native-cards\" data-mrf-recirculation=\"article-river-ads\" data-nosnippet data-ad-slot-path=\"feed-sponsored-post\" data-attribute-device=\"all\">\n<div class=\"sponsored-post max-w-full [&amp;.sponsored-post--loaded+.sponsored-post--placeholder]:hidden [&amp;[data-bordeaux-hook-loaded]+.sponsored-post--placeholder]:hidden\"><\/div>\n<div class=\"sponsored-post--placeholder max-w-full animate-pulse\">\n        <span><br \/>\n            <span class=\"font-ui-heading bg-[--ad-slot-badge-bg-color] absolute text-xs font-bold leading-[14px] tracking-normal text-left text-white px-2.5 py-[5px] left-0 top-0 empty:hidden\"><\/span><\/p>\n<div class=\"aspect-[--img-listing-aspect-ratio,16\/9] relative bg-gray-200\"><\/div>\n<p>            <span class=\"text-base text-black font-bold mx-0 my-2.5 p-0 block bg-gray-100\">\u00a0<br \/>\u00a0<\/span><br \/>\n        <\/span>\n    <\/div>\n<\/div>\n<div>\n<div class=\"aspect-[--img-listing-aspect-ratio,16\/9] relative mb-3.5\">\n<p>    <img decoding=\"async\" src=\"https:\/\/cdn.mos.cms.futurecdn.net\/yXXQXCGbSBwgQtDapyEEA3.jpg\" alt=\"LA MOLINA, SPAIN - MARCH 27: Joao Almeida of Portugal and UAE Team Emirates - XRG crosses the finish line during the 105th Volta a Catalunya 2026, Stage 5 a 155.3km stage from La Seu d&amp;amp;apos;Urgell to La Molina\/Coll de Pal 2109m \/ #UCIWT \/ on March 27, 2026 in La Molina, Spain. (Photo by Szymon Gruchalski\/Getty Images)\" loading=\"lazy\" class=\"object-cover w-full h-full\"><\/p><\/div>\n<p>                                                                                                <span class=\"custom-subheading-styles\">Teams &amp; Riders<\/span><\/p>\n<p>                            <span class=\"text-base text-black font-bold mx-0 my-2.5 p-0 block custom-text-styles\">&#8216;I need to rest and see what&#8217;s wrong with me&#8217; \u2013 Jo\u00e3o Almeida off for medical tests after Volta a Catalunya struggles<\/span><\/p><\/div>\n<div class=\"relative recirc-feed sponsored-card min-h-[250px]\" data-recirc-id=\"article-river-stacked-ads:native-cards\" data-mrf-recirculation=\"article-river-ads\" data-nosnippet data-ad-slot-path=\"feed-sponsored-post\" data-attribute-device=\"all\">\n<div class=\"sponsored-post max-w-full [&amp;.sponsored-post--loaded+.sponsored-post--placeholder]:hidden [&amp;[data-bordeaux-hook-loaded]+.sponsored-post--placeholder]:hidden\"><\/div>\n<div class=\"sponsored-post--placeholder max-w-full animate-pulse\">\n        <span><br \/>\n            <span class=\"font-ui-heading bg-[--ad-slot-badge-bg-color] absolute text-xs font-bold leading-[14px] tracking-normal text-left text-white px-2.5 py-[5px] left-0 top-0 empty:hidden\"><\/span><\/p>\n<div class=\"aspect-[--img-listing-aspect-ratio,16\/9] relative bg-gray-200\"><\/div>\n<p>            <span class=\"text-base text-black font-bold mx-0 my-2.5 p-0 block bg-gray-100\">\u00a0<br \/>\u00a0<\/span><br \/>\n        <\/span>\n    <\/div>\n<\/div>\n<div>\n<div class=\"aspect-[--img-listing-aspect-ratio,16\/9] relative mb-3.5\">\n<p>    <img decoding=\"async\" src=\"https:\/\/cdn.mos.cms.futurecdn.net\/7cZHn64DUq8U5itRQmrUn7.jpg\" alt=\"Dutch Mathieu van der Poel of Alpecin-Premier Tech pictured at the start of the men elite &amp;#039;Middelkerke-Wevelgem - In Flanders Fields&amp;#039; one day cycling race, 240.8 km from Middelkerke to Wevelgem, on Sunday 29 March 2026. BELGA PHOTO JASPER JACOBS (Photo by JASPER JACOBS \/ BELGA MAG \/ Belga via AFP)\" loading=\"lazy\" class=\"object-cover w-full h-full\"><\/p><\/div>\n<p>                                                                                                <span class=\"custom-subheading-styles\">Teams &amp; Riders<\/span><\/p>\n<p>                            <span class=\"text-base text-black font-bold mx-0 my-2.5 p-0 block custom-text-styles\">Mathieu van der Poel retreats to Spain on private jet to fine-tune Tour of Flanders form<\/span><\/p><\/div>\n<div class=\"relative recirc-feed sponsored-card min-h-[250px]\" data-recirc-id=\"article-river-stacked-ads:native-cards\" data-mrf-recirculation=\"article-river-ads\" data-nosnippet data-ad-slot-path=\"feed-sponsored-post\" data-attribute-device=\"all\">\n<div class=\"sponsored-post max-w-full [&amp;.sponsored-post--loaded+.sponsored-post--placeholder]:hidden [&amp;[data-bordeaux-hook-loaded]+.sponsored-post--placeholder]:hidden\"><\/div>\n<div class=\"sponsored-post--placeholder max-w-full animate-pulse\">\n        <span><br \/>\n            <span class=\"font-ui-heading bg-[--ad-slot-badge-bg-color] absolute text-xs font-bold leading-[14px] tracking-normal text-left text-white px-2.5 py-[5px] left-0 top-0 empty:hidden\"><\/span><\/p>\n<div class=\"aspect-[--img-listing-aspect-ratio,16\/9] relative bg-gray-200\"><\/div>\n<p>            <span class=\"text-base text-black font-bold mx-0 my-2.5 p-0 block bg-gray-100\">\u00a0<br \/>\u00a0<\/span><br \/>\n        <\/span>\n    <\/div>\n<\/div><\/div>\n<\/p><\/div>\n<\/aside>\n<aside class=\"w-full\" data-nosnippet data-mrf-recirculation=\"article-river-stacked\">\n<div data-recirc-id=\"article-river-stacked-solr:latest-articletype\">\n<div class=\"text-white py-4 px-3 mb-4 bg-[#333] uppercase font-bold custom-header-styles\">Latest in News<\/div>\n<div class=\"grid grid-cols-1 gap-4 mt-4 mb-5\">\n<div>\n<div class=\"aspect-[--img-listing-aspect-ratio,16\/9] relative mb-3.5\">\n<p>    <img decoding=\"async\" src=\"https:\/\/cdn.mos.cms.futurecdn.net\/GMa4ASYgRv25ymMnYxb5Wo.jpg\" alt=\"Luke Fetzer (Team Cadence Cyclery p\/b Encore Wire) rides to solo win at 2025 Boise Twilight Criterium\" loading=\"lazy\" class=\"object-cover w-full h-full\"><\/p><\/div>\n<p>                                                                                                <span class=\"custom-subheading-styles\">Teams &amp; Riders<\/span><\/p>\n<p>                            <span class=\"text-base text-black font-bold mx-0 my-2.5 p-0 block custom-text-styles\">&#8216;They told us they were going to kill us&#8217; &#8211; Aggressive driver arrested for endangering US criterium champion after video of road rage incident went viral<\/span><\/p><\/div>\n<div class=\"relative recirc-feed sponsored-card min-h-[250px]\" data-recirc-id=\"article-river-stacked-ads:native-cards\" data-mrf-recirculation=\"article-river-ads\" data-nosnippet data-ad-slot-path=\"feed-sponsored-post\" data-attribute-device=\"all\">\n<div class=\"sponsored-post max-w-full [&amp;.sponsored-post--loaded+.sponsored-post--placeholder]:hidden [&amp;[data-bordeaux-hook-loaded]+.sponsored-post--placeholder]:hidden\"><\/div>\n<div class=\"sponsored-post--placeholder max-w-full animate-pulse\">\n        <span><br \/>\n            <span class=\"font-ui-heading bg-[--ad-slot-badge-bg-color] absolute text-xs font-bold leading-[14px] tracking-normal text-left text-white px-2.5 py-[5px] left-0 top-0 empty:hidden\"><\/span><\/p>\n<div class=\"aspect-[--img-listing-aspect-ratio,16\/9] relative bg-gray-200\"><\/div>\n<p>            <span class=\"text-base text-black font-bold mx-0 my-2.5 p-0 block bg-gray-100\">\u00a0<br \/>\u00a0<\/span><br \/>\n        <\/span>\n    <\/div>\n<\/div>\n<div>\n<div class=\"aspect-[--img-listing-aspect-ratio,16\/9] relative mb-3.5\">\n<p>    <img decoding=\"async\" src=\"https:\/\/cdn.mos.cms.futurecdn.net\/keuExybEEZWPSH5SLzW2LX.jpg\" alt=\"FELANITX - PUIG DE SANT SALVADOR, SPAIN - JANUARY 24: Marlen Reusser of Switzerland and Movistar Team crosses the finish line on second place during the 3rd Challenge Femenino Ciclista Mallorca 2026 - Trofeo Marratxi a 128.8km one day race from Marratxi to Felanitx - Puig de Sant Salvador 467m on January 24, 2026 in Felanitx - Puig de Sant Salvador, Spain. (Photo by Tim de Waele\/Getty Images)\" loading=\"lazy\" class=\"object-cover w-full h-full\"><\/p><\/div>\n<p>                                                                                                <span class=\"custom-subheading-styles\">Women&#8217;s Cycling<\/span><\/p>\n<p>                            <span class=\"text-base text-black font-bold mx-0 my-2.5 p-0 block custom-text-styles\">&#8216;She&#8217;ll be one of our big cards to play&#8217; \u2013 Marlen Reusser primed to hit the ground running for Movistar at Dwars door Vlaanderen after long injury sideline<\/span><\/p><\/div>\n<div class=\"relative recirc-feed sponsored-card min-h-[250px]\" data-recirc-id=\"article-river-stacked-ads:native-cards\" data-mrf-recirculation=\"article-river-ads\" data-nosnippet data-ad-slot-path=\"feed-sponsored-post\" data-attribute-device=\"all\">\n<div class=\"sponsored-post max-w-full [&amp;.sponsored-post--loaded+.sponsored-post--placeholder]:hidden [&amp;[data-bordeaux-hook-loaded]+.sponsored-post--placeholder]:hidden\"><\/div>\n<div class=\"sponsored-post--placeholder max-w-full animate-pulse\">\n        <span><br \/>\n            <span class=\"font-ui-heading bg-[--ad-slot-badge-bg-color] absolute text-xs font-bold leading-[14px] tracking-normal text-left text-white px-2.5 py-[5px] left-0 top-0 empty:hidden\"><\/span><\/p>\n<div class=\"aspect-[--img-listing-aspect-ratio,16\/9] relative bg-gray-200\"><\/div>\n<p>            <span class=\"text-base text-black font-bold mx-0 my-2.5 p-0 block bg-gray-100\">\u00a0<br \/>\u00a0<\/span><br \/>\n        <\/span>\n    <\/div>\n<\/div>\n<div>\n<div class=\"aspect-[--img-listing-aspect-ratio,16\/9] relative mb-3.5\">\n<p>    <img decoding=\"async\" src=\"https:\/\/cdn.mos.cms.futurecdn.net\/SKkMGBtSCAA23AaBz9KDyX.png\" alt=\"Van Aert sitting on the grass against the barriers with legs extended, head in hands attended to by a staff member with a big backpack\" loading=\"lazy\" class=\"object-cover w-full h-full\"><\/p><\/div>\n<p>                                                                                                <span class=\"custom-subheading-styles\">Racing<\/span><\/p>\n<p>                            <span class=\"text-base text-black font-bold mx-0 my-2.5 p-0 block custom-text-styles\">&#8216;We&#8217;ll certainly not make that same mistake again&#8217; \u2013 Can Wout van Aert and Visma take revenge at Dwars door Vlaanderen a year on from three-against-one tactical blunder?<\/span><\/p><\/div>\n<div class=\"relative recirc-feed sponsored-card min-h-[250px]\" data-recirc-id=\"article-river-stacked-ads:native-cards\" data-mrf-recirculation=\"article-river-ads\" data-nosnippet data-ad-slot-path=\"feed-sponsored-post\" data-attribute-device=\"all\">\n<div class=\"sponsored-post max-w-full [&amp;.sponsored-post--loaded+.sponsored-post--placeholder]:hidden [&amp;[data-bordeaux-hook-loaded]+.sponsored-post--placeholder]:hidden\"><\/div>\n<div class=\"sponsored-post--placeholder max-w-full animate-pulse\">\n        <span><br \/>\n            <span class=\"font-ui-heading bg-[--ad-slot-badge-bg-color] absolute text-xs font-bold leading-[14px] tracking-normal text-left text-white px-2.5 py-[5px] left-0 top-0 empty:hidden\"><\/span><\/p>\n<div class=\"aspect-[--img-listing-aspect-ratio,16\/9] relative bg-gray-200\"><\/div>\n<p>            <span class=\"text-base text-black font-bold mx-0 my-2.5 p-0 block bg-gray-100\">\u00a0<br \/>\u00a0<\/span><br \/>\n        <\/span>\n    <\/div>\n<\/div>\n<div>\n<div class=\"aspect-[--img-listing-aspect-ratio,16\/9] relative mb-3.5\">\n<p>    <img decoding=\"async\" src=\"https:\/\/cdn.mos.cms.futurecdn.net\/9iRjhDpyxsHBF8oDq5aghf.jpg\" alt=\"Cat Ferguson racing in Belgium early in 2026\" loading=\"lazy\" class=\"object-cover w-full h-full\"><\/p><\/div>\n<p>                                                                                                <span class=\"custom-subheading-styles\">Women&#8217;s cycling (races)<\/span><\/p>\n<p>                            <span class=\"text-base text-black font-bold mx-0 my-2.5 p-0 block custom-text-styles\">&#8216;Wiebes is an absolute animal&#8217; \u2013 Cat Ferguson says riders need to believe SD Worx-Protime star is beatable, or &#8216;it&#8217;s never going to happen&#8217;<\/span><\/p><\/div>\n<div class=\"relative recirc-feed sponsored-card min-h-[250px]\" data-recirc-id=\"article-river-stacked-ads:native-cards\" data-mrf-recirculation=\"article-river-ads\" data-nosnippet data-ad-slot-path=\"feed-sponsored-post\" data-attribute-device=\"all\">\n<div class=\"sponsored-post max-w-full [&amp;.sponsored-post--loaded+.sponsored-post--placeholder]:hidden [&amp;[data-bordeaux-hook-loaded]+.sponsored-post--placeholder]:hidden\"><\/div>\n<div class=\"sponsored-post--placeholder max-w-full animate-pulse\">\n        <span><br \/>\n            <span class=\"font-ui-heading bg-[--ad-slot-badge-bg-color] absolute text-xs font-bold leading-[14px] tracking-normal text-left text-white px-2.5 py-[5px] left-0 top-0 empty:hidden\"><\/span><\/p>\n<div class=\"aspect-[--img-listing-aspect-ratio,16\/9] relative bg-gray-200\"><\/div>\n<p>            <span class=\"text-base text-black font-bold mx-0 my-2.5 p-0 block bg-gray-100\">\u00a0<br \/>\u00a0<\/span><br \/>\n        <\/span>\n    <\/div>\n<\/div>\n<div>\n<div class=\"aspect-[--img-listing-aspect-ratio,16\/9] relative mb-3.5\">\n<p>    <img decoding=\"async\" src=\"https:\/\/cdn.mos.cms.futurecdn.net\/dg5tGScNagTNBvNVTePeGU.jpg\" alt=\"Team Visma | Lease a Bike\u2019s Wout van Aert\u2019s helmet accidentally hits a supporter\u2019s nose during the UCI World Tour In Flanders Fields men\u2019s elite one-day cycling race over 240.8 km from Middelkerke to Wevelgem on March 29, 2026. (Photo by JASPER JACOBS \/ Belga \/ AFP) \/ Belgium OUT\" loading=\"lazy\" class=\"object-cover w-full h-full\"><\/p><\/div>\n<p>                                                                                                <span class=\"custom-subheading-styles\">Racing<\/span><\/p>\n<p>                            <span class=\"text-base text-black font-bold mx-0 my-2.5 p-0 block custom-text-styles\">&#8216;I misjudged this situation for a moment&#8217; \u2013 Fan apologises for close encounter of the nasal kind with Wout Van Aert at In Flanders Fields<\/span><\/p><\/div>\n<div class=\"relative recirc-feed sponsored-card min-h-[250px]\" data-recirc-id=\"article-river-stacked-ads:native-cards\" data-mrf-recirculation=\"article-river-ads\" data-nosnippet data-ad-slot-path=\"feed-sponsored-post\" data-attribute-device=\"all\">\n<div class=\"sponsored-post max-w-full [&amp;.sponsored-post--loaded+.sponsored-post--placeholder]:hidden [&amp;[data-bordeaux-hook-loaded]+.sponsored-post--placeholder]:hidden\"><\/div>\n<div class=\"sponsored-post--placeholder max-w-full animate-pulse\">\n        <span><br \/>\n            <span class=\"font-ui-heading bg-[--ad-slot-badge-bg-color] absolute text-xs font-bold leading-[14px] tracking-normal text-left text-white px-2.5 py-[5px] left-0 top-0 empty:hidden\"><\/span><\/p>\n<div class=\"aspect-[--img-listing-aspect-ratio,16\/9] relative bg-gray-200\"><\/div>\n<p>            <span class=\"text-base text-black font-bold mx-0 my-2.5 p-0 block bg-gray-100\">\u00a0<br \/>\u00a0<\/span><br \/>\n        <\/span>\n    <\/div>\n<\/div>\n<div>\n<div class=\"aspect-[--img-listing-aspect-ratio,16\/9] relative mb-3.5\">\n<p>    <img decoding=\"async\" src=\"https:\/\/cdn.mos.cms.futurecdn.net\/fbhKqCBHZEF9DZz5i55KoT.webp\" alt=\"Skier \u00c9milien Jacquelin has signed for Decathlon CMA CGM\" loading=\"lazy\" class=\"object-cover w-full h-full\"><\/p><\/div>\n<p>                                                                                                <span class=\"custom-subheading-styles\">Teams &amp; Riders<\/span><\/p>\n<p>                            <span class=\"text-base text-black font-bold mx-0 my-2.5 p-0 block custom-text-styles\">&#8216;Strong athletic potential and a high VO2 max&#8217; \u2013 Decathlon CMA CGM sign skier and four-time Olympic medallist \u00c9milien Jacquelin for NewGen Devo team project<\/span><\/p><\/div>\n<div class=\"relative recirc-feed sponsored-card min-h-[250px]\" data-recirc-id=\"article-river-stacked-ads:native-cards\" data-mrf-recirculation=\"article-river-ads\" data-nosnippet data-ad-slot-path=\"feed-sponsored-post\" data-attribute-device=\"all\">\n<div class=\"sponsored-post max-w-full [&amp;.sponsored-post--loaded+.sponsored-post--placeholder]:hidden [&amp;[data-bordeaux-hook-loaded]+.sponsored-post--placeholder]:hidden\"><\/div>\n<div class=\"sponsored-post--placeholder max-w-full animate-pulse\">\n        <span><br \/>\n            <span class=\"font-ui-heading bg-[--ad-slot-badge-bg-color] absolute text-xs font-bold leading-[14px] tracking-normal text-left text-white px-2.5 py-[5px] left-0 top-0 empty:hidden\"><\/span><\/p>\n<div class=\"aspect-[--img-listing-aspect-ratio,16\/9] relative bg-gray-200\"><\/div>\n<p>            <span class=\"text-base text-black font-bold mx-0 my-2.5 p-0 block bg-gray-100\">\u00a0<br \/>\u00a0<\/span><br \/>\n        <\/span>\n    <\/div>\n<\/div><\/div>\n<\/p><\/div>\n<\/aside>\n<\/section>\n<div class=\"related-articles-block\">\n<\/div>\n<\/div>\n<\/div>\n<div data-widget-type=\"ads\" id=\"ads-middle-1\" class=\"clear-both widget widget-ads widget-ads-middle-1 widget-ads-ads-middle-1 widget-no-data widget-ads-flexi_ads_middle1\">\n<div id=\"bdx_flexi_ads_middle1\" data-type=\"ads\" data-ads-type=\"bordeaux\" class=\"flexi_ads_middle1\"><\/div>\n<\/div>\n<\/div>\n<div id=\"widgetArea17\" class=\"widget-area md:basis-1\/3 widget-area-g-md-vp-1-3 widget-area-g-lg-vp-1-3 widget-area-g-xl-vp-1-3 page-widget-area-17\">\n<div data-widget-type=\"empty\" id=\"sidebar\" class=\"clear-both widget widget-empty widget-sidebar widget-empty-sidebar widget-no-data widget-empty\">\n<\/div>\n<div data-widget-type=\"empty\" id=\"sidebar-top\" class=\"clear-both widget widget-empty widget-sidebar-top widget-empty-sidebar-top ad-unit widget-no-data widget-empty\">\n<\/div>\n<div data-widget-type=\"contentparsed\" id=\"follow-us-on-google-news\" class=\"clear-both widget widget-contentparsed widget-follow-us-on-google-news widget-contentparsed-follow-us-on-google-news widget-content-parsed widget-content-parsed-curated \">\n<div class=\"wcp-item-content\">\n<\/div>\n<\/div>\n<div data-widget-type=\"empty\" id=\"sidebar-popular-top\" class=\"clear-both widget widget-empty widget-sidebar-popular-top widget-empty-sidebar-popular-top ad-unit widget-no-data widget-empty\">\n<\/div>\n<div data-widget-type=\"dynamic\" id=\"popular-data\" class=\"clear-both widget widget-dynamic widget-popular-data widget-dynamic-popular-data widget-dynamic-fter-popular-box\">\n<div class=\"clear-both widget-header\">\n<\/div>\n<div class=\"wdn-fte-pb pos-relative space-t20\n\"><\/p>\n<div id=\"slice-container-popularBox\" class=\"slice-container popular-box-slice popularBox slice-container-popularBox\">\n<section data-hydrate=\"true\" class=\"popular-box\">\n<div class=\"popular-box__label\">\n<div class=\"popular-box__label__tab popular-box__label__tab--active\" role=\"heading\">LATEST ARTICLES<\/div>\n<\/div>\n<ol class=\"popular-box__articles-list popular-box__articles-list--active\">\n<li class=\"popular-box__article-list\">\n<div class=\"popular-box__article-list__container\">\n<div class=\"popular-box__article-list__image-wrapper\">\n<div><img decoding=\"async\" src=\"https:\/\/cdn.mos.cms.futurecdn.net\/GMa4ASYgRv25ymMnYxb5Wo.jpg\" alt=\"Luke Fetzer (Team Cadence Cyclery p\/b Encore Wire) rides to solo win at 2025 Boise Twilight Criterium\" class=\"popular-box__article-list__image image__image\" loading=\"lazy\"><\/div>\n<\/div>\n<div class=\"popular-box__article-list__content\">\n<div class=\"popular-box__article-list__number-text\">1<\/div>\n<div class=\"popular-box__article-list__heading\">&#8216;They told us they were going to kill us&#8217; &#8211; Aggressive driver arrested for endangering US criterium champion after video of road rage incident went viral<\/div>\n<\/div>\n<\/div>\n<\/li>\n<li class=\"popular-box__article-list\">\n<div class=\"popular-box__article-list__container\">\n<div class=\"popular-box__article-list__content\">\n<div class=\"popular-box__article-list__number-text\">2<\/div>\n<div class=\"popular-box__article-list__heading\">&#8216;We&#8217;ll certainly not make that same mistake again&#8217; \u2013 Can Wout van Aert and Visma take revenge at Dwars door Vlaanderen a year on from three-against-one tactical blunder?<\/div>\n<\/div>\n<\/div>\n<\/li>\n<li class=\"popular-box__article-list\">\n<div class=\"popular-box__article-list__container\">\n<div class=\"popular-box__article-list__content\">\n<div class=\"popular-box__article-list__number-text\">3<\/div>\n<div class=\"popular-box__article-list__heading\">&#8216;She&#8217;ll be one of our big cards to play&#8217; \u2013 Marlen Reusser primed to hit the ground running for Movistar at Dwars door Vlaanderen after long injury sideline<\/div>\n<\/div>\n<\/div>\n<\/li>\n<li class=\"popular-box__article-list\">\n<div class=\"popular-box__article-list__container\">\n<div class=\"popular-box__article-list__content\">\n<div class=\"popular-box__article-list__number-text\">4<\/div>\n<div class=\"popular-box__article-list__heading\">More than a Tour of Flanders warm-up \u2013 Analysing the contenders at Dwars door Vlaanderen<\/div>\n<\/div>\n<\/div>\n<\/li>\n<li class=\"popular-box__article-list\">\n<div class=\"popular-box__article-list__container\">\n<div class=\"popular-box__article-list__content\">\n<div class=\"popular-box__article-list__number-text\">5<\/div>\n<div class=\"popular-box__article-list__heading\">&#8216;Wiebes is an absolute animal&#8217; \u2013 Cat Ferguson says riders need to believe SD Worx-Protime star is beatable, or &#8216;it&#8217;s never going to happen&#8217;<\/div>\n<\/div>\n<\/div>\n<\/li>\n<\/ol>\n<\/section>\n<\/div>\n<\/div>\n<\/div>\n<div data-widget-type=\"empty\" id=\"sidebar-popular-bottom\" class=\"clear-both widget widget-empty widget-sidebar-popular-bottom widget-empty-sidebar-popular-bottom ad-unit widget-no-data widget-empty\">\n<\/div>\n<\/div>\n<\/div>\n<\/article>\n<article class=\"page-content-onecol flex-1\nnews-article article\n\"><\/p>\n<div class=\"widget-area-group widget-area-group-2col flex flex-wrap box-border\">\n<div id=\"widgetArea16\" class=\"widget-area basis-full md:basis-2\/3 widget-area-g-md-vp-2-3 widget-area-g-lg-vp-2-3 widget-area-g-xl-vp-2-3 page-widget-area-16\">\n<div data-widget-type=\"hero\" id=\"hero\" class=\"clear-both widget widget-hero widget-hero widget-hero-hero widget-hero widget-hero-fter-news\">\n<div class=\"clear-both widget-header\">\n<\/div>\n<div class=\"news-article\">\n<header data-component-name=\"Article:Hero\">\n<nav class=\"breadcrumb\" aria-label=\"Breadcrumbs\">\n<ol>\n<li>\nPro Cycling\n<\/li>\n<li>\nTeams &amp; Riders\n<\/li>\n<li>\nIneos Grenadiers\n<\/li>\n<li>\nBen Turner\n<\/li>\n<\/ol>\n<\/nav>\n<h1>&#8216;Feel like Mike Tyson punched me in the back&#8217; \u2013 Ben Turner dusts himself off after bizarre somersault crash at In Flanders Fields<\/h1>\n<div class=\"kiosq-metered-message-content\">\n<p id=\"kiosq-metered-message\" class=\"kiosq-metered-message\">\n<\/div>\n<div class=\"byline-social\">\n<div class=\"byline\">\nNews<\/p>\n<div class=\"text-[13px]\">\n<span><br \/>\nBy<br \/>\nDani Ostanek <\/span><br \/>\n<span><br \/>\npublished<br \/>\n<time data-component-name=\"UI:DateTime\" datetime=\"2026-03-31T10:58:09Z\" class=\"relative-date\"><br \/>\n31 March 2026<br \/>\n<\/time><br \/>\n<\/span>\n<\/div>\n<\/div>\n<p class=\"strapline\">&#8216;Let&#8217;s see what\u2019s possible for the following races in the next days&#8217; says Briton after hard fall 50km from finish<\/p>\n<\/div>\n<aside class=\"mx-auto mb-4 flex items-center justify-start mx-0 my-5 p-0\" id=\"affiliate-disclaimer\" data-component-name=\"AffiliateDisclaimer\" data-hawk-message=\"Affiliate disclaimer removed because hawk deemed there are no affiliate links on this page\">\n<p class=\"text-700 mb-2 text-[12px] leading-[18px] md:text-[13px] [&amp;&gt;a]:text-gray-700 [&amp;&gt;a]:underline\">\nWhen you purchase through links on our site, we may earn an affiliate commission. Here\u2019s how it works.\n<\/p>\n<\/aside>\n<\/header>\n<\/div>\n<\/div>\n<div data-widget-type=\"contentparsed\" id=\"content\" class=\"clear-both widget widget-contentparsed widget-content widget-contentparsed-content widget-content-parsed widget-content-parsed-content_document \">\n<div class=\"wcp-item-content\">\n<section class=\"content-wrapper\">\n<div class=\"box less-space hero-image-wrapper\">\n<figure class=\"mb-0\">\n<p><img decoding=\"async\" src=\"https:\/\/cdn.mos.cms.futurecdn.net\/upAciNBEaLB5QXgnJ46ytR.jpg\" alt=\"British Ben Turner of INEOS Grenadiers competes during the men elite &amp;#039;Middelkerke-Wevelgem - In Flanders Fields&amp;#039; one day cycling race, 240.8 km from Middelkerke to Wevelgem, on March 29, 2026. (Photo by JASPER JACOBS \/ Belga \/ AFP) \/ Belgium OUT\" class=\"block-image-ads hero-image absolute top-0 left-0 w-full h-full object-center\" data-component-name=\"Image\"><figcaption class=\"mt-2\"> <span class=\"caption-text\">Ben Turner in action at In Flanders Fields<\/span><br \/>\n<span class=\"credit\">(Image credit: Getty Images)<\/span><br \/>\n<\/figcaption><\/figure>\n<\/div>\n<div id=\"article-body\" class=\"text-copy bodyCopy auto paywall-locker\">\n<div data-analytics-id=\"utility-bar\" id=\"utility-bar\" class=\"font-ui-heading flex justify-between items-center py-2 border-t border-b border-gray-300 border-solid mb-5 mx-auto\" data-component-name=\"UtilityBar\" data-mrf-recirculation=\"utility-bar\">\n<div class=\"flex gap-2 text-[#333] subcontainer\">\n<div class=\"relative tooltip-container\" role=\"tooltip\">\n<div data-component-name=\"Social:Dropdown\" role=\"menu\" id=\"utilitybar__dropdown--share\" aria-labelledby=\"utilitybar__button--share\" class=\"absolute left-0 top-full w-44 bg-white rounded-md shadow-md border border-neutral-200 z-[9996] list-none m-0 py-2 px-3 border-solid\">\n<ul class=\"!m-0\">\n<li class=\"!p-0 !m-0 list-none border-b border-gray-200 border-solid\">\n<\/li>\n<li class=\"!p-0 !m-0 list-none border-b border-gray-200 border-solid\">\n<p>Facebook<\/p>\n<\/li>\n<li class=\"!p-0 !m-0 list-none border-b border-gray-200 border-solid\">\n<p>X<\/p>\n<\/li>\n<li class=\"!p-0 !m-0 list-none border-b border-gray-200 border-solid\">\n<p>Pinterest<\/p>\n<\/li>\n<li class=\"!p-0 !m-0 list-none border-b border-gray-200 border-solid\">\n<p>Email<\/p>\n<\/li>\n<\/ul>\n<\/div>\n<div class=\"font-ui-heading max-sm:hidden tooltip absolute left-1\/2 bg-gray-900 text-white text-xs leading-none px-3 py-1.5 rounded-md z-[10001] whitespace-nowrap\" id=\"tooltip-share-this-article\" role=\"tooltip\" aria-hidden=\"true\">\nShare this article\n<\/div>\n<\/div>\n<div class=\"relative tooltip-container\" role=\"tooltip\">\n<p><span class=\"ml-1 inline-flex h-5 px-2 shrink-0 items-center justify-center self-center overflow-hidden whitespace-nowrap rounded-[10px] bg-primary-500 text-[11px] leading-none font-ui-heading font-semibold text-white\"><br \/>\n<span>0<\/span><br \/>\n<span><\/span><br \/>\n<\/span><\/p>\n<div class=\"font-ui-heading max-sm:hidden tooltip absolute left-1\/2 bg-gray-900 text-white text-xs leading-none px-3 py-1.5 rounded-md z-[10001] whitespace-nowrap\" id=\"tooltip-join-the-conversation\" role=\"tooltip\" aria-hidden=\"true\">\nJoin the conversation\n<\/div>\n<\/div>\n<\/div>\n<div class=\"flex gap-2 text-[#333] subcontainer\">\n<div class=\"relative tooltip-container\" role=\"tooltip\">\n<p>Follow us<\/p>\n<div class=\"font-ui-heading max-sm:hidden tooltip absolute left-1\/2 bg-gray-900 text-white text-xs leading-none px-3 py-1.5 rounded-md z-[10001] whitespace-nowrap\" id=\"tooltip-add-us-as-a-preferred-source-on-google\" role=\"tooltip\" aria-hidden=\"true\">\nAdd us as a preferred source on Google\n<\/div>\n<\/div>\n<div class=\"relative tooltip-container\" role=\"tooltip\">\n<div role=\"dialog\" class=\"hidden fixed inset-0 z-[999999999999999999] bg-[#33333370] flex items-center justify-center p-6 newsletter-modal\" data-batch-endpoint=\"https:\/\/newsletter-subscribe.futureplc.com\/v2\/submission\/submit_batch\" data-batch-source=\"302\" data-component-name=\"Newsletter:Modal\">\n<div class=\"bg-neutral-100 rounded-xl shadow-xl w-full lg:w-2\/3 xl:w-1\/2 p-6 relative max-h-[95vh] overflow-y-auto\">\n<aside class=\"[&amp;&gt;svg]:max-h-10 [&amp;&gt;svg]:w-auto [&amp;&gt;svg]:h-full my-4\">\n<\/aside>\n<div id=\"newsletter-capture-modal\">\n<div class=\"sm:text-xl text-base font-bold text-black mb-3 p-0 bg-inherit font-ui-heading\">Get The Leadout Newsletter<\/div>\n<p class=\"text-gray-600 mb-4 text-sm sm:text-base font-article-copy\">The latest race content, interviews, features, reviews and expert buying guides, direct to your inbox!<\/p>\n<div data-component-name=\"Newsletter:NewsletterForm\">\n<div class=\"grid grid-cols-1 sm:grid-cols-10\">\n<\/div>\n<div role=\"status\" aria-live=\"polite\" class=\"grid min-h-[140px] w-full place-items-center rounded-lg p-6 mb-4\">\n<\/div>\n<p><span role=\"alert\" aria-live=\"assertive\"><\/span><\/p>\n<hr class=\"modal_hr mt-3 mb-4 h-px bg-gray-300 border-0\">\n<div class=\"modal_footer block text-left opacity-80 text-[.8em] leading-[1.3em] mt-2 [&amp;&gt;a]:underline font-article-copy\">\nBy submitting your information you agree to the Terms &amp; Conditions and Privacy Policy and are aged 16 or over.\n<\/div>\n<\/div>\n<\/div>\n<div id=\"newsletter-modal-confirmation\" class=\"hidden\">\n<p class=\"sm:text-xl text-base font-bold text-black mb-3 p-0\">You are now subscribed<\/p>\n<p class=\"text-gray-600 mb-4 text-sm sm:text-base\">Your newsletter sign-up was successful<\/p>\n<div id=\"newsletter-modal-confirmation__userlogin\" class=\"hidden\">\n<hr class=\"my-5 h-px bg-gray-300 border-0\">\n<div class=\"items-start flex flex-col h-full justify-between\">\n<div class=\"flcw-text pb-5 pt-2 leading-[1.3]\"> An account already exists for this email address, please log in.<\/div>\n<\/div>\n<\/div>\n<\/div>\n<\/div>\n<\/div>\n<div class=\"font-ui-heading max-sm:hidden tooltip absolute left-1\/2 bg-gray-900 text-white text-xs leading-none px-3 py-1.5 rounded-md z-[10001] whitespace-nowrap\" id=\"tooltip-subscribe-to-our-newsletter\" role=\"tooltip\" aria-hidden=\"true\">\nSubscribe to our newsletter\n<\/div>\n<\/div>\n<\/div>\n<\/div>\n<p id=\"elk-5adc5475-ce8d-4ef9-9309-d185310b962b\">Ineos Grenadiers rider Ben Turner has escaped injury after a strange crash at In Flanders Fields sent him somersaulting across the road.<\/p>\n<div id=\"ad-unit-1\" class=\"ad-unit\"><\/div>\n<p>The Briton hasn&#8217;t had the best of luck in recent races during the spring Classics, with his race at Friday&#8217;s E3 Saxo Classic coming to an end after suffering a mechanical at the vital Taaienberg climb.<\/p>\n<p><a id=\"elk-seasonal\"><\/a><\/p>\n<aside data-block-type=\"embed\" data-render-type=\"fte\" data-skip=\"dealsy\" data-widget-type=\"seasonal\" class=\"hawk-root\"><\/aside>\n<p id=\"elk-5adc5475-ce8d-4ef9-9309-d185310b962b-2\" class=\"paywall\" aria-hidden=\"true\">On Sunday, he notched another DNF after getting tangled with another rider with 50km to run in the 240km race.<\/p>\n<p><span class=\"article-continues-below block py-2 text-sm\">Article continues below <\/span><\/p>\n<div id=\"mid-article-leaderboard\" class=\"ad-unit sm:hidden block\"><\/div>\n<div class=\"van_vid_carousel\">\n<div class=\"van_vid_carousel__padding\">\n<div class=\"van_vid_carousel__container\">\n<div class=\"jw-carousel-signposting\"><span class=\"jw-carousel-signposting__title\"><\/span><\/div>\n<\/div>\n<\/div>\n<\/div>\n<aside data-component-name=\"Recirculation:ArticleRiver\" data-recirculation-type=\"inline\" data-mrf-recirculation=\"Trending Bar\" data-nosnippet class=\"clear-both pb-0 pt-2 mb-4\">\n        <span class=\"\n            flex\n            after:content-[''] after:flex-1 after:ml-4 after:my-[0.7rem] after:border-t after:border-solid after:border-t-[#ccc]\n            before:content-[''] before:flex-1 before:mr-4 before:my-[0.7rem] before:border-t before:border-solid before:border-t-[#ccc]\n            font-article-heading pb-0 !text-base uppercase sm:text-sm font-bold\n        \"><br \/>\n            You may like<br \/>\n        <\/span><\/p>\n<ul class=\"flex flex-col gap-0 m-0\">\n<li class=\"m-0 list-none border-b border-solid border-[#ededed] py-2\" data-recirculation-id=\"recirculation-card-1\" data-analytics-id=\"recirculation-inline-1\" data-mrf-recirculation=\"recirculation-inline-1\">\n<p>    <img decoding=\"async\" src=\"https:\/\/cdn.mos.cms.futurecdn.net\/Haeie96SWL7fLYdxXAVx5F.jpg\" alt=\"LOULE, PORTUGAL - FEBRUARY 22: Stefan Kung of Switzerland and Team Tudor Pro Cycling competes during the 52nd Volta ao Algarve em Bicicleta 2026, Stage 5 a 148.4km stage from Faro to Malhao - Loule 512m on February 22, 2026 in Loule, Portugal. (Photo by Dario Belingheri\/Getty Images)\" loading=\"lazy\" class=\"aspect-square size-[75px] object-cover flex-shrink-0 rounded-lg\"><\/p>\n<p>                        <span class=\"\n                            w-full font-article-heading line-clamp-3 md:line-clamp-2 text-base font-medium\">Major fractures for Stefan K\u00fcng and Ben Swift as injury fallout from crash-ridden Omloop Het Nieuwsblad continues<\/span><\/p>\n<\/li>\n<li class=\"m-0 list-none border-b border-solid border-[#ededed] py-2\" data-recirculation-id=\"recirculation-card-2\" data-analytics-id=\"recirculation-inline-2\" data-mrf-recirculation=\"recirculation-inline-2\">\n<p>    <img decoding=\"async\" src=\"https:\/\/cdn.mos.cms.futurecdn.net\/mwe9Bm8ooTrWWxn83jW3CS.jpg\" alt=\"NIVONE, BELGIUM - FEBRUARY 28: (L-R) Kaden Groves of Australia and Team Alpecin-Premier Tech and Tim Wellens of Belgium and UAE Team Emirates - XRG compete during the 21st Omloop Het Nieuwsblad 2026, Men&amp;amp;apos;s Elite a 207.2km one day race from Ghent to Ninove \/ #UCIWT \/ on February 28, 2026 in Ninove, Belgium. (Photo by Tim de Waele\/Getty Images)\" loading=\"lazy\" class=\"aspect-square size-[75px] object-cover flex-shrink-0 rounded-lg\"><\/p>\n<p>                        <span class=\"\n                            w-full font-article-heading line-clamp-3 md:line-clamp-2 text-base font-medium\">Tim Wellens latest big name to break a bone in Opening Weekend as more crashes affect Kuurne-Brussel-Kuurne<\/span><\/p>\n<\/li>\n<li class=\"m-0 list-none border-b border-solid border-[#ccc] py-2\" data-recirculation-id=\"recirculation-card-3\" data-analytics-id=\"recirculation-inline-3\" data-mrf-recirculation=\"recirculation-inline-3\">\n<p>    <img decoding=\"async\" src=\"https:\/\/cdn.mos.cms.futurecdn.net\/Lk7kejsz7kmSLaN4BUMG7R.jpg\" alt=\"Belgian Jasper Philipsen of Alpecin-Premier Tech celebrates after winning the men elite &amp;#039;Middelkerke-Wevelgem - In Flanders Fields&amp;#039; one day cycling race, 240.8 km from Middelkerke to Wevelgem, on Sunday 29 March 2026. BELGA PHOTO ELIAS ROM (Photo by ELIAS ROM \/ BELGA MAG \/ Belga via AFP)\" loading=\"lazy\" class=\"aspect-square size-[75px] object-cover flex-shrink-0 rounded-lg\"><\/p>\n<p>                        <span class=\"\n                            w-full font-article-heading line-clamp-3 md:line-clamp-2 text-base font-medium\">As it happened: In Flanders Fields Men ends in group sprint after late catch of breakaway <\/span><\/p>\n<\/li>\n<\/ul>\n<\/aside>\n<p class=\"paywall\" aria-hidden=\"true\">Turner lost control and swerved across the road before flipping over and falling hard on his back. He was unable to continue the race, but luckily avoided any serious injury.<\/p>\n<div id=\"ad-unit-2\" class=\"ad-unit\"><\/div>\n<p class=\"paywall\" aria-hidden=\"true\">The 26-year-old took to Instagram on Monday to explain the accident.<\/p>\n<p class=\"paywall\" aria-hidden=\"true\">&#8220;Not my luck the last races, mechanical on Taaienberg in E3 and getting my bars tangled with another rider in Wevelgem. Fortunately, I practised front flips on my bed as a child,&#8221; he wrote.<\/p>\n<p>&#8220;Considering the crash, I\u2019m happy to come out of it how I did with nothing broken, just feel like Mike Tyson punched me in the back. Let&#8217;s see what\u2019s possible for the following races in the next days\u2026&#8221;<\/p>\n<div id=\"slice-container-newsletterForm-articleInbodyContent-RVtkFiahqYDiNdhEc84xGc\" class=\"slice-container newsletter-inbodyContent-slice newsletterForm-articleInbodyContent-RVtkFiahqYDiNdhEc84xGc slice-container-newsletterForm\">\n<div data-hydrate=\"true\" class=\"newsletter-form__wrapper newsletter-form__wrapper--inbodyContent\">\n<div class=\"newsletter-form__container\">\n<section class=\"newsletter-form__top-bar\">\n<div class=\"newsletter-form__header\">Get The Leadout Newsletter<\/div>\n<\/section>\n<section class=\"newsletter-form__main-section\">\n<p class=\"newsletter-form__strapline\">The latest race content, interviews, features, reviews and expert buying guides, direct to your inbox!<\/p>\n<footer class=\"newsletter-form__footer \">By submitting your information you agree to the Terms &amp; Conditions and Privacy Policy and are aged 16 or over.<\/footer>\n<\/section>\n<\/div>\n<\/div>\n<\/div>\n<p class=\"paywall\" aria-hidden=\"true\">Jasper Philipsen (Alpecin-Premier Tech) went on to win In Flanders Fields, beating Tobias Lund Andresen (Decathlon CMA-CGM) in a bunch sprint. Turner&#8217;s fellow Briton, Samuel Watson, was Ineos Grenadiers&#8217; best finisher, taking 17th at the finish.<\/p>\n<p class=\"paywall\" aria-hidden=\"true\">Turner is set to miss Dwars door Vlaanderen on Wednesday following the fall, with Ineos Grenadiers calling up Artem Shmidt to replace him.<\/p>\n<p class=\"paywall\" aria-hidden=\"true\">It remains to be seen whether he&#8217;ll be fit enough to contest the Tour of Flanders and Paris-Roubaix, however.<\/p>\n<p class=\"paywall\" aria-hidden=\"true\">He&#8217;s on the provisional startlist for the former, while Filippo Ganna and Josh Tarling are set to lead Ineos at the latter.<\/p>\n<div class=\"instagram-embed\" id=\"elk-DWgZlwICDxR\">\n<blockquote class=\"instagram-media\" data-instgrm-captioned data-instgrm-version=\"6\">\n<p>A post shared by Ben Turner (@benelliotturner)<\/p>\n<p>A photo posted by on <\/p>\n<\/blockquote>\n<\/div>\n<div class=\"see-more see-more--clipped\" id=\"elk-2038297071552209281\">\n<blockquote class=\"twitter-tweet hawk-ignore\" data-lang=\"en\">\n<p lang=\"en\" dir=\"ltr\">\ud83d\ude28 La ca\u00edda m\u00e1s rara del d\u00eda, de la semana, del mes&#8230; \u00a1y puede que de lo que va de a\u00f1o!\u203c\ufe0f La ca\u00edda de Ben Turner en la In Flanders Fields que acab\u00f3 por suponer el abandono del corredor del INEOS Greandiers#IFF26 pic.twitter.com\/Ghp5ff8T1DMarch 29, 2026<\/p>\n<\/blockquote>\n<div class=\"see-more__filter\"><\/div>\n<\/div>\n<p id=\"elk-cde599dd-df52-4c94-b542-912da4dcaa51\"><em><strong>Get unlimited access to our unrivalled 2026 Spring Classics coverage with a Cyclingnews subscription. We&#8217;ll bring you breaking news, reports, and analysis from some of the biggest races on the calendar, including Milan-San Remo, Paris-Roubaix and the Tour of Flanders. <\/strong><\/em><u><em><strong>Find out more.<\/strong><\/em><\/u><\/p>\n<\/div>\n<div id=\"kiosq-app-paywall-js\"><\/div>\n<div id=\"this-will-be-used-for-mpu-2\"><\/div>\n<div class=\"block mb-5\" id=\"articleTag\" data-component-name=\"PostArticleLinks\" data-nosnippet data-mrf-recirculation=\"post-article-links\">\n<div class=\"border-b border-b-black border-solid py-2.5 text-black font-bold uppercase\">TOPICS<\/div>\n<nav class=\"py-2.5 flex gap-2.5 flex-wrap\" data-analytics-id=\"article-tag\" data-mrf-recirculation=\"article-tag\">\n<p>Road<\/p>\n<\/nav>\n<\/div>\n<div id=\"slice-container-authorBio-RVtkFiahqYDiNdhEc84xGc\" class=\"slice-container slice-author-bio authorBio-RVtkFiahqYDiNdhEc84xGc slice-container-authorBio\">\n<div class=\"author author__default-layout author--separator author--collapsible\" data-hydrate=\"true\">\n<div class=\"author__header\">\n<div class=\"author__avatar-block\">\n<figure class=\"image-wrapped__wrapper\" data-bordeaux-image-check=\"false\">\n<div class=\"image-wrapped__widthsetter\">\n<div class=\"image-wrapped__aspect-padding\">\n<div><img decoding=\"async\" src=\"https:\/\/cdn.mos.cms.futurecdn.net\/PSRUchRz7RcBeXHn7hDvCh.jpg\" alt=\"Dani Ostanek\" class=\"author__avatar image-wrapped__image image__image\" loading=\"lazy\"><\/div>\n<\/div>\n<\/div>\n<\/figure>\n<\/div>\n<div class=\"author__heading\">\n<div class=\"author__name\">Dani Ostanek<\/div>\n<div class=\"author__social\">\n<nav class=\"button-social-group author__social-buttons\" aria-labelledby=\"button-social-group- author__social-buttons\">\n<div id=\"button-social-group- author__social-buttons\">Social Links Navigation<\/div>\n<p><span class=\"button-social__icon button-social__icon-website\"><\/span><span class=\"button-social__icon button-social__icon-email\"><\/span><\/nav>\n<\/div>\n<div class=\"author__role\">Senior News Writer<\/div>\n<\/div>\n<\/div>\n<div class=\"author__bio-wrapper\">\n<div class=\"author__biography\">\n<p>Dani Ostanek is Senior News Writer at Cyclingnews, having joined in 2017 as a freelance contributor, later being hired full-time. Her favourite races include Strade Bianche, the Tour de France Femmes, Paris-Roubaix, and Tro-Bro L\u00e9on.<\/p>\n<\/div>\n<\/div>\n<\/div>\n<\/div>\n<\/section>\n<div id=\"viafoura-comments\" aria-hidden=\"true\"><\/div>\n<div class=\"mt-6 lg:px-0 relative max-w-[1070px] mx-auto viafoura-twig-component px-4\" data-component-name=\"Viafoura:Comments\" data-nosnippet data-community-guidelines-text=\"&lt;p class='vfcustom-community-guidelines'&gt;Please follow our &lt;a href=&quot;https:\/\/www.cyclingnews.com\/about\/#section-community-guidelines&quot; target=&quot;_blank&quot;&gt;community guidelines&lt;\/a&gt;.&lt;\/p&gt;\" data-join-the-conversation-text=\"Join the Conversation\">\n<div class=\"relative h-[--truncate-height] sm:h-[--truncate-desktop-height] overflow-hidden transition-[height] duration-150\" data-test-id=\"container\" data-component-name=\"Util:Truncate\" id=\"viafoura-comments-container\">\n<div class=\"relative z-10 viafoura\" id=\"viafoura-comment-wrapper\" data-test-id=\"content\">\n<div class=\"viafoura\">\n<div>\n<\/div>\n<\/div>\n<\/div>\n<div class=\"absolute bg-gradient-to-t from-[--truncate-gradient-color,white] from-50% h-28 z-20 w-full bottom-0 flex items-end justify-center px-0 rounded-none\">\n<\/div>\n<\/div>\n<div class=\"absolute top-0 left-0 w-full h-full flex items-center justify-center z-50 bg-white\/90 border-1\">\n<div class=\"p-2 text-center\">\n<p class=\"mb-3 !text-lg\">You must confirm your public display name before commenting<\/p>\n<p class=\"mb-3 !text-sm\">Please logout and then login again, you will then be prompted to enter your display name.<\/p>\n<\/div>\n<\/div>\n<\/div>\n<div class=\"infinite-container\" data-analytics-id=\"infinite-container\" data-component-name=\"SponsoredScroll\" data-mrf-recirculation=\"infinite-container\">\n<div class=\"infinite-trigger\" aria-hidden=\"true\"><\/div>\n<\/div>\n<section class=\"mx-2 my-5 sm:mx-0\">\n<aside class=\"w-full\" data-nosnippet data-mrf-recirculation=\"article-river-stacked\">\n<div data-recirc-id=\"article-river-stacked-adviser:hybrid\">\n<div class=\"text-white py-4 px-3 mb-4 bg-[#333] uppercase font-bold custom-header-styles\">Read more<\/div>\n<div class=\"grid grid-cols-1 gap-4 mt-4 mb-5\">\n<div>\n<div class=\"aspect-[--img-listing-aspect-ratio,16\/9] relative mb-3.5\">\n<p>    <img decoding=\"async\" src=\"https:\/\/cdn.mos.cms.futurecdn.net\/Haeie96SWL7fLYdxXAVx5F.jpg\" alt=\"LOULE, PORTUGAL - FEBRUARY 22: Stefan Kung of Switzerland and Team Tudor Pro Cycling competes during the 52nd Volta ao Algarve em Bicicleta 2026, Stage 5 a 148.4km stage from Faro to Malhao - Loule 512m on February 22, 2026 in Loule, Portugal. (Photo by Dario Belingheri\/Getty Images)\" loading=\"lazy\" class=\"object-cover w-full h-full\"><\/p><\/div>\n<p>                                                                                                <span class=\"custom-subheading-styles\">Teams &amp; Riders<\/span><\/p>\n<p>                            <span class=\"text-base text-black font-bold mx-0 my-2.5 p-0 block custom-text-styles\">Major fractures for Stefan K\u00fcng and Ben Swift as injury fallout from crash-ridden Omloop Het Nieuwsblad continues<\/span><\/p><\/div>\n<div class=\"relative recirc-feed sponsored-card min-h-[250px]\" data-recirc-id=\"article-river-stacked-ads:native-cards\" data-mrf-recirculation=\"article-river-ads\" data-nosnippet data-ad-slot-path=\"feed-sponsored-post\" data-attribute-device=\"all\">\n<div class=\"sponsored-post max-w-full [&amp;.sponsored-post--loaded+.sponsored-post--placeholder]:hidden [&amp;[data-bordeaux-hook-loaded]+.sponsored-post--placeholder]:hidden\"><\/div>\n<div class=\"sponsored-post--placeholder max-w-full animate-pulse\">\n        <span><br \/>\n            <span class=\"font-ui-heading bg-[--ad-slot-badge-bg-color] absolute text-xs font-bold leading-[14px] tracking-normal text-left text-white px-2.5 py-[5px] left-0 top-0 empty:hidden\"><\/span><\/p>\n<div class=\"aspect-[--img-listing-aspect-ratio,16\/9] relative bg-gray-200\"><\/div>\n<p>            <span class=\"text-base text-black font-bold mx-0 my-2.5 p-0 block bg-gray-100\">\u00a0<br \/>\u00a0<\/span><br \/>\n        <\/span>\n    <\/div>\n<\/div>\n<div>\n<div class=\"aspect-[--img-listing-aspect-ratio,16\/9] relative mb-3.5\">\n<p>    <img decoding=\"async\" src=\"https:\/\/cdn.mos.cms.futurecdn.net\/mwe9Bm8ooTrWWxn83jW3CS.jpg\" alt=\"NIVONE, BELGIUM - FEBRUARY 28: (L-R) Kaden Groves of Australia and Team Alpecin-Premier Tech and Tim Wellens of Belgium and UAE Team Emirates - XRG compete during the 21st Omloop Het Nieuwsblad 2026, Men&amp;amp;apos;s Elite a 207.2km one day race from Ghent to Ninove \/ #UCIWT \/ on February 28, 2026 in Ninove, Belgium. (Photo by Tim de Waele\/Getty Images)\" loading=\"lazy\" class=\"object-cover w-full h-full\"><\/p><\/div>\n<p>                                                                                                <span class=\"custom-subheading-styles\">Teams &amp; Riders<\/span><\/p>\n<p>                            <span class=\"text-base text-black font-bold mx-0 my-2.5 p-0 block custom-text-styles\">Tim Wellens latest big name to break a bone in Opening Weekend as more crashes affect Kuurne-Brussel-Kuurne<\/span><\/p><\/div>\n<div class=\"relative recirc-feed sponsored-card min-h-[250px]\" data-recirc-id=\"article-river-stacked-ads:native-cards\" data-mrf-recirculation=\"article-river-ads\" data-nosnippet data-ad-slot-path=\"feed-sponsored-post\" data-attribute-device=\"all\">\n<div class=\"sponsored-post max-w-full [&amp;.sponsored-post--loaded+.sponsored-post--placeholder]:hidden [&amp;[data-bordeaux-hook-loaded]+.sponsored-post--placeholder]:hidden\"><\/div>\n<div class=\"sponsored-post--placeholder max-w-full animate-pulse\">\n        <span><br \/>\n            <span class=\"font-ui-heading bg-[--ad-slot-badge-bg-color] absolute text-xs font-bold leading-[14px] tracking-normal text-left text-white px-2.5 py-[5px] left-0 top-0 empty:hidden\"><\/span><\/p>\n<div class=\"aspect-[--img-listing-aspect-ratio,16\/9] relative bg-gray-200\"><\/div>\n<p>            <span class=\"text-base text-black font-bold mx-0 my-2.5 p-0 block bg-gray-100\">\u00a0<br \/>\u00a0<\/span><br \/>\n        <\/span>\n    <\/div>\n<\/div>\n<div>\n<div class=\"aspect-[--img-listing-aspect-ratio,16\/9] relative mb-3.5\">\n<p>    <img decoding=\"async\" src=\"https:\/\/cdn.mos.cms.futurecdn.net\/Lk7kejsz7kmSLaN4BUMG7R.jpg\" alt=\"Belgian Jasper Philipsen of Alpecin-Premier Tech celebrates after winning the men elite &amp;#039;Middelkerke-Wevelgem - In Flanders Fields&amp;#039; one day cycling race, 240.8 km from Middelkerke to Wevelgem, on Sunday 29 March 2026. BELGA PHOTO ELIAS ROM (Photo by ELIAS ROM \/ BELGA MAG \/ Belga via AFP)\" loading=\"lazy\" class=\"object-cover w-full h-full\"><\/p><\/div>\n<p>                                                                                                <span class=\"custom-subheading-styles\">Racing<\/span><\/p>\n<p>                            <span class=\"text-base text-black font-bold mx-0 my-2.5 p-0 block custom-text-styles\">As it happened: In Flanders Fields Men ends in group sprint after late catch of breakaway <\/span><\/p><\/div>\n<div class=\"relative recirc-feed sponsored-card min-h-[250px]\" data-recirc-id=\"article-river-stacked-ads:native-cards\" data-mrf-recirculation=\"article-river-ads\" data-nosnippet data-ad-slot-path=\"feed-sponsored-post\" data-attribute-device=\"all\">\n<div class=\"sponsored-post max-w-full [&amp;.sponsored-post--loaded+.sponsored-post--placeholder]:hidden [&amp;[data-bordeaux-hook-loaded]+.sponsored-post--placeholder]:hidden\"><\/div>\n<div class=\"sponsored-post--placeholder max-w-full animate-pulse\">\n        <span><br \/>\n            <span class=\"font-ui-heading bg-[--ad-slot-badge-bg-color] absolute text-xs font-bold leading-[14px] tracking-normal text-left text-white px-2.5 py-[5px] left-0 top-0 empty:hidden\"><\/span><\/p>\n<div class=\"aspect-[--img-listing-aspect-ratio,16\/9] relative bg-gray-200\"><\/div>\n<p>            <span class=\"text-base text-black font-bold mx-0 my-2.5 p-0 block bg-gray-100\">\u00a0<br \/>\u00a0<\/span><br \/>\n        <\/span>\n    <\/div>\n<\/div>\n<div>\n<div class=\"aspect-[--img-listing-aspect-ratio,16\/9] relative mb-3.5\">\n<p>    <img decoding=\"async\" src=\"https:\/\/cdn.mos.cms.futurecdn.net\/UNiVMcCz4xbtX4sB4inqrM.jpg\" alt=\"Mathieu van der Poel puts on a jacket after winning Omloop Het Nieuwsblad 2026\" loading=\"lazy\" class=\"object-cover w-full h-full\"><\/p><\/div>\n<p>                                                                                                <span class=\"custom-subheading-styles\">Teams &amp; Riders<\/span><\/p>\n<p>                            <span class=\"text-base text-black font-bold mx-0 my-2.5 p-0 block custom-text-styles\">Tudor rider breaks two teeth, Mathieu van der Poel makes a miraculous save, De Lie calls Omloop Het Nieuwsblad edition &#8216;The most dangerous Omloop of my life&#8217;<\/span><\/p><\/div>\n<div class=\"relative recirc-feed sponsored-card min-h-[250px]\" data-recirc-id=\"article-river-stacked-ads:native-cards\" data-mrf-recirculation=\"article-river-ads\" data-nosnippet data-ad-slot-path=\"feed-sponsored-post\" data-attribute-device=\"all\">\n<div class=\"sponsored-post max-w-full [&amp;.sponsored-post--loaded+.sponsored-post--placeholder]:hidden [&amp;[data-bordeaux-hook-loaded]+.sponsored-post--placeholder]:hidden\"><\/div>\n<div class=\"sponsored-post--placeholder max-w-full animate-pulse\">\n        <span><br \/>\n            <span class=\"font-ui-heading bg-[--ad-slot-badge-bg-color] absolute text-xs font-bold leading-[14px] tracking-normal text-left text-white px-2.5 py-[5px] left-0 top-0 empty:hidden\"><\/span><\/p>\n<div class=\"aspect-[--img-listing-aspect-ratio,16\/9] relative bg-gray-200\"><\/div>\n<p>            <span class=\"text-base text-black font-bold mx-0 my-2.5 p-0 block bg-gray-100\">\u00a0<br \/>\u00a0<\/span><br \/>\n        <\/span>\n    <\/div>\n<\/div>\n<div>\n<div class=\"aspect-[--img-listing-aspect-ratio,16\/9] relative mb-3.5\">\n<p>    <img decoding=\"async\" src=\"https:\/\/cdn.mos.cms.futurecdn.net\/DN3SicTxe32mvvfj5qxj9P.jpg\" alt=\"ADELAIDE, AUSTRALIA - JANUARY 20: Marius Mayrhofer of Germany and Tudor Pro Cycling Team competes during the 26th Santos Tour Down Under 2026 - Prologue a 3.6km individual time trial stage from Adelaide to Adelaide \/ #UCIWT \/ on January 20, 2026 in Adelaide, Australia. (Photo by Con Chronis\/Getty Images)\" loading=\"lazy\" class=\"object-cover w-full h-full\"><\/p><\/div>\n<p>                                                                                                <span class=\"custom-subheading-styles\">Racing<\/span><\/p>\n<p>                            <span class=\"text-base text-black font-bold mx-0 my-2.5 p-0 block custom-text-styles\">Marius Mayrhofer suffers multiple fractures in Tour Down Under crash, whilst brain scan all clear for Max van der Meulen<\/span><\/p><\/div>\n<div class=\"relative recirc-feed sponsored-card min-h-[250px]\" data-recirc-id=\"article-river-stacked-ads:native-cards\" data-mrf-recirculation=\"article-river-ads\" data-nosnippet data-ad-slot-path=\"feed-sponsored-post\" data-attribute-device=\"all\">\n<div class=\"sponsored-post max-w-full [&amp;.sponsored-post--loaded+.sponsored-post--placeholder]:hidden [&amp;[data-bordeaux-hook-loaded]+.sponsored-post--placeholder]:hidden\"><\/div>\n<div class=\"sponsored-post--placeholder max-w-full animate-pulse\">\n        <span><br \/>\n            <span class=\"font-ui-heading bg-[--ad-slot-badge-bg-color] absolute text-xs font-bold leading-[14px] tracking-normal text-left text-white px-2.5 py-[5px] left-0 top-0 empty:hidden\"><\/span><\/p>\n<div class=\"aspect-[--img-listing-aspect-ratio,16\/9] relative bg-gray-200\"><\/div>\n<p>            <span class=\"text-base text-black font-bold mx-0 my-2.5 p-0 block bg-gray-100\">\u00a0<br \/>\u00a0<\/span><br \/>\n        <\/span>\n    <\/div>\n<\/div>\n<div>\n<div class=\"aspect-[--img-listing-aspect-ratio,16\/9] relative mb-3.5\">\n<p>    <img decoding=\"async\" src=\"https:\/\/cdn.mos.cms.futurecdn.net\/w25nhRTSb4GbCdLjkUEjdj.jpg\" alt=\"Damien Touz\u00e9 during the 2026 Tour of Oman\" loading=\"lazy\" class=\"object-cover w-full h-full\"><\/p><\/div>\n<p>                                                                                                <span class=\"custom-subheading-styles\">Teams &amp; Riders<\/span><\/p>\n<p>                            <span class=\"text-base text-black font-bold mx-0 my-2.5 p-0 block custom-text-styles\">&#8216;Bikes now are pieces of wood, they&#8217;re no longer suitable&#8217; \u2013 Damien Touz\u00e9 highlights safety concerns after life-threatening horror crash at Tour of Oman<\/span><\/p><\/div>\n<div class=\"relative recirc-feed sponsored-card min-h-[250px]\" data-recirc-id=\"article-river-stacked-ads:native-cards\" data-mrf-recirculation=\"article-river-ads\" data-nosnippet data-ad-slot-path=\"feed-sponsored-post\" data-attribute-device=\"all\">\n<div class=\"sponsored-post max-w-full [&amp;.sponsored-post--loaded+.sponsored-post--placeholder]:hidden [&amp;[data-bordeaux-hook-loaded]+.sponsored-post--placeholder]:hidden\"><\/div>\n<div class=\"sponsored-post--placeholder max-w-full animate-pulse\">\n        <span><br \/>\n            <span class=\"font-ui-heading bg-[--ad-slot-badge-bg-color] absolute text-xs font-bold leading-[14px] tracking-normal text-left text-white px-2.5 py-[5px] left-0 top-0 empty:hidden\"><\/span><\/p>\n<div class=\"aspect-[--img-listing-aspect-ratio,16\/9] relative bg-gray-200\"><\/div>\n<p>            <span class=\"text-base text-black font-bold mx-0 my-2.5 p-0 block bg-gray-100\">\u00a0<br \/>\u00a0<\/span><br \/>\n        <\/span>\n    <\/div>\n<\/div><\/div>\n<\/p><\/div>\n<\/aside>\n<aside class=\"w-full\" data-nosnippet data-mrf-recirculation=\"article-river-stacked\">\n<div data-recirc-id=\"article-river-stacked-solr:latest-category\">\n<div class=\"text-white py-4 px-3 mb-4 bg-[#333] uppercase font-bold custom-header-styles\">Latest in Teams &amp; Riders<\/div>\n<div class=\"grid grid-cols-1 gap-4 mt-4 mb-5\">\n<div>\n<div class=\"aspect-[--img-listing-aspect-ratio,16\/9] relative mb-3.5\">\n<p>    <img decoding=\"async\" src=\"https:\/\/cdn.mos.cms.futurecdn.net\/GMa4ASYgRv25ymMnYxb5Wo.jpg\" alt=\"Luke Fetzer (Team Cadence Cyclery p\/b Encore Wire) rides to solo win at 2025 Boise Twilight Criterium\" loading=\"lazy\" class=\"object-cover w-full h-full\"><\/p><\/div>\n<p>                                                                                                <span class=\"custom-subheading-styles\">Teams &amp; Riders<\/span><\/p>\n<p>                            <span class=\"text-base text-black font-bold mx-0 my-2.5 p-0 block custom-text-styles\">&#8216;They told us they were going to kill us&#8217; &#8211; Aggressive driver arrested for endangering US criterium champion after video of road rage incident went viral<\/span><\/p><\/div>\n<div class=\"relative recirc-feed sponsored-card min-h-[250px]\" data-recirc-id=\"article-river-stacked-ads:native-cards\" data-mrf-recirculation=\"article-river-ads\" data-nosnippet data-ad-slot-path=\"feed-sponsored-post\" data-attribute-device=\"all\">\n<div class=\"sponsored-post max-w-full [&amp;.sponsored-post--loaded+.sponsored-post--placeholder]:hidden [&amp;[data-bordeaux-hook-loaded]+.sponsored-post--placeholder]:hidden\"><\/div>\n<div class=\"sponsored-post--placeholder max-w-full animate-pulse\">\n        <span><br \/>\n            <span class=\"font-ui-heading bg-[--ad-slot-badge-bg-color] absolute text-xs font-bold leading-[14px] tracking-normal text-left text-white px-2.5 py-[5px] left-0 top-0 empty:hidden\"><\/span><\/p>\n<div class=\"aspect-[--img-listing-aspect-ratio,16\/9] relative bg-gray-200\"><\/div>\n<p>            <span class=\"text-base text-black font-bold mx-0 my-2.5 p-0 block bg-gray-100\">\u00a0<br \/>\u00a0<\/span><br \/>\n        <\/span>\n    <\/div>\n<\/div>\n<div>\n<div class=\"aspect-[--img-listing-aspect-ratio,16\/9] relative mb-3.5\">\n<p>    <img decoding=\"async\" src=\"https:\/\/cdn.mos.cms.futurecdn.net\/fbhKqCBHZEF9DZz5i55KoT.webp\" alt=\"Skier \u00c9milien Jacquelin has signed for Decathlon CMA CGM\" loading=\"lazy\" class=\"object-cover w-full h-full\"><\/p><\/div>\n<p>                                                                                                <span class=\"custom-subheading-styles\">Teams &amp; Riders<\/span><\/p>\n<p>                            <span class=\"text-base text-black font-bold mx-0 my-2.5 p-0 block custom-text-styles\">&#8216;Strong athletic potential and a high VO2 max&#8217; \u2013 Decathlon CMA CGM sign skier and four-time Olympic medallist \u00c9milien Jacquelin for NewGen Devo team project<\/span><\/p><\/div>\n<div class=\"relative recirc-feed sponsored-card min-h-[250px]\" data-recirc-id=\"article-river-stacked-ads:native-cards\" data-mrf-recirculation=\"article-river-ads\" data-nosnippet data-ad-slot-path=\"feed-sponsored-post\" data-attribute-device=\"all\">\n<div class=\"sponsored-post max-w-full [&amp;.sponsored-post--loaded+.sponsored-post--placeholder]:hidden [&amp;[data-bordeaux-hook-loaded]+.sponsored-post--placeholder]:hidden\"><\/div>\n<div class=\"sponsored-post--placeholder max-w-full animate-pulse\">\n        <span><br \/>\n            <span class=\"font-ui-heading bg-[--ad-slot-badge-bg-color] absolute text-xs font-bold leading-[14px] tracking-normal text-left text-white px-2.5 py-[5px] left-0 top-0 empty:hidden\"><\/span><\/p>\n<div class=\"aspect-[--img-listing-aspect-ratio,16\/9] relative bg-gray-200\"><\/div>\n<p>            <span class=\"text-base text-black font-bold mx-0 my-2.5 p-0 block bg-gray-100\">\u00a0<br \/>\u00a0<\/span><br \/>\n        <\/span>\n    <\/div>\n<\/div>\n<div>\n<div class=\"aspect-[--img-listing-aspect-ratio,16\/9] relative mb-3.5\">\n<p>    <img decoding=\"async\" src=\"https:\/\/cdn.mos.cms.futurecdn.net\/LcHV4scDifcYtpPXLbFYE5.png\" alt=\"DENAIN, FRANCE - MARCH 19: Alec Segaert of Belgium and Team Bahrain - Victorious celebrates at finish line as race winner during the 67th Grand Prix de Denain - Porte du Hainaut 2026 a 200.4km one day race from Denain to Denain on March 19, 2026 in Denain, France. (Photo by Luc Claessen\/Getty Images)\" loading=\"lazy\" class=\"object-cover w-full h-full\"><\/p><\/div>\n<p>                                                                                                <span class=\"custom-subheading-styles\">Teams &amp; Riders<\/span><\/p>\n<p>                            <span class=\"text-base text-black font-bold mx-0 my-2.5 p-0 block custom-text-styles\">A dark horse for the podium at Tour of Flanders and Paris-Roubaix? \u2013 Cycling&#8217;s new late attacker is making his presence impossible to ignore<\/span><\/p><\/div>\n<div class=\"relative recirc-feed sponsored-card min-h-[250px]\" data-recirc-id=\"article-river-stacked-ads:native-cards\" data-mrf-recirculation=\"article-river-ads\" data-nosnippet data-ad-slot-path=\"feed-sponsored-post\" data-attribute-device=\"all\">\n<div class=\"sponsored-post max-w-full [&amp;.sponsored-post--loaded+.sponsored-post--placeholder]:hidden [&amp;[data-bordeaux-hook-loaded]+.sponsored-post--placeholder]:hidden\"><\/div>\n<div class=\"sponsored-post--placeholder max-w-full animate-pulse\">\n        <span><br \/>\n            <span class=\"font-ui-heading bg-[--ad-slot-badge-bg-color] absolute text-xs font-bold leading-[14px] tracking-normal text-left text-white px-2.5 py-[5px] left-0 top-0 empty:hidden\"><\/span><\/p>\n<div class=\"aspect-[--img-listing-aspect-ratio,16\/9] relative bg-gray-200\"><\/div>\n<p>            <span class=\"text-base text-black font-bold mx-0 my-2.5 p-0 block bg-gray-100\">\u00a0<br \/>\u00a0<\/span><br \/>\n        <\/span>\n    <\/div>\n<\/div>\n<div>\n<div class=\"aspect-[--img-listing-aspect-ratio,16\/9] relative mb-3.5\">\n<p>    <img decoding=\"async\" src=\"https:\/\/cdn.mos.cms.futurecdn.net\/5GZmJZf8qmx8Kyc3E4yqyX.jpg\" alt=\"TEULADA MORAIRA, SPAIN - FEBRUARY 07: Remco Evenepoel of Belgium and Team Red Bull - BORA - hansgrohe celebrates at finish line as stage winner during the 77th Volta Comunitat Valenciana 2026, Stage 4 a 172km stage from La Nucia to Teulada Moraira on February 07, 2026 in Teulada Moraira, Spain. (Photo by Szymon Gruchalski\/Getty Images)\" loading=\"lazy\" class=\"object-cover w-full h-full\"><\/p><\/div>\n<p>                                                                                                <span class=\"custom-subheading-styles\">Teams &amp; Riders<\/span><\/p>\n<p>                            <span class=\"text-base text-black font-bold mx-0 my-2.5 p-0 block custom-text-styles\">Red Bull-Bora-Hansgrohe have the makings of a great Tour of Flanders team, but is Remco Evenepoel the missing piece for taking on Poga\u010dar and Van der Poel?<\/span><\/p><\/div>\n<div class=\"relative recirc-feed sponsored-card min-h-[250px]\" data-recirc-id=\"article-river-stacked-ads:native-cards\" data-mrf-recirculation=\"article-river-ads\" data-nosnippet data-ad-slot-path=\"feed-sponsored-post\" data-attribute-device=\"all\">\n<div class=\"sponsored-post max-w-full [&amp;.sponsored-post--loaded+.sponsored-post--placeholder]:hidden [&amp;[data-bordeaux-hook-loaded]+.sponsored-post--placeholder]:hidden\"><\/div>\n<div class=\"sponsored-post--placeholder max-w-full animate-pulse\">\n        <span><br \/>\n            <span class=\"font-ui-heading bg-[--ad-slot-badge-bg-color] absolute text-xs font-bold leading-[14px] tracking-normal text-left text-white px-2.5 py-[5px] left-0 top-0 empty:hidden\"><\/span><\/p>\n<div class=\"aspect-[--img-listing-aspect-ratio,16\/9] relative bg-gray-200\"><\/div>\n<p>            <span class=\"text-base text-black font-bold mx-0 my-2.5 p-0 block bg-gray-100\">\u00a0<br \/>\u00a0<\/span><br \/>\n        <\/span>\n    <\/div>\n<\/div>\n<div>\n<div class=\"aspect-[--img-listing-aspect-ratio,16\/9] relative mb-3.5\">\n<p>    <img decoding=\"async\" src=\"https:\/\/cdn.mos.cms.futurecdn.net\/yXXQXCGbSBwgQtDapyEEA3.jpg\" alt=\"LA MOLINA, SPAIN - MARCH 27: Joao Almeida of Portugal and UAE Team Emirates - XRG crosses the finish line during the 105th Volta a Catalunya 2026, Stage 5 a 155.3km stage from La Seu d&amp;amp;apos;Urgell to La Molina\/Coll de Pal 2109m \/ #UCIWT \/ on March 27, 2026 in La Molina, Spain. (Photo by Szymon Gruchalski\/Getty Images)\" loading=\"lazy\" class=\"object-cover w-full h-full\"><\/p><\/div>\n<p>                                                                                                <span class=\"custom-subheading-styles\">Teams &amp; Riders<\/span><\/p>\n<p>                            <span class=\"text-base text-black font-bold mx-0 my-2.5 p-0 block custom-text-styles\">&#8216;I need to rest and see what&#8217;s wrong with me&#8217; \u2013 Jo\u00e3o Almeida off for medical tests after Volta a Catalunya struggles<\/span><\/p><\/div>\n<div class=\"relative recirc-feed sponsored-card min-h-[250px]\" data-recirc-id=\"article-river-stacked-ads:native-cards\" data-mrf-recirculation=\"article-river-ads\" data-nosnippet data-ad-slot-path=\"feed-sponsored-post\" data-attribute-device=\"all\">\n<div class=\"sponsored-post max-w-full [&amp;.sponsored-post--loaded+.sponsored-post--placeholder]:hidden [&amp;[data-bordeaux-hook-loaded]+.sponsored-post--placeholder]:hidden\"><\/div>\n<div class=\"sponsored-post--placeholder max-w-full animate-pulse\">\n        <span><br \/>\n            <span class=\"font-ui-heading bg-[--ad-slot-badge-bg-color] absolute text-xs font-bold leading-[14px] tracking-normal text-left text-white px-2.5 py-[5px] left-0 top-0 empty:hidden\"><\/span><\/p>\n<div class=\"aspect-[--img-listing-aspect-ratio,16\/9] relative bg-gray-200\"><\/div>\n<p>            <span class=\"text-base text-black font-bold mx-0 my-2.5 p-0 block bg-gray-100\">\u00a0<br \/>\u00a0<\/span><br \/>\n        <\/span>\n    <\/div>\n<\/div>\n<div>\n<div class=\"aspect-[--img-listing-aspect-ratio,16\/9] relative mb-3.5\">\n<p>    <img decoding=\"async\" src=\"https:\/\/cdn.mos.cms.futurecdn.net\/7cZHn64DUq8U5itRQmrUn7.jpg\" alt=\"Dutch Mathieu van der Poel of Alpecin-Premier Tech pictured at the start of the men elite &amp;#039;Middelkerke-Wevelgem - In Flanders Fields&amp;#039; one day cycling race, 240.8 km from Middelkerke to Wevelgem, on Sunday 29 March 2026. BELGA PHOTO JASPER JACOBS (Photo by JASPER JACOBS \/ BELGA MAG \/ Belga via AFP)\" loading=\"lazy\" class=\"object-cover w-full h-full\"><\/p><\/div>\n<p>                                                                                                <span class=\"custom-subheading-styles\">Teams &amp; Riders<\/span><\/p>\n<p>                            <span class=\"text-base text-black font-bold mx-0 my-2.5 p-0 block custom-text-styles\">Mathieu van der Poel retreats to Spain on private jet to fine-tune Tour of Flanders form<\/span><\/p><\/div>\n<div class=\"relative recirc-feed sponsored-card min-h-[250px]\" data-recirc-id=\"article-river-stacked-ads:native-cards\" data-mrf-recirculation=\"article-river-ads\" data-nosnippet data-ad-slot-path=\"feed-sponsored-post\" data-attribute-device=\"all\">\n<div class=\"sponsored-post max-w-full [&amp;.sponsored-post--loaded+.sponsored-post--placeholder]:hidden [&amp;[data-bordeaux-hook-loaded]+.sponsored-post--placeholder]:hidden\"><\/div>\n<div class=\"sponsored-post--placeholder max-w-full animate-pulse\">\n        <span><br \/>\n            <span class=\"font-ui-heading bg-[--ad-slot-badge-bg-color] absolute text-xs font-bold leading-[14px] tracking-normal text-left text-white px-2.5 py-[5px] left-0 top-0 empty:hidden\"><\/span><\/p>\n<div class=\"aspect-[--img-listing-aspect-ratio,16\/9] relative bg-gray-200\"><\/div>\n<p>            <span class=\"text-base text-black font-bold mx-0 my-2.5 p-0 block bg-gray-100\">\u00a0<br \/>\u00a0<\/span><br \/>\n        <\/span>\n    <\/div>\n<\/div><\/div>\n<\/p><\/div>\n<\/aside>\n<aside class=\"w-full\" data-nosnippet data-mrf-recirculation=\"article-river-stacked\">\n<div data-recirc-id=\"article-river-stacked-solr:latest-articletype\">\n<div class=\"text-white py-4 px-3 mb-4 bg-[#333] uppercase font-bold custom-header-styles\">Latest in News<\/div>\n<div class=\"grid grid-cols-1 gap-4 mt-4 mb-5\">\n<div>\n<div class=\"aspect-[--img-listing-aspect-ratio,16\/9] relative mb-3.5\">\n<p>    <img decoding=\"async\" src=\"https:\/\/cdn.mos.cms.futurecdn.net\/GMa4ASYgRv25ymMnYxb5Wo.jpg\" alt=\"Luke Fetzer (Team Cadence Cyclery p\/b Encore Wire) rides to solo win at 2025 Boise Twilight Criterium\" loading=\"lazy\" class=\"object-cover w-full h-full\"><\/p><\/div>\n<p>                                                                                                <span class=\"custom-subheading-styles\">Teams &amp; Riders<\/span><\/p>\n<p>                            <span class=\"text-base text-black font-bold mx-0 my-2.5 p-0 block custom-text-styles\">&#8216;They told us they were going to kill us&#8217; &#8211; Aggressive driver arrested for endangering US criterium champion after video of road rage incident went viral<\/span><\/p><\/div>\n<div class=\"relative recirc-feed sponsored-card min-h-[250px]\" data-recirc-id=\"article-river-stacked-ads:native-cards\" data-mrf-recirculation=\"article-river-ads\" data-nosnippet data-ad-slot-path=\"feed-sponsored-post\" data-attribute-device=\"all\">\n<div class=\"sponsored-post max-w-full [&amp;.sponsored-post--loaded+.sponsored-post--placeholder]:hidden [&amp;[data-bordeaux-hook-loaded]+.sponsored-post--placeholder]:hidden\"><\/div>\n<div class=\"sponsored-post--placeholder max-w-full animate-pulse\">\n        <span><br \/>\n            <span class=\"font-ui-heading bg-[--ad-slot-badge-bg-color] absolute text-xs font-bold leading-[14px] tracking-normal text-left text-white px-2.5 py-[5px] left-0 top-0 empty:hidden\"><\/span><\/p>\n<div class=\"aspect-[--img-listing-aspect-ratio,16\/9] relative bg-gray-200\"><\/div>\n<p>            <span class=\"text-base text-black font-bold mx-0 my-2.5 p-0 block bg-gray-100\">\u00a0<br \/>\u00a0<\/span><br \/>\n        <\/span>\n    <\/div>\n<\/div>\n<div>\n<div class=\"aspect-[--img-listing-aspect-ratio,16\/9] relative mb-3.5\">\n<p>    <img decoding=\"async\" src=\"https:\/\/cdn.mos.cms.futurecdn.net\/keuExybEEZWPSH5SLzW2LX.jpg\" alt=\"FELANITX - PUIG DE SANT SALVADOR, SPAIN - JANUARY 24: Marlen Reusser of Switzerland and Movistar Team crosses the finish line on second place during the 3rd Challenge Femenino Ciclista Mallorca 2026 - Trofeo Marratxi a 128.8km one day race from Marratxi to Felanitx - Puig de Sant Salvador 467m on January 24, 2026 in Felanitx - Puig de Sant Salvador, Spain. (Photo by Tim de Waele\/Getty Images)\" loading=\"lazy\" class=\"object-cover w-full h-full\"><\/p><\/div>\n<p>                                                                                                <span class=\"custom-subheading-styles\">Women&#8217;s Cycling<\/span><\/p>\n<p>                            <span class=\"text-base text-black font-bold mx-0 my-2.5 p-0 block custom-text-styles\">&#8216;She&#8217;ll be one of our big cards to play&#8217; \u2013 Marlen Reusser primed to hit the ground running for Movistar at Dwars door Vlaanderen after long injury sideline<\/span><\/p><\/div>\n<div class=\"relative recirc-feed sponsored-card min-h-[250px]\" data-recirc-id=\"article-river-stacked-ads:native-cards\" data-mrf-recirculation=\"article-river-ads\" data-nosnippet data-ad-slot-path=\"feed-sponsored-post\" data-attribute-device=\"all\">\n<div class=\"sponsored-post max-w-full [&amp;.sponsored-post--loaded+.sponsored-post--placeholder]:hidden [&amp;[data-bordeaux-hook-loaded]+.sponsored-post--placeholder]:hidden\"><\/div>\n<div class=\"sponsored-post--placeholder max-w-full animate-pulse\">\n        <span><br \/>\n            <span class=\"font-ui-heading bg-[--ad-slot-badge-bg-color] absolute text-xs font-bold leading-[14px] tracking-normal text-left text-white px-2.5 py-[5px] left-0 top-0 empty:hidden\"><\/span><\/p>\n<div class=\"aspect-[--img-listing-aspect-ratio,16\/9] relative bg-gray-200\"><\/div>\n<p>            <span class=\"text-base text-black font-bold mx-0 my-2.5 p-0 block bg-gray-100\">\u00a0<br \/>\u00a0<\/span><br \/>\n        <\/span>\n    <\/div>\n<\/div>\n<div>\n<div class=\"aspect-[--img-listing-aspect-ratio,16\/9] relative mb-3.5\">\n<p>    <img decoding=\"async\" src=\"https:\/\/cdn.mos.cms.futurecdn.net\/SKkMGBtSCAA23AaBz9KDyX.png\" alt=\"Van Aert sitting on the grass against the barriers with legs extended, head in hands attended to by a staff member with a big backpack\" loading=\"lazy\" class=\"object-cover w-full h-full\"><\/p><\/div>\n<p>                                                                                                <span class=\"custom-subheading-styles\">Racing<\/span><\/p>\n<p>                            <span class=\"text-base text-black font-bold mx-0 my-2.5 p-0 block custom-text-styles\">&#8216;We&#8217;ll certainly not make that same mistake again&#8217; \u2013 Can Wout van Aert and Visma take revenge at Dwars door Vlaanderen a year on from three-against-one tactical blunder?<\/span><\/p><\/div>\n<div class=\"relative recirc-feed sponsored-card min-h-[250px]\" data-recirc-id=\"article-river-stacked-ads:native-cards\" data-mrf-recirculation=\"article-river-ads\" data-nosnippet data-ad-slot-path=\"feed-sponsored-post\" data-attribute-device=\"all\">\n<div class=\"sponsored-post max-w-full [&amp;.sponsored-post--loaded+.sponsored-post--placeholder]:hidden [&amp;[data-bordeaux-hook-loaded]+.sponsored-post--placeholder]:hidden\"><\/div>\n<div class=\"sponsored-post--placeholder max-w-full animate-pulse\">\n        <span><br \/>\n            <span class=\"font-ui-heading bg-[--ad-slot-badge-bg-color] absolute text-xs font-bold leading-[14px] tracking-normal text-left text-white px-2.5 py-[5px] left-0 top-0 empty:hidden\"><\/span><\/p>\n<div class=\"aspect-[--img-listing-aspect-ratio,16\/9] relative bg-gray-200\"><\/div>\n<p>            <span class=\"text-base text-black font-bold mx-0 my-2.5 p-0 block bg-gray-100\">\u00a0<br \/>\u00a0<\/span><br \/>\n        <\/span>\n    <\/div>\n<\/div>\n<div>\n<div class=\"aspect-[--img-listing-aspect-ratio,16\/9] relative mb-3.5\">\n<p>    <img decoding=\"async\" src=\"https:\/\/cdn.mos.cms.futurecdn.net\/9iRjhDpyxsHBF8oDq5aghf.jpg\" alt=\"Cat Ferguson racing in Belgium early in 2026\" loading=\"lazy\" class=\"object-cover w-full h-full\"><\/p><\/div>\n<p>                                                                                                <span class=\"custom-subheading-styles\">Women&#8217;s cycling (races)<\/span><\/p>\n<p>                            <span class=\"text-base text-black font-bold mx-0 my-2.5 p-0 block custom-text-styles\">&#8216;Wiebes is an absolute animal&#8217; \u2013 Cat Ferguson says riders need to believe SD Worx-Protime star is beatable, or &#8216;it&#8217;s never going to happen&#8217;<\/span><\/p><\/div>\n<div class=\"relative recirc-feed sponsored-card min-h-[250px]\" data-recirc-id=\"article-river-stacked-ads:native-cards\" data-mrf-recirculation=\"article-river-ads\" data-nosnippet data-ad-slot-path=\"feed-sponsored-post\" data-attribute-device=\"all\">\n<div class=\"sponsored-post max-w-full [&amp;.sponsored-post--loaded+.sponsored-post--placeholder]:hidden [&amp;[data-bordeaux-hook-loaded]+.sponsored-post--placeholder]:hidden\"><\/div>\n<div class=\"sponsored-post--placeholder max-w-full animate-pulse\">\n        <span><br \/>\n            <span class=\"font-ui-heading bg-[--ad-slot-badge-bg-color] absolute text-xs font-bold leading-[14px] tracking-normal text-left text-white px-2.5 py-[5px] left-0 top-0 empty:hidden\"><\/span><\/p>\n<div class=\"aspect-[--img-listing-aspect-ratio,16\/9] relative bg-gray-200\"><\/div>\n<p>            <span class=\"text-base text-black font-bold mx-0 my-2.5 p-0 block bg-gray-100\">\u00a0<br \/>\u00a0<\/span><br \/>\n        <\/span>\n    <\/div>\n<\/div>\n<div>\n<div class=\"aspect-[--img-listing-aspect-ratio,16\/9] relative mb-3.5\">\n<p>    <img decoding=\"async\" src=\"https:\/\/cdn.mos.cms.futurecdn.net\/dg5tGScNagTNBvNVTePeGU.jpg\" alt=\"Team Visma | Lease a Bike\u2019s Wout van Aert\u2019s helmet accidentally hits a supporter\u2019s nose during the UCI World Tour In Flanders Fields men\u2019s elite one-day cycling race over 240.8 km from Middelkerke to Wevelgem on March 29, 2026. (Photo by JASPER JACOBS \/ Belga \/ AFP) \/ Belgium OUT\" loading=\"lazy\" class=\"object-cover w-full h-full\"><\/p><\/div>\n<p>                                                                                                <span class=\"custom-subheading-styles\">Racing<\/span><\/p>\n<p>                            <span class=\"text-base text-black font-bold mx-0 my-2.5 p-0 block custom-text-styles\">&#8216;I misjudged this situation for a moment&#8217; \u2013 Fan apologises for close encounter of the nasal kind with Wout Van Aert at In Flanders Fields<\/span><\/p><\/div>\n<div class=\"relative recirc-feed sponsored-card min-h-[250px]\" data-recirc-id=\"article-river-stacked-ads:native-cards\" data-mrf-recirculation=\"article-river-ads\" data-nosnippet data-ad-slot-path=\"feed-sponsored-post\" data-attribute-device=\"all\">\n<div class=\"sponsored-post max-w-full [&amp;.sponsored-post--loaded+.sponsored-post--placeholder]:hidden [&amp;[data-bordeaux-hook-loaded]+.sponsored-post--placeholder]:hidden\"><\/div>\n<div class=\"sponsored-post--placeholder max-w-full animate-pulse\">\n        <span><br \/>\n            <span class=\"font-ui-heading bg-[--ad-slot-badge-bg-color] absolute text-xs font-bold leading-[14px] tracking-normal text-left text-white px-2.5 py-[5px] left-0 top-0 empty:hidden\"><\/span><\/p>\n<div class=\"aspect-[--img-listing-aspect-ratio,16\/9] relative bg-gray-200\"><\/div>\n<p>            <span class=\"text-base text-black font-bold mx-0 my-2.5 p-0 block bg-gray-100\">\u00a0<br \/>\u00a0<\/span><br \/>\n        <\/span>\n    <\/div>\n<\/div>\n<div>\n<div class=\"aspect-[--img-listing-aspect-ratio,16\/9] relative mb-3.5\">\n<p>    <img decoding=\"async\" src=\"https:\/\/cdn.mos.cms.futurecdn.net\/fbhKqCBHZEF9DZz5i55KoT.webp\" alt=\"Skier \u00c9milien Jacquelin has signed for Decathlon CMA CGM\" loading=\"lazy\" class=\"object-cover w-full h-full\"><\/p><\/div>\n<p>                                                                                                <span class=\"custom-subheading-styles\">Teams &amp; Riders<\/span><\/p>\n<p>                            <span class=\"text-base text-black font-bold mx-0 my-2.5 p-0 block custom-text-styles\">&#8216;Strong athletic potential and a high VO2 max&#8217; \u2013 Decathlon CMA CGM sign skier and four-time Olympic medallist \u00c9milien Jacquelin for NewGen Devo team project<\/span><\/p><\/div>\n<div class=\"relative recirc-feed sponsored-card min-h-[250px]\" data-recirc-id=\"article-river-stacked-ads:native-cards\" data-mrf-recirculation=\"article-river-ads\" data-nosnippet data-ad-slot-path=\"feed-sponsored-post\" data-attribute-device=\"all\">\n<div class=\"sponsored-post max-w-full [&amp;.sponsored-post--loaded+.sponsored-post--placeholder]:hidden [&amp;[data-bordeaux-hook-loaded]+.sponsored-post--placeholder]:hidden\"><\/div>\n<div class=\"sponsored-post--placeholder max-w-full animate-pulse\">\n        <span><br \/>\n            <span class=\"font-ui-heading bg-[--ad-slot-badge-bg-color] absolute text-xs font-bold leading-[14px] tracking-normal text-left text-white px-2.5 py-[5px] left-0 top-0 empty:hidden\"><\/span><\/p>\n<div class=\"aspect-[--img-listing-aspect-ratio,16\/9] relative bg-gray-200\"><\/div>\n<p>            <span class=\"text-base text-black font-bold mx-0 my-2.5 p-0 block bg-gray-100\">\u00a0<br \/>\u00a0<\/span><br \/>\n        <\/span>\n    <\/div>\n<\/div><\/div>\n<\/p><\/div>\n<\/aside>\n<\/section>\n<div class=\"related-articles-block\">\n<\/div>\n<\/div>\n<\/div>\n<div data-widget-type=\"ads\" id=\"ads-middle-1\" class=\"clear-both widget widget-ads widget-ads-middle-1 widget-ads-ads-middle-1 widget-no-data widget-ads-flexi_ads_middle1\">\n<div id=\"bdx_flexi_ads_middle1\" data-type=\"ads\" data-ads-type=\"bordeaux\" class=\"flexi_ads_middle1\"><\/div>\n<\/div>\n<\/div>\n<div id=\"widgetArea17\" class=\"widget-area md:basis-1\/3 widget-area-g-md-vp-1-3 widget-area-g-lg-vp-1-3 widget-area-g-xl-vp-1-3 page-widget-area-17\">\n<div data-widget-type=\"empty\" id=\"sidebar\" class=\"clear-both widget widget-empty widget-sidebar widget-empty-sidebar widget-no-data widget-empty\">\n<\/div>\n<div data-widget-type=\"empty\" id=\"sidebar-top\" class=\"clear-both widget widget-empty widget-sidebar-top widget-empty-sidebar-top ad-unit widget-no-data widget-empty\">\n<\/div>\n<div data-widget-type=\"contentparsed\" id=\"follow-us-on-google-news\" class=\"clear-both widget widget-contentparsed widget-follow-us-on-google-news widget-contentparsed-follow-us-on-google-news widget-content-parsed widget-content-parsed-curated \">\n<div class=\"wcp-item-content\">\n<\/div>\n<\/div>\n<div data-widget-type=\"empty\" id=\"sidebar-popular-top\" class=\"clear-both widget widget-empty widget-sidebar-popular-top widget-empty-sidebar-popular-top ad-unit widget-no-data widget-empty\">\n<\/div>\n<div data-widget-type=\"dynamic\" id=\"popular-data\" class=\"clear-both widget widget-dynamic widget-popular-data widget-dynamic-popular-data widget-dynamic-fter-popular-box\">\n<div class=\"clear-both widget-header\">\n<\/div>\n<div class=\"wdn-fte-pb pos-relative space-t20\n\"><\/p>\n<div id=\"slice-container-popularBox\" class=\"slice-container popular-box-slice popularBox slice-container-popularBox\">\n<section data-hydrate=\"true\" class=\"popular-box\">\n<div class=\"popular-box__label\">\n<div class=\"popular-box__label__tab popular-box__label__tab--active\" role=\"heading\">LATEST ARTICLES<\/div>\n<\/div>\n<ol class=\"popular-box__articles-list popular-box__articles-list--active\">\n<li class=\"popular-box__article-list\">\n<div class=\"popular-box__article-list__container\">\n<div class=\"popular-box__article-list__image-wrapper\">\n<div><img decoding=\"async\" src=\"https:\/\/cdn.mos.cms.futurecdn.net\/GMa4ASYgRv25ymMnYxb5Wo.jpg\" alt=\"Luke Fetzer (Team Cadence Cyclery p\/b Encore Wire) rides to solo win at 2025 Boise Twilight Criterium\" class=\"popular-box__article-list__image image__image\" loading=\"lazy\"><\/div>\n<\/div>\n<div class=\"popular-box__article-list__content\">\n<div class=\"popular-box__article-list__number-text\">1<\/div>\n<div class=\"popular-box__article-list__heading\">&#8216;They told us they were going to kill us&#8217; &#8211; Aggressive driver arrested for endangering US criterium champion after video of road rage incident went viral<\/div>\n<\/div>\n<\/div>\n<\/li>\n<li class=\"popular-box__article-list\">\n<div class=\"popular-box__article-list__container\">\n<div class=\"popular-box__article-list__content\">\n<div class=\"popular-box__article-list__number-text\">2<\/div>\n<div class=\"popular-box__article-list__heading\">&#8216;We&#8217;ll certainly not make that same mistake again&#8217; \u2013 Can Wout van Aert and Visma take revenge at Dwars door Vlaanderen a year on from three-against-one tactical blunder?<\/div>\n<\/div>\n<\/div>\n<\/li>\n<li class=\"popular-box__article-list\">\n<div class=\"popular-box__article-list__container\">\n<div class=\"popular-box__article-list__content\">\n<div class=\"popular-box__article-list__number-text\">3<\/div>\n<div class=\"popular-box__article-list__heading\">&#8216;She&#8217;ll be one of our big cards to play&#8217; \u2013 Marlen Reusser primed to hit the ground running for Movistar at Dwars door Vlaanderen after long injury sideline<\/div>\n<\/div>\n<\/div>\n<\/li>\n<li class=\"popular-box__article-list\">\n<div class=\"popular-box__article-list__container\">\n<div class=\"popular-box__article-list__content\">\n<div class=\"popular-box__article-list__number-text\">4<\/div>\n<div class=\"popular-box__article-list__heading\">More than a Tour of Flanders warm-up \u2013 Analysing the contenders at Dwars door Vlaanderen<\/div>\n<\/div>\n<\/div>\n<\/li>\n<li class=\"popular-box__article-list\">\n<div class=\"popular-box__article-list__container\">\n<div class=\"popular-box__article-list__content\">\n<div class=\"popular-box__article-list__number-text\">5<\/div>\n<div class=\"popular-box__article-list__heading\">&#8216;Wiebes is an absolute animal&#8217; \u2013 Cat Ferguson says riders need to believe SD Worx-Protime star is beatable, or &#8216;it&#8217;s never going to happen&#8217;<\/div>\n<\/div>\n<\/div>\n<\/li>\n<\/ol>\n<\/section>\n<\/div>\n<\/div>\n<\/div>\n<div data-widget-type=\"empty\" id=\"sidebar-popular-bottom\" class=\"clear-both widget widget-empty widget-sidebar-popular-bottom widget-empty-sidebar-popular-bottom ad-unit widget-no-data widget-empty\">\n<\/div>\n<\/div>\n<\/div>\n<\/article>\n<div class=\"news-article\">\n<header data-component-name=\"Article:Hero\">\n<nav class=\"breadcrumb\" aria-label=\"Breadcrumbs\">\n<ol>\n<li>\nPro Cycling\n<\/li>\n<li>\nTeams &amp; Riders\n<\/li>\n<li>\nIneos Grenadiers\n<\/li>\n<li>\nBen Turner\n<\/li>\n<\/ol>\n<\/nav>\n<h1>&#8216;Feel like Mike Tyson punched me in the back&#8217; \u2013 Ben Turner dusts himself off after bizarre somersault crash at In Flanders Fields<\/h1>\n<div class=\"kiosq-metered-message-content\">\n<p id=\"kiosq-metered-message\" class=\"kiosq-metered-message\">\n<\/div>\n<div class=\"byline-social\">\n<div class=\"byline\">\nNews<\/p>\n<div class=\"text-[13px]\">\n<span><br \/>\nBy<br \/>\nDani Ostanek <\/span><br \/>\n<span><br \/>\npublished<br \/>\n<time data-component-name=\"UI:DateTime\" datetime=\"2026-03-31T10:58:09Z\" class=\"relative-date\"><br \/>\n31 March 2026<br \/>\n<\/time><br \/>\n<\/span>\n<\/div>\n<\/div>\n<p class=\"strapline\">&#8216;Let&#8217;s see what\u2019s possible for the following races in the next days&#8217; says Briton after hard fall 50km from finish<\/p>\n<\/div>\n<aside class=\"mx-auto mb-4 flex items-center justify-start mx-0 my-5 p-0\" id=\"affiliate-disclaimer\" data-component-name=\"AffiliateDisclaimer\" data-hawk-message=\"Affiliate disclaimer removed because hawk deemed there are no affiliate links on this page\">\n<p class=\"text-700 mb-2 text-[12px] leading-[18px] md:text-[13px] [&amp;&gt;a]:text-gray-700 [&amp;&gt;a]:underline\">\nWhen you purchase through links on our site, we may earn an affiliate commission. Here\u2019s how it works.\n<\/p>\n<\/aside>\n<\/header>\n<\/div>\n<div id=\"article-body\" class=\"text-copy bodyCopy auto paywall-locker\">\n<div data-analytics-id=\"utility-bar\" id=\"utility-bar\" class=\"font-ui-heading flex justify-between items-center py-2 border-t border-b border-gray-300 border-solid mb-5 mx-auto\" data-component-name=\"UtilityBar\" data-mrf-recirculation=\"utility-bar\">\n<div class=\"flex gap-2 text-[#333] subcontainer\">\n<div class=\"relative tooltip-container\" role=\"tooltip\">\n<div data-component-name=\"Social:Dropdown\" role=\"menu\" id=\"utilitybar__dropdown--share\" aria-labelledby=\"utilitybar__button--share\" class=\"absolute left-0 top-full w-44 bg-white rounded-md shadow-md border border-neutral-200 z-[9996] list-none m-0 py-2 px-3 border-solid\">\n<ul class=\"!m-0\">\n<li class=\"!p-0 !m-0 list-none border-b border-gray-200 border-solid\">\n<\/li>\n<li class=\"!p-0 !m-0 list-none border-b border-gray-200 border-solid\">\n<p>Facebook<\/p>\n<\/li>\n<li class=\"!p-0 !m-0 list-none border-b border-gray-200 border-solid\">\n<p>X<\/p>\n<\/li>\n<li class=\"!p-0 !m-0 list-none border-b border-gray-200 border-solid\">\n<p>Pinterest<\/p>\n<\/li>\n<li class=\"!p-0 !m-0 list-none border-b border-gray-200 border-solid\">\n<p>Email<\/p>\n<\/li>\n<\/ul>\n<\/div>\n<div class=\"font-ui-heading max-sm:hidden tooltip absolute left-1\/2 bg-gray-900 text-white text-xs leading-none px-3 py-1.5 rounded-md z-[10001] whitespace-nowrap\" id=\"tooltip-share-this-article\" role=\"tooltip\" aria-hidden=\"true\">\nShare this article\n<\/div>\n<\/div>\n<div class=\"relative tooltip-container\" role=\"tooltip\">\n<p><span class=\"ml-1 inline-flex h-5 px-2 shrink-0 items-center justify-center self-center overflow-hidden whitespace-nowrap rounded-[10px] bg-primary-500 text-[11px] leading-none font-ui-heading font-semibold text-white\"><br \/>\n<span>0<\/span><br \/>\n<span><\/span><br \/>\n<\/span><\/p>\n<div class=\"font-ui-heading max-sm:hidden tooltip absolute left-1\/2 bg-gray-900 text-white text-xs leading-none px-3 py-1.5 rounded-md z-[10001] whitespace-nowrap\" id=\"tooltip-join-the-conversation\" role=\"tooltip\" aria-hidden=\"true\">\nJoin the conversation\n<\/div>\n<\/div>\n<\/div>\n<div class=\"flex gap-2 text-[#333] subcontainer\">\n<div class=\"relative tooltip-container\" role=\"tooltip\">\n<p>Follow us<\/p>\n<div class=\"font-ui-heading max-sm:hidden tooltip absolute left-1\/2 bg-gray-900 text-white text-xs leading-none px-3 py-1.5 rounded-md z-[10001] whitespace-nowrap\" id=\"tooltip-add-us-as-a-preferred-source-on-google\" role=\"tooltip\" aria-hidden=\"true\">\nAdd us as a preferred source on Google\n<\/div>\n<\/div>\n<div class=\"relative tooltip-container\" role=\"tooltip\">\n<div role=\"dialog\" class=\"hidden fixed inset-0 z-[999999999999999999] bg-[#33333370] flex items-center justify-center p-6 newsletter-modal\" data-batch-endpoint=\"https:\/\/newsletter-subscribe.futureplc.com\/v2\/submission\/submit_batch\" data-batch-source=\"302\" data-component-name=\"Newsletter:Modal\">\n<div class=\"bg-neutral-100 rounded-xl shadow-xl w-full lg:w-2\/3 xl:w-1\/2 p-6 relative max-h-[95vh] overflow-y-auto\">\n<aside class=\"[&amp;&gt;svg]:max-h-10 [&amp;&gt;svg]:w-auto [&amp;&gt;svg]:h-full my-4\">\n<\/aside>\n<div id=\"newsletter-capture-modal\">\n<div class=\"sm:text-xl text-base font-bold text-black mb-3 p-0 bg-inherit font-ui-heading\">Get The Leadout Newsletter<\/div>\n<p class=\"text-gray-600 mb-4 text-sm sm:text-base font-article-copy\">The latest race content, interviews, features, reviews and expert buying guides, direct to your inbox!<\/p>\n<div data-component-name=\"Newsletter:NewsletterForm\">\n<div class=\"grid grid-cols-1 sm:grid-cols-10\">\n<\/div>\n<div role=\"status\" aria-live=\"polite\" class=\"grid min-h-[140px] w-full place-items-center rounded-lg p-6 mb-4\">\n<\/div>\n<p><span role=\"alert\" aria-live=\"assertive\"><\/span><\/p>\n<hr class=\"modal_hr mt-3 mb-4 h-px bg-gray-300 border-0\">\n<div class=\"modal_footer block text-left opacity-80 text-[.8em] leading-[1.3em] mt-2 [&amp;&gt;a]:underline font-article-copy\">\nBy submitting your information you agree to the Terms &amp; Conditions and Privacy Policy and are aged 16 or over.\n<\/div>\n<\/div>\n<\/div>\n<div id=\"newsletter-modal-confirmation\" class=\"hidden\">\n<p class=\"sm:text-xl text-base font-bold text-black mb-3 p-0\">You are now subscribed<\/p>\n<p class=\"text-gray-600 mb-4 text-sm sm:text-base\">Your newsletter sign-up was successful<\/p>\n<div id=\"newsletter-modal-confirmation__userlogin\" class=\"hidden\">\n<hr class=\"my-5 h-px bg-gray-300 border-0\">\n<div class=\"items-start flex flex-col h-full justify-between\">\n<div class=\"flcw-text pb-5 pt-2 leading-[1.3]\"> An account already exists for this email address, please log in.<\/div>\n<\/div>\n<\/div>\n<\/div>\n<\/div>\n<\/div>\n<div class=\"font-ui-heading max-sm:hidden tooltip absolute left-1\/2 bg-gray-900 text-white text-xs leading-none px-3 py-1.5 rounded-md z-[10001] whitespace-nowrap\" id=\"tooltip-subscribe-to-our-newsletter\" role=\"tooltip\" aria-hidden=\"true\">\nSubscribe to our newsletter\n<\/div>\n<\/div>\n<\/div>\n<\/div>\n<p id=\"elk-5adc5475-ce8d-4ef9-9309-d185310b962b\">Ineos Grenadiers rider Ben Turner has escaped injury after a strange crash at In Flanders Fields sent him somersaulting across the road.<\/p>\n<div id=\"ad-unit-1\" class=\"ad-unit\"><\/div>\n<p>The Briton hasn&#8217;t had the best of luck in recent races during the spring Classics, with his race at Friday&#8217;s E3 Saxo Classic coming to an end after suffering a mechanical at the vital Taaienberg climb.<\/p>\n<p><a id=\"elk-seasonal\"><\/a><\/p>\n<aside data-block-type=\"embed\" data-render-type=\"fte\" data-skip=\"dealsy\" data-widget-type=\"seasonal\" class=\"hawk-root\"><\/aside>\n<p id=\"elk-5adc5475-ce8d-4ef9-9309-d185310b962b-2\" class=\"paywall\" aria-hidden=\"true\">On Sunday, he notched another DNF after getting tangled with another rider with 50km to run in the 240km race.<\/p>\n<p><span class=\"article-continues-below block py-2 text-sm\">Article continues below <\/span><\/p>\n<div id=\"mid-article-leaderboard\" class=\"ad-unit sm:hidden block\"><\/div>\n<div class=\"van_vid_carousel\">\n<div class=\"van_vid_carousel__padding\">\n<div class=\"van_vid_carousel__container\">\n<div class=\"jw-carousel-signposting\"><span class=\"jw-carousel-signposting__title\"><\/span><\/div>\n<\/div>\n<\/div>\n<\/div>\n<aside data-component-name=\"Recirculation:ArticleRiver\" data-recirculation-type=\"inline\" data-mrf-recirculation=\"Trending Bar\" data-nosnippet class=\"clear-both pb-0 pt-2 mb-4\">\n        <span class=\"\n            flex\n            after:content-[''] after:flex-1 after:ml-4 after:my-[0.7rem] after:border-t after:border-solid after:border-t-[#ccc]\n            before:content-[''] before:flex-1 before:mr-4 before:my-[0.7rem] before:border-t before:border-solid before:border-t-[#ccc]\n            font-article-heading pb-0 !text-base uppercase sm:text-sm font-bold\n        \"><br \/>\n            You may like<br \/>\n        <\/span><\/p>\n<ul class=\"flex flex-col gap-0 m-0\">\n<li class=\"m-0 list-none border-b border-solid border-[#ededed] py-2\" data-recirculation-id=\"recirculation-card-1\" data-analytics-id=\"recirculation-inline-1\" data-mrf-recirculation=\"recirculation-inline-1\">\n<p>    <img decoding=\"async\" src=\"https:\/\/cdn.mos.cms.futurecdn.net\/Haeie96SWL7fLYdxXAVx5F.jpg\" alt=\"LOULE, PORTUGAL - FEBRUARY 22: Stefan Kung of Switzerland and Team Tudor Pro Cycling competes during the 52nd Volta ao Algarve em Bicicleta 2026, Stage 5 a 148.4km stage from Faro to Malhao - Loule 512m on February 22, 2026 in Loule, Portugal. (Photo by Dario Belingheri\/Getty Images)\" loading=\"lazy\" class=\"aspect-square size-[75px] object-cover flex-shrink-0 rounded-lg\"><\/p>\n<p>                        <span class=\"\n                            w-full font-article-heading line-clamp-3 md:line-clamp-2 text-base font-medium\">Major fractures for Stefan K\u00fcng and Ben Swift as injury fallout from crash-ridden Omloop Het Nieuwsblad continues<\/span><\/p>\n<\/li>\n<li class=\"m-0 list-none border-b border-solid border-[#ededed] py-2\" data-recirculation-id=\"recirculation-card-2\" data-analytics-id=\"recirculation-inline-2\" data-mrf-recirculation=\"recirculation-inline-2\">\n<p>    <img decoding=\"async\" src=\"https:\/\/cdn.mos.cms.futurecdn.net\/mwe9Bm8ooTrWWxn83jW3CS.jpg\" alt=\"NIVONE, BELGIUM - FEBRUARY 28: (L-R) Kaden Groves of Australia and Team Alpecin-Premier Tech and Tim Wellens of Belgium and UAE Team Emirates - XRG compete during the 21st Omloop Het Nieuwsblad 2026, Men&amp;amp;apos;s Elite a 207.2km one day race from Ghent to Ninove \/ #UCIWT \/ on February 28, 2026 in Ninove, Belgium. (Photo by Tim de Waele\/Getty Images)\" loading=\"lazy\" class=\"aspect-square size-[75px] object-cover flex-shrink-0 rounded-lg\"><\/p>\n<p>                        <span class=\"\n                            w-full font-article-heading line-clamp-3 md:line-clamp-2 text-base font-medium\">Tim Wellens latest big name to break a bone in Opening Weekend as more crashes affect Kuurne-Brussel-Kuurne<\/span><\/p>\n<\/li>\n<li class=\"m-0 list-none border-b border-solid border-[#ccc] py-2\" data-recirculation-id=\"recirculation-card-3\" data-analytics-id=\"recirculation-inline-3\" data-mrf-recirculation=\"recirculation-inline-3\">\n<p>    <img decoding=\"async\" src=\"https:\/\/cdn.mos.cms.futurecdn.net\/Lk7kejsz7kmSLaN4BUMG7R.jpg\" alt=\"Belgian Jasper Philipsen of Alpecin-Premier Tech celebrates after winning the men elite &amp;#039;Middelkerke-Wevelgem - In Flanders Fields&amp;#039; one day cycling race, 240.8 km from Middelkerke to Wevelgem, on Sunday 29 March 2026. BELGA PHOTO ELIAS ROM (Photo by ELIAS ROM \/ BELGA MAG \/ Belga via AFP)\" loading=\"lazy\" class=\"aspect-square size-[75px] object-cover flex-shrink-0 rounded-lg\"><\/p>\n<p>                        <span class=\"\n                            w-full font-article-heading line-clamp-3 md:line-clamp-2 text-base font-medium\">As it happened: In Flanders Fields Men ends in group sprint after late catch of breakaway <\/span><\/p>\n<\/li>\n<\/ul>\n<\/aside>\n<p class=\"paywall\" aria-hidden=\"true\">Turner lost control and swerved across the road before flipping over and falling hard on his back. He was unable to continue the race, but luckily avoided any serious injury.<\/p>\n<div id=\"ad-unit-2\" class=\"ad-unit\"><\/div>\n<p class=\"paywall\" aria-hidden=\"true\">The 26-year-old took to Instagram on Monday to explain the accident.<\/p>\n<p class=\"paywall\" aria-hidden=\"true\">&#8220;Not my luck the last races, mechanical on Taaienberg in E3 and getting my bars tangled with another rider in Wevelgem. Fortunately, I practised front flips on my bed as a child,&#8221; he wrote.<\/p>\n<p>&#8220;Considering the crash, I\u2019m happy to come out of it how I did with nothing broken, just feel like Mike Tyson punched me in the back. Let&#8217;s see what\u2019s possible for the following races in the next days\u2026&#8221;<\/p>\n<div id=\"slice-container-newsletterForm-articleInbodyContent-RVtkFiahqYDiNdhEc84xGc\" class=\"slice-container newsletter-inbodyContent-slice newsletterForm-articleInbodyContent-RVtkFiahqYDiNdhEc84xGc slice-container-newsletterForm\">\n<div data-hydrate=\"true\" class=\"newsletter-form__wrapper newsletter-form__wrapper--inbodyContent\">\n<div class=\"newsletter-form__container\">\n<section class=\"newsletter-form__top-bar\">\n<div class=\"newsletter-form__header\">Get The Leadout Newsletter<\/div>\n<\/section>\n<section class=\"newsletter-form__main-section\">\n<p class=\"newsletter-form__strapline\">The latest race content, interviews, features, reviews and expert buying guides, direct to your inbox!<\/p>\n<footer class=\"newsletter-form__footer \">By submitting your information you agree to the Terms &amp; Conditions and Privacy Policy and are aged 16 or over.<\/footer>\n<\/section>\n<\/div>\n<\/div>\n<\/div>\n<p class=\"paywall\" aria-hidden=\"true\">Jasper Philipsen (Alpecin-Premier Tech) went on to win In Flanders Fields, beating Tobias Lund Andresen (Decathlon CMA-CGM) in a bunch sprint. Turner&#8217;s fellow Briton, Samuel Watson, was Ineos Grenadiers&#8217; best finisher, taking 17th at the finish.<\/p>\n<p class=\"paywall\" aria-hidden=\"true\">Turner is set to miss Dwars door Vlaanderen on Wednesday following the fall, with Ineos Grenadiers calling up Artem Shmidt to replace him.<\/p>\n<p class=\"paywall\" aria-hidden=\"true\">It remains to be seen whether he&#8217;ll be fit enough to contest the Tour of Flanders and Paris-Roubaix, however.<\/p>\n<p class=\"paywall\" aria-hidden=\"true\">He&#8217;s on the provisional startlist for the former, while Filippo Ganna and Josh Tarling are set to lead Ineos at the latter.<\/p>\n<div class=\"instagram-embed\" id=\"elk-DWgZlwICDxR\">\n<blockquote class=\"instagram-media\" data-instgrm-captioned data-instgrm-version=\"6\">\n<p>A post shared by Ben Turner (@benelliotturner)<\/p>\n<p>A photo posted by on <\/p>\n<\/blockquote>\n<\/div>\n<div class=\"see-more see-more--clipped\" id=\"elk-2038297071552209281\">\n<blockquote class=\"twitter-tweet hawk-ignore\" data-lang=\"en\">\n<p lang=\"en\" dir=\"ltr\">\ud83d\ude28 La ca\u00edda m\u00e1s rara del d\u00eda, de la semana, del mes&#8230; \u00a1y puede que de lo que va de a\u00f1o!\u203c\ufe0f La ca\u00edda de Ben Turner en la In Flanders Fields que acab\u00f3 por suponer el abandono del corredor del INEOS Greandiers#IFF26 pic.twitter.com\/Ghp5ff8T1DMarch 29, 2026<\/p>\n<\/blockquote>\n<div class=\"see-more__filter\"><\/div>\n<\/div>\n<p id=\"elk-cde599dd-df52-4c94-b542-912da4dcaa51\"><em><strong>Get unlimited access to our unrivalled 2026 Spring Classics coverage with a Cyclingnews subscription. We&#8217;ll bring you breaking news, reports, and analysis from some of the biggest races on the calendar, including Milan-San Remo, Paris-Roubaix and the Tour of Flanders. <\/strong><\/em><u><em><strong>Find out more.<\/strong><\/em><\/u><\/p>\n<\/div>\n<p>[analyse_source url=&#8221;https:\/\/www.cyclingnews.com\/pro-cycling\/teams-riders\/feel-like-mike-tyson-punched-me-in-the-back-ben-turner-escapes-injury-after-somersault-crash-at-in-flanders-fields\/&#8221;]<\/p>\n","protected":false},"excerpt":{"rendered":"<p>[analyse_image type=&#8221;featured&#8221; src=&#8221;https:\/\/cdn.mos.cms.futurecdn.net\/upAciNBEaLB5QXgnJ46ytR-1024-80.jpg&#8221;] Pro Cycling Teams &amp; Riders Ineos Grenadiers Ben Turner &#8216;Feel like Mike Tyson punched me in the back&#8217; \u2013 Ben Turner dusts himself off after bizarre somersault crash at In Flanders Fields News By Dani Ostanek published 31 March 2026 &#8216;Let&#8217;s see what\u2019s possible for the following races in the next days&#8217; [&hellip;]<\/p>\n","protected":false},"author":1,"featured_media":0,"comment_status":"open","ping_status":"","sticky":false,"template":"","format":"standard","meta":{"footnotes":""},"categories":[2],"tags":[226,68],"class_list":["post-1858482","post","type-post","status-publish","format-standard","hentry","category-politics","tag-crawlmanager","tag-cyclingnews-com"],"_links":{"self":[{"href":"https:\/\/analyse.optim.biz\/index.php?rest_route=\/wp\/v2\/posts\/1858482","targetHints":{"allow":["GET"]}}],"collection":[{"href":"https:\/\/analyse.optim.biz\/index.php?rest_route=\/wp\/v2\/posts"}],"about":[{"href":"https:\/\/analyse.optim.biz\/index.php?rest_route=\/wp\/v2\/types\/post"}],"author":[{"embeddable":true,"href":"https:\/\/analyse.optim.biz\/index.php?rest_route=\/wp\/v2\/users\/1"}],"replies":[{"embeddable":true,"href":"https:\/\/analyse.optim.biz\/index.php?rest_route=%2Fwp%2Fv2%2Fcomments&post=1858482"}],"version-history":[{"count":0,"href":"https:\/\/analyse.optim.biz\/index.php?rest_route=\/wp\/v2\/posts\/1858482\/revisions"}],"wp:attachment":[{"href":"https:\/\/analyse.optim.biz\/index.php?rest_route=%2Fwp%2Fv2%2Fmedia&parent=1858482"}],"wp:term":[{"taxonomy":"category","embeddable":true,"href":"https:\/\/analyse.optim.biz\/index.php?rest_route=%2Fwp%2Fv2%2Fcategories&post=1858482"},{"taxonomy":"post_tag","embeddable":true,"href":"https:\/\/analyse.optim.biz\/index.php?rest_route=%2Fwp%2Fv2%2Ftags&post=1858482"}],"curies":[{"name":"wp","href":"https:\/\/api.w.org\/{rel}","templated":true}]}}