{"id":185846,"date":"2015-02-25T15:41:08","date_gmt":"2015-02-25T12:41:08","guid":{"rendered":"https:\/\/analyse.optim.biz\/?p=185846"},"modified":"2015-02-25T15:41:08","modified_gmt":"2015-02-25T12:41:08","slug":"puterea-si-a-impus-punctul-de-vedere-plenul-pentru-eduard-hellvig-va-avea-loc-luni","status":"publish","type":"post","link":"https:\/\/analyse.optim.biz\/?p=185846","title":{"rendered":"Puterea \u0219i-a impus punctul de vedere. Plenul pentru Eduard Hellvig va avea loc luni"},"content":{"rendered":"<div class=\"entry data-app-meta data-app-meta-article\" data-embed-base-url-canonical=\"https:\/\/www.digi24.ro\/embed\/stiri\/actualitate\/politica\/puterea-si-a-impus-punctul-de-vedere-plenul-pentru-eduard-hellvig-va-avea-loc-luni-363943\">\n<p data-index=\"1\">Jurnali\u0219tii nu au primit prea multe explica\u021bii. \u201e<span>Biroul Permanent a stabilit \u0219edin\u021ba de plen pentru luni la ora 16:00 (&#8230;) Prioritar va fi votul pentru noul director SRI, raportul a venit ast\u0103zi. Aceasta e decizia luat\u0103 cu 14 voturi pentru \u00een Biroul Permanent Reunit. Nu m\u0103 \u00eentreba\u021bi argumentele, nu scrie nic\u0103ieri s\u0103 \u0219tiu argumentele pentru vot\u201d, a declarat <strong>Valeriu Zgonea.<\/strong><\/span><\/p>\n<p data-index=\"2\">Pre\u0219edintele Camerei Deputa\u021bilor a spus c\u0103 a aceasta a fost o decizie luat\u0103 \u00een grupul parlamentar al PSD.\u00a0<\/p>\n<p data-index=\"3\">\u00centrebat dac\u0103 nu \u0219tie, ca membru PSD, ce i-a motivat pe colegii s\u0103i, Valeriu Zgonea a spus c\u0103 nu r\u0103spunde \u00eentreb\u0103rilor pe care le consider\u0103 un atac la persoan\u0103.<\/p>\n<p data-index=\"4\"><strong>Negocieri cu PSD pentru \u0219efia SIE?<\/strong><\/p>\n<p data-index=\"5\">\u201eAst\u0103zi vin cu o propunere total lipsit\u0103 de logic\u0103, \u00een care singurul lor argument e c\u0103 suntem mai mul\u021bi \u0219i a\u0219a vor mu\u0219chii no\u0219tri\u201d, a comentat liberalul Ludovic Orban. \u201eIndiferent ce ascunde tergiversarea, c\u0103 <strong>vor s\u0103 negocieze SIE<\/strong>, c\u0103 i-a prostit pe mul\u021bi parlamentari c\u0103 vor s\u0103 negocieze conducerea SIE, nu cred c\u0103 se poate negocia. Nu e un t\u00e2rg \u00een pia\u021b\u0103 \u00eentre partidele politice sau \u00eentre pre\u0219edinte \u0219i premier numirea unui director la SIE\u201d, a declarat <strong>Ludovic Orban<\/strong>.<\/p>\n<p data-index=\"6\">Pre\u0219edintele Klaus Iohannis se afl\u0103 \u00een vizit\u0103 \u00een Republica Moldova, iar disear\u0103 va pleca \u00een vizit\u0103 oficial\u0103 \u00een Germania.<\/p>\n<p data-index=\"7\">La r\u00e2ndul s\u0103u, copre\u015fedintele PNL <strong>Alina Gorghiu<\/strong> a spus, miercuri, c\u0103 nu \u00een\u0163elege \u015fi nu \u015ftie care a fost motiva\u0163ia PSD pentru am\u00e2narea vot\u0103rii \u00een plenul reunit a lui Eduard Hellvig la \u015fefia SRI. Ea a spus c\u0103 nu are cuno\u015ftin\u0163\u0103 de negocieri pentru \u015fefia SIE, \u00een baza c\u0103rora s\u0103 se fi tergiversat numirea de la SRI.<\/p>\n<p data-index=\"8\">\u201e\u00cen opinia mea, este de ne\u00een\u0163eles. Nu \u015ftiu care este motiva\u0163ia PSD. \u00cen\u0163eleg c\u0103 nu are nici una. E trist, nu e prima dat\u0103 \u015fi probabil nu va fi ultima oar\u0103 c\u00e2nd PSD nu are o explica\u0163ie de ce am\u00e2n\u0103 o \u015fedin\u0163\u0103 de plen reunit&#8221;, a spus Gorghiu, referitor la am\u00e2narea pentru luni a votului \u00een cazul lui Hellvig.<\/p>\n<p data-index=\"9\">\u00centrebat\u0103 dac\u0103 PSD negociaz\u0103 \u015fefia SIE \u015fi dac\u0103, \u00een aceast\u0103 situa\u0163ie, tergiversarea numirii la SRI ar avea leg\u0103tur\u0103 cu acest fapt, Gorghiu a precizat c\u0103 nu \u015ftie s\u0103 existe vreo negociere.<\/p>\n<p data-index=\"10\">\u201eNu \u015ftiu niciun motiv pentru care PSD a decis s\u0103 am\u00e2ne, prin votul din Birourile Permanente, plenul reunit. Nu \u015ftiu s\u0103 existe vreo negociere. M\u0103 \u00eendoiesc c\u0103 poate exista o negociere din acest punct de vedere. Pentru c\u0103 nu la nivel parlamentar se decide propunerea pentru viitorul \u015fef al SRI sau al SIE, ci propunerea, conform Constitu\u0163iei, vine de la \u015feful statului&#8221;, a spus Gorghiu.<\/p>\n<p data-index=\"11\">Ea \u015fi-a exprimat speran\u0163a c\u0103 votul pentru Hellvig la \u015fefia SRI se va da, totu\u015fi, lunea viitoare, a\u015fa cum s-a stabilit la nivelul conduceriii celor dou\u0103 Camere.<\/p>\n<\/div>\n<p> Source URL: https:\/\/www.digi24.ro\/stiri\/actualitate\/politica\/puterea-si-a-impus-punctul-de-vedere-plenul-pentru-eduard-hellvig-va-avea-loc-luni-363943<\/p>\n","protected":false},"excerpt":{"rendered":"<p>Jurnali\u0219tii nu au primit prea multe explica\u021bii. \u201eBiroul Permanent a stabilit \u0219edin\u021ba de plen pentru luni la ora 16:00 (&#8230;) Prioritar va fi votul pentru noul director SRI, raportul a venit ast\u0103zi. Aceasta e decizia luat\u0103 cu 14 voturi pentru \u00een Biroul Permanent Reunit. Nu m\u0103 \u00eentreba\u021bi argumentele, nu scrie nic\u0103ieri s\u0103 \u0219tiu argumentele pentru [&hellip;]<\/p>\n","protected":false},"author":1,"featured_media":185847,"comment_status":"open","ping_status":"","sticky":false,"template":"","format":"standard","meta":{"footnotes":""},"categories":[2],"tags":[11],"class_list":["post-185846","post","type-post","status-publish","format-standard","has-post-thumbnail","hentry","category-politics","tag-digi24"],"_links":{"self":[{"href":"https:\/\/analyse.optim.biz\/index.php?rest_route=\/wp\/v2\/posts\/185846","targetHints":{"allow":["GET"]}}],"collection":[{"href":"https:\/\/analyse.optim.biz\/index.php?rest_route=\/wp\/v2\/posts"}],"about":[{"href":"https:\/\/analyse.optim.biz\/index.php?rest_route=\/wp\/v2\/types\/post"}],"author":[{"embeddable":true,"href":"https:\/\/analyse.optim.biz\/index.php?rest_route=\/wp\/v2\/users\/1"}],"replies":[{"embeddable":true,"href":"https:\/\/analyse.optim.biz\/index.php?rest_route=%2Fwp%2Fv2%2Fcomments&post=185846"}],"version-history":[{"count":0,"href":"https:\/\/analyse.optim.biz\/index.php?rest_route=\/wp\/v2\/posts\/185846\/revisions"}],"wp:featuredmedia":[{"embeddable":true,"href":"https:\/\/analyse.optim.biz\/index.php?rest_route=\/wp\/v2\/media\/185847"}],"wp:attachment":[{"href":"https:\/\/analyse.optim.biz\/index.php?rest_route=%2Fwp%2Fv2%2Fmedia&parent=185846"}],"wp:term":[{"taxonomy":"category","embeddable":true,"href":"https:\/\/analyse.optim.biz\/index.php?rest_route=%2Fwp%2Fv2%2Fcategories&post=185846"},{"taxonomy":"post_tag","embeddable":true,"href":"https:\/\/analyse.optim.biz\/index.php?rest_route=%2Fwp%2Fv2%2Ftags&post=185846"}],"curies":[{"name":"wp","href":"https:\/\/api.w.org\/{rel}","templated":true}]}}