{"id":185834,"date":"2015-02-25T17:03:26","date_gmt":"2015-02-25T14:03:26","guid":{"rendered":"https:\/\/analyse.optim.biz\/?p=185834"},"modified":"2015-02-25T17:03:26","modified_gmt":"2015-02-25T14:03:26","slug":"klaus-iohannis-vizita-oficiala-in-germania-vom-aborda-perspectiva-aderarii-romaniei-la-spatiul-schengen","status":"publish","type":"post","link":"https:\/\/analyse.optim.biz\/?p=185834","title":{"rendered":"Klaus Iohannis, vizit\u0103 oficial\u0103 \u00een Germania: \u201eVom aborda perspectiva ader\u0103rii Rom\u00e2niei la spa\u0163iul Schengen\u201d"},"content":{"rendered":"<div class=\"entry data-app-meta data-app-meta-article\" data-embed-base-url-canonical=\"https:\/\/www.digi24.ro\/embed\/stiri\/actualitate\/politica\/klaus-iohannis-vizita-oficiala-in-germania-vom-aborda-perspectiva-aderarii-romaniei-la-spatiul-schengen-363993\">\n<p data-index=\"1\"><strong><br \/><\/strong><\/p>\n<p data-index=\"2\"><strong>Actualizare 18.00:<\/strong> Pre\u015fedintele Klaus Iohannis sper\u0103 s\u0103 ob\u0163in\u0103 sprijin de la Germania pentru aderarea Rom\u00e2niei la Schengen. \u015eeful statului a plecat \u00een urm\u0103 cu pu\u0163in timp la Berlin, la invita\u0163ia pre\u015fedintelui Joachim Gauck, pentru o vizit\u0103 oficial\u0103 de dou\u0103 zile, \u00een care se va \u00eent\u00e2lni \u015fi cu Angela Merkel.<\/p>\n<p data-index=\"3\"><strong>Declara\u021biile pre\u0219edintelui:<\/strong><\/p>\n<p data-index=\"4\">Rela\u0163iile de coperare cu Germania au pentru noi o importan\u0163\u0103 strategic\u0103, aprofundarea acestei cooper\u0103ri \u015fi a dialogului cu Berlin, \u015fi extinderea domeniilor de colaborare constituie o prioritate.<\/p>\n<p data-index=\"5\">Vizita ofer\u0103 prilejul intr\u0103rii \u00eentr-o etap\u0103 superioar\u0103 a rela\u0163iilor bilaterale, ce include \u015fi o sus\u0163inere reciproc\u0103, pe teme de interes comun, \u00een cadrul Uniunii Europene, \u00een plan regional \u015fi \u00een plan interna\u0163ional.<\/p>\n<p data-index=\"6\">Cont\u0103m pe sprijinul german pentru integrarea real\u0103 \u015fi \u00een profunzime a Rom\u00e2niei \u00een nucleul european, \u00een multe puncte comune care ne unesc. Rom\u00e2nia, ca \u015fi Germania, este un stat cu profil comunitar bine conturat, sus\u0163in\u0103tor al aprofund\u0103rii integr\u0103rii europene \u015fi al consolid\u0103rii Uniunii Europene, ca proiect politic.<\/p>\n<p data-index=\"7\">Vom aborda inclusiv subiectul perspectivei ader\u0103rii Rom\u00e2niei la spa\u0163iul Schengen. Vom discuta \u015fi pe un plan mai general, cel al nevoii consolid\u0103rii securit\u0103\u0163ii Uniunii Europene \u015fi a cet\u0103\u0163enilor s\u0103i. Vom discuta cu siguran\u0163\u0103 \u015fi despre evolu\u0163iile \u00een materie de securitate de pe continentul nostru \u015fi, sigur, \u00een mod special, despre situa\u0163ia din Ucraina.<\/p>\n<p data-index=\"8\">De un interes deosebit pentru noi este subiectul perspectivei europene a Republicii Moldova \u015fi a \u0163\u0103rilor din Balcanii de Vest.<\/p>\n<p data-index=\"9\">Voi men\u0163iona cu acest prilej \u015fi rolul cresc\u00e2nd al comunit\u0103\u0163ilor germane din Rom\u00e2nia \u015fi a comunit\u0103\u0163ii rom\u00e2ne din Germania ca punte de leg\u0103tur\u0103 \u015fi factori de consolidare ai cooper\u0103rii rom\u00e2no-germane. \u00cen toate aceste \u00eentrevederi, vom discuta despre pa\u015fii pe care Rom\u00e2nia \u015fi Germania trebuie s\u0103-i \u00eentreprind\u0103 \u00een continuare pentru ca cet\u0103\u0163enii no\u015ftri s\u0103 beneficieze de pe urma acestei leg\u0103turi puternice<span>.<\/span><\/p>\n<hr>\n<p data-index=\"10\"><img decoding=\"async\" src=\"https:\/\/analyse.optim.biz\/wp-content\/uploads\/2024\/09\/jnc9odawjmhhc2g9zmzkyty0m2zmzgjhywixotkxmdfmmjnmowe3yzi2n2e-thumb_.jpg\" data-skip-htmlfix=\"1\" title=\"jnc9odawjmhhc2g9zmzkyty0m2zmzgjhywixotkxmdfmmjnmowe3yzi2n2e-thumb_\"><\/p>\n<p data-index=\"11\">Pre\u015fedintele\u00a0Klaus Iohannis\u00a0urmeaz\u0103 s\u0103 se \u00eent\u00e2lneasc\u0103 joi la pr\u00e2nz cu pre\u015fedintele Joachim Gauck. Ceremonia primirii oficiale, la Palatul Bellevue din Berlin, este prev\u0103zut\u0103 s\u0103 aib\u0103 loc la ora 13.00 (ora Rom\u00e2niei), de la ora 13.15 fiind programate convorbiri t\u00eate-\u00e0-t\u00eate.<\/p>\n<p data-index=\"12\"><strong>De la ora 13.30, cei doi pre\u015fedin\u0163i vor participa la un dejun de lucru.\u00a0<\/strong>La ora 15.05 (ora Rom\u00e2niei), la sediul Cancelariei Federale, pre\u015fedintele Iohannis va avea convorbiri t\u00eate-\u00e0-t\u00eate cu cancelarul german, Angela Merkel, urmate, la ora 15.15, de convorbiri oficiale. Cei doi \u00eenal\u0163i oficiali vor sus\u0163ine apoi, de la ora 16.10, o declara\u0163ie de pres\u0103 comun\u0103.<\/p>\n<p data-index=\"13\"><strong>\u015eeful statului rom\u00e2n are programate apoi, de la ora 17.00 (ora Rom\u00e2niei), convorbiri cu pre\u015fedintele Bundestag, Norbert Lammert, iar de la ora 17.45 (ora Rom\u00e2niei), o \u00eent\u00e2lnire cu conducerea Forumului Germano-Rom\u00e2n.<\/strong><\/p>\n<p data-index=\"14\">Klaus Iohannis va avea \u00een cursul serii, de la ora 19.00 (ora Rom\u00e2niei), la sediul Ambasadei Rom\u00e2niei la Berlin, o \u00eent\u00e2lnire cu reprezentan\u0163i ai comunit\u0103\u0163ii rom\u00e2ne\u015fti din Germania.<\/p>\n<p data-index=\"15\"><strong>Ini\u0163ial, vizita pre\u015fedintelui rom\u00e2n a fost programat\u0103 pentru 11 februarie<\/strong>, dar a fost am\u00e2nat\u0103 \u00een semn de respect fa\u0163\u0103 de funeraliile fostului pre\u015fedinte Richard von Weizs\u00e4cker, organizate la aceast\u0103 dat\u0103.<\/p>\n<p data-index=\"16\"><strong>Klaus Iohannis \u00eencheie, miercuri, o vizit\u0103 oficial\u0103 de dou\u0103 zile \u00een Republica Moldova \u015fi urmeaz\u0103 s\u0103 plece \u00een cursul serii spre Berlin.<\/strong><\/p>\n<p data-index=\"17\"><strong><br \/><\/strong><\/p>\n<\/div>\n<p> Source URL: https:\/\/www.digi24.ro\/stiri\/actualitate\/politica\/klaus-iohannis-vizita-oficiala-in-germania-vom-aborda-perspectiva-aderarii-romaniei-la-spatiul-schengen-363993<\/p>\n","protected":false},"excerpt":{"rendered":"<p>Actualizare 18.00: Pre\u015fedintele Klaus Iohannis sper\u0103 s\u0103 ob\u0163in\u0103 sprijin de la Germania pentru aderarea Rom\u00e2niei la Schengen. \u015eeful statului a plecat \u00een urm\u0103 cu pu\u0163in timp la Berlin, la invita\u0163ia pre\u015fedintelui Joachim Gauck, pentru o vizit\u0103 oficial\u0103 de dou\u0103 zile, \u00een care se va \u00eent\u00e2lni \u015fi cu Angela Merkel. Declara\u021biile pre\u0219edintelui: Rela\u0163iile de coperare cu [&hellip;]<\/p>\n","protected":false},"author":1,"featured_media":185835,"comment_status":"open","ping_status":"","sticky":false,"template":"","format":"standard","meta":{"footnotes":""},"categories":[2],"tags":[11],"class_list":["post-185834","post","type-post","status-publish","format-standard","has-post-thumbnail","hentry","category-politics","tag-digi24"],"_links":{"self":[{"href":"https:\/\/analyse.optim.biz\/index.php?rest_route=\/wp\/v2\/posts\/185834","targetHints":{"allow":["GET"]}}],"collection":[{"href":"https:\/\/analyse.optim.biz\/index.php?rest_route=\/wp\/v2\/posts"}],"about":[{"href":"https:\/\/analyse.optim.biz\/index.php?rest_route=\/wp\/v2\/types\/post"}],"author":[{"embeddable":true,"href":"https:\/\/analyse.optim.biz\/index.php?rest_route=\/wp\/v2\/users\/1"}],"replies":[{"embeddable":true,"href":"https:\/\/analyse.optim.biz\/index.php?rest_route=%2Fwp%2Fv2%2Fcomments&post=185834"}],"version-history":[{"count":0,"href":"https:\/\/analyse.optim.biz\/index.php?rest_route=\/wp\/v2\/posts\/185834\/revisions"}],"wp:featuredmedia":[{"embeddable":true,"href":"https:\/\/analyse.optim.biz\/index.php?rest_route=\/wp\/v2\/media\/185835"}],"wp:attachment":[{"href":"https:\/\/analyse.optim.biz\/index.php?rest_route=%2Fwp%2Fv2%2Fmedia&parent=185834"}],"wp:term":[{"taxonomy":"category","embeddable":true,"href":"https:\/\/analyse.optim.biz\/index.php?rest_route=%2Fwp%2Fv2%2Fcategories&post=185834"},{"taxonomy":"post_tag","embeddable":true,"href":"https:\/\/analyse.optim.biz\/index.php?rest_route=%2Fwp%2Fv2%2Ftags&post=185834"}],"curies":[{"name":"wp","href":"https:\/\/api.w.org\/{rel}","templated":true}]}}