{"id":1857862,"date":"2026-03-31T12:12:55","date_gmt":"2026-03-31T09:12:55","guid":{"rendered":"https:\/\/analyse.optim.biz\/?p=1857862"},"modified":"2026-03-31T12:12:55","modified_gmt":"2026-03-31T09:12:55","slug":"sedinta-extraordinara-la-guvern","status":"publish","type":"post","link":"https:\/\/analyse.optim.biz\/?p=1857862","title":{"rendered":"SEDIN\u021a\u0102 EXTRAORDINAR\u0102 LA GUVERN"},"content":{"rendered":"<p>[analyse_image type=&#8221;featured&#8221; src=&#8221;https:\/\/newss.ro\/wp-content\/uploads\/2023\/10\/cos-cu-alimente.jpg&#8221;]<\/p>\n<div class=\"td-post-content\">\n<div class=\"td-post-featured-image\"><a href=\"https:\/\/newss.ro\/wp-content\/uploads\/2023\/10\/cos-cu-alimente.jpg\" data-caption><img loading=\"lazy\" decoding=\"async\" width=\"696\" height=\"388\" class=\"entry-thumb td-modal-image\" src=\"https:\/\/newss.ro\/wp-content\/uploads\/2023\/10\/cos-cu-alimente-696x388.jpg\" alt title=\"cos cu alimente\"><\/a><\/div>\n<p>O \u015fedin\u0163\u0103 extraordinar\u0103 de guvern a fost anun\u0163at\u0103 \u00een aceast\u0103 sear\u0103, \u00a0pentru ora 18:00.<\/p>\n<p>Pe agend\u0103 ar urma s\u0103 se afle o ordonan\u0163\u0103 de urgen\u0163\u0103 privind prelungirea plafon\u0103rii adaosului comercial la alimentele de baz\u0103 cu \u00eenc\u0103 trei luni. M\u0103sura expir\u0103 chiar ast\u0103zi, la miezul nop\u021bii.<\/p>\n<p>Pentru a evita o pauz\u0103 legislativ\u0103 care ar putea duce la scumpiri instantanee la raft, Guvernul trebuie s\u0103 adopte o nou\u0103 ordonan\u0163\u0103 de urgen\u0163\u0103 pentru prelungirea plafon\u0103rii, care s\u0103 fie publicat\u0103 \u00een Monitorul Oficial \u00eenainte de miezul nop\u0163ii.<\/p>\n<p>\u00cenc\u0103 din 2023, guvernul a plafonat pre\u021bul la alimente de baz\u0103 precum p\u00e2inea, f\u0103ina, m\u0103laiul, laptele sau br\u00e2nza.<\/p>\n<p><strong>Lista complet\u0103 de alimente cu adaosuri plafonate:<\/strong><\/p>\n<p>P\u00e2ine alb\u0103 simpl\u0103 cu gramaj cuprins \u00eentre 300 \u2013 500 grame, f\u0103r\u0103 specialit\u0103\u0163i, Lapte de vac\u0103 de consum 1 l, gr\u0103sime 1,5%, cu excep\u0163ia UHT, Br\u00e2nz\u0103 telemea de vac\u0103 vrac, Iaurt simplu din lapte de vac\u0103, 3,5% gr\u0103sime, cu gramaj maxim 200 grame, F\u0103in\u0103 alb\u0103 de gr\u00e2u\u201d000\u2033 p\u00e2n\u0103 la 1 kg, M\u0103lai p\u00e2n\u0103 la 1 kg, Ou\u0103 de g\u0103in\u0103 calibrul M, Ulei de floarea-soarelui p\u00e2n\u0103 la 2 l, Carne proasp\u0103t\u0103 pui, Carne proasp\u0103t\u0103 porc, Legume proaspete vrac, Fructe proaspete vrac, Cartofi proaspe\u0163i albi vrac, Zah\u0103r alb tos p\u00e2n\u0103 la 1 kg, Sm\u00e2nt\u00e2n\u0103- 12% gr\u0103sime, Unt p\u00e2n\u0103 la 250 grame, Magiun p\u00e2n\u0103 la 350 grame.<\/p>\n<\/div>\n<div class=\"td-post-content\">\n<div class=\"td-post-featured-image\"><a href=\"https:\/\/newss.ro\/wp-content\/uploads\/2023\/10\/cos-cu-alimente.jpg\" data-caption><img loading=\"lazy\" decoding=\"async\" width=\"696\" height=\"388\" class=\"entry-thumb td-modal-image\" src=\"https:\/\/newss.ro\/wp-content\/uploads\/2023\/10\/cos-cu-alimente-696x388.jpg\" alt title=\"cos cu alimente\"><\/a><\/div>\n<p>O \u015fedin\u0163\u0103 extraordinar\u0103 de guvern a fost anun\u0163at\u0103 \u00een aceast\u0103 sear\u0103, \u00a0pentru ora 18:00.<\/p>\n<p>Pe agend\u0103 ar urma s\u0103 se afle o ordonan\u0163\u0103 de urgen\u0163\u0103 privind prelungirea plafon\u0103rii adaosului comercial la alimentele de baz\u0103 cu \u00eenc\u0103 trei luni. M\u0103sura expir\u0103 chiar ast\u0103zi, la miezul nop\u021bii.<\/p>\n<p>Pentru a evita o pauz\u0103 legislativ\u0103 care ar putea duce la scumpiri instantanee la raft, Guvernul trebuie s\u0103 adopte o nou\u0103 ordonan\u0163\u0103 de urgen\u0163\u0103 pentru prelungirea plafon\u0103rii, care s\u0103 fie publicat\u0103 \u00een Monitorul Oficial \u00eenainte de miezul nop\u0163ii.<\/p>\n<p>\u00cenc\u0103 din 2023, guvernul a plafonat pre\u021bul la alimente de baz\u0103 precum p\u00e2inea, f\u0103ina, m\u0103laiul, laptele sau br\u00e2nza.<\/p>\n<p><strong>Lista complet\u0103 de alimente cu adaosuri plafonate:<\/strong><\/p>\n<p>P\u00e2ine alb\u0103 simpl\u0103 cu gramaj cuprins \u00eentre 300 \u2013 500 grame, f\u0103r\u0103 specialit\u0103\u0163i, Lapte de vac\u0103 de consum 1 l, gr\u0103sime 1,5%, cu excep\u0163ia UHT, Br\u00e2nz\u0103 telemea de vac\u0103 vrac, Iaurt simplu din lapte de vac\u0103, 3,5% gr\u0103sime, cu gramaj maxim 200 grame, F\u0103in\u0103 alb\u0103 de gr\u00e2u\u201d000\u2033 p\u00e2n\u0103 la 1 kg, M\u0103lai p\u00e2n\u0103 la 1 kg, Ou\u0103 de g\u0103in\u0103 calibrul M, Ulei de floarea-soarelui p\u00e2n\u0103 la 2 l, Carne proasp\u0103t\u0103 pui, Carne proasp\u0103t\u0103 porc, Legume proaspete vrac, Fructe proaspete vrac, Cartofi proaspe\u0163i albi vrac, Zah\u0103r alb tos p\u00e2n\u0103 la 1 kg, Sm\u00e2nt\u00e2n\u0103- 12% gr\u0103sime, Unt p\u00e2n\u0103 la 250 grame, Magiun p\u00e2n\u0103 la 350 grame.<\/p>\n<\/div>\n<p>[analyse_source url=&#8221;https:\/\/newss.ro\/2026\/03\/31\/sedinta-extraordinara-la-guvern\/&#8221;]<\/p>\n","protected":false},"excerpt":{"rendered":"<p>[analyse_image type=&#8221;featured&#8221; src=&#8221;https:\/\/newss.ro\/wp-content\/uploads\/2023\/10\/cos-cu-alimente.jpg&#8221;] O \u015fedin\u0163\u0103 extraordinar\u0103 de guvern a fost anun\u0163at\u0103 \u00een aceast\u0103 sear\u0103, \u00a0pentru ora 18:00. Pe agend\u0103 ar urma s\u0103 se afle o ordonan\u0163\u0103 de urgen\u0163\u0103 privind prelungirea plafon\u0103rii adaosului comercial la alimentele de baz\u0103 cu \u00eenc\u0103 trei luni. M\u0103sura expir\u0103 chiar ast\u0103zi, la miezul nop\u021bii. Pentru a evita o pauz\u0103 legislativ\u0103 care [&hellip;]<\/p>\n","protected":false},"author":1,"featured_media":0,"comment_status":"open","ping_status":"","sticky":false,"template":"","format":"standard","meta":{"footnotes":""},"categories":[2],"tags":[226,73],"class_list":["post-1857862","post","type-post","status-publish","format-standard","hentry","category-politics","tag-crawlmanager","tag-newss-ro"],"_links":{"self":[{"href":"https:\/\/analyse.optim.biz\/index.php?rest_route=\/wp\/v2\/posts\/1857862","targetHints":{"allow":["GET"]}}],"collection":[{"href":"https:\/\/analyse.optim.biz\/index.php?rest_route=\/wp\/v2\/posts"}],"about":[{"href":"https:\/\/analyse.optim.biz\/index.php?rest_route=\/wp\/v2\/types\/post"}],"author":[{"embeddable":true,"href":"https:\/\/analyse.optim.biz\/index.php?rest_route=\/wp\/v2\/users\/1"}],"replies":[{"embeddable":true,"href":"https:\/\/analyse.optim.biz\/index.php?rest_route=%2Fwp%2Fv2%2Fcomments&post=1857862"}],"version-history":[{"count":0,"href":"https:\/\/analyse.optim.biz\/index.php?rest_route=\/wp\/v2\/posts\/1857862\/revisions"}],"wp:attachment":[{"href":"https:\/\/analyse.optim.biz\/index.php?rest_route=%2Fwp%2Fv2%2Fmedia&parent=1857862"}],"wp:term":[{"taxonomy":"category","embeddable":true,"href":"https:\/\/analyse.optim.biz\/index.php?rest_route=%2Fwp%2Fv2%2Fcategories&post=1857862"},{"taxonomy":"post_tag","embeddable":true,"href":"https:\/\/analyse.optim.biz\/index.php?rest_route=%2Fwp%2Fv2%2Ftags&post=1857862"}],"curies":[{"name":"wp","href":"https:\/\/api.w.org\/{rel}","templated":true}]}}