{"id":1857290,"date":"2026-04-01T02:26:00","date_gmt":"2026-03-31T23:26:00","guid":{"rendered":"https:\/\/analyse.optim.biz\/?p=1857290"},"modified":"2026-04-01T02:26:00","modified_gmt":"2026-03-31T23:26:00","slug":"les-meilleures-chocolateries-de-paris-a-decouvrir-pour-paques","status":"publish","type":"post","link":"https:\/\/analyse.optim.biz\/?p=1857290","title":{"rendered":"Les meilleures chocolateries de Paris \u00e0 d\u00e9couvrir pour P\u00e2ques"},"content":{"rendered":"<div class=\"entry-content\">\n<section class=\"single-header padding-top-s\">\n<div class=\"container\">\n<div class=\"row justify-content-between\">\n<div class=\"col-lg-9 col-xl-8\">\n<div class=\"video-container\">\n\t\t\t\t\t\t\t\t\t\t\t\t\t<\/div>\n<div class=\"container-img desktop\">\n\t\t\t\t\t\t\t\t<img decoding=\"async\" width=\"640\" height=\"408\" src=\"https:\/\/numero.com\/wp-content\/uploads\/2025\/04\/push-boutique-infiniment-chocolat-pierre-herme-paris-768x490.jpg\" class=\"img-fluid\" alt=\"boutique chocolaterie infiniment chocolat pierre herm\u00e9\" loading=\"lazy\">\t\t\t\t\t\t\t\t<\/p>\n<p class=\"number big\">31<\/p>\n<\/p><\/div>\n<div class=\"container-img mobile\">\n\t\t\t\t\t\t\t\t<img decoding=\"async\" width=\"640\" height=\"804\" src=\"https:\/\/numero.com\/wp-content\/uploads\/2025\/12\/thumb-chocolaterie-jade-genin-768x965.jpg\" class=\"img-fluid\" alt=\"La chocolaterie Jade Genin. \u00a9 Mathusian Belt.\" loading=\"lazy\">\t\t\t\t\t\t\t\t<\/p>\n<p class=\"number big\">31<\/p>\n<\/p><\/div>\n<\/p><\/div>\n<div class=\"col col-lg-3 col-xl-4 desktop\">\n<div class=\"ad grand-angle desktop\">\n    <!-- \/21730003857\/numero-ad-unit\/numero-grand-angle --><\/p>\n<div id=\"div-gpt-ad-1757063143832-0\" class=\"px-0\">\n<p>            googletag.cmd.push(function () {<br \/>\n                googletag.display(&#8216;div-gpt-ad-1757063143832-0&#8217;);<br \/>\n            });<\/p><\/div>\n<\/div><\/div>\n<\/p><\/div>\n<\/p><\/div>\n<\/section>\n<section class=\"post-content\">\n<div class=\"container\">\n<div class=\"row g-0 justify-content-between\">\n<div class=\"col-lg-9 col-xl-8 padding-top-s\">\n<p class=\"share-widget\" id=\"share-widget\"><img decoding=\"async\" src=\"https:\/\/numero.com\/wp-content\/themes\/%09%09%09understrap-child-main\/src\/public\/images\/share.svg\" alt=\"share-widget\"><\/p>\n<div class=\"share-icons\" id=\"share-icons\">\n<p class=\"copy-link\"><img decoding=\"async\" src=\"https:\/\/numero.com\/wp-content\/themes\/understrap-child-main\/src\/public\/images\/copy-link.svg\" alt=\"copy-link\"><\/p>\n<p>\t\t\t\t\t\t\t<a href=\"https:\/\/www.facebook.com\/sharer\/sharer.php?u=https:\/\/numero.com\/lifestyle\/food\/meilleures-chocolateries-paris\/\" class=\"facebook\" target=\"_blank\" rel=\"noopener\"><img decoding=\"async\" src=\"https:\/\/numero.com\/wp-content\/themes\/understrap-child-main\/src\/public\/images\/facebook.svg\" alt=\"facebook\"><\/a><br \/>\n\t\t\t\t\t\t\t<a href=\"https:\/\/twitter.com\/share?url=https:\/\/numero.com\/lifestyle\/food\/meilleures-chocolateries-paris\/\" class=\"twitter\" target=\"_blank\" rel=\"noopener\"><img decoding=\"async\" src=\"https:\/\/numero.com\/wp-content\/themes\/understrap-child-main\/src\/public\/images\/twitter.svg\" alt=\"twitter\"><\/a>\n\t\t\t\t\t\t<\/div>\n<p>\t\t\t\t\t\t<span class id=\"custom-tooltip\">Lien copi\u00e9<\/span><\/p>\n<div class=\"col-lg-10\">\n<div class=\"meta d-flex justify-content-between align-items-center\">\n<div class=\"cat\">\n\t\t\t\t\t\t\t\t\t<a class=\"cat-title\" href=\"https:\/\/numero.com\/category\/lifestyle\/food\/\">Food<\/a>\t\t\t\t\t\t\t\t<\/div>\n<p class=\"date\">\n\t\t\t\t\t\t\t\t\t31 mars 2026\t\t\t\t\t\t\t\t<\/p>\n<\/p><\/div>\n<h1>Les meilleures chocolateries de Paris \u00e0 d\u00e9couvrir pour P\u00e2ques<\/h1>\n<div class=\"introduction\">\n<p>Alors que P\u00e2ques se rapproche \u00e0 grands pas, <em>Num\u00e9ro<\/em> a arpent\u00e9 les rues de la capitale afin de s\u00e9lectionner ses meilleures chocolateries. Pour les curieux, les passionn\u00e9s ou tout simplement pour les gourmands.<\/p>\n<\/div>\n<li class=\"credits d-flex\">\n<p>\n\t\t\t\t\t\t\t\t\t\t\tpar \t\t\t\t\t\t\t\t\t\t\t\t\t\t\t\t\t\t\t\t\t\t\t<a href=\"https:\/\/numero.com\/contributeur\/louise-menard\/\">Louise Menard<\/a>.\t\t\t\t\t\t\t\t\t\t\t\t\t\t\t\t\t\t\t\t\t<\/p>\n<\/li>\n<p class=\"edition-date\">Publi\u00e9 le 17 avril 2025. Modifi\u00e9 le 31 mars 2026.<\/p>\n<div id=\"ads03\" class=\"mobile\">\n<div class=\"ad-wrapper\">\n<div class=\"ad interscroller desktop\">\n<\/div>\n<p><!-- \/21730003857\/numero-ad-unit\/numero-interscroller --><\/p>\n<div id=\"div-gpt-ad-1757521738078-0\">\n<p>        googletag.cmd.push(function () {<br \/>\n            googletag.display(&#8216;div-gpt-ad-1757521738078-0&#8217;);<br \/>\n        });<\/p>\n<\/div><\/div>\n<\/p><\/div>\n<p>\t\t\t\t\t\t\t&lt;!&#8211; <\/p>\n<div class=\"padding-bottom-s\">\n\t\t\t\t\t\t\t\t\t\t\t\t\t\t\t<\/div>\n<p> &#8211;&gt;<\/p>\n<figure class=\"wp-block-image size-full\"><img loading=\"lazy\" decoding=\"async\" width=\"900\" height=\"700\" src=\"https:\/\/numero.com\/wp-content\/uploads\/2025\/04\/meilleures-chocolateries-paris-paques1.jpg\" alt=\"La chocolaterie A la m\u00e8re de famille \u00e0 Paris.\" class=\"wp-image-666254\"><figcaption class=\"wp-element-caption\">La chocolaterie \u00c0 la M\u00e8re de Famille faubourg Montmartre \u00a9 Alexandre Guirkinger.<\/figcaption><\/figure>\n<h2 class=\"wp-block-heading\">\u00c0 la M\u00e8re de Famille, la plus ancienne chocolaterie de Paris<\/h2>\n<p>Fond\u00e9e en 1761 par l\u2019\u00e9picier Pierre-Jean Bernard, l\u2019institution <strong>\u00c0 la M\u00e8re de Famille<\/strong> \u2013 reprise il y a 25 ans par la famille Dolfi \u2013 est la plus ancienne chocolaterie de la capitale. En t\u00e9moignent d\u2019ailleurs ses fa\u00e7ades vintage et prestigieuses habill\u00e9es de vert \u00e9meraude, orn\u00e9es de d\u00e9licates feuilles d\u2019or et inspir\u00e9es des d\u00e9cors de la Belle \u00c9poque. Autre atout majour de la maison ? Elle ma\u00eetrise int\u00e9gralement chaque \u00e9tape de la fabrication de son chocolat, perp\u00e9tuant ainsi un artisanat d\u2019excellence qui fait encore aujourd\u2019hui sa r\u00e9putation. <\/p>\n<figure class=\"wp-block-gallery has-nested-images columns-default is-cropped wp-block-gallery-3 is-layout-flex wp-block-gallery-is-layout-flex\">\n<figure class=\"wp-block-image size-large\"><img loading=\"lazy\" decoding=\"async\" width=\"756\" height=\"900\" data-id=\"822171\" src=\"https:\/\/numero.com\/wp-content\/uploads\/2025\/12\/meilleures-chocolateries-paris-paques-a-la-mere-de-famille2.jpg\" alt class=\"wp-image-822171\"><figcaption class=\"wp-element-caption\">\u0152uf carreaux de ciment.<\/figcaption><\/figure>\n<figure class=\"wp-block-image size-large\"><img loading=\"lazy\" decoding=\"async\" width=\"848\" height=\"900\" data-id=\"822169\" src=\"https:\/\/numero.com\/wp-content\/uploads\/2025\/12\/meilleures-chocolateries-paris-paques-a-la-mere-de-famille1.jpg\" alt=\"Les chocolats de paques de a la mere de famille\" class=\"wp-image-822169\"><figcaption class=\"wp-element-caption\">Lapins pralin\u00e9s.<\/figcaption><\/figure>\n<\/figure>\n<p><strong>Les tr\u00e9sors de P\u00e2ques ?<\/strong> Outre les fameuses orangettes, les guimauves, les p\u00e2tes de fruits, les toucans, les rochers signature au pralin\u00e9, les n\u00e9gus de Nevers ou encore les mendiants, le chef chocolatier <strong>Sebastian Harault <\/strong>propose pour ces f\u00eates de<strong> P\u00e2ques <\/strong>toute une s\u00e9rie d\u2019\u0153ufs en chocolat \u00e0 la coque brillante et de petits lapins subtilement pralin\u00e9s.\u00a0<\/p>\n<p><strong>Les adresses ? <\/strong>En plus de la boutique mythique, situ\u00e9e au 35 rue du faubourg Montmarte, dans le 9e arrondissemnt de Paris,<strong> \u00c0 la M\u00e8re de Famille<\/strong> poss\u00e8de 15 autres chocolateries diss\u00e9min\u00e9es dans toute la capitale.<\/p>\n<p><em>Les cr\u00e9ations \u00c0 la M\u00e8re de Famille sont disponibles en boutiques et sur le site <a href=\"https:\/\/www.lameredefamille.com\/\">lameredefamille.com<\/a>.<\/em><\/p>\n<hr class=\"wp-block-separator has-alpha-channel-opacity\">\n<figure class=\"wp-block-image size-full\"><img decoding=\"async\" loading=\"lazy\" width=\"900\" height=\"720\" src=\"https:\/\/numero.com\/wp-content\/uploads\/2025\/12\/chocolaterie-paris-jade-genin.jpg\" alt=\"La chocolaterie Jade Genin. \u00a9 Mathusian Belt.\" class=\"wp-image-822227\"><figcaption class=\"wp-element-caption\">La chocolaterie Jade Genin. \u00a9 Mathusian Belt.<\/figcaption><\/figure>\n<h2 class=\"wp-block-heading\">Jade Genin, l\u2019alchimiste du cacao <\/h2>\n<p>Il suffit d\u2019un pas dans la boutique de <strong>Jade Genin<\/strong> pour comprendre qu\u2019on p\u00e9n\u00e8tre moins dans une chocolaterie que dans un cabinet d\u2019artisanat\u2026 Form\u00e9e tardivement aupr\u00e8s de son p\u00e8re, l\u2019artisan chocolatier Jacques Genin, la cheffe, anciennement avocate, manie le chocolat avec la pr\u00e9cision et la rigueur d\u2019un joaillier.<\/p>\n<figure class=\"wp-block-gallery has-nested-images columns-default is-cropped wp-block-gallery-4 is-layout-flex wp-block-gallery-is-layout-flex\">\n<figure class=\"wp-block-image size-large\"><img decoding=\"async\" loading=\"lazy\" width=\"720\" height=\"900\" data-id=\"822214\" src=\"https:\/\/numero.com\/wp-content\/uploads\/2025\/12\/meilleures-chocolateries-paris-paques-jade-genin1.jpg\" alt class=\"wp-image-822214\"><figcaption class=\"wp-element-caption\">\u0152uf de P\u00e2ques.<\/figcaption><\/figure>\n<figure class=\"wp-block-image size-large\"><img decoding=\"async\" loading=\"lazy\" width=\"720\" height=\"900\" data-id=\"822216\" src=\"https:\/\/numero.com\/wp-content\/uploads\/2025\/12\/meilleures-chocolateries-paris-paques-jade-genin2.jpg\" alt=\"Les chocolats de paques de jade genin\" class=\"wp-image-822216\"><figcaption class=\"wp-element-caption\">La poissone en chocolat Bulla.<\/figcaption><\/figure>\n<\/figure>\n<p><strong>Les tr\u00e9sors de P\u00e2ques ?<\/strong> Ce printemps, Jade Genin propose \u00e0 nouveau des cr\u00e9ations en chocolat porteuses d\u2019un message fort. Parmi elles, trois \u0153ufs d\u00e9cor\u00e9s telles des \u0153uvres d\u2019art c\u00e9l\u00e8brent la puissance f\u00e9minine, aux c\u00f4t\u00e9s de tout un bestiaire fantaisite aux couleurs pop. Des petits personnages amusants sous lesquels se cachent des pralin\u00e9s de saison, ainsi que des fritures savoureuses et dor\u00e9es.<\/p>\n<p><strong>Les adresses ? <\/strong>La boutique <a href=\"https:\/\/www.jadegenin.fr\/\" target=\"_blank\" rel=\"noreferrer noopener\">Jade Genin<\/a> du 33 avenue de l\u2019Op\u00e9ra, situ\u00e9e dans le 2e arrondissemnt de la capitale, est un \u00e9crin o\u00f9 la maison installe son univers l\u00e9ch\u00e9 empli d\u2019incomparables gourmandises.<\/p>\n<p><em>Les cr\u00e9ations Jade Genin sont disponibles en boutique Jade Genin.<\/em><\/p>\n<hr class=\"wp-block-separator has-alpha-channel-opacity\">\n<figure class=\"wp-block-image size-full\"><img decoding=\"async\" loading=\"lazy\" width=\"1080\" height=\"1080\" src=\"https:\/\/numero.com\/wp-content\/uploads\/2025\/04\/meilleures-chocolateries-paris-paques-william-artigue.jpg\" alt=\"La chocolaterie William Artigue \u00e0 Paris.\" class=\"wp-image-666360\"><figcaption class=\"wp-element-caption\">La boutique William Artigue.<\/figcaption><\/figure>\n<h2 class=\"wp-block-heading\">La chocolaterie minimaliste de William Artigue<\/h2>\n<p>Qui peut se vanter d\u2019avoir fait ses armes chez <a href=\"https:\/\/www.instagram.com\/patrick_roger_off\/\" target=\"_blank\" rel=\"noreferrer noopener\">Patrick Roger<\/a>, l\u2019un des ma\u00eetres chocolatiers les plus respect\u00e9s de la capitale ? Le jeune artisan <strong>William Artigue<\/strong>. Grand perfectionniste dans l\u2019\u00e2me, il ouvre sa propre boutique en d\u00e9cembre 2023 et ne cesse depuis d\u2019impressioner de ses cr\u00e9ations. Parfois rehauss\u00e9s de p\u00e2te d\u2019amande cr\u00e9meuse ou de caramels fondants, ses\u00a0bonbons, bouch\u00e9es, p\u00e2tes de fruit et autres tablettes, dont les go\u00fbts \u00e9voluent au fil des saisons, sont \u00e0 d\u00e9couvrir dans un \u00e9crin ultra-minimaliste, aux bords du Canal Saint-Martin. <\/p>\n<figure class=\"wp-block-image size-full\"><img decoding=\"async\" loading=\"lazy\" width=\"900\" height=\"761\" src=\"https:\/\/numero.com\/wp-content\/uploads\/2025\/12\/meilleures-chocolateries-paris-paques-william-artigue2.jpg\" alt=\"Les chocolats de paques de william artigue\" class=\"wp-image-822186\"><figcaption class=\"wp-element-caption\">Loutre de P\u00e2ques.<\/figcaption><\/figure>\n<p><strong>Les tr\u00e9sors de P\u00e2ques ?<\/strong> Parmi ses joyaux de P\u00e2ques,<strong>William Artigue<\/strong> imagine des cr\u00e9ations en collaboration avec la sculptrice\u00a0Virginie\u00a0Dhamane : des moutons et des loutres en chocolat \u00e9veillant en chacun de nous, de doux souvenirs d\u2019enfance\u2026<\/p>\n<p><strong>L\u2019adresse ?<\/strong> <a href=\"https:\/\/lachocolaterie-williamartigue.com\/\" target=\"_blank\" rel=\"noreferrer noopener\">William Artigue<\/a>, 30, rue Yves Toudic, Paris 10e.<\/p>\n<p><em>Les cr\u00e9ations William Artigue sont disponibles en boutique William Artigue.<\/em><\/p>\n<hr class=\"wp-block-separator has-alpha-channel-opacity\">\n<figure class=\"wp-block-image size-full\"><img decoding=\"async\" loading=\"lazy\" width=\"900\" height=\"600\" src=\"https:\/\/numero.com\/wp-content\/uploads\/2025\/04\/meilleures-chocolateries-paris-paques2.jpg\" alt=\"La chocolaterie Infiniment Chocolat par Pierre Herm\u00e9 \u00e0 Paris.\" class=\"wp-image-666256\"><figcaption class=\"wp-element-caption\">La boutique Infiniment Chocolat par Pierre Herm\u00e9.<\/figcaption><\/figure>\n<h2 class=\"wp-block-heading\">Infiniment Chocolat par Pierre Herm\u00e9 <\/h2>\n<p>\u201c<em>Intense, subtil, complexe, le chocolat n\u00e9cessite une infinie pr\u00e9cision<\/em>\u201d, a un jour affirm\u00e9 <a href=\"https:\/\/numero.com\/lifestyle\/le-patissier-pierre-herme-celebre-le-macaron-pour-une-noble-cause\/\" target=\"_blank\" rel=\"noreferrer noopener\">Pierre Herm\u00e9<\/a>. Connu \u00e0 travers le monde entier pour ses incontournables macarons, le c\u00e9l\u00e8bre chef p\u00e2tissier et chocolatier fran\u00e7ais a inaugur\u00e9, au d\u00e9but de l\u2019ann\u00e9e 2025, une boutique uniquement d\u00e9di\u00e9e au chocolat. D\u00e9cor\u00e9 avec soin par le studio parisien Jouin Manku, cet espace lumineux s\u2019habille de teintes chaudes, de cuivre textur\u00e9, de toile de lin et de murs en bois de ch\u00eane. Fleur d\u2019oranger, whisky, huile d\u2019olive, vanille, gingembre\u2026 <strong>Pierre Herm\u00e9 <\/strong>y exp\u00e9rimente ainsi le mariage du cacao et de multiples saveurs \u00e0 travers des cr\u00e9ations os\u00e9es. Bref, un sans-faute.<\/p>\n<figure class=\"wp-block-gallery has-nested-images columns-default is-cropped wp-block-gallery-5 is-layout-flex wp-block-gallery-is-layout-flex\">\n<figure class=\"wp-block-image size-full\"><img decoding=\"async\" loading=\"lazy\" width=\"1098\" height=\"1100\" data-id=\"822194\" src=\"https:\/\/numero.com\/wp-content\/uploads\/2025\/12\/meilleures-chocolateries-paris-paques-infiniment-chocolat-by-pierre-herme1.png\" alt=\"Les chocolats de paques infiniment chocolat par pierre herme\" class=\"wp-image-822194\"><figcaption class=\"wp-element-caption\">Cr\u00e9ation Pur Hasard.<\/figcaption><\/figure>\n<figure class=\"wp-block-image size-full\"><img decoding=\"async\" loading=\"lazy\" width=\"1064\" height=\"1144\" data-id=\"822196\" src=\"https:\/\/numero.com\/wp-content\/uploads\/2025\/12\/meilleures-chocolateries-paris-paques-infiniment-chocolat-by-pierre-herme2.png\" alt=\"Les chocolats de paques infiniment chocolat par pierre herme\" class=\"wp-image-822196\"><figcaption class=\"wp-element-caption\">\u0152uf Solitaire.<\/figcaption><\/figure>\n<\/figure>\n<p><strong>Les tr\u00e9sors de P\u00e2ques ? Pierre Herm\u00e9<\/strong> fait les choses en grand pour les f\u00eates de P\u00e2ques et confectionne une collection ultra ludique o\u00f9 le chocolat devient jeu et se m\u00e9tamorphose en fl\u00e9chettes, \u00e9checs et autres puzzles sucr\u00e9s : des mini douceurs qui plairont aux petits mais aussi aux grands.<\/p>\n<p><strong>L\u2019adresse ? <\/strong>Infiniment Chocolat par Pierre Herm\u00e9, 23, boulevard des Capucines, Paris 2e.<\/p>\n<p><em>Les cr\u00e9ations Infiniment Chocolat par Pierre Herm\u00e9 sont disponibles en boutique et sur le site <a href=\"https:\/\/www.pierreherme.com\/fr\/boutique-infiniment-chocolat\" target=\"_blank\" rel=\"noreferrer noopener\">pierreherme.com<\/a><\/em>.<\/p>\n<hr class=\"wp-block-separator has-alpha-channel-opacity\">\n<figure class=\"wp-block-image size-full\"><img decoding=\"async\" loading=\"lazy\" width=\"900\" height=\"599\" src=\"https:\/\/numero.com\/wp-content\/uploads\/2025\/04\/chocolateries-paris-maison-caffet.jpg\" alt=\"chocolaterie paris maison caffet\" class=\"wp-image-765246\"><figcaption class=\"wp-element-caption\">Les chocolats Maison Caffet.<\/figcaption><\/figure>\n<h2 class=\"wp-block-heading\">Maison Caffet, le pralin\u00e9 comme savoir-faire<\/h2>\n<p>Dans l\u2019univers feutr\u00e9 de <strong>Maison Caffet<\/strong>, fond\u00e9e \u00e0 Troyes il y a plus de soixante-dix ans, chaque chocolat raconte une histoire de transmission. D\u2019ailleurs, les artisans aiment rappeler qu\u2019en 1954, lorsqu\u2019est n\u00e9 le <strong>Mortier d\u2019Or<\/strong>, Bernard Caffet testait encore ses recettes en observant ses clients \u00e0 travers la vitrine, cherchant le moment pr\u00e9cis o\u00f9 le chocolat \u201cc\u00e8de\u201d sous la dent. Aujourd\u2019hui, ce classique demeure signature. Une recette alliant une coque chocolat\u00e9e et un l\u00e9ger pralin\u00e9 noisette feuillet\u00e9, intacte depuis sept d\u00e9cennies\u2026<\/p>\n<figure class=\"wp-block-gallery has-nested-images columns-default is-cropped wp-block-gallery-6 is-layout-flex wp-block-gallery-is-layout-flex\">\n<figure class=\"wp-block-image size-large\"><img decoding=\"async\" loading=\"lazy\" width=\"1000\" height=\"1024\" data-id=\"822262\" src=\"https:\/\/numero.com\/wp-content\/uploads\/2025\/12\/meilleures-chocolateries-paris-paques-maison-caffet1-1000x1024.png\" alt=\"Les chocolats de paques de maison caffet \" class=\"wp-image-822262\"><figcaption class=\"wp-element-caption\">Poupoule Imp\u00e9riale.<\/figcaption><\/figure>\n<figure class=\"wp-block-image size-large\"><img decoding=\"async\" loading=\"lazy\" width=\"1007\" height=\"1024\" data-id=\"822264\" src=\"https:\/\/numero.com\/wp-content\/uploads\/2025\/12\/meilleures-chocolateries-paris-paques-maison-caffet2-1007x1024.png\" alt=\"Les chocolats de paques de maison caffet \" class=\"wp-image-822264\"><figcaption class=\"wp-element-caption\">\u0152uf Tr\u00e9sor.<\/figcaption><\/figure>\n<\/figure>\n<p><strong>Les tr\u00e9sors de P\u00e2ques ?<\/strong> Cette ann\u00e9e, l\u2019atelier d\u00e9voile une collection de P\u00e2ques qui joue la carte de la tendresse absolue. Maison Caffet ravive les passions avec une capsule r\u00e9confortante compos\u00e9e d\u2019une noisette g\u00e9ante, d\u2019un ourson espi\u00e8gle, et de poules et \u00e9cureuils en abondance\u2026 Entre chocolat au lait intense et pralin\u00e9 aux noisettes, voil\u00e0 la recette du bonheur selon Maison Caffet.<\/p>\n<p><strong>Les adresses ?<\/strong> Maison Caffet, 137, rue Mouffetard, Paris 5e et 93, rue de la Glaci\u00e8re, Paris 13e.<\/p>\n<p><em>Les cr\u00e9ations Maison Caffet sont disponibles en boutiques et sur le site <a href=\"http:\/\/les%20cr%C3%A9ations%20infiniment%20chocolat%20par%20pierre%20herm%C3%A9%20sont%20disponibles%20en%20boutique%20et%20sur%20le%20site%20pierreherme.com.\" target=\"_blank\" rel=\"noreferrer noopener\">maison-caffet.com<\/a><\/em>.<\/p>\n<hr class=\"wp-block-separator has-alpha-channel-opacity\">\n<figure class=\"wp-block-image size-full\"><img decoding=\"async\" loading=\"lazy\" width=\"900\" height=\"600\" src=\"https:\/\/numero.com\/wp-content\/uploads\/2025\/04\/meilleures-chocolateries-paris-paques-allenorivoire.jpg\" alt=\"boutique les chocolats de yannick alleno\" class=\"wp-image-667836\"><figcaption class=\"wp-element-caption\">La boutique Les Chocolats de Yannick Alleno. \u00a9 Cl\u00e9mence Sahuc.<\/figcaption><\/figure>\n<h2 class=\"wp-block-heading\">Le chocolat gastronomique de Yannick All\u00e9no<\/h2>\n<p>\u00c0 l\u2019issue de leur rencontre en 2014, le chef fran\u00e7ais <strong>Yannick All\u00e9no<\/strong> et le jeune chocolatier <strong>Aur\u00e9lien Rivoire <\/strong>donnent naissance \u00e0 une chocolaterie singuli\u00e8re. Ensemble, ils ne cessent de r\u00e9inventer le chocolat et d\u2019exp\u00e9rimenter de nouveaux ingr\u00e9dients comme l\u2019extrait d\u2019\u00e9corce de bouleau, rempla\u00e7ant le sucre, ou encore la coque des f\u00e8ves de cacao, utilis\u00e9e pour le pralin\u00e9. Au d\u00e9but de l\u2019ann\u00e9e 2026, leurs chemins se s\u00e9parent laissant <strong>Yannick All\u00e9no<\/strong> seul \u00e0 la t\u00eate de la chocolaterie.<\/p>\n<figure class=\"wp-block-gallery has-nested-images columns-default is-cropped wp-block-gallery-7 is-layout-flex wp-block-gallery-is-layout-flex\">\n<figure class=\"wp-block-image size-large\"><img decoding=\"async\" loading=\"lazy\" width=\"893\" height=\"900\" data-id=\"822280\" src=\"https:\/\/numero.com\/wp-content\/uploads\/2025\/12\/meilleures-chocolateries-paris-paques-les-chocolats-de-yannick-alle%CC%81no1.jpg\" alt class=\"wp-image-822280\"><figcaption class=\"wp-element-caption\">Les 6 \u0153ufs \u00e0 la Toque. <\/figcaption><\/figure>\n<figure class=\"wp-block-image size-large\"><img decoding=\"async\" loading=\"lazy\" width=\"900\" height=\"647\" data-id=\"822282\" src=\"https:\/\/numero.com\/wp-content\/uploads\/2025\/12\/meilleures-chocolateries-paris-paques-les-chocolats-de-yannick-alle%CC%81no2.jpg\" alt=\"Les chocolats de paques de yannick alleno\" class=\"wp-image-822282\"><figcaption class=\"wp-element-caption\">Les Mignardises Toqu\u00e9es.<\/figcaption><\/figure>\n<\/figure>\n<p><strong>Les tr\u00e9sors de P\u00e2ques ? <\/strong>Six \u0153ufs coquille m\u00e9langeant saveurs et textures et une myriade de mignardises \u00e0 partager baptis\u00e9es \u201cToqu\u00e9es\u201d\u2026 <strong>Yannick All\u00e9no<\/strong> s\u2019appr\u00eate \u00e0 ravir les \u00e9ternels amoureux du chocolat. Sans oublier les fruits confits enrob\u00e9s, le chocolat noir \u00e0 la cr\u00e8me vanill\u00e9e ou encore les plaquettes gourmandes garnies de confit d\u2019orange, de mangue, de gingembre et d\u2019un pralin de graines de lin\u2026<\/p>\n<p><strong>Les adresses ?<\/strong> Les Chocolats de Yannick All\u00e9no, 9 rue du Champ de Mars, Paris 7e et 25 rue du Vieux-Colombier, Paris 6e.<\/p>\n<p><em>Les cr\u00e9ations Les Chocolats de Yannick All\u00e9no sont disponibles en boutiques et sur le site <a href=\"https:\/\/chocolats-yannickalleno.com\/\" target=\"_blank\" rel=\"noreferrer noopener\">chocolats-yannickalleno.com<\/a><\/em>.<\/p>\n<hr class=\"wp-block-separator has-alpha-channel-opacity\">\n<figure class=\"wp-block-image size-full\"><img decoding=\"async\" loading=\"lazy\" width=\"600\" height=\"900\" src=\"https:\/\/numero.com\/wp-content\/uploads\/2025\/04\/meilleures-chocolateries-paris-paques-plaq.jpg\" alt=\"La chocolaterie Plaq \u00e0 Paris.\" class=\"wp-image-667838\"><figcaption class=\"wp-element-caption\">La chocolaterie Plaq \u00e0 Paris.<\/figcaption><\/figure>\n<h2 class=\"wp-block-heading\">Plaq ou le chocolat \u00e0 l\u2019\u00e9tat pur<\/h2>\n<p>Moins connu du grand public, <strong>Plaq<\/strong> s\u2019impose pourtant parmi les meilleures <strong>chocolateries <\/strong>de la capitale. Fond\u00e9e en 2019 par le duo Sandra Mielenhausen et Nicolas Rozier-Chabert, cet atelier, faisant \u00e9galement office de manufacture, \u00e9labore des chocolats presque bruts, n\u00e9s d\u2019un processus de fabrication \u00e9thique et respectueux de tous ses acteurs. Selon les mots de sa co-fondatrice, la boutique Plaq est r\u00e9serv\u00e9e \u201c<em>aux puristes, aux amateurs, aux curieux<\/em>. <em>Mais aussi aux amoureux du go\u00fbt qui a du sens et qui veulent consommer un chocolat beau et bon<\/em>\u201d.\u00a0<\/p>\n<figure class=\"wp-block-image size-full\"><img decoding=\"async\" loading=\"lazy\" width=\"1404\" height=\"1386\" src=\"https:\/\/numero.com\/wp-content\/uploads\/2025\/12\/plaq-chocolaterie-paris.png\" alt=\"Les chocolats de paques Plaq \" class=\"wp-image-822297\"><figcaption class=\"wp-element-caption\">Les chocolats de P\u00e2ques Plaq.<\/figcaption><\/figure>\n<p><strong>Les tr\u00e9sors de P\u00e2ques ?<\/strong> Cette ann\u00e9e, <strong>Plaq <\/strong>offre aux petits comme aux grands la possibilit\u00e9 de d\u00e9guster une collection de bouch\u00e9es \u00e0 croquer au sens propre comme au figur\u00e9. Parmi elles, on remarque des \u0153ufs coquille remplis de pralin\u00e9 aux pistaches de Bronte, des tablettes en forme de lapin, ainsi que des sucettes poussin purement savoureuses.<\/p>\n<p><strong>Les adresses ?<\/strong> <a href=\"https:\/\/plaqchocolat.com\/?srsltid=AfmBOorW2DXo1nbtGoBlZtaJ0Vd4xSeGSzi6KTjQvLUCndggbtoJq0lM\" target=\"_blank\" rel=\"noreferrer noopener\">Plaq<\/a>, 4 rue du Nil, Paris 2e et 57 rue du Cherche-Midi, Paris 6e.<\/p>\n<p><em>Les cr\u00e9ations Plaq sont disponibles en boutiques et sur le site <a href=\"https:\/\/plaqchocolat.com\/\" target=\"_blank\" rel=\"noreferrer noopener\">plaqchocolat.com<\/a><\/em>.<\/p>\n<hr class=\"wp-block-separator has-alpha-channel-opacity\">\n<figure class=\"wp-block-image size-full\"><img decoding=\"async\" loading=\"lazy\" width=\"900\" height=\"600\" src=\"https:\/\/numero.com\/wp-content\/uploads\/2025\/12\/La%CC%88derach_Lapins-Cleo-Framboise-et-FrischSchoggi_Visuel-dambiance.jpg\" alt=\"chocolaterie laderach paris paques\" class=\"wp-image-822332\"><figcaption class=\"wp-element-caption\">Les chocolats L\u00e4derach.<\/figcaption><\/figure>\n<h2 class=\"wp-block-heading\">L\u00e4derach, le chocolat suisse dans toute sa splendeur <\/h2>\n<p>La maison <strong>L\u00e4derach<\/strong>, fond\u00e9e en 1962 dans le canton de Glaris, au c\u0153ur des Alpes suisses, incarne une tradition familiale qui se transmet depuis trois g\u00e9n\u00e9rations.\u00a0Ce parcours exceptionnel, la famille le doit \u00e0 une qu\u00eate d\u2019excellence incarn\u00e9e par ses membres, \u00e0 l\u2019instar d\u2019Elias\u00a0L\u00e4derach, seul chocolatier suisse \u00e0 avoir remport\u00e9 le tr\u00e8s prestigieux World Chocolate Master. Cerise sur le g\u00e2teau ? Dans son pays natal, la maison L\u00e4derach poss\u00e8de un mus\u00e9e du chocolat o\u00f9 gourmandise, savoir-faire et histoire se conjuguent de fa\u00e7on assez rare. <\/p>\n<figure class=\"wp-block-gallery has-nested-images columns-default is-cropped wp-block-gallery-8 is-layout-flex wp-block-gallery-is-layout-flex\">\n<figure class=\"wp-block-image size-large\"><img decoding=\"async\" loading=\"lazy\" width=\"900\" height=\"900\" data-id=\"822319\" src=\"https:\/\/numero.com\/wp-content\/uploads\/2025\/12\/meilleures-chocolateries-paris-paques-laderach2.jpg\" alt=\"chocolats de paques laderach\" class=\"wp-image-822319\"><figcaption class=\"wp-element-caption\">FrischSchoggi de P\u00e2ques.<\/figcaption><\/figure>\n<figure class=\"wp-block-image size-large\"><img decoding=\"async\" loading=\"lazy\" width=\"600\" height=\"900\" data-id=\"822321\" src=\"https:\/\/numero.com\/wp-content\/uploads\/2025\/12\/meilleures-chocolateries-paris-paques-laderach3.jpg\" alt=\"chocolats de paques laderach\" class=\"wp-image-822321\"><figcaption class=\"wp-element-caption\">Lapin Cleo.<\/figcaption><\/figure>\n<\/figure>\n<p><strong>Les tr\u00e9sors de P\u00e2ques ?<\/strong> Pour <strong>P\u00e2ques<\/strong>, la chocolaterie revisite sa cr\u00e9ation signature : les <em>FrischSchoggi<\/em> (chocolat frais), disponibles sous forme d\u2019immenses tablettes qui peuvent \u00eatre cass\u00e9es, ou non, selon le degr\u00e9 de gourmandise. D\u00e9clin\u00e9es en divers parfums notamment amande et chocolat noir ou encore framboise-m\u00fbre et chocolat blanc, ces bouch\u00e9es s\u2019accompagnent pour les f\u00eates d\u2019un \u00e9tonnant lapin fa\u00e7on rocher, le tout constituant un ensemble ravissant et bien \u00e9videmment d\u00e9licieux. Apr\u00e8s tout, ne dit-on pas que le chocolat suisse est, de loin, le meilleur au monde ?\u00a0<\/p>\n<p><strong>Les adresses ?<\/strong> La maison L\u00e4derach se d\u00e9ploie dans plus de 250 boutiques \u00e0 travers le monde, dont 2 \u00e0 Paris, au 132 rue de Rivoli, Paris 1er et au 45 avenue de l\u2019Op\u00e9ra, Paris 2e.<\/p>\n<p><em>Les cr\u00e9ations L\u00e4derach sont disponibles en boutiques et sur le site <a href=\"https:\/\/laderach.com\/eu-fr\/\" target=\"_blank\" rel=\"noreferrer noopener\">laderach.com<\/a><\/em>.<\/p>\n<\/p><\/div>\n<\/p><\/div>\n<div class=\"col-lg-3\">\n<div class=\"suggested-posts padding-top-s\">\n<div class=\"title\">Recommand\u00e9<\/div>\n<div class=\"post-card\">\n\t\t\t\t\t\t\t\t\t\t<a class=\"post-link d-flex\" href=\"https:\/\/numero.com\/lifestyle\/les-meilleurs-calendriers-de-lavent\/\"><\/p>\n<div class=\"container-img\">\n\t\t\t\t\t\t\t\t\t\t\t\t<img decoding=\"async\" width=\"640\" height=\"804\" src=\"https:\/\/numero.com\/wp-content\/uploads\/2025\/11\/push-calendrier-de-lavent-2025-768x965.jpg\" class=\"img-fluid\" alt=\"Calendrier de l'Avent Saint Laurent Rive Droite 2025.\" loading=\"lazy\">\t\t\t\t\t\t\t\t\t\t\t\t<\/p>\n<p class=\"number\">1<\/p>\n<\/p><\/div>\n<div class=\"card-info d-flex\">\n<div>\n<p class=\"cat-title\">Lifestyle<\/p>\n<h3 class=\"post-title\">5 calendriers de l\u2019Avent pour (se) faire plaisir<\/h3>\n<\/p><\/div>\n<p class=\"date\">\n\t\t\t\t\t\t\t\t\t\t\t\t\t1 d\u00e9c 2025\t\t\t\t\t\t\t\t\t\t\t\t<\/p>\n<\/p><\/div>\n<p>\t\t\t\t\t\t\t\t\t\t<\/a>\n\t\t\t\t\t\t\t\t\t<\/div>\n<div class=\"post-card\">\n\t\t\t\t\t\t\t\t\t\t<a class=\"post-link d-flex\" href=\"https:\/\/numero.com\/lifestyle\/food\/les-plus-belles-buches-a-deguster-pendant-les-fetes\/\"><\/p>\n<div class=\"container-img\">\n\t\t\t\t\t\t\t\t\t\t\t\t<img decoding=\"async\" width=\"640\" height=\"804\" src=\"https:\/\/numero.com\/wp-content\/uploads\/2024\/12\/thumb-buche-de-noel-2025-dior-768x965.jpg\" class=\"img-fluid\" alt=\"buche de noel dior 2025\" loading=\"lazy\">\t\t\t\t\t\t\t\t\t\t\t\t<\/p>\n<p class=\"number\">2<\/p>\n<\/p><\/div>\n<div class=\"card-info d-flex\">\n<div>\n<p class=\"cat-title\">Food<\/p>\n<h3 class=\"post-title\">Quelles sont les plus belles b\u00fbches \u00e0 d\u00e9guster pendant les f\u00eates ?<\/h3>\n<\/p><\/div>\n<p class=\"date\">\n\t\t\t\t\t\t\t\t\t\t\t\t\t2 d\u00e9c 2025\t\t\t\t\t\t\t\t\t\t\t\t<\/p>\n<\/p><\/div>\n<p>\t\t\t\t\t\t\t\t\t\t<\/a>\n\t\t\t\t\t\t\t\t\t<\/div>\n<div class=\"post-card\">\n\t\t\t\t\t\t\t\t\t\t<a class=\"post-link d-flex\" href=\"https:\/\/numero.com\/beaute\/beaute-calendriers-de-l-avent-noel\/\"><\/p>\n<div class=\"container-img\">\n\t\t\t\t\t\t\t\t\t\t\t\t<img decoding=\"async\" width=\"640\" height=\"841\" src=\"https:\/\/numero.com\/wp-content\/uploads\/2025\/11\/thumb_diptyque_calendrier_de_l_avent.jpg\" class=\"img-fluid\" alt=\"Diptyque, calendrier de l'Avent, No\u00ebl 2025\" loading=\"lazy\">\t\t\t\t\t\t\t\t\t\t\t\t<\/p>\n<p class=\"number\">18<\/p>\n<\/p><\/div>\n<div class=\"card-info d-flex\">\n<div>\n<p class=\"cat-title\">Beaut\u00e9<\/p>\n<h3 class=\"post-title\">Calendriers de l\u2019Avent : les indispensables beaut\u00e9 \u00e0 d\u00e9couvrir cette ann\u00e9e<\/h3>\n<\/p><\/div>\n<p class=\"date\">\n\t\t\t\t\t\t\t\t\t\t\t\t\t18 nov 2025\t\t\t\t\t\t\t\t\t\t\t\t<\/p>\n<\/p><\/div>\n<p>\t\t\t\t\t\t\t\t\t\t<\/a>\n\t\t\t\t\t\t\t\t\t<\/div>\n<\/p><\/div>\n<\/p><\/div>\n<\/p><\/div>\n<div class=\"padding-top-s\">\n<div class=\"ad banner desktop\">\n<div class=\"container\">\n<div class=\"row\">\n            <!-- \/21730003857\/numero-ad-unit\/numero-banner-1 --><\/p>\n<div id=\"div-gpt-ad-1757006327907-0\" style=\"min-width: 350px\">\n<p>                    googletag.cmd.push(function () {<br \/>\n                        googletag.display(&#8216;div-gpt-ad-1757006327907-0&#8217;);<br \/>\n                    });<\/p><\/div>\n<\/p><\/div>\n<\/p><\/div>\n<\/div><\/div>\n<\/p><\/div>\n<\/section>\n<p>        <button class=\"btn-newsletter btn-outline-white my-5\" id=\"open-modal-newsletter\">Inscrivez-vous \u00e0 la newsletter<\/button>\t\t<\/p>\n<section class=\"related-posts post-list padding-top-m padding-bottom-s\">\n<div class=\"container\">\n<h2 class=\"title mx-auto\">\u00c0 lire aussi<\/h2>\n<div class=\"row\">\n<div class=\"col-lg-3\">\n<div class=\"post-card desktop\">\n\t\t\t\t\t\t\t\t\t\t<a class=\"post-link\" href=\"https:\/\/numero.com\/lifestyle\/hotel-lutetia-isabelle-huppert\/\"><\/p>\n<div class=\"container-img\">\n\t\t\t\t\t\t\t\t\t\t\t\t<img decoding=\"async\" width=\"640\" height=\"804\" src=\"https:\/\/numero.com\/wp-content\/uploads\/2026\/03\/isabelle-huppert-lutetia-768x965.jpg\" class=\"img-fluid\" alt=\"Isabelle Huppert au Lutetia \u00e0 Paris.\" loading=\"lazy\">\t\t\t\t\t\t\t\t\t\t\t\t<\/p>\n<div class=\"number\">27<\/div>\n<\/p><\/div>\n<div class=\"card-info\">\n<div class=\"meta d-flex justify-content-between\">\n<p class=\"cat-title\">Lifestyle<\/p>\n<p class=\"date\">\n\t\t\t\t\t\t\t\t\t\t\t\t\t\t27 mars 2026\t\t\t\t\t\t\t\t\t\t\t\t\t<\/p>\n<\/p><\/div>\n<div class=\"post-title\">Que nous r\u00e9serve la suite imagin\u00e9e par Isabelle Huppert au Lutetia ?<\/div>\n<\/p><\/div>\n<p>\t\t\t\t\t\t\t\t\t\t<\/a>\n\t\t\t\t\t\t\t\t\t<\/div>\n<div class=\"post-card mobile\">\n\t\t\t\t\t\t\t\t\t\t<a class=\"post-link d-flex\" href=\"https:\/\/numero.com\/lifestyle\/hotel-lutetia-isabelle-huppert\/\"><\/p>\n<div class=\"container-img\">\n\t\t\t\t\t\t\t\t\t\t\t\t<img decoding=\"async\" width=\"640\" height=\"804\" src=\"https:\/\/numero.com\/wp-content\/uploads\/2026\/03\/isabelle-huppert-lutetia-768x965.jpg\" class=\"img-fluid\" alt=\"Isabelle Huppert au Lutetia \u00e0 Paris.\" loading=\"lazy\">\t\t\t\t\t\t\t\t\t\t\t\t<\/p>\n<div class=\"number\">27<\/div>\n<\/p><\/div>\n<div class=\"card-info d-flex\">\n<div>\n<p class=\"cat-title\">Lifestyle<\/p>\n<h3 class=\"post-title\">Que nous r\u00e9serve la suite imagin\u00e9e par Isabelle Huppert au Lutetia ?<\/h3>\n<\/p><\/div>\n<p class=\"date\">\n\t\t\t\t\t\t\t\t\t\t\t\t\t27 mars 2026\t\t\t\t\t\t\t\t\t\t\t\t<\/p>\n<\/p><\/div>\n<p>\t\t\t\t\t\t\t\t\t\t<\/a>\n\t\t\t\t\t\t\t\t\t<\/div>\n<\/p><\/div>\n<div class=\"col-lg-3\">\n<div class=\"post-card desktop\">\n\t\t\t\t\t\t\t\t\t\t<a class=\"post-link\" href=\"https:\/\/numero.com\/lifestyle\/les-meilleures-experiences-airbnb\/\"><\/p>\n<div class=\"container-img\">\n\t\t\t\t\t\t\t\t\t\t\t\t<img decoding=\"async\" width=\"640\" height=\"804\" src=\"https:\/\/numero.com\/wp-content\/uploads\/2026\/02\/thumb-airbnb-sabrina-carpenter-768x965.jpg\" class=\"img-fluid\" alt loading=\"lazy\">\t\t\t\t\t\t\t\t\t\t\t\t<\/p>\n<div class=\"number\">26<\/div>\n<\/p><\/div>\n<div class=\"card-info\">\n<div class=\"meta d-flex justify-content-between\">\n<p class=\"cat-title\">Lifestyle<\/p>\n<p class=\"date\">\n\t\t\t\t\t\t\t\t\t\t\t\t\t\t26 mars 2026\t\t\t\t\t\t\t\t\t\t\t\t\t<\/p>\n<\/p><\/div>\n<div class=\"post-title\">Sabrina Carpenter, Hannah Montana\u2026 6 exp\u00e9riences Airbnb extraordinaires<\/div>\n<\/p><\/div>\n<p>\t\t\t\t\t\t\t\t\t\t<\/a>\n\t\t\t\t\t\t\t\t\t<\/div>\n<div class=\"post-card mobile\">\n\t\t\t\t\t\t\t\t\t\t<a class=\"post-link d-flex\" href=\"https:\/\/numero.com\/lifestyle\/les-meilleures-experiences-airbnb\/\"><\/p>\n<div class=\"container-img\">\n\t\t\t\t\t\t\t\t\t\t\t\t<img decoding=\"async\" width=\"640\" height=\"804\" src=\"https:\/\/numero.com\/wp-content\/uploads\/2026\/02\/thumb-airbnb-sabrina-carpenter-768x965.jpg\" class=\"img-fluid\" alt loading=\"lazy\">\t\t\t\t\t\t\t\t\t\t\t\t<\/p>\n<div class=\"number\">26<\/div>\n<\/p><\/div>\n<div class=\"card-info d-flex\">\n<div>\n<p class=\"cat-title\">Lifestyle<\/p>\n<h3 class=\"post-title\">Sabrina Carpenter, Hannah Montana\u2026 6 exp\u00e9riences Airbnb extraordinaires<\/h3>\n<\/p><\/div>\n<p class=\"date\">\n\t\t\t\t\t\t\t\t\t\t\t\t\t26 mars 2026\t\t\t\t\t\t\t\t\t\t\t\t<\/p>\n<\/p><\/div>\n<p>\t\t\t\t\t\t\t\t\t\t<\/a>\n\t\t\t\t\t\t\t\t\t<\/div>\n<\/p><\/div>\n<div class=\"col-lg-3\">\n<div class=\"post-card desktop\">\n\t\t\t\t\t\t\t\t\t\t<a class=\"post-link\" href=\"https:\/\/numero.com\/culture\/cinema\/the-ranch-house-of-sirdavis-beyonce-cine-club-maya-joy\/\"><\/p>\n<div class=\"container-img\">\n\t\t\t\t\t\t\t\t\t\t\t\t<img decoding=\"async\" width=\"640\" height=\"804\" src=\"https:\/\/numero.com\/wp-content\/uploads\/2026\/03\/thelma-louise--768x965.jpg\" class=\"img-fluid\" alt=\"Thelma et Louise.\" loading=\"lazy\">\t\t\t\t\t\t\t\t\t\t\t\t<\/p>\n<div class=\"number\">23<\/div>\n<\/p><\/div>\n<div class=\"card-info\">\n<div class=\"meta d-flex justify-content-between\">\n<p class=\"cat-title\">Cin\u00e9ma<\/p>\n<p class=\"date\">\n\t\t\t\t\t\t\t\t\t\t\t\t\t\t23 mars 2026\t\t\t\t\t\t\t\t\t\t\t\t\t<\/p>\n<\/p><\/div>\n<div class=\"post-title\">La marque de Whisky de Beyonc\u00e9 lance son cin\u00e9-club \u00e0 Paris<\/div>\n<\/p><\/div>\n<p>\t\t\t\t\t\t\t\t\t\t<\/a>\n\t\t\t\t\t\t\t\t\t<\/div>\n<div class=\"post-card mobile\">\n\t\t\t\t\t\t\t\t\t\t<a class=\"post-link d-flex\" href=\"https:\/\/numero.com\/culture\/cinema\/the-ranch-house-of-sirdavis-beyonce-cine-club-maya-joy\/\"><\/p>\n<div class=\"container-img\">\n\t\t\t\t\t\t\t\t\t\t\t\t<img decoding=\"async\" width=\"640\" height=\"804\" src=\"https:\/\/numero.com\/wp-content\/uploads\/2026\/03\/thelma-louise--768x965.jpg\" class=\"img-fluid\" alt=\"Thelma et Louise.\" loading=\"lazy\">\t\t\t\t\t\t\t\t\t\t\t\t<\/p>\n<div class=\"number\">23<\/div>\n<\/p><\/div>\n<div class=\"card-info d-flex\">\n<div>\n<p class=\"cat-title\">Cin\u00e9ma<\/p>\n<h3 class=\"post-title\">La marque de Whisky de Beyonc\u00e9 lance son cin\u00e9-club \u00e0 Paris<\/h3>\n<\/p><\/div>\n<p class=\"date\">\n\t\t\t\t\t\t\t\t\t\t\t\t\t23 mars 2026\t\t\t\t\t\t\t\t\t\t\t\t<\/p>\n<\/p><\/div>\n<p>\t\t\t\t\t\t\t\t\t\t<\/a>\n\t\t\t\t\t\t\t\t\t<\/div>\n<\/p><\/div>\n<div class=\"col-lg-3\">\n<div class=\"post-card desktop\">\n\t\t\t\t\t\t\t\t\t\t<a class=\"post-link\" href=\"https:\/\/numero.com\/lifestyle\/food\/qui-sont-les-62-nouvelles-etoiles-du-guide-michelin\/\"><\/p>\n<div class=\"container-img\">\n\t\t\t\t\t\t\t\t\t\t\t\t<img decoding=\"async\" width=\"640\" height=\"804\" src=\"https:\/\/numero.com\/wp-content\/uploads\/2026\/03\/thumb-dior-yannick-alleno-768x965.jpg\" class=\"img-fluid\" alt=\"yannick all\u00e9no restaurant monsieur dior guide michelin 2026\" loading=\"lazy\">\t\t\t\t\t\t\t\t\t\t\t\t<\/p>\n<div class=\"number\">18<\/div>\n<\/p><\/div>\n<div class=\"card-info\">\n<div class=\"meta d-flex justify-content-between\">\n<p class=\"cat-title\">Food<\/p>\n<p class=\"date\">\n\t\t\t\t\t\t\t\t\t\t\t\t\t\t18 mars 2026\t\t\t\t\t\t\t\t\t\t\t\t\t<\/p>\n<\/p><\/div>\n<div class=\"post-title\">Qui sont les 62 nouvelles \u00e9toiles du guide Michelin ?<\/div>\n<\/p><\/div>\n<p>\t\t\t\t\t\t\t\t\t\t<\/a>\n\t\t\t\t\t\t\t\t\t<\/div>\n<div class=\"post-card mobile\">\n\t\t\t\t\t\t\t\t\t\t<a class=\"post-link d-flex\" href=\"https:\/\/numero.com\/lifestyle\/food\/qui-sont-les-62-nouvelles-etoiles-du-guide-michelin\/\"><\/p>\n<div class=\"container-img\">\n\t\t\t\t\t\t\t\t\t\t\t\t<img decoding=\"async\" width=\"640\" height=\"804\" src=\"https:\/\/numero.com\/wp-content\/uploads\/2026\/03\/thumb-dior-yannick-alleno-768x965.jpg\" class=\"img-fluid\" alt=\"yannick all\u00e9no restaurant monsieur dior guide michelin 2026\" loading=\"lazy\">\t\t\t\t\t\t\t\t\t\t\t\t<\/p>\n<div class=\"number\">18<\/div>\n<\/p><\/div>\n<div class=\"card-info d-flex\">\n<div>\n<p class=\"cat-title\">Food<\/p>\n<h3 class=\"post-title\">Qui sont les 62 nouvelles \u00e9toiles du guide Michelin ?<\/h3>\n<\/p><\/div>\n<p class=\"date\">\n\t\t\t\t\t\t\t\t\t\t\t\t\t18 mars 2026\t\t\t\t\t\t\t\t\t\t\t\t<\/p>\n<\/p><\/div>\n<p>\t\t\t\t\t\t\t\t\t\t<\/a>\n\t\t\t\t\t\t\t\t\t<\/div>\n<\/p><\/div>\n<\/p><\/div>\n<\/p><\/div>\n<\/section>\n<div class=\"padding-bottom-s\">\n<div class=\"ad banner desktop\">\n<div class=\"container\">\n<div class=\"row\">\n            <!-- \/21730003857\/numero-ad-unit\/numero-banner-1 --><\/p>\n<div id=\"div-gpt-ad-1757006327907-0\" style=\"min-width: 350px\">\n<p>                    googletag.cmd.push(function () {<br \/>\n                        googletag.display(&#8216;div-gpt-ad-1757006327907-0&#8217;);<br \/>\n                    });<\/p><\/div>\n<\/p><\/div>\n<\/p><\/div>\n<\/div><\/div>\n<\/p><\/div>\n","protected":false},"excerpt":{"rendered":"<p>31 31 googletag.cmd.push(function () { googletag.display(&#8216;div-gpt-ad-1757063143832-0&#8217;); }); Lien copi\u00e9 Food 31 mars 2026 Les meilleures chocolateries de Paris \u00e0 d\u00e9couvrir pour P\u00e2ques Alors que P\u00e2ques se rapproche \u00e0 grands pas, Num\u00e9ro a arpent\u00e9 les rues de la capitale afin de s\u00e9lectionner ses meilleures chocolateries. Pour les curieux, les passionn\u00e9s ou tout simplement pour les gourmands. [&hellip;]<\/p>\n","protected":false},"author":1,"featured_media":0,"comment_status":"open","ping_status":"","sticky":false,"template":"","format":"standard","meta":{"footnotes":""},"categories":[1],"tags":[226,258],"class_list":["post-1857290","post","type-post","status-publish","format-standard","hentry","category-uncategorized","tag-crawlmanager","tag-numero-com"],"_links":{"self":[{"href":"https:\/\/analyse.optim.biz\/index.php?rest_route=\/wp\/v2\/posts\/1857290","targetHints":{"allow":["GET"]}}],"collection":[{"href":"https:\/\/analyse.optim.biz\/index.php?rest_route=\/wp\/v2\/posts"}],"about":[{"href":"https:\/\/analyse.optim.biz\/index.php?rest_route=\/wp\/v2\/types\/post"}],"author":[{"embeddable":true,"href":"https:\/\/analyse.optim.biz\/index.php?rest_route=\/wp\/v2\/users\/1"}],"replies":[{"embeddable":true,"href":"https:\/\/analyse.optim.biz\/index.php?rest_route=%2Fwp%2Fv2%2Fcomments&post=1857290"}],"version-history":[{"count":1,"href":"https:\/\/analyse.optim.biz\/index.php?rest_route=\/wp\/v2\/posts\/1857290\/revisions"}],"predecessor-version":[{"id":1953322,"href":"https:\/\/analyse.optim.biz\/index.php?rest_route=\/wp\/v2\/posts\/1857290\/revisions\/1953322"}],"wp:attachment":[{"href":"https:\/\/analyse.optim.biz\/index.php?rest_route=%2Fwp%2Fv2%2Fmedia&parent=1857290"}],"wp:term":[{"taxonomy":"category","embeddable":true,"href":"https:\/\/analyse.optim.biz\/index.php?rest_route=%2Fwp%2Fv2%2Fcategories&post=1857290"},{"taxonomy":"post_tag","embeddable":true,"href":"https:\/\/analyse.optim.biz\/index.php?rest_route=%2Fwp%2Fv2%2Ftags&post=1857290"}],"curies":[{"name":"wp","href":"https:\/\/api.w.org\/{rel}","templated":true}]}}