{"id":1857112,"date":"2026-03-31T15:03:07","date_gmt":"2026-03-31T12:03:07","guid":{"rendered":"https:\/\/analyse.optim.biz\/?p=1857112"},"modified":"2026-03-31T15:03:07","modified_gmt":"2026-03-31T12:03:07","slug":"video-liber-la-plimbari-cu-autobuzul-pentru-toti-pensionarii-dar-creste-subventia-de-la-primarie-catre-transbus","status":"publish","type":"post","link":"https:\/\/analyse.optim.biz\/?p=1857112","title":{"rendered":"(VIDEO) Liber la plimb\u0103ri cu autobuzul pentru to\u021bi pensionarii, dar cre\u0219te subven\u021bia de la prim\u0103rie c\u0103tre Transbus"},"content":{"rendered":"<p>[analyse_image type=&#8221;featured&#8221; src=&#8221;https:\/\/sansanews.ro\/wp-content\/uploads\/2026\/03\/WhatsApp-Image-2026-03-31-at-00.23.02.jpeghttps:\/\/sansanews.ro\/wp-content\/uploads\/2026\/03\/WhatsApp-Image-2026-03-31-at-00.23.02.jpeg&#8221;]<\/p>\n<div class=\"entry-content herald-entry-content\">\n<p>\u00centr-un an marcat de reduceri bugetare \u0219i<br \/>\nrestructur\u0103ri de personal, Prim\u0103ria municipiului Buz\u0103u devine mai darnic\u0103. Nu<br \/>\nmai pu\u021bin de 6 milioane de lei vor ajunge, anul acesta, \u00een conturile Transbus,<br \/>\nsocietatea de transport public \u00een comun aflat\u0103 \u00een subordinea Consiliului Local<br \/>\nBuz\u0103u, dup\u0103 ce, Prim\u0103ria a decis ca to\u021bi pensionarii din ora\u0219 s\u0103 beneficieze de<br \/>\ntransport gratuit cu autobuzul, indiferent de valoarea pensiei.<\/p>\n<p>Decizia a fost adoptat\u0103 ast\u0103zi, \u00een \u0219edin\u021ba Consiliului Local doar cu votul consilierilor PSD, cei care de\u021bin majoritatea \u00een Consiliu Local, \u00een timp ce ale\u0219ii din Opozi\u021bie s-au opus, inclusiv prin amendamente aduse proiectului de hot\u0103r\u00e2re prin care au propus diferite modific\u0103ri menite s\u0103 limiteze aceast\u0103 facilitate \u0219i s\u0103 reduc\u0103 subven\u021bia c\u0103tre Transbus . <\/p>\n<p>Concret, prin proiectul adoptat ast\u0103zi, orice pensionar poate circula gratis cu autobuzul. Potrivit, directorului Transbus, Gic\u0103 Toader, asta ar \u00eensemna un total de 34.731 de persoane, \u00een cazul \u00een care chiar to\u021bi v\u00e2rstnicii din ora\u0219 ar alege s\u0103 se deplaseze \u00een municipiul Buz\u0103u cu mijloacele de transport \u00een comun. <\/p>\n<p>Totu\u0219i, tot Gic\u0103 Toader a explicat, \u00een plenul \u0219edin\u021bei, c\u0103 nu to\u021bi pensionarii din ora\u0219 vor merge cu autobuzul baz\u00e2ndu-se pe cifrele \u00eenregistrate \u00een anii anteriori. Practic, p\u00e2n\u0103 ast\u0103zi beneficiau de gratuitate doar pensionarii cu pensie de p\u00e2n\u0103 \u00een 4.000 de lei, adic\u0103 doar 24.614 din cei 34.731. \u00cens\u0103, \u0219i dintre ace\u0219tia doar 11.000 de persoane au beneficiat, \u00een final, de gratuitatea acordat\u0103.  <\/p>\n<blockquote class=\"wp-block-quote\">\n<p>\u201dPentru anul acesta s-a luat \u00een calcul o cre\u0219tere a num\u0103rului de valid\u0103ri cu 30%. Adic\u0103, dac\u0103 pentru anul 2025 UAT Buz\u0103u a pl\u0103tit pentru gratuitea pensionarilor \u00a04.648.285 lei, pentru anul acesta s-a calculate 5.906.193 de lei\u201d, a spus Gic\u0103 Toader.<\/p>\n<\/blockquote>\n<iframe loading=\"lazy\" width=\"807\" height=\"454\" src=\"https:\/\/www.youtube.com\/embed\/4iXKYdYRzkk\" title=\"Gica Toader, director Transbus\" frameborder allow=\"accelerometer; autoplay; clipboard-write; encrypted-media; gyroscope; picture-in-picture; web-share\" referrerpolicy=\"strict-origin-when-cross-origin\" allowfullscreen><\/iframe>\n<p>Situa\u021bia a generat discu\u021bii ample \u00een timpul \u0219edin\u021bei, iar consilierii din Opozi\u021bie s-au opus acestei decizii.<\/p>\n<blockquote class=\"wp-block-quote\">\n<p>\u201dAv\u00e2nd \u00een vedere c\u0103 doar 50% din cei care beneficiau p\u00e2n\u0103 acum, s-au \u00eenscris s\u0103 mearg\u0103 cu Transbus nu \u00een\u021beleg rostul de ce am da gratuitate la persoane care au pensii de 8000 -10.000 de lei \u00een condi\u021biile \u00een care persoane care au au salariul minim trebuie s\u0103 fac\u0103 naveta \u00een fiecare zi \u0219i s\u0103 pl\u0103teasc\u0103 biletul. Nu cred c\u0103 este corect din punct de vedere social s\u0103 facem acest lucru. Doar din punct de vedere electoral, da! \u201d, a spus Irinel C\u00eerstea, consilier PNL.<\/p>\n<\/blockquote>\n<p>Consilierul a fost contrazis de viceprimarul Ionu\u021b Apostu care i-a explicat c\u0103 ar fi discriminare s\u0103 se acorde doar pensionarilor cu pensii de p\u00e2n\u0103 \u00een 4000 de lei, a\u0219a cum s-a \u00eent\u00e2mplat p\u00e2n\u0103 ast\u0103zi \u0219i c\u0103, acum, Prim\u0103ria \u201eare tot ce-i trebuie\u201d ca s\u0103 fie at\u00e2t de generoas\u0103 cu to\u021bi seniorii Buz\u0103ului. <\/p>\n<blockquote class=\"wp-block-quote\">\n<p>\u201dD\u0103m aceast\u0103 facilitate s\u0103 nu facem discriminare. Acum avem tot ce este necesar pentru ca to\u021bi ace\u0219ti cet\u0103\u021beni s\u0103 poat\u0103 circula gratuit cu mijloacele de transport \u00een comun\u201d, a spus Ionu\u021b Apostu, viceprimarul municipiului Buz\u0103u. <\/p>\n<\/blockquote>\n<iframe loading=\"lazy\" width=\"807\" height=\"454\" src=\"https:\/\/www.youtube.com\/embed\/PCVw8RN95nw\" title=\"Irinel C\u00eerstea\" frameborder allow=\"accelerometer; autoplay; clipboard-write; encrypted-media; gyroscope; picture-in-picture; web-share\" referrerpolicy=\"strict-origin-when-cross-origin\" allowfullscreen><\/iframe>\n<p>Pe de alt\u0103 parte, consilierii din Opozi\u021bie au criticat \u0219i faptul c\u0103 subven\u021bia va fi m\u0103rit\u0103 de\u0219i, \u00een practic\u0103, nu vor fi operate nici mai multe curse Transbus, deci nu va exista un consum mai mare de combustibil, \u0219i nici alte cheltuieli ale societ\u0103\u021bii ca urmare a cre\u0219terii num\u0103rului de beneficiari ai acestei facilit\u0103\u021bi. <\/p>\n<blockquote class=\"wp-block-quote\">\n<p>\u201dD\u0103m peste 10 milioane de euro subven\u021bie, este\u00a0 sum\u0103 fabulos de mare, nu cred c\u0103 bugetul local \u00ee\u0219i mai permite s\u0103 aloce \u00een continuare sume de bani c\u0103tre Transbus\u201d, a subliniat Irinel C\u00eerstea. <\/p>\n<\/blockquote>\n<iframe loading=\"lazy\" width=\"807\" height=\"454\" src=\"https:\/\/www.youtube.com\/embed\/XQG5Vpb5y4Q\" title=\"Irinel C\u00eerstea, CLM\" frameborder allow=\"accelerometer; autoplay; clipboard-write; encrypted-media; gyroscope; picture-in-picture; web-share\" referrerpolicy=\"strict-origin-when-cross-origin\" allowfullscreen><\/iframe>\n<p>\u00cen final, proiectul a trecut cu 13 voturi \u0219i 9 ab\u021bineri r\u0103m\u00e2n\u00e2nd totu\u0219i o \u00eentrebare f\u0103r\u0103 r\u0103spuns: ce se va \u00eent\u00e2mpla, anul acesta, cu pre\u021bul biletului pentru ceilal\u021bi buzoieni care nu merg gratis cu autobuzul? <\/p>\n<div class=\"meta-tags\"><span>Etichete<\/span><a href=\"https:\/\/sansanews.ro\/tag\/gratuitate-pensionari\/\" rel=\"tag\">gratuitate pensionari<\/a><a href=\"https:\/\/sansanews.ro\/tag\/primaria-municipiului-buzau\/\" rel=\"tag\">Primaria municipiului Buzau<\/a><a href=\"https:\/\/sansanews.ro\/tag\/transbus\/\" rel=\"tag\">transbus<\/a><\/div>\n<div class=\"herald-share-content\">\n<div class=\"meks_ess rectangle no-labels outline\"><a class=\"meks_ess-item socicon-facebook\" data-url=\"http:\/\/www.facebook.com\/sharer\/sharer.php?u=https%3A%2F%2Fsansanews.ro%2Fvideo-liber-la-plimbari-cu-autobuzul-pentru-toti-pensionarii-dar-creste-subventia-de-la-primarie-catre-transbus%2F&amp;t=%28VIDEO%29%20Liber%20la%20plimb%C4%83ri%20cu%20autobuzul%20pentru%20to%C8%9Bi%20pensionarii%2C%20dar%20cre%C8%99te%20subven%C8%9Bia%20de%20la%20prim%C4%83rie%20c%C4%83tre%20Transbus\"><span>Facebook<\/span><\/a><a href=\"https:\/\/api.whatsapp.com\/send?text=%28VIDEO%29%20Liber%20la%20plimb%C4%83ri%20cu%20autobuzul%20pentru%20to%C8%9Bi%20pensionarii%2C%20dar%20cre%C8%99te%20subven%C8%9Bia%20de%20la%20prim%C4%83rie%20c%C4%83tre%20Transbus%20https%3A%2F%2Fsansanews.ro%2Fvideo-liber-la-plimbari-cu-autobuzul-pentru-toti-pensionarii-dar-creste-subventia-de-la-primarie-catre-transbus%2F\" class=\"meks_ess-item socicon-whatsapp prevent-share-popup\"><span>WhatsApp<\/span><\/a><a class=\"meks_ess-item socicon-twitter\" data-url=\"http:\/\/twitter.com\/intent\/tweet?url=https%3A%2F%2Fsansanews.ro%2Fvideo-liber-la-plimbari-cu-autobuzul-pentru-toti-pensionarii-dar-creste-subventia-de-la-primarie-catre-transbus%2F&amp;text=%28VIDEO%29%20Liber%20la%20plimb%C4%83ri%20cu%20autobuzul%20pentru%20to%C8%9Bi%20pensionarii%2C%20dar%20cre%C8%99te%20subven%C8%9Bia%20de%20la%20prim%C4%83rie%20c%C4%83tre%20Transbus\"><span>Twitter<\/span><\/a><a class=\"meks_ess-item socicon-pinterest\" data-url=\"http:\/\/pinterest.com\/pin\/create\/button\/?url=https%3A%2F%2Fsansanews.ro%2Fvideo-liber-la-plimbari-cu-autobuzul-pentru-toti-pensionarii-dar-creste-subventia-de-la-primarie-catre-transbus%2F&amp;media=https%3A%2F%2Fsansanews.ro%2Fwp-content%2Fuploads%2F2026%2F03%2FWhatsApp-Image-2026-03-31-at-00.23.02.jpeg&amp;description=%28VIDEO%29%20Liber%20la%20plimb%C4%83ri%20cu%20autobuzul%20pentru%20to%C8%9Bi%20pensionarii%2C%20dar%20cre%C8%99te%20subven%C8%9Bia%20de%20la%20prim%C4%83rie%20c%C4%83tre%20Transbus\"><span>Pinterest<\/span><\/a><\/div>\n<\/div>\n<\/div>\n<div class=\"entry-content herald-entry-content\">\n<p>\u00centr-un an marcat de reduceri bugetare \u0219i<br \/>\nrestructur\u0103ri de personal, Prim\u0103ria municipiului Buz\u0103u devine mai darnic\u0103. Nu<br \/>\nmai pu\u021bin de 6 milioane de lei vor ajunge, anul acesta, \u00een conturile Transbus,<br \/>\nsocietatea de transport public \u00een comun aflat\u0103 \u00een subordinea Consiliului Local<br \/>\nBuz\u0103u, dup\u0103 ce, Prim\u0103ria a decis ca to\u021bi pensionarii din ora\u0219 s\u0103 beneficieze de<br \/>\ntransport gratuit cu autobuzul, indiferent de valoarea pensiei.<\/p>\n<p>Decizia a fost adoptat\u0103 ast\u0103zi, \u00een \u0219edin\u021ba Consiliului Local doar cu votul consilierilor PSD, cei care de\u021bin majoritatea \u00een Consiliu Local, \u00een timp ce ale\u0219ii din Opozi\u021bie s-au opus, inclusiv prin amendamente aduse proiectului de hot\u0103r\u00e2re prin care au propus diferite modific\u0103ri menite s\u0103 limiteze aceast\u0103 facilitate \u0219i s\u0103 reduc\u0103 subven\u021bia c\u0103tre Transbus . <\/p>\n<p>Concret, prin proiectul adoptat ast\u0103zi, orice pensionar poate circula gratis cu autobuzul. Potrivit, directorului Transbus, Gic\u0103 Toader, asta ar \u00eensemna un total de 34.731 de persoane, \u00een cazul \u00een care chiar to\u021bi v\u00e2rstnicii din ora\u0219 ar alege s\u0103 se deplaseze \u00een municipiul Buz\u0103u cu mijloacele de transport \u00een comun. <\/p>\n<p>Totu\u0219i, tot Gic\u0103 Toader a explicat, \u00een plenul \u0219edin\u021bei, c\u0103 nu to\u021bi pensionarii din ora\u0219 vor merge cu autobuzul baz\u00e2ndu-se pe cifrele \u00eenregistrate \u00een anii anteriori. Practic, p\u00e2n\u0103 ast\u0103zi beneficiau de gratuitate doar pensionarii cu pensie de p\u00e2n\u0103 \u00een 4.000 de lei, adic\u0103 doar 24.614 din cei 34.731. \u00cens\u0103, \u0219i dintre ace\u0219tia doar 11.000 de persoane au beneficiat, \u00een final, de gratuitatea acordat\u0103.  <\/p>\n<blockquote class=\"wp-block-quote\">\n<p>\u201dPentru anul acesta s-a luat \u00een calcul o cre\u0219tere a num\u0103rului de valid\u0103ri cu 30%. Adic\u0103, dac\u0103 pentru anul 2025 UAT Buz\u0103u a pl\u0103tit pentru gratuitea pensionarilor \u00a04.648.285 lei, pentru anul acesta s-a calculate 5.906.193 de lei\u201d, a spus Gic\u0103 Toader.<\/p>\n<\/blockquote>\n<iframe loading=\"lazy\" width=\"807\" height=\"454\" src=\"https:\/\/www.youtube.com\/embed\/4iXKYdYRzkk\" title=\"Gica Toader, director Transbus\" frameborder allow=\"accelerometer; autoplay; clipboard-write; encrypted-media; gyroscope; picture-in-picture; web-share\" referrerpolicy=\"strict-origin-when-cross-origin\" allowfullscreen><\/iframe>\n<p>Situa\u021bia a generat discu\u021bii ample \u00een timpul \u0219edin\u021bei, iar consilierii din Opozi\u021bie s-au opus acestei decizii.<\/p>\n<blockquote class=\"wp-block-quote\">\n<p>\u201dAv\u00e2nd \u00een vedere c\u0103 doar 50% din cei care beneficiau p\u00e2n\u0103 acum, s-au \u00eenscris s\u0103 mearg\u0103 cu Transbus nu \u00een\u021beleg rostul de ce am da gratuitate la persoane care au pensii de 8000 -10.000 de lei \u00een condi\u021biile \u00een care persoane care au au salariul minim trebuie s\u0103 fac\u0103 naveta \u00een fiecare zi \u0219i s\u0103 pl\u0103teasc\u0103 biletul. Nu cred c\u0103 este corect din punct de vedere social s\u0103 facem acest lucru. Doar din punct de vedere electoral, da! \u201d, a spus Irinel C\u00eerstea, consilier PNL.<\/p>\n<\/blockquote>\n<p>Consilierul a fost contrazis de viceprimarul Ionu\u021b Apostu care i-a explicat c\u0103 ar fi discriminare s\u0103 se acorde doar pensionarilor cu pensii de p\u00e2n\u0103 \u00een 4000 de lei, a\u0219a cum s-a \u00eent\u00e2mplat p\u00e2n\u0103 ast\u0103zi \u0219i c\u0103, acum, Prim\u0103ria \u201eare tot ce-i trebuie\u201d ca s\u0103 fie at\u00e2t de generoas\u0103 cu to\u021bi seniorii Buz\u0103ului. <\/p>\n<blockquote class=\"wp-block-quote\">\n<p>\u201dD\u0103m aceast\u0103 facilitate s\u0103 nu facem discriminare. Acum avem tot ce este necesar pentru ca to\u021bi ace\u0219ti cet\u0103\u021beni s\u0103 poat\u0103 circula gratuit cu mijloacele de transport \u00een comun\u201d, a spus Ionu\u021b Apostu, viceprimarul municipiului Buz\u0103u. <\/p>\n<\/blockquote>\n<iframe loading=\"lazy\" width=\"807\" height=\"454\" src=\"https:\/\/www.youtube.com\/embed\/PCVw8RN95nw\" title=\"Irinel C\u00eerstea\" frameborder allow=\"accelerometer; autoplay; clipboard-write; encrypted-media; gyroscope; picture-in-picture; web-share\" referrerpolicy=\"strict-origin-when-cross-origin\" allowfullscreen><\/iframe>\n<p>Pe de alt\u0103 parte, consilierii din Opozi\u021bie au criticat \u0219i faptul c\u0103 subven\u021bia va fi m\u0103rit\u0103 de\u0219i, \u00een practic\u0103, nu vor fi operate nici mai multe curse Transbus, deci nu va exista un consum mai mare de combustibil, \u0219i nici alte cheltuieli ale societ\u0103\u021bii ca urmare a cre\u0219terii num\u0103rului de beneficiari ai acestei facilit\u0103\u021bi. <\/p>\n<blockquote class=\"wp-block-quote\">\n<p>\u201dD\u0103m peste 10 milioane de euro subven\u021bie, este\u00a0 sum\u0103 fabulos de mare, nu cred c\u0103 bugetul local \u00ee\u0219i mai permite s\u0103 aloce \u00een continuare sume de bani c\u0103tre Transbus\u201d, a subliniat Irinel C\u00eerstea. <\/p>\n<\/blockquote>\n<iframe loading=\"lazy\" width=\"807\" height=\"454\" src=\"https:\/\/www.youtube.com\/embed\/XQG5Vpb5y4Q\" title=\"Irinel C\u00eerstea, CLM\" frameborder allow=\"accelerometer; autoplay; clipboard-write; encrypted-media; gyroscope; picture-in-picture; web-share\" referrerpolicy=\"strict-origin-when-cross-origin\" allowfullscreen><\/iframe>\n<p>\u00cen final, proiectul a trecut cu 13 voturi \u0219i 9 ab\u021bineri r\u0103m\u00e2n\u00e2nd totu\u0219i o \u00eentrebare f\u0103r\u0103 r\u0103spuns: ce se va \u00eent\u00e2mpla, anul acesta, cu pre\u021bul biletului pentru ceilal\u021bi buzoieni care nu merg gratis cu autobuzul? <\/p>\n<div class=\"meta-tags\"><span>Etichete<\/span><a href=\"https:\/\/sansanews.ro\/tag\/gratuitate-pensionari\/\" rel=\"tag\">gratuitate pensionari<\/a><a href=\"https:\/\/sansanews.ro\/tag\/primaria-municipiului-buzau\/\" rel=\"tag\">Primaria municipiului Buzau<\/a><a href=\"https:\/\/sansanews.ro\/tag\/transbus\/\" rel=\"tag\">transbus<\/a><\/div>\n<div class=\"herald-share-content\">\n<div class=\"meks_ess rectangle no-labels outline\"><a class=\"meks_ess-item socicon-facebook\" data-url=\"http:\/\/www.facebook.com\/sharer\/sharer.php?u=https%3A%2F%2Fsansanews.ro%2Fvideo-liber-la-plimbari-cu-autobuzul-pentru-toti-pensionarii-dar-creste-subventia-de-la-primarie-catre-transbus%2F&amp;t=%28VIDEO%29%20Liber%20la%20plimb%C4%83ri%20cu%20autobuzul%20pentru%20to%C8%9Bi%20pensionarii%2C%20dar%20cre%C8%99te%20subven%C8%9Bia%20de%20la%20prim%C4%83rie%20c%C4%83tre%20Transbus\"><span>Facebook<\/span><\/a><a href=\"https:\/\/api.whatsapp.com\/send?text=%28VIDEO%29%20Liber%20la%20plimb%C4%83ri%20cu%20autobuzul%20pentru%20to%C8%9Bi%20pensionarii%2C%20dar%20cre%C8%99te%20subven%C8%9Bia%20de%20la%20prim%C4%83rie%20c%C4%83tre%20Transbus%20https%3A%2F%2Fsansanews.ro%2Fvideo-liber-la-plimbari-cu-autobuzul-pentru-toti-pensionarii-dar-creste-subventia-de-la-primarie-catre-transbus%2F\" class=\"meks_ess-item socicon-whatsapp prevent-share-popup\"><span>WhatsApp<\/span><\/a><a class=\"meks_ess-item socicon-twitter\" data-url=\"http:\/\/twitter.com\/intent\/tweet?url=https%3A%2F%2Fsansanews.ro%2Fvideo-liber-la-plimbari-cu-autobuzul-pentru-toti-pensionarii-dar-creste-subventia-de-la-primarie-catre-transbus%2F&amp;text=%28VIDEO%29%20Liber%20la%20plimb%C4%83ri%20cu%20autobuzul%20pentru%20to%C8%9Bi%20pensionarii%2C%20dar%20cre%C8%99te%20subven%C8%9Bia%20de%20la%20prim%C4%83rie%20c%C4%83tre%20Transbus\"><span>Twitter<\/span><\/a><a class=\"meks_ess-item socicon-pinterest\" data-url=\"http:\/\/pinterest.com\/pin\/create\/button\/?url=https%3A%2F%2Fsansanews.ro%2Fvideo-liber-la-plimbari-cu-autobuzul-pentru-toti-pensionarii-dar-creste-subventia-de-la-primarie-catre-transbus%2F&amp;media=https%3A%2F%2Fsansanews.ro%2Fwp-content%2Fuploads%2F2026%2F03%2FWhatsApp-Image-2026-03-31-at-00.23.02.jpeg&amp;description=%28VIDEO%29%20Liber%20la%20plimb%C4%83ri%20cu%20autobuzul%20pentru%20to%C8%9Bi%20pensionarii%2C%20dar%20cre%C8%99te%20subven%C8%9Bia%20de%20la%20prim%C4%83rie%20c%C4%83tre%20Transbus\"><span>Pinterest<\/span><\/a><\/div>\n<\/div>\n<\/div>\n<p>[analyse_source url=&#8221;https:\/\/sansanews.ro\/video-liber-la-plimbari-cu-autobuzul-pentru-toti-pensionarii-dar-creste-subventia-de-la-primarie-catre-transbus\/&#8221;]<\/p>\n","protected":false},"excerpt":{"rendered":"<p>[analyse_image type=&#8221;featured&#8221; src=&#8221;https:\/\/sansanews.ro\/wp-content\/uploads\/2026\/03\/WhatsApp-Image-2026-03-31-at-00.23.02.jpeghttps:\/\/sansanews.ro\/wp-content\/uploads\/2026\/03\/WhatsApp-Image-2026-03-31-at-00.23.02.jpeg&#8221;] \u00centr-un an marcat de reduceri bugetare \u0219i restructur\u0103ri de personal, Prim\u0103ria municipiului Buz\u0103u devine mai darnic\u0103. Nu mai pu\u021bin de 6 milioane de lei vor ajunge, anul acesta, \u00een conturile Transbus, societatea de transport public \u00een comun aflat\u0103 \u00een subordinea Consiliului Local Buz\u0103u, dup\u0103 ce, Prim\u0103ria a decis ca to\u021bi pensionarii din [&hellip;]<\/p>\n","protected":false},"author":1,"featured_media":0,"comment_status":"open","ping_status":"","sticky":false,"template":"","format":"standard","meta":{"footnotes":""},"categories":[2],"tags":[226,51],"class_list":["post-1857112","post","type-post","status-publish","format-standard","hentry","category-politics","tag-crawlmanager","tag-sansanews-ro"],"_links":{"self":[{"href":"https:\/\/analyse.optim.biz\/index.php?rest_route=\/wp\/v2\/posts\/1857112","targetHints":{"allow":["GET"]}}],"collection":[{"href":"https:\/\/analyse.optim.biz\/index.php?rest_route=\/wp\/v2\/posts"}],"about":[{"href":"https:\/\/analyse.optim.biz\/index.php?rest_route=\/wp\/v2\/types\/post"}],"author":[{"embeddable":true,"href":"https:\/\/analyse.optim.biz\/index.php?rest_route=\/wp\/v2\/users\/1"}],"replies":[{"embeddable":true,"href":"https:\/\/analyse.optim.biz\/index.php?rest_route=%2Fwp%2Fv2%2Fcomments&post=1857112"}],"version-history":[{"count":0,"href":"https:\/\/analyse.optim.biz\/index.php?rest_route=\/wp\/v2\/posts\/1857112\/revisions"}],"wp:attachment":[{"href":"https:\/\/analyse.optim.biz\/index.php?rest_route=%2Fwp%2Fv2%2Fmedia&parent=1857112"}],"wp:term":[{"taxonomy":"category","embeddable":true,"href":"https:\/\/analyse.optim.biz\/index.php?rest_route=%2Fwp%2Fv2%2Fcategories&post=1857112"},{"taxonomy":"post_tag","embeddable":true,"href":"https:\/\/analyse.optim.biz\/index.php?rest_route=%2Fwp%2Fv2%2Ftags&post=1857112"}],"curies":[{"name":"wp","href":"https:\/\/api.w.org\/{rel}","templated":true}]}}