{"id":1857107,"date":"2026-03-31T14:48:37","date_gmt":"2026-03-31T11:48:37","guid":{"rendered":"https:\/\/analyse.optim.biz\/?p=1857107"},"modified":"2026-03-31T14:48:37","modified_gmt":"2026-03-31T11:48:37","slug":"proiect-major-anuntat-de-m-ciolacu-centru-integrat-de-oncologie-si-radiologie-la-buzau-unde-va-fi-amenajat-noul-obiectiv","status":"publish","type":"post","link":"https:\/\/analyse.optim.biz\/?p=1857107","title":{"rendered":"Proiect major anun\u021bat de M. Ciolacu: centru integrat de oncologie \u0219i radiologie, la Buz\u0103u. Unde va fi amenajat noul obiectiv"},"content":{"rendered":"<p>[analyse_image type=&#8221;featured&#8221; src=&#8221;https:\/\/sansanews.ro\/wp-content\/uploads\/2024\/05\/bolnavi-cancer.jpghttps:\/\/sansanews.ro\/wp-content\/uploads\/2024\/05\/bolnavi-cancer.jpg&#8221;]<\/p>\n<div class=\"entry-content herald-entry-content\">\n<p>Un proiect ambi\u021bios a fost anun\u021bat<br \/>\nde conducerea Consiliului Jude\u021bean Buz\u0103u, respectiv realizarea unui centru integrat<br \/>\nde oncologie \u0219i radioterapie, la Buz\u0103u. Este vorba despre un centru dedicat<br \/>\ndiagnostic\u0103rii \u0219i trat\u0103rii pacien\u021bilor cu afec\u021biuni oncologice, nu doar din<br \/>\njude\u021bul Buz\u0103u, ci din \u00eentreaga regiune de sud-est.<\/p>\n<p>Noul centru ar urma s\u0103 fie<br \/>\namenajat pe strada Plevnei, acolo unde func\u021bioneaz\u0103 \u00een prezent \u0219i Ambulatoriul<br \/>\nde Oncologie.<\/p>\n<p>\u00a0Pre\u0219edintele Consiliului Jude\u021bean Buz\u0103u,<br \/>\nMarcel Ciolacu, a anun\u021bat c\u0103 deja se lucreaz\u0103 la studiul de fezabilitate, pentru<br \/>\nca proiectul s\u0103 poat\u0103 fi depus pentru finan\u021bare european\u0103, imediat ce se va<br \/>\ndeschide o nou\u0103 ax\u0103. Noul centru ar urma s\u0103 fie dotat cu aparatur\u0103 de ultim\u0103<br \/>\ngenera\u021bie, astfel \u00eenc\u00e2t s\u0103 ofere servicii medicale complete, ceea ce va \u00eensemna<br \/>\nun ajutor esen\u021bial pentru bolnavi, care vor fi scuti\u021bi de drumurile lungi p\u00e2n\u0103<br \/>\nla centre medicale din alte ora\u0219e ale \u021b\u0103rii.<\/p>\n<blockquote class=\"wp-block-quote\">\n<p>\u201cA \u00eenceput SF-ul pentru un obiectiv pe strada Plevnei, un centru integrat de oncologie, dup\u0103 ce am vizitat cu domnul profesor C\u00eerstoiu Centrul Integrat de Oncologie de la Spitalul Universitar Bucure\u0219ti. Va fi un apel de proiecte \u00een perioada urm\u0103toare la Ministerul Investi\u021biilor \u0219i Proiectelor Europene. Va fi un centru cu toate dot\u0103rile necesare, un bunc\u0103r, un accelerator de ultim\u0103 genera\u021bie, astfel \u00eenc\u00e2t pacien\u021bii s\u0103 fie scuti\u021bi de aceste drumuri. Centrul va deservi \u00eentreaga regiune, \u021bin\u00e2nd cont de investi\u021bie.\u201d<\/p>\n<\/blockquote>\n<p>Marcel Ciolacu spune c\u0103 planul este ca sec\u021bia de oncologie, de pe strada Libert\u0103\u021bii, s\u0103 fie mutat\u0103, extins\u0103 \u0219i modernizat\u0103, astfel \u00eenc\u00e2t centrul integrat de oncologie s\u0103 fie amenajat pe strada Plevnei. <\/p>\n<p>Cea mai mare parte a sumelor necesare realiz\u0103rii centrului ar urma s\u0103 fie fonduri europene, dar \u0219i CJ Buz\u0103u va trebui s\u0103 aib\u0103 propria contribu\u021bie.<\/p>\n<blockquote class=\"wp-block-quote\">\n<p>\u201cVa fi apel de proiecte \u00een maxim o lun\u0103, o lun\u0103 \u0219i jum\u0103tate, de asta ne-am gr\u0103bit cu studiile de fezabilitate, astfel \u00eenc\u00e2t s\u0103 fim preg\u0103ti\u021bi. Cred c\u0103 vor fi fonduri pe Oncologie \u00een jur de 15 milioane euro pentru un obiectiv, o s\u0103 trebuiasc\u0103 s\u0103 mai venim \u0219i noi suplimentar cu alte sume, pentru c\u0103 fondurile vor veni pentru bunc\u0103r \u0219i pentru dotare. Trebuie s\u0103 mut\u0103m sec\u021bia de oncologie tot pe Plevnei \u0219i vom face un corp de cl\u0103dire, este teren suficient.\u201d<\/p>\n<\/blockquote>\n<p>O problem\u0103 care va trebui rezolvat\u0103 este cea privind deficitul de medici. La Buz\u0103u, Oncologia este una dintre specialit\u0103\u021bile care sufer\u0103 la acest capitol. \u00cen prezent, la Spitalul Jude\u021bean Buz\u0103u sunt doar 3 medici oncologi \u0219i 4 reziden\u021bi.<\/p>\n<div class=\"meta-tags\"><span>Etichete<\/span><a href=\"https:\/\/sansanews.ro\/tag\/centru-integrat-de-oncologie-si-radioterapie\/\" rel=\"tag\">centru integrat de oncologie \u0219i radioterapie<\/a><a href=\"https:\/\/sansanews.ro\/tag\/cj-buzau\/\" rel=\"tag\">cj buzau<\/a><a href=\"https:\/\/sansanews.ro\/tag\/strada-plevnei\/\" rel=\"tag\">strada plevnei<\/a><\/div>\n<div class=\"herald-share-content\">\n<div class=\"meks_ess rectangle no-labels outline\"><a class=\"meks_ess-item socicon-facebook\" data-url=\"http:\/\/www.facebook.com\/sharer\/sharer.php?u=https%3A%2F%2Fsansanews.ro%2Fproiect-major-anuntat-de-m-ciolacu-centru-integrat-de-oncologie-si-radiologie-la-buzau-unde-va-fi-amenajat-noul-obiectiv%2F&amp;t=Proiect%20major%20anun%C8%9Bat%20de%20M.%20Ciolacu%3A%20centru%20integrat%20de%20oncologie%20%C8%99i%20radiologie%2C%20la%20Buz%C4%83u.%20Unde%20va%20fi%20amenajat%20noul%20obiectiv\"><span>Facebook<\/span><\/a><a href=\"https:\/\/api.whatsapp.com\/send?text=Proiect%20major%20anun%C8%9Bat%20de%20M.%20Ciolacu%3A%20centru%20integrat%20de%20oncologie%20%C8%99i%20radiologie%2C%20la%20Buz%C4%83u.%20Unde%20va%20fi%20amenajat%20noul%20obiectiv%20https%3A%2F%2Fsansanews.ro%2Fproiect-major-anuntat-de-m-ciolacu-centru-integrat-de-oncologie-si-radiologie-la-buzau-unde-va-fi-amenajat-noul-obiectiv%2F\" class=\"meks_ess-item socicon-whatsapp prevent-share-popup\"><span>WhatsApp<\/span><\/a><a class=\"meks_ess-item socicon-twitter\" data-url=\"http:\/\/twitter.com\/intent\/tweet?url=https%3A%2F%2Fsansanews.ro%2Fproiect-major-anuntat-de-m-ciolacu-centru-integrat-de-oncologie-si-radiologie-la-buzau-unde-va-fi-amenajat-noul-obiectiv%2F&amp;text=Proiect%20major%20anun%C8%9Bat%20de%20M.%20Ciolacu%3A%20centru%20integrat%20de%20oncologie%20%C8%99i%20radiologie%2C%20la%20Buz%C4%83u.%20Unde%20va%20fi%20amenajat%20noul%20obiectiv\"><span>Twitter<\/span><\/a><a class=\"meks_ess-item socicon-pinterest\" data-url=\"http:\/\/pinterest.com\/pin\/create\/button\/?url=https%3A%2F%2Fsansanews.ro%2Fproiect-major-anuntat-de-m-ciolacu-centru-integrat-de-oncologie-si-radiologie-la-buzau-unde-va-fi-amenajat-noul-obiectiv%2F&amp;media=https%3A%2F%2Fsansanews.ro%2Fwp-content%2Fuploads%2F2024%2F05%2Fbolnavi-cancer.jpg&amp;description=Proiect%20major%20anun%C8%9Bat%20de%20M.%20Ciolacu%3A%20centru%20integrat%20de%20oncologie%20%C8%99i%20radiologie%2C%20la%20Buz%C4%83u.%20Unde%20va%20fi%20amenajat%20noul%20obiectiv\"><span>Pinterest<\/span><\/a><\/div>\n<\/div>\n<\/div>\n<div class=\"entry-content herald-entry-content\">\n<p>Un proiect ambi\u021bios a fost anun\u021bat<br \/>\nde conducerea Consiliului Jude\u021bean Buz\u0103u, respectiv realizarea unui centru integrat<br \/>\nde oncologie \u0219i radioterapie, la Buz\u0103u. Este vorba despre un centru dedicat<br \/>\ndiagnostic\u0103rii \u0219i trat\u0103rii pacien\u021bilor cu afec\u021biuni oncologice, nu doar din<br \/>\njude\u021bul Buz\u0103u, ci din \u00eentreaga regiune de sud-est.<\/p>\n<p>Noul centru ar urma s\u0103 fie<br \/>\namenajat pe strada Plevnei, acolo unde func\u021bioneaz\u0103 \u00een prezent \u0219i Ambulatoriul<br \/>\nde Oncologie.<\/p>\n<p>\u00a0Pre\u0219edintele Consiliului Jude\u021bean Buz\u0103u,<br \/>\nMarcel Ciolacu, a anun\u021bat c\u0103 deja se lucreaz\u0103 la studiul de fezabilitate, pentru<br \/>\nca proiectul s\u0103 poat\u0103 fi depus pentru finan\u021bare european\u0103, imediat ce se va<br \/>\ndeschide o nou\u0103 ax\u0103. Noul centru ar urma s\u0103 fie dotat cu aparatur\u0103 de ultim\u0103<br \/>\ngenera\u021bie, astfel \u00eenc\u00e2t s\u0103 ofere servicii medicale complete, ceea ce va \u00eensemna<br \/>\nun ajutor esen\u021bial pentru bolnavi, care vor fi scuti\u021bi de drumurile lungi p\u00e2n\u0103<br \/>\nla centre medicale din alte ora\u0219e ale \u021b\u0103rii.<\/p>\n<blockquote class=\"wp-block-quote\">\n<p>\u201cA \u00eenceput SF-ul pentru un obiectiv pe strada Plevnei, un centru integrat de oncologie, dup\u0103 ce am vizitat cu domnul profesor C\u00eerstoiu Centrul Integrat de Oncologie de la Spitalul Universitar Bucure\u0219ti. Va fi un apel de proiecte \u00een perioada urm\u0103toare la Ministerul Investi\u021biilor \u0219i Proiectelor Europene. Va fi un centru cu toate dot\u0103rile necesare, un bunc\u0103r, un accelerator de ultim\u0103 genera\u021bie, astfel \u00eenc\u00e2t pacien\u021bii s\u0103 fie scuti\u021bi de aceste drumuri. Centrul va deservi \u00eentreaga regiune, \u021bin\u00e2nd cont de investi\u021bie.\u201d<\/p>\n<\/blockquote>\n<p>Marcel Ciolacu spune c\u0103 planul este ca sec\u021bia de oncologie, de pe strada Libert\u0103\u021bii, s\u0103 fie mutat\u0103, extins\u0103 \u0219i modernizat\u0103, astfel \u00eenc\u00e2t centrul integrat de oncologie s\u0103 fie amenajat pe strada Plevnei. <\/p>\n<p>Cea mai mare parte a sumelor necesare realiz\u0103rii centrului ar urma s\u0103 fie fonduri europene, dar \u0219i CJ Buz\u0103u va trebui s\u0103 aib\u0103 propria contribu\u021bie.<\/p>\n<blockquote class=\"wp-block-quote\">\n<p>\u201cVa fi apel de proiecte \u00een maxim o lun\u0103, o lun\u0103 \u0219i jum\u0103tate, de asta ne-am gr\u0103bit cu studiile de fezabilitate, astfel \u00eenc\u00e2t s\u0103 fim preg\u0103ti\u021bi. Cred c\u0103 vor fi fonduri pe Oncologie \u00een jur de 15 milioane euro pentru un obiectiv, o s\u0103 trebuiasc\u0103 s\u0103 mai venim \u0219i noi suplimentar cu alte sume, pentru c\u0103 fondurile vor veni pentru bunc\u0103r \u0219i pentru dotare. Trebuie s\u0103 mut\u0103m sec\u021bia de oncologie tot pe Plevnei \u0219i vom face un corp de cl\u0103dire, este teren suficient.\u201d<\/p>\n<\/blockquote>\n<p>O problem\u0103 care va trebui rezolvat\u0103 este cea privind deficitul de medici. La Buz\u0103u, Oncologia este una dintre specialit\u0103\u021bile care sufer\u0103 la acest capitol. \u00cen prezent, la Spitalul Jude\u021bean Buz\u0103u sunt doar 3 medici oncologi \u0219i 4 reziden\u021bi.<\/p>\n<div class=\"meta-tags\"><span>Etichete<\/span><a href=\"https:\/\/sansanews.ro\/tag\/centru-integrat-de-oncologie-si-radioterapie\/\" rel=\"tag\">centru integrat de oncologie \u0219i radioterapie<\/a><a href=\"https:\/\/sansanews.ro\/tag\/cj-buzau\/\" rel=\"tag\">cj buzau<\/a><a href=\"https:\/\/sansanews.ro\/tag\/strada-plevnei\/\" rel=\"tag\">strada plevnei<\/a><\/div>\n<div class=\"herald-share-content\">\n<div class=\"meks_ess rectangle no-labels outline\"><a class=\"meks_ess-item socicon-facebook\" data-url=\"http:\/\/www.facebook.com\/sharer\/sharer.php?u=https%3A%2F%2Fsansanews.ro%2Fproiect-major-anuntat-de-m-ciolacu-centru-integrat-de-oncologie-si-radiologie-la-buzau-unde-va-fi-amenajat-noul-obiectiv%2F&amp;t=Proiect%20major%20anun%C8%9Bat%20de%20M.%20Ciolacu%3A%20centru%20integrat%20de%20oncologie%20%C8%99i%20radiologie%2C%20la%20Buz%C4%83u.%20Unde%20va%20fi%20amenajat%20noul%20obiectiv\"><span>Facebook<\/span><\/a><a href=\"https:\/\/api.whatsapp.com\/send?text=Proiect%20major%20anun%C8%9Bat%20de%20M.%20Ciolacu%3A%20centru%20integrat%20de%20oncologie%20%C8%99i%20radiologie%2C%20la%20Buz%C4%83u.%20Unde%20va%20fi%20amenajat%20noul%20obiectiv%20https%3A%2F%2Fsansanews.ro%2Fproiect-major-anuntat-de-m-ciolacu-centru-integrat-de-oncologie-si-radiologie-la-buzau-unde-va-fi-amenajat-noul-obiectiv%2F\" class=\"meks_ess-item socicon-whatsapp prevent-share-popup\"><span>WhatsApp<\/span><\/a><a class=\"meks_ess-item socicon-twitter\" data-url=\"http:\/\/twitter.com\/intent\/tweet?url=https%3A%2F%2Fsansanews.ro%2Fproiect-major-anuntat-de-m-ciolacu-centru-integrat-de-oncologie-si-radiologie-la-buzau-unde-va-fi-amenajat-noul-obiectiv%2F&amp;text=Proiect%20major%20anun%C8%9Bat%20de%20M.%20Ciolacu%3A%20centru%20integrat%20de%20oncologie%20%C8%99i%20radiologie%2C%20la%20Buz%C4%83u.%20Unde%20va%20fi%20amenajat%20noul%20obiectiv\"><span>Twitter<\/span><\/a><a class=\"meks_ess-item socicon-pinterest\" data-url=\"http:\/\/pinterest.com\/pin\/create\/button\/?url=https%3A%2F%2Fsansanews.ro%2Fproiect-major-anuntat-de-m-ciolacu-centru-integrat-de-oncologie-si-radiologie-la-buzau-unde-va-fi-amenajat-noul-obiectiv%2F&amp;media=https%3A%2F%2Fsansanews.ro%2Fwp-content%2Fuploads%2F2024%2F05%2Fbolnavi-cancer.jpg&amp;description=Proiect%20major%20anun%C8%9Bat%20de%20M.%20Ciolacu%3A%20centru%20integrat%20de%20oncologie%20%C8%99i%20radiologie%2C%20la%20Buz%C4%83u.%20Unde%20va%20fi%20amenajat%20noul%20obiectiv\"><span>Pinterest<\/span><\/a><\/div>\n<\/div>\n<\/div>\n<p>[analyse_source url=&#8221;https:\/\/sansanews.ro\/proiect-major-anuntat-de-m-ciolacu-centru-integrat-de-oncologie-si-radiologie-la-buzau-unde-va-fi-amenajat-noul-obiectiv\/&#8221;]<\/p>\n","protected":false},"excerpt":{"rendered":"<p>[analyse_image type=&#8221;featured&#8221; src=&#8221;https:\/\/sansanews.ro\/wp-content\/uploads\/2024\/05\/bolnavi-cancer.jpghttps:\/\/sansanews.ro\/wp-content\/uploads\/2024\/05\/bolnavi-cancer.jpg&#8221;] Un proiect ambi\u021bios a fost anun\u021bat de conducerea Consiliului Jude\u021bean Buz\u0103u, respectiv realizarea unui centru integrat de oncologie \u0219i radioterapie, la Buz\u0103u. Este vorba despre un centru dedicat diagnostic\u0103rii \u0219i trat\u0103rii pacien\u021bilor cu afec\u021biuni oncologice, nu doar din jude\u021bul Buz\u0103u, ci din \u00eentreaga regiune de sud-est. Noul centru ar urma s\u0103 fie [&hellip;]<\/p>\n","protected":false},"author":1,"featured_media":0,"comment_status":"open","ping_status":"","sticky":false,"template":"","format":"standard","meta":{"footnotes":""},"categories":[2],"tags":[226,51],"class_list":["post-1857107","post","type-post","status-publish","format-standard","hentry","category-politics","tag-crawlmanager","tag-sansanews-ro"],"_links":{"self":[{"href":"https:\/\/analyse.optim.biz\/index.php?rest_route=\/wp\/v2\/posts\/1857107","targetHints":{"allow":["GET"]}}],"collection":[{"href":"https:\/\/analyse.optim.biz\/index.php?rest_route=\/wp\/v2\/posts"}],"about":[{"href":"https:\/\/analyse.optim.biz\/index.php?rest_route=\/wp\/v2\/types\/post"}],"author":[{"embeddable":true,"href":"https:\/\/analyse.optim.biz\/index.php?rest_route=\/wp\/v2\/users\/1"}],"replies":[{"embeddable":true,"href":"https:\/\/analyse.optim.biz\/index.php?rest_route=%2Fwp%2Fv2%2Fcomments&post=1857107"}],"version-history":[{"count":0,"href":"https:\/\/analyse.optim.biz\/index.php?rest_route=\/wp\/v2\/posts\/1857107\/revisions"}],"wp:attachment":[{"href":"https:\/\/analyse.optim.biz\/index.php?rest_route=%2Fwp%2Fv2%2Fmedia&parent=1857107"}],"wp:term":[{"taxonomy":"category","embeddable":true,"href":"https:\/\/analyse.optim.biz\/index.php?rest_route=%2Fwp%2Fv2%2Fcategories&post=1857107"},{"taxonomy":"post_tag","embeddable":true,"href":"https:\/\/analyse.optim.biz\/index.php?rest_route=%2Fwp%2Fv2%2Ftags&post=1857107"}],"curies":[{"name":"wp","href":"https:\/\/api.w.org\/{rel}","templated":true}]}}