{"id":1856907,"date":"2026-04-01T02:26:00","date_gmt":"2026-03-31T23:26:00","guid":{"rendered":"https:\/\/analyse.optim.biz\/?p=1856907"},"modified":"2026-04-01T02:26:00","modified_gmt":"2026-03-31T23:26:00","slug":"3-choses-a-savoir-sur-peter-jackson-palme-dor-dhonneur-a-cannes","status":"publish","type":"post","link":"https:\/\/analyse.optim.biz\/?p=1856907","title":{"rendered":"3 choses \u00e0 savoir sur Peter Jackson, Palme d\u2019or d\u2019honneur \u00e0 Cannes"},"content":{"rendered":"<div class=\"entry-content\">\n<section class=\"single-header padding-top-s\">\n<div class=\"container\">\n<div class=\"row justify-content-between\">\n<div class=\"col-lg-9 col-xl-8\">\n<div class=\"video-container\">\n\t\t\t\t\t\t\t\t\t\t\t\t\t<\/div>\n<div class=\"container-img desktop\">\n\t\t\t\t\t\t\t\t<img decoding=\"async\" width=\"640\" height=\"426\" src=\"https:\/\/numero.com\/wp-content\/uploads\/2026\/03\/director-peter-jackson-GettyImages-529972490-768x511.jpg\" class=\"img-fluid\" alt=\"r\u00e9alisateur peter Jackson.\" loading=\"lazy\">\t\t\t\t\t\t\t\t<\/p>\n<p class=\"number big\">31<\/p>\n<\/p><\/div>\n<div class=\"container-img mobile\">\n\t\t\t\t\t\t\t\t<img decoding=\"async\" width=\"640\" height=\"426\" src=\"https:\/\/numero.com\/wp-content\/uploads\/2026\/03\/director-peter-jackson-GettyImages-529972490-768x511.jpg\" class=\"img-fluid\" alt=\"r\u00e9alisateur peter Jackson.\" loading=\"lazy\">\t\t\t\t\t\t\t\t<\/p>\n<p class=\"number big\">31<\/p>\n<\/p><\/div>\n<\/p><\/div>\n<div class=\"col col-lg-3 col-xl-4 desktop\">\n<div class=\"ad grand-angle desktop\">\n    <!-- \/21730003857\/numero-ad-unit\/numero-grand-angle --><\/p>\n<div id=\"div-gpt-ad-1757063143832-0\" class=\"px-0\">\n<p>            googletag.cmd.push(function () {<br \/>\n                googletag.display(&#8216;div-gpt-ad-1757063143832-0&#8217;);<br \/>\n            });<\/p><\/div>\n<\/div><\/div>\n<\/p><\/div>\n<\/p><\/div>\n<\/section>\n<section class=\"post-content\">\n<div class=\"container\">\n<div class=\"row g-0 justify-content-between\">\n<div class=\"col-lg-9 col-xl-8 padding-top-s\">\n<p class=\"share-widget\" id=\"share-widget\"><img decoding=\"async\" src=\"https:\/\/numero.com\/wp-content\/themes\/%09%09%09understrap-child-main\/src\/public\/images\/share.svg\" alt=\"share-widget\"><\/p>\n<div class=\"share-icons\" id=\"share-icons\">\n<p class=\"copy-link\"><img decoding=\"async\" src=\"https:\/\/numero.com\/wp-content\/themes\/understrap-child-main\/src\/public\/images\/copy-link.svg\" alt=\"copy-link\"><\/p>\n<p>\t\t\t\t\t\t\t<a href=\"https:\/\/www.facebook.com\/sharer\/sharer.php?u=https:\/\/numero.com\/culture\/cinema\/peter-jackson-festival-de-cannes-palme-honneur\/\" class=\"facebook\" target=\"_blank\" rel=\"noopener\"><img decoding=\"async\" src=\"https:\/\/numero.com\/wp-content\/themes\/understrap-child-main\/src\/public\/images\/facebook.svg\" alt=\"facebook\"><\/a><br \/>\n\t\t\t\t\t\t\t<a href=\"https:\/\/twitter.com\/share?url=https:\/\/numero.com\/culture\/cinema\/peter-jackson-festival-de-cannes-palme-honneur\/\" class=\"twitter\" target=\"_blank\" rel=\"noopener\"><img decoding=\"async\" src=\"https:\/\/numero.com\/wp-content\/themes\/understrap-child-main\/src\/public\/images\/twitter.svg\" alt=\"twitter\"><\/a>\n\t\t\t\t\t\t<\/div>\n<p>\t\t\t\t\t\t<span class id=\"custom-tooltip\">Lien copi\u00e9<\/span><\/p>\n<div class=\"col-lg-10\">\n<div class=\"meta d-flex justify-content-between align-items-center\">\n<div class=\"cat\">\n\t\t\t\t\t\t\t\t\t<a class=\"cat-title\" href=\"https:\/\/numero.com\/category\/culture\/cinema\/\">Cin\u00e9ma<\/a>\t\t\t\t\t\t\t\t<\/div>\n<p class=\"date\">\n\t\t\t\t\t\t\t\t\t31 mars 2026\t\t\t\t\t\t\t\t<\/p>\n<\/p><\/div>\n<h1>3 choses \u00e0 savoir sur Peter Jackson, Palme d\u2019or d\u2019honneur \u00e0 Cannes<\/h1>\n<div class=\"introduction\">\n<p class=\"p1\">Apr\u00e8s Agn\u00e8s Varda, Jodie Foster, Meryl Streep et Robert De Niro l\u2019an dernier, le cin\u00e9aste n\u00e9o-z\u00e9landais Peter Jackson recevra une Palme d\u2019or d\u2019honneur lors de la c\u00e9r\u00e9monie d\u2019ouverture du 79e Festival de Cannes, le 12 mai 2026. Portrait en trois temps d\u2019un r\u00e9alisateur qui a transform\u00e9 la mani\u00e8re de fabriquer des images et de raconter des histoires.<\/p>\n<\/div>\n<li class=\"credits d-flex\">\n<p>\n\t\t\t\t\t\t\t\t\t\t\tpar\t\t\t\t\t\t\t\t\t\t\t\t\t\t\t\t\t\t\t\t\t\t\t<a href=\"https:\/\/numero.com\/contributeur\/la-redaction\/\">La r\u00e9daction<\/a>.\t\t\t\t\t\t\t\t\t\t\t\t\t\t\t\t\t\t\t\t\t<\/p>\n<\/li>\n<div id=\"ads03\" class=\"mobile\">\n<div class=\"ad-wrapper\">\n<div class=\"ad interscroller desktop\">\n<\/div>\n<p><!-- \/21730003857\/numero-ad-unit\/numero-interscroller --><\/p>\n<div id=\"div-gpt-ad-1757521738078-0\">\n<p>        googletag.cmd.push(function () {<br \/>\n            googletag.display(&#8216;div-gpt-ad-1757521738078-0&#8217;);<br \/>\n        });<\/p>\n<\/div><\/div>\n<\/p><\/div>\n<p>\t\t\t\t\t\t\t&lt;!&#8211; <\/p>\n<div class=\"padding-bottom-s\">\n\t\t\t\t\t\t\t\t\t\t\t\t\t\t\t<\/div>\n<p> &#8211;&gt;<\/p>\n<figure class=\"wp-block-embed is-type-video is-provider-youtube wp-block-embed-youtube wp-embed-aspect-16-9 wp-has-aspect-ratio\">\n<div class=\"wp-block-embed__wrapper\">\n<div class=\"cookieconsent-optout-statistics cookieconsent-optout-marketing\"><\/div>\n<\/div><figcaption class=\"wp-element-caption\">La bande-annonce de <em>Cr\u00e9atures C\u00e9lestes<\/em> (1994)<\/figcaption><\/figure>\n<h2 class=\"wp-block-heading\">Peter Jackson, le roi du gore artisanal<\/h2>\n<p>Avant de donner vie \u00e0 Frodon et Gollum, <strong>Peter Jackson <\/strong>s\u2019est impos\u00e9 dans le cin\u00e9ma de genre. N\u00e9 en 1961 \u00e0 Pukerua Bay, pr\u00e8s de Wellington, en Nouvelle-Z\u00e9lande, il tourne ses premiers essais d\u00e8s l\u2019adolescence, \u00e0 l\u2019aide d\u2019une cam\u00e9ra Super 8. Son premier long m\u00e9trage, <em>Bad Taste<\/em> (1987), com\u00e9die horrifique tourn\u00e9e avec un budget d\u00e9risoire sur quatre ans avec ses amis, lui ouvre les portes du<strong> March\u00e9 du Film de Cannes d\u00e8s 1988.<\/strong><\/p>\n<p>Sorti en 1992, <em>Braindead<\/em> confirme le talent brut d\u2019un r\u00e9alisateur iconoclaste, tandis qu\u2019il remporte le Grand Prix du Festival d\u2019Avoriaz. Puis vient <em>Cr\u00e9atures c\u00e9lestes<\/em> (1994), drame criminel inspir\u00e9 d\u2019un fait divers n\u00e9o-z\u00e9landais, qui r\u00e9v\u00e8le une puissance narrative inattendue et lance la carri\u00e8re d\u2019une jeune <strong><a href=\"https:\/\/numero.com\/culture\/cinema\/les-meilleurs-roles-de-kate-winslet\/\">Kate Winslet <\/a><\/strong>dans l\u2019un de ses premiers r\u00f4les. <\/p>\n<figure class=\"wp-block-embed is-type-video is-provider-youtube wp-block-embed-youtube wp-embed-aspect-16-9 wp-has-aspect-ratio\">\n<div class=\"wp-block-embed__wrapper\">\n<div class=\"cookieconsent-optout-statistics cookieconsent-optout-marketing\"><\/div>\n<\/div>\n<\/figure>\n<p>Le film est nomm\u00e9 \u00e0<strong> l\u2019Oscar du meilleur sc\u00e9nario original. <\/strong>Suite \u00e0 cette reconnaissance, Universal lui propose en 1996, un remake de <em>King Kong<\/em>. Si le projet sera finalement abandonn\u00e9, c\u2019est au profit d\u2019un autre alors r\u00e9put\u00e9 impossible : adapter l\u2019\u0153uvre litt\u00e9raire de J.R.R. Tolkien. <\/p>\n<p>Tourn\u00e9s simultan\u00e9ment en Nouvelle-Z\u00e9lande, les trois films \u2013 <em>La Communaut\u00e9 de l\u2019Anneau<\/em> (2001), <em>Les Deux Tours<\/em> (2002) et <em>Le Retour du roi <\/em>(2003) \u2013, co-\u00e9crits avec sa compagne <strong>Fran Walsh<\/strong> et <strong>Philippa Boyens<\/strong>, r\u00e9colteront finalement <strong>dix-sept Oscars<\/strong>. Le dernier volet en remportera \u00e0 lui seul onze, \u00e9galant ainsi le record d\u00e9tenu par <em>Ben-Hur<\/em> (1959) et <em>Titanic<\/em> (1997), tandis que l\u2019ensemble de la trilogie d\u00e9passera <strong>les trois milliards de dollars de recettes<\/strong> dans le monde.<\/p>\n<figure class=\"wp-block-image size-full\"><img loading=\"lazy\" decoding=\"async\" width=\"1024\" height=\"681\" src=\"https:\/\/numero.com\/wp-content\/uploads\/2026\/03\/director-peter-jackson-GettyImages-529972490.jpg\" alt=\"r\u00e9alisateur peter Jackson.\" class=\"wp-image-822202\"><figcaption class=\"wp-element-caption\">Director Sir Peter Jackson posing at the ceremony that honored him with a Star on the Hollywood Walk of Fame. (Photo by Frank Trapper\/Corbis via Getty Images)<\/figcaption><\/figure>\n<h2 class=\"wp-block-heading\">Un conteur visionnaire<\/h2>\n<p>Mais ce que vient saluer <strong>la Palme d\u2019or d\u2019honneur du Festival de Cannes 2026 <\/strong>d\u00e9passe largement le seul palmar\u00e8s ou les performances au box-office. En effet, en pr\u00e8s de 40 ans de carri\u00e8re, <strong>Peter Jackson<\/strong> a su r\u00e9concilier des ambitions que l\u2019industrie tend souvent \u00e0 opposer. On pense notamment \u00e0 la fid\u00e9lit\u00e9 aux \u0153uvres sources et l\u2019audace visuelle, mais aussi le souffle du grand spectacle et un sens aigu du d\u00e9tail intime. Et cette exigence artistique s\u2019incarne aussi dans une volont\u00e9 d\u2019ind\u00e9pendance technique et cr\u00e9ative.<\/p>\n<p>D\u00e8s 1993, il fonde la soci\u00e9t\u00e9 <strong>Weta Digital et Weta Workshop,<\/strong> avec la volont\u00e9 affirm\u00e9e de s\u2019affranchir de la d\u00e9pendance aux grands studios hollywoodiens en mati\u00e8re d\u2019effets sp\u00e9ciaux. La cr\u00e9ation de Gollum, gr\u00e2ce \u00e0 la capture de mouvement et \u00e0 la performance physique d\u2019<strong>Andy Serkis,<\/strong> marque un tournant d\u00e9cisif dans la conception des personnages num\u00e9riques. D\u2019ailleurs cette innovation va influencer en profondeur le <a href=\"https:\/\/numero.com\/category\/culture\/cinema\/\">cin\u00e9ma<\/a> contemporain. Ainsi les films <em>Avatar<\/em> (2009) de James Cameron, <em>La Plan\u00e8te des singes : Les Origines<\/em> (2011) ou encore <em><em>Mowgli : La L\u00e9gende de la jungle<\/em><\/em> (2018) en portent l\u2019empreinte, b\u00e9n\u00e9ficiant du savoir-faire d\u00e9velopp\u00e9 par Weta.<\/p>\n<p>Enfin en 2005, <strong>Peter Jackson<\/strong> concr\u00e9tise enfin un r\u00eave d\u2019enfance avec <em>King Kong<\/em>, remake du classique de 1933 qui avait suscit\u00e9 sa vocation d\u00e8s l\u2019\u00e2ge de huit ans. Comme le r\u00e9sume Thierry Fr\u00e9maux, directeur d\u00e9l\u00e9gu\u00e9 du festival de Cannes, dans le communiqu\u00e9 officiel : \u201c<em>Il y a clairement un avant et un apr\u00e8s Peter Jackson\u201d.<\/em><\/p>\n<figure class=\"wp-block-embed is-type-video is-provider-youtube wp-block-embed-youtube wp-embed-aspect-16-9 wp-has-aspect-ratio\">\n<div class=\"wp-block-embed__wrapper\">\n<div class=\"cookieconsent-optout-statistics cookieconsent-optout-marketing\"><\/div>\n<\/div><figcaption class=\"wp-element-caption\">La bande-annonce de <em>Pour les soldats tomb\u00e9s <\/em>(2018)<\/figcaption><\/figure>\n<h2 class=\"wp-block-heading\">Un lien ancien et singulier avec la Croisette<\/h2>\n<p>Si <strong>Peter Jackson<\/strong> n\u2019a jamais pr\u00e9sent\u00e9 de film en comp\u00e9tition officielle \u00e0 Cannes, le festival a pourtant jou\u00e9 un r\u00f4le charni\u00e8re dans sa carri\u00e8re. Ainsi, le 13 mai 2001, lors de la 54e \u00e9dition, il y projette vingt-six minutes d\u2019images encore en montage de <em>La Communaut\u00e9 de l\u2019Anneau<\/em>, sept mois avant la sortie en salles. <\/p>\n<p>Pour rappel, \u00e0 l\u2019\u00e9poque, beaucoup jugeaient insens\u00e9 de porter \u00e0 l\u2019\u00e9cran l\u2019\u0153uvre de J. R. R. Tolkien, a fortiori sous la direction d\u2019un r\u00e9alisateur encore inconnu du grand public. La projection provoque pourtant un enthousiasme imm\u00e9diat tandis que le mythe commence ce soir-l\u00e0. Il continuera de s\u2019\u00e9crire durant 13 ans, tandis qu\u2019une seconde saga adapt\u00e9e de Tolkien verra le jour au cin\u00e9ma. D\u2019abord en 2012\u00a0avec\u00a0<em>Le Hobbit\u00a0: Un voyage inattendu<\/em>, puis l\u2019ann\u00e9e suivante avec\u00a0<em>Le Hobbit\u00a0: La D\u00e9solation de Smaug<\/em>\u00a0et enfin, en 2014 avec <em>Le Hobbit\u00a0: La Bataille des Cinq Arm\u00e9es<\/em>.<\/p>\n<p>Profond\u00e9ment marqu\u00e9 par la disparition en 2015 de son chef op\u00e9rateur <strong>Andrew Lesnie<\/strong>, fid\u00e8le collaborateur depuis <em>Cr\u00e9atures c\u00e9lestes <\/em>(1994), Jackson s\u2019est par ailleurs \u00e9loign\u00e9 de la fiction pour se consacrer au documentaire. <em>Pour les soldats tomb\u00e9s<\/em> (2018) restaure et colorise des archives de la Premi\u00e8re Guerre mondiale avec une pr\u00e9cision in\u00e9dite. <em><strong><a href=\"https:\/\/numero.com\/culture\/peter-jackson-devoile-lintimite-des-beatles-pour-disney\/\">Les Beatles: Get Back<\/a><\/strong> <\/em>(2021), s\u00e9rie documentaire de pr\u00e8s de huit heures, plonge dans les sessions d\u2019enregistrement de l\u2019album <em>Let It Be<\/em> \u00e0 partir de soixante heures de rushes in\u00e9dits tourn\u00e9s en 1969. <\/p>\n<p>C\u2019est finalement cette trajectoire singuli\u00e8re, entre r\u00e9volution technique, ambition narrative et explorations documentaires, que <a href=\"https:\/\/numero.com\/culture\/cinema\/festival-de-cannes-2026-films-stars\/\">le Festival de Cannes<\/a> vient aujourd\u2019hui couronner en lui d\u00e9cernant une Palme d\u2019or d\u2019honneur. Rendez-vous le 12 mai prochain pour d\u00e9couvrir la c\u00e9r\u00e9monie d\u2019ouverture.<\/p>\n<\/p><\/div>\n<\/p><\/div>\n<div class=\"col-lg-3\">\n<div class=\"suggested-posts padding-top-s\">\n<div class=\"title\">Recommand\u00e9<\/div>\n<div class=\"post-card\">\n\t\t\t\t\t\t\t\t\t\t<a class=\"post-link d-flex\" href=\"https:\/\/numero.com\/mode\/soiree-trophee-chopard-festival-de-cannes\/\"><\/p>\n<div class=\"container-img\">\n\t\t\t\t\t\t\t\t\t\t\t\t<img decoding=\"async\" width=\"640\" height=\"804\" src=\"https:\/\/numero.com\/wp-content\/uploads\/2025\/05\/thumb-soiree-trophee-chopard-festival-de-cannes-angelina-jolie-marie-colomb-finn-bennett-768x965.jpg\" class=\"img-fluid\" alt loading=\"lazy\">\t\t\t\t\t\t\t\t\t\t\t\t<\/p>\n<p class=\"number\">19<\/p>\n<\/p><\/div>\n<div class=\"card-info d-flex\">\n<div>\n<p class=\"cat-title\">Mode<\/p>\n<h3 class=\"post-title\">Angelina Jolie, marraine du Troph\u00e9e Chopard au Festival de Cannes 2025<\/h3>\n<\/p><\/div>\n<p class=\"date\">\n\t\t\t\t\t\t\t\t\t\t\t\t\t19 mai 2025\t\t\t\t\t\t\t\t\t\t\t\t<\/p>\n<\/p><\/div>\n<p>\t\t\t\t\t\t\t\t\t\t<\/a>\n\t\t\t\t\t\t\t\t\t<\/div>\n<div class=\"post-card\">\n\t\t\t\t\t\t\t\t\t\t<a class=\"post-link d-flex\" href=\"https:\/\/numero.com\/culture\/cinema\/lea-drucker-dossier-137-dominik-moll\/\"><\/p>\n<div class=\"container-img\">\n\t\t\t\t\t\t\t\t\t\t\t\t<img decoding=\"async\" width=\"640\" height=\"804\" src=\"https:\/\/numero.com\/wp-content\/uploads\/2025\/04\/thumb-lea-drucker-dominique-moll-numero-magazine-1-768x965.jpg\" class=\"img-fluid\" alt=\"Lea Drucker Dossier 137 Domink Moll\" loading=\"lazy\">\t\t\t\t\t\t\t\t\t\t\t\t<\/p>\n<p class=\"number\">17<\/p>\n<\/p><\/div>\n<div class=\"card-info d-flex\">\n<div>\n<p class=\"cat-title\">Cin\u00e9ma<\/p>\n<h3 class=\"post-title\">Dossier 137 : le r\u00e9alisateur de La Nuit du 12 enr\u00f4le L\u00e9a Drucker<\/h3>\n<\/p><\/div>\n<p class=\"date\">\n\t\t\t\t\t\t\t\t\t\t\t\t\t17 nov 2025\t\t\t\t\t\t\t\t\t\t\t\t<\/p>\n<\/p><\/div>\n<p>\t\t\t\t\t\t\t\t\t\t<\/a>\n\t\t\t\t\t\t\t\t\t<\/div>\n<div class=\"post-card\">\n\t\t\t\t\t\t\t\t\t\t<a class=\"post-link d-flex\" href=\"https:\/\/numero.com\/culture\/cinema\/anora-sean-baker-palme-or-festival-de-cannes-mikey-madison\/\"><\/p>\n<div class=\"container-img\">\n\t\t\t\t\t\t\t\t\t\t\t\t<img decoding=\"async\" width=\"640\" height=\"750\" src=\"https:\/\/numero.com\/wp-content\/uploads\/2024\/10\/anora-768x900.jpg\" class=\"img-fluid\" alt=\"Anora.\" loading=\"lazy\">\t\t\t\t\t\t\t\t\t\t\t\t<\/p>\n<p class=\"number\">15<\/p>\n<\/p><\/div>\n<div class=\"card-info d-flex\">\n<div>\n<p class=\"cat-title\">Cin\u00e9ma<\/p>\n<h3 class=\"post-title\">Anora : faut-il (re)voir la Palme d\u2019or 2024 sur Canal+ ?<\/h3>\n<\/p><\/div>\n<p class=\"date\">\n\t\t\t\t\t\t\t\t\t\t\t\t\t15 sept 2025\t\t\t\t\t\t\t\t\t\t\t\t<\/p>\n<\/p><\/div>\n<p>\t\t\t\t\t\t\t\t\t\t<\/a>\n\t\t\t\t\t\t\t\t\t<\/div>\n<div class=\"post-card\">\n\t\t\t\t\t\t\t\t\t\t<a class=\"post-link d-flex\" href=\"https:\/\/numero.com\/culture\/cinema\/l-agent-secret-kleber-mendonca-filho\/\"><\/p>\n<div class=\"container-img\">\n\t\t\t\t\t\t\t\t\t\t\t\t<img decoding=\"async\" width=\"640\" height=\"804\" src=\"https:\/\/numero.com\/wp-content\/uploads\/2025\/11\/thumb-film-l-agent-secret-de-kleber-mendonca-filho-cannes-768x965.jpg\" class=\"img-fluid\" alt loading=\"lazy\">\t\t\t\t\t\t\t\t\t\t\t\t<\/p>\n<p class=\"number\">12<\/p>\n<\/p><\/div>\n<div class=\"card-info d-flex\">\n<div>\n<p class=\"cat-title\">Cin\u00e9ma<\/p>\n<h3 class=\"post-title\">L\u2019Agent secret, un film captivant prim\u00e9 au Festival de Cannes et aux Golden Globes<\/h3>\n<\/p><\/div>\n<p class=\"date\">\n\t\t\t\t\t\t\t\t\t\t\t\t\t12 jan 2026\t\t\t\t\t\t\t\t\t\t\t\t<\/p>\n<\/p><\/div>\n<p>\t\t\t\t\t\t\t\t\t\t<\/a>\n\t\t\t\t\t\t\t\t\t<\/div>\n<\/p><\/div>\n<\/p><\/div>\n<\/p><\/div>\n<div class=\"padding-top-s\">\n<div class=\"ad banner desktop\">\n<div class=\"container\">\n<div class=\"row\">\n            <!-- \/21730003857\/numero-ad-unit\/numero-banner-1 --><\/p>\n<div id=\"div-gpt-ad-1757006327907-0\" style=\"min-width: 350px\">\n<p>                    googletag.cmd.push(function () {<br \/>\n                        googletag.display(&#8216;div-gpt-ad-1757006327907-0&#8217;);<br \/>\n                    });<\/p><\/div>\n<\/p><\/div>\n<\/p><\/div>\n<\/div><\/div>\n<\/p><\/div>\n<\/section>\n<p>        <button class=\"btn-newsletter btn-outline-white my-5\" id=\"open-modal-newsletter\">Inscrivez-vous \u00e0 la newsletter<\/button>\t\t<\/p>\n<section class=\"related-posts post-list padding-top-m padding-bottom-s\">\n<div class=\"container\">\n<h2 class=\"title mx-auto\">\u00c0 lire aussi<\/h2>\n<div class=\"row\">\n<div class=\"col-lg-3\">\n<div class=\"post-card desktop\">\n\t\t\t\t\t\t\t\t\t\t<a class=\"post-link\" href=\"https:\/\/numero.com\/culture\/spectacles\/les-heros-ne-dorment-jamais-une-comedie-burlesque-poetique\/\"><\/p>\n<div class=\"container-img\">\n\t\t\t\t\t\t\t\t\t\t\t\t<img decoding=\"async\" width=\"640\" height=\"958\" src=\"https:\/\/numero.com\/wp-content\/uploads\/2026\/03\/pie%CC%80ce-the%CC%81atre-Les-he%CC%81ros-ne-dorment-jamais-2-edith-proust.jpg\" class=\"img-fluid\" alt=\"Les h\u00e9ros ne dorment jamais : clowns en armure et \u00e9pop\u00e9e burlesque au Petit-Saint-Martin\" loading=\"lazy\">\t\t\t\t\t\t\t\t\t\t\t\t<\/p>\n<div class=\"number\">31<\/div>\n<\/p><\/div>\n<div class=\"card-info\">\n<div class=\"meta d-flex justify-content-between\">\n<p class=\"cat-title\">Spectacles<\/p>\n<p class=\"date\">\n\t\t\t\t\t\t\t\t\t\t\t\t\t\t31 mars 2026\t\t\t\t\t\t\t\t\t\t\t\t\t<\/p>\n<\/p><\/div>\n<div class=\"post-title\">Les h\u00e9ros ne dorment jamais, une \u00e9pop\u00e9e burlesque au th\u00e9\u00e2tre du Petit-Saint-Martin<\/div>\n<\/p><\/div>\n<p>\t\t\t\t\t\t\t\t\t\t<\/a>\n\t\t\t\t\t\t\t\t\t<\/div>\n<div class=\"post-card mobile\">\n\t\t\t\t\t\t\t\t\t\t<a class=\"post-link d-flex\" href=\"https:\/\/numero.com\/culture\/spectacles\/les-heros-ne-dorment-jamais-une-comedie-burlesque-poetique\/\"><\/p>\n<div class=\"container-img\">\n\t\t\t\t\t\t\t\t\t\t\t\t<img decoding=\"async\" width=\"640\" height=\"958\" src=\"https:\/\/numero.com\/wp-content\/uploads\/2026\/03\/pie%CC%80ce-the%CC%81atre-Les-he%CC%81ros-ne-dorment-jamais-2-edith-proust.jpg\" class=\"img-fluid\" alt=\"Les h\u00e9ros ne dorment jamais : clowns en armure et \u00e9pop\u00e9e burlesque au Petit-Saint-Martin\" loading=\"lazy\">\t\t\t\t\t\t\t\t\t\t\t\t<\/p>\n<div class=\"number\">31<\/div>\n<\/p><\/div>\n<div class=\"card-info d-flex\">\n<div>\n<p class=\"cat-title\">Spectacles<\/p>\n<h3 class=\"post-title\">Les h\u00e9ros ne dorment jamais, une \u00e9pop\u00e9e burlesque au th\u00e9\u00e2tre du Petit-Saint-Martin<\/h3>\n<\/p><\/div>\n<p class=\"date\">\n\t\t\t\t\t\t\t\t\t\t\t\t\t31 mars 2026\t\t\t\t\t\t\t\t\t\t\t\t<\/p>\n<\/p><\/div>\n<p>\t\t\t\t\t\t\t\t\t\t<\/a>\n\t\t\t\t\t\t\t\t\t<\/div>\n<\/p><\/div>\n<div class=\"col-lg-3\">\n<div class=\"post-card desktop\">\n\t\t\t\t\t\t\t\t\t\t<a class=\"post-link\" href=\"https:\/\/numero.com\/culture\/cinema\/films-series-programme-streaming-2026\/\"><\/p>\n<div class=\"container-img\">\n\t\t\t\t\t\t\t\t\t\t\t\t<img decoding=\"async\" width=\"640\" height=\"804\" src=\"https:\/\/numero.com\/wp-content\/uploads\/2026\/03\/Euphoria-Saison-3-768x965.jpg\" class=\"img-fluid\" alt=\"Hunter Schafer dans la saison 3 d\u2019Euphoria (2026). \u00a9 HBO\" loading=\"lazy\">\t\t\t\t\t\t\t\t\t\t\t\t<\/p>\n<div class=\"number\">31<\/div>\n<\/p><\/div>\n<div class=\"card-info\">\n<div class=\"meta d-flex justify-content-between\">\n<p class=\"cat-title\">Cin\u00e9ma<\/p>\n<p class=\"date\">\n\t\t\t\t\t\t\t\t\t\t\t\t\t\t31 mars 2026\t\t\t\t\t\t\t\t\t\t\t\t\t<\/p>\n<\/p><\/div>\n<div class=\"post-title\">Les films et s\u00e9ries \u00e0 voir en streaming en avril 2026<\/div>\n<\/p><\/div>\n<p>\t\t\t\t\t\t\t\t\t\t<\/a>\n\t\t\t\t\t\t\t\t\t<\/div>\n<div class=\"post-card mobile\">\n\t\t\t\t\t\t\t\t\t\t<a class=\"post-link d-flex\" href=\"https:\/\/numero.com\/culture\/cinema\/films-series-programme-streaming-2026\/\"><\/p>\n<div class=\"container-img\">\n\t\t\t\t\t\t\t\t\t\t\t\t<img decoding=\"async\" width=\"640\" height=\"804\" src=\"https:\/\/numero.com\/wp-content\/uploads\/2026\/03\/Euphoria-Saison-3-768x965.jpg\" class=\"img-fluid\" alt=\"Hunter Schafer dans la saison 3 d\u2019Euphoria (2026). \u00a9 HBO\" loading=\"lazy\">\t\t\t\t\t\t\t\t\t\t\t\t<\/p>\n<div class=\"number\">31<\/div>\n<\/p><\/div>\n<div class=\"card-info d-flex\">\n<div>\n<p class=\"cat-title\">Cin\u00e9ma<\/p>\n<h3 class=\"post-title\">Les films et s\u00e9ries \u00e0 voir en streaming en avril 2026<\/h3>\n<\/p><\/div>\n<p class=\"date\">\n\t\t\t\t\t\t\t\t\t\t\t\t\t31 mars 2026\t\t\t\t\t\t\t\t\t\t\t\t<\/p>\n<\/p><\/div>\n<p>\t\t\t\t\t\t\t\t\t\t<\/a>\n\t\t\t\t\t\t\t\t\t<\/div>\n<\/p><\/div>\n<div class=\"col-lg-3\">\n<div class=\"post-card desktop\">\n\t\t\t\t\t\t\t\t\t\t<a class=\"post-link\" href=\"https:\/\/numero.com\/culture\/series\/euphoria-zendaya-saison-3\/\"><\/p>\n<div class=\"container-img\">\n\t\t\t\t\t\t\t\t\t\t\t\t<img decoding=\"async\" width=\"640\" height=\"804\" src=\"https:\/\/numero.com\/wp-content\/uploads\/2025\/02\/rosalia-euphoria-768x965.jpg\" class=\"img-fluid\" alt=\"Rosal\u00eda.\" loading=\"lazy\">\t\t\t\t\t\t\t\t\t\t\t\t<\/p>\n<div class=\"number\">31<\/div>\n<\/p><\/div>\n<div class=\"card-info\">\n<div class=\"meta d-flex justify-content-between\">\n<p class=\"cat-title\">S\u00e9ries<\/p>\n<p class=\"date\">\n\t\t\t\t\t\t\t\t\t\t\t\t\t\t31 mars 2026\t\t\t\t\t\t\t\t\t\t\t\t\t<\/p>\n<\/p><\/div>\n<div class=\"post-title\">Euphoria : d\u00e9couvrez les nouvelles images de la saison 3<\/div>\n<\/p><\/div>\n<p>\t\t\t\t\t\t\t\t\t\t<\/a>\n\t\t\t\t\t\t\t\t\t<\/div>\n<div class=\"post-card mobile\">\n\t\t\t\t\t\t\t\t\t\t<a class=\"post-link d-flex\" href=\"https:\/\/numero.com\/culture\/series\/euphoria-zendaya-saison-3\/\"><\/p>\n<div class=\"container-img\">\n\t\t\t\t\t\t\t\t\t\t\t\t<img decoding=\"async\" width=\"640\" height=\"804\" src=\"https:\/\/numero.com\/wp-content\/uploads\/2025\/02\/rosalia-euphoria-768x965.jpg\" class=\"img-fluid\" alt=\"Rosal\u00eda.\" loading=\"lazy\">\t\t\t\t\t\t\t\t\t\t\t\t<\/p>\n<div class=\"number\">31<\/div>\n<\/p><\/div>\n<div class=\"card-info d-flex\">\n<div>\n<p class=\"cat-title\">S\u00e9ries<\/p>\n<h3 class=\"post-title\">Euphoria : d\u00e9couvrez les nouvelles images de la saison 3<\/h3>\n<\/p><\/div>\n<p class=\"date\">\n\t\t\t\t\t\t\t\t\t\t\t\t\t31 mars 2026\t\t\t\t\t\t\t\t\t\t\t\t<\/p>\n<\/p><\/div>\n<p>\t\t\t\t\t\t\t\t\t\t<\/a>\n\t\t\t\t\t\t\t\t\t<\/div>\n<\/p><\/div>\n<div class=\"col-lg-3\">\n<div class=\"post-card desktop\">\n\t\t\t\t\t\t\t\t\t\t<a class=\"post-link\" href=\"https:\/\/numero.com\/culture\/series\/anaide-rozam-interview-culte\/\"><\/p>\n<div class=\"container-img\">\n\t\t\t\t\t\t\t\t\t\t\t\t<img decoding=\"async\" width=\"640\" height=\"804\" src=\"https:\/\/numero.com\/wp-content\/uploads\/2025\/05\/anaide-rozam-1-768x965.jpg\" class=\"img-fluid\" alt=\"L'actrice Ana\u00efde Rozam.\" loading=\"lazy\">\t\t\t\t\t\t\t\t\t\t\t\t<\/p>\n<div class=\"number\">31<\/div>\n<\/p><\/div>\n<div class=\"card-info\">\n<div class=\"meta d-flex justify-content-between\">\n<p class=\"cat-title\">S\u00e9ries<\/p>\n<p class=\"date\">\n\t\t\t\t\t\t\t\t\t\t\t\t\t\t31 mars 2026\t\t\t\t\t\t\t\t\t\t\t\t\t<\/p>\n<\/p><\/div>\n<div class=\"post-title\">Les confessions d\u2019Ana\u00efde Rozam, nouvelle star d\u00e9jant\u00e9e du cin\u00e9ma fran\u00e7ais<\/div>\n<\/p><\/div>\n<p>\t\t\t\t\t\t\t\t\t\t<\/a>\n\t\t\t\t\t\t\t\t\t<\/div>\n<div class=\"post-card mobile\">\n\t\t\t\t\t\t\t\t\t\t<a class=\"post-link d-flex\" href=\"https:\/\/numero.com\/culture\/series\/anaide-rozam-interview-culte\/\"><\/p>\n<div class=\"container-img\">\n\t\t\t\t\t\t\t\t\t\t\t\t<img decoding=\"async\" width=\"640\" height=\"804\" src=\"https:\/\/numero.com\/wp-content\/uploads\/2025\/05\/anaide-rozam-1-768x965.jpg\" class=\"img-fluid\" alt=\"L'actrice Ana\u00efde Rozam.\" loading=\"lazy\">\t\t\t\t\t\t\t\t\t\t\t\t<\/p>\n<div class=\"number\">31<\/div>\n<\/p><\/div>\n<div class=\"card-info d-flex\">\n<div>\n<p class=\"cat-title\">S\u00e9ries<\/p>\n<h3 class=\"post-title\">Les confessions d\u2019Ana\u00efde Rozam, nouvelle star d\u00e9jant\u00e9e du cin\u00e9ma fran\u00e7ais<\/h3>\n<\/p><\/div>\n<p class=\"date\">\n\t\t\t\t\t\t\t\t\t\t\t\t\t31 mars 2026\t\t\t\t\t\t\t\t\t\t\t\t<\/p>\n<\/p><\/div>\n<p>\t\t\t\t\t\t\t\t\t\t<\/a>\n\t\t\t\t\t\t\t\t\t<\/div>\n<\/p><\/div>\n<\/p><\/div>\n<\/p><\/div>\n<\/section>\n<div class=\"padding-bottom-s\">\n<div class=\"ad banner desktop\">\n<div class=\"container\">\n<div class=\"row\">\n            <!-- \/21730003857\/numero-ad-unit\/numero-banner-1 --><\/p>\n<div id=\"div-gpt-ad-1757006327907-0\" style=\"min-width: 350px\">\n<p>                    googletag.cmd.push(function () {<br \/>\n                        googletag.display(&#8216;div-gpt-ad-1757006327907-0&#8217;);<br \/>\n                    });<\/p><\/div>\n<\/p><\/div>\n<\/p><\/div>\n<\/div><\/div>\n<\/p><\/div>\n","protected":false},"excerpt":{"rendered":"<p>31 31 googletag.cmd.push(function () { googletag.display(&#8216;div-gpt-ad-1757063143832-0&#8217;); }); Lien copi\u00e9 Cin\u00e9ma 31 mars 2026 3 choses \u00e0 savoir sur Peter Jackson, Palme d\u2019or d\u2019honneur \u00e0 Cannes Apr\u00e8s Agn\u00e8s Varda, Jodie Foster, Meryl Streep et Robert De Niro l\u2019an dernier, le cin\u00e9aste n\u00e9o-z\u00e9landais Peter Jackson recevra une Palme d\u2019or d\u2019honneur lors de la c\u00e9r\u00e9monie d\u2019ouverture du 79e [&hellip;]<\/p>\n","protected":false},"author":1,"featured_media":0,"comment_status":"open","ping_status":"","sticky":false,"template":"","format":"standard","meta":{"footnotes":""},"categories":[1],"tags":[226,258],"class_list":["post-1856907","post","type-post","status-publish","format-standard","hentry","category-uncategorized","tag-crawlmanager","tag-numero-com"],"_links":{"self":[{"href":"https:\/\/analyse.optim.biz\/index.php?rest_route=\/wp\/v2\/posts\/1856907","targetHints":{"allow":["GET"]}}],"collection":[{"href":"https:\/\/analyse.optim.biz\/index.php?rest_route=\/wp\/v2\/posts"}],"about":[{"href":"https:\/\/analyse.optim.biz\/index.php?rest_route=\/wp\/v2\/types\/post"}],"author":[{"embeddable":true,"href":"https:\/\/analyse.optim.biz\/index.php?rest_route=\/wp\/v2\/users\/1"}],"replies":[{"embeddable":true,"href":"https:\/\/analyse.optim.biz\/index.php?rest_route=%2Fwp%2Fv2%2Fcomments&post=1856907"}],"version-history":[{"count":1,"href":"https:\/\/analyse.optim.biz\/index.php?rest_route=\/wp\/v2\/posts\/1856907\/revisions"}],"predecessor-version":[{"id":1953319,"href":"https:\/\/analyse.optim.biz\/index.php?rest_route=\/wp\/v2\/posts\/1856907\/revisions\/1953319"}],"wp:attachment":[{"href":"https:\/\/analyse.optim.biz\/index.php?rest_route=%2Fwp%2Fv2%2Fmedia&parent=1856907"}],"wp:term":[{"taxonomy":"category","embeddable":true,"href":"https:\/\/analyse.optim.biz\/index.php?rest_route=%2Fwp%2Fv2%2Fcategories&post=1856907"},{"taxonomy":"post_tag","embeddable":true,"href":"https:\/\/analyse.optim.biz\/index.php?rest_route=%2Fwp%2Fv2%2Ftags&post=1856907"}],"curies":[{"name":"wp","href":"https:\/\/api.w.org\/{rel}","templated":true}]}}