{"id":1856905,"date":"2026-04-01T02:26:00","date_gmt":"2026-03-31T23:26:00","guid":{"rendered":"https:\/\/analyse.optim.biz\/?p=1856905"},"modified":"2026-04-01T02:26:00","modified_gmt":"2026-03-31T23:26:00","slug":"les-heros-ne-dorment-jamais-une-epopee-burlesque-au-theatre-du-petit-saint-martin","status":"publish","type":"post","link":"https:\/\/analyse.optim.biz\/?p=1856905","title":{"rendered":"Les h\u00e9ros ne dorment jamais, une \u00e9pop\u00e9e burlesque au th\u00e9\u00e2tre du Petit-Saint-Martin"},"content":{"rendered":"<div class=\"entry-content\">\n<section class=\"single-header padding-top-s\">\n<div class=\"container\">\n<div class=\"row justify-content-between\">\n<div class=\"col-lg-9 col-xl-8\">\n<div class=\"video-container\">\n\t\t\t\t\t\t\t\t\t\t\t\t\t<\/div>\n<div class=\"container-img desktop\">\n\t\t\t\t\t\t\t\t<img decoding=\"async\" width=\"640\" height=\"428\" src=\"https:\/\/numero.com\/wp-content\/uploads\/2026\/03\/pie%CC%80ce-the%CC%81atre-Les-he%CC%81ros-ne-dorment-jamais-3-edith-proust-768x513.jpg\" class=\"img-fluid\" alt=\"Les h\u00e9ros ne dorment jamais : clowns en armure et \u00e9pop\u00e9e burlesque au Petit-Saint-Martin\" loading=\"lazy\">\t\t\t\t\t\t\t\t<\/p>\n<p class=\"number big\">31<\/p>\n<\/p><\/div>\n<div class=\"container-img mobile\">\n\t\t\t\t\t\t\t\t<img decoding=\"async\" width=\"640\" height=\"958\" src=\"https:\/\/numero.com\/wp-content\/uploads\/2026\/03\/pie%CC%80ce-the%CC%81atre-Les-he%CC%81ros-ne-dorment-jamais-2-edith-proust.jpg\" class=\"img-fluid\" alt=\"Les h\u00e9ros ne dorment jamais : clowns en armure et \u00e9pop\u00e9e burlesque au Petit-Saint-Martin\" loading=\"lazy\">\t\t\t\t\t\t\t\t<\/p>\n<p class=\"number big\">31<\/p>\n<\/p><\/div>\n<\/p><\/div>\n<div class=\"col col-lg-3 col-xl-4 desktop\">\n<div class=\"ad grand-angle desktop\">\n    <!-- \/21730003857\/numero-ad-unit\/numero-grand-angle --><\/p>\n<div id=\"div-gpt-ad-1757063143832-0\" class=\"px-0\">\n<p>            googletag.cmd.push(function () {<br \/>\n                googletag.display(&#8216;div-gpt-ad-1757063143832-0&#8217;);<br \/>\n            });<\/p><\/div>\n<\/div><\/div>\n<\/p><\/div>\n<\/p><\/div>\n<\/section>\n<section class=\"post-content\">\n<div class=\"container\">\n<div class=\"row g-0 justify-content-between\">\n<div class=\"col-lg-9 col-xl-8 padding-top-s\">\n<p class=\"share-widget\" id=\"share-widget\"><img decoding=\"async\" src=\"https:\/\/numero.com\/wp-content\/themes\/%09%09%09understrap-child-main\/src\/public\/images\/share.svg\" alt=\"share-widget\"><\/p>\n<div class=\"share-icons\" id=\"share-icons\">\n<p class=\"copy-link\"><img decoding=\"async\" src=\"https:\/\/numero.com\/wp-content\/themes\/understrap-child-main\/src\/public\/images\/copy-link.svg\" alt=\"copy-link\"><\/p>\n<p>\t\t\t\t\t\t\t<a href=\"https:\/\/www.facebook.com\/sharer\/sharer.php?u=https:\/\/numero.com\/culture\/spectacles\/les-heros-ne-dorment-jamais-une-comedie-burlesque-poetique\/\" class=\"facebook\" target=\"_blank\" rel=\"noopener\"><img decoding=\"async\" src=\"https:\/\/numero.com\/wp-content\/themes\/understrap-child-main\/src\/public\/images\/facebook.svg\" alt=\"facebook\"><\/a><br \/>\n\t\t\t\t\t\t\t<a href=\"https:\/\/twitter.com\/share?url=https:\/\/numero.com\/culture\/spectacles\/les-heros-ne-dorment-jamais-une-comedie-burlesque-poetique\/\" class=\"twitter\" target=\"_blank\" rel=\"noopener\"><img decoding=\"async\" src=\"https:\/\/numero.com\/wp-content\/themes\/understrap-child-main\/src\/public\/images\/twitter.svg\" alt=\"twitter\"><\/a>\n\t\t\t\t\t\t<\/div>\n<p>\t\t\t\t\t\t<span class id=\"custom-tooltip\">Lien copi\u00e9<\/span><\/p>\n<div class=\"col-lg-10\">\n<div class=\"meta d-flex justify-content-between align-items-center\">\n<div class=\"cat\">\n\t\t\t\t\t\t\t\t\t<a class=\"cat-title\" href=\"https:\/\/numero.com\/category\/culture\/spectacles\/\">Spectacles<\/a>\t\t\t\t\t\t\t\t<\/div>\n<p class=\"date\">\n\t\t\t\t\t\t\t\t\t31 mars 2026\t\t\t\t\t\t\t\t<\/p>\n<\/p><\/div>\n<h1>Les h\u00e9ros ne dorment jamais, une \u00e9pop\u00e9e burlesque au th\u00e9\u00e2tre du Petit-Saint-Martin<\/h1>\n<div class=\"introduction\">\n<p>Au Th\u00e9\u00e2tre du Petit-Saint-Martin, \u00c9dith Proust transforme la litt\u00e9rature m\u00e9di\u00e9vale en terrain de jeu burlesque et po\u00e9tique. Inspir\u00e9e de <em data-start=\"574\" data-end=\"605\">Perceval ou le Conte du Graal<\/em> de Chr\u00e9tien de Troyes, la metteuse en sc\u00e8ne imagine des chevaliers emp\u00eatr\u00e9s dans leurs armures, bient\u00f4t r\u00e9v\u00e9l\u00e9s en clowns flamboyants. Entre pantomime, fantaisie sonore et po\u00e9sie du geste, le spectacle brouille les fronti\u00e8res entre \u00e9pop\u00e9e et com\u00e9die.<\/p>\n<\/div>\n<li class=\"credits d-flex\">\n<p>\n\t\t\t\t\t\t\t\t\t\t\tpar\t\t\t\t\t\t\t\t\t\t\t\t\t\t\t\t\t\t\t\t\t\t\t<a href=\"https:\/\/numero.com\/contributeur\/samuel-francois\/\">Samuel Fran\u00e7ois<\/a>.\t\t\t\t\t\t\t\t\t\t\t\t\t\t\t\t\t\t\t\t\t<\/p>\n<\/li>\n<div id=\"ads03\" class=\"mobile\">\n<div class=\"ad-wrapper\">\n<div class=\"ad interscroller desktop\">\n<\/div>\n<p><!-- \/21730003857\/numero-ad-unit\/numero-interscroller --><\/p>\n<div id=\"div-gpt-ad-1757521738078-0\">\n<p>        googletag.cmd.push(function () {<br \/>\n            googletag.display(&#8216;div-gpt-ad-1757521738078-0&#8217;);<br \/>\n        });<\/p>\n<\/div><\/div>\n<\/p><\/div>\n<p>\t\t\t\t\t\t\t&lt;!&#8211; <\/p>\n<div class=\"padding-bottom-s\">\n\t\t\t\t\t\t\t\t\t\t\t\t\t\t\t<\/div>\n<p> &#8211;&gt;<\/p>\n<figure class=\"wp-block-image size-full\"><img loading=\"lazy\" decoding=\"async\" width=\"1000\" height=\"668\" src=\"https:\/\/numero.com\/wp-content\/uploads\/2026\/03\/pie%CC%80ce-the%CC%81atre-Les-he%CC%81ros-ne-dorment-jamais-1-edith-proust.jpg\" alt=\"Les h\u00e9ros ne dorment jamais : clowns en armure et \u00e9pop\u00e9e burlesque au Petit-Saint-Martin\" class=\"wp-image-822273\"><figcaption class=\"wp-element-caption\"><em>Les h\u00e9ros ne dorment jamais,<\/em> librement inspir\u00e9 de <em>Perceval ou le Conte du Graal<\/em> de Chretien de Troyes. Mise en scene par Edith Proust. \u00a9 Vincent Pontet.<\/figcaption><\/figure>\n<h2 class=\"wp-block-heading\">Edith Proust et la m\u00e9tamorphose des classiques<\/h2>\n<p>Apr\u00e8s nous avoir enchant\u00e9s en Henriette dans <em>Les Femmes savantes<\/em> de Moli\u00e8re, r\u00e9cemment \u00e9lectris\u00e9e par Emma Dante au Th\u00e9\u00e2tre du Rond-Point, puis boulevers\u00e9s sous la direction d\u2019\u00c9ric Ruf dans le r\u00f4le de Madame de Sept-\u00c9p\u00e9es dans <em>Le Soulier de satin<\/em> de Paul Claudel, la merveilleuse Edith Proust passe de l\u2019autre c\u00f4t\u00e9 du rideau (ici de fum\u00e9e) pour se mettre en sc\u00e8ne aux c\u00f4t\u00e9s d\u2019Alain Lenglet.<\/p>\n<p>Ainsi, jusqu\u2019au 10 mai 2026, elle propose une com\u00e9die picaresque librement inspir\u00e9e de <em>Perceval ou le Conte du Graal<\/em> de Chr\u00e9tien de Troyes. Mais \u00e0 travers sa mise en sc\u00e8ne le chevalier en armure devient progressivement\u2026 un clown.<\/p>\n<figure class=\"wp-block-image size-large\"><img loading=\"lazy\" decoding=\"async\" width=\"1000\" height=\"668\" src=\"https:\/\/numero.com\/wp-content\/uploads\/2026\/03\/pie%CC%80ce-the%CC%81atre-Les-he%CC%81ros-ne-dorment-jamais-3-edith-proust.jpg\" alt class=\"wp-image-822271\"><figcaption class=\"wp-element-caption\"><em>Les h\u00e9ros ne dorment jamais,<\/em> librement inspir\u00e9 de <em>Perceval ou le Conte du Graal<\/em> de Chretien de Troyes. Mise en scene par Edith Proust. \u00a9 Vincent Pontet.<\/figcaption><\/figure>\n<h2 class=\"wp-block-heading\">Une \u00e9pop\u00e9e racont\u00e9e par une voix fant\u00f4me<\/h2>\n<p>Surgissant d\u2019un antique magn\u00e9tophone, la voix de Denis Podalyd\u00e8s raconte les aventures de Perceval et guide ces chevaliers sans monture dans leur qu\u00eate, servant de fil conducteur au spectacle.<\/p>\n<p>Au premier acte, intitul\u00e9 \u201cL\u2019effrayance\u201d, la chanson de geste bascule vite dans la pantomime. Le <a href=\"https:\/\/numero.com\/category\/culture\/spectacles\/\">spectacle<\/a> tend alors vers un comique de situation irr\u00e9sistible, les preux chevaliers, prisonniers de leurs armures de fer blanc, peinent \u00e0 accomplir les gestes les plus simples. Imaginez-les dresser une table avec des bras m\u00e9talliques aimant\u00e9s.<\/p>\n<p>Port\u00e9s par une bande-son m\u00ealant chants d\u2019oiseaux, musiques h\u00e9ro\u00efques et extraits de films historiques, ils communiquent par gestes et phylact\u00e8res. Cette addition accentue d\u2019autant plus<strong> l\u2019esth\u00e9tique de bande dessin\u00e9e<\/strong> de <strong>la sc\u00e9nographie d\u2019H\u00e9l\u00e8ne Jourdan.<\/strong><\/p>\n<figure class=\"wp-block-image size-large\"><img loading=\"lazy\" decoding=\"async\" width=\"1000\" height=\"668\" src=\"https:\/\/numero.com\/wp-content\/uploads\/2026\/03\/pie%CC%80ce-the%CC%81atre-Les-he%CC%81ros-ne-dorment-jamais-4-edith-proust.jpg\" alt class=\"wp-image-822269\"><figcaption class=\"wp-element-caption\"><em>Les h\u00e9ros ne dorment jamais,<\/em> librement inspir\u00e9 de <em>Perceval ou le Conte du Graal<\/em> de Chretien de Troyes. Mise en scene par Edith Proust. \u00a9 Vincent Pontet.<\/figcaption><\/figure>\n<h2 class=\"wp-block-heading\">Une relecture clownesque de Perceval<\/h2>\n<p>Dans le second acte, \u201cLa vaillance\u201d, le magn\u00e9tophone s\u2019enraye. Tandis que le narrateur b\u00e9gaie, ses injonctions deviennent incompr\u00e9hensibles. Alors les chevaliers de pacotille se d\u00e9v\u00eatent et r\u00e9v\u00e8lent deux clowns d\u2019enluminure.<\/p>\n<p>D\u2019un c\u00f4t\u00e9, <strong>Alain Lenglet<\/strong>, drap\u00e9 dans une mini-houppelande de damas \u00e0 manches festonn\u00e9es sur un collant \u00e0 poulaines int\u00e9gr\u00e9es, confie son admiration pour un justicier m\u00e9di\u00e9val t\u00e9l\u00e9visuel bien connu (<em>Thierry la Fronde<\/em>). De l\u2019autre, Georges, alter ego de <strong>Edith Proust<\/strong>, tout aussi extravagant, surgit en costume \u00e0 poulaines, surcot \u00e0 pompons et visage maquill\u00e9 fa\u00e7on expressionniste sous une perruque de sacs plastiques, haranguant joyeusement la salle. Les deux clowns \u00e9changent alors en vieux fran\u00e7ais dans un r\u00e9jouissant duel verbal.<\/p>\n<p>Dans le dernier acte, \u201cLa petite esp\u00e9rance\u201d, les personnages changent encore de peau. Masqu\u00e9s de sacs de course \u00e0 la mani\u00e8re <strong>des photos d\u2019Inge Morath<\/strong>, ils livrent un \u00e9pilogue davantage doux-amer. Comme une trace persistante du chaos burlesque qui pr\u00e9c\u00e8de.<\/p>\n<figure class=\"wp-block-image size-full\"><img decoding=\"async\" loading=\"lazy\" width=\"668\" height=\"1000\" src=\"https:\/\/numero.com\/wp-content\/uploads\/2026\/03\/pie%CC%80ce-the%CC%81atre-Les-he%CC%81ros-ne-dorment-jamais-2-edith-proust.jpg\" alt=\"Les h\u00e9ros ne dorment jamais : clowns en armure et \u00e9pop\u00e9e burlesque au Petit-Saint-Martin\" class=\"wp-image-822275\"><figcaption class=\"wp-element-caption\"><em>Les h\u00e9ros ne dorment jamais,<\/em> librement inspir\u00e9 de <em>Perceval ou le Conte du Graal<\/em> de Chretien de Troyes. Mise en scene par Edith Proust. \u00a9 Vincent Pontet.<\/figcaption><\/figure>\n<h2 class=\"wp-block-heading\">Un th\u00e9\u00e2tre d\u2019images et de r\u00e9f\u00e9rences<\/h2>\n<p>Entre r\u00e9f\u00e9rences aux <strong>Monty Python<\/strong>, \u00e0 <strong><em>Perceval le Gallois<\/em> d\u2019<a href=\"https:\/\/numero.com\/culture\/5-films-deric-rohmer-le-mal-aime-de-la-nouvelle-vague\/\" id=\"203144\">\u00c9ric Rohmer<\/a><\/strong> ou encore \u00e0 <strong><em>Excalibur<\/em> de John Boorman, <\/strong>le spectacle d\u00e9ploie un \u00e9quilibre rare entre po\u00e9sie m\u00e9di\u00e9vale, comique total et images d\u2019une grande beaut\u00e9 (jusqu\u2019\u00e0 ce baiser de colibri entre deux armures). Malgr\u00e9 la dimension clownesque, c\u2019est surtout la gr\u00e2ce du mime et la musicalit\u00e9 du langage courtois qui emportent l\u2019adh\u00e9sion. On ne peut s\u2019emp\u00eacher de remarquer la co\u00efncidence \u00e9mouvante qui voit cette pi\u00e8ce jouer dans le lieu m\u00eame qui abrita jadis l\u2019\u00e9cole du l\u00e9gendaire Mime Marceau.<\/p>\n<p><em>Les h\u00e9ros ne dorment jamais, mise en sc\u00e8ne par Edith Proust. Dur\u00e9e : 1h20. Jusqu\u2019au 10 mai 2026. La Com\u00e9die-Fran\u00e7aise hors les murs, au Th\u00e9\u00e2tre du Petit-Saint-Martin. <a href=\"https:\/\/reserver.comedie-francaise.fr\/event\/68bb0be006dce3be066e3e25\">Billets disponibles ici.<\/a><\/em><\/p>\n<\/p><\/div>\n<\/p><\/div>\n<div class=\"col-lg-3\">\n<div class=\"suggested-posts padding-top-s\">\n<div class=\"title\">Recommand\u00e9<\/div>\n<div class=\"post-card\">\n\t\t\t\t\t\t\t\t\t\t<a class=\"post-link d-flex\" href=\"https:\/\/numero.com\/culture\/caitlin-cronenberg-david-cronenberg-robert-pattinson-titane\/\"><\/p>\n<div class=\"container-img\">\n\t\t\t\t\t\t\t\t\t\t\t\t<img decoding=\"async\" width=\"640\" height=\"316\" src=\"https:\/\/numero.com\/wp-content\/uploads\/2024\/08\/push-caitlin-cronenberg-numero-magazine-768x379.jpg\" class=\"img-fluid\" alt loading=\"lazy\">\t\t\t\t\t\t\t\t\t\t\t\t<\/p>\n<p class=\"number\">14<\/p>\n<\/p><\/div>\n<div class=\"card-info d-flex\">\n<div>\n<p class=\"cat-title\">Culture<\/p>\n<h3 class=\"post-title\">Caitlin Cronenberg suivra-t-elle les pas de son p\u00e8re\u00a0?<\/h3>\n<\/p><\/div>\n<p class=\"date\">\n\t\t\t\t\t\t\t\t\t\t\t\t\t14 d\u00e9c 2021\t\t\t\t\t\t\t\t\t\t\t\t<\/p>\n<\/p><\/div>\n<p>\t\t\t\t\t\t\t\t\t\t<\/a>\n\t\t\t\t\t\t\t\t\t<\/div>\n<div class=\"post-card\">\n\t\t\t\t\t\t\t\t\t\t<a class=\"post-link d-flex\" href=\"https:\/\/numero.com\/mode\/fashion-week\/video-thom-browne-men-spring-summer-2020-fashion-show\/\"><\/p>\n<div class=\"container-img\">\n\t\t\t\t\t\t\t\t\t\t\t\t<img decoding=\"async\" width=\"640\" height=\"316\" src=\"https:\/\/numero.com\/wp-content\/uploads\/2024\/06\/push-thom-browne-homme-pintemps-ete-2020-fashion-week-paris-numero-magazine-768x379.jpg\" class=\"img-fluid\" alt loading=\"lazy\">\t\t\t\t\t\t\t\t\t\t\t\t<\/p>\n<p class=\"number\">4<\/p>\n<\/p><\/div>\n<div class=\"card-info d-flex\">\n<div>\n<p class=\"cat-title\">Mode<\/p>\n<h3 class=\"post-title\">Video: Thom Browne Men Spring-Summer 2020 fashion show<\/h3>\n<\/p><\/div>\n<p class=\"date\">\n\t\t\t\t\t\t\t\t\t\t\t\t\t4 sept 2020\t\t\t\t\t\t\t\t\t\t\t\t<\/p>\n<\/p><\/div>\n<p>\t\t\t\t\t\t\t\t\t\t<\/a>\n\t\t\t\t\t\t\t\t\t<\/div>\n<div class=\"post-card\">\n\t\t\t\t\t\t\t\t\t\t<a class=\"post-link d-flex\" href=\"https:\/\/numero.com\/mode\/fashion-week\/moschino-que-retenir-du-defile-anniversaire-co-cree-par-4-celebres-stylistes\/\"><\/p>\n<div class=\"container-img\">\n\t\t\t\t\t\t\t\t\t\t\t\t<img decoding=\"async\" width=\"640\" height=\"316\" src=\"https:\/\/numero.com\/wp-content\/uploads\/2024\/06\/push-fashion-week-defile-moschino-milan-printemps-ete-2024-768x379.jpg\" class=\"img-fluid\" alt=\"D\u00e9fil\u00e9 Moschino, Fashion Week Milan, Printemps-\u00e9t\u00e9 2024\" loading=\"lazy\">\t\t\t\t\t\t\t\t\t\t\t\t<\/p>\n<p class=\"number\">22<\/p>\n<\/p><\/div>\n<div class=\"card-info d-flex\">\n<div>\n<p class=\"cat-title\">Mode<\/p>\n<h3 class=\"post-title\">Moschino : que retenir du d\u00e9fil\u00e9 anniversaire co-cr\u00e9\u00e9 par 4 c\u00e9l\u00e8bres stylistes?<\/h3>\n<\/p><\/div>\n<p class=\"date\">\n\t\t\t\t\t\t\t\t\t\t\t\t\t22 sept 2023\t\t\t\t\t\t\t\t\t\t\t\t<\/p>\n<\/p><\/div>\n<p>\t\t\t\t\t\t\t\t\t\t<\/a>\n\t\t\t\t\t\t\t\t\t<\/div>\n<div class=\"post-card\">\n\t\t\t\t\t\t\t\t\t\t<a class=\"post-link d-flex\" href=\"https:\/\/numero.com\/culture\/musique\/ce-que-lon-sait-du-retour-inattendu-du-duo-culte-daft-punk\/\"><\/p>\n<div class=\"container-img\">\n\t\t\t\t\t\t\t\t\t\t\t\t<img decoding=\"async\" width=\"640\" height=\"316\" src=\"https:\/\/numero.com\/wp-content\/uploads\/2024\/06\/push-daft-punk-reedition-album-homework-alive-1997-numero-magazine-768x379.jpg\" class=\"img-fluid\" alt loading=\"lazy\">\t\t\t\t\t\t\t\t\t\t\t\t<\/p>\n<p class=\"number\">23<\/p>\n<\/p><\/div>\n<div class=\"card-info d-flex\">\n<div>\n<p class=\"cat-title\">Culture<\/p>\n<h3 class=\"post-title\">Ce que l\u2019on sait du retour inattendu du duo culte Daft Punk<\/h3>\n<\/p><\/div>\n<p class=\"date\">\n\t\t\t\t\t\t\t\t\t\t\t\t\t23 f\u00e9v 2022\t\t\t\t\t\t\t\t\t\t\t\t<\/p>\n<\/p><\/div>\n<p>\t\t\t\t\t\t\t\t\t\t<\/a>\n\t\t\t\t\t\t\t\t\t<\/div>\n<\/p><\/div>\n<\/p><\/div>\n<\/p><\/div>\n<div class=\"padding-top-s\">\n<div class=\"ad banner desktop\">\n<div class=\"container\">\n<div class=\"row\">\n            <!-- \/21730003857\/numero-ad-unit\/numero-banner-1 --><\/p>\n<div id=\"div-gpt-ad-1757006327907-0\" style=\"min-width: 350px\">\n<p>                    googletag.cmd.push(function () {<br \/>\n                        googletag.display(&#8216;div-gpt-ad-1757006327907-0&#8217;);<br \/>\n                    });<\/p><\/div>\n<\/p><\/div>\n<\/p><\/div>\n<\/div><\/div>\n<\/p><\/div>\n<\/section>\n<p>        <button class=\"btn-newsletter btn-outline-white my-5\" id=\"open-modal-newsletter\">Inscrivez-vous \u00e0 la newsletter<\/button>\t\t<\/p>\n<section class=\"related-posts post-list padding-top-m padding-bottom-s\">\n<div class=\"container\">\n<h2 class=\"title mx-auto\">\u00c0 lire aussi<\/h2>\n<div class=\"row\">\n<div class=\"col-lg-3\">\n<div class=\"post-card desktop\">\n\t\t\t\t\t\t\t\t\t\t<a class=\"post-link\" href=\"https:\/\/numero.com\/culture\/spectacles\/quelles-pieces-de-theatre-faut-il-voir-a-paris\/\"><\/p>\n<div class=\"container-img\">\n\t\t\t\t\t\t\t\t\t\t\t\t<img decoding=\"async\" width=\"640\" height=\"308\" src=\"https:\/\/numero.com\/wp-content\/uploads\/2025\/12\/Les-Femmes-Savantes-de-Moliere-mise-en-scene-par-Emma-Dante.-Stephane-Varupenne-Aymeline-Alix-Jennifer-Decker-Elsa-Lepoivre-Edith-Proust-Sefa-Yeboah-5-C.-Raynaud-de-Lage-768x369.jpg\" class=\"img-fluid\" alt=\"Les Femmes Savantes de Molie\u0300re, mise en sce\u0300ne par Emma Dante. - Ste\u0301phane Varupenne, Aymeline Alix, Jennifer Decker, Elsa Lepoivre, Edith Proust, Sefa Yeboah 5) C. Raynaud de Lage\" loading=\"lazy\">\t\t\t\t\t\t\t\t\t\t\t\t<\/p>\n<div class=\"number\">18<\/div>\n<\/p><\/div>\n<div class=\"card-info\">\n<div class=\"meta d-flex justify-content-between\">\n<p class=\"cat-title\">Spectacles<\/p>\n<p class=\"date\">\n\t\t\t\t\t\t\t\t\t\t\t\t\t\t18 f\u00e9v 2026\t\t\t\t\t\t\t\t\t\t\t\t\t<\/p>\n<\/p><\/div>\n<div class=\"post-title\">Th\u00e9\u00e2tre : quelles pi\u00e8ces faut-il voir \u00e0 Paris en f\u00e9vrier ?<\/div>\n<\/p><\/div>\n<p>\t\t\t\t\t\t\t\t\t\t<\/a>\n\t\t\t\t\t\t\t\t\t<\/div>\n<div class=\"post-card mobile\">\n\t\t\t\t\t\t\t\t\t\t<a class=\"post-link d-flex\" href=\"https:\/\/numero.com\/culture\/spectacles\/quelles-pieces-de-theatre-faut-il-voir-a-paris\/\"><\/p>\n<div class=\"container-img\">\n\t\t\t\t\t\t\t\t\t\t\t\t<img decoding=\"async\" width=\"640\" height=\"308\" src=\"https:\/\/numero.com\/wp-content\/uploads\/2025\/12\/Les-Femmes-Savantes-de-Moliere-mise-en-scene-par-Emma-Dante.-Stephane-Varupenne-Aymeline-Alix-Jennifer-Decker-Elsa-Lepoivre-Edith-Proust-Sefa-Yeboah-5-C.-Raynaud-de-Lage-768x369.jpg\" class=\"img-fluid\" alt=\"Les Femmes Savantes de Molie\u0300re, mise en sce\u0300ne par Emma Dante. - Ste\u0301phane Varupenne, Aymeline Alix, Jennifer Decker, Elsa Lepoivre, Edith Proust, Sefa Yeboah 5) C. Raynaud de Lage\" loading=\"lazy\">\t\t\t\t\t\t\t\t\t\t\t\t<\/p>\n<div class=\"number\">18<\/div>\n<\/p><\/div>\n<div class=\"card-info d-flex\">\n<div>\n<p class=\"cat-title\">Spectacles<\/p>\n<h3 class=\"post-title\">Th\u00e9\u00e2tre : quelles pi\u00e8ces faut-il voir \u00e0 Paris en f\u00e9vrier ?<\/h3>\n<\/p><\/div>\n<p class=\"date\">\n\t\t\t\t\t\t\t\t\t\t\t\t\t18 f\u00e9v 2026\t\t\t\t\t\t\t\t\t\t\t\t<\/p>\n<\/p><\/div>\n<p>\t\t\t\t\t\t\t\t\t\t<\/a>\n\t\t\t\t\t\t\t\t\t<\/div>\n<\/p><\/div>\n<div class=\"col-lg-3\">\n<div class=\"post-card desktop\">\n\t\t\t\t\t\t\t\t\t\t<a class=\"post-link\" href=\"https:\/\/numero.com\/culture\/spectacles\/les-spectacles-a-ne-pas-manquer-en-2026\/\"><\/p>\n<div class=\"container-img\">\n\t\t\t\t\t\t\t\t\t\t\t\t<img decoding=\"async\" width=\"640\" height=\"804\" src=\"https:\/\/numero.com\/wp-content\/uploads\/2025\/12\/thumb-spectacles-2026-numero-magazine-1-768x965.jpg\" class=\"img-fluid\" alt=\"L'actrice Isabelle Adjani dans la pi\u00e8ce la Fin du Courage en 2026\" loading=\"lazy\">\t\t\t\t\t\t\t\t\t\t\t\t<\/p>\n<div class=\"number\">15<\/div>\n<\/p><\/div>\n<div class=\"card-info\">\n<div class=\"meta d-flex justify-content-between\">\n<p class=\"cat-title\">Spectacles<\/p>\n<p class=\"date\">\n\t\t\t\t\t\t\t\t\t\t\t\t\t\t15 jan 2026\t\t\t\t\t\t\t\t\t\t\t\t\t<\/p>\n<\/p><\/div>\n<div class=\"post-title\">Isabelle Adjani, Ludivine Sagnier\u2026 Les spectacles \u00e0 ne pas manquer en 2026<\/div>\n<\/p><\/div>\n<p>\t\t\t\t\t\t\t\t\t\t<\/a>\n\t\t\t\t\t\t\t\t\t<\/div>\n<div class=\"post-card mobile\">\n\t\t\t\t\t\t\t\t\t\t<a class=\"post-link d-flex\" href=\"https:\/\/numero.com\/culture\/spectacles\/les-spectacles-a-ne-pas-manquer-en-2026\/\"><\/p>\n<div class=\"container-img\">\n\t\t\t\t\t\t\t\t\t\t\t\t<img decoding=\"async\" width=\"640\" height=\"804\" src=\"https:\/\/numero.com\/wp-content\/uploads\/2025\/12\/thumb-spectacles-2026-numero-magazine-1-768x965.jpg\" class=\"img-fluid\" alt=\"L'actrice Isabelle Adjani dans la pi\u00e8ce la Fin du Courage en 2026\" loading=\"lazy\">\t\t\t\t\t\t\t\t\t\t\t\t<\/p>\n<div class=\"number\">15<\/div>\n<\/p><\/div>\n<div class=\"card-info d-flex\">\n<div>\n<p class=\"cat-title\">Spectacles<\/p>\n<h3 class=\"post-title\">Isabelle Adjani, Ludivine Sagnier\u2026 Les spectacles \u00e0 ne pas manquer en 2026<\/h3>\n<\/p><\/div>\n<p class=\"date\">\n\t\t\t\t\t\t\t\t\t\t\t\t\t15 jan 2026\t\t\t\t\t\t\t\t\t\t\t\t<\/p>\n<\/p><\/div>\n<p>\t\t\t\t\t\t\t\t\t\t<\/a>\n\t\t\t\t\t\t\t\t\t<\/div>\n<\/p><\/div>\n<div class=\"col-lg-3\">\n<div class=\"post-card desktop\">\n\t\t\t\t\t\t\t\t\t\t<a class=\"post-link\" href=\"https:\/\/numero.com\/culture\/spectacles\/spectacle-danse-nacera-belaza-musee-du-louvre\/\"><\/p>\n<div class=\"container-img\">\n\t\t\t\t\t\t\t\t\t\t\t\t<img decoding=\"async\" width=\"640\" height=\"804\" src=\"https:\/\/numero.com\/wp-content\/uploads\/2025\/12\/thumb-spectacle-theatre-nacera-belaza-musee-du-louvre-768x965.jpg\" class=\"img-fluid\" alt loading=\"lazy\">\t\t\t\t\t\t\t\t\t\t\t\t<\/p>\n<div class=\"number\">09<\/div>\n<\/p><\/div>\n<div class=\"card-info\">\n<div class=\"meta d-flex justify-content-between\">\n<p class=\"cat-title\">Spectacles<\/p>\n<p class=\"date\">\n\t\t\t\t\t\t\t\t\t\t\t\t\t\t9 d\u00e9c 2025\t\t\t\t\t\t\t\t\t\t\t\t\t<\/p>\n<\/p><\/div>\n<div class=\"post-title\">La chor\u00e9graphie hypnotique de Nacera Belaza au Louvre<\/div>\n<\/p><\/div>\n<p>\t\t\t\t\t\t\t\t\t\t<\/a>\n\t\t\t\t\t\t\t\t\t<\/div>\n<div class=\"post-card mobile\">\n\t\t\t\t\t\t\t\t\t\t<a class=\"post-link d-flex\" href=\"https:\/\/numero.com\/culture\/spectacles\/spectacle-danse-nacera-belaza-musee-du-louvre\/\"><\/p>\n<div class=\"container-img\">\n\t\t\t\t\t\t\t\t\t\t\t\t<img decoding=\"async\" width=\"640\" height=\"804\" src=\"https:\/\/numero.com\/wp-content\/uploads\/2025\/12\/thumb-spectacle-theatre-nacera-belaza-musee-du-louvre-768x965.jpg\" class=\"img-fluid\" alt loading=\"lazy\">\t\t\t\t\t\t\t\t\t\t\t\t<\/p>\n<div class=\"number\">09<\/div>\n<\/p><\/div>\n<div class=\"card-info d-flex\">\n<div>\n<p class=\"cat-title\">Spectacles<\/p>\n<h3 class=\"post-title\">La chor\u00e9graphie hypnotique de Nacera Belaza au Louvre<\/h3>\n<\/p><\/div>\n<p class=\"date\">\n\t\t\t\t\t\t\t\t\t\t\t\t\t9 d\u00e9c 2025\t\t\t\t\t\t\t\t\t\t\t\t<\/p>\n<\/p><\/div>\n<p>\t\t\t\t\t\t\t\t\t\t<\/a>\n\t\t\t\t\t\t\t\t\t<\/div>\n<\/p><\/div>\n<div class=\"col-lg-3\">\n<div class=\"post-card desktop\">\n\t\t\t\t\t\t\t\t\t\t<a class=\"post-link\" href=\"https:\/\/numero.com\/culture\/spectacles\/interview-du-choregraphe-et-danseur-francois-chaignaud\/\"><\/p>\n<div class=\"container-img\">\n\t\t\t\t\t\t\t\t\t\t\t\t<img decoding=\"async\" width=\"640\" height=\"804\" src=\"https:\/\/numero.com\/wp-content\/uploads\/2025\/11\/thumb-interview-du-choregraphe-et-danseur-francois-chaignaud-768x965.jpg\" class=\"img-fluid\" alt loading=\"lazy\">\t\t\t\t\t\t\t\t\t\t\t\t<\/p>\n<div class=\"number\">24<\/div>\n<\/p><\/div>\n<div class=\"card-info\">\n<div class=\"meta d-flex justify-content-between\">\n<p class=\"cat-title\">Spectacles<\/p>\n<p class=\"date\">\n\t\t\t\t\t\t\t\t\t\t\t\t\t\t24 nov 2025\t\t\t\t\t\t\t\t\t\t\t\t\t<\/p>\n<\/p><\/div>\n<div class=\"post-title\">Fran\u00e7ois Chaignaud, le chor\u00e9graphe et danseur qui \u00e9chappe \u00e0 toute d\u00e9finition<\/div>\n<\/p><\/div>\n<p>\t\t\t\t\t\t\t\t\t\t<\/a>\n\t\t\t\t\t\t\t\t\t<\/div>\n<div class=\"post-card mobile\">\n\t\t\t\t\t\t\t\t\t\t<a class=\"post-link d-flex\" href=\"https:\/\/numero.com\/culture\/spectacles\/interview-du-choregraphe-et-danseur-francois-chaignaud\/\"><\/p>\n<div class=\"container-img\">\n\t\t\t\t\t\t\t\t\t\t\t\t<img decoding=\"async\" width=\"640\" height=\"804\" src=\"https:\/\/numero.com\/wp-content\/uploads\/2025\/11\/thumb-interview-du-choregraphe-et-danseur-francois-chaignaud-768x965.jpg\" class=\"img-fluid\" alt loading=\"lazy\">\t\t\t\t\t\t\t\t\t\t\t\t<\/p>\n<div class=\"number\">24<\/div>\n<\/p><\/div>\n<div class=\"card-info d-flex\">\n<div>\n<p class=\"cat-title\">Spectacles<\/p>\n<h3 class=\"post-title\">Fran\u00e7ois Chaignaud, le chor\u00e9graphe et danseur qui \u00e9chappe \u00e0 toute d\u00e9finition<\/h3>\n<\/p><\/div>\n<p class=\"date\">\n\t\t\t\t\t\t\t\t\t\t\t\t\t24 nov 2025\t\t\t\t\t\t\t\t\t\t\t\t<\/p>\n<\/p><\/div>\n<p>\t\t\t\t\t\t\t\t\t\t<\/a>\n\t\t\t\t\t\t\t\t\t<\/div>\n<\/p><\/div>\n<\/p><\/div>\n<\/p><\/div>\n<\/section>\n<div class=\"padding-bottom-s\">\n<div class=\"ad banner desktop\">\n<div class=\"container\">\n<div class=\"row\">\n            <!-- \/21730003857\/numero-ad-unit\/numero-banner-1 --><\/p>\n<div id=\"div-gpt-ad-1757006327907-0\" style=\"min-width: 350px\">\n<p>                    googletag.cmd.push(function () {<br \/>\n                        googletag.display(&#8216;div-gpt-ad-1757006327907-0&#8217;);<br \/>\n                    });<\/p><\/div>\n<\/p><\/div>\n<\/p><\/div>\n<\/div><\/div>\n<\/p><\/div>\n","protected":false},"excerpt":{"rendered":"<p>31 31 googletag.cmd.push(function () { googletag.display(&#8216;div-gpt-ad-1757063143832-0&#8217;); }); Lien copi\u00e9 Spectacles 31 mars 2026 Les h\u00e9ros ne dorment jamais, une \u00e9pop\u00e9e burlesque au th\u00e9\u00e2tre du Petit-Saint-Martin Au Th\u00e9\u00e2tre du Petit-Saint-Martin, \u00c9dith Proust transforme la litt\u00e9rature m\u00e9di\u00e9vale en terrain de jeu burlesque et po\u00e9tique. Inspir\u00e9e de Perceval ou le Conte du Graal de Chr\u00e9tien de Troyes, la [&hellip;]<\/p>\n","protected":false},"author":1,"featured_media":0,"comment_status":"open","ping_status":"","sticky":false,"template":"","format":"standard","meta":{"footnotes":""},"categories":[1],"tags":[226,258],"class_list":["post-1856905","post","type-post","status-publish","format-standard","hentry","category-uncategorized","tag-crawlmanager","tag-numero-com"],"_links":{"self":[{"href":"https:\/\/analyse.optim.biz\/index.php?rest_route=\/wp\/v2\/posts\/1856905","targetHints":{"allow":["GET"]}}],"collection":[{"href":"https:\/\/analyse.optim.biz\/index.php?rest_route=\/wp\/v2\/posts"}],"about":[{"href":"https:\/\/analyse.optim.biz\/index.php?rest_route=\/wp\/v2\/types\/post"}],"author":[{"embeddable":true,"href":"https:\/\/analyse.optim.biz\/index.php?rest_route=\/wp\/v2\/users\/1"}],"replies":[{"embeddable":true,"href":"https:\/\/analyse.optim.biz\/index.php?rest_route=%2Fwp%2Fv2%2Fcomments&post=1856905"}],"version-history":[{"count":1,"href":"https:\/\/analyse.optim.biz\/index.php?rest_route=\/wp\/v2\/posts\/1856905\/revisions"}],"predecessor-version":[{"id":1953318,"href":"https:\/\/analyse.optim.biz\/index.php?rest_route=\/wp\/v2\/posts\/1856905\/revisions\/1953318"}],"wp:attachment":[{"href":"https:\/\/analyse.optim.biz\/index.php?rest_route=%2Fwp%2Fv2%2Fmedia&parent=1856905"}],"wp:term":[{"taxonomy":"category","embeddable":true,"href":"https:\/\/analyse.optim.biz\/index.php?rest_route=%2Fwp%2Fv2%2Fcategories&post=1856905"},{"taxonomy":"post_tag","embeddable":true,"href":"https:\/\/analyse.optim.biz\/index.php?rest_route=%2Fwp%2Fv2%2Ftags&post=1856905"}],"curies":[{"name":"wp","href":"https:\/\/api.w.org\/{rel}","templated":true}]}}