{"id":1856707,"date":"2026-03-31T11:23:33","date_gmt":"2026-03-31T08:23:33","guid":{"rendered":"https:\/\/analyse.optim.biz\/?p=1856707"},"modified":"2026-03-31T11:23:33","modified_gmt":"2026-03-31T08:23:33","slug":"urmarit-general-pentru-tentativa-de-omor-prins-de-politistii-de-frontiera-constanteni","status":"publish","type":"post","link":"https:\/\/analyse.optim.biz\/?p=1856707","title":{"rendered":"Urm\u0103rit general pentru tentativ\u0103 de omor, prins de poli\u021bi\u0219tii de frontier\u0103 const\u0103n\u021beni"},"content":{"rendered":"<p>[analyse_image type=&#8221;featured&#8221; src=&#8221;https:\/\/dobrogeanews.b-cdn.net\/wp-content\/uploads\/2026\/03\/arestat-pentru-tentativa-de-omor.jpg&#8221;]<\/p>\n<div id=\"post-69579\" class=\"entry single-default post-69579 post type-post status-publish format-standard has-post-thumbnail hentry category-constanta category-info tag-cetatean-arestat tag-tentativa-de-omor-2 tag-vama-veche\">\n<div>\n<div class=\"ss-follow-wrapper ss-clearfix ss-regular-buttons ss-columns-1 ss-default-style\">\n<div class=\"ss-follow-column\" data-ss-sf-network-id='\"facebook\"'><a href=\"https:\/\/www.facebook.com\/dobrogeanews\" class=\"ss-follow-network ss-facebook-color\" rel=\"nofollow noopener\" aria-label=\"facebook\" target=\"_blank\"><span class=\"ss-follow-network-label\">Urm\u0103re\u015fte-ne \u015fi pe Facebook!<\/span><span class=\"ss-follow-network-count\"><span class=\"ss-follow-network-count-number\">57K<\/span><span class=\"ss-follow-network-count-label\">Followers<\/span><\/span><\/a><\/div>\n<\/div>\n<\/div>\n<p>Poli\u0163i\u015ftii de frontier\u0103 din cadrul Grupului de Nave Mangalia au depistat un cet\u0103\u0163ean rom\u00e2n pe numele c\u0103ruia, Tribunalul Br\u0103ila a emis un mandat european de arestare, pentru comiterea infrac\u021biunii de tentativ\u0103 de omor.<\/p>\n<figure class=\"wp-block-image size-full is-resized\">\n<source type=\"image\/webp\" data-lazy-srcset=\"https:\/\/dobrogeanews.b-cdn.net\/wp-content\/uploads\/2026\/03\/arestat-pentru-tentativa-de-omor.jpg.webp 2560w, https:\/\/dobrogeanews.b-cdn.net\/wp-content\/uploads\/2026\/03\/arestat-pentru-tentativa-de-omor-300x186.jpg.webp 300w, https:\/\/dobrogeanews.b-cdn.net\/wp-content\/uploads\/2026\/03\/arestat-pentru-tentativa-de-omor-1024x634.jpg.webp 1024w, https:\/\/dobrogeanews.b-cdn.net\/wp-content\/uploads\/2026\/03\/arestat-pentru-tentativa-de-omor-768x475.jpg.webp 768w, https:\/\/dobrogeanews.b-cdn.net\/wp-content\/uploads\/2026\/03\/arestat-pentru-tentativa-de-omor-1536x950.jpg.webp 1536w, https:\/\/dobrogeanews.b-cdn.net\/wp-content\/uploads\/2026\/03\/arestat-pentru-tentativa-de-omor-2048x1267.jpg.webp 2048w\" sizes=\"(max-width: 640px) 100vw, 640px\" \/><br \/>\n<img loading=\"lazy\" decoding=\"async\" src=\"https:\/\/dobrogeanews.b-cdn.net\/wp-content\/uploads\/2026\/03\/arestat-pentru-tentativa-de-omor.jpg\" alt=\"Arestat la Vama Veche pentru tentativ\u0103 de omor\" width=\"640\" height=\"396\"><\/figure>\n<p>Poli\u021bi\u0219tii de frontier\u0103 din cadrul Grupului de Nave Mangalia, \u00een urma unor activit\u0103\u021bi informativ-operative desf\u0103\u0219urate \u00een zona de competen\u021b\u0103, \u00een zona localit\u0103\u021bii Vama Veche au procedat la legitimarea unui b\u0103rbat care se \u00eendrepta spre frontiera de stat cu Bulgaria.<\/p>\n<p>Cu ocazia efectu\u0103rii controlului specific, poli\u0163i\u015ftii de frontier\u0103 au constatat c\u0103 pe numele acestuia era emis un mandat european de arestare preventiv\u0103 de c\u0103tre Judec\u0103toria Br\u0103ila.<\/p>\n<p>Poli\u0163i\u015ftii de frontier\u0103 au luat m\u0103sura \u00eentreruperii c\u0103l\u0103toriei b\u0103rbatului, acesta fiind predat unei echipe operative din cadrul Inspectoratului de Poli\u0163ie Jude\u0163ean Constan\u0163a, \u00een vederea lu\u0103rii m\u0103surilor legale ce se impun.<\/p>\n<div class=\"monsterinsights-inline-popular-posts monsterinsights-inline-popular-posts-charlie monsterinsights-popular-posts-styled\">\n<div class=\"monsterinsights-inline-popular-posts-text\"><span class=\"monsterinsights-inline-popular-posts-label\">Vezi \u0219i:<\/span><\/p>\n<div class=\"monsterinsights-inline-popular-posts-post\"><a class=\"monsterinsights-inline-popular-posts-title\" href=\"https:\/\/www.dobrogeanews.ro\/video-primarul-stefan-ilie-raspunde-intrebarilor-privind-reabilitarea-strazilor-din-municipiul-tulcea\/\">(Video) Primarul \u0218tefan Ilie, r\u0103spunde \u00eentreb\u0103rilor privind reabilitarea Str\u0103zilor din Municipiul Tulcea<\/a><\/div>\n<div class=\"monsterinsights-inline-popular-posts-post\"><a class=\"monsterinsights-inline-popular-posts-title\" href=\"https:\/\/www.dobrogeanews.ro\/dr-laurentiu-ivanof-fiti-atenti-la-taceri-la-retrageri-la-schimbari-subtile-uneori-cei-care-au-cea-mai-mare-nevoie-de-ajutor-sunt-cei-care-cer-cel-mai-putin\/\">Dr. Lauren\u021biu Ivanof: Fi\u021bi aten\u021bi la t\u0103ceri. La retrageri. La schimb\u0103ri subtile. Uneori, cei care au cea mai mare nevoie de ajutor sunt cei care cer cel mai pu\u021bin.<\/a><\/div>\n<div class=\"monsterinsights-inline-popular-posts-post\"><a class=\"monsterinsights-inline-popular-posts-title\" href=\"https:\/\/www.dobrogeanews.ro\/cine-este-fata-de-18-ani-care-s-a-sinucis-la-tulcea-soapte-intre-lumi\/\">Cine este fata de 18 ani care s-a sinucis la Tulcea. \u0218oapte \u00eentre lumi \u2026<\/a><\/div>\n<\/div>\n<\/div>\n<p class=\"has-text-align-center has-white-color has-text-color has-background\"><span><a href=\"https:\/\/news.google.com\/publications\/CAAqBwgKMIu5pgsw88O-Aw?ceid=RO:ro&amp;oc=3\">Urm\u0103ri\u0163i \u015etirile Dobrogeanews \u015fi pe Google News<\/a><\/span><\/p>\n<\/div>\n<div id=\"post-69579\" class=\"entry single-default post-69579 post type-post status-publish format-standard has-post-thumbnail hentry category-constanta category-info tag-cetatean-arestat tag-tentativa-de-omor-2 tag-vama-veche\">\n<div>\n<div class=\"ss-follow-wrapper ss-clearfix ss-regular-buttons ss-columns-1 ss-default-style\">\n<div class=\"ss-follow-column\" data-ss-sf-network-id='\"facebook\"'><a href=\"https:\/\/www.facebook.com\/dobrogeanews\" class=\"ss-follow-network ss-facebook-color\" rel=\"nofollow noopener\" aria-label=\"facebook\" target=\"_blank\"><span class=\"ss-follow-network-label\">Urm\u0103re\u015fte-ne \u015fi pe Facebook!<\/span><span class=\"ss-follow-network-count\"><span class=\"ss-follow-network-count-number\">57K<\/span><span class=\"ss-follow-network-count-label\">Followers<\/span><\/span><\/a><\/div>\n<\/div>\n<\/div>\n<p>Poli\u0163i\u015ftii de frontier\u0103 din cadrul Grupului de Nave Mangalia au depistat un cet\u0103\u0163ean rom\u00e2n pe numele c\u0103ruia, Tribunalul Br\u0103ila a emis un mandat european de arestare, pentru comiterea infrac\u021biunii de tentativ\u0103 de omor.<\/p>\n<figure class=\"wp-block-image size-full is-resized\">\n<source type=\"image\/webp\" data-lazy-srcset=\"https:\/\/dobrogeanews.b-cdn.net\/wp-content\/uploads\/2026\/03\/arestat-pentru-tentativa-de-omor.jpg.webp 2560w, https:\/\/dobrogeanews.b-cdn.net\/wp-content\/uploads\/2026\/03\/arestat-pentru-tentativa-de-omor-300x186.jpg.webp 300w, https:\/\/dobrogeanews.b-cdn.net\/wp-content\/uploads\/2026\/03\/arestat-pentru-tentativa-de-omor-1024x634.jpg.webp 1024w, https:\/\/dobrogeanews.b-cdn.net\/wp-content\/uploads\/2026\/03\/arestat-pentru-tentativa-de-omor-768x475.jpg.webp 768w, https:\/\/dobrogeanews.b-cdn.net\/wp-content\/uploads\/2026\/03\/arestat-pentru-tentativa-de-omor-1536x950.jpg.webp 1536w, https:\/\/dobrogeanews.b-cdn.net\/wp-content\/uploads\/2026\/03\/arestat-pentru-tentativa-de-omor-2048x1267.jpg.webp 2048w\" sizes=\"(max-width: 640px) 100vw, 640px\" \/><br \/>\n<img loading=\"lazy\" decoding=\"async\" src=\"https:\/\/dobrogeanews.b-cdn.net\/wp-content\/uploads\/2026\/03\/arestat-pentru-tentativa-de-omor.jpg\" alt=\"Arestat la Vama Veche pentru tentativ\u0103 de omor\" width=\"640\" height=\"396\"><\/figure>\n<p>Poli\u021bi\u0219tii de frontier\u0103 din cadrul Grupului de Nave Mangalia, \u00een urma unor activit\u0103\u021bi informativ-operative desf\u0103\u0219urate \u00een zona de competen\u021b\u0103, \u00een zona localit\u0103\u021bii Vama Veche au procedat la legitimarea unui b\u0103rbat care se \u00eendrepta spre frontiera de stat cu Bulgaria.<\/p>\n<p>Cu ocazia efectu\u0103rii controlului specific, poli\u0163i\u015ftii de frontier\u0103 au constatat c\u0103 pe numele acestuia era emis un mandat european de arestare preventiv\u0103 de c\u0103tre Judec\u0103toria Br\u0103ila.<\/p>\n<p>Poli\u0163i\u015ftii de frontier\u0103 au luat m\u0103sura \u00eentreruperii c\u0103l\u0103toriei b\u0103rbatului, acesta fiind predat unei echipe operative din cadrul Inspectoratului de Poli\u0163ie Jude\u0163ean Constan\u0163a, \u00een vederea lu\u0103rii m\u0103surilor legale ce se impun.<\/p>\n<div class=\"monsterinsights-inline-popular-posts monsterinsights-inline-popular-posts-charlie monsterinsights-popular-posts-styled\">\n<div class=\"monsterinsights-inline-popular-posts-text\"><span class=\"monsterinsights-inline-popular-posts-label\">Vezi \u0219i:<\/span><\/p>\n<div class=\"monsterinsights-inline-popular-posts-post\"><a class=\"monsterinsights-inline-popular-posts-title\" href=\"https:\/\/www.dobrogeanews.ro\/video-primarul-stefan-ilie-raspunde-intrebarilor-privind-reabilitarea-strazilor-din-municipiul-tulcea\/\">(Video) Primarul \u0218tefan Ilie, r\u0103spunde \u00eentreb\u0103rilor privind reabilitarea Str\u0103zilor din Municipiul Tulcea<\/a><\/div>\n<div class=\"monsterinsights-inline-popular-posts-post\"><a class=\"monsterinsights-inline-popular-posts-title\" href=\"https:\/\/www.dobrogeanews.ro\/dr-laurentiu-ivanof-fiti-atenti-la-taceri-la-retrageri-la-schimbari-subtile-uneori-cei-care-au-cea-mai-mare-nevoie-de-ajutor-sunt-cei-care-cer-cel-mai-putin\/\">Dr. Lauren\u021biu Ivanof: Fi\u021bi aten\u021bi la t\u0103ceri. La retrageri. La schimb\u0103ri subtile. Uneori, cei care au cea mai mare nevoie de ajutor sunt cei care cer cel mai pu\u021bin.<\/a><\/div>\n<div class=\"monsterinsights-inline-popular-posts-post\"><a class=\"monsterinsights-inline-popular-posts-title\" href=\"https:\/\/www.dobrogeanews.ro\/cine-este-fata-de-18-ani-care-s-a-sinucis-la-tulcea-soapte-intre-lumi\/\">Cine este fata de 18 ani care s-a sinucis la Tulcea. \u0218oapte \u00eentre lumi \u2026<\/a><\/div>\n<\/div>\n<\/div>\n<p class=\"has-text-align-center has-white-color has-text-color has-background\"><span><a href=\"https:\/\/news.google.com\/publications\/CAAqBwgKMIu5pgsw88O-Aw?ceid=RO:ro&amp;oc=3\">Urm\u0103ri\u0163i \u015etirile Dobrogeanews \u015fi pe Google News<\/a><\/span><\/p>\n<\/div>\n<p>[analyse_source url=&#8221;https:\/\/www.dobrogeanews.ro\/urmarit-general-pentru-tentativa-de-omor-prins-de-politistii-de-frontiera-constanteni\/&#8221;]<\/p>\n","protected":false},"excerpt":{"rendered":"<p>[analyse_image type=&#8221;featured&#8221; src=&#8221;https:\/\/dobrogeanews.b-cdn.net\/wp-content\/uploads\/2026\/03\/arestat-pentru-tentativa-de-omor.jpg&#8221;] Urm\u0103re\u015fte-ne \u015fi pe Facebook!57KFollowers Poli\u0163i\u015ftii de frontier\u0103 din cadrul Grupului de Nave Mangalia au depistat un cet\u0103\u0163ean rom\u00e2n pe numele c\u0103ruia, Tribunalul Br\u0103ila a emis un mandat european de arestare, pentru comiterea infrac\u021biunii de tentativ\u0103 de omor. Poli\u021bi\u0219tii de frontier\u0103 din cadrul Grupului de Nave Mangalia, \u00een urma unor activit\u0103\u021bi informativ-operative desf\u0103\u0219urate [&hellip;]<\/p>\n","protected":false},"author":1,"featured_media":0,"comment_status":"open","ping_status":"","sticky":false,"template":"","format":"standard","meta":{"footnotes":""},"categories":[89],"tags":[226,223],"class_list":["post-1856707","post","type-post","status-publish","format-standard","hentry","category-romania","tag-crawlmanager","tag-dobrogeanews-ro"],"_links":{"self":[{"href":"https:\/\/analyse.optim.biz\/index.php?rest_route=\/wp\/v2\/posts\/1856707","targetHints":{"allow":["GET"]}}],"collection":[{"href":"https:\/\/analyse.optim.biz\/index.php?rest_route=\/wp\/v2\/posts"}],"about":[{"href":"https:\/\/analyse.optim.biz\/index.php?rest_route=\/wp\/v2\/types\/post"}],"author":[{"embeddable":true,"href":"https:\/\/analyse.optim.biz\/index.php?rest_route=\/wp\/v2\/users\/1"}],"replies":[{"embeddable":true,"href":"https:\/\/analyse.optim.biz\/index.php?rest_route=%2Fwp%2Fv2%2Fcomments&post=1856707"}],"version-history":[{"count":0,"href":"https:\/\/analyse.optim.biz\/index.php?rest_route=\/wp\/v2\/posts\/1856707\/revisions"}],"wp:attachment":[{"href":"https:\/\/analyse.optim.biz\/index.php?rest_route=%2Fwp%2Fv2%2Fmedia&parent=1856707"}],"wp:term":[{"taxonomy":"category","embeddable":true,"href":"https:\/\/analyse.optim.biz\/index.php?rest_route=%2Fwp%2Fv2%2Fcategories&post=1856707"},{"taxonomy":"post_tag","embeddable":true,"href":"https:\/\/analyse.optim.biz\/index.php?rest_route=%2Fwp%2Fv2%2Ftags&post=1856707"}],"curies":[{"name":"wp","href":"https:\/\/api.w.org\/{rel}","templated":true}]}}