{"id":1856464,"date":"2026-03-30T16:56:01","date_gmt":"2026-03-30T13:56:01","guid":{"rendered":"https:\/\/analyse.optim.biz\/?p=1856464"},"modified":"2026-03-30T16:56:01","modified_gmt":"2026-03-30T13:56:01","slug":"uci-gravel-world-series-nicole-frain-and-mads-wurtz-schmidt-drop-rivals-for-solo-wins-at-114-gravel-race","status":"publish","type":"post","link":"https:\/\/analyse.optim.biz\/?p=1856464","title":{"rendered":"UCI Gravel World Series: Nicole Frain and Mads W\u00fcrtz Schmidt drop rivals for solo wins at 114 Gravel Race"},"content":{"rendered":"<p>[analyse_image type=&#8221;featured&#8221; src=&#8221;https:\/\/cdn.mos.cms.futurecdn.net\/QJfnfA2HenLCZ5jT9bZhN5-1005-80.jpg&#8221;]<\/p>\n<p><article class=\"page-content-onecol flex-1\nnews-article article\n\"><\/p>\n<div class=\"widget-area-group widget-area-group-2col flex flex-wrap box-border\">\n<div id=\"widgetArea16\" class=\"widget-area basis-full md:basis-2\/3 widget-area-g-md-vp-2-3 widget-area-g-lg-vp-2-3 widget-area-g-xl-vp-2-3 page-widget-area-16\">\n<div data-widget-type=\"hero\" id=\"hero\" class=\"clear-both widget widget-hero widget-hero widget-hero-hero widget-hero widget-hero-fter-news\">\n<div class=\"news-article\">\n<header data-component-name=\"Article:Hero\">\n<nav class=\"breadcrumb\" aria-label=\"Breadcrumbs\">\n<ol>\n<li>\nPro Cycling\n<\/li>\n<\/ol>\n<\/nav>\n<h1>UCI Gravel World Series: Nicole Frain and Mads W\u00fcrtz Schmidt drop rivals for solo wins at 114 Gravel Race<\/h1>\n<div class=\"byline-social\">\n<div class=\"byline\">\nRace Results<\/p>\n<div class=\"text-[13px]\"><span><br \/>\nBy<br \/>\nSimone Giuliani <\/span><span><br \/>\npublished<br \/>\n<time data-component-name=\"UI:DateTime\" datetime=\"2026-03-30T16:56:01Z\" class=\"relative-date\"><br \/>\n30 March 2026<br \/>\n<\/time><\/span><\/div>\n<\/div>\n<p class=\"strapline\">Romy Kasper and Daan Soete take second spots in race from Portugal to Spain<\/p>\n<\/div>\n<aside class=\"mx-auto mb-4 flex items-center justify-start mx-0 my-5 p-0\" id=\"affiliate-disclaimer\" data-component-name=\"AffiliateDisclaimer\" data-hawk-message=\"Affiliate disclaimer removed because hawk deemed there are no affiliate links on this page\">\n<p class=\"text-700 mb-2 text-[12px] leading-[18px] md:text-[13px] [&amp;&gt;a]:text-gray-700 [&amp;&gt;a]:underline\">\nWhen you purchase through links on our site, we may earn an affiliate commission. Here\u2019s how it works.\n<\/p>\n<\/aside>\n<\/header>\n<\/div>\n<\/div>\n<div data-widget-type=\"contentparsed\" id=\"content\" class=\"clear-both widget widget-contentparsed widget-content widget-contentparsed-content widget-content-parsed widget-content-parsed-content_document \">\n<div class=\"wcp-item-content\">\n<section class=\"content-wrapper\">\n<div class=\"box less-space hero-image-wrapper\">\n<figure class=\"mb-0\">\n<source type=\"image\/webp\" srcset=\"https:\/\/cdn.mos.cms.futurecdn.net\/QJfnfA2HenLCZ5jT9bZhN5-1005-80.jpg.webp 1920w, https:\/\/cdn.mos.cms.futurecdn.net\/QJfnfA2HenLCZ5jT9bZhN5-1005-80.jpg.webp 1200w, https:\/\/cdn.mos.cms.futurecdn.net\/QJfnfA2HenLCZ5jT9bZhN5-1005-80.jpg.webp 1024w, https:\/\/cdn.mos.cms.futurecdn.net\/QJfnfA2HenLCZ5jT9bZhN5-970-80.jpg.webp 970w, https:\/\/cdn.mos.cms.futurecdn.net\/QJfnfA2HenLCZ5jT9bZhN5-650-80.jpg.webp 650w, https:\/\/cdn.mos.cms.futurecdn.net\/QJfnfA2HenLCZ5jT9bZhN5-480-80.jpg.webp 480w, https:\/\/cdn.mos.cms.futurecdn.net\/QJfnfA2HenLCZ5jT9bZhN5-320-80.jpg.webp 320w\" sizes=\"(min-width: 1000px) 600px, calc(100vw - 40px)\" \/><figcaption class=\"mt-2\"><span class=\"caption-text\">Mads W\u00fcrtz Schmidt (Denmark) rode in his European Gravel champion&#8217;s jersey to an emphatic win at 114 Gravel Race, a route that links Portugal and Spain<\/span><span class=\"credit\">(Image credit: Gravelking UCI Gravel World Series 2026)<\/span><\/figcaption><\/figure>\n<\/div>\n<div id=\"article-body\" class=\"text-copy bodyCopy auto paywall-locker\">\n<div data-analytics-id=\"utility-bar\" id=\"utility-bar\" class=\"font-ui-heading flex justify-between items-center py-2 border-t border-b border-gray-300 border-solid mb-5 mx-auto\" data-component-name=\"UtilityBar\" data-mrf-recirculation=\"utility-bar\">\n<div class=\"flex gap-2 text-[#333] subcontainer\">\n<div class=\"relative tooltip-container\" role=\"tooltip\">\n<div data-component-name=\"Social:Dropdown\" role=\"menu\" id=\"utilitybar__dropdown--share\" aria-labelledby=\"utilitybar__button--share\" class=\"absolute left-0 top-full w-44 bg-white rounded-md shadow-md border border-neutral-200 z-[9996] list-none m-0 py-2 px-3 border-solid\">\n<ul class=\"!m-0\">\n<li class=\"!p-0 !m-0 list-none border-b border-gray-200 border-solid\">\n<li class=\"!p-0 !m-0 list-none border-b border-gray-200 border-solid\">\n<p>Facebook<\/p>\n<\/li>\n<li class=\"!p-0 !m-0 list-none border-b border-gray-200 border-solid\">\n<p>X<\/p>\n<\/li>\n<li class=\"!p-0 !m-0 list-none border-b border-gray-200 border-solid\">\n<p>Pinterest<\/p>\n<\/li>\n<li class=\"!p-0 !m-0 list-none border-b border-gray-200 border-solid\">\n<p>Email<\/p>\n<\/li>\n<\/ul>\n<\/div>\n<div class=\"font-ui-heading max-sm:hidden tooltip absolute left-1\/2 bg-gray-900 text-white text-xs leading-none px-3 py-1.5 rounded-md z-[10001] whitespace-nowrap\" id=\"tooltip-share-this-article\" role=\"tooltip\" aria-hidden=\"true\">\nShare this article\n<\/div>\n<\/div>\n<div class=\"relative tooltip-container\" role=\"tooltip\"><span class=\"ml-1 inline-flex h-5 px-2 shrink-0 items-center justify-center self-center overflow-hidden whitespace-nowrap rounded-[10px] bg-primary-500 text-[11px] leading-none font-ui-heading font-semibold text-white\"><span>0<\/span><\/span><\/p>\n<div class=\"font-ui-heading max-sm:hidden tooltip absolute left-1\/2 bg-gray-900 text-white text-xs leading-none px-3 py-1.5 rounded-md z-[10001] whitespace-nowrap\" id=\"tooltip-join-the-conversation\" role=\"tooltip\" aria-hidden=\"true\">\nJoin the conversation\n<\/div>\n<\/div>\n<\/div>\n<div class=\"flex gap-2 text-[#333] subcontainer\">\n<div class=\"relative tooltip-container\" role=\"tooltip\">\n<p>Follow us<\/p>\n<div class=\"font-ui-heading max-sm:hidden tooltip absolute left-1\/2 bg-gray-900 text-white text-xs leading-none px-3 py-1.5 rounded-md z-[10001] whitespace-nowrap\" id=\"tooltip-add-us-as-a-preferred-source-on-google\" role=\"tooltip\" aria-hidden=\"true\">\nAdd us as a preferred source on Google\n<\/div>\n<\/div>\n<div class=\"relative tooltip-container\" role=\"tooltip\">\n<div role=\"dialog\" class=\"hidden fixed inset-0 z-[999999999999999999] bg-[#33333370] flex items-center justify-center p-6 newsletter-modal\" data-batch-endpoint=\"https:\/\/newsletter-subscribe.futureplc.com\/v2\/submission\/submit_batch\" data-batch-source=\"302\" data-component-name=\"Newsletter:Modal\">\n<div class=\"bg-neutral-100 rounded-xl shadow-xl w-full lg:w-2\/3 xl:w-1\/2 p-6 relative max-h-[95vh] overflow-y-auto\">\n<div id=\"newsletter-capture-modal\">\n<div class=\"sm:text-xl text-base font-bold text-black mb-3 p-0 bg-inherit font-ui-heading\">Get The Leadout Newsletter<\/div>\n<p class=\"text-gray-600 mb-4 text-sm sm:text-base font-article-copy\">The latest race content, interviews, features, reviews and expert buying guides, direct to your inbox!<\/p>\n<div data-component-name=\"Newsletter:NewsletterForm\">\n<hr class=\"modal_hr mt-3 mb-4 h-px bg-gray-300 border-0\">\n<div class=\"modal_footer block text-left opacity-80 text-[.8em] leading-[1.3em] mt-2 [&amp;&gt;a]:underline font-article-copy\">\nBy submitting your information you agree to the Terms &amp; Conditions and Privacy Policy and are aged 16 or over.\n<\/div>\n<\/div>\n<\/div>\n<div id=\"newsletter-modal-confirmation\" class=\"hidden\">\n<p class=\"sm:text-xl text-base font-bold text-black mb-3 p-0\">You are now subscribed<\/p>\n<p class=\"text-gray-600 mb-4 text-sm sm:text-base\">Your newsletter sign-up was successful<\/p>\n<div id=\"newsletter-modal-confirmation__userlogin\" class=\"hidden\">\n<hr class=\"my-5 h-px bg-gray-300 border-0\">\n<div class=\"items-start flex flex-col h-full justify-between\">\n<div class=\"flcw-text pb-5 pt-2 leading-[1.3]\"> An account already exists for this email address, please log in.<\/div>\n<\/div>\n<\/div>\n<\/div>\n<\/div>\n<\/div>\n<div class=\"font-ui-heading max-sm:hidden tooltip absolute left-1\/2 bg-gray-900 text-white text-xs leading-none px-3 py-1.5 rounded-md z-[10001] whitespace-nowrap\" id=\"tooltip-subscribe-to-our-newsletter\" role=\"tooltip\" aria-hidden=\"true\">\nSubscribe to our newsletter\n<\/div>\n<\/div>\n<\/div>\n<\/div>\n<p id=\"elk-105e23f0-9a88-46b7-b46a-a736f01bcf0d\">Nicole Frain (Factor Racing) and Mads W\u00fcrtz Schmidt (Specialized Off-road) won the 114 Gravel Race with solo victories on Saturday, taking out the UCI Gravel World Series race which crossed the border from Portugal to Spain.<\/p>\n<p>The 137km course was mainly flat, with added climbing from the year before on the Portuguese side. After crossing the border at 37km into the race, it was a flat run to the line, though not an easy one between headwinds and bumpy sand sections.<\/p>\n<p id=\"elk-105e23f0-9a88-46b7-b46a-a736f01bcf0d-2\">In the men&#8217;s elite category, W\u00fcrtz Schmidt set the best time at W\u00fcrtz Schmidt. Daan Soete (Ridley Racing) was second, 7:41 off the pace. Lawrence Naesen (Orbea\/Pedal Mafia) was third, 9:12 back, just ahead of Ribble Outliers duo Jenson Young and Ben Thomas.<\/p>\n<p><span class=\"article-continues-below block py-2 text-sm\">Article continues below <\/span><\/p>\n<aside data-component-name=\"Recirculation:ArticleRiver\" data-recirculation-type=\"inline\" data-mrf-recirculation=\"Trending Bar\" data-nosnippet class=\"clear-both pb-0 pt-2 mb-4\"><span class=\"\n            flex\n            after:content-[''] after:flex-1 after:ml-4 after:my-[0.7rem] after:border-t after:border-solid after:border-t-[#ccc]\n            before:content-[''] before:flex-1 before:mr-4 before:my-[0.7rem] before:border-t before:border-solid before:border-t-[#ccc]\n            font-article-heading pb-0 !text-base uppercase sm:text-sm font-bold\n        \"><br \/>\n            You may like<br \/>\n        <\/span><\/p>\n<ul class=\"flex flex-col gap-0 m-0\">\n<li class=\"m-0 list-none border-b border-solid border-[#ededed] py-2\" data-recirculation-id=\"recirculation-card-1\" data-analytics-id=\"recirculation-inline-1\" data-mrf-recirculation=\"recirculation-inline-1\">\n    <source type=\"image\/webp\" srcset=\"https:\/\/cdn.mos.cms.futurecdn.net\/UyzzxsiipWSVotnPYkPeZF-250-80.jpg.webp 250w, https:\/\/cdn.mos.cms.futurecdn.net\/UyzzxsiipWSVotnPYkPeZF-150-80.jpg.webp 150w\" sizes=\"150px\" \/><span class=\"\n                            w-full font-article-heading line-clamp-3 md:line-clamp-2 text-base font-medium\">UCI Gravel World Series \u2013 Romain Bardet and Sofia G\u00f3mez Villafa\u00f1e win Castell\u00f3n Gravel Race<\/span><\/li>\n<li class=\"m-0 list-none border-b border-solid border-[#ededed] py-2\" data-recirculation-id=\"recirculation-card-2\" data-analytics-id=\"recirculation-inline-2\" data-mrf-recirculation=\"recirculation-inline-2\">\n    <source type=\"image\/webp\" srcset=\"https:\/\/cdn.mos.cms.futurecdn.net\/jUCiU7bpZQYnonQfxwezuf-250-80.jpg.webp 250w, https:\/\/cdn.mos.cms.futurecdn.net\/jUCiU7bpZQYnonQfxwezuf-150-80.jpg.webp 150w\" sizes=\"150px\" \/><span class=\"\n                            w-full font-article-heading line-clamp-3 md:line-clamp-2 text-base font-medium\">UCI Gravel World Series: Nicole Frain best in three-rider women&#8217;s sprint while Jarno Bellens goes solo to win elite men&#8217;s race at Turnhout Gravel<\/span><\/li>\n<li class=\"m-0 list-none border-b border-solid border-[#ccc] py-2\" data-recirculation-id=\"recirculation-card-3\" data-analytics-id=\"recirculation-inline-3\" data-mrf-recirculation=\"recirculation-inline-3\">\n    <source type=\"image\/webp\" srcset=\"https:\/\/cdn.mos.cms.futurecdn.net\/UgUkn5FySF3DNhE7vYpMyN-250-80.jpg.webp 250w, https:\/\/cdn.mos.cms.futurecdn.net\/UgUkn5FySF3DNhE7vYpMyN-150-80.jpg.webp 150w\" sizes=\"150px\" \/><span class=\"\n                            w-full font-article-heading line-clamp-3 md:line-clamp-2 text-base font-medium\">Nicole Frain sweeps RADL GRVL and first-ever Oceania Gravel Championship for elite women while Romain Bardet earns gravel race victory for elite men<\/span><\/li>\n<\/ul>\n<\/aside>\n<p>W\u00fcrtz Schmidt kept his rivals at bay by taking off early in the race, his second win in the series after Santa Vall.<\/p>\n<p>&#8220;I got away solo after 20, 25km and then just put my head down and pushed with everything I had so I could go away and take the win,&#8221; said W\u00fcrtz Schmidt in an interview posted by race organisers on social media.<\/p>\n<p class=\"paywall\" aria-hidden=\"true\">It was Frain&#8217;s second UCI Gravel World series win, taking the victory at Turnhout Gravel last week, posting a time of 4:10:07. Romy Kasper (PAS Racing) came second at 1:27 back in the elite women&#8217;s category across Elvas in Portugal and the Extremadura region in Spain, while Sophie Wright (Ribble Outliers) was third, 6:57 back.<\/p>\n<p class=\"paywall\" aria-hidden=\"true\">The women had a dedicated start but became caught up with the age group men in the later stages. The three leading women were all among a group together at one point, then Wright lost contact leaving Kasper and Frain, who took off at about 60km to go.<\/p>\n<div id=\"slice-container-newsletterForm-articleInbodyContent-whFwXEjmZCUcauwoCgpf6T\" class=\"slice-container newsletter-inbodyContent-slice newsletterForm-articleInbodyContent-whFwXEjmZCUcauwoCgpf6T slice-container-newsletterForm\">\n<div data-hydrate=\"true\" class=\"newsletter-form__wrapper newsletter-form__wrapper--inbodyContent\">\n<div class=\"newsletter-form__container\">\n<section class=\"newsletter-form__top-bar\">\n<div class=\"newsletter-form__header\">Get The Leadout Newsletter<\/div>\n<\/section>\n<section class=\"newsletter-form__main-section\">\n<p class=\"newsletter-form__strapline\">The latest race content, interviews, features, reviews and expert buying guides, direct to your inbox!<\/p>\n<footer class=\"newsletter-form__footer \">By submitting your information you agree to the Terms &amp; Conditions and Privacy Policy and are aged 16 or over.<\/footer>\n<\/section>\n<\/div>\n<\/div>\n<\/div>\n<p class=\"paywall\" aria-hidden=\"true\">&#8220;I like The Hills, that last 30-odd kilometres with the long straights and the headwinds was mentally really tough but that&#8217;s also what makes the race special,&#8221; said Frain in an interview on the race social media.<\/p>\n<p class=\"paywall\" aria-hidden=\"true\">The event was one of two qualifiers for the UCI Gravel World Championships held through last weekend, with Vuelta Altas Cumbres Gravel delivering the first event of the series in Argentina.<\/p>\n<h3 class=\"article-body__section\" id=\"section-results\"><span>Results<\/span><\/h3>\n<div id=\"slice-container-table-whFwXEjmZCUcauwoCgpf6T-rhXbuYmDBeU4L3sGAqcuIvUeywFMKWBC\" class=\"slice-container table-wrapper table-whFwXEjmZCUcauwoCgpf6T-rhXbuYmDBeU4L3sGAqcuIvUeywFMKWBC slice-container-table\">\n<div class=\"table__instruction\">Swipe to scroll horizontally<\/div>\n<div class=\"table__container\">\n<table class=\"table__wrapper table__wrapper--inbodyContent table__wrapper--sticky table__wrapper--divider\">\n<caption class=\"table__caption table__caption--top table__caption--left\">Elite women top 10<\/caption>\n<thead class=\"table__head\">\n<tr class=\"table__head__row\">\n<th class=\"table__head__heading table__head__heading--left\" colspan=\"1\">\n<p>Pos.<\/p>\n<\/th>\n<th class=\"table__head__heading table__head__heading--left\" colspan=\"1\">\n<p>Rider (Team)<\/p>\n<\/th>\n<th class=\"table__head__heading table__head__heading--left\" colspan=\"1\">\n<p>Time Behind<\/p>\n<\/th>\n<\/tr>\n<\/thead>\n<tbody class=\"table__body\">\n<tr class=\"table__body__row\">\n<td class=\"table_body__data\" colspan=\"1\">\n<p>1<\/p>\n<\/td>\n<td class=\"table_body__data\" colspan=\"1\">\n<p>Nicole Frain (Factor Racing Team)<\/p>\n<\/td>\n<td class=\"table_body__data\" colspan=\"1\">\n<p>4:10:07<\/p>\n<\/td>\n<\/tr>\n<tr class=\"table__body__row\">\n<td class=\"table_body__data\" colspan=\"1\">\n<p>2<\/p>\n<\/td>\n<td class=\"table_body__data\" colspan=\"1\">\n<p>Romy Kasper (PAS Racing)<\/p>\n<\/td>\n<td class=\"table_body__data\" colspan=\"1\">\n<p>+1:27<\/p>\n<\/td>\n<\/tr>\n<tr class=\"table__body__row\">\n<td class=\"table_body__data\" colspan=\"1\">\n<p>3<\/p>\n<\/td>\n<td class=\"table_body__data\" colspan=\"1\">\n<p>Sophie Wright (Ribble Outliers)<\/p>\n<\/td>\n<td class=\"table_body__data\" colspan=\"1\">\n<p>+6:57<\/p>\n<\/td>\n<\/tr>\n<tr class=\"table__body__row\">\n<td class=\"table_body__data\" colspan=\"1\">\n<p>4<\/p>\n<\/td>\n<td class=\"table_body__data\" colspan=\"1\">\n<p>Basia Borowiecka (TKK Pacific Torun \/ Nestle Fitness)<\/p>\n<\/td>\n<td class=\"table_body__data\" colspan=\"1\">\n<p>+11:53<\/p>\n<\/td>\n<\/tr>\n<tr class=\"table__body__row\">\n<td class=\"table_body__data\" colspan=\"1\">\n<p>5<\/p>\n<\/td>\n<td class=\"table_body__data\" colspan=\"1\">\n<p>Luc\u00eda Gonz\u00e1lez Blanco (NESTA &#8211; MMR cycling team)<\/p>\n<\/td>\n<td class=\"table_body__data\" colspan=\"1\">\n<p>+13:35<\/p>\n<\/td>\n<\/tr>\n<tr class=\"table__body__row\">\n<td class=\"table_body__data\" colspan=\"1\">\n<p>6<\/p>\n<\/td>\n<td class=\"table_body__data\" colspan=\"1\">\n<p>Tessa Neefjes (Liv Racing Collective)<\/p>\n<\/td>\n<td class=\"table_body__data\" colspan=\"1\">\n<p>+14:58<\/p>\n<\/td>\n<\/tr>\n<tr class=\"table__body__row\">\n<td class=\"table_body__data\" colspan=\"1\">\n<p>7<\/p>\n<\/td>\n<td class=\"table_body__data\" colspan=\"1\">\n<p>Natalia Fischer (Extremadura-Ecopilas)<\/p>\n<\/td>\n<td class=\"table_body__data\" colspan=\"1\">\n<p>+19:48<\/p>\n<\/td>\n<\/tr>\n<tr class=\"table__body__row\">\n<td class=\"table_body__data\" colspan=\"1\">\n<p>8<\/p>\n<\/td>\n<td class=\"table_body__data\" colspan=\"1\">\n<p>Varvara Fasoi (Kronos Nikaias)<\/p>\n<\/td>\n<td class=\"table_body__data\" colspan=\"1\">\n<p>+24:03<\/p>\n<\/td>\n<\/tr>\n<tr class=\"table__body__row\">\n<td class=\"table_body__data\" colspan=\"1\">\n<p>9<\/p>\n<\/td>\n<td class=\"table_body__data\" colspan=\"1\">\n<p>Madeleine Nutt (Lauf\/Q36.5\/Panaracer)<\/p>\n<\/td>\n<td class=\"table_body__data\" colspan=\"1\">\n<p>+24:11<\/p>\n<\/td>\n<\/tr>\n<tr class=\"table__body__row\">\n<td class=\"table_body__data\" colspan=\"1\">\n<p>10<\/p>\n<\/td>\n<td class=\"table_body__data\" colspan=\"1\">\n<p>Elisa Caldas (ODL Team Kiwi Atlantico Craega)<\/p>\n<\/td>\n<td class=\"table_body__data\" colspan=\"1\">\n<p>+29:26<\/p>\n<\/td>\n<\/tr>\n<\/tbody>\n<\/table>\n<\/div>\n<\/div>\n<div id=\"slice-container-table-whFwXEjmZCUcauwoCgpf6T-GDociQJAz9DqLfigoYxsJJFKQFQzdIzm\" class=\"slice-container table-wrapper table-whFwXEjmZCUcauwoCgpf6T-GDociQJAz9DqLfigoYxsJJFKQFQzdIzm slice-container-table\">\n<div class=\"table__instruction\">Swipe to scroll horizontally<\/div>\n<div class=\"table__container\">\n<table class=\"table__wrapper table__wrapper--inbodyContent table__wrapper--sticky table__wrapper--divider\">\n<caption class=\"table__caption table__caption--top table__caption--left\">Elite men top 10<\/caption>\n<thead class=\"table__head\">\n<tr class=\"table__head__row\">\n<th class=\"table__head__heading table__head__heading--left\" colspan=\"1\">\n<p>Pos.<\/p>\n<\/th>\n<th class=\"table__head__heading table__head__heading--left\" colspan=\"1\">\n<p>Name (Team)<\/p>\n<\/th>\n<th class=\"table__head__heading table__head__heading--left\" colspan=\"1\">\n<p>Time Behind<\/p>\n<\/th>\n<\/tr>\n<\/thead>\n<tbody class=\"table__body\">\n<tr class=\"table__body__row\">\n<td class=\"table_body__data\" colspan=\"1\">\n<p>1<\/p>\n<\/td>\n<td class=\"table_body__data\" colspan=\"1\">\n<p>Mads W\u00fcrtz Schmidt (Specialized Off-Road)<\/p>\n<\/td>\n<td class=\"table_body__data\" colspan=\"1\">\n<p>3:31:36<\/p>\n<\/td>\n<\/tr>\n<tr class=\"table__body__row\">\n<td class=\"table_body__data\" colspan=\"1\">\n<p>2<\/p>\n<\/td>\n<td class=\"table_body__data\" colspan=\"1\">\n<p>Daan Zoet (Ridley Racing Team)<\/p>\n<\/td>\n<td class=\"table_body__data\" colspan=\"1\">\n<p>+7:41<\/p>\n<\/td>\n<\/tr>\n<tr class=\"table__body__row\">\n<td class=\"table_body__data\" colspan=\"1\">\n<p>3<\/p>\n<\/td>\n<td class=\"table_body__data\" colspan=\"1\">\n<p>Lawrence Naesen (Orbea Mafia)<\/p>\n<\/td>\n<td class=\"table_body__data\" colspan=\"1\">\n<p>+9:12<\/p>\n<\/td>\n<\/tr>\n<tr class=\"table__body__row\">\n<td class=\"table_body__data\" colspan=\"1\">\n<p>4<\/p>\n<\/td>\n<td class=\"table_body__data\" colspan=\"1\">\n<p>Jenson Young (Ribble Outliers)<\/p>\n<\/td>\n<td class=\"table_body__data\" colspan=\"1\">\n<p>+9:14<\/p>\n<\/td>\n<\/tr>\n<tr class=\"table__body__row\">\n<td class=\"table_body__data\" colspan=\"1\">\n<p>5<\/p>\n<\/td>\n<td class=\"table_body__data\" colspan=\"1\">\n<p>Ben Thomas (Ribble Outliers)<\/p>\n<\/td>\n<td class=\"table_body__data\" colspan=\"1\">\n<p>+9:31<\/p>\n<\/td>\n<\/tr>\n<tr class=\"table__body__row\">\n<td class=\"table_body__data\" colspan=\"1\">\n<p>6<\/p>\n<\/td>\n<td class=\"table_body__data\" colspan=\"1\">\n<p>Tiago Ferreira (Individual)<\/p>\n<\/td>\n<td class=\"table_body__data\" colspan=\"1\">\n<p>+9:57<\/p>\n<\/td>\n<\/tr>\n<tr class=\"table__body__row\">\n<td class=\"table_body__data\" colspan=\"1\">\n<p>7<\/p>\n<\/td>\n<td class=\"table_body__data\" colspan=\"1\">\n<p>Tobias M\u00f8rch Kongstad (PAS Racing)<\/p>\n<\/td>\n<td class=\"table_body__data\" colspan=\"1\">\n<p>+15:38<\/p>\n<\/td>\n<\/tr>\n<tr class=\"table__body__row\">\n<td class=\"table_body__data\" colspan=\"1\">\n<p>8<\/p>\n<\/td>\n<td class=\"table_body__data\" colspan=\"1\">\n<p>Jorge Gonz\u00e1lez Segurado (Arvo Cllcvt Orbea)<\/p>\n<\/td>\n<td class=\"table_body__data\" colspan=\"1\">\n<p>+20:51<\/p>\n<\/td>\n<\/tr>\n<tr class=\"table__body__row\">\n<td class=\"table_body__data\" colspan=\"1\">\n<p>9<\/p>\n<\/td>\n<td class=\"table_body__data\" colspan=\"1\">\n<p>Connor Sens (VIA Racing)<\/p>\n<\/td>\n<td class=\"table_body__data\" colspan=\"1\">\n<p>+20:53<\/p>\n<\/td>\n<\/tr>\n<tr class=\"table__body__row\">\n<td class=\"table_body__data\" colspan=\"1\">\n<p>10<\/p>\n<\/td>\n<td class=\"table_body__data\" colspan=\"1\">\n<p>Ra\u00fal Castrillo Sedano (Logos\/Bh\/Sn\u00f6)<\/p>\n<\/td>\n<td class=\"table_body__data\" colspan=\"1\">\n<p>+20:54<\/p>\n<\/td>\n<\/tr>\n<\/tbody>\n<\/table>\n<\/div>\n<\/div>\n<\/div>\n<div id=\"slice-container-authorBio-whFwXEjmZCUcauwoCgpf6T\" class=\"slice-container slice-author-bio authorBio-whFwXEjmZCUcauwoCgpf6T slice-container-authorBio\">\n<div class=\"author author__default-layout author--separator author--collapsible\" data-hydrate=\"true\">\n<div class=\"author__header\">\n<div class=\"author__avatar-block\">\n<figure class=\"image-wrapped__wrapper\" data-bordeaux-image-check=\"false\">\n<div class=\"image-wrapped__widthsetter\">\n<div class=\"image-wrapped__aspect-padding\">\n<div><source class=\"author__avatar image-wrapped__image image__image\" type=\"image\/webp\" srcset=\"https:\/\/cdn.mos.cms.futurecdn.net\/RUKCQmBBgAFRGkijgpLyah-140-80.jpg.webp 140w\" sizes=\"99vw\" data-normal=\"https:\/\/cdn.mos.cms.futurecdn.net\/RUKCQmBBgAFRGkijgpLyah.jpg\" data-original-mos=\"https:\/\/cdn.mos.cms.futurecdn.net\/RUKCQmBBgAFRGkijgpLyah.jpg\" data-pin-media=\"https:\/\/cdn.mos.cms.futurecdn.net\/RUKCQmBBgAFRGkijgpLyah.jpg\" data-pin-nopin=\"true\" data-slice-image=\"true\" \/><\/div>\n<\/div>\n<\/div>\n<\/figure>\n<\/div>\n<div class=\"author__heading\">\n<div class=\"author__name\">Simone Giuliani<\/div>\n<div class=\"author__social\">\n<nav class=\"button-social-group author__social-buttons\" aria-labelledby=\"button-social-group- author__social-buttons\">\n<div id=\"button-social-group- author__social-buttons\">Social Links Navigation<\/div>\n<\/nav>\n<\/div>\n<div class=\"author__role\">Australia Editor<\/div>\n<\/div>\n<\/div>\n<div class=\"author__bio-wrapper\">\n<div class=\"author__biography\">\n<p>Simone is a degree-qualified journalist that has accumulated decades of wide-ranging experience while working across a variety of leading media organisations. She joined <em>Cyclingnews<\/em> as a Production Editor at the start of the 2021 season and has now moved into the role of Australia Editor. Previously she worked as a freelance writer, Australian Editor at <em>Ella CyclingTips<\/em> and as a correspondent for <em>Reuters<\/em> and <em>Bloomberg<\/em>. Cycling was initially purely a leisure pursuit for Simone, who started out as a business journalist, but in 2015 her career focus also shifted to the sport.<\/p>\n<\/div>\n<\/div>\n<\/div>\n<\/div>\n<\/section>\n<div class=\"mt-6 lg:px-0 relative max-w-[1070px] mx-auto viafoura-twig-component px-4\" data-component-name=\"Viafoura:Comments\" data-nosnippet data-community-guidelines-text=\"&lt;p class='vfcustom-community-guidelines'&gt;Please follow our &lt;a href=&quot;https:\/\/www.cyclingnews.com\/about\/#section-community-guidelines&quot; target=&quot;_blank&quot;&gt;community guidelines&lt;\/a&gt;.&lt;\/p&gt;\" data-join-the-conversation-text=\"Join the Conversation\">\n<div class=\"absolute top-0 left-0 w-full h-full flex items-center justify-center z-50 bg-white\/90 border-1\">\n<div class=\"p-2 text-center\">\n<p class=\"mb-3 !text-lg\">You must confirm your public display name before commenting<\/p>\n<p class=\"mb-3 !text-sm\">Please logout and then login again, you will then be prompted to enter your display name.<\/p>\n<\/div>\n<\/div>\n<\/div>\n<section class=\"mx-2 my-5 sm:mx-0\">\n<aside class=\"w-full\" data-nosnippet data-mrf-recirculation=\"article-river-stacked\">\n<div data-recirc-id=\"article-river-stacked-adviser:hybrid\">\n<div class=\"text-white py-4 px-3 mb-4 bg-[#333] uppercase font-bold custom-header-styles\">Read more<\/div>\n<div class=\"grid grid-cols-1 gap-4 mt-4 mb-5\">\n<div>\n<div class=\"aspect-[--img-listing-aspect-ratio,16\/9] relative mb-3.5\">\n    <source type=\"image\/webp\" srcset=\"https:\/\/cdn.mos.cms.futurecdn.net\/UyzzxsiipWSVotnPYkPeZF-840-80.jpg.webp 840w, https:\/\/cdn.mos.cms.futurecdn.net\/UyzzxsiipWSVotnPYkPeZF-650-80.jpg.webp 650w, https:\/\/cdn.mos.cms.futurecdn.net\/UyzzxsiipWSVotnPYkPeZF-500-80.jpg.webp 500w, https:\/\/cdn.mos.cms.futurecdn.net\/UyzzxsiipWSVotnPYkPeZF-450-80.jpg.webp 450w, https:\/\/cdn.mos.cms.futurecdn.net\/UyzzxsiipWSVotnPYkPeZF-320-80.jpg.webp 320w\" sizes=\"(min-width: 900px) 925px, (min-width: 700px) 450px, calc(100vw - 48px)\" \/><\/div>\n<p><span class=\"custom-subheading-styles\">Racing<\/span><span class=\"text-base text-black font-bold mx-0 my-2.5 p-0 block custom-text-styles\">UCI Gravel World Series \u2013 Romain Bardet and Sofia G\u00f3mez Villafa\u00f1e win Castell\u00f3n Gravel Race<\/span><\/div>\n<div class=\"relative recirc-feed sponsored-card min-h-[250px]\" data-recirc-id=\"article-river-stacked-ads:native-cards\" data-mrf-recirculation=\"article-river-ads\" data-nosnippet data-ad-slot-path=\"feed-sponsored-post\" data-attribute-device=\"all\">\n<div class=\"sponsored-post--placeholder max-w-full animate-pulse\"><span><span class=\"text-base text-black font-bold mx-0 my-2.5 p-0 block bg-gray-100\">\u00a0<br \/>\u00a0<\/span><\/span><\/div>\n<\/div>\n<div>\n<div class=\"aspect-[--img-listing-aspect-ratio,16\/9] relative mb-3.5\">\n    <source type=\"image\/webp\" srcset=\"https:\/\/cdn.mos.cms.futurecdn.net\/jUCiU7bpZQYnonQfxwezuf-840-80.jpg.webp 840w, https:\/\/cdn.mos.cms.futurecdn.net\/jUCiU7bpZQYnonQfxwezuf-650-80.jpg.webp 650w, https:\/\/cdn.mos.cms.futurecdn.net\/jUCiU7bpZQYnonQfxwezuf-500-80.jpg.webp 500w, https:\/\/cdn.mos.cms.futurecdn.net\/jUCiU7bpZQYnonQfxwezuf-450-80.jpg.webp 450w, https:\/\/cdn.mos.cms.futurecdn.net\/jUCiU7bpZQYnonQfxwezuf-320-80.jpg.webp 320w\" sizes=\"(min-width: 900px) 925px, (min-width: 700px) 450px, calc(100vw - 48px)\" \/><\/div>\n<p><span class=\"custom-subheading-styles\">Racing<\/span><span class=\"text-base text-black font-bold mx-0 my-2.5 p-0 block custom-text-styles\">UCI Gravel World Series: Nicole Frain best in three-rider women&#8217;s sprint while Jarno Bellens goes solo to win elite men&#8217;s race at Turnhout Gravel<\/span><\/div>\n<div class=\"relative recirc-feed sponsored-card min-h-[250px]\" data-recirc-id=\"article-river-stacked-ads:native-cards\" data-mrf-recirculation=\"article-river-ads\" data-nosnippet data-ad-slot-path=\"feed-sponsored-post\" data-attribute-device=\"all\">\n<div class=\"sponsored-post--placeholder max-w-full animate-pulse\"><span><span class=\"text-base text-black font-bold mx-0 my-2.5 p-0 block bg-gray-100\">\u00a0<br \/>\u00a0<\/span><\/span><\/div>\n<\/div>\n<div>\n<div class=\"aspect-[--img-listing-aspect-ratio,16\/9] relative mb-3.5\">\n    <source type=\"image\/webp\" srcset=\"https:\/\/cdn.mos.cms.futurecdn.net\/UgUkn5FySF3DNhE7vYpMyN-840-80.jpg.webp 840w, https:\/\/cdn.mos.cms.futurecdn.net\/UgUkn5FySF3DNhE7vYpMyN-650-80.jpg.webp 650w, https:\/\/cdn.mos.cms.futurecdn.net\/UgUkn5FySF3DNhE7vYpMyN-500-80.jpg.webp 500w, https:\/\/cdn.mos.cms.futurecdn.net\/UgUkn5FySF3DNhE7vYpMyN-450-80.jpg.webp 450w, https:\/\/cdn.mos.cms.futurecdn.net\/UgUkn5FySF3DNhE7vYpMyN-320-80.jpg.webp 320w\" sizes=\"(min-width: 900px) 925px, (min-width: 700px) 450px, calc(100vw - 48px)\" \/><\/div>\n<p><span class=\"custom-subheading-styles\">Racing<\/span><span class=\"text-base text-black font-bold mx-0 my-2.5 p-0 block custom-text-styles\">Nicole Frain sweeps RADL GRVL and first-ever Oceania Gravel Championship for elite women while Romain Bardet earns gravel race victory for elite men<\/span><\/div>\n<div class=\"relative recirc-feed sponsored-card min-h-[250px]\" data-recirc-id=\"article-river-stacked-ads:native-cards\" data-mrf-recirculation=\"article-river-ads\" data-nosnippet data-ad-slot-path=\"feed-sponsored-post\" data-attribute-device=\"all\">\n<div class=\"sponsored-post--placeholder max-w-full animate-pulse\"><span><span class=\"text-base text-black font-bold mx-0 my-2.5 p-0 block bg-gray-100\">\u00a0<br \/>\u00a0<\/span><\/span><\/div>\n<\/div>\n<div>\n<div class=\"aspect-[--img-listing-aspect-ratio,16\/9] relative mb-3.5\">\n    <source type=\"image\/webp\" srcset=\"https:\/\/cdn.mos.cms.futurecdn.net\/JWZdHa6Q3Lx3tbn4f39QgL-840-80.jpg.webp 840w, https:\/\/cdn.mos.cms.futurecdn.net\/JWZdHa6Q3Lx3tbn4f39QgL-650-80.jpg.webp 650w, https:\/\/cdn.mos.cms.futurecdn.net\/JWZdHa6Q3Lx3tbn4f39QgL-500-80.jpg.webp 500w, https:\/\/cdn.mos.cms.futurecdn.net\/JWZdHa6Q3Lx3tbn4f39QgL-450-80.jpg.webp 450w, https:\/\/cdn.mos.cms.futurecdn.net\/JWZdHa6Q3Lx3tbn4f39QgL-320-80.jpg.webp 320w\" sizes=\"(min-width: 900px) 925px, (min-width: 700px) 450px, calc(100vw - 48px)\" \/><\/div>\n<p><span class=\"custom-subheading-styles\">Pro Cycling<\/span><span class=\"text-base text-black font-bold mx-0 my-2.5 p-0 block custom-text-styles\">Sof\u00eda G\u00f3mez Villafa\u00f1e and Mads Wurtz Schmidt start the season on top step with overall victory at a muddy edition of Santa Vall<\/span><\/div>\n<div class=\"relative recirc-feed sponsored-card min-h-[250px]\" data-recirc-id=\"article-river-stacked-ads:native-cards\" data-mrf-recirculation=\"article-river-ads\" data-nosnippet data-ad-slot-path=\"feed-sponsored-post\" data-attribute-device=\"all\">\n<div class=\"sponsored-post--placeholder max-w-full animate-pulse\"><span><span class=\"text-base text-black font-bold mx-0 my-2.5 p-0 block bg-gray-100\">\u00a0<br \/>\u00a0<\/span><\/span><\/div>\n<\/div>\n<div>\n<div class=\"aspect-[--img-listing-aspect-ratio,16\/9] relative mb-3.5\">\n    <source type=\"image\/webp\" srcset=\"https:\/\/cdn.mos.cms.futurecdn.net\/UUywAkmkw4DmdVZUfhdXS8-840-80.jpg.webp 840w, https:\/\/cdn.mos.cms.futurecdn.net\/UUywAkmkw4DmdVZUfhdXS8-650-80.jpg.webp 650w, https:\/\/cdn.mos.cms.futurecdn.net\/UUywAkmkw4DmdVZUfhdXS8-500-80.jpg.webp 500w, https:\/\/cdn.mos.cms.futurecdn.net\/UUywAkmkw4DmdVZUfhdXS8-450-80.jpg.webp 450w, https:\/\/cdn.mos.cms.futurecdn.net\/UUywAkmkw4DmdVZUfhdXS8-320-80.jpg.webp 320w\" sizes=\"(min-width: 900px) 925px, (min-width: 700px) 450px, calc(100vw - 48px)\" \/><\/div>\n<p><span class=\"custom-subheading-styles\">Pro Cycling<\/span><span class=\"text-base text-black font-bold mx-0 my-2.5 p-0 block custom-text-styles\">UCI Gravel World Series: Hayley Preen attacks on Uitkyk Pass to claim win at The Ceder while Filippo Colombo scores maiden gravel victory<\/span><\/div>\n<div class=\"relative recirc-feed sponsored-card min-h-[250px]\" data-recirc-id=\"article-river-stacked-ads:native-cards\" data-mrf-recirculation=\"article-river-ads\" data-nosnippet data-ad-slot-path=\"feed-sponsored-post\" data-attribute-device=\"all\">\n<div class=\"sponsored-post--placeholder max-w-full animate-pulse\"><span><span class=\"text-base text-black font-bold mx-0 my-2.5 p-0 block bg-gray-100\">\u00a0<br \/>\u00a0<\/span><\/span><\/div>\n<\/div>\n<div>\n<div class=\"aspect-[--img-listing-aspect-ratio,16\/9] relative mb-3.5\">\n    <source type=\"image\/webp\" srcset=\"https:\/\/cdn.mos.cms.futurecdn.net\/QmMbkepResnZQM2S77yR7B-840-80.jpg.webp 840w, https:\/\/cdn.mos.cms.futurecdn.net\/QmMbkepResnZQM2S77yR7B-650-80.jpg.webp 650w, https:\/\/cdn.mos.cms.futurecdn.net\/QmMbkepResnZQM2S77yR7B-500-80.jpg.webp 500w, https:\/\/cdn.mos.cms.futurecdn.net\/QmMbkepResnZQM2S77yR7B-450-80.jpg.webp 450w, https:\/\/cdn.mos.cms.futurecdn.net\/QmMbkepResnZQM2S77yR7B-320-80.jpg.webp 320w\" sizes=\"(min-width: 900px) 925px, (min-width: 700px) 450px, calc(100vw - 48px)\" \/><\/div>\n<p><span class=\"custom-subheading-styles\">Women&#8217;s Cycling<\/span><span class=\"text-base text-black font-bold mx-0 my-2.5 p-0 block custom-text-styles\">Bradyn Lange and Larissa Hartog claim victories at The Hills Gravel<\/span><\/div>\n<div class=\"relative recirc-feed sponsored-card min-h-[250px]\" data-recirc-id=\"article-river-stacked-ads:native-cards\" data-mrf-recirculation=\"article-river-ads\" data-nosnippet data-ad-slot-path=\"feed-sponsored-post\" data-attribute-device=\"all\">\n<div class=\"sponsored-post--placeholder max-w-full animate-pulse\"><span><span class=\"text-base text-black font-bold mx-0 my-2.5 p-0 block bg-gray-100\">\u00a0<br \/>\u00a0<\/span><\/span><\/div>\n<\/div>\n<\/div>\n<\/div>\n<\/aside>\n<aside class=\"w-full\" data-nosnippet data-mrf-recirculation=\"article-river-stacked\">\n<div data-recirc-id=\"article-river-stacked-solr:latest-category\">\n<div class=\"text-white py-4 px-3 mb-4 bg-[#333] uppercase font-bold custom-header-styles\">Latest in Pro Cycling<\/div>\n<div class=\"grid grid-cols-1 gap-4 mt-4 mb-5\">\n<div>\n<div class=\"aspect-[--img-listing-aspect-ratio,16\/9] relative mb-3.5\">\n    <source type=\"image\/webp\" srcset=\"https:\/\/cdn.mos.cms.futurecdn.net\/upAciNBEaLB5QXgnJ46ytR-840-80.jpg.webp 840w, https:\/\/cdn.mos.cms.futurecdn.net\/upAciNBEaLB5QXgnJ46ytR-650-80.jpg.webp 650w, https:\/\/cdn.mos.cms.futurecdn.net\/upAciNBEaLB5QXgnJ46ytR-500-80.jpg.webp 500w, https:\/\/cdn.mos.cms.futurecdn.net\/upAciNBEaLB5QXgnJ46ytR-450-80.jpg.webp 450w, https:\/\/cdn.mos.cms.futurecdn.net\/upAciNBEaLB5QXgnJ46ytR-320-80.jpg.webp 320w\" sizes=\"(min-width: 900px) 925px, (min-width: 700px) 450px, calc(100vw - 48px)\" \/><\/div>\n<p><span class=\"custom-subheading-styles\">Teams &amp; Riders<\/span><span class=\"text-base text-black font-bold mx-0 my-2.5 p-0 block custom-text-styles\">&#8216;Feel like Mike Tyson punched me in the back&#8217; \u2013 Ben Turner dusts himself off after bizarre somersault crash at In Flanders Fields<\/span><\/div>\n<div class=\"relative recirc-feed sponsored-card min-h-[250px]\" data-recirc-id=\"article-river-stacked-ads:native-cards\" data-mrf-recirculation=\"article-river-ads\" data-nosnippet data-ad-slot-path=\"feed-sponsored-post\" data-attribute-device=\"all\">\n<div class=\"sponsored-post--placeholder max-w-full animate-pulse\"><span><span class=\"text-base text-black font-bold mx-0 my-2.5 p-0 block bg-gray-100\">\u00a0<br \/>\u00a0<\/span><\/span><\/div>\n<\/div>\n<div>\n<div class=\"aspect-[--img-listing-aspect-ratio,16\/9] relative mb-3.5\">\n    <source type=\"image\/webp\" srcset=\"https:\/\/cdn.mos.cms.futurecdn.net\/fbhKqCBHZEF9DZz5i55KoT-840-80.webp 840w, https:\/\/cdn.mos.cms.futurecdn.net\/fbhKqCBHZEF9DZz5i55KoT-650-80.webp 650w, https:\/\/cdn.mos.cms.futurecdn.net\/fbhKqCBHZEF9DZz5i55KoT-500-80.webp 500w, https:\/\/cdn.mos.cms.futurecdn.net\/fbhKqCBHZEF9DZz5i55KoT-450-80.webp 450w, https:\/\/cdn.mos.cms.futurecdn.net\/fbhKqCBHZEF9DZz5i55KoT-320-80.webp 320w\" sizes=\"(min-width: 900px) 925px, (min-width: 700px) 450px, calc(100vw - 48px)\" \/><\/div>\n<p><span class=\"custom-subheading-styles\">Teams &amp; Riders<\/span><span class=\"text-base text-black font-bold mx-0 my-2.5 p-0 block custom-text-styles\">&#8216;Strong athletic potential and a high VO2 max&#8217; \u2013 Decathlon CMA CGM sign skier and four-time Olympic medallist \u00c9milien Jacquelin for NewGen Devo team project<\/span><\/div>\n<div class=\"relative recirc-feed sponsored-card min-h-[250px]\" data-recirc-id=\"article-river-stacked-ads:native-cards\" data-mrf-recirculation=\"article-river-ads\" data-nosnippet data-ad-slot-path=\"feed-sponsored-post\" data-attribute-device=\"all\">\n<div class=\"sponsored-post--placeholder max-w-full animate-pulse\"><span><span class=\"text-base text-black font-bold mx-0 my-2.5 p-0 block bg-gray-100\">\u00a0<br \/>\u00a0<\/span><\/span><\/div>\n<\/div>\n<div>\n<div class=\"aspect-[--img-listing-aspect-ratio,16\/9] relative mb-3.5\">\n    <source type=\"image\/webp\" srcset=\"https:\/\/cdn.mos.cms.futurecdn.net\/rcETCoJsDCpoif83S8uocA-840-80.jpg.webp 840w, https:\/\/cdn.mos.cms.futurecdn.net\/rcETCoJsDCpoif83S8uocA-650-80.jpg.webp 650w, https:\/\/cdn.mos.cms.futurecdn.net\/rcETCoJsDCpoif83S8uocA-500-80.jpg.webp 500w, https:\/\/cdn.mos.cms.futurecdn.net\/rcETCoJsDCpoif83S8uocA-450-80.jpg.webp 450w, https:\/\/cdn.mos.cms.futurecdn.net\/rcETCoJsDCpoif83S8uocA-320-80.jpg.webp 320w\" sizes=\"(min-width: 900px) 925px, (min-width: 700px) 450px, calc(100vw - 48px)\" \/><\/div>\n<p><span class=\"custom-subheading-styles\">Racing<\/span><span class=\"text-base text-black font-bold mx-0 my-2.5 p-0 block custom-text-styles\">A clinical Jonas Vingegaard and a long list of riders MIA \u2013 Philippa York analyses the Volta a Catalunya<\/span><\/div>\n<div class=\"relative recirc-feed sponsored-card min-h-[250px]\" data-recirc-id=\"article-river-stacked-ads:native-cards\" data-mrf-recirculation=\"article-river-ads\" data-nosnippet data-ad-slot-path=\"feed-sponsored-post\" data-attribute-device=\"all\">\n<div class=\"sponsored-post--placeholder max-w-full animate-pulse\"><span><span class=\"text-base text-black font-bold mx-0 my-2.5 p-0 block bg-gray-100\">\u00a0<br \/>\u00a0<\/span><\/span><\/div>\n<\/div>\n<div>\n<div class=\"aspect-[--img-listing-aspect-ratio,16\/9] relative mb-3.5\">\n    <source type=\"image\/webp\" srcset=\"https:\/\/cdn.mos.cms.futurecdn.net\/LcHV4scDifcYtpPXLbFYE5-840-80.png.webp 840w, https:\/\/cdn.mos.cms.futurecdn.net\/LcHV4scDifcYtpPXLbFYE5-650-80.png.webp 650w, https:\/\/cdn.mos.cms.futurecdn.net\/LcHV4scDifcYtpPXLbFYE5-500-80.png.webp 500w, https:\/\/cdn.mos.cms.futurecdn.net\/LcHV4scDifcYtpPXLbFYE5-450-80.png.webp 450w, https:\/\/cdn.mos.cms.futurecdn.net\/LcHV4scDifcYtpPXLbFYE5-320-80.png.webp 320w\" sizes=\"(min-width: 900px) 925px, (min-width: 700px) 450px, calc(100vw - 48px)\" \/><\/div>\n<p><span class=\"custom-subheading-styles\">Teams &amp; Riders<\/span><span class=\"text-base text-black font-bold mx-0 my-2.5 p-0 block custom-text-styles\">A dark horse for the podium at Tour of Flanders and Paris-Roubaix? \u2013 Cycling&#8217;s new late attacker is making his presence impossible to ignore<\/span><\/div>\n<div class=\"relative recirc-feed sponsored-card min-h-[250px]\" data-recirc-id=\"article-river-stacked-ads:native-cards\" data-mrf-recirculation=\"article-river-ads\" data-nosnippet data-ad-slot-path=\"feed-sponsored-post\" data-attribute-device=\"all\">\n<div class=\"sponsored-post--placeholder max-w-full animate-pulse\"><span><span class=\"text-base text-black font-bold mx-0 my-2.5 p-0 block bg-gray-100\">\u00a0<br \/>\u00a0<\/span><\/span><\/div>\n<\/div>\n<div>\n<div class=\"aspect-[--img-listing-aspect-ratio,16\/9] relative mb-3.5\">\n    <source type=\"image\/webp\" srcset=\"https:\/\/cdn.mos.cms.futurecdn.net\/zZnidYmqdY7qd9srimXRVH-840-80.jpg.webp 840w, https:\/\/cdn.mos.cms.futurecdn.net\/zZnidYmqdY7qd9srimXRVH-650-80.jpg.webp 650w, https:\/\/cdn.mos.cms.futurecdn.net\/zZnidYmqdY7qd9srimXRVH-500-80.jpg.webp 500w, https:\/\/cdn.mos.cms.futurecdn.net\/zZnidYmqdY7qd9srimXRVH-450-80.jpg.webp 450w, https:\/\/cdn.mos.cms.futurecdn.net\/zZnidYmqdY7qd9srimXRVH-320-80.jpg.webp 320w\" sizes=\"(min-width: 900px) 925px, (min-width: 700px) 450px, calc(100vw - 48px)\" \/><\/div>\n<p><span class=\"custom-subheading-styles\">Pro Cycling<\/span><span class=\"text-base text-black font-bold mx-0 my-2.5 p-0 block custom-text-styles\">Life Time Grand Prix 2026<\/span><\/div>\n<div class=\"relative recirc-feed sponsored-card min-h-[250px]\" data-recirc-id=\"article-river-stacked-ads:native-cards\" data-mrf-recirculation=\"article-river-ads\" data-nosnippet data-ad-slot-path=\"feed-sponsored-post\" data-attribute-device=\"all\">\n<div class=\"sponsored-post--placeholder max-w-full animate-pulse\"><span><span class=\"text-base text-black font-bold mx-0 my-2.5 p-0 block bg-gray-100\">\u00a0<br \/>\u00a0<\/span><\/span><\/div>\n<\/div>\n<div>\n<div class=\"aspect-[--img-listing-aspect-ratio,16\/9] relative mb-3.5\">\n    <source type=\"image\/webp\" srcset=\"https:\/\/cdn.mos.cms.futurecdn.net\/q4wQw5h4YugeLrLYK2mqEm-840-80.jpg.webp 840w, https:\/\/cdn.mos.cms.futurecdn.net\/q4wQw5h4YugeLrLYK2mqEm-650-80.jpg.webp 650w, https:\/\/cdn.mos.cms.futurecdn.net\/q4wQw5h4YugeLrLYK2mqEm-500-80.jpg.webp 500w, https:\/\/cdn.mos.cms.futurecdn.net\/q4wQw5h4YugeLrLYK2mqEm-450-80.jpg.webp 450w, https:\/\/cdn.mos.cms.futurecdn.net\/q4wQw5h4YugeLrLYK2mqEm-320-80.jpg.webp 320w\" sizes=\"(min-width: 900px) 925px, (min-width: 700px) 450px, calc(100vw - 48px)\" \/><\/div>\n<p><span class=\"custom-subheading-styles\">Safety<\/span><span class=\"text-base text-black font-bold mx-0 my-2.5 p-0 block custom-text-styles\">No &#8216;criminally relevant breach of duty&#8217; in death of Muriel Furrer during UCI Road World Championships as investigation closed<\/span><\/div>\n<div class=\"relative recirc-feed sponsored-card min-h-[250px]\" data-recirc-id=\"article-river-stacked-ads:native-cards\" data-mrf-recirculation=\"article-river-ads\" data-nosnippet data-ad-slot-path=\"feed-sponsored-post\" data-attribute-device=\"all\">\n<div class=\"sponsored-post--placeholder max-w-full animate-pulse\"><span><span class=\"text-base text-black font-bold mx-0 my-2.5 p-0 block bg-gray-100\">\u00a0<br \/>\u00a0<\/span><\/span><\/div>\n<\/div>\n<\/div>\n<\/div>\n<\/aside>\n<aside class=\"w-full\" data-nosnippet data-mrf-recirculation=\"article-river-stacked\">\n<div data-recirc-id=\"article-river-stacked-solr:latest-articletype\">\n<div class=\"text-white py-4 px-3 mb-4 bg-[#333] uppercase font-bold custom-header-styles\">Latest in Race Results<\/div>\n<div class=\"grid grid-cols-1 gap-4 mt-4 mb-5\">\n<div>\n<div class=\"aspect-[--img-listing-aspect-ratio,16\/9] relative mb-3.5\">\n    <source type=\"image\/webp\" srcset=\"https:\/\/cdn.mos.cms.futurecdn.net\/JM7abyE4iw2Lrx4xTSQwBE-840-80.jpg.webp 840w, https:\/\/cdn.mos.cms.futurecdn.net\/JM7abyE4iw2Lrx4xTSQwBE-650-80.jpg.webp 650w, https:\/\/cdn.mos.cms.futurecdn.net\/JM7abyE4iw2Lrx4xTSQwBE-500-80.jpg.webp 500w, https:\/\/cdn.mos.cms.futurecdn.net\/JM7abyE4iw2Lrx4xTSQwBE-450-80.jpg.webp 450w, https:\/\/cdn.mos.cms.futurecdn.net\/JM7abyE4iw2Lrx4xTSQwBE-320-80.jpg.webp 320w\" sizes=\"(min-width: 900px) 925px, (min-width: 700px) 450px, calc(100vw - 48px)\" \/><\/div>\n<p><span class=\"custom-subheading-styles\">Racing<\/span><span class=\"text-base text-black font-bold mx-0 my-2.5 p-0 block custom-text-styles\">Cl\u00e9ment Venturini claims first win in eight years at Roue Tourangelle<\/span><\/div>\n<div class=\"relative recirc-feed sponsored-card min-h-[250px]\" data-recirc-id=\"article-river-stacked-ads:native-cards\" data-mrf-recirculation=\"article-river-ads\" data-nosnippet data-ad-slot-path=\"feed-sponsored-post\" data-attribute-device=\"all\">\n<div class=\"sponsored-post--placeholder max-w-full animate-pulse\"><span><span class=\"text-base text-black font-bold mx-0 my-2.5 p-0 block bg-gray-100\">\u00a0<br \/>\u00a0<\/span><\/span><\/div>\n<\/div>\n<div>\n<div class=\"aspect-[--img-listing-aspect-ratio,16\/9] relative mb-3.5\">\n    <source type=\"image\/webp\" srcset=\"https:\/\/cdn.mos.cms.futurecdn.net\/PRaDmmLdJcwtpAZEyEc6o5-840-80.jpg.webp 840w, https:\/\/cdn.mos.cms.futurecdn.net\/PRaDmmLdJcwtpAZEyEc6o5-650-80.jpg.webp 650w, https:\/\/cdn.mos.cms.futurecdn.net\/PRaDmmLdJcwtpAZEyEc6o5-500-80.jpg.webp 500w, https:\/\/cdn.mos.cms.futurecdn.net\/PRaDmmLdJcwtpAZEyEc6o5-450-80.jpg.webp 450w, https:\/\/cdn.mos.cms.futurecdn.net\/PRaDmmLdJcwtpAZEyEc6o5-320-80.jpg.webp 320w\" sizes=\"(min-width: 900px) 925px, (min-width: 700px) 450px, calc(100vw - 48px)\" \/><\/div>\n<p><span class=\"custom-subheading-styles\">Women&#8217;s Cycling<\/span><span class=\"text-base text-black font-bold mx-0 my-2.5 p-0 block custom-text-styles\">In Flanders Fields Women: Lorena Wiebes sprints to record third consecutive victory in Wevelgem<\/span><\/div>\n<div class=\"relative recirc-feed sponsored-card min-h-[250px]\" data-recirc-id=\"article-river-stacked-ads:native-cards\" data-mrf-recirculation=\"article-river-ads\" data-nosnippet data-ad-slot-path=\"feed-sponsored-post\" data-attribute-device=\"all\">\n<div class=\"sponsored-post--placeholder max-w-full animate-pulse\"><span><span class=\"text-base text-black font-bold mx-0 my-2.5 p-0 block bg-gray-100\">\u00a0<br \/>\u00a0<\/span><\/span><\/div>\n<\/div>\n<div>\n<div class=\"aspect-[--img-listing-aspect-ratio,16\/9] relative mb-3.5\">\n    <source type=\"image\/webp\" srcset=\"https:\/\/cdn.mos.cms.futurecdn.net\/Lk7kejsz7kmSLaN4BUMG7R-840-80.jpg.webp 840w, https:\/\/cdn.mos.cms.futurecdn.net\/Lk7kejsz7kmSLaN4BUMG7R-650-80.jpg.webp 650w, https:\/\/cdn.mos.cms.futurecdn.net\/Lk7kejsz7kmSLaN4BUMG7R-500-80.jpg.webp 500w, https:\/\/cdn.mos.cms.futurecdn.net\/Lk7kejsz7kmSLaN4BUMG7R-450-80.jpg.webp 450w, https:\/\/cdn.mos.cms.futurecdn.net\/Lk7kejsz7kmSLaN4BUMG7R-320-80.jpg.webp 320w\" sizes=\"(min-width: 900px) 925px, (min-width: 700px) 450px, calc(100vw - 48px)\" \/><\/div>\n<p><span class=\"custom-subheading-styles\">Racing<\/span><span class=\"text-base text-black font-bold mx-0 my-2.5 p-0 block custom-text-styles\">In Flanders Fields: Jasper Philipsen clinches bunch sprint victory as spectacular late breakaway by Mathieu van der Poel and Wout van Aert collapses close to the line<\/span><\/div>\n<div class=\"relative recirc-feed sponsored-card min-h-[250px]\" data-recirc-id=\"article-river-stacked-ads:native-cards\" data-mrf-recirculation=\"article-river-ads\" data-nosnippet data-ad-slot-path=\"feed-sponsored-post\" data-attribute-device=\"all\">\n<div class=\"sponsored-post--placeholder max-w-full animate-pulse\"><span><span class=\"text-base text-black font-bold mx-0 my-2.5 p-0 block bg-gray-100\">\u00a0<br \/>\u00a0<\/span><\/span><\/div>\n<\/div>\n<div>\n<div class=\"aspect-[--img-listing-aspect-ratio,16\/9] relative mb-3.5\">\n    <source type=\"image\/webp\" srcset=\"https:\/\/cdn.mos.cms.futurecdn.net\/yZihTUm4JcWqhVU7DS8D7o-840-80.jpg.webp 840w, https:\/\/cdn.mos.cms.futurecdn.net\/yZihTUm4JcWqhVU7DS8D7o-650-80.jpg.webp 650w, https:\/\/cdn.mos.cms.futurecdn.net\/yZihTUm4JcWqhVU7DS8D7o-500-80.jpg.webp 500w, https:\/\/cdn.mos.cms.futurecdn.net\/yZihTUm4JcWqhVU7DS8D7o-450-80.jpg.webp 450w, https:\/\/cdn.mos.cms.futurecdn.net\/yZihTUm4JcWqhVU7DS8D7o-320-80.jpg.webp 320w\" sizes=\"(min-width: 900px) 925px, (min-width: 700px) 450px, calc(100vw - 48px)\" \/><\/div>\n<p><span class=\"custom-subheading-styles\">Racing<\/span><span class=\"text-base text-black font-bold mx-0 my-2.5 p-0 block custom-text-styles\">Volta a Catalunya: Jonas Vingegaard secures second major overall victory of 2026, Brady Gilmore sprints to surprise final stage win in Barcelona<\/span><\/div>\n<div class=\"relative recirc-feed sponsored-card min-h-[250px]\" data-recirc-id=\"article-river-stacked-ads:native-cards\" data-mrf-recirculation=\"article-river-ads\" data-nosnippet data-ad-slot-path=\"feed-sponsored-post\" data-attribute-device=\"all\">\n<div class=\"sponsored-post--placeholder max-w-full animate-pulse\"><span><span class=\"text-base text-black font-bold mx-0 my-2.5 p-0 block bg-gray-100\">\u00a0<br \/>\u00a0<\/span><\/span><\/div>\n<\/div>\n<div>\n<div class=\"aspect-[--img-listing-aspect-ratio,16\/9] relative mb-3.5\">\n    <source type=\"image\/webp\" srcset=\"https:\/\/cdn.mos.cms.futurecdn.net\/RaHB8vz8hqZWTJovtHgirM-840-80.jpg.webp 840w, https:\/\/cdn.mos.cms.futurecdn.net\/RaHB8vz8hqZWTJovtHgirM-650-80.jpg.webp 650w, https:\/\/cdn.mos.cms.futurecdn.net\/RaHB8vz8hqZWTJovtHgirM-500-80.jpg.webp 500w, https:\/\/cdn.mos.cms.futurecdn.net\/RaHB8vz8hqZWTJovtHgirM-450-80.jpg.webp 450w, https:\/\/cdn.mos.cms.futurecdn.net\/RaHB8vz8hqZWTJovtHgirM-320-80.jpg.webp 320w\" sizes=\"(min-width: 900px) 925px, (min-width: 700px) 450px, calc(100vw - 48px)\" \/><\/div>\n<p><span class=\"custom-subheading-styles\">Racing<\/span><span class=\"text-base text-black font-bold mx-0 my-2.5 p-0 block custom-text-styles\">Coppi e Bartali: Mauro Schmid eclipses Axel Laurance to claim overall victory in thrilling two-up sprint on final day<\/span><\/div>\n<div class=\"relative recirc-feed sponsored-card min-h-[250px]\" data-recirc-id=\"article-river-stacked-ads:native-cards\" data-mrf-recirculation=\"article-river-ads\" data-nosnippet data-ad-slot-path=\"feed-sponsored-post\" data-attribute-device=\"all\">\n<div class=\"sponsored-post--placeholder max-w-full animate-pulse\"><span><span class=\"text-base text-black font-bold mx-0 my-2.5 p-0 block bg-gray-100\">\u00a0<br \/>\u00a0<\/span><\/span><\/div>\n<\/div>\n<div>\n<div class=\"aspect-[--img-listing-aspect-ratio,16\/9] relative mb-3.5\">\n    <source type=\"image\/webp\" srcset=\"https:\/\/cdn.mos.cms.futurecdn.net\/QmMbkepResnZQM2S77yR7B-840-80.jpg.webp 840w, https:\/\/cdn.mos.cms.futurecdn.net\/QmMbkepResnZQM2S77yR7B-650-80.jpg.webp 650w, https:\/\/cdn.mos.cms.futurecdn.net\/QmMbkepResnZQM2S77yR7B-500-80.jpg.webp 500w, https:\/\/cdn.mos.cms.futurecdn.net\/QmMbkepResnZQM2S77yR7B-450-80.jpg.webp 450w, https:\/\/cdn.mos.cms.futurecdn.net\/QmMbkepResnZQM2S77yR7B-320-80.jpg.webp 320w\" sizes=\"(min-width: 900px) 925px, (min-width: 700px) 450px, calc(100vw - 48px)\" \/><\/div>\n<p><span class=\"custom-subheading-styles\">Women&#8217;s Cycling<\/span><span class=\"text-base text-black font-bold mx-0 my-2.5 p-0 block custom-text-styles\">Bradyn Lange and Larissa Hartog claim victories at The Hills Gravel<\/span><\/div>\n<div class=\"relative recirc-feed sponsored-card min-h-[250px]\" data-recirc-id=\"article-river-stacked-ads:native-cards\" data-mrf-recirculation=\"article-river-ads\" data-nosnippet data-ad-slot-path=\"feed-sponsored-post\" data-attribute-device=\"all\">\n<div class=\"sponsored-post--placeholder max-w-full animate-pulse\"><span><span class=\"text-base text-black font-bold mx-0 my-2.5 p-0 block bg-gray-100\">\u00a0<br \/>\u00a0<\/span><\/span><\/div>\n<\/div>\n<\/div>\n<\/div>\n<\/aside>\n<\/section>\n<\/div>\n<\/div>\n<\/div>\n<div id=\"widgetArea17\" class=\"widget-area md:basis-1\/3 widget-area-g-md-vp-1-3 widget-area-g-lg-vp-1-3 widget-area-g-xl-vp-1-3 page-widget-area-17\">\n<div data-widget-type=\"dynamic\" id=\"popular-data\" class=\"clear-both widget widget-dynamic widget-popular-data widget-dynamic-popular-data widget-dynamic-fter-popular-box\">\n<div class=\"wdn-fte-pb pos-relative space-t20\n\"><\/p>\n<div id=\"slice-container-popularBox\" class=\"slice-container popular-box-slice popularBox slice-container-popularBox\">\n<section data-hydrate=\"true\" class=\"popular-box\">\n<div class=\"popular-box__label\">\n<div class=\"popular-box__label__tab popular-box__label__tab--active\" role=\"heading\">LATEST ARTICLES<\/div>\n<\/div>\n<ol class=\"popular-box__articles-list popular-box__articles-list--active\">\n<li class=\"popular-box__article-list\">\n<div class=\"popular-box__article-list__container\">\n<div class=\"popular-box__article-list__image-wrapper\">\n<div><source class=\"popular-box__article-list__image image__image\" type=\"image\/webp\" srcset=\"https:\/\/cdn.mos.cms.futurecdn.net 320w, https:\/\/cdn.mos.cms.futurecdn.net 640w, https:\/\/cdn.mos.cms.futurecdn.net 720w, https:\/\/cdn.mos.cms.futurecdn.net 1280w\" sizes=\"99vw\" data-normal=\"https:\/\/cdn.mos.cms.futurecdn.net\" data-original-mos=\"https:\/\/cdn.mos.cms.futurecdn.net\" data-pin-media=\"https:\/\/cdn.mos.cms.futurecdn.net\" data-pin-nopin=\"true\" data-slice-image=\"true\" \/><\/div>\n<\/div>\n<div class=\"popular-box__article-list__content\">\n<div class=\"popular-box__article-list__number-text\">1<\/div>\n<div class=\"popular-box__article-list__heading\">&#8216;Strong athletic potential and a high VO2 max&#8217; \u2013 Decathlon CMA CGM sign skier and four-time Olympic medallist \u00c9milien Jacquelin for NewGen Devo team project<\/div>\n<\/div>\n<\/div>\n<\/li>\n<li class=\"popular-box__article-list\">\n<div class=\"popular-box__article-list__container\">\n<div class=\"popular-box__article-list__content\">\n<div class=\"popular-box__article-list__number-text\">2<\/div>\n<div class=\"popular-box__article-list__heading\">&#8216;Feel like Mike Tyson punched me in the back&#8217; \u2013 Ben Turner dusts himself off after bizarre somersault crash at In Flanders Fields<\/div>\n<\/div>\n<\/div>\n<\/li>\n<li class=\"popular-box__article-list\">\n<div class=\"popular-box__article-list__container\">\n<div class=\"popular-box__article-list__content\">\n<div class=\"popular-box__article-list__number-text\">3<\/div>\n<div class=\"popular-box__article-list__heading\">A clinical Jonas Vingegaard and a long list of riders MIA \u2013 Philippa York analyses the Volta a Catalunya<\/div>\n<\/div>\n<\/div>\n<\/li>\n<li class=\"popular-box__article-list\">\n<div class=\"popular-box__article-list__container\">\n<div class=\"popular-box__article-list__content\">\n<div class=\"popular-box__article-list__number-text\">4<\/div>\n<div class=\"popular-box__article-list__heading\">A dark horse for the podium at Tour of Flanders and Paris-Roubaix? \u2013 Cycling&#8217;s new late attacker is making his presence impossible to ignore<\/div>\n<\/div>\n<\/div>\n<\/li>\n<li class=\"popular-box__article-list\">\n<div class=\"popular-box__article-list__container\">\n<div class=\"popular-box__article-list__content\">\n<div class=\"popular-box__article-list__number-text\">5<\/div>\n<div class=\"popular-box__article-list__heading\">Initiating clubs dispute AusCycling decision to rule out bulk of requested special general meeting resolutions as invalid<\/div>\n<\/div>\n<\/div>\n<\/li>\n<\/ol>\n<\/section>\n<\/div>\n<\/div>\n<\/div>\n<\/div>\n<\/div>\n<\/article>\n<article class=\"page-content-onecol flex-1\nnews-article article\n\"><\/p>\n<div class=\"widget-area-group widget-area-group-2col flex flex-wrap box-border\">\n<div id=\"widgetArea16\" class=\"widget-area basis-full md:basis-2\/3 widget-area-g-md-vp-2-3 widget-area-g-lg-vp-2-3 widget-area-g-xl-vp-2-3 page-widget-area-16\">\n<div data-widget-type=\"hero\" id=\"hero\" class=\"clear-both widget widget-hero widget-hero widget-hero-hero widget-hero widget-hero-fter-news\">\n<div class=\"news-article\">\n<header data-component-name=\"Article:Hero\">\n<nav class=\"breadcrumb\" aria-label=\"Breadcrumbs\">\n<ol>\n<li>\nPro Cycling\n<\/li>\n<\/ol>\n<\/nav>\n<h1>UCI Gravel World Series: Nicole Frain and Mads W\u00fcrtz Schmidt drop rivals for solo wins at 114 Gravel Race<\/h1>\n<div class=\"byline-social\">\n<div class=\"byline\">\nRace Results<\/p>\n<div class=\"text-[13px]\"><span><br \/>\nBy<br \/>\nSimone Giuliani <\/span><span><br \/>\npublished<br \/>\n<time data-component-name=\"UI:DateTime\" datetime=\"2026-03-30T16:56:01Z\" class=\"relative-date\"><br \/>\n30 March 2026<br \/>\n<\/time><\/span><\/div>\n<\/div>\n<p class=\"strapline\">Romy Kasper and Daan Soete take second spots in race from Portugal to Spain<\/p>\n<\/div>\n<aside class=\"mx-auto mb-4 flex items-center justify-start mx-0 my-5 p-0\" id=\"affiliate-disclaimer\" data-component-name=\"AffiliateDisclaimer\" data-hawk-message=\"Affiliate disclaimer removed because hawk deemed there are no affiliate links on this page\">\n<p class=\"text-700 mb-2 text-[12px] leading-[18px] md:text-[13px] [&amp;&gt;a]:text-gray-700 [&amp;&gt;a]:underline\">\nWhen you purchase through links on our site, we may earn an affiliate commission. Here\u2019s how it works.\n<\/p>\n<\/aside>\n<\/header>\n<\/div>\n<\/div>\n<div data-widget-type=\"contentparsed\" id=\"content\" class=\"clear-both widget widget-contentparsed widget-content widget-contentparsed-content widget-content-parsed widget-content-parsed-content_document \">\n<div class=\"wcp-item-content\">\n<section class=\"content-wrapper\">\n<div class=\"box less-space hero-image-wrapper\">\n<figure class=\"mb-0\">\n<source type=\"image\/webp\" srcset=\"https:\/\/cdn.mos.cms.futurecdn.net\/QJfnfA2HenLCZ5jT9bZhN5-1005-80.jpg.webp 1920w, https:\/\/cdn.mos.cms.futurecdn.net\/QJfnfA2HenLCZ5jT9bZhN5-1005-80.jpg.webp 1200w, https:\/\/cdn.mos.cms.futurecdn.net\/QJfnfA2HenLCZ5jT9bZhN5-1005-80.jpg.webp 1024w, https:\/\/cdn.mos.cms.futurecdn.net\/QJfnfA2HenLCZ5jT9bZhN5-970-80.jpg.webp 970w, https:\/\/cdn.mos.cms.futurecdn.net\/QJfnfA2HenLCZ5jT9bZhN5-650-80.jpg.webp 650w, https:\/\/cdn.mos.cms.futurecdn.net\/QJfnfA2HenLCZ5jT9bZhN5-480-80.jpg.webp 480w, https:\/\/cdn.mos.cms.futurecdn.net\/QJfnfA2HenLCZ5jT9bZhN5-320-80.jpg.webp 320w\" sizes=\"(min-width: 1000px) 600px, calc(100vw - 40px)\" \/><figcaption class=\"mt-2\"><span class=\"caption-text\">Mads W\u00fcrtz Schmidt (Denmark) rode in his European Gravel champion&#8217;s jersey to an emphatic win at 114 Gravel Race, a route that links Portugal and Spain<\/span><span class=\"credit\">(Image credit: Gravelking UCI Gravel World Series 2026)<\/span><\/figcaption><\/figure>\n<\/div>\n<div id=\"article-body\" class=\"text-copy bodyCopy auto paywall-locker\">\n<div data-analytics-id=\"utility-bar\" id=\"utility-bar\" class=\"font-ui-heading flex justify-between items-center py-2 border-t border-b border-gray-300 border-solid mb-5 mx-auto\" data-component-name=\"UtilityBar\" data-mrf-recirculation=\"utility-bar\">\n<div class=\"flex gap-2 text-[#333] subcontainer\">\n<div class=\"relative tooltip-container\" role=\"tooltip\">\n<div data-component-name=\"Social:Dropdown\" role=\"menu\" id=\"utilitybar__dropdown--share\" aria-labelledby=\"utilitybar__button--share\" class=\"absolute left-0 top-full w-44 bg-white rounded-md shadow-md border border-neutral-200 z-[9996] list-none m-0 py-2 px-3 border-solid\">\n<ul class=\"!m-0\">\n<li class=\"!p-0 !m-0 list-none border-b border-gray-200 border-solid\">\n<li class=\"!p-0 !m-0 list-none border-b border-gray-200 border-solid\">\n<p>Facebook<\/p>\n<\/li>\n<li class=\"!p-0 !m-0 list-none border-b border-gray-200 border-solid\">\n<p>X<\/p>\n<\/li>\n<li class=\"!p-0 !m-0 list-none border-b border-gray-200 border-solid\">\n<p>Pinterest<\/p>\n<\/li>\n<li class=\"!p-0 !m-0 list-none border-b border-gray-200 border-solid\">\n<p>Email<\/p>\n<\/li>\n<\/ul>\n<\/div>\n<div class=\"font-ui-heading max-sm:hidden tooltip absolute left-1\/2 bg-gray-900 text-white text-xs leading-none px-3 py-1.5 rounded-md z-[10001] whitespace-nowrap\" id=\"tooltip-share-this-article\" role=\"tooltip\" aria-hidden=\"true\">\nShare this article\n<\/div>\n<\/div>\n<div class=\"relative tooltip-container\" role=\"tooltip\"><span class=\"ml-1 inline-flex h-5 px-2 shrink-0 items-center justify-center self-center overflow-hidden whitespace-nowrap rounded-[10px] bg-primary-500 text-[11px] leading-none font-ui-heading font-semibold text-white\"><span>0<\/span><\/span><\/p>\n<div class=\"font-ui-heading max-sm:hidden tooltip absolute left-1\/2 bg-gray-900 text-white text-xs leading-none px-3 py-1.5 rounded-md z-[10001] whitespace-nowrap\" id=\"tooltip-join-the-conversation\" role=\"tooltip\" aria-hidden=\"true\">\nJoin the conversation\n<\/div>\n<\/div>\n<\/div>\n<div class=\"flex gap-2 text-[#333] subcontainer\">\n<div class=\"relative tooltip-container\" role=\"tooltip\">\n<p>Follow us<\/p>\n<div class=\"font-ui-heading max-sm:hidden tooltip absolute left-1\/2 bg-gray-900 text-white text-xs leading-none px-3 py-1.5 rounded-md z-[10001] whitespace-nowrap\" id=\"tooltip-add-us-as-a-preferred-source-on-google\" role=\"tooltip\" aria-hidden=\"true\">\nAdd us as a preferred source on Google\n<\/div>\n<\/div>\n<div class=\"relative tooltip-container\" role=\"tooltip\">\n<div role=\"dialog\" class=\"hidden fixed inset-0 z-[999999999999999999] bg-[#33333370] flex items-center justify-center p-6 newsletter-modal\" data-batch-endpoint=\"https:\/\/newsletter-subscribe.futureplc.com\/v2\/submission\/submit_batch\" data-batch-source=\"302\" data-component-name=\"Newsletter:Modal\">\n<div class=\"bg-neutral-100 rounded-xl shadow-xl w-full lg:w-2\/3 xl:w-1\/2 p-6 relative max-h-[95vh] overflow-y-auto\">\n<div id=\"newsletter-capture-modal\">\n<div class=\"sm:text-xl text-base font-bold text-black mb-3 p-0 bg-inherit font-ui-heading\">Get The Leadout Newsletter<\/div>\n<p class=\"text-gray-600 mb-4 text-sm sm:text-base font-article-copy\">The latest race content, interviews, features, reviews and expert buying guides, direct to your inbox!<\/p>\n<div data-component-name=\"Newsletter:NewsletterForm\">\n<hr class=\"modal_hr mt-3 mb-4 h-px bg-gray-300 border-0\">\n<div class=\"modal_footer block text-left opacity-80 text-[.8em] leading-[1.3em] mt-2 [&amp;&gt;a]:underline font-article-copy\">\nBy submitting your information you agree to the Terms &amp; Conditions and Privacy Policy and are aged 16 or over.\n<\/div>\n<\/div>\n<\/div>\n<div id=\"newsletter-modal-confirmation\" class=\"hidden\">\n<p class=\"sm:text-xl text-base font-bold text-black mb-3 p-0\">You are now subscribed<\/p>\n<p class=\"text-gray-600 mb-4 text-sm sm:text-base\">Your newsletter sign-up was successful<\/p>\n<div id=\"newsletter-modal-confirmation__userlogin\" class=\"hidden\">\n<hr class=\"my-5 h-px bg-gray-300 border-0\">\n<div class=\"items-start flex flex-col h-full justify-between\">\n<div class=\"flcw-text pb-5 pt-2 leading-[1.3]\"> An account already exists for this email address, please log in.<\/div>\n<\/div>\n<\/div>\n<\/div>\n<\/div>\n<\/div>\n<div class=\"font-ui-heading max-sm:hidden tooltip absolute left-1\/2 bg-gray-900 text-white text-xs leading-none px-3 py-1.5 rounded-md z-[10001] whitespace-nowrap\" id=\"tooltip-subscribe-to-our-newsletter\" role=\"tooltip\" aria-hidden=\"true\">\nSubscribe to our newsletter\n<\/div>\n<\/div>\n<\/div>\n<\/div>\n<p id=\"elk-105e23f0-9a88-46b7-b46a-a736f01bcf0d\">Nicole Frain (Factor Racing) and Mads W\u00fcrtz Schmidt (Specialized Off-road) won the 114 Gravel Race with solo victories on Saturday, taking out the UCI Gravel World Series race which crossed the border from Portugal to Spain.<\/p>\n<p>The 137km course was mainly flat, with added climbing from the year before on the Portuguese side. After crossing the border at 37km into the race, it was a flat run to the line, though not an easy one between headwinds and bumpy sand sections.<\/p>\n<p id=\"elk-105e23f0-9a88-46b7-b46a-a736f01bcf0d-2\">In the men&#8217;s elite category, W\u00fcrtz Schmidt set the best time at W\u00fcrtz Schmidt. Daan Soete (Ridley Racing) was second, 7:41 off the pace. Lawrence Naesen (Orbea\/Pedal Mafia) was third, 9:12 back, just ahead of Ribble Outliers duo Jenson Young and Ben Thomas.<\/p>\n<p><span class=\"article-continues-below block py-2 text-sm\">Article continues below <\/span><\/p>\n<aside data-component-name=\"Recirculation:ArticleRiver\" data-recirculation-type=\"inline\" data-mrf-recirculation=\"Trending Bar\" data-nosnippet class=\"clear-both pb-0 pt-2 mb-4\"><span class=\"\n            flex\n            after:content-[''] after:flex-1 after:ml-4 after:my-[0.7rem] after:border-t after:border-solid after:border-t-[#ccc]\n            before:content-[''] before:flex-1 before:mr-4 before:my-[0.7rem] before:border-t before:border-solid before:border-t-[#ccc]\n            font-article-heading pb-0 !text-base uppercase sm:text-sm font-bold\n        \"><br \/>\n            You may like<br \/>\n        <\/span><\/p>\n<ul class=\"flex flex-col gap-0 m-0\">\n<li class=\"m-0 list-none border-b border-solid border-[#ededed] py-2\" data-recirculation-id=\"recirculation-card-1\" data-analytics-id=\"recirculation-inline-1\" data-mrf-recirculation=\"recirculation-inline-1\">\n    <source type=\"image\/webp\" srcset=\"https:\/\/cdn.mos.cms.futurecdn.net\/UyzzxsiipWSVotnPYkPeZF-250-80.jpg.webp 250w, https:\/\/cdn.mos.cms.futurecdn.net\/UyzzxsiipWSVotnPYkPeZF-150-80.jpg.webp 150w\" sizes=\"150px\" \/><span class=\"\n                            w-full font-article-heading line-clamp-3 md:line-clamp-2 text-base font-medium\">UCI Gravel World Series \u2013 Romain Bardet and Sofia G\u00f3mez Villafa\u00f1e win Castell\u00f3n Gravel Race<\/span><\/li>\n<li class=\"m-0 list-none border-b border-solid border-[#ededed] py-2\" data-recirculation-id=\"recirculation-card-2\" data-analytics-id=\"recirculation-inline-2\" data-mrf-recirculation=\"recirculation-inline-2\">\n    <source type=\"image\/webp\" srcset=\"https:\/\/cdn.mos.cms.futurecdn.net\/jUCiU7bpZQYnonQfxwezuf-250-80.jpg.webp 250w, https:\/\/cdn.mos.cms.futurecdn.net\/jUCiU7bpZQYnonQfxwezuf-150-80.jpg.webp 150w\" sizes=\"150px\" \/><span class=\"\n                            w-full font-article-heading line-clamp-3 md:line-clamp-2 text-base font-medium\">UCI Gravel World Series: Nicole Frain best in three-rider women&#8217;s sprint while Jarno Bellens goes solo to win elite men&#8217;s race at Turnhout Gravel<\/span><\/li>\n<li class=\"m-0 list-none border-b border-solid border-[#ccc] py-2\" data-recirculation-id=\"recirculation-card-3\" data-analytics-id=\"recirculation-inline-3\" data-mrf-recirculation=\"recirculation-inline-3\">\n    <source type=\"image\/webp\" srcset=\"https:\/\/cdn.mos.cms.futurecdn.net\/UgUkn5FySF3DNhE7vYpMyN-250-80.jpg.webp 250w, https:\/\/cdn.mos.cms.futurecdn.net\/UgUkn5FySF3DNhE7vYpMyN-150-80.jpg.webp 150w\" sizes=\"150px\" \/><span class=\"\n                            w-full font-article-heading line-clamp-3 md:line-clamp-2 text-base font-medium\">Nicole Frain sweeps RADL GRVL and first-ever Oceania Gravel Championship for elite women while Romain Bardet earns gravel race victory for elite men<\/span><\/li>\n<\/ul>\n<\/aside>\n<p>W\u00fcrtz Schmidt kept his rivals at bay by taking off early in the race, his second win in the series after Santa Vall.<\/p>\n<p>&#8220;I got away solo after 20, 25km and then just put my head down and pushed with everything I had so I could go away and take the win,&#8221; said W\u00fcrtz Schmidt in an interview posted by race organisers on social media.<\/p>\n<p class=\"paywall\" aria-hidden=\"true\">It was Frain&#8217;s second UCI Gravel World series win, taking the victory at Turnhout Gravel last week, posting a time of 4:10:07. Romy Kasper (PAS Racing) came second at 1:27 back in the elite women&#8217;s category across Elvas in Portugal and the Extremadura region in Spain, while Sophie Wright (Ribble Outliers) was third, 6:57 back.<\/p>\n<p class=\"paywall\" aria-hidden=\"true\">The women had a dedicated start but became caught up with the age group men in the later stages. The three leading women were all among a group together at one point, then Wright lost contact leaving Kasper and Frain, who took off at about 60km to go.<\/p>\n<div id=\"slice-container-newsletterForm-articleInbodyContent-whFwXEjmZCUcauwoCgpf6T\" class=\"slice-container newsletter-inbodyContent-slice newsletterForm-articleInbodyContent-whFwXEjmZCUcauwoCgpf6T slice-container-newsletterForm\">\n<div data-hydrate=\"true\" class=\"newsletter-form__wrapper newsletter-form__wrapper--inbodyContent\">\n<div class=\"newsletter-form__container\">\n<section class=\"newsletter-form__top-bar\">\n<div class=\"newsletter-form__header\">Get The Leadout Newsletter<\/div>\n<\/section>\n<section class=\"newsletter-form__main-section\">\n<p class=\"newsletter-form__strapline\">The latest race content, interviews, features, reviews and expert buying guides, direct to your inbox!<\/p>\n<footer class=\"newsletter-form__footer \">By submitting your information you agree to the Terms &amp; Conditions and Privacy Policy and are aged 16 or over.<\/footer>\n<\/section>\n<\/div>\n<\/div>\n<\/div>\n<p class=\"paywall\" aria-hidden=\"true\">&#8220;I like The Hills, that last 30-odd kilometres with the long straights and the headwinds was mentally really tough but that&#8217;s also what makes the race special,&#8221; said Frain in an interview on the race social media.<\/p>\n<p class=\"paywall\" aria-hidden=\"true\">The event was one of two qualifiers for the UCI Gravel World Championships held through last weekend, with Vuelta Altas Cumbres Gravel delivering the first event of the series in Argentina.<\/p>\n<h3 class=\"article-body__section\" id=\"section-results\"><span>Results<\/span><\/h3>\n<div id=\"slice-container-table-whFwXEjmZCUcauwoCgpf6T-rhXbuYmDBeU4L3sGAqcuIvUeywFMKWBC\" class=\"slice-container table-wrapper table-whFwXEjmZCUcauwoCgpf6T-rhXbuYmDBeU4L3sGAqcuIvUeywFMKWBC slice-container-table\">\n<div class=\"table__instruction\">Swipe to scroll horizontally<\/div>\n<div class=\"table__container\">\n<table class=\"table__wrapper table__wrapper--inbodyContent table__wrapper--sticky table__wrapper--divider\">\n<caption class=\"table__caption table__caption--top table__caption--left\">Elite women top 10<\/caption>\n<thead class=\"table__head\">\n<tr class=\"table__head__row\">\n<th class=\"table__head__heading table__head__heading--left\" colspan=\"1\">\n<p>Pos.<\/p>\n<\/th>\n<th class=\"table__head__heading table__head__heading--left\" colspan=\"1\">\n<p>Rider (Team)<\/p>\n<\/th>\n<th class=\"table__head__heading table__head__heading--left\" colspan=\"1\">\n<p>Time Behind<\/p>\n<\/th>\n<\/tr>\n<\/thead>\n<tbody class=\"table__body\">\n<tr class=\"table__body__row\">\n<td class=\"table_body__data\" colspan=\"1\">\n<p>1<\/p>\n<\/td>\n<td class=\"table_body__data\" colspan=\"1\">\n<p>Nicole Frain (Factor Racing Team)<\/p>\n<\/td>\n<td class=\"table_body__data\" colspan=\"1\">\n<p>4:10:07<\/p>\n<\/td>\n<\/tr>\n<tr class=\"table__body__row\">\n<td class=\"table_body__data\" colspan=\"1\">\n<p>2<\/p>\n<\/td>\n<td class=\"table_body__data\" colspan=\"1\">\n<p>Romy Kasper (PAS Racing)<\/p>\n<\/td>\n<td class=\"table_body__data\" colspan=\"1\">\n<p>+1:27<\/p>\n<\/td>\n<\/tr>\n<tr class=\"table__body__row\">\n<td class=\"table_body__data\" colspan=\"1\">\n<p>3<\/p>\n<\/td>\n<td class=\"table_body__data\" colspan=\"1\">\n<p>Sophie Wright (Ribble Outliers)<\/p>\n<\/td>\n<td class=\"table_body__data\" colspan=\"1\">\n<p>+6:57<\/p>\n<\/td>\n<\/tr>\n<tr class=\"table__body__row\">\n<td class=\"table_body__data\" colspan=\"1\">\n<p>4<\/p>\n<\/td>\n<td class=\"table_body__data\" colspan=\"1\">\n<p>Basia Borowiecka (TKK Pacific Torun \/ Nestle Fitness)<\/p>\n<\/td>\n<td class=\"table_body__data\" colspan=\"1\">\n<p>+11:53<\/p>\n<\/td>\n<\/tr>\n<tr class=\"table__body__row\">\n<td class=\"table_body__data\" colspan=\"1\">\n<p>5<\/p>\n<\/td>\n<td class=\"table_body__data\" colspan=\"1\">\n<p>Luc\u00eda Gonz\u00e1lez Blanco (NESTA &#8211; MMR cycling team)<\/p>\n<\/td>\n<td class=\"table_body__data\" colspan=\"1\">\n<p>+13:35<\/p>\n<\/td>\n<\/tr>\n<tr class=\"table__body__row\">\n<td class=\"table_body__data\" colspan=\"1\">\n<p>6<\/p>\n<\/td>\n<td class=\"table_body__data\" colspan=\"1\">\n<p>Tessa Neefjes (Liv Racing Collective)<\/p>\n<\/td>\n<td class=\"table_body__data\" colspan=\"1\">\n<p>+14:58<\/p>\n<\/td>\n<\/tr>\n<tr class=\"table__body__row\">\n<td class=\"table_body__data\" colspan=\"1\">\n<p>7<\/p>\n<\/td>\n<td class=\"table_body__data\" colspan=\"1\">\n<p>Natalia Fischer (Extremadura-Ecopilas)<\/p>\n<\/td>\n<td class=\"table_body__data\" colspan=\"1\">\n<p>+19:48<\/p>\n<\/td>\n<\/tr>\n<tr class=\"table__body__row\">\n<td class=\"table_body__data\" colspan=\"1\">\n<p>8<\/p>\n<\/td>\n<td class=\"table_body__data\" colspan=\"1\">\n<p>Varvara Fasoi (Kronos Nikaias)<\/p>\n<\/td>\n<td class=\"table_body__data\" colspan=\"1\">\n<p>+24:03<\/p>\n<\/td>\n<\/tr>\n<tr class=\"table__body__row\">\n<td class=\"table_body__data\" colspan=\"1\">\n<p>9<\/p>\n<\/td>\n<td class=\"table_body__data\" colspan=\"1\">\n<p>Madeleine Nutt (Lauf\/Q36.5\/Panaracer)<\/p>\n<\/td>\n<td class=\"table_body__data\" colspan=\"1\">\n<p>+24:11<\/p>\n<\/td>\n<\/tr>\n<tr class=\"table__body__row\">\n<td class=\"table_body__data\" colspan=\"1\">\n<p>10<\/p>\n<\/td>\n<td class=\"table_body__data\" colspan=\"1\">\n<p>Elisa Caldas (ODL Team Kiwi Atlantico Craega)<\/p>\n<\/td>\n<td class=\"table_body__data\" colspan=\"1\">\n<p>+29:26<\/p>\n<\/td>\n<\/tr>\n<\/tbody>\n<\/table>\n<\/div>\n<\/div>\n<div id=\"slice-container-table-whFwXEjmZCUcauwoCgpf6T-GDociQJAz9DqLfigoYxsJJFKQFQzdIzm\" class=\"slice-container table-wrapper table-whFwXEjmZCUcauwoCgpf6T-GDociQJAz9DqLfigoYxsJJFKQFQzdIzm slice-container-table\">\n<div class=\"table__instruction\">Swipe to scroll horizontally<\/div>\n<div class=\"table__container\">\n<table class=\"table__wrapper table__wrapper--inbodyContent table__wrapper--sticky table__wrapper--divider\">\n<caption class=\"table__caption table__caption--top table__caption--left\">Elite men top 10<\/caption>\n<thead class=\"table__head\">\n<tr class=\"table__head__row\">\n<th class=\"table__head__heading table__head__heading--left\" colspan=\"1\">\n<p>Pos.<\/p>\n<\/th>\n<th class=\"table__head__heading table__head__heading--left\" colspan=\"1\">\n<p>Name (Team)<\/p>\n<\/th>\n<th class=\"table__head__heading table__head__heading--left\" colspan=\"1\">\n<p>Time Behind<\/p>\n<\/th>\n<\/tr>\n<\/thead>\n<tbody class=\"table__body\">\n<tr class=\"table__body__row\">\n<td class=\"table_body__data\" colspan=\"1\">\n<p>1<\/p>\n<\/td>\n<td class=\"table_body__data\" colspan=\"1\">\n<p>Mads W\u00fcrtz Schmidt (Specialized Off-Road)<\/p>\n<\/td>\n<td class=\"table_body__data\" colspan=\"1\">\n<p>3:31:36<\/p>\n<\/td>\n<\/tr>\n<tr class=\"table__body__row\">\n<td class=\"table_body__data\" colspan=\"1\">\n<p>2<\/p>\n<\/td>\n<td class=\"table_body__data\" colspan=\"1\">\n<p>Daan Zoet (Ridley Racing Team)<\/p>\n<\/td>\n<td class=\"table_body__data\" colspan=\"1\">\n<p>+7:41<\/p>\n<\/td>\n<\/tr>\n<tr class=\"table__body__row\">\n<td class=\"table_body__data\" colspan=\"1\">\n<p>3<\/p>\n<\/td>\n<td class=\"table_body__data\" colspan=\"1\">\n<p>Lawrence Naesen (Orbea Mafia)<\/p>\n<\/td>\n<td class=\"table_body__data\" colspan=\"1\">\n<p>+9:12<\/p>\n<\/td>\n<\/tr>\n<tr class=\"table__body__row\">\n<td class=\"table_body__data\" colspan=\"1\">\n<p>4<\/p>\n<\/td>\n<td class=\"table_body__data\" colspan=\"1\">\n<p>Jenson Young (Ribble Outliers)<\/p>\n<\/td>\n<td class=\"table_body__data\" colspan=\"1\">\n<p>+9:14<\/p>\n<\/td>\n<\/tr>\n<tr class=\"table__body__row\">\n<td class=\"table_body__data\" colspan=\"1\">\n<p>5<\/p>\n<\/td>\n<td class=\"table_body__data\" colspan=\"1\">\n<p>Ben Thomas (Ribble Outliers)<\/p>\n<\/td>\n<td class=\"table_body__data\" colspan=\"1\">\n<p>+9:31<\/p>\n<\/td>\n<\/tr>\n<tr class=\"table__body__row\">\n<td class=\"table_body__data\" colspan=\"1\">\n<p>6<\/p>\n<\/td>\n<td class=\"table_body__data\" colspan=\"1\">\n<p>Tiago Ferreira (Individual)<\/p>\n<\/td>\n<td class=\"table_body__data\" colspan=\"1\">\n<p>+9:57<\/p>\n<\/td>\n<\/tr>\n<tr class=\"table__body__row\">\n<td class=\"table_body__data\" colspan=\"1\">\n<p>7<\/p>\n<\/td>\n<td class=\"table_body__data\" colspan=\"1\">\n<p>Tobias M\u00f8rch Kongstad (PAS Racing)<\/p>\n<\/td>\n<td class=\"table_body__data\" colspan=\"1\">\n<p>+15:38<\/p>\n<\/td>\n<\/tr>\n<tr class=\"table__body__row\">\n<td class=\"table_body__data\" colspan=\"1\">\n<p>8<\/p>\n<\/td>\n<td class=\"table_body__data\" colspan=\"1\">\n<p>Jorge Gonz\u00e1lez Segurado (Arvo Cllcvt Orbea)<\/p>\n<\/td>\n<td class=\"table_body__data\" colspan=\"1\">\n<p>+20:51<\/p>\n<\/td>\n<\/tr>\n<tr class=\"table__body__row\">\n<td class=\"table_body__data\" colspan=\"1\">\n<p>9<\/p>\n<\/td>\n<td class=\"table_body__data\" colspan=\"1\">\n<p>Connor Sens (VIA Racing)<\/p>\n<\/td>\n<td class=\"table_body__data\" colspan=\"1\">\n<p>+20:53<\/p>\n<\/td>\n<\/tr>\n<tr class=\"table__body__row\">\n<td class=\"table_body__data\" colspan=\"1\">\n<p>10<\/p>\n<\/td>\n<td class=\"table_body__data\" colspan=\"1\">\n<p>Ra\u00fal Castrillo Sedano (Logos\/Bh\/Sn\u00f6)<\/p>\n<\/td>\n<td class=\"table_body__data\" colspan=\"1\">\n<p>+20:54<\/p>\n<\/td>\n<\/tr>\n<\/tbody>\n<\/table>\n<\/div>\n<\/div>\n<\/div>\n<div id=\"slice-container-authorBio-whFwXEjmZCUcauwoCgpf6T\" class=\"slice-container slice-author-bio authorBio-whFwXEjmZCUcauwoCgpf6T slice-container-authorBio\">\n<div class=\"author author__default-layout author--separator author--collapsible\" data-hydrate=\"true\">\n<div class=\"author__header\">\n<div class=\"author__avatar-block\">\n<figure class=\"image-wrapped__wrapper\" data-bordeaux-image-check=\"false\">\n<div class=\"image-wrapped__widthsetter\">\n<div class=\"image-wrapped__aspect-padding\">\n<div><source class=\"author__avatar image-wrapped__image image__image\" type=\"image\/webp\" srcset=\"https:\/\/cdn.mos.cms.futurecdn.net\/RUKCQmBBgAFRGkijgpLyah-140-80.jpg.webp 140w\" sizes=\"99vw\" data-normal=\"https:\/\/cdn.mos.cms.futurecdn.net\/RUKCQmBBgAFRGkijgpLyah.jpg\" data-original-mos=\"https:\/\/cdn.mos.cms.futurecdn.net\/RUKCQmBBgAFRGkijgpLyah.jpg\" data-pin-media=\"https:\/\/cdn.mos.cms.futurecdn.net\/RUKCQmBBgAFRGkijgpLyah.jpg\" data-pin-nopin=\"true\" data-slice-image=\"true\" \/><\/div>\n<\/div>\n<\/div>\n<\/figure>\n<\/div>\n<div class=\"author__heading\">\n<div class=\"author__name\">Simone Giuliani<\/div>\n<div class=\"author__social\">\n<nav class=\"button-social-group author__social-buttons\" aria-labelledby=\"button-social-group- author__social-buttons\">\n<div id=\"button-social-group- author__social-buttons\">Social Links Navigation<\/div>\n<\/nav>\n<\/div>\n<div class=\"author__role\">Australia Editor<\/div>\n<\/div>\n<\/div>\n<div class=\"author__bio-wrapper\">\n<div class=\"author__biography\">\n<p>Simone is a degree-qualified journalist that has accumulated decades of wide-ranging experience while working across a variety of leading media organisations. She joined <em>Cyclingnews<\/em> as a Production Editor at the start of the 2021 season and has now moved into the role of Australia Editor. Previously she worked as a freelance writer, Australian Editor at <em>Ella CyclingTips<\/em> and as a correspondent for <em>Reuters<\/em> and <em>Bloomberg<\/em>. Cycling was initially purely a leisure pursuit for Simone, who started out as a business journalist, but in 2015 her career focus also shifted to the sport.<\/p>\n<\/div>\n<\/div>\n<\/div>\n<\/div>\n<\/section>\n<div class=\"mt-6 lg:px-0 relative max-w-[1070px] mx-auto viafoura-twig-component px-4\" data-component-name=\"Viafoura:Comments\" data-nosnippet data-community-guidelines-text=\"&lt;p class='vfcustom-community-guidelines'&gt;Please follow our &lt;a href=&quot;https:\/\/www.cyclingnews.com\/about\/#section-community-guidelines&quot; target=&quot;_blank&quot;&gt;community guidelines&lt;\/a&gt;.&lt;\/p&gt;\" data-join-the-conversation-text=\"Join the Conversation\">\n<div class=\"absolute top-0 left-0 w-full h-full flex items-center justify-center z-50 bg-white\/90 border-1\">\n<div class=\"p-2 text-center\">\n<p class=\"mb-3 !text-lg\">You must confirm your public display name before commenting<\/p>\n<p class=\"mb-3 !text-sm\">Please logout and then login again, you will then be prompted to enter your display name.<\/p>\n<\/div>\n<\/div>\n<\/div>\n<section class=\"mx-2 my-5 sm:mx-0\">\n<aside class=\"w-full\" data-nosnippet data-mrf-recirculation=\"article-river-stacked\">\n<div data-recirc-id=\"article-river-stacked-adviser:hybrid\">\n<div class=\"text-white py-4 px-3 mb-4 bg-[#333] uppercase font-bold custom-header-styles\">Read more<\/div>\n<div class=\"grid grid-cols-1 gap-4 mt-4 mb-5\">\n<div>\n<div class=\"aspect-[--img-listing-aspect-ratio,16\/9] relative mb-3.5\">\n    <source type=\"image\/webp\" srcset=\"https:\/\/cdn.mos.cms.futurecdn.net\/UyzzxsiipWSVotnPYkPeZF-840-80.jpg.webp 840w, https:\/\/cdn.mos.cms.futurecdn.net\/UyzzxsiipWSVotnPYkPeZF-650-80.jpg.webp 650w, https:\/\/cdn.mos.cms.futurecdn.net\/UyzzxsiipWSVotnPYkPeZF-500-80.jpg.webp 500w, https:\/\/cdn.mos.cms.futurecdn.net\/UyzzxsiipWSVotnPYkPeZF-450-80.jpg.webp 450w, https:\/\/cdn.mos.cms.futurecdn.net\/UyzzxsiipWSVotnPYkPeZF-320-80.jpg.webp 320w\" sizes=\"(min-width: 900px) 925px, (min-width: 700px) 450px, calc(100vw - 48px)\" \/><\/div>\n<p><span class=\"custom-subheading-styles\">Racing<\/span><span class=\"text-base text-black font-bold mx-0 my-2.5 p-0 block custom-text-styles\">UCI Gravel World Series \u2013 Romain Bardet and Sofia G\u00f3mez Villafa\u00f1e win Castell\u00f3n Gravel Race<\/span><\/div>\n<div class=\"relative recirc-feed sponsored-card min-h-[250px]\" data-recirc-id=\"article-river-stacked-ads:native-cards\" data-mrf-recirculation=\"article-river-ads\" data-nosnippet data-ad-slot-path=\"feed-sponsored-post\" data-attribute-device=\"all\">\n<div class=\"sponsored-post--placeholder max-w-full animate-pulse\"><span><span class=\"text-base text-black font-bold mx-0 my-2.5 p-0 block bg-gray-100\">\u00a0<br \/>\u00a0<\/span><\/span><\/div>\n<\/div>\n<div>\n<div class=\"aspect-[--img-listing-aspect-ratio,16\/9] relative mb-3.5\">\n    <source type=\"image\/webp\" srcset=\"https:\/\/cdn.mos.cms.futurecdn.net\/jUCiU7bpZQYnonQfxwezuf-840-80.jpg.webp 840w, https:\/\/cdn.mos.cms.futurecdn.net\/jUCiU7bpZQYnonQfxwezuf-650-80.jpg.webp 650w, https:\/\/cdn.mos.cms.futurecdn.net\/jUCiU7bpZQYnonQfxwezuf-500-80.jpg.webp 500w, https:\/\/cdn.mos.cms.futurecdn.net\/jUCiU7bpZQYnonQfxwezuf-450-80.jpg.webp 450w, https:\/\/cdn.mos.cms.futurecdn.net\/jUCiU7bpZQYnonQfxwezuf-320-80.jpg.webp 320w\" sizes=\"(min-width: 900px) 925px, (min-width: 700px) 450px, calc(100vw - 48px)\" \/><\/div>\n<p><span class=\"custom-subheading-styles\">Racing<\/span><span class=\"text-base text-black font-bold mx-0 my-2.5 p-0 block custom-text-styles\">UCI Gravel World Series: Nicole Frain best in three-rider women&#8217;s sprint while Jarno Bellens goes solo to win elite men&#8217;s race at Turnhout Gravel<\/span><\/div>\n<div class=\"relative recirc-feed sponsored-card min-h-[250px]\" data-recirc-id=\"article-river-stacked-ads:native-cards\" data-mrf-recirculation=\"article-river-ads\" data-nosnippet data-ad-slot-path=\"feed-sponsored-post\" data-attribute-device=\"all\">\n<div class=\"sponsored-post--placeholder max-w-full animate-pulse\"><span><span class=\"text-base text-black font-bold mx-0 my-2.5 p-0 block bg-gray-100\">\u00a0<br \/>\u00a0<\/span><\/span><\/div>\n<\/div>\n<div>\n<div class=\"aspect-[--img-listing-aspect-ratio,16\/9] relative mb-3.5\">\n    <source type=\"image\/webp\" srcset=\"https:\/\/cdn.mos.cms.futurecdn.net\/UgUkn5FySF3DNhE7vYpMyN-840-80.jpg.webp 840w, https:\/\/cdn.mos.cms.futurecdn.net\/UgUkn5FySF3DNhE7vYpMyN-650-80.jpg.webp 650w, https:\/\/cdn.mos.cms.futurecdn.net\/UgUkn5FySF3DNhE7vYpMyN-500-80.jpg.webp 500w, https:\/\/cdn.mos.cms.futurecdn.net\/UgUkn5FySF3DNhE7vYpMyN-450-80.jpg.webp 450w, https:\/\/cdn.mos.cms.futurecdn.net\/UgUkn5FySF3DNhE7vYpMyN-320-80.jpg.webp 320w\" sizes=\"(min-width: 900px) 925px, (min-width: 700px) 450px, calc(100vw - 48px)\" \/><\/div>\n<p><span class=\"custom-subheading-styles\">Racing<\/span><span class=\"text-base text-black font-bold mx-0 my-2.5 p-0 block custom-text-styles\">Nicole Frain sweeps RADL GRVL and first-ever Oceania Gravel Championship for elite women while Romain Bardet earns gravel race victory for elite men<\/span><\/div>\n<div class=\"relative recirc-feed sponsored-card min-h-[250px]\" data-recirc-id=\"article-river-stacked-ads:native-cards\" data-mrf-recirculation=\"article-river-ads\" data-nosnippet data-ad-slot-path=\"feed-sponsored-post\" data-attribute-device=\"all\">\n<div class=\"sponsored-post--placeholder max-w-full animate-pulse\"><span><span class=\"text-base text-black font-bold mx-0 my-2.5 p-0 block bg-gray-100\">\u00a0<br \/>\u00a0<\/span><\/span><\/div>\n<\/div>\n<div>\n<div class=\"aspect-[--img-listing-aspect-ratio,16\/9] relative mb-3.5\">\n    <source type=\"image\/webp\" srcset=\"https:\/\/cdn.mos.cms.futurecdn.net\/JWZdHa6Q3Lx3tbn4f39QgL-840-80.jpg.webp 840w, https:\/\/cdn.mos.cms.futurecdn.net\/JWZdHa6Q3Lx3tbn4f39QgL-650-80.jpg.webp 650w, https:\/\/cdn.mos.cms.futurecdn.net\/JWZdHa6Q3Lx3tbn4f39QgL-500-80.jpg.webp 500w, https:\/\/cdn.mos.cms.futurecdn.net\/JWZdHa6Q3Lx3tbn4f39QgL-450-80.jpg.webp 450w, https:\/\/cdn.mos.cms.futurecdn.net\/JWZdHa6Q3Lx3tbn4f39QgL-320-80.jpg.webp 320w\" sizes=\"(min-width: 900px) 925px, (min-width: 700px) 450px, calc(100vw - 48px)\" \/><\/div>\n<p><span class=\"custom-subheading-styles\">Pro Cycling<\/span><span class=\"text-base text-black font-bold mx-0 my-2.5 p-0 block custom-text-styles\">Sof\u00eda G\u00f3mez Villafa\u00f1e and Mads Wurtz Schmidt start the season on top step with overall victory at a muddy edition of Santa Vall<\/span><\/div>\n<div class=\"relative recirc-feed sponsored-card min-h-[250px]\" data-recirc-id=\"article-river-stacked-ads:native-cards\" data-mrf-recirculation=\"article-river-ads\" data-nosnippet data-ad-slot-path=\"feed-sponsored-post\" data-attribute-device=\"all\">\n<div class=\"sponsored-post--placeholder max-w-full animate-pulse\"><span><span class=\"text-base text-black font-bold mx-0 my-2.5 p-0 block bg-gray-100\">\u00a0<br \/>\u00a0<\/span><\/span><\/div>\n<\/div>\n<div>\n<div class=\"aspect-[--img-listing-aspect-ratio,16\/9] relative mb-3.5\">\n    <source type=\"image\/webp\" srcset=\"https:\/\/cdn.mos.cms.futurecdn.net\/UUywAkmkw4DmdVZUfhdXS8-840-80.jpg.webp 840w, https:\/\/cdn.mos.cms.futurecdn.net\/UUywAkmkw4DmdVZUfhdXS8-650-80.jpg.webp 650w, https:\/\/cdn.mos.cms.futurecdn.net\/UUywAkmkw4DmdVZUfhdXS8-500-80.jpg.webp 500w, https:\/\/cdn.mos.cms.futurecdn.net\/UUywAkmkw4DmdVZUfhdXS8-450-80.jpg.webp 450w, https:\/\/cdn.mos.cms.futurecdn.net\/UUywAkmkw4DmdVZUfhdXS8-320-80.jpg.webp 320w\" sizes=\"(min-width: 900px) 925px, (min-width: 700px) 450px, calc(100vw - 48px)\" \/><\/div>\n<p><span class=\"custom-subheading-styles\">Pro Cycling<\/span><span class=\"text-base text-black font-bold mx-0 my-2.5 p-0 block custom-text-styles\">UCI Gravel World Series: Hayley Preen attacks on Uitkyk Pass to claim win at The Ceder while Filippo Colombo scores maiden gravel victory<\/span><\/div>\n<div class=\"relative recirc-feed sponsored-card min-h-[250px]\" data-recirc-id=\"article-river-stacked-ads:native-cards\" data-mrf-recirculation=\"article-river-ads\" data-nosnippet data-ad-slot-path=\"feed-sponsored-post\" data-attribute-device=\"all\">\n<div class=\"sponsored-post--placeholder max-w-full animate-pulse\"><span><span class=\"text-base text-black font-bold mx-0 my-2.5 p-0 block bg-gray-100\">\u00a0<br \/>\u00a0<\/span><\/span><\/div>\n<\/div>\n<div>\n<div class=\"aspect-[--img-listing-aspect-ratio,16\/9] relative mb-3.5\">\n    <source type=\"image\/webp\" srcset=\"https:\/\/cdn.mos.cms.futurecdn.net\/QmMbkepResnZQM2S77yR7B-840-80.jpg.webp 840w, https:\/\/cdn.mos.cms.futurecdn.net\/QmMbkepResnZQM2S77yR7B-650-80.jpg.webp 650w, https:\/\/cdn.mos.cms.futurecdn.net\/QmMbkepResnZQM2S77yR7B-500-80.jpg.webp 500w, https:\/\/cdn.mos.cms.futurecdn.net\/QmMbkepResnZQM2S77yR7B-450-80.jpg.webp 450w, https:\/\/cdn.mos.cms.futurecdn.net\/QmMbkepResnZQM2S77yR7B-320-80.jpg.webp 320w\" sizes=\"(min-width: 900px) 925px, (min-width: 700px) 450px, calc(100vw - 48px)\" \/><\/div>\n<p><span class=\"custom-subheading-styles\">Women&#8217;s Cycling<\/span><span class=\"text-base text-black font-bold mx-0 my-2.5 p-0 block custom-text-styles\">Bradyn Lange and Larissa Hartog claim victories at The Hills Gravel<\/span><\/div>\n<div class=\"relative recirc-feed sponsored-card min-h-[250px]\" data-recirc-id=\"article-river-stacked-ads:native-cards\" data-mrf-recirculation=\"article-river-ads\" data-nosnippet data-ad-slot-path=\"feed-sponsored-post\" data-attribute-device=\"all\">\n<div class=\"sponsored-post--placeholder max-w-full animate-pulse\"><span><span class=\"text-base text-black font-bold mx-0 my-2.5 p-0 block bg-gray-100\">\u00a0<br \/>\u00a0<\/span><\/span><\/div>\n<\/div>\n<\/div>\n<\/div>\n<\/aside>\n<aside class=\"w-full\" data-nosnippet data-mrf-recirculation=\"article-river-stacked\">\n<div data-recirc-id=\"article-river-stacked-solr:latest-category\">\n<div class=\"text-white py-4 px-3 mb-4 bg-[#333] uppercase font-bold custom-header-styles\">Latest in Pro Cycling<\/div>\n<div class=\"grid grid-cols-1 gap-4 mt-4 mb-5\">\n<div>\n<div class=\"aspect-[--img-listing-aspect-ratio,16\/9] relative mb-3.5\">\n    <source type=\"image\/webp\" srcset=\"https:\/\/cdn.mos.cms.futurecdn.net\/upAciNBEaLB5QXgnJ46ytR-840-80.jpg.webp 840w, https:\/\/cdn.mos.cms.futurecdn.net\/upAciNBEaLB5QXgnJ46ytR-650-80.jpg.webp 650w, https:\/\/cdn.mos.cms.futurecdn.net\/upAciNBEaLB5QXgnJ46ytR-500-80.jpg.webp 500w, https:\/\/cdn.mos.cms.futurecdn.net\/upAciNBEaLB5QXgnJ46ytR-450-80.jpg.webp 450w, https:\/\/cdn.mos.cms.futurecdn.net\/upAciNBEaLB5QXgnJ46ytR-320-80.jpg.webp 320w\" sizes=\"(min-width: 900px) 925px, (min-width: 700px) 450px, calc(100vw - 48px)\" \/><\/div>\n<p><span class=\"custom-subheading-styles\">Teams &amp; Riders<\/span><span class=\"text-base text-black font-bold mx-0 my-2.5 p-0 block custom-text-styles\">&#8216;Feel like Mike Tyson punched me in the back&#8217; \u2013 Ben Turner dusts himself off after bizarre somersault crash at In Flanders Fields<\/span><\/div>\n<div class=\"relative recirc-feed sponsored-card min-h-[250px]\" data-recirc-id=\"article-river-stacked-ads:native-cards\" data-mrf-recirculation=\"article-river-ads\" data-nosnippet data-ad-slot-path=\"feed-sponsored-post\" data-attribute-device=\"all\">\n<div class=\"sponsored-post--placeholder max-w-full animate-pulse\"><span><span class=\"text-base text-black font-bold mx-0 my-2.5 p-0 block bg-gray-100\">\u00a0<br \/>\u00a0<\/span><\/span><\/div>\n<\/div>\n<div>\n<div class=\"aspect-[--img-listing-aspect-ratio,16\/9] relative mb-3.5\">\n    <source type=\"image\/webp\" srcset=\"https:\/\/cdn.mos.cms.futurecdn.net\/fbhKqCBHZEF9DZz5i55KoT-840-80.webp 840w, https:\/\/cdn.mos.cms.futurecdn.net\/fbhKqCBHZEF9DZz5i55KoT-650-80.webp 650w, https:\/\/cdn.mos.cms.futurecdn.net\/fbhKqCBHZEF9DZz5i55KoT-500-80.webp 500w, https:\/\/cdn.mos.cms.futurecdn.net\/fbhKqCBHZEF9DZz5i55KoT-450-80.webp 450w, https:\/\/cdn.mos.cms.futurecdn.net\/fbhKqCBHZEF9DZz5i55KoT-320-80.webp 320w\" sizes=\"(min-width: 900px) 925px, (min-width: 700px) 450px, calc(100vw - 48px)\" \/><\/div>\n<p><span class=\"custom-subheading-styles\">Teams &amp; Riders<\/span><span class=\"text-base text-black font-bold mx-0 my-2.5 p-0 block custom-text-styles\">&#8216;Strong athletic potential and a high VO2 max&#8217; \u2013 Decathlon CMA CGM sign skier and four-time Olympic medallist \u00c9milien Jacquelin for NewGen Devo team project<\/span><\/div>\n<div class=\"relative recirc-feed sponsored-card min-h-[250px]\" data-recirc-id=\"article-river-stacked-ads:native-cards\" data-mrf-recirculation=\"article-river-ads\" data-nosnippet data-ad-slot-path=\"feed-sponsored-post\" data-attribute-device=\"all\">\n<div class=\"sponsored-post--placeholder max-w-full animate-pulse\"><span><span class=\"text-base text-black font-bold mx-0 my-2.5 p-0 block bg-gray-100\">\u00a0<br \/>\u00a0<\/span><\/span><\/div>\n<\/div>\n<div>\n<div class=\"aspect-[--img-listing-aspect-ratio,16\/9] relative mb-3.5\">\n    <source type=\"image\/webp\" srcset=\"https:\/\/cdn.mos.cms.futurecdn.net\/rcETCoJsDCpoif83S8uocA-840-80.jpg.webp 840w, https:\/\/cdn.mos.cms.futurecdn.net\/rcETCoJsDCpoif83S8uocA-650-80.jpg.webp 650w, https:\/\/cdn.mos.cms.futurecdn.net\/rcETCoJsDCpoif83S8uocA-500-80.jpg.webp 500w, https:\/\/cdn.mos.cms.futurecdn.net\/rcETCoJsDCpoif83S8uocA-450-80.jpg.webp 450w, https:\/\/cdn.mos.cms.futurecdn.net\/rcETCoJsDCpoif83S8uocA-320-80.jpg.webp 320w\" sizes=\"(min-width: 900px) 925px, (min-width: 700px) 450px, calc(100vw - 48px)\" \/><\/div>\n<p><span class=\"custom-subheading-styles\">Racing<\/span><span class=\"text-base text-black font-bold mx-0 my-2.5 p-0 block custom-text-styles\">A clinical Jonas Vingegaard and a long list of riders MIA \u2013 Philippa York analyses the Volta a Catalunya<\/span><\/div>\n<div class=\"relative recirc-feed sponsored-card min-h-[250px]\" data-recirc-id=\"article-river-stacked-ads:native-cards\" data-mrf-recirculation=\"article-river-ads\" data-nosnippet data-ad-slot-path=\"feed-sponsored-post\" data-attribute-device=\"all\">\n<div class=\"sponsored-post--placeholder max-w-full animate-pulse\"><span><span class=\"text-base text-black font-bold mx-0 my-2.5 p-0 block bg-gray-100\">\u00a0<br \/>\u00a0<\/span><\/span><\/div>\n<\/div>\n<div>\n<div class=\"aspect-[--img-listing-aspect-ratio,16\/9] relative mb-3.5\">\n    <source type=\"image\/webp\" srcset=\"https:\/\/cdn.mos.cms.futurecdn.net\/LcHV4scDifcYtpPXLbFYE5-840-80.png.webp 840w, https:\/\/cdn.mos.cms.futurecdn.net\/LcHV4scDifcYtpPXLbFYE5-650-80.png.webp 650w, https:\/\/cdn.mos.cms.futurecdn.net\/LcHV4scDifcYtpPXLbFYE5-500-80.png.webp 500w, https:\/\/cdn.mos.cms.futurecdn.net\/LcHV4scDifcYtpPXLbFYE5-450-80.png.webp 450w, https:\/\/cdn.mos.cms.futurecdn.net\/LcHV4scDifcYtpPXLbFYE5-320-80.png.webp 320w\" sizes=\"(min-width: 900px) 925px, (min-width: 700px) 450px, calc(100vw - 48px)\" \/><\/div>\n<p><span class=\"custom-subheading-styles\">Teams &amp; Riders<\/span><span class=\"text-base text-black font-bold mx-0 my-2.5 p-0 block custom-text-styles\">A dark horse for the podium at Tour of Flanders and Paris-Roubaix? \u2013 Cycling&#8217;s new late attacker is making his presence impossible to ignore<\/span><\/div>\n<div class=\"relative recirc-feed sponsored-card min-h-[250px]\" data-recirc-id=\"article-river-stacked-ads:native-cards\" data-mrf-recirculation=\"article-river-ads\" data-nosnippet data-ad-slot-path=\"feed-sponsored-post\" data-attribute-device=\"all\">\n<div class=\"sponsored-post--placeholder max-w-full animate-pulse\"><span><span class=\"text-base text-black font-bold mx-0 my-2.5 p-0 block bg-gray-100\">\u00a0<br \/>\u00a0<\/span><\/span><\/div>\n<\/div>\n<div>\n<div class=\"aspect-[--img-listing-aspect-ratio,16\/9] relative mb-3.5\">\n    <source type=\"image\/webp\" srcset=\"https:\/\/cdn.mos.cms.futurecdn.net\/zZnidYmqdY7qd9srimXRVH-840-80.jpg.webp 840w, https:\/\/cdn.mos.cms.futurecdn.net\/zZnidYmqdY7qd9srimXRVH-650-80.jpg.webp 650w, https:\/\/cdn.mos.cms.futurecdn.net\/zZnidYmqdY7qd9srimXRVH-500-80.jpg.webp 500w, https:\/\/cdn.mos.cms.futurecdn.net\/zZnidYmqdY7qd9srimXRVH-450-80.jpg.webp 450w, https:\/\/cdn.mos.cms.futurecdn.net\/zZnidYmqdY7qd9srimXRVH-320-80.jpg.webp 320w\" sizes=\"(min-width: 900px) 925px, (min-width: 700px) 450px, calc(100vw - 48px)\" \/><\/div>\n<p><span class=\"custom-subheading-styles\">Pro Cycling<\/span><span class=\"text-base text-black font-bold mx-0 my-2.5 p-0 block custom-text-styles\">Life Time Grand Prix 2026<\/span><\/div>\n<div class=\"relative recirc-feed sponsored-card min-h-[250px]\" data-recirc-id=\"article-river-stacked-ads:native-cards\" data-mrf-recirculation=\"article-river-ads\" data-nosnippet data-ad-slot-path=\"feed-sponsored-post\" data-attribute-device=\"all\">\n<div class=\"sponsored-post--placeholder max-w-full animate-pulse\"><span><span class=\"text-base text-black font-bold mx-0 my-2.5 p-0 block bg-gray-100\">\u00a0<br \/>\u00a0<\/span><\/span><\/div>\n<\/div>\n<div>\n<div class=\"aspect-[--img-listing-aspect-ratio,16\/9] relative mb-3.5\">\n    <source type=\"image\/webp\" srcset=\"https:\/\/cdn.mos.cms.futurecdn.net\/q4wQw5h4YugeLrLYK2mqEm-840-80.jpg.webp 840w, https:\/\/cdn.mos.cms.futurecdn.net\/q4wQw5h4YugeLrLYK2mqEm-650-80.jpg.webp 650w, https:\/\/cdn.mos.cms.futurecdn.net\/q4wQw5h4YugeLrLYK2mqEm-500-80.jpg.webp 500w, https:\/\/cdn.mos.cms.futurecdn.net\/q4wQw5h4YugeLrLYK2mqEm-450-80.jpg.webp 450w, https:\/\/cdn.mos.cms.futurecdn.net\/q4wQw5h4YugeLrLYK2mqEm-320-80.jpg.webp 320w\" sizes=\"(min-width: 900px) 925px, (min-width: 700px) 450px, calc(100vw - 48px)\" \/><\/div>\n<p><span class=\"custom-subheading-styles\">Safety<\/span><span class=\"text-base text-black font-bold mx-0 my-2.5 p-0 block custom-text-styles\">No &#8216;criminally relevant breach of duty&#8217; in death of Muriel Furrer during UCI Road World Championships as investigation closed<\/span><\/div>\n<div class=\"relative recirc-feed sponsored-card min-h-[250px]\" data-recirc-id=\"article-river-stacked-ads:native-cards\" data-mrf-recirculation=\"article-river-ads\" data-nosnippet data-ad-slot-path=\"feed-sponsored-post\" data-attribute-device=\"all\">\n<div class=\"sponsored-post--placeholder max-w-full animate-pulse\"><span><span class=\"text-base text-black font-bold mx-0 my-2.5 p-0 block bg-gray-100\">\u00a0<br \/>\u00a0<\/span><\/span><\/div>\n<\/div>\n<\/div>\n<\/div>\n<\/aside>\n<aside class=\"w-full\" data-nosnippet data-mrf-recirculation=\"article-river-stacked\">\n<div data-recirc-id=\"article-river-stacked-solr:latest-articletype\">\n<div class=\"text-white py-4 px-3 mb-4 bg-[#333] uppercase font-bold custom-header-styles\">Latest in Race Results<\/div>\n<div class=\"grid grid-cols-1 gap-4 mt-4 mb-5\">\n<div>\n<div class=\"aspect-[--img-listing-aspect-ratio,16\/9] relative mb-3.5\">\n    <source type=\"image\/webp\" srcset=\"https:\/\/cdn.mos.cms.futurecdn.net\/JM7abyE4iw2Lrx4xTSQwBE-840-80.jpg.webp 840w, https:\/\/cdn.mos.cms.futurecdn.net\/JM7abyE4iw2Lrx4xTSQwBE-650-80.jpg.webp 650w, https:\/\/cdn.mos.cms.futurecdn.net\/JM7abyE4iw2Lrx4xTSQwBE-500-80.jpg.webp 500w, https:\/\/cdn.mos.cms.futurecdn.net\/JM7abyE4iw2Lrx4xTSQwBE-450-80.jpg.webp 450w, https:\/\/cdn.mos.cms.futurecdn.net\/JM7abyE4iw2Lrx4xTSQwBE-320-80.jpg.webp 320w\" sizes=\"(min-width: 900px) 925px, (min-width: 700px) 450px, calc(100vw - 48px)\" \/><\/div>\n<p><span class=\"custom-subheading-styles\">Racing<\/span><span class=\"text-base text-black font-bold mx-0 my-2.5 p-0 block custom-text-styles\">Cl\u00e9ment Venturini claims first win in eight years at Roue Tourangelle<\/span><\/div>\n<div class=\"relative recirc-feed sponsored-card min-h-[250px]\" data-recirc-id=\"article-river-stacked-ads:native-cards\" data-mrf-recirculation=\"article-river-ads\" data-nosnippet data-ad-slot-path=\"feed-sponsored-post\" data-attribute-device=\"all\">\n<div class=\"sponsored-post--placeholder max-w-full animate-pulse\"><span><span class=\"text-base text-black font-bold mx-0 my-2.5 p-0 block bg-gray-100\">\u00a0<br \/>\u00a0<\/span><\/span><\/div>\n<\/div>\n<div>\n<div class=\"aspect-[--img-listing-aspect-ratio,16\/9] relative mb-3.5\">\n    <source type=\"image\/webp\" srcset=\"https:\/\/cdn.mos.cms.futurecdn.net\/PRaDmmLdJcwtpAZEyEc6o5-840-80.jpg.webp 840w, https:\/\/cdn.mos.cms.futurecdn.net\/PRaDmmLdJcwtpAZEyEc6o5-650-80.jpg.webp 650w, https:\/\/cdn.mos.cms.futurecdn.net\/PRaDmmLdJcwtpAZEyEc6o5-500-80.jpg.webp 500w, https:\/\/cdn.mos.cms.futurecdn.net\/PRaDmmLdJcwtpAZEyEc6o5-450-80.jpg.webp 450w, https:\/\/cdn.mos.cms.futurecdn.net\/PRaDmmLdJcwtpAZEyEc6o5-320-80.jpg.webp 320w\" sizes=\"(min-width: 900px) 925px, (min-width: 700px) 450px, calc(100vw - 48px)\" \/><\/div>\n<p><span class=\"custom-subheading-styles\">Women&#8217;s Cycling<\/span><span class=\"text-base text-black font-bold mx-0 my-2.5 p-0 block custom-text-styles\">In Flanders Fields Women: Lorena Wiebes sprints to record third consecutive victory in Wevelgem<\/span><\/div>\n<div class=\"relative recirc-feed sponsored-card min-h-[250px]\" data-recirc-id=\"article-river-stacked-ads:native-cards\" data-mrf-recirculation=\"article-river-ads\" data-nosnippet data-ad-slot-path=\"feed-sponsored-post\" data-attribute-device=\"all\">\n<div class=\"sponsored-post--placeholder max-w-full animate-pulse\"><span><span class=\"text-base text-black font-bold mx-0 my-2.5 p-0 block bg-gray-100\">\u00a0<br \/>\u00a0<\/span><\/span><\/div>\n<\/div>\n<div>\n<div class=\"aspect-[--img-listing-aspect-ratio,16\/9] relative mb-3.5\">\n    <source type=\"image\/webp\" srcset=\"https:\/\/cdn.mos.cms.futurecdn.net\/Lk7kejsz7kmSLaN4BUMG7R-840-80.jpg.webp 840w, https:\/\/cdn.mos.cms.futurecdn.net\/Lk7kejsz7kmSLaN4BUMG7R-650-80.jpg.webp 650w, https:\/\/cdn.mos.cms.futurecdn.net\/Lk7kejsz7kmSLaN4BUMG7R-500-80.jpg.webp 500w, https:\/\/cdn.mos.cms.futurecdn.net\/Lk7kejsz7kmSLaN4BUMG7R-450-80.jpg.webp 450w, https:\/\/cdn.mos.cms.futurecdn.net\/Lk7kejsz7kmSLaN4BUMG7R-320-80.jpg.webp 320w\" sizes=\"(min-width: 900px) 925px, (min-width: 700px) 450px, calc(100vw - 48px)\" \/><\/div>\n<p><span class=\"custom-subheading-styles\">Racing<\/span><span class=\"text-base text-black font-bold mx-0 my-2.5 p-0 block custom-text-styles\">In Flanders Fields: Jasper Philipsen clinches bunch sprint victory as spectacular late breakaway by Mathieu van der Poel and Wout van Aert collapses close to the line<\/span><\/div>\n<div class=\"relative recirc-feed sponsored-card min-h-[250px]\" data-recirc-id=\"article-river-stacked-ads:native-cards\" data-mrf-recirculation=\"article-river-ads\" data-nosnippet data-ad-slot-path=\"feed-sponsored-post\" data-attribute-device=\"all\">\n<div class=\"sponsored-post--placeholder max-w-full animate-pulse\"><span><span class=\"text-base text-black font-bold mx-0 my-2.5 p-0 block bg-gray-100\">\u00a0<br \/>\u00a0<\/span><\/span><\/div>\n<\/div>\n<div>\n<div class=\"aspect-[--img-listing-aspect-ratio,16\/9] relative mb-3.5\">\n    <source type=\"image\/webp\" srcset=\"https:\/\/cdn.mos.cms.futurecdn.net\/yZihTUm4JcWqhVU7DS8D7o-840-80.jpg.webp 840w, https:\/\/cdn.mos.cms.futurecdn.net\/yZihTUm4JcWqhVU7DS8D7o-650-80.jpg.webp 650w, https:\/\/cdn.mos.cms.futurecdn.net\/yZihTUm4JcWqhVU7DS8D7o-500-80.jpg.webp 500w, https:\/\/cdn.mos.cms.futurecdn.net\/yZihTUm4JcWqhVU7DS8D7o-450-80.jpg.webp 450w, https:\/\/cdn.mos.cms.futurecdn.net\/yZihTUm4JcWqhVU7DS8D7o-320-80.jpg.webp 320w\" sizes=\"(min-width: 900px) 925px, (min-width: 700px) 450px, calc(100vw - 48px)\" \/><\/div>\n<p><span class=\"custom-subheading-styles\">Racing<\/span><span class=\"text-base text-black font-bold mx-0 my-2.5 p-0 block custom-text-styles\">Volta a Catalunya: Jonas Vingegaard secures second major overall victory of 2026, Brady Gilmore sprints to surprise final stage win in Barcelona<\/span><\/div>\n<div class=\"relative recirc-feed sponsored-card min-h-[250px]\" data-recirc-id=\"article-river-stacked-ads:native-cards\" data-mrf-recirculation=\"article-river-ads\" data-nosnippet data-ad-slot-path=\"feed-sponsored-post\" data-attribute-device=\"all\">\n<div class=\"sponsored-post--placeholder max-w-full animate-pulse\"><span><span class=\"text-base text-black font-bold mx-0 my-2.5 p-0 block bg-gray-100\">\u00a0<br \/>\u00a0<\/span><\/span><\/div>\n<\/div>\n<div>\n<div class=\"aspect-[--img-listing-aspect-ratio,16\/9] relative mb-3.5\">\n    <source type=\"image\/webp\" srcset=\"https:\/\/cdn.mos.cms.futurecdn.net\/RaHB8vz8hqZWTJovtHgirM-840-80.jpg.webp 840w, https:\/\/cdn.mos.cms.futurecdn.net\/RaHB8vz8hqZWTJovtHgirM-650-80.jpg.webp 650w, https:\/\/cdn.mos.cms.futurecdn.net\/RaHB8vz8hqZWTJovtHgirM-500-80.jpg.webp 500w, https:\/\/cdn.mos.cms.futurecdn.net\/RaHB8vz8hqZWTJovtHgirM-450-80.jpg.webp 450w, https:\/\/cdn.mos.cms.futurecdn.net\/RaHB8vz8hqZWTJovtHgirM-320-80.jpg.webp 320w\" sizes=\"(min-width: 900px) 925px, (min-width: 700px) 450px, calc(100vw - 48px)\" \/><\/div>\n<p><span class=\"custom-subheading-styles\">Racing<\/span><span class=\"text-base text-black font-bold mx-0 my-2.5 p-0 block custom-text-styles\">Coppi e Bartali: Mauro Schmid eclipses Axel Laurance to claim overall victory in thrilling two-up sprint on final day<\/span><\/div>\n<div class=\"relative recirc-feed sponsored-card min-h-[250px]\" data-recirc-id=\"article-river-stacked-ads:native-cards\" data-mrf-recirculation=\"article-river-ads\" data-nosnippet data-ad-slot-path=\"feed-sponsored-post\" data-attribute-device=\"all\">\n<div class=\"sponsored-post--placeholder max-w-full animate-pulse\"><span><span class=\"text-base text-black font-bold mx-0 my-2.5 p-0 block bg-gray-100\">\u00a0<br \/>\u00a0<\/span><\/span><\/div>\n<\/div>\n<div>\n<div class=\"aspect-[--img-listing-aspect-ratio,16\/9] relative mb-3.5\">\n    <source type=\"image\/webp\" srcset=\"https:\/\/cdn.mos.cms.futurecdn.net\/QmMbkepResnZQM2S77yR7B-840-80.jpg.webp 840w, https:\/\/cdn.mos.cms.futurecdn.net\/QmMbkepResnZQM2S77yR7B-650-80.jpg.webp 650w, https:\/\/cdn.mos.cms.futurecdn.net\/QmMbkepResnZQM2S77yR7B-500-80.jpg.webp 500w, https:\/\/cdn.mos.cms.futurecdn.net\/QmMbkepResnZQM2S77yR7B-450-80.jpg.webp 450w, https:\/\/cdn.mos.cms.futurecdn.net\/QmMbkepResnZQM2S77yR7B-320-80.jpg.webp 320w\" sizes=\"(min-width: 900px) 925px, (min-width: 700px) 450px, calc(100vw - 48px)\" \/><\/div>\n<p><span class=\"custom-subheading-styles\">Women&#8217;s Cycling<\/span><span class=\"text-base text-black font-bold mx-0 my-2.5 p-0 block custom-text-styles\">Bradyn Lange and Larissa Hartog claim victories at The Hills Gravel<\/span><\/div>\n<div class=\"relative recirc-feed sponsored-card min-h-[250px]\" data-recirc-id=\"article-river-stacked-ads:native-cards\" data-mrf-recirculation=\"article-river-ads\" data-nosnippet data-ad-slot-path=\"feed-sponsored-post\" data-attribute-device=\"all\">\n<div class=\"sponsored-post--placeholder max-w-full animate-pulse\"><span><span class=\"text-base text-black font-bold mx-0 my-2.5 p-0 block bg-gray-100\">\u00a0<br \/>\u00a0<\/span><\/span><\/div>\n<\/div>\n<\/div>\n<\/div>\n<\/aside>\n<\/section>\n<\/div>\n<\/div>\n<\/div>\n<div id=\"widgetArea17\" class=\"widget-area md:basis-1\/3 widget-area-g-md-vp-1-3 widget-area-g-lg-vp-1-3 widget-area-g-xl-vp-1-3 page-widget-area-17\">\n<div data-widget-type=\"dynamic\" id=\"popular-data\" class=\"clear-both widget widget-dynamic widget-popular-data widget-dynamic-popular-data widget-dynamic-fter-popular-box\">\n<div class=\"wdn-fte-pb pos-relative space-t20\n\"><\/p>\n<div id=\"slice-container-popularBox\" class=\"slice-container popular-box-slice popularBox slice-container-popularBox\">\n<section data-hydrate=\"true\" class=\"popular-box\">\n<div class=\"popular-box__label\">\n<div class=\"popular-box__label__tab popular-box__label__tab--active\" role=\"heading\">LATEST ARTICLES<\/div>\n<\/div>\n<ol class=\"popular-box__articles-list popular-box__articles-list--active\">\n<li class=\"popular-box__article-list\">\n<div class=\"popular-box__article-list__container\">\n<div class=\"popular-box__article-list__image-wrapper\">\n<div><source class=\"popular-box__article-list__image image__image\" type=\"image\/webp\" srcset=\"https:\/\/cdn.mos.cms.futurecdn.net 320w, https:\/\/cdn.mos.cms.futurecdn.net 640w, https:\/\/cdn.mos.cms.futurecdn.net 720w, https:\/\/cdn.mos.cms.futurecdn.net 1280w\" sizes=\"99vw\" data-normal=\"https:\/\/cdn.mos.cms.futurecdn.net\" data-original-mos=\"https:\/\/cdn.mos.cms.futurecdn.net\" data-pin-media=\"https:\/\/cdn.mos.cms.futurecdn.net\" data-pin-nopin=\"true\" data-slice-image=\"true\" \/><\/div>\n<\/div>\n<div class=\"popular-box__article-list__content\">\n<div class=\"popular-box__article-list__number-text\">1<\/div>\n<div class=\"popular-box__article-list__heading\">&#8216;Strong athletic potential and a high VO2 max&#8217; \u2013 Decathlon CMA CGM sign skier and four-time Olympic medallist \u00c9milien Jacquelin for NewGen Devo team project<\/div>\n<\/div>\n<\/div>\n<\/li>\n<li class=\"popular-box__article-list\">\n<div class=\"popular-box__article-list__container\">\n<div class=\"popular-box__article-list__content\">\n<div class=\"popular-box__article-list__number-text\">2<\/div>\n<div class=\"popular-box__article-list__heading\">&#8216;Feel like Mike Tyson punched me in the back&#8217; \u2013 Ben Turner dusts himself off after bizarre somersault crash at In Flanders Fields<\/div>\n<\/div>\n<\/div>\n<\/li>\n<li class=\"popular-box__article-list\">\n<div class=\"popular-box__article-list__container\">\n<div class=\"popular-box__article-list__content\">\n<div class=\"popular-box__article-list__number-text\">3<\/div>\n<div class=\"popular-box__article-list__heading\">A clinical Jonas Vingegaard and a long list of riders MIA \u2013 Philippa York analyses the Volta a Catalunya<\/div>\n<\/div>\n<\/div>\n<\/li>\n<li class=\"popular-box__article-list\">\n<div class=\"popular-box__article-list__container\">\n<div class=\"popular-box__article-list__content\">\n<div class=\"popular-box__article-list__number-text\">4<\/div>\n<div class=\"popular-box__article-list__heading\">A dark horse for the podium at Tour of Flanders and Paris-Roubaix? \u2013 Cycling&#8217;s new late attacker is making his presence impossible to ignore<\/div>\n<\/div>\n<\/div>\n<\/li>\n<li class=\"popular-box__article-list\">\n<div class=\"popular-box__article-list__container\">\n<div class=\"popular-box__article-list__content\">\n<div class=\"popular-box__article-list__number-text\">5<\/div>\n<div class=\"popular-box__article-list__heading\">Initiating clubs dispute AusCycling decision to rule out bulk of requested special general meeting resolutions as invalid<\/div>\n<\/div>\n<\/div>\n<\/li>\n<\/ol>\n<\/section>\n<\/div>\n<\/div>\n<\/div>\n<\/div>\n<\/div>\n<\/article>\n<div class=\"news-article\">\n<header data-component-name=\"Article:Hero\">\n<nav class=\"breadcrumb\" aria-label=\"Breadcrumbs\">\n<ol>\n<li>\nPro Cycling\n<\/li>\n<\/ol>\n<\/nav>\n<h1>UCI Gravel World Series: Nicole Frain and Mads W\u00fcrtz Schmidt drop rivals for solo wins at 114 Gravel Race<\/h1>\n<div class=\"byline-social\">\n<div class=\"byline\">\nRace Results<\/p>\n<div class=\"text-[13px]\"><span><br \/>\nBy<br \/>\nSimone Giuliani <\/span><span><br \/>\npublished<br \/>\n<time data-component-name=\"UI:DateTime\" datetime=\"2026-03-30T16:56:01Z\" class=\"relative-date\"><br \/>\n30 March 2026<br \/>\n<\/time><\/span><\/div>\n<\/div>\n<p class=\"strapline\">Romy Kasper and Daan Soete take second spots in race from Portugal to Spain<\/p>\n<\/div>\n<aside class=\"mx-auto mb-4 flex items-center justify-start mx-0 my-5 p-0\" id=\"affiliate-disclaimer\" data-component-name=\"AffiliateDisclaimer\" data-hawk-message=\"Affiliate disclaimer removed because hawk deemed there are no affiliate links on this page\">\n<p class=\"text-700 mb-2 text-[12px] leading-[18px] md:text-[13px] [&amp;&gt;a]:text-gray-700 [&amp;&gt;a]:underline\">\nWhen you purchase through links on our site, we may earn an affiliate commission. Here\u2019s how it works.\n<\/p>\n<\/aside>\n<\/header>\n<\/div>\n<div id=\"article-body\" class=\"text-copy bodyCopy auto paywall-locker\">\n<div data-analytics-id=\"utility-bar\" id=\"utility-bar\" class=\"font-ui-heading flex justify-between items-center py-2 border-t border-b border-gray-300 border-solid mb-5 mx-auto\" data-component-name=\"UtilityBar\" data-mrf-recirculation=\"utility-bar\">\n<div class=\"flex gap-2 text-[#333] subcontainer\">\n<div class=\"relative tooltip-container\" role=\"tooltip\">\n<div data-component-name=\"Social:Dropdown\" role=\"menu\" id=\"utilitybar__dropdown--share\" aria-labelledby=\"utilitybar__button--share\" class=\"absolute left-0 top-full w-44 bg-white rounded-md shadow-md border border-neutral-200 z-[9996] list-none m-0 py-2 px-3 border-solid\">\n<ul class=\"!m-0\">\n<li class=\"!p-0 !m-0 list-none border-b border-gray-200 border-solid\">\n<li class=\"!p-0 !m-0 list-none border-b border-gray-200 border-solid\">\n<p>Facebook<\/p>\n<\/li>\n<li class=\"!p-0 !m-0 list-none border-b border-gray-200 border-solid\">\n<p>X<\/p>\n<\/li>\n<li class=\"!p-0 !m-0 list-none border-b border-gray-200 border-solid\">\n<p>Pinterest<\/p>\n<\/li>\n<li class=\"!p-0 !m-0 list-none border-b border-gray-200 border-solid\">\n<p>Email<\/p>\n<\/li>\n<\/ul>\n<\/div>\n<div class=\"font-ui-heading max-sm:hidden tooltip absolute left-1\/2 bg-gray-900 text-white text-xs leading-none px-3 py-1.5 rounded-md z-[10001] whitespace-nowrap\" id=\"tooltip-share-this-article\" role=\"tooltip\" aria-hidden=\"true\">\nShare this article\n<\/div>\n<\/div>\n<div class=\"relative tooltip-container\" role=\"tooltip\"><span class=\"ml-1 inline-flex h-5 px-2 shrink-0 items-center justify-center self-center overflow-hidden whitespace-nowrap rounded-[10px] bg-primary-500 text-[11px] leading-none font-ui-heading font-semibold text-white\"><span>0<\/span><\/span><\/p>\n<div class=\"font-ui-heading max-sm:hidden tooltip absolute left-1\/2 bg-gray-900 text-white text-xs leading-none px-3 py-1.5 rounded-md z-[10001] whitespace-nowrap\" id=\"tooltip-join-the-conversation\" role=\"tooltip\" aria-hidden=\"true\">\nJoin the conversation\n<\/div>\n<\/div>\n<\/div>\n<div class=\"flex gap-2 text-[#333] subcontainer\">\n<div class=\"relative tooltip-container\" role=\"tooltip\">\n<p>Follow us<\/p>\n<div class=\"font-ui-heading max-sm:hidden tooltip absolute left-1\/2 bg-gray-900 text-white text-xs leading-none px-3 py-1.5 rounded-md z-[10001] whitespace-nowrap\" id=\"tooltip-add-us-as-a-preferred-source-on-google\" role=\"tooltip\" aria-hidden=\"true\">\nAdd us as a preferred source on Google\n<\/div>\n<\/div>\n<div class=\"relative tooltip-container\" role=\"tooltip\">\n<div role=\"dialog\" class=\"hidden fixed inset-0 z-[999999999999999999] bg-[#33333370] flex items-center justify-center p-6 newsletter-modal\" data-batch-endpoint=\"https:\/\/newsletter-subscribe.futureplc.com\/v2\/submission\/submit_batch\" data-batch-source=\"302\" data-component-name=\"Newsletter:Modal\">\n<div class=\"bg-neutral-100 rounded-xl shadow-xl w-full lg:w-2\/3 xl:w-1\/2 p-6 relative max-h-[95vh] overflow-y-auto\">\n<div id=\"newsletter-capture-modal\">\n<div class=\"sm:text-xl text-base font-bold text-black mb-3 p-0 bg-inherit font-ui-heading\">Get The Leadout Newsletter<\/div>\n<p class=\"text-gray-600 mb-4 text-sm sm:text-base font-article-copy\">The latest race content, interviews, features, reviews and expert buying guides, direct to your inbox!<\/p>\n<div data-component-name=\"Newsletter:NewsletterForm\">\n<hr class=\"modal_hr mt-3 mb-4 h-px bg-gray-300 border-0\">\n<div class=\"modal_footer block text-left opacity-80 text-[.8em] leading-[1.3em] mt-2 [&amp;&gt;a]:underline font-article-copy\">\nBy submitting your information you agree to the Terms &amp; Conditions and Privacy Policy and are aged 16 or over.\n<\/div>\n<\/div>\n<\/div>\n<div id=\"newsletter-modal-confirmation\" class=\"hidden\">\n<p class=\"sm:text-xl text-base font-bold text-black mb-3 p-0\">You are now subscribed<\/p>\n<p class=\"text-gray-600 mb-4 text-sm sm:text-base\">Your newsletter sign-up was successful<\/p>\n<div id=\"newsletter-modal-confirmation__userlogin\" class=\"hidden\">\n<hr class=\"my-5 h-px bg-gray-300 border-0\">\n<div class=\"items-start flex flex-col h-full justify-between\">\n<div class=\"flcw-text pb-5 pt-2 leading-[1.3]\"> An account already exists for this email address, please log in.<\/div>\n<\/div>\n<\/div>\n<\/div>\n<\/div>\n<\/div>\n<div class=\"font-ui-heading max-sm:hidden tooltip absolute left-1\/2 bg-gray-900 text-white text-xs leading-none px-3 py-1.5 rounded-md z-[10001] whitespace-nowrap\" id=\"tooltip-subscribe-to-our-newsletter\" role=\"tooltip\" aria-hidden=\"true\">\nSubscribe to our newsletter\n<\/div>\n<\/div>\n<\/div>\n<\/div>\n<p id=\"elk-105e23f0-9a88-46b7-b46a-a736f01bcf0d\">Nicole Frain (Factor Racing) and Mads W\u00fcrtz Schmidt (Specialized Off-road) won the 114 Gravel Race with solo victories on Saturday, taking out the UCI Gravel World Series race which crossed the border from Portugal to Spain.<\/p>\n<p>The 137km course was mainly flat, with added climbing from the year before on the Portuguese side. After crossing the border at 37km into the race, it was a flat run to the line, though not an easy one between headwinds and bumpy sand sections.<\/p>\n<p id=\"elk-105e23f0-9a88-46b7-b46a-a736f01bcf0d-2\">In the men&#8217;s elite category, W\u00fcrtz Schmidt set the best time at W\u00fcrtz Schmidt. Daan Soete (Ridley Racing) was second, 7:41 off the pace. Lawrence Naesen (Orbea\/Pedal Mafia) was third, 9:12 back, just ahead of Ribble Outliers duo Jenson Young and Ben Thomas.<\/p>\n<p><span class=\"article-continues-below block py-2 text-sm\">Article continues below <\/span><\/p>\n<aside data-component-name=\"Recirculation:ArticleRiver\" data-recirculation-type=\"inline\" data-mrf-recirculation=\"Trending Bar\" data-nosnippet class=\"clear-both pb-0 pt-2 mb-4\"><span class=\"\n            flex\n            after:content-[''] after:flex-1 after:ml-4 after:my-[0.7rem] after:border-t after:border-solid after:border-t-[#ccc]\n            before:content-[''] before:flex-1 before:mr-4 before:my-[0.7rem] before:border-t before:border-solid before:border-t-[#ccc]\n            font-article-heading pb-0 !text-base uppercase sm:text-sm font-bold\n        \"><br \/>\n            You may like<br \/>\n        <\/span><\/p>\n<ul class=\"flex flex-col gap-0 m-0\">\n<li class=\"m-0 list-none border-b border-solid border-[#ededed] py-2\" data-recirculation-id=\"recirculation-card-1\" data-analytics-id=\"recirculation-inline-1\" data-mrf-recirculation=\"recirculation-inline-1\">\n    <source type=\"image\/webp\" srcset=\"https:\/\/cdn.mos.cms.futurecdn.net\/UyzzxsiipWSVotnPYkPeZF-250-80.jpg.webp 250w, https:\/\/cdn.mos.cms.futurecdn.net\/UyzzxsiipWSVotnPYkPeZF-150-80.jpg.webp 150w\" sizes=\"150px\" \/><span class=\"\n                            w-full font-article-heading line-clamp-3 md:line-clamp-2 text-base font-medium\">UCI Gravel World Series \u2013 Romain Bardet and Sofia G\u00f3mez Villafa\u00f1e win Castell\u00f3n Gravel Race<\/span><\/li>\n<li class=\"m-0 list-none border-b border-solid border-[#ededed] py-2\" data-recirculation-id=\"recirculation-card-2\" data-analytics-id=\"recirculation-inline-2\" data-mrf-recirculation=\"recirculation-inline-2\">\n    <source type=\"image\/webp\" srcset=\"https:\/\/cdn.mos.cms.futurecdn.net\/jUCiU7bpZQYnonQfxwezuf-250-80.jpg.webp 250w, https:\/\/cdn.mos.cms.futurecdn.net\/jUCiU7bpZQYnonQfxwezuf-150-80.jpg.webp 150w\" sizes=\"150px\" \/><span class=\"\n                            w-full font-article-heading line-clamp-3 md:line-clamp-2 text-base font-medium\">UCI Gravel World Series: Nicole Frain best in three-rider women&#8217;s sprint while Jarno Bellens goes solo to win elite men&#8217;s race at Turnhout Gravel<\/span><\/li>\n<li class=\"m-0 list-none border-b border-solid border-[#ccc] py-2\" data-recirculation-id=\"recirculation-card-3\" data-analytics-id=\"recirculation-inline-3\" data-mrf-recirculation=\"recirculation-inline-3\">\n    <source type=\"image\/webp\" srcset=\"https:\/\/cdn.mos.cms.futurecdn.net\/UgUkn5FySF3DNhE7vYpMyN-250-80.jpg.webp 250w, https:\/\/cdn.mos.cms.futurecdn.net\/UgUkn5FySF3DNhE7vYpMyN-150-80.jpg.webp 150w\" sizes=\"150px\" \/><span class=\"\n                            w-full font-article-heading line-clamp-3 md:line-clamp-2 text-base font-medium\">Nicole Frain sweeps RADL GRVL and first-ever Oceania Gravel Championship for elite women while Romain Bardet earns gravel race victory for elite men<\/span><\/li>\n<\/ul>\n<\/aside>\n<p>W\u00fcrtz Schmidt kept his rivals at bay by taking off early in the race, his second win in the series after Santa Vall.<\/p>\n<p>&#8220;I got away solo after 20, 25km and then just put my head down and pushed with everything I had so I could go away and take the win,&#8221; said W\u00fcrtz Schmidt in an interview posted by race organisers on social media.<\/p>\n<p class=\"paywall\" aria-hidden=\"true\">It was Frain&#8217;s second UCI Gravel World series win, taking the victory at Turnhout Gravel last week, posting a time of 4:10:07. Romy Kasper (PAS Racing) came second at 1:27 back in the elite women&#8217;s category across Elvas in Portugal and the Extremadura region in Spain, while Sophie Wright (Ribble Outliers) was third, 6:57 back.<\/p>\n<p class=\"paywall\" aria-hidden=\"true\">The women had a dedicated start but became caught up with the age group men in the later stages. The three leading women were all among a group together at one point, then Wright lost contact leaving Kasper and Frain, who took off at about 60km to go.<\/p>\n<div id=\"slice-container-newsletterForm-articleInbodyContent-whFwXEjmZCUcauwoCgpf6T\" class=\"slice-container newsletter-inbodyContent-slice newsletterForm-articleInbodyContent-whFwXEjmZCUcauwoCgpf6T slice-container-newsletterForm\">\n<div data-hydrate=\"true\" class=\"newsletter-form__wrapper newsletter-form__wrapper--inbodyContent\">\n<div class=\"newsletter-form__container\">\n<section class=\"newsletter-form__top-bar\">\n<div class=\"newsletter-form__header\">Get The Leadout Newsletter<\/div>\n<\/section>\n<section class=\"newsletter-form__main-section\">\n<p class=\"newsletter-form__strapline\">The latest race content, interviews, features, reviews and expert buying guides, direct to your inbox!<\/p>\n<footer class=\"newsletter-form__footer \">By submitting your information you agree to the Terms &amp; Conditions and Privacy Policy and are aged 16 or over.<\/footer>\n<\/section>\n<\/div>\n<\/div>\n<\/div>\n<p class=\"paywall\" aria-hidden=\"true\">&#8220;I like The Hills, that last 30-odd kilometres with the long straights and the headwinds was mentally really tough but that&#8217;s also what makes the race special,&#8221; said Frain in an interview on the race social media.<\/p>\n<p class=\"paywall\" aria-hidden=\"true\">The event was one of two qualifiers for the UCI Gravel World Championships held through last weekend, with Vuelta Altas Cumbres Gravel delivering the first event of the series in Argentina.<\/p>\n<h3 class=\"article-body__section\" id=\"section-results\"><span>Results<\/span><\/h3>\n<div id=\"slice-container-table-whFwXEjmZCUcauwoCgpf6T-rhXbuYmDBeU4L3sGAqcuIvUeywFMKWBC\" class=\"slice-container table-wrapper table-whFwXEjmZCUcauwoCgpf6T-rhXbuYmDBeU4L3sGAqcuIvUeywFMKWBC slice-container-table\">\n<div class=\"table__instruction\">Swipe to scroll horizontally<\/div>\n<div class=\"table__container\">\n<table class=\"table__wrapper table__wrapper--inbodyContent table__wrapper--sticky table__wrapper--divider\">\n<caption class=\"table__caption table__caption--top table__caption--left\">Elite women top 10<\/caption>\n<thead class=\"table__head\">\n<tr class=\"table__head__row\">\n<th class=\"table__head__heading table__head__heading--left\" colspan=\"1\">\n<p>Pos.<\/p>\n<\/th>\n<th class=\"table__head__heading table__head__heading--left\" colspan=\"1\">\n<p>Rider (Team)<\/p>\n<\/th>\n<th class=\"table__head__heading table__head__heading--left\" colspan=\"1\">\n<p>Time Behind<\/p>\n<\/th>\n<\/tr>\n<\/thead>\n<tbody class=\"table__body\">\n<tr class=\"table__body__row\">\n<td class=\"table_body__data\" colspan=\"1\">\n<p>1<\/p>\n<\/td>\n<td class=\"table_body__data\" colspan=\"1\">\n<p>Nicole Frain (Factor Racing Team)<\/p>\n<\/td>\n<td class=\"table_body__data\" colspan=\"1\">\n<p>4:10:07<\/p>\n<\/td>\n<\/tr>\n<tr class=\"table__body__row\">\n<td class=\"table_body__data\" colspan=\"1\">\n<p>2<\/p>\n<\/td>\n<td class=\"table_body__data\" colspan=\"1\">\n<p>Romy Kasper (PAS Racing)<\/p>\n<\/td>\n<td class=\"table_body__data\" colspan=\"1\">\n<p>+1:27<\/p>\n<\/td>\n<\/tr>\n<tr class=\"table__body__row\">\n<td class=\"table_body__data\" colspan=\"1\">\n<p>3<\/p>\n<\/td>\n<td class=\"table_body__data\" colspan=\"1\">\n<p>Sophie Wright (Ribble Outliers)<\/p>\n<\/td>\n<td class=\"table_body__data\" colspan=\"1\">\n<p>+6:57<\/p>\n<\/td>\n<\/tr>\n<tr class=\"table__body__row\">\n<td class=\"table_body__data\" colspan=\"1\">\n<p>4<\/p>\n<\/td>\n<td class=\"table_body__data\" colspan=\"1\">\n<p>Basia Borowiecka (TKK Pacific Torun \/ Nestle Fitness)<\/p>\n<\/td>\n<td class=\"table_body__data\" colspan=\"1\">\n<p>+11:53<\/p>\n<\/td>\n<\/tr>\n<tr class=\"table__body__row\">\n<td class=\"table_body__data\" colspan=\"1\">\n<p>5<\/p>\n<\/td>\n<td class=\"table_body__data\" colspan=\"1\">\n<p>Luc\u00eda Gonz\u00e1lez Blanco (NESTA &#8211; MMR cycling team)<\/p>\n<\/td>\n<td class=\"table_body__data\" colspan=\"1\">\n<p>+13:35<\/p>\n<\/td>\n<\/tr>\n<tr class=\"table__body__row\">\n<td class=\"table_body__data\" colspan=\"1\">\n<p>6<\/p>\n<\/td>\n<td class=\"table_body__data\" colspan=\"1\">\n<p>Tessa Neefjes (Liv Racing Collective)<\/p>\n<\/td>\n<td class=\"table_body__data\" colspan=\"1\">\n<p>+14:58<\/p>\n<\/td>\n<\/tr>\n<tr class=\"table__body__row\">\n<td class=\"table_body__data\" colspan=\"1\">\n<p>7<\/p>\n<\/td>\n<td class=\"table_body__data\" colspan=\"1\">\n<p>Natalia Fischer (Extremadura-Ecopilas)<\/p>\n<\/td>\n<td class=\"table_body__data\" colspan=\"1\">\n<p>+19:48<\/p>\n<\/td>\n<\/tr>\n<tr class=\"table__body__row\">\n<td class=\"table_body__data\" colspan=\"1\">\n<p>8<\/p>\n<\/td>\n<td class=\"table_body__data\" colspan=\"1\">\n<p>Varvara Fasoi (Kronos Nikaias)<\/p>\n<\/td>\n<td class=\"table_body__data\" colspan=\"1\">\n<p>+24:03<\/p>\n<\/td>\n<\/tr>\n<tr class=\"table__body__row\">\n<td class=\"table_body__data\" colspan=\"1\">\n<p>9<\/p>\n<\/td>\n<td class=\"table_body__data\" colspan=\"1\">\n<p>Madeleine Nutt (Lauf\/Q36.5\/Panaracer)<\/p>\n<\/td>\n<td class=\"table_body__data\" colspan=\"1\">\n<p>+24:11<\/p>\n<\/td>\n<\/tr>\n<tr class=\"table__body__row\">\n<td class=\"table_body__data\" colspan=\"1\">\n<p>10<\/p>\n<\/td>\n<td class=\"table_body__data\" colspan=\"1\">\n<p>Elisa Caldas (ODL Team Kiwi Atlantico Craega)<\/p>\n<\/td>\n<td class=\"table_body__data\" colspan=\"1\">\n<p>+29:26<\/p>\n<\/td>\n<\/tr>\n<\/tbody>\n<\/table>\n<\/div>\n<\/div>\n<div id=\"slice-container-table-whFwXEjmZCUcauwoCgpf6T-GDociQJAz9DqLfigoYxsJJFKQFQzdIzm\" class=\"slice-container table-wrapper table-whFwXEjmZCUcauwoCgpf6T-GDociQJAz9DqLfigoYxsJJFKQFQzdIzm slice-container-table\">\n<div class=\"table__instruction\">Swipe to scroll horizontally<\/div>\n<div class=\"table__container\">\n<table class=\"table__wrapper table__wrapper--inbodyContent table__wrapper--sticky table__wrapper--divider\">\n<caption class=\"table__caption table__caption--top table__caption--left\">Elite men top 10<\/caption>\n<thead class=\"table__head\">\n<tr class=\"table__head__row\">\n<th class=\"table__head__heading table__head__heading--left\" colspan=\"1\">\n<p>Pos.<\/p>\n<\/th>\n<th class=\"table__head__heading table__head__heading--left\" colspan=\"1\">\n<p>Name (Team)<\/p>\n<\/th>\n<th class=\"table__head__heading table__head__heading--left\" colspan=\"1\">\n<p>Time Behind<\/p>\n<\/th>\n<\/tr>\n<\/thead>\n<tbody class=\"table__body\">\n<tr class=\"table__body__row\">\n<td class=\"table_body__data\" colspan=\"1\">\n<p>1<\/p>\n<\/td>\n<td class=\"table_body__data\" colspan=\"1\">\n<p>Mads W\u00fcrtz Schmidt (Specialized Off-Road)<\/p>\n<\/td>\n<td class=\"table_body__data\" colspan=\"1\">\n<p>3:31:36<\/p>\n<\/td>\n<\/tr>\n<tr class=\"table__body__row\">\n<td class=\"table_body__data\" colspan=\"1\">\n<p>2<\/p>\n<\/td>\n<td class=\"table_body__data\" colspan=\"1\">\n<p>Daan Zoet (Ridley Racing Team)<\/p>\n<\/td>\n<td class=\"table_body__data\" colspan=\"1\">\n<p>+7:41<\/p>\n<\/td>\n<\/tr>\n<tr class=\"table__body__row\">\n<td class=\"table_body__data\" colspan=\"1\">\n<p>3<\/p>\n<\/td>\n<td class=\"table_body__data\" colspan=\"1\">\n<p>Lawrence Naesen (Orbea Mafia)<\/p>\n<\/td>\n<td class=\"table_body__data\" colspan=\"1\">\n<p>+9:12<\/p>\n<\/td>\n<\/tr>\n<tr class=\"table__body__row\">\n<td class=\"table_body__data\" colspan=\"1\">\n<p>4<\/p>\n<\/td>\n<td class=\"table_body__data\" colspan=\"1\">\n<p>Jenson Young (Ribble Outliers)<\/p>\n<\/td>\n<td class=\"table_body__data\" colspan=\"1\">\n<p>+9:14<\/p>\n<\/td>\n<\/tr>\n<tr class=\"table__body__row\">\n<td class=\"table_body__data\" colspan=\"1\">\n<p>5<\/p>\n<\/td>\n<td class=\"table_body__data\" colspan=\"1\">\n<p>Ben Thomas (Ribble Outliers)<\/p>\n<\/td>\n<td class=\"table_body__data\" colspan=\"1\">\n<p>+9:31<\/p>\n<\/td>\n<\/tr>\n<tr class=\"table__body__row\">\n<td class=\"table_body__data\" colspan=\"1\">\n<p>6<\/p>\n<\/td>\n<td class=\"table_body__data\" colspan=\"1\">\n<p>Tiago Ferreira (Individual)<\/p>\n<\/td>\n<td class=\"table_body__data\" colspan=\"1\">\n<p>+9:57<\/p>\n<\/td>\n<\/tr>\n<tr class=\"table__body__row\">\n<td class=\"table_body__data\" colspan=\"1\">\n<p>7<\/p>\n<\/td>\n<td class=\"table_body__data\" colspan=\"1\">\n<p>Tobias M\u00f8rch Kongstad (PAS Racing)<\/p>\n<\/td>\n<td class=\"table_body__data\" colspan=\"1\">\n<p>+15:38<\/p>\n<\/td>\n<\/tr>\n<tr class=\"table__body__row\">\n<td class=\"table_body__data\" colspan=\"1\">\n<p>8<\/p>\n<\/td>\n<td class=\"table_body__data\" colspan=\"1\">\n<p>Jorge Gonz\u00e1lez Segurado (Arvo Cllcvt Orbea)<\/p>\n<\/td>\n<td class=\"table_body__data\" colspan=\"1\">\n<p>+20:51<\/p>\n<\/td>\n<\/tr>\n<tr class=\"table__body__row\">\n<td class=\"table_body__data\" colspan=\"1\">\n<p>9<\/p>\n<\/td>\n<td class=\"table_body__data\" colspan=\"1\">\n<p>Connor Sens (VIA Racing)<\/p>\n<\/td>\n<td class=\"table_body__data\" colspan=\"1\">\n<p>+20:53<\/p>\n<\/td>\n<\/tr>\n<tr class=\"table__body__row\">\n<td class=\"table_body__data\" colspan=\"1\">\n<p>10<\/p>\n<\/td>\n<td class=\"table_body__data\" colspan=\"1\">\n<p>Ra\u00fal Castrillo Sedano (Logos\/Bh\/Sn\u00f6)<\/p>\n<\/td>\n<td class=\"table_body__data\" colspan=\"1\">\n<p>+20:54<\/p>\n<\/td>\n<\/tr>\n<\/tbody>\n<\/table>\n<\/div>\n<\/div>\n<\/div>\n<p>[analyse_source url=&#8221;https:\/\/www.cyclingnews.com\/pro-cycling\/uci-gravel-world-series-nicole-frain-and-mads-wurtz-schmidt-drop-rivals-for-solo-wins-at-114-gravel-race\/&#8221;]<\/p>\n","protected":false},"excerpt":{"rendered":"<p>[analyse_image type=&#8221;featured&#8221; src=&#8221;https:\/\/cdn.mos.cms.futurecdn.net\/QJfnfA2HenLCZ5jT9bZhN5-1005-80.jpg&#8221;] Pro Cycling UCI Gravel World Series: Nicole Frain and Mads W\u00fcrtz Schmidt drop rivals for solo wins at 114 Gravel Race Race Results By Simone Giuliani published 30 March 2026 Romy Kasper and Daan Soete take second spots in race from Portugal to Spain When you purchase through links on our site, [&hellip;]<\/p>\n","protected":false},"author":1,"featured_media":0,"comment_status":"open","ping_status":"","sticky":false,"template":"","format":"standard","meta":{"footnotes":""},"categories":[2],"tags":[226,68],"class_list":["post-1856464","post","type-post","status-publish","format-standard","hentry","category-politics","tag-crawlmanager","tag-cyclingnews-com"],"_links":{"self":[{"href":"https:\/\/analyse.optim.biz\/index.php?rest_route=\/wp\/v2\/posts\/1856464","targetHints":{"allow":["GET"]}}],"collection":[{"href":"https:\/\/analyse.optim.biz\/index.php?rest_route=\/wp\/v2\/posts"}],"about":[{"href":"https:\/\/analyse.optim.biz\/index.php?rest_route=\/wp\/v2\/types\/post"}],"author":[{"embeddable":true,"href":"https:\/\/analyse.optim.biz\/index.php?rest_route=\/wp\/v2\/users\/1"}],"replies":[{"embeddable":true,"href":"https:\/\/analyse.optim.biz\/index.php?rest_route=%2Fwp%2Fv2%2Fcomments&post=1856464"}],"version-history":[{"count":0,"href":"https:\/\/analyse.optim.biz\/index.php?rest_route=\/wp\/v2\/posts\/1856464\/revisions"}],"wp:attachment":[{"href":"https:\/\/analyse.optim.biz\/index.php?rest_route=%2Fwp%2Fv2%2Fmedia&parent=1856464"}],"wp:term":[{"taxonomy":"category","embeddable":true,"href":"https:\/\/analyse.optim.biz\/index.php?rest_route=%2Fwp%2Fv2%2Fcategories&post=1856464"},{"taxonomy":"post_tag","embeddable":true,"href":"https:\/\/analyse.optim.biz\/index.php?rest_route=%2Fwp%2Fv2%2Ftags&post=1856464"}],"curies":[{"name":"wp","href":"https:\/\/api.w.org\/{rel}","templated":true}]}}