{"id":1856339,"date":"2026-04-01T02:26:00","date_gmt":"2026-03-31T23:26:00","guid":{"rendered":"https:\/\/analyse.optim.biz\/?p=1856339"},"modified":"2026-04-01T02:26:00","modified_gmt":"2026-03-31T23:26:00","slug":"courreges-drew-henry-nomme-directeur-artistique","status":"publish","type":"post","link":"https:\/\/analyse.optim.biz\/?p=1856339","title":{"rendered":"Courr\u00e8ges : Drew Henry nomm\u00e9 directeur artistique"},"content":{"rendered":"<div class=\"entry-content\">\n<section class=\"single-header padding-top-s\">\n<div class=\"container\">\n<div class=\"row justify-content-between\">\n<div class=\"col-lg-9 col-xl-8\">\n<div class=\"video-container\">\n\t\t\t\t\t\t\t\t\t\t\t\t\t<\/div>\n<div class=\"container-img desktop\">\n\t\t\t\t\t\t\t\t<img decoding=\"async\" width=\"640\" height=\"360\" src=\"https:\/\/numero.com\/wp-content\/uploads\/2025\/03\/nouveaux-directeurs-artistiques-mode-luxe-768x432.jpg\" class=\"img-fluid\" alt=\"nouveaux directeurs artistiques mugler, loewe, miu miu\" loading=\"lazy\">\t\t\t\t\t\t\t\t<\/p>\n<p class=\"number big\">31<\/p>\n<\/p><\/div>\n<div class=\"container-img mobile\">\n\t\t\t\t\t\t\t\t<img decoding=\"async\" width=\"640\" height=\"804\" src=\"https:\/\/numero.com\/wp-content\/uploads\/2026\/03\/thumb-768x965.jpg\" class=\"img-fluid\" alt=\"drew henry directeur artistique courreges\" loading=\"lazy\">\t\t\t\t\t\t\t\t<\/p>\n<p class=\"number big\">31<\/p>\n<\/p><\/div>\n<\/p><\/div>\n<div class=\"col col-lg-3 col-xl-4 desktop\">\n<div class=\"ad grand-angle desktop\">\n    <!-- \/21730003857\/numero-ad-unit\/numero-grand-angle --><\/p>\n<div id=\"div-gpt-ad-1757063143832-0\" class=\"px-0\">\n<p>            googletag.cmd.push(function () {<br \/>\n                googletag.display(&#8216;div-gpt-ad-1757063143832-0&#8217;);<br \/>\n            });<\/p><\/div>\n<\/div><\/div>\n<\/p><\/div>\n<\/p><\/div>\n<\/section>\n<section class=\"post-content\">\n<div class=\"container\">\n<div class=\"row g-0 justify-content-between\">\n<div class=\"col-lg-9 col-xl-8 padding-top-s\">\n<p class=\"share-widget\" id=\"share-widget\"><img decoding=\"async\" src=\"https:\/\/numero.com\/wp-content\/themes\/%09%09%09understrap-child-main\/src\/public\/images\/share.svg\" alt=\"share-widget\"><\/p>\n<div class=\"share-icons\" id=\"share-icons\">\n<p class=\"copy-link\"><img decoding=\"async\" src=\"https:\/\/numero.com\/wp-content\/themes\/understrap-child-main\/src\/public\/images\/copy-link.svg\" alt=\"copy-link\"><\/p>\n<p>\t\t\t\t\t\t\t<a href=\"https:\/\/www.facebook.com\/sharer\/sharer.php?u=https:\/\/numero.com\/mode\/nouveaux-directeurs-artistiques-tout-ce-quil-faut-savoir-sur-le-grand-turn-over-de-la-mode\/\" class=\"facebook\" target=\"_blank\" rel=\"noopener\"><img decoding=\"async\" src=\"https:\/\/numero.com\/wp-content\/themes\/understrap-child-main\/src\/public\/images\/facebook.svg\" alt=\"facebook\"><\/a><br \/>\n\t\t\t\t\t\t\t<a href=\"https:\/\/twitter.com\/share?url=https:\/\/numero.com\/mode\/nouveaux-directeurs-artistiques-tout-ce-quil-faut-savoir-sur-le-grand-turn-over-de-la-mode\/\" class=\"twitter\" target=\"_blank\" rel=\"noopener\"><img decoding=\"async\" src=\"https:\/\/numero.com\/wp-content\/themes\/understrap-child-main\/src\/public\/images\/twitter.svg\" alt=\"twitter\"><\/a>\n\t\t\t\t\t\t<\/div>\n<p>\t\t\t\t\t\t<span class id=\"custom-tooltip\">Lien copi\u00e9<\/span><\/p>\n<div class=\"col-lg-10\">\n<div class=\"meta d-flex justify-content-between align-items-center\">\n<div class=\"cat\">\n\t\t\t\t\t\t\t\t\t<a class=\"cat-title\" href=\"https:\/\/numero.com\/category\/mode\/\">Mode<\/a>\t\t\t\t\t\t\t\t<\/div>\n<p class=\"date\">\n\t\t\t\t\t\t\t\t\t31 mars 2026\t\t\t\t\t\t\t\t<\/p>\n<\/p><\/div>\n<h1>Courr\u00e8ges : Drew Henry nomm\u00e9 directeur artistique<\/h1>\n<div class=\"introduction\">\n<p>En 2025, l\u2019industrie de la mode a v\u00e9cu un jeu de chaises musicales in\u00e9dit avec le d\u00e9part et l\u2019arriv\u00e9e d\u2019une dizaine de directeurs artistiques. Un mercato qui manifestement se poursuit en 2026 chez Versace. <em>Num\u00e9ro<\/em> fait le point.<\/p>\n<\/div>\n<li class=\"credits d-flex\">\n<p>\n\t\t\t\t\t\t\t\t\t\t\tPar\t\t\t\t\t\t\t\t\t\t\t\t\t\t\t\t\t\t\t\t\t\t\t<a href=\"https:\/\/numero.com\/contributeur\/camille-bois-martin\/\">Camille Bois-Martin<\/a>,\u00a0\t\t\t\t\t\t\t\t\t\t\t\t\t\t\t\t\t\t\t\t\t<\/p>\n<p>\n\t\t\t\t\t\t\t\t\t\t\tet\t\t\t\t\t\t\t\t\t\t\t\t\t\t\t\t\t\t\t\t\t\t\t<a href=\"https:\/\/numero.com\/contributeur\/nathan-merchadier\/\">Nathan Merchadier<\/a>.\t\t\t\t\t\t\t\t\t\t\t\t\t\t\t\t\t\t\t\t\t<\/p>\n<\/li>\n<p class=\"edition-date\">Publi\u00e9 le 2 septembre 2025. Modifi\u00e9 le 31 mars 2026.<\/p>\n<div id=\"ads03\" class=\"mobile\">\n<div class=\"ad-wrapper\">\n<div class=\"ad interscroller desktop\">\n<\/div>\n<p><!-- \/21730003857\/numero-ad-unit\/numero-interscroller --><\/p>\n<div id=\"div-gpt-ad-1757521738078-0\">\n<p>        googletag.cmd.push(function () {<br \/>\n            googletag.display(&#8216;div-gpt-ad-1757521738078-0&#8217;);<br \/>\n        });<\/p>\n<\/div><\/div>\n<\/p><\/div>\n<p>\t\t\t\t\t\t\t&lt;!&#8211; <\/p>\n<div class=\"padding-bottom-s\">\n\t\t\t\t\t\t\t\t\t\t\t\t\t\t\t<\/div>\n<p> &#8211;&gt;<\/p>\n<figure class=\"wp-block-image size-large\"><img loading=\"lazy\" decoding=\"async\" width=\"1024\" height=\"654\" src=\"https:\/\/numero.com\/wp-content\/uploads\/2025\/08\/defile-balenciaga-pierpaolo-piccioli-1-1024x654.jpg\" alt class=\"wp-image-737403\"><figcaption class=\"wp-element-caption\">Le d\u00e9fil\u00e9 Balenciaga printemps-\u00e9t\u00e9 2026<\/figcaption><\/figure>\n<p>Depuis un an, le monde de la mode conna\u00eet une vague de changements sans pr\u00e9c\u00e9dent. La raison ? Une succession de\u00a0<strong>nouveaux<\/strong>\u00a0<strong>directeurs artistiques<\/strong>\u00a0au sein des grandes maisons de luxe. Et ce, \u00e0 un rythme effr\u00e9n\u00e9. <\/p>\n<p>C\u2019est en mars 2024, suite au d\u00e9part de\u00a0<a href=\"https:\/\/numero.com\/mode\/pierpaolo-piccioli-annonce-son-depart-de-la-maison-valentino\/\">Pierpaolo Piccioli<\/a>\u00a0de\u00a0<strong>Valentino<\/strong>\u00a0\u2013 apr\u00e8s 25 ans de bons et loyaux services \u2013, que commence ce que l\u2019on appelle le \u201cmercato de la mode\u201d. Un terme emprunt\u00e9 \u00e0 l\u2019univers du football et \u00e0 ses march\u00e9s des transferts de joueurs professionnels entre clubs.<\/p>\n<p>Sans aucun doute, ce\u00a0<strong>grand turn-over de la mode<\/strong>\u00a0va durablement impacter l\u2019industrie du luxe, tant sur le plan strat\u00e9gique que cr\u00e9atif. De\u00a0<strong>Versace<\/strong>\u00a0\u00e0\u00a0<strong>Gucci<\/strong>, en passant par\u00a0<strong>Balenciaga<\/strong>\u00a0et\u00a0<strong>Proenza Schouler<\/strong>, retour sur tout ce qu\u2019il faut retenir.<\/p>\n<hr class=\"wp-block-separator has-alpha-channel-opacity\">\n<h2 class=\"wp-block-heading\">Les nouveaux directeurs artistiques en 2026<\/h2>\n<figure class=\"wp-block-image size-full\"><img loading=\"lazy\" decoding=\"async\" width=\"900\" height=\"900\" src=\"https:\/\/numero.com\/wp-content\/uploads\/2026\/02\/drew-henry-courreges.jpg\" alt=\"drew henry nomm\u00e9 directeur artistique de la maison courreges\" class=\"wp-image-822121\"><figcaption class=\"wp-element-caption\">Drew Henry.<\/figcaption><\/figure>\n<h3 class=\"wp-block-heading\">Drew Henry nomm\u00e9 \u00e0 la t\u00eate de Courr\u00e8ges <\/h3>\n<p>\u201c<em>Andr\u00e9 Courr\u00e8ges abordait le v\u00eatement comme partie int\u00e9grante d\u2019un mode de vie. Cela a beaucoup de sens pour moi ; je me suis toujours attach\u00e9 \u00e0 dessiner des pi\u00e8ces \u00e0 la fois modernes, fonctionnelles et sans d\u00e9tour<\/em>\u201d, s\u2019est exprim\u00e9 <strong>Drew Henry<\/strong>, nomm\u00e9 ce lundi 30 mars 2026 \u00e0 la t\u00eate des ateliers <a href=\"https:\/\/numero.com\/portrait\/courreges\/\" target=\"_blank\" rel=\"noreferrer noopener\">Courr\u00e8ges<\/a>. <\/p>\n<p>Alors qu\u2019il succ\u00e8de \u00e0 <a href=\"https:\/\/numero.com\/portrait\/nicolas-di-felice\/\" target=\"_blank\" rel=\"noreferrer noopener\">Nicolas di Felice<\/a>, le cr\u00e9ateur sud-africain s\u2019appr\u00eate, pour la premi\u00e8re fois de sa carri\u00e8re, \u00e0 diriger une maison. Un pari risqu\u00e9 mais r\u00e9fl\u00e9chi. Dipl\u00f4m\u00e9 de la Central Saint Martins, Drew Henry fait ses armes aupr\u00e8s des plus grands \u2013 de <strong>Phoebe Philo <\/strong>chez <strong>C\u00e9line<\/strong> \u00e0 <strong>Jonathan Anderson<\/strong> au sein de sa marque <strong>JW Anderson<\/strong>, sans oublier <strong>Daniel Lee<\/strong> chez <strong>Burberry<\/strong> \u2013 prouvant ainsi qu\u2019il poss\u00e8de plus d\u2019une corde \u00e0 son arc\u2026<\/p>\n<p>Le cr\u00e9ateur pr\u00e9sentera sa premi\u00e8re collection <strong>Courr\u00e8ges <\/strong>en septembre prochain \u00e0 Paris, lors de la <strong>Fashion Week printemps-\u00e9t\u00e9 2027 <\/strong>: un rendez-vous tr\u00e8s attendu.<\/p>\n<figure class=\"wp-block-image size-full\"><img loading=\"lazy\" decoding=\"async\" width=\"800\" height=\"800\" src=\"https:\/\/numero.com\/wp-content\/uploads\/2025\/09\/Pieter-Mulier-by-Karim-Sadli.jpg\" alt=\"Pieter Mulier, nouveau directeur artistique de Versace. \u00a9 Karim Sadli.\" class=\"wp-image-793676\"><figcaption class=\"wp-element-caption\">Pieter Mulier. \u00a9 Karim Sadli.<\/figcaption><\/figure>\n<h3 class=\"wp-block-heading\">Pieter Mulier rejoint Versace<\/h3>\n<p>Form\u00e9 au design et \u00e0 l\u2019architecture, <strong>Pieter Mulier<\/strong> s\u2019est impos\u00e9 comme l\u2019un des cr\u00e9ateurs les plus rigoureux de sa g\u00e9n\u00e9ration. Longtemps bras droit de <strong>Raf Simons<\/strong>, aujourd\u2019hui chez Prada, il l\u2019accompagne chez Jil Sander, Christian Dior et Calvin Klein, fa\u00e7onnant une esth\u00e9tique pr\u00e9cise, intellectuelle et profond\u00e9ment construite. <\/p>\n<p>En <strong>2021<\/strong>, il succ\u00e8de \u00e0 Azzedine Alaia, devenant le premier directeur artistique de la maison <strong>Ala\u00efa<\/strong>. Durant quatre ans,  il r\u00e9active l\u2019h\u00e9ritage de la maison avec une f\u00e9minit\u00e9 sculpturale, affranchie de toute nostalgie. <\/p>\n<p>En ce d\u00e9but d\u2019ann\u00e9e, suite au rachat de Versace, <strong>Prada <\/strong>annonce sa nomination au poste de<strong> Chief Creative Officer<\/strong>.  Un nouveau chapitre cr\u00e9atif o\u00f9 va se rencontrer le glamour italien et la rigueur belge que l\u2019on a h\u00e2te de d\u00e9couvrir. \u00c0 savoir, Dario Vitale qui avait rejoint la maison italienne en 2025 ne sera rest\u00e9 qu\u2019une saison.<\/p>\n<hr class=\"wp-block-separator has-alpha-channel-opacity\">\n<h2 class=\"wp-block-heading\">Les nouveaux directeurs artistiques en 2025<\/h2>\n<figure class=\"wp-block-image size-full is-resized\"><img decoding=\"async\" loading=\"lazy\" width=\"800\" height=\"1000\" src=\"https:\/\/numero.com\/wp-content\/uploads\/2025\/07\/20250819_PROENZA_22608_v1a.jpg\" alt=\"Rachel Scott \u00a9 Courtesy of Proenza Schouler.\" class=\"wp-image-717026\" style=\"width:840px;height:auto\"><figcaption class=\"wp-element-caption\">Rachel Scott \u00a9 Courtesy of Proenza Schouler.<\/figcaption><\/figure>\n<h3 class=\"wp-block-heading\">Rachel Scott nomm\u00e9e chez Proenza Schouler<\/h3>\n<p>La cr\u00e9atrice <strong><a href=\"https:\/\/numero.com\/mode\/decouvrez-les-creations-artisanales-et-sensuelles-de-diotima-le-label-qui-rend-hommage-a-la-jamaique\/\" target=\"_blank\" rel=\"noreferrer noopener\">Rachel Scott<\/a><\/strong>, fondatrice de la marque new-yorkaise <strong><a href=\"https:\/\/numero.com\/mode\/fashion-week\/diotima-collection-automne-hiver-2025-2026\/\" target=\"_blank\" rel=\"noreferrer noopener\">Diotima<\/a><\/strong>, a officiellement \u00e9t\u00e9 nomm\u00e9e directrice artistique chez <a href=\"https:\/\/numero.com\/mode\/fashion-week\/3-pieces-reperees-au-defile-proenza-schouler-automne-hiver-2024-2025\/\" target=\"_blank\" rel=\"noreferrer noopener\"><strong>Proenza Schouler<\/strong><\/a> ce mardi 2 septembre 2025. Elle succ\u00e8de ainsi aux fondateurs <strong>Jack McCollough<\/strong> et <strong>Lazaro Hernandez<\/strong>, qui ont quitt\u00e9 la maison plus t\u00f4t cette ann\u00e9e pour rejoindre <strong>Loewe<\/strong> apr\u00e8s le d\u00e9part de <strong>Jonathan Anderson<\/strong> chez Dior. Le premier d\u00e9fil\u00e9 de <strong>Rachel Scott<\/strong> en tant que directrice artistique de la maison aura lieu en f\u00e9vrier 2026.<\/p>\n<figure class=\"wp-block-image size-full\"><img decoding=\"async\" loading=\"lazy\" width=\"714\" height=\"1000\" src=\"https:\/\/numero.com\/wp-content\/uploads\/2025\/03\/Meryll-Rogge-marni-directrice-artistique.jpg\" alt=\"Portrait de Meryll Rogge, nouvelle directrice artistique de Marni\" class=\"wp-image-704418\"><figcaption class=\"wp-element-caption\">Portrait de Meryll Rogge. \u00a9 Gretar Gunnlaugsson.<\/figcaption><\/figure>\n<h3 class=\"wp-block-heading\">Meryll Rogge nomm\u00e9e chez Marni<\/h3>\n<p>C\u2019est une ann\u00e9e \u2013 ou plut\u00f4t un mois de juillet \u2013 bien rempli pour <strong>Meryll Rogge<\/strong>. Apr\u00e8s avoir remport\u00e9 le <strong>Grand Prix de <a href=\"https:\/\/numero.com\/mode\/andam-2025-prix-createurs-de-mode\/\" target=\"_blank\" rel=\"noreferrer noopener\">l\u2019ANDAM<\/a> 2025<\/strong> il y a quelques semaines avec sa marque, la cr\u00e9atrice belge, form\u00e9e \u00e0 la prestigieuse Acad\u00e9mie royale des beaux-arts d\u2019Anvers puis dans les ateliers de Marc Jacobs, vient d\u2019\u00eatre nomm\u00e9e directrice artistique de <strong>Marni<\/strong>. Elle prend ainsi la suite de <strong>Francesco Risso<\/strong> (en poste depuis 2018), et ouvre un tout nouveau chapitre dans sa carri\u00e8re florissante.<\/p>\n<figure class=\"wp-block-gallery has-nested-images columns-default wp-block-gallery-3 is-layout-flex wp-block-gallery-is-layout-flex\">\n<figure class=\"wp-block-image size-full\"><img decoding=\"async\" loading=\"lazy\" width=\"643\" height=\"900\" data-id=\"142906\" src=\"https:\/\/numero.com\/wp-content\/uploads\/2024\/06\/hm-mugler-nyc-Pamela_Anderson_Casey-_Cadwallader_0.jpg\" alt=\"Pamela Anderson et Casey Cadwallader.\" class=\"wp-image-142906\"><figcaption class=\"wp-element-caption\">Pamela Anderson et Casey Cadwallader.<\/figcaption><\/figure>\n<figure class=\"wp-block-image size-large\"><img decoding=\"async\" data-id=\"659293\" src=\"https:\/\/numero.com\/wp-content\/uploads\/2025\/03\/Mugler-Portrait_Miguel-Castro-Freitas_Photographer-Credit-Robi-Rodriguez-819x1024.jpeg\" alt class=\"wp-image-659293\"><figcaption class=\"wp-element-caption\">Miguel Castro Freitas. \u00a9 Robi Rodriguez.<\/figcaption><\/figure>\n<\/figure>\n<h3 class=\"wp-block-heading\">D\u00e9part et arriv\u00e9e chez Mugler<\/h3>\n<p>Tandis que depuis plusieurs semaines la rumeur d\u2019un changement chez <strong>Mugler<\/strong> se fait entendre, c\u2019est d\u00e9sormais chose faite. Le 25 mars dernier, la marque de mode et parfums appartenant \u00e0 L\u2019Or\u00e9al annon\u00e7ait coup sur coup un d\u00e9part et une arriv\u00e9e. Ainsi le designer am\u00e9ricain <a href=\"https:\/\/numero.com\/mode\/mugler-rencontre-avec-casey-cadwallader-un-createur-qui-mele-glamour-audace-et-inclusivite\/\">Casey Cadwallader<\/a>, nomm\u00e9 en 2017, laisse sa place \u00e0 <strong>Miguel Castro Freitas<\/strong>.<\/p>\n<p>Bien qu\u2019inconnu du grand public, le cr\u00e9ateur portugais affiche un parcours impressionnant. Fort d\u2019une exp\u00e9rience chez <strong>Dior<\/strong> sous <strong>John Galliano<\/strong>, puis chez <strong>Yves Saint Laurent<\/strong> sous <strong>Stefano Pilati<\/strong> et <strong>Lanvin<\/strong> sous <strong>Alber Elbaz<\/strong>, il fait son retour chez Dior sous l\u2019\u00e8re <strong>Raf Simons<\/strong>, o\u00f9 il s\u2019occupera du tailoring, avant de rejoindre <strong>Dries Van Noten<\/strong> en tant que directeur du studio femme.<\/p>\n<figure class=\"wp-block-image size-large\"><img decoding=\"async\" src=\"https:\/\/numero.com\/wp-content\/uploads\/2025\/02\/jack-mccollough-et-lazaro-hernandez-proenza-schouler-direction-artistique-loewe-1024x819.jpg\" alt=\"Jack McCollough\u00a0et\u00a0Lazaro Hernandez. \u00a9 Courtesy of Proenza Schouler.\" class=\"wp-image-634103\"><figcaption class=\"wp-element-caption\">Jack McCollough\u00a0et\u00a0Lazaro Hernandez. \u00a9 Courtesy of Proenza Schouler.<\/figcaption><\/figure>\n<h3 class=\"wp-block-heading\">Loewe mise sur Jack McCollough et Lazaro Hernandez<\/h3>\n<p>Une semaine apr\u00e8s l\u2019annonce du d\u00e9part de <strong>Jonathan Anderson<\/strong>, Loewe d\u00e9voilait d\u00e9j\u00e0, en mars dernier, le nom de ses rempla\u00e7ants : <a href=\"https:\/\/numero.com\/mode\/jack-mccollough-et-lazaro-hernandez-proenza-schouler-direction-artistique-loewe\/\">Jack McCollough et Lazaro Hernandez<\/a>. Fer de lance de la mode new-yorkaise, le duo s\u2019est fait connaitre avec son label <strong>Proenza Schouler<\/strong> fond\u00e9 en 2002. <\/p>\n<p>Avec leur mode minimaliste et leur image de cr\u00e9ateurs intello-branch\u00e9, Jack McCollough et Lazaro Hernandez ont conquis l\u2019industrie. Alors qu\u2019ils ont quitt\u00e9 la direction artistique de leur marque, les voil\u00e0 avec la lourde t\u00e2che de succ\u00e9der \u00e0 un des plus grands cr\u00e9ateurs de leur g\u00e9n\u00e9ration\u2026<\/p>\n<figure class=\"wp-block-image size-large\"><img decoding=\"async\" src=\"https:\/\/numero.com\/wp-content\/uploads\/2024\/06\/jonathan-anderson-romain-bernardie-james-numero-magazine-1-1024x1024.jpg\" alt=\"Portrait de Jonathan Anderson. \u00a9 Romain Bernardie-James.\" class=\"wp-image-309851\"><figcaption class=\"wp-element-caption\">Portrait de Jonathan Anderson. \u00a9 Romain Bernardie-James.<\/figcaption><\/figure>\n<h3 class=\"wp-block-heading\">Jonathan Anderson quitte Loewe pour Dior<\/h3>\n<p>Cela faisait plusieurs mois que la rumeur enflait. Apr\u00e8s avoir pass\u00e9 onze ans \u00e0 la direction artistique de <strong><a href=\"https:\/\/numero.com\/mode\/le-genie-de-jonathan-anderson-pour-loewe-accessoires-sacs-chaussures\/\" target=\"_blank\" rel=\"noreferrer noopener\">Loewe<\/a><\/strong>, le cr\u00e9ateur irlandais <strong><a href=\"https:\/\/numero.com\/portrait\/jonathan-anderson\/\" target=\"_blank\" rel=\"noreferrer noopener\">Jonathan Anderson<\/a><\/strong> serait sur le point de tirer sa r\u00e9v\u00e9rence. C\u2019est d\u00e9sormais chose faite. Le lundi 17 mars 2025, la maison espagnole annonce par voie de communiqu\u00e9 que l\u2019ancien \u00e9l\u00e8ve du <strong>London College of Fashion<\/strong> quitte son poste.<\/p>\n<p>D\u00e9but juin, la maison fran\u00e7aise <strong><a href=\"https:\/\/numero.com\/portrait\/dior\/\" target=\"_blank\" rel=\"noreferrer noopener\">Dior<\/a><\/strong> d\u00e9voilait son arriv\u00e9e au poste de directeur artistique des collections homme, femme et couture, succ\u00e9dant ainsi \u00e0 <strong><a href=\"https:\/\/numero.com\/mode\/kim-jones-quitte-la-direction-artistique-de-la-maison-dior\/\">Kim Jones<\/a><\/strong> et \u00e0 <a href=\"https:\/\/numero.com\/mode\/maria-grazia-chiuri-defiles-dior-art\/\" target=\"_blank\" rel=\"noreferrer noopener\">Maria Grazia Chiuri<\/a>. Apr\u00e8s avoir fait part de leur d\u00e9part du label new-yorkais <strong><a href=\"https:\/\/numero.com\/mode\/fashion-week\/3-pieces-reperees-au-defile-proenza-schouler-automne-hiver-2024-2025\/\" target=\"_blank\" rel=\"noreferrer noopener\">Proenza Schouler<\/a><\/strong> (qu\u2019ils ont fond\u00e9 en 2002), le duo <strong>Jack McCollough<\/strong>\u00a0et\u00a0<strong>Lazaro Hernandez <\/strong>sont pressentis pour prendre la suite de <strong>Jonathan Anderson<\/strong> chez<strong> Loewe<\/strong>\u2026<\/p>\n<figure class=\"wp-block-image size-full\"><img decoding=\"async\" loading=\"lazy\" width=\"750\" height=\"1000\" src=\"https:\/\/numero.com\/wp-content\/uploads\/2025\/03\/Portrait-%C2%A9-Demna.jpg\" alt=\"\u00a9 Demna.\" class=\"wp-image-656094\"><figcaption class=\"wp-element-caption\">\u00a9 Demna.<\/figcaption><\/figure>\n<h3 class=\"wp-block-heading\">Demna quitte Balenciaga et rejoint Gucci<\/h3>\n<p>Si l\u2019annonce du d\u00e9part de <strong><a href=\"https:\/\/numero.com\/mode\/comment-donatella-versace-a-marque-la-pop-culture-moments-cultes\/\" target=\"_blank\" rel=\"noreferrer noopener\">Donatella<\/a><\/strong> chez <strong>Versace<\/strong> a provoqu\u00e9 une onde de choc dans le milieu de la mode, la nomination de <strong><a href=\"https:\/\/numero.com\/portrait\/demna\/\" target=\"_blank\" rel=\"noreferrer noopener\">Demna<\/a><\/strong> au poste de directeur artistique chez <strong>Gucci<\/strong>, le 13 mars dernier, s\u2019entoure \u00e9galement d\u2019une tornade de questions. Pourquoi le cr\u00e9ateur G\u00e9orgien quitte-il son poste pour rejoindre les rangs de la non moins prestigieuse maison italienne ? <\/p>\n<p>Suite au d\u00e9part de <strong><a href=\"https:\/\/numero.com\/mode\/fashion-week\/chez-gucci-sabato-de-sarno-redefinit-le-glamour-a-litalienne\/\" target=\"_blank\" rel=\"noreferrer noopener\">Sabato de Sarno<\/a><\/strong> chez <strong>Gucci <\/strong>en f\u00e9vrier dernier, le studio avait pris la rel\u00e8ve en pr\u00e9sentant une <strong>collection de transition<\/strong> \u00e0 la Fashion Week de Milan.\u00a0Quelques semaines plus tard, en mai, la maison <a href=\"https:\/\/numero.com\/portrait\/balenciaga\/\" target=\"_blank\" rel=\"noreferrer noopener\">Balenciaga<\/a> annon\u00e7ait l\u2019arriv\u00e9e de <a href=\"https:\/\/numero.com\/mode\/pierpaolo-piccioli-balenciaga\/\" target=\"_blank\" rel=\"noreferrer noopener\">Pierpaolo Piccioli,<\/a> remplac\u00e9 en d\u00e9but d\u2019ann\u00e9e par Alessandro Michele chez Valentino.<\/p>\n<figure class=\"wp-block-gallery has-nested-images columns-default is-cropped wp-block-gallery-4 is-layout-flex wp-block-gallery-is-layout-flex\">\n<figure class=\"wp-block-image size-full\"><img decoding=\"async\" loading=\"lazy\" width=\"1000\" height=\"666\" data-id=\"655742\" src=\"https:\/\/numero.com\/wp-content\/uploads\/2025\/03\/GettyImages-1426681340.jpg\" alt=\"La cr\u00e9atrice de mode Donatella Versace lors du d\u00e9fil\u00e9 Versace printemps-\u00e9t\u00e9 2023 \u00e0 la Fashion Week de Milan \u00a9 Estrop\/Getty Images.\" class=\"wp-image-655742\"><figcaption class=\"wp-element-caption\">La cr\u00e9atrice de mode Donatella Versace lors du d\u00e9fil\u00e9 Versace printemps-\u00e9t\u00e9 2023 \u00e0 la Fashion Week de Milan \u00a9 Estrop\/Getty Images.<\/figcaption><\/figure>\n<figure class=\"wp-block-image size-full\"><img decoding=\"async\" loading=\"lazy\" width=\"800\" height=\"1067\" data-id=\"659383\" src=\"https:\/\/numero.com\/wp-content\/uploads\/2025\/03\/04183c4_sirius-fs-upload-1-fsk3p.jpg\" alt=\"Dario Vitale miu miu. \u00a9 Stef Mitchell.\" class=\"wp-image-659383\"><figcaption class=\"wp-element-caption\">Dario Vitale. \u00a9 Stef Mitchell.<\/figcaption><\/figure>\n<\/figure>\n<h3 class=\"wp-block-heading\">Dario Vitale remplace Donatella Versace \u00e0 la direction artistique de Versace<\/h3>\n<p>\u00c0 peine quelques jours apr\u00e8s avoir pr\u00e9sent\u00e9 une <strong><a href=\"https:\/\/numero.com\/mode\/fashion-week\/le-defile-versace-automne-hiver-2025-2026\/\" target=\"_blank\" rel=\"noreferrer noopener\">collection Versace automne-hiver 2025-2026<\/a><\/strong> revisitant l\u2019\u00e2ge d\u2019or de la maison \u00e0 Milan, <a href=\"https:\/\/numero.com\/mode\/je-ne-vois-pas-en-quoi-les-chaussures-plates-et-les-cheveux-defaits-vous-rendent-plus-intelligente-rencontre-avec-donatella-versace\/\" target=\"_blank\" rel=\"noreferrer noopener\"><strong>Donatella Versace<\/strong><\/a>\u00a0tirait sa r\u00e9v\u00e9rence. Apr\u00e8s trois d\u00e9cennies de cr\u00e9ations et de d\u00e9fil\u00e9s tr\u00e8s scrut\u00e9s, la c\u00e9l\u00e8bre styliste italienne c\u00e8de la direction artistique de <strong>Versace<\/strong> au cr\u00e9ateur <strong>Dario Vitale<\/strong>, qui a fait ses armes chez <strong><a href=\"https:\/\/numero.com\/mode\/fashion-week\/doechii-noami-campbell-nle-choppa-stars-defile-dsquared2-automne-hiver-2025-2026\/\">Dsquared2<\/a><\/strong> et <strong><a href=\"https:\/\/numero.com\/mode\/exit-carven-louise-trotter-rejoint-la-direction-artistique-de-bottega-veneta\/\" target=\"_blank\" rel=\"noreferrer noopener\">Bottega Veneta<\/a><\/strong>\u00a0avant de rejoindre <strong><a href=\"https:\/\/numero.com\/mode\/fashion-week\/5-accessoires-reperes-au-defile-miu-miu-automne-hiver-2025-2026\/\" target=\"_blank\" rel=\"noreferrer noopener\">Miu Miu<\/a><\/strong> en 2010.<\/p>\n<p>Une nomination qui fait sens lorsque l\u2019on sait que <strong><a href=\"https:\/\/numero.com\/mode\/fashion-week\/au-defile-prada-miuccia-prada-et-raf-simons-interrogent-la-feminite\/\">Prada<\/a>\u00a0<\/strong>(qui poss\u00e8de Miu Miu) serait sur le point de finaliser le rachat de <strong>Versace<\/strong> aupr\u00e8s du groupe\u00a0<em>Capri holdings<\/em>\u00a0pour un montant de 1,5 milliard d\u2019euros. Dans un communiqu\u00e9 publi\u00e9 le 13 mars 2025, <strong><a href=\"https:\/\/numero.com\/mode\/je-ne-vois-pas-en-quoi-les-chaussures-plates-et-les-cheveux-defaits-vous-rendent-plus-intelligente-rencontre-avec-donatella-versace\/\" target=\"_blank\" rel=\"noreferrer noopener\">Donatella Versace<\/a><\/strong> a annonc\u00e9 qu\u2019elle endosserait d\u00e9sormais la position de <em>chief ambassador<\/em> de la marque.<\/p>\n<figure class=\"wp-block-image size-full\"><img decoding=\"async\" loading=\"lazy\" width=\"666\" height=\"1000\" src=\"https:\/\/numero.com\/wp-content\/uploads\/2025\/02\/tout-ce-quil-faut-savoir-sur-les-nouveaux-directeurs-artistiques-des-marques-de-mode2.jpg\" alt=\"Nouveaux directeurs artistiques, Matthieu Blazy, Chanel\" class=\"wp-image-639058\"><figcaption class=\"wp-element-caption\">Matthieu Blazy. \u00a9 Photo by Victor VIRGILE\/Gamma-Rapho via Getty Images.<\/figcaption><\/figure>\n<h3 class=\"wp-block-heading\">Matthieu Blazy, nouveau directeur artistique de Chanel<\/h3>\n<p>En juin 2024, <a href=\"https:\/\/numero.com\/mode\/chanel-qui-pourrait-remplacer-virginie-viard-a-la-direction-artistique-de-la-maison\/\" target=\"_blank\" rel=\"noreferrer noopener\">Virginie Viard<\/a> \u2013 qui succ\u00e9dait aux vingt ans de r\u00e8gne de <a href=\"https:\/\/numero.com\/mode\/karl-lagerfeld-les-supermodels-7-documentaires-sur-la-mode-a-revoir\/\" target=\"_blank\" rel=\"noreferrer noopener\">Karl Lagerfeld<\/a> \u2013 annon\u00e7ait son d\u00e9part des ateliers Chanel. S\u2019en sont suivis six mois de sp\u00e9culations et d\u2019esp\u00e9rances autour du nom de celui ou celle qui accepterait le lourd h\u00e9ritage de la maison fran\u00e7aise. Et c\u2019est finalement en d\u00e9cembre dernier que <a href=\"https:\/\/numero.com\/mode\/qui-est-matthieu-blazy-bottega-veneta-nouveau-directeur-artistique-de-chanel\/\" target=\"_blank\" rel=\"noreferrer noopener\">Matthieu Blazy<\/a> a officiellement \u00e9t\u00e9 d\u00e9sign\u00e9 comme nouveau directeur artistique, en parall\u00e8le de l\u2019annonce de son d\u00e9part de <a href=\"https:\/\/numero.com\/mode\/fashion-week\/le-defile-bottega-veneta-printemps-ete-2025-fashion-week-de-milan\/\" target=\"_blank\" rel=\"noreferrer noopener\">Bottega Veneta<\/a>.<\/p>\n<figure class=\"wp-block-image size-large\"><img decoding=\"async\" src=\"https:\/\/numero.com\/wp-content\/uploads\/2024\/09\/sarah-burton-directrice-artistique-givenchy-819x1024.jpg\" alt=\"Portrait de Sarah Burton. \u00a9 Courtesy of Givenchy.\" class=\"wp-image-562957\"><figcaption class=\"wp-element-caption\">Portrait de Sarah Burton. \u00a9 Courtesy of Givenchy. <\/figcaption><\/figure>\n<h3 class=\"wp-block-heading\">Sarah Burton rejoint la direction artistique de Givenchy<\/h3>\n<p>Apr\u00e8s 26 ans pass\u00e9s chez <a href=\"https:\/\/numero.com\/mode\/qui-est-lee-alexander-mcqueen-le-createur-qui-a-fait-de-la-mode-un-spectacle-sans-limite\/\" target=\"_blank\" rel=\"noreferrer noopener\">Alexander McQueen<\/a> (dont 14 aux c\u00f4t\u00e9s du regrett\u00e9 fondateur \u00e9ponyme), <a href=\"https:\/\/numero.com\/mode\/qui-est-sarah-burton-la-nouvelle-directrice-artistique-de-givenchy-acclamee-par-le-monde-de-la-mode\/\" target=\"_blank\" rel=\"noreferrer noopener\">Sarah Burton<\/a> faisait ses adieux \u00e0 la maison anglaise en septembre 2023. Un an apr\u00e8s les larmes vers\u00e9es par Naomi Campbell lors de son <a href=\"https:\/\/numero.com\/mode\/fashion-week\/alexander-mcqueen-les-larmes-de-naomi-campbell-pour-le-dernier-defile-de-sarah-burton\/\" target=\"_blank\" rel=\"noreferrer noopener\">dernier d\u00e9fil\u00e9<\/a>, la cr\u00e9atrice d\u00e9voilait en septembre sa nomination en tant que directrice artistique de Givenchy, succ\u00e9dant ainsi \u00e0 <a href=\"https:\/\/numero.com\/mode\/rencontre-avec-matthew-m-williams-de-lady-gaga-au-dernier-projet-moncler\/\" target=\"_blank\" rel=\"noreferrer noopener\">Matthew Williams<\/a>. \u00c0 l\u2019occasion de la tr\u00e8s attendue <a href=\"https:\/\/numero.com\/mode\/fashion-week\/ce-quil-faut-attendre-des-fashion-week-automne-hiver-2025-2026\/\" target=\"_blank\" rel=\"noreferrer noopener\">Fashion Week automne-hiver 2025-2026 de Paris<\/a>, elle pr\u00e9sentait un <a href=\"https:\/\/numero.com\/mode\/fashion-week\/chez-givenchy-sarah-burton-livre-une-premiere-collection-automne-hiver-2025-2026\/\">premier d\u00e9fil\u00e9<\/a> somptueux et prometteur\u2026<\/p>\n<figure class=\"wp-block-image size-full\"><img decoding=\"async\" loading=\"lazy\" width=\"666\" height=\"1000\" src=\"https:\/\/numero.com\/wp-content\/uploads\/2025\/02\/tout-ce-quil-faut-savoir-sur-les-nouveaux-directeurs-artistiques-des-marques-de-mode1.jpg\" alt=\"Nouveaux directeurs artistiques, Kim Jones, Dior\" class=\"wp-image-639060\"><figcaption class=\"wp-element-caption\">Kim Jones. \u00a9 Photo by Victor VIRGILE\/Gamma-Rapho via Getty Images.<\/figcaption><\/figure>\n<h3 class=\"wp-block-heading\">Kim Jones quitte le studio Dior homme<\/h3>\n<p>Si les rumeurs se multiplient autour des potentiels d\u00e9parts et arriv\u00e9es au sein des plus grandes maisons de mode, la sortie de <a href=\"https:\/\/numero.com\/mode\/kim-jones-quitte-la-direction-artistique-de-la-maison-dior\/\" target=\"_blank\" rel=\"noreferrer noopener\">Kim Jones<\/a> du studio <a href=\"https:\/\/numero.com\/mode\/fashion-week\/le-defile-dior-homme-automne-hiver-2025-2026\/\" target=\"_blank\" rel=\"noreferrer noopener\">Dior homme<\/a> a fait l\u2019effet d\u2019une surprise. D\u00e9voil\u00e9e en janvier 2025, l\u2019annonce survient quelques jours apr\u00e8s son <a href=\"https:\/\/numero.com\/mode\/fashion-week\/le-defile-dior-homme-automne-hiver-2025-2026\/\">dernier d\u00e9fil\u00e9<\/a> pour la maison. En poste depuis 2018,<strong> le cr\u00e9ateur britannique <\/strong>laisse une empreinte durable sur l\u2019identit\u00e9 de la marque, et n\u2019a pas encore annonc\u00e9 les prochains ateliers qu\u2019il pourrait rejoindre\u2026<\/p>\n<figure class=\"wp-block-image size-large\"><img decoding=\"async\" src=\"https:\/\/numero.com\/wp-content\/uploads\/2024\/12\/Photo-Louise-Trotter-credit-Bottega-Veneta-683x1024.jpg\" alt=\"Louise Trotter \u00a9 Bottega Veneta.\" class=\"wp-image-608046\"><figcaption class=\"wp-element-caption\">Louise Trotter \u00a9 Bottega Veneta.<\/figcaption><\/figure>\n<h3 class=\"wp-block-heading\">Louise Trotter rejoint Bottega Veneta<\/h3>\n<p>Figure discr\u00e8te du monde de la mode, <a href=\"https:\/\/numero.com\/mode\/exit-carven-louise-trotter-rejoint-la-direction-artistique-de-bottega-veneta\/\" target=\"_blank\" rel=\"noreferrer noopener\">Louise Trotter<\/a> fait pourtant partie des cr\u00e9atrices de mode les plus talentueuses de sa g\u00e9n\u00e9ration. Apr\u00e8s avoir relanc\u00e9 la marque <a href=\"https:\/\/numero.com\/mode\/defile-lacoste-printemps-ete-2025\/\" target=\"_blank\" rel=\"noreferrer noopener\">Lacoste<\/a> entre 2018 et 2023, puis ressuscit\u00e9 la maison <a href=\"https:\/\/numero.com\/mode\/fashion-week\/heritage-et-reinvention-au-second-defile-carven-par-louise-trotter\/\" target=\"_blank\" rel=\"noreferrer noopener\">Carven<\/a> de 2023 \u00e0 2024, la Britannique s\u2019appr\u00eate \u00e0 reprendre les r\u00eanes de Bottega Veneta, \u00e0 la suite de <a href=\"https:\/\/www.instagram.com\/matthieu_blazy\/\" target=\"_blank\" rel=\"noreferrer noopener\">Matthieu Blazy<\/a>.<\/p>\n<figure class=\"wp-block-image size-large\"><img decoding=\"async\" src=\"https:\/\/numero.com\/wp-content\/uploads\/2025\/02\/jack-mccollough-et-lazaro-hernandez-proenza-schouler-direction-artistique-loewe-1024x819.jpg\" alt=\"Jack McCollough\u00a0et\u00a0Lazaro Hernandez. \u00a9 Courtesy of Proenza Schouler.\" class=\"wp-image-634103\"><figcaption class=\"wp-element-caption\">Jack McCollough\u00a0et\u00a0Lazaro Hernandez. \u00a9 Courtesy of Proenza Schouler.<\/figcaption><\/figure>\n<h3 class=\"wp-block-heading\">Le duo Proenza Schouler se retire de sa propre marque<\/h3>\n<p>\u00c0 la t\u00eate de leur marque <a href=\"https:\/\/numero.com\/mode\/fashion-week\/3-pieces-reperees-au-defile-proenza-schouler-automne-hiver-2024-2025\/\" target=\"_blank\" rel=\"noreferrer noopener\">Proenza Schouler<\/a> depuis son lancement en 2002, <strong>Jack McCollough<\/strong>\u00a0et\u00a0<strong>Lazaro Hernandez <\/strong>ont annonc\u00e9 en janvier 2025 leur retrait. Une long\u00e9vit\u00e9 rare dans le monde de la mode (surtout lorsqu\u2019il s\u2019agit des cr\u00e9ateurs fondateurs d\u2019une maison), qui laisse un point d\u2019interrogation surprenant quant \u00e0 l\u2019avenir du label new-yorkais. Mais aussi quant \u00e0 celui du duo, dont les rumeurs laissaient d\u00e9j\u00e0 entendre leur nomination chez <a href=\"https:\/\/numero.com\/mode\/le-genie-de-jonathan-anderson-pour-loewe-accessoires-sacs-chaussures\/\" target=\"_blank\" rel=\"noreferrer noopener\">Loewe<\/a>\u2026<\/p>\n<figure class=\"wp-block-image size-large is-resized\"><img decoding=\"async\" src=\"https:\/\/numero.com\/wp-content\/uploads\/2025\/01\/GLENN_MARTENS_02-819x1024.jpg\" alt=\"glenn martens maison margiela\" class=\"wp-image-628915\" style=\"width:840px;height:auto\"><figcaption class=\"wp-element-caption\">Glenn Martens, nouveau directeur artistique de Maison Margiela.<\/figcaption><\/figure>\n<h3 class=\"wp-block-heading\">Glenn Martens, directeur artistique de Maison Margiela<\/h3>\n<p>Alors qu\u2019il brille \u00e0 la direction artistique de <a href=\"https:\/\/numero.com\/mode\/glenn-martens-fete-ses-dix-ans-chez-y-project-avec-charli-xcx-et-mia-khalifa\/\" target=\"_blank\" rel=\"noreferrer noopener\">Y\/Project<\/a> depuis 2013, puis au gr\u00e9 de ses collections tr\u00e8s appr\u00e9ci\u00e9es pour <a href=\"https:\/\/numero.com\/mode\/fashion-week\/defile-diesel-printemps-ete-2025-glenn-martens\/\" target=\"_blank\" rel=\"noreferrer noopener\">Diesel<\/a> depuis 2020, <a href=\"https:\/\/numero.com\/mode\/qui-est-glenn-martens-le-nouveau-directeur-artistique-de-maison-margiela\/\" target=\"_blank\" rel=\"noreferrer noopener\">Glenn Martens<\/a> tirait r\u00e9cemment sa r\u00e9v\u00e9rence. La premi\u00e8re marque annon\u00e7ait en effet, quelques semaines apr\u00e8s son d\u00e9part, sa fermeture, tandis qu\u2019il continue officiellement d\u2019officier pour la seconde. <\/p>\n<p>\u00c0 l\u2019image des plus grands cr\u00e9ateurs comme <a href=\"https:\/\/numero.com\/mode\/becoming-karl-lagerfeld-decouvrez-la-belle-bande-annonce-de-la-serie-sur-le-couturier\/\" target=\"_blank\" rel=\"noreferrer noopener\">Karl Lagerfeld<\/a> ou <a href=\"https:\/\/numero.com\/mode\/raf-simons-met-fin-a-son-label-retour-sur-9-pieces-cultes-du-createur\/\" target=\"_blank\" rel=\"noreferrer noopener\">Raf Simons<\/a>, le designer belge s\u2019appr\u00eate ainsi \u00e0 plusieurs prestigieuses marques : dont la <a href=\"https:\/\/numero.com\/mode\/what-makes-the-maison-margiela-artisanal-show-spectacular\/\" target=\"_blank\" rel=\"noreferrer noopener\">Maison Margiela<\/a>, \u00e0 laquelle il vient d\u2019\u00eatre nomm\u00e9. Une t\u00e2che ardue, en particulier apr\u00e8s le d\u00e9part de <a href=\"https:\/\/numero.com\/mode\/10-moments-mode-qui-ont-marque-lannee-2024\/\" target=\"_blank\" rel=\"noreferrer noopener\">John Galliano<\/a>.<\/p>\n<figure class=\"wp-block-image size-full\"><img decoding=\"async\" loading=\"lazy\" width=\"667\" height=\"1000\" src=\"https:\/\/numero.com\/wp-content\/uploads\/2024\/06\/BFA-sabato-de-sarno-art-film-numero-magazine.jpg\" alt=\"Sabato De Sarno en Gucci au Gala Art+Film 2023  \u00a9 BFA for LACMA.\" class=\"wp-image-32381\"><figcaption class=\"wp-element-caption\">Sabato De Sarno en Gucci au Gala Art+Film 2023  \u00a9 BFA for LACMA.<\/figcaption><\/figure>\n<h3 class=\"wp-block-heading\">Le d\u00e9part de Sabato de Sarno de Gucci<\/h3>\n<p>Il n\u2019aura pass\u00e9 que deux ann\u00e9es \u00e0 la t\u00eate des collections homme et femme de <a href=\"https:\/\/numero.com\/mode\/actu-mode\/a-los-angeles-gucci-revele-sa-collection-gucci-notte-2024\/\" target=\"_blank\" rel=\"noreferrer noopener\">Gucci<\/a>. <a href=\"https:\/\/numero.com\/mode\/fashion-week\/le-defile-gucci-printemps-ete-2025-fashion-week-de-milan\/\" target=\"_blank\" rel=\"noreferrer noopener\">Sabato de Sarno<\/a> annon\u00e7ait en effet, il y a quelques jours, se retirer de la direction artistique de la c\u00e9l\u00e8bre maison italienne. Une d\u00e9cision surprenante et pr\u00e9cipit\u00e9e, qui survient peu de temps apr\u00e8s le d\u00e9part d\u2019<a href=\"https:\/\/numero.com\/mode\/alessandro-michele-en-5-defiles-memorables-pour-gucci\/\" target=\"_blank\" rel=\"noreferrer noopener\">Alessandro Michele<\/a> en 2022, et la longue ann\u00e9e de battement et de sp\u00e9culations qui a suivie. Pour le moment, on ne sait pour le moment o\u00f9 le cr\u00e9ateur napolitain s\u2019appr\u00eate \u00e0 mettre les voiles.<\/p>\n<figure class=\"wp-block-image size-full\"><img decoding=\"async\" loading=\"lazy\" width=\"2048\" height=\"2560\" src=\"https:\/\/numero.com\/wp-content\/uploads\/2025\/02\/tout-ce-quil-faut-savoir-sur-les-nouveaux-directeurs-artistiques-des-marques-de-mode-michael-rider-celine-scaled.jpg\" alt=\"Michael Rider. \u00a9\u00a0C\u00e9line.\" class=\"wp-image-639051\"><figcaption class=\"wp-element-caption\">Michael Rider. \u00a9\u00a0Celine.<\/figcaption><\/figure>\n<h3 class=\"wp-block-heading\">Michael Rider, nouveau pilote des ateliers Celine<\/h3>\n<p>Depuis 2018, le cr\u00e9ateur Hedi Slimane pilotait <strong>Celine<\/strong> d\u2019une main de fer. Pourtant, en octobre 2024, la maison annon\u00e7ait son d\u00e9part, et l\u2019arriv\u00e9e de <strong>Michael Rider<\/strong> \u00e0 la t\u00eate de ses ateliers. Pr\u00e9c\u00e9demment directeur artistique des collections femme pour <a href=\"https:\/\/numero.com\/mode\/fashion-week\/au-defile-ralph-lauren-denim-brode-robe-lamee-et-christy-turlington\/\" target=\"_blank\" rel=\"noreferrer noopener\">Polo Ralph Lauren<\/a>, le cr\u00e9ateur de mode am\u00e9ricain s\u2019est \u00e9galement form\u00e9 chez <a href=\"https:\/\/numero.com\/mode\/fashion-week\/voyage-intime-dans-lenfance-de-demna-au-defile-balenciaga\/\" target=\"_blank\" rel=\"noreferrer noopener\">Balenciaga<\/a> aux c\u00f4t\u00e9s de <a href=\"https:\/\/numero.com\/mode\/fashion-week\/le-defile-louis-vuitton-printemps-ete-2025-fashion-week-de-paris\/\" target=\"_blank\" rel=\"noreferrer noopener\">Nicolas Ghesqui\u00e8re<\/a>, ainsi qu\u2019avec Phoebe Philo chez Celine.<\/p>\n<figure class=\"wp-block-image size-full\"><img decoding=\"async\" loading=\"lazy\" width=\"998\" height=\"1000\" src=\"https:\/\/numero.com\/wp-content\/uploads\/2025\/03\/Portrait-Mark-Thomas-c-Zelinda-Zanichelli.jpg\" alt=\"Mark Thomas nouveau directeur artistique de Carven\" class=\"wp-image-652155\"><figcaption class=\"wp-element-caption\">Portrait de Mark Thomas. \u00a9 Zelinda Zanichelli.<\/figcaption><\/figure>\n<h3 class=\"wp-block-heading\">Mark Thomas nomm\u00e9 chez Carven<\/h3>\n<p>La nomination du cr\u00e9ateur <strong><a href=\"https:\/\/www.instagram.com\/markhowardthomas\/\" target=\"_blank\" rel=\"noreferrer noopener\">Mark Thomas<\/a><\/strong> chez Carven remet la marque au c\u0153ur de la <a href=\"https:\/\/numero.com\/category\/mode\/fashion-week\/\" target=\"_blank\" rel=\"noreferrer noopener\">Fashion Week<\/a> de Paris. Alors qu\u2019elle ne figurait, la saison derni\u00e8re, pas sur le calendrier suite au d\u00e9part de Louise Trotter, cette annonce lui permettait n\u00e9amoins de rester au c\u0153ur de l\u2019actualit\u00e9. <\/p>\n<p>Form\u00e9 \u00e0 la Central Saint Martins, le cr\u00e9ateur londonien est pass\u00e9 par <a href=\"https:\/\/numero.com\/mode\/fashion-week\/le-defile-burberry-automne-hiver-2025-2026-fashion-week-londres\/\" target=\"_blank\" rel=\"noreferrer noopener\">Burberry<\/a>, <a href=\"https:\/\/numero.com\/mode\/fashion-week\/chez-givenchy-sarah-burton-livre-une-premiere-collection-automne-hiver-2025-2026\/\" target=\"_blank\" rel=\"noreferrer noopener\">Givenchy<\/a> et Neil Barret, avant d\u2019officier \u00e0 la direction artistique d\u2019<a href=\"https:\/\/numero.com\/mode\/fashion-week\/que-penser-des-looks-en-papier-bulle-du-defile-helmut-lang\/\" target=\"_blank\" rel=\"noreferrer noopener\">Helmut Lang<\/a> de 2017 \u00e0 2019, puis de rejoindre Lacoste la m\u00eame ann\u00e9e. Son esth\u00e9tique, contemporaine et un brin classique, promet de poursuivre le renouveau initi\u00e9 par sa pr\u00e9d\u00e9cesseure.<\/p>\n<figure class=\"wp-block-image size-full\"><img decoding=\"async\" loading=\"lazy\" width=\"618\" height=\"629\" src=\"https:\/\/numero.com\/wp-content\/uploads\/2025\/03\/Simone-Bellotti-%C2%A9Olivier-Kervern.jpg\" alt class=\"wp-image-652610\"><figcaption class=\"wp-element-caption\">Portrait de Simone Bellotti \u00a9 Olivier Kervern.<\/figcaption><\/figure>\n<h3 class=\"wp-block-heading\">Simone Bellotti remplace Lucie et Luke Meier chez Jil Sander<\/h3>\n<p>Quelques heures apr\u00e8s le <a href=\"https:\/\/numero.com\/mode\/fashion-week\/le-defile-jil-sander-automne-hiver-2025-2026\/\" target=\"_blank\" rel=\"noreferrer noopener\">d\u00e9fil\u00e9 Jil Sander automne-hiver 2025-2026<\/a> pr\u00e9sent\u00e9 \u00e0 Milan il y a une dizaine de jours, <strong><a href=\"https:\/\/numero.com\/mode\/fashion-week\/le-premier-defile-de-lucie-et-luke-meier-pour-jil-sander\/\" target=\"_blank\" rel=\"noreferrer noopener\">Lucie et Luke Meier<\/a><\/strong> annon\u00e7aient se retirer de la direction artistique, qu\u2019ils occupaient depuis 2017. La collection se teintait alors d\u2019une grande nostalgie, et laissait le futur de la marque dans l\u2019inconnu\u2026 Jusqu\u2019au lundi 10 mars 2025, et l\u2019annonce de l\u2019arriv\u00e9e d\u2019un certain <a href=\"https:\/\/www.instagram.com\/simonebellotti\/?hl=fr\" target=\"_blank\" rel=\"noreferrer noopener\">Simone Bellotti<\/a>. Apr\u00e8s avoir offici\u00e9 chez <strong><a href=\"https:\/\/numero.com\/mode\/fashion-week\/le-defile-dolce-gabbana-automne-hiver-2025-2026\/\" target=\"_blank\" rel=\"noreferrer noopener\">Dolce &amp; Gabbana<\/a><\/strong>, <strong><a href=\"https:\/\/numero.com\/mode\/exit-carven-louise-trotter-rejoint-la-direction-artistique-de-bottega-veneta\/\" target=\"_blank\" rel=\"noreferrer noopener\">Bottega Veneta<\/a><\/strong> puis <strong><a href=\"https:\/\/numero.com\/mode\/quels-sont-les-accessoires-les-plus-chics-reperes-au-defile-gucci-automne-hiver-2025\/\" target=\"_blank\" rel=\"noreferrer noopener\">Gucci<\/a><\/strong> (pendant plus de 15 ans), il dirigeait jusqu\u2019alors les collections de <strong>Bally<\/strong> \u00e0 Milan. La m\u00eame ville o\u00f9 il s\u2019appr\u00eate donc \u00e0 rejoindre les ateliers de <a href=\"https:\/\/numero.com\/mode\/fashion-week\/elegance-et-minimalisme-dans-la-collection-jil-sander-printemps-ete-2022\/\" target=\"_blank\" rel=\"noreferrer noopener\">Jil Sander<\/a>.<\/p>\n<\/p><\/div>\n<\/p><\/div>\n<div class=\"col-lg-3\">\n<div class=\"suggested-posts padding-top-s\">\n<div class=\"title\">Recommand\u00e9<\/div>\n<div class=\"post-card\">\n\t\t\t\t\t\t\t\t\t\t<a class=\"post-link d-flex\" href=\"https:\/\/numero.com\/culture\/musique\/la-playlist-de-la-fashion-week\/\"><\/p>\n<div class=\"container-img\">\n\t\t\t\t\t\t\t\t\t\t\t\t<img decoding=\"async\" width=\"640\" height=\"804\" src=\"https:\/\/numero.com\/wp-content\/uploads\/2026\/01\/3-paradis-amy-winehouse-768x965.jpg\" class=\"img-fluid\" alt=\"Le d\u00e9fil\u00e9 3. Paradis automne-hiver 2026-2027 \u00a9 Valerio Mezzanotti.\" loading=\"lazy\">\t\t\t\t\t\t\t\t\t\t\t\t<\/p>\n<p class=\"number\">13<\/p>\n<\/p><\/div>\n<div class=\"card-info d-flex\">\n<div>\n<p class=\"cat-title\">Musique<\/p>\n<h3 class=\"post-title\">Quelle est la bande-son de la Fashion Week ?<\/h3>\n<\/p><\/div>\n<p class=\"date\">\n\t\t\t\t\t\t\t\t\t\t\t\t\t13 mars 2026\t\t\t\t\t\t\t\t\t\t\t\t<\/p>\n<\/p><\/div>\n<p>\t\t\t\t\t\t\t\t\t\t<\/a>\n\t\t\t\t\t\t\t\t\t<\/div>\n<div class=\"post-card\">\n\t\t\t\t\t\t\t\t\t\t<a class=\"post-link d-flex\" href=\"https:\/\/numero.com\/culture\/cinema\/margot-robbie-interview-portrait\/\"><\/p>\n<div class=\"container-img\">\n\t\t\t\t\t\t\t\t\t\t\t\t<img decoding=\"async\" width=\"640\" height=\"804\" src=\"https:\/\/numero.com\/wp-content\/uploads\/2025\/10\/margot-robbie-3-768x965.jpg\" class=\"img-fluid\" alt=\"L'actrice Margot Robbie.\" loading=\"lazy\">\t\t\t\t\t\t\t\t\t\t\t\t<\/p>\n<p class=\"number\">9<\/p>\n<\/p><\/div>\n<div class=\"card-info d-flex\">\n<div>\n<p class=\"cat-title\">Cin\u00e9ma<\/p>\n<h3 class=\"post-title\">Comment Margot Robbie est devenue l\u2019une des actrices les plus puissantes d\u2019Hollywood<\/h3>\n<\/p><\/div>\n<p class=\"date\">\n\t\t\t\t\t\t\t\t\t\t\t\t\t9 f\u00e9v 2026\t\t\t\t\t\t\t\t\t\t\t\t<\/p>\n<\/p><\/div>\n<p>\t\t\t\t\t\t\t\t\t\t<\/a>\n\t\t\t\t\t\t\t\t\t<\/div>\n<div class=\"post-card\">\n\t\t\t\t\t\t\t\t\t\t<a class=\"post-link d-flex\" href=\"https:\/\/numero.com\/mode\/dior-revele-des-accessoires-inspires-de-la-chaise-medaillon\/\"><\/p>\n<div class=\"container-img\">\n\t\t\t\t\t\t\t\t\t\t\t\t<img decoding=\"async\" width=\"640\" height=\"804\" src=\"https:\/\/numero.com\/wp-content\/uploads\/2026\/03\/thumb-collection-medaillon-dior-jonathan-anderson-768x965.jpg\" class=\"img-fluid\" alt=\"collection m\u00e9daillon de dior par jonathan anderson\" loading=\"lazy\">\t\t\t\t\t\t\t\t\t\t\t\t<\/p>\n<p class=\"number\">25<\/p>\n<\/p><\/div>\n<div class=\"card-info d-flex\">\n<div>\n<p class=\"cat-title\">Mode<\/p>\n<h3 class=\"post-title\">Comment Jonathan Anderson s\u2019approprie l\u2019un des symboles Dior ?<\/h3>\n<\/p><\/div>\n<p class=\"date\">\n\t\t\t\t\t\t\t\t\t\t\t\t\t25 mars 2026\t\t\t\t\t\t\t\t\t\t\t\t<\/p>\n<\/p><\/div>\n<p>\t\t\t\t\t\t\t\t\t\t<\/a>\n\t\t\t\t\t\t\t\t\t<\/div>\n<div class=\"post-card\">\n\t\t\t\t\t\t\t\t\t\t<a class=\"post-link d-flex\" href=\"https:\/\/numero.com\/mode\/fashion-week\/le-defile-dior-automne-hiver-2026-2027-balade-printaniere\/\"><\/p>\n<div class=\"container-img\">\n\t\t\t\t\t\t\t\t\t\t\t\t<img decoding=\"async\" width=\"640\" height=\"804\" src=\"https:\/\/numero.com\/wp-content\/uploads\/2026\/03\/Defile-Dior-automne-hiver-2026-2027-2-768x965.jpg\" class=\"img-fluid\" alt=\"Le d\u00e9fil\u00e9 Dior automne-hiver 2026-2027. \u00a9 Estrop\/Getty Images.\" loading=\"lazy\">\t\t\t\t\t\t\t\t\t\t\t\t<\/p>\n<p class=\"number\">3<\/p>\n<\/p><\/div>\n<div class=\"card-info d-flex\">\n<div>\n<p class=\"cat-title\">Fashion Week<\/p>\n<h3 class=\"post-title\">Au d\u00e9fil\u00e9 Dior, balade au bord de l\u2019eau<\/h3>\n<\/p><\/div>\n<p class=\"date\">\n\t\t\t\t\t\t\t\t\t\t\t\t\t3 mars 2026\t\t\t\t\t\t\t\t\t\t\t\t<\/p>\n<\/p><\/div>\n<p>\t\t\t\t\t\t\t\t\t\t<\/a>\n\t\t\t\t\t\t\t\t\t<\/div>\n<\/p><\/div>\n<\/p><\/div>\n<\/p><\/div>\n<div class=\"padding-top-s\">\n<div class=\"ad banner desktop\">\n<div class=\"container\">\n<div class=\"row\">\n            <!-- \/21730003857\/numero-ad-unit\/numero-banner-1 --><\/p>\n<div id=\"div-gpt-ad-1757006327907-0\" style=\"min-width: 350px\">\n<p>                    googletag.cmd.push(function () {<br \/>\n                        googletag.display(&#8216;div-gpt-ad-1757006327907-0&#8217;);<br \/>\n                    });<\/p><\/div>\n<\/p><\/div>\n<\/p><\/div>\n<\/div><\/div>\n<\/p><\/div>\n<\/section>\n<p>        <button class=\"btn-newsletter btn-outline-white my-5\" id=\"open-modal-newsletter\">Inscrivez-vous \u00e0 la newsletter<\/button>\t\t<\/p>\n<section class=\"related-posts post-list padding-top-m padding-bottom-s\">\n<div class=\"container\">\n<h2 class=\"title mx-auto\">\u00c0 lire aussi<\/h2>\n<div class=\"row\">\n<div class=\"col-lg-3\">\n<div class=\"post-card desktop\">\n\t\t\t\t\t\t\t\t\t<a class=\"post-link\" href=\"https:\/\/numero.com\/mode\/qui-est-matthieu-blazy-bottega-veneta-nouveau-directeur-artistique-de-chanel\/\"><\/p>\n<div class=\"container-img\">\n\t\t\t\t\t\t\t\t\t\t\t<img decoding=\"async\" width=\"640\" height=\"804\" src=\"https:\/\/numero.com\/wp-content\/uploads\/2024\/11\/Blazy-2-768x965.jpg\" class=\"img-fluid\" alt=\"Matthieu Blazy au d\u00e9fil\u00e9 Bottega Veneta printemps-\u00e9t\u00e9 2025 \u00e0 la Fashion Week de Milan le 21 septembre 2024 \u00a9 Victor VIRGILE\/Gamma-Rapho via Getty Images.\" loading=\"lazy\">\t\t\t\t\t\t\t\t\t\t\t<\/p>\n<div class=\"number\">12<\/div>\n<\/p><\/div>\n<div class=\"card-info\">\n<div class=\"meta d-flex justify-content-between\">\n<p class=\"cat-title\">Mode<\/p>\n<p class=\"date\">\n\t\t\t\t\t\t\t\t\t\t\t\t\t12 d\u00e9c 2024\t\t\t\t\t\t\t\t\t\t\t\t<\/p>\n<\/p><\/div>\n<div class=\"post-title\">Pourquoi Matthieu Blazy va bousculer la direction artistique de Chanel<\/div>\n<\/p><\/div>\n<p>\t\t\t\t\t\t\t\t\t<\/a>\n\t\t\t\t\t\t\t\t<\/div>\n<div class=\"post-card mobile\">\n\t\t\t\t\t\t\t\t\t<a class=\"post-link d-flex\" href=\"https:\/\/numero.com\/mode\/qui-est-matthieu-blazy-bottega-veneta-nouveau-directeur-artistique-de-chanel\/\"><\/p>\n<div class=\"container-img\">\n\t\t\t\t\t\t\t\t\t\t\t<img decoding=\"async\" width=\"640\" height=\"804\" src=\"https:\/\/numero.com\/wp-content\/uploads\/2024\/11\/Blazy-2-768x965.jpg\" class=\"img-fluid\" alt=\"Matthieu Blazy au d\u00e9fil\u00e9 Bottega Veneta printemps-\u00e9t\u00e9 2025 \u00e0 la Fashion Week de Milan le 21 septembre 2024 \u00a9 Victor VIRGILE\/Gamma-Rapho via Getty Images.\" loading=\"lazy\">\t\t\t\t\t\t\t\t\t\t\t<\/p>\n<div class=\"number\">12<\/div>\n<\/p><\/div>\n<div class=\"card-info d-flex\">\n<div>\n<p class=\"cat-title\">Mode<\/p>\n<h3 class=\"post-title\">Pourquoi Matthieu Blazy va bousculer la direction artistique de Chanel<\/h3>\n<\/p><\/div>\n<p class=\"date\">\n\t\t\t\t\t\t\t\t\t\t\t\t12 d\u00e9c 2024\t\t\t\t\t\t\t\t\t\t\t<\/p>\n<\/p><\/div>\n<p>\t\t\t\t\t\t\t\t\t<\/a>\n\t\t\t\t\t\t\t\t<\/div>\n<\/p><\/div>\n<div class=\"col-lg-3\">\n<div class=\"post-card desktop\">\n\t\t\t\t\t\t\t\t\t<a class=\"post-link\" href=\"https:\/\/numero.com\/mode\/qui-est-glenn-martens-le-nouveau-directeur-artistique-de-maison-margiela\/\"><\/p>\n<div class=\"container-img\">\n\t\t\t\t\t\t\t\t\t\t\t<img decoding=\"async\" width=\"640\" height=\"800\" src=\"https:\/\/numero.com\/wp-content\/uploads\/2025\/01\/GLENN_MARTENS_02-768x960.jpg\" class=\"img-fluid\" alt=\"glenn martens maison margiela\" loading=\"lazy\">\t\t\t\t\t\t\t\t\t\t\t<\/p>\n<div class=\"number\">29<\/div>\n<\/p><\/div>\n<div class=\"card-info\">\n<div class=\"meta d-flex justify-content-between\">\n<p class=\"cat-title\">Mode<\/p>\n<p class=\"date\">\n\t\t\t\t\t\t\t\t\t\t\t\t\t29 jan 2025\t\t\t\t\t\t\t\t\t\t\t\t<\/p>\n<\/p><\/div>\n<div class=\"post-title\">Qui est Glenn Martens, le nouveau directeur artistique de Maison Margiela ?<\/div>\n<\/p><\/div>\n<p>\t\t\t\t\t\t\t\t\t<\/a>\n\t\t\t\t\t\t\t\t<\/div>\n<div class=\"post-card mobile\">\n\t\t\t\t\t\t\t\t\t<a class=\"post-link d-flex\" href=\"https:\/\/numero.com\/mode\/qui-est-glenn-martens-le-nouveau-directeur-artistique-de-maison-margiela\/\"><\/p>\n<div class=\"container-img\">\n\t\t\t\t\t\t\t\t\t\t\t<img decoding=\"async\" width=\"640\" height=\"800\" src=\"https:\/\/numero.com\/wp-content\/uploads\/2025\/01\/GLENN_MARTENS_02-768x960.jpg\" class=\"img-fluid\" alt=\"glenn martens maison margiela\" loading=\"lazy\">\t\t\t\t\t\t\t\t\t\t\t<\/p>\n<div class=\"number\">29<\/div>\n<\/p><\/div>\n<div class=\"card-info d-flex\">\n<div>\n<p class=\"cat-title\">Mode<\/p>\n<h3 class=\"post-title\">Qui est Glenn Martens, le nouveau directeur artistique de Maison Margiela ?<\/h3>\n<\/p><\/div>\n<p class=\"date\">\n\t\t\t\t\t\t\t\t\t\t\t\t29 jan 2025\t\t\t\t\t\t\t\t\t\t\t<\/p>\n<\/p><\/div>\n<p>\t\t\t\t\t\t\t\t\t<\/a>\n\t\t\t\t\t\t\t\t<\/div>\n<\/p><\/div>\n<div class=\"col-lg-3\">\n<div class=\"post-card desktop\">\n\t\t\t\t\t\t\t\t\t<a class=\"post-link\" href=\"https:\/\/numero.com\/mode\/exit-carven-louise-trotter-rejoint-la-direction-artistique-de-bottega-veneta\/\"><\/p>\n<div class=\"container-img\">\n\t\t\t\t\t\t\t\t\t\t\t<img decoding=\"async\" width=\"640\" height=\"408\" src=\"https:\/\/numero.com\/wp-content\/uploads\/2024\/12\/Bottega-768x490.jpg\" class=\"img-fluid\" alt=\"Louise Trotter \u00a9 Bottega Veneta.\" loading=\"lazy\">\t\t\t\t\t\t\t\t\t\t\t<\/p>\n<div class=\"number\">12<\/div>\n<\/p><\/div>\n<div class=\"card-info\">\n<div class=\"meta d-flex justify-content-between\">\n<p class=\"cat-title\">Mode<\/p>\n<p class=\"date\">\n\t\t\t\t\t\t\t\t\t\t\t\t\t12 d\u00e9c 2024\t\t\t\t\t\t\t\t\t\t\t\t<\/p>\n<\/p><\/div>\n<div class=\"post-title\">Exit Carven, Louise Trotter rejoint la direction artistique de Bottega Veneta<\/div>\n<\/p><\/div>\n<p>\t\t\t\t\t\t\t\t\t<\/a>\n\t\t\t\t\t\t\t\t<\/div>\n<div class=\"post-card mobile\">\n\t\t\t\t\t\t\t\t\t<a class=\"post-link d-flex\" href=\"https:\/\/numero.com\/mode\/exit-carven-louise-trotter-rejoint-la-direction-artistique-de-bottega-veneta\/\"><\/p>\n<div class=\"container-img\">\n\t\t\t\t\t\t\t\t\t\t\t<img decoding=\"async\" width=\"640\" height=\"408\" src=\"https:\/\/numero.com\/wp-content\/uploads\/2024\/12\/Bottega-768x490.jpg\" class=\"img-fluid\" alt=\"Louise Trotter \u00a9 Bottega Veneta.\" loading=\"lazy\">\t\t\t\t\t\t\t\t\t\t\t<\/p>\n<div class=\"number\">12<\/div>\n<\/p><\/div>\n<div class=\"card-info d-flex\">\n<div>\n<p class=\"cat-title\">Mode<\/p>\n<h3 class=\"post-title\">Exit Carven, Louise Trotter rejoint la direction artistique de Bottega Veneta<\/h3>\n<\/p><\/div>\n<p class=\"date\">\n\t\t\t\t\t\t\t\t\t\t\t\t12 d\u00e9c 2024\t\t\t\t\t\t\t\t\t\t\t<\/p>\n<\/p><\/div>\n<p>\t\t\t\t\t\t\t\t\t<\/a>\n\t\t\t\t\t\t\t\t<\/div>\n<\/p><\/div>\n<div class=\"col-lg-3\">\n<div class=\"post-card desktop\">\n\t\t\t\t\t\t\t\t\t<a class=\"post-link\" href=\"https:\/\/numero.com\/mode\/kim-jones-quitte-la-direction-artistique-de-la-maison-dior\/\"><\/p>\n<div class=\"container-img\">\n\t\t\t\t\t\t\t\t\t\t\t<img decoding=\"async\" width=\"640\" height=\"804\" src=\"https:\/\/numero.com\/wp-content\/uploads\/2025\/01\/thumb-kim-jones-quitte-la-direction-artistique-de-la-maison-dior-768x965.jpg\" class=\"img-fluid\" alt loading=\"lazy\">\t\t\t\t\t\t\t\t\t\t\t<\/p>\n<div class=\"number\">31<\/div>\n<\/p><\/div>\n<div class=\"card-info\">\n<div class=\"meta d-flex justify-content-between\">\n<p class=\"cat-title\">Mode<\/p>\n<p class=\"date\">\n\t\t\t\t\t\t\t\t\t\t\t\t\t31 jan 2025\t\t\t\t\t\t\t\t\t\t\t\t<\/p>\n<\/p><\/div>\n<div class=\"post-title\">Kim Jones quitte Dior : retour sur 5 d\u00e9fil\u00e9s m\u00e9morables<\/div>\n<\/p><\/div>\n<p>\t\t\t\t\t\t\t\t\t<\/a>\n\t\t\t\t\t\t\t\t<\/div>\n<div class=\"post-card mobile\">\n\t\t\t\t\t\t\t\t\t<a class=\"post-link d-flex\" href=\"https:\/\/numero.com\/mode\/kim-jones-quitte-la-direction-artistique-de-la-maison-dior\/\"><\/p>\n<div class=\"container-img\">\n\t\t\t\t\t\t\t\t\t\t\t<img decoding=\"async\" width=\"640\" height=\"804\" src=\"https:\/\/numero.com\/wp-content\/uploads\/2025\/01\/thumb-kim-jones-quitte-la-direction-artistique-de-la-maison-dior-768x965.jpg\" class=\"img-fluid\" alt loading=\"lazy\">\t\t\t\t\t\t\t\t\t\t\t<\/p>\n<div class=\"number\">31<\/div>\n<\/p><\/div>\n<div class=\"card-info d-flex\">\n<div>\n<p class=\"cat-title\">Mode<\/p>\n<h3 class=\"post-title\">Kim Jones quitte Dior : retour sur 5 d\u00e9fil\u00e9s m\u00e9morables<\/h3>\n<\/p><\/div>\n<p class=\"date\">\n\t\t\t\t\t\t\t\t\t\t\t\t31 jan 2025\t\t\t\t\t\t\t\t\t\t\t<\/p>\n<\/p><\/div>\n<p>\t\t\t\t\t\t\t\t\t<\/a>\n\t\t\t\t\t\t\t\t<\/div>\n<\/p><\/div>\n<\/p><\/div>\n<\/p><\/div>\n<\/section>\n<div class=\"padding-bottom-s\">\n<div class=\"ad banner desktop\">\n<div class=\"container\">\n<div class=\"row\">\n            <!-- \/21730003857\/numero-ad-unit\/numero-banner-1 --><\/p>\n<div id=\"div-gpt-ad-1757006327907-0\" style=\"min-width: 350px\">\n<p>                    googletag.cmd.push(function () {<br \/>\n                        googletag.display(&#8216;div-gpt-ad-1757006327907-0&#8217;);<br \/>\n                    });<\/p><\/div>\n<\/p><\/div>\n<\/p><\/div>\n<\/div><\/div>\n<\/p><\/div>\n","protected":false},"excerpt":{"rendered":"<p>31 31 googletag.cmd.push(function () { googletag.display(&#8216;div-gpt-ad-1757063143832-0&#8217;); }); Lien copi\u00e9 Mode 31 mars 2026 Courr\u00e8ges : Drew Henry nomm\u00e9 directeur artistique En 2025, l\u2019industrie de la mode a v\u00e9cu un jeu de chaises musicales in\u00e9dit avec le d\u00e9part et l\u2019arriv\u00e9e d\u2019une dizaine de directeurs artistiques. Un mercato qui manifestement se poursuit en 2026 chez Versace. Num\u00e9ro [&hellip;]<\/p>\n","protected":false},"author":1,"featured_media":0,"comment_status":"open","ping_status":"","sticky":false,"template":"","format":"standard","meta":{"footnotes":""},"categories":[1],"tags":[226,258],"class_list":["post-1856339","post","type-post","status-publish","format-standard","hentry","category-uncategorized","tag-crawlmanager","tag-numero-com"],"_links":{"self":[{"href":"https:\/\/analyse.optim.biz\/index.php?rest_route=\/wp\/v2\/posts\/1856339","targetHints":{"allow":["GET"]}}],"collection":[{"href":"https:\/\/analyse.optim.biz\/index.php?rest_route=\/wp\/v2\/posts"}],"about":[{"href":"https:\/\/analyse.optim.biz\/index.php?rest_route=\/wp\/v2\/types\/post"}],"author":[{"embeddable":true,"href":"https:\/\/analyse.optim.biz\/index.php?rest_route=\/wp\/v2\/users\/1"}],"replies":[{"embeddable":true,"href":"https:\/\/analyse.optim.biz\/index.php?rest_route=%2Fwp%2Fv2%2Fcomments&post=1856339"}],"version-history":[{"count":1,"href":"https:\/\/analyse.optim.biz\/index.php?rest_route=\/wp\/v2\/posts\/1856339\/revisions"}],"predecessor-version":[{"id":1953317,"href":"https:\/\/analyse.optim.biz\/index.php?rest_route=\/wp\/v2\/posts\/1856339\/revisions\/1953317"}],"wp:attachment":[{"href":"https:\/\/analyse.optim.biz\/index.php?rest_route=%2Fwp%2Fv2%2Fmedia&parent=1856339"}],"wp:term":[{"taxonomy":"category","embeddable":true,"href":"https:\/\/analyse.optim.biz\/index.php?rest_route=%2Fwp%2Fv2%2Fcategories&post=1856339"},{"taxonomy":"post_tag","embeddable":true,"href":"https:\/\/analyse.optim.biz\/index.php?rest_route=%2Fwp%2Fv2%2Ftags&post=1856339"}],"curies":[{"name":"wp","href":"https:\/\/api.w.org\/{rel}","templated":true}]}}