{"id":1856338,"date":"2026-04-01T02:26:00","date_gmt":"2026-03-31T23:26:00","guid":{"rendered":"https:\/\/analyse.optim.biz\/?p=1856338"},"modified":"2026-04-01T02:26:00","modified_gmt":"2026-03-31T23:26:00","slug":"a-seoul-le-defile-cos-evoque-american-gigolo-et-carolyn-bessette-kennedy","status":"publish","type":"post","link":"https:\/\/analyse.optim.biz\/?p=1856338","title":{"rendered":"\u00c0 S\u00e9oul, le d\u00e9fil\u00e9 COS \u00e9voque American Gigolo et Carolyn Bessette-Kennedy"},"content":{"rendered":"<div class=\"entry-content\">\n<section class=\"single-header padding-top-s\">\n<div class=\"container\">\n<div class=\"row justify-content-between\">\n<div class=\"col-lg-9 col-xl-8\">\n<div class=\"video-container\">\n\t\t\t\t\t\t\t\t\t\t\t\t\t<\/div>\n<div class=\"container-img desktop\">\n\t\t\t\t\t\t\t\t<img decoding=\"async\" width=\"640\" height=\"853\" src=\"https:\/\/numero.com\/wp-content\/uploads\/2026\/03\/COS_SS26_LOOK_10.jpg\" class=\"img-fluid\" alt=\"trench gris du d\u00e9fil\u00e9 COS printemps-\u00e9t\u00e9 2026 \u00e0 s\u00e9oul.\" loading=\"lazy\">\t\t\t\t\t\t\t\t<\/p>\n<p class=\"number big\">31<\/p>\n<\/p><\/div>\n<div class=\"container-img mobile\">\n\t\t\t\t\t\t\t\t<img decoding=\"async\" width=\"640\" height=\"853\" src=\"https:\/\/numero.com\/wp-content\/uploads\/2026\/03\/COS_SS26_LOOK_10.jpg\" class=\"img-fluid\" alt=\"trench gris du d\u00e9fil\u00e9 COS printemps-\u00e9t\u00e9 2026 \u00e0 s\u00e9oul.\" loading=\"lazy\">\t\t\t\t\t\t\t\t<\/p>\n<p class=\"number big\">31<\/p>\n<\/p><\/div>\n<\/p><\/div>\n<div class=\"col col-lg-3 col-xl-4 desktop\">\n<div class=\"ad grand-angle desktop\">\n    <!-- \/21730003857\/numero-ad-unit\/numero-grand-angle --><\/p>\n<div id=\"div-gpt-ad-1757063143832-0\" class=\"px-0\">\n<p>            googletag.cmd.push(function () {<br \/>\n                googletag.display(&#8216;div-gpt-ad-1757063143832-0&#8217;);<br \/>\n            });<\/p><\/div>\n<\/div><\/div>\n<\/p><\/div>\n<\/p><\/div>\n<\/section>\n<section class=\"post-content\">\n<div class=\"container\">\n<div class=\"row g-0 justify-content-between\">\n<div class=\"col-lg-9 col-xl-8 padding-top-s\">\n<p class=\"share-widget\" id=\"share-widget\"><img decoding=\"async\" src=\"https:\/\/numero.com\/wp-content\/themes\/%09%09%09understrap-child-main\/src\/public\/images\/share.svg\" alt=\"share-widget\"><\/p>\n<div class=\"share-icons\" id=\"share-icons\">\n<p class=\"copy-link\"><img decoding=\"async\" src=\"https:\/\/numero.com\/wp-content\/themes\/understrap-child-main\/src\/public\/images\/copy-link.svg\" alt=\"copy-link\"><\/p>\n<p>\t\t\t\t\t\t\t<a href=\"https:\/\/www.facebook.com\/sharer\/sharer.php?u=https:\/\/numero.com\/mode\/fashion-week\/le-defile-cos-a-seoul-une-mode-minimaliste-et-sensuelle\/\" class=\"facebook\" target=\"_blank\" rel=\"noopener\"><img decoding=\"async\" src=\"https:\/\/numero.com\/wp-content\/themes\/understrap-child-main\/src\/public\/images\/facebook.svg\" alt=\"facebook\"><\/a><br \/>\n\t\t\t\t\t\t\t<a href=\"https:\/\/twitter.com\/share?url=https:\/\/numero.com\/mode\/fashion-week\/le-defile-cos-a-seoul-une-mode-minimaliste-et-sensuelle\/\" class=\"twitter\" target=\"_blank\" rel=\"noopener\"><img decoding=\"async\" src=\"https:\/\/numero.com\/wp-content\/themes\/understrap-child-main\/src\/public\/images\/twitter.svg\" alt=\"twitter\"><\/a>\n\t\t\t\t\t\t<\/div>\n<p>\t\t\t\t\t\t<span class id=\"custom-tooltip\">Lien copi\u00e9<\/span><\/p>\n<div class=\"col-lg-10\">\n<div class=\"meta d-flex justify-content-between align-items-center\">\n<div class=\"cat\">\n\t\t\t\t\t\t\t\t\t<a class=\"cat-title\" href=\"https:\/\/numero.com\/category\/mode\/fashion-week\/\">Fashion Week<\/a>\t\t\t\t\t\t\t\t<\/div>\n<p class=\"date\">\n\t\t\t\t\t\t\t\t\t31 mars 2026\t\t\t\t\t\t\t\t<\/p>\n<\/p><\/div>\n<h1>\u00c0 S\u00e9oul, le d\u00e9fil\u00e9 COS \u00e9voque American Gigolo et Carolyn Bessette-Kennedy<\/h1>\n<div class=\"introduction\">\n<p>Depuis pr\u00e8s de vingt ans, <span class=\"hover:entity-accent entity-underline inline cursor-pointer align-baseline\"><span class=\"whitespace-normal\">COS<\/span><\/span> cultive une vision singuli\u00e8re de la mode, entre accessibilit\u00e9 et exigence. \u00c0 l\u2019heure o\u00f9 des acteurs mainstream comme <span class=\"hover:entity-accent entity-underline inline cursor-pointer align-baseline\"><span class=\"whitespace-normal\">Zara<\/span><\/span> acc\u00e9l\u00e8rent leur mont\u00e9e en gamme, la marque londonienne poursuit une trajectoire \u00e0 contre-courant, fond\u00e9e sur la constance et la pr\u00e9cision. Avec un d\u00e9fil\u00e9 cin\u00e9matographique pr\u00e9sent\u00e9 \u00e0 S\u00e9oul pour sa collection printemps-\u00e9t\u00e9 2026, orchestr\u00e9 par <span class=\"hover:entity-accent entity-underline inline cursor-pointer align-baseline\"><span class=\"whitespace-normal\">Karin Gustafsson<\/span><\/span>, COS affirme plus que jamais son ambition de construire une esth\u00e9tique universelle.<\/p>\n<\/div>\n<li class=\"credits d-flex\">\n<p>\n\t\t\t\t\t\t\t\t\t\t\tpar\t\t\t\t\t\t\t\t\t\t\t\t\t\t\t\t\t\t\t\t\t\t\t<a href=\"https:\/\/numero.com\/contributeur\/melody-thomas-15\/\">M\u00e9lody Thomas<\/a>.\t\t\t\t\t\t\t\t\t\t\t\t\t\t\t\t\t\t\t\t\t<\/p>\n<\/li>\n<div id=\"ads03\" class=\"mobile\">\n<div class=\"ad-wrapper\">\n<div class=\"ad interscroller desktop\">\n<\/div>\n<p><!-- \/21730003857\/numero-ad-unit\/numero-interscroller --><\/p>\n<div id=\"div-gpt-ad-1757521738078-0\">\n<p>        googletag.cmd.push(function () {<br \/>\n            googletag.display(&#8216;div-gpt-ad-1757521738078-0&#8217;);<br \/>\n        });<\/p>\n<\/div><\/div>\n<\/p><\/div>\n<p>\t\t\t\t\t\t\t&lt;!&#8211; <\/p>\n<div class=\"padding-bottom-s\">\n\t\t\t\t\t\t\t\t\t\t\t\t\t\t\t<\/div>\n<p> &#8211;&gt;<\/p>\n<figure class=\"wp-block-gallery has-nested-images columns-default is-cropped wp-block-gallery-3 is-layout-flex wp-block-gallery-is-layout-flex\">\n<figure class=\"wp-block-image size-full\"><img loading=\"lazy\" decoding=\"async\" width=\"750\" height=\"1000\" data-id=\"822087\" src=\"https:\/\/numero.com\/wp-content\/uploads\/2026\/03\/COS_SS26_LOOK_10.jpg\" alt=\"trench gris du d\u00e9fil\u00e9 COS printemps-\u00e9t\u00e9 2026 \u00e0 s\u00e9oul.\" class=\"wp-image-822087\"><\/figure>\n<figure class=\"wp-block-image size-large\"><img loading=\"lazy\" decoding=\"async\" width=\"750\" height=\"1000\" data-id=\"822099\" src=\"https:\/\/numero.com\/wp-content\/uploads\/2026\/03\/COS_SS26_LOOK_11.jpg\" alt=\"ensemble gris du d\u00e9fil\u00e9 COS printemps-\u00e9t\u00e9 2026 \u00e0 s\u00e9oul\" class=\"wp-image-822099\"><\/figure><figcaption class=\"blocks-gallery-caption wp-element-caption\">Le d\u00e9fil\u00e9 COS printemps-\u00e9t\u00e9 2026.<\/figcaption><\/figure>\n<h2 class=\"wp-block-heading\">COS fait escale \u00e0 S\u00e9oul<\/h2>\n<p>Ces derniers temps, <strong>l\u2019industrie de la mode et du luxe <\/strong>a \u00e9t\u00e9 marqu\u00e9e par de nombreux rebondissements. Parmi eux, l\u2019\u00e9l\u00e9vation de marques mainstream vers une esth\u00e9tique plus premium. Si H&amp;M pratiquait d\u00e9j\u00e0 les collaborations depuis 2009, r\u00e9cemment Zara s\u2019est \u00e9galement tourn\u00e9e vers cette strat\u00e9gie d\u2019\u00e9l\u00e9vation. En t\u00e9moigne l\u2019annonce de ses collaborations avec John Galliano et Willy Chavarria. <\/p>\n<p>Pour le moment, cette \u00e9volution ne concerne pas COS, fid\u00e8le depuis pr\u00e8s de vingt ans \u00e0 son exigence, \u00e0 la qualit\u00e9 de ses propositions et \u00e0 une coh\u00e9rence sans faille. Cr\u00e9\u00e9 en 2007, le label londonien a toujours su jouer les \u00e9quilibristes entre accessibilit\u00e9 et raffinement. Ses collections, ses collaborations, mais aussi sa s\u00e9rie de d\u00e9fil\u00e9s itin\u00e9rants et sa pr\u00e9sence remarqu\u00e9e \u00e0<strong> la Fashion Week de New York<\/strong> depuis quatre saisons en sont autant d\u2019illustrations.<\/p>\n<p>Cette saison, c\u2019est \u00e0 S\u00e9oul que <strong>COS<\/strong> fait escale, \u00e0 travers<strong> un d\u00e9fil\u00e9 cin\u00e9matographique<\/strong> qui, au-del\u00e0 d\u2019un certain sens de la continuit\u00e9, r\u00e9v\u00e8le surtout la mani\u00e8re dont la marque affirme, avec subtilit\u00e9, son ambition d\u2019universalit\u00e9.<\/p>\n<figure class=\"wp-block-gallery has-nested-images columns-default is-cropped wp-block-gallery-4 is-layout-flex wp-block-gallery-is-layout-flex\">\n<figure class=\"wp-block-image size-large\"><img loading=\"lazy\" decoding=\"async\" width=\"750\" height=\"1000\" data-id=\"822095\" src=\"https:\/\/numero.com\/wp-content\/uploads\/2026\/03\/COS_SS26_LOOK_15.jpg\" alt=\"robe transparente du d\u00e9fil\u00e9 COS printemps-\u00e9t\u00e9 2026.\" class=\"wp-image-822095\"><\/figure>\n<figure class=\"wp-block-image size-large\"><img decoding=\"async\" loading=\"lazy\" width=\"750\" height=\"1000\" data-id=\"822097\" src=\"https:\/\/numero.com\/wp-content\/uploads\/2026\/03\/COS_SS26_LOOK_17.jpg\" alt=\"robe transparente du d\u00e9fil\u00e9 COS printemps-\u00e9t\u00e9 2026.\" class=\"wp-image-822097\"><\/figure><figcaption class=\"blocks-gallery-caption wp-element-caption\">Le d\u00e9fil\u00e9 COS printemps-\u00e9t\u00e9 2026.<\/figcaption><\/figure>\n<h2 class=\"wp-block-heading\">Une collection printemps-\u00e9t\u00e9 2026 en apesanteur<\/h2>\n<p>\u201cCinematic Beauty\u201d. Tel est le nom que <strong>Karin Gustafsson,<\/strong> directrice artistique de COS depuis son lancement, a donn\u00e9 \u00e0 <strong>sa collection printemps-\u00e9t\u00e9 2026. <\/strong>Pr\u00e9sent\u00e9e dans une ancienne piscine brutaliste, baign\u00e9e d\u2019un fond bleu et d\u2019une brume l\u00e9g\u00e8re, elle offrait une sc\u00e9nographie aussi minimaliste que surr\u00e9aliste, accentu\u00e9e par l\u2019impression de flottement impuls\u00e9e par les silhouettes et les mati\u00e8res. <\/p>\n<h3 class=\"wp-block-heading\">L\u2019inspiration <em>American Gigolo<\/em><\/h3>\n<p>D\u00e9j\u00e0 disponible en boutiques, l\u2019ensemble de quarante silhouettes s\u2019inspire du film <strong><em>American Gigolo<\/em><\/strong> (1980), comme l\u2019a confirm\u00e9 la cr\u00e9atrice lors d\u2019une interview en marge du d\u00e9fil\u00e9 : <em>\u201cOn aime l\u2019id\u00e9e d\u2019une personnalit\u00e9 forte qui d\u00e9gage une aura, une sensualit\u00e9 particuli\u00e8re, et le film American Gigolo a ce c\u00f4t\u00e9 \u00e0 la fois \u00e9l\u00e9gant et d\u00e9contract\u00e9 qui nous a inspir\u00e9s, notamment \u00e0 travers le travail de coupe. Quant \u00e0 la palette de couleurs et de mati\u00e8res, elle provient des ann\u00e9es 80\u201d.<\/em><\/p>\n<figure class=\"wp-block-gallery has-nested-images columns-default is-cropped wp-block-gallery-5 is-layout-flex wp-block-gallery-is-layout-flex\">\n<figure class=\"wp-block-image size-large\"><img decoding=\"async\" loading=\"lazy\" width=\"750\" height=\"1000\" data-id=\"822101\" src=\"https:\/\/numero.com\/wp-content\/uploads\/2026\/03\/COS_SS26_LOOK_02.jpg\" alt=\"top homme en cuir trench gris du d\u00e9fil\u00e9 COS printemps-\u00e9t\u00e9 2026 \u00e0 s\u00e9oul.\" class=\"wp-image-822101\"><\/figure>\n<figure class=\"wp-block-image size-large\"><img decoding=\"async\" loading=\"lazy\" width=\"750\" height=\"1000\" data-id=\"822103\" src=\"https:\/\/numero.com\/wp-content\/uploads\/2026\/03\/COS_SS26_LOOK_03.jpg\" alt=\"top et jupe en cuir rouge cos printemps-\u00e9t\u00e9 2026.\" class=\"wp-image-822103\"><\/figure><figcaption class=\"blocks-gallery-caption wp-element-caption\">Le d\u00e9fil\u00e9 COS printemps-\u00e9t\u00e9 2026.<\/figcaption><\/figure>\n<p>Sur ce podium \u00e9th\u00e9r\u00e9, le lin est associ\u00e9 \u00e0 des gris froids, des beiges, des cr\u00e8mes et des blancs chaleureux, ainsi qu\u2019\u00e0 des touches de rouge et de bleu, de la soie fluide\u2026 Comme \u00e0 son habitude, le raffinement de COS n\u2019est pas dans la d\u00e9monstration. Au contraire, il se r\u00e9v\u00e8le plut\u00f4t dans la simplicit\u00e9. \u201c<em>Nous savons qui nous sommes et ce que nous voulons devenir\u201d,<\/em> sourit Gustaffson. Top blanc \u00e0 l\u2019encolure large sur jupe midi fendue, robe et ensemble en maille c\u00f4tel\u00e9e transparente, \u00e9paules structur\u00e9es, tailoring taill\u00e9 dans des mati\u00e8res fluides ou des drap\u00e9es ma\u00eetris\u00e9es. On s\u2019arr\u00eate sur un ensemble en denim trompe-l\u2019\u0153il travaill\u00e9 dans la soie ou encore ces robes droites ou sculpturales.<\/p>\n<h3 class=\"wp-block-heading\">Le style Carolyn Bessette-Kennedy<\/h3>\n<p>Un clin d\u2019\u0153il au vestiaire de <strong><a href=\"https:\/\/numero.com\/culture\/series\/ryan-murphy-serie-carolyn-bessette\/\" id=\"659689\">Carolyn Bessette-Kennedy<\/a><\/strong> dont les silhouettes font tant parler derni\u00e8rement ? Peut-\u00eatre, et pourtant, la collection a quelque chose de r\u00e9solument moderne, une sensualit\u00e9 fac\u00e9tieuse\u2026 libre.  <em>\u201cJe pense qu\u2019un design intemporel ne signifie pas \u00eatre fig\u00e9 dans le temps\u201d<\/em>, r\u00e9fl\u00e9chit Karin Gustafsson au sujet de <strong>l\u2019\u00e9thos de COS<\/strong>. Elle ajoute :<em> \u00ab\u00a0Pour moi, il s\u2019agit de cultiver une certaine sobri\u00e9t\u00e9, de faire preuve de consid\u00e9ration et de proposer quelque chose de raffin\u00e9 sans se figer.\u201d<\/em><\/p>\n<figure class=\"wp-block-gallery has-nested-images columns-default is-cropped wp-block-gallery-6 is-layout-flex wp-block-gallery-is-layout-flex\">\n<figure class=\"wp-block-image size-large\"><img decoding=\"async\" loading=\"lazy\" width=\"750\" height=\"1000\" data-id=\"822091\" src=\"https:\/\/numero.com\/wp-content\/uploads\/2026\/03\/COS_SS26_LOOK_18.jpg\" alt=\"jupe blanche et top blanc transpanrets transparent du d\u00e9fil\u00e9 Cos printemps-\u00e9t\u00e9 2026.\" class=\"wp-image-822091\"><\/figure>\n<figure class=\"wp-block-image size-large\"><img decoding=\"async\" loading=\"lazy\" width=\"750\" height=\"1000\" data-id=\"822083\" src=\"https:\/\/numero.com\/wp-content\/uploads\/2026\/03\/COS_SS26_LOOK_19.jpg\" alt=\"ensemble transparent noir du d\u00e9fil\u00e9 COS printemps-\u00e9t\u00e9 2026 \u00e0 S\u00e9oul.\" class=\"wp-image-822083\"><\/figure><figcaption class=\"blocks-gallery-caption wp-element-caption\">Le d\u00e9fil\u00e9 COS printemps-\u00e9t\u00e9 2026 \u00e0 S\u00e9oul.<\/figcaption><\/figure>\n<h2 class=\"wp-block-heading\">COS, la coh\u00e9rence pour m\u00e9thode<\/h2>\n<p><em>\u201cS\u00e9oul est une ville incroyable, avec une richesse culturelle et historique, mais surtout cette rencontre entre modernit\u00e9 et tradition qui nous ressemble\u201d,<\/em> confie Karin Gustafsson. Entre tours de verre et villages traditionnels, la capitale cor\u00e9enne s\u2019inscrit dans l\u2019approche de COS, o\u00f9 se croisent savoir-faire, h\u00e9ritage et innovation. <em>\u201cLa rencontre entre la culture contemporaine et l\u2019histoire est particuli\u00e8rement stimulante pour nous\u201d, <\/em>ajoute la cr\u00e9atrice, qui fr\u00e9quente la ville depuis une dizaine d\u2019ann\u00e9es. Lors du d\u00e9fil\u00e9, la bande-son est d\u2019ailleurs une captation des sons de la ville, enregistr\u00e9e dans <strong>le m\u00e9tro de S\u00e9oul.<\/strong><\/p>\n<figure class=\"wp-block-gallery has-nested-images columns-default is-cropped wp-block-gallery-7 is-layout-flex wp-block-gallery-is-layout-flex\">\n<figure class=\"wp-block-image size-large\"><img decoding=\"async\" loading=\"lazy\" width=\"750\" height=\"1000\" data-id=\"822105\" src=\"https:\/\/numero.com\/wp-content\/uploads\/2026\/03\/COS_SS26_LOOK_35.jpg\" alt=\"Costume gris du d\u00e9fil\u00e9 COS printemps-\u00e9t\u00e9 2026 \u00e0 S\u00e9oul.\" class=\"wp-image-822105\"><\/figure>\n<figure class=\"wp-block-image size-large\"><img decoding=\"async\" loading=\"lazy\" width=\"750\" height=\"1000\" data-id=\"822093\" src=\"https:\/\/numero.com\/wp-content\/uploads\/2026\/03\/COS_SS26_LOOK_13.jpg\" alt=\"ensemble gris du d\u00e9fil\u00e9 COS printemps-\u00e9t\u00e9 2026 \u00e0 S\u00e9oul.\" class=\"wp-image-822093\"><\/figure><figcaption class=\"blocks-gallery-caption wp-element-caption\">Le d\u00e9fil\u00e9 COS printemps-\u00e9t\u00e9 2026 \u00e0 S\u00e9oul.<\/figcaption><\/figure>\n<p>Avec ce d\u00e9fil\u00e9, la marque illustre ainsi sa capacit\u00e9 \u00e0 s\u2019adapter sans se diluer, en absorbant l\u2019\u00e9nergie locale, notamment gr\u00e2ce \u00e0 un casting comprenant des mod\u00e8les cor\u00e9ens, tout en affirmant son ADN. En d\u2019autres termes, chaque ville o\u00f9 elle s\u2019inscrit agit comme un point d\u2019entr\u00e9e vers son univers, affinant un peu plus son universalit\u00e9.<\/p>\n<p>De l\u00e0 \u00e0 voir S\u00e9oul comme le signe de mutations \u00e0 venir au sein du label ? <em>\u201cC\u2019est une p\u00e9riode int\u00e9ressante, avec beaucoup de changements\u201d<\/em>, observe la cr\u00e9atrice, avant d\u2019ajouter : <em>\u201cNotre esth\u00e9tique pourrait se pr\u00eater \u00e0 d\u2019autres types de produits et d\u2019exp\u00e9riences que nous ne proposons pas encore\u2026 mais pour l\u2019instant, notre objectif reste le m\u00eame : cr\u00e9er des v\u00eatements qui accompagnent les gens dans le temps.\u201d<\/em> Une trajectoire fond\u00e9e sur la constance, presque \u00e0 contre-courant de <a href=\"https:\/\/numero.com\/category\/mode\/\">la mode<\/a> actuelle, qui explique sans doute, en partie, le succ\u00e8s durable du label.<\/p>\n<p><em>Retrouvez la collection COS printemps-\u00e9t\u00e9 2026 sur <a href=\"https:\/\/www.cos.com\/fr-fr\/runway\/spring-summer-2026\">cos.com<\/a> et en boutiques.<\/em><\/p>\n<figure class=\"wp-block-gallery has-nested-images columns-2 is-cropped wp-block-gallery-8 is-layout-flex wp-block-gallery-is-layout-flex\">\n<figure class=\"wp-block-image size-large\"><img decoding=\"async\" loading=\"lazy\" width=\"750\" height=\"1000\" data-id=\"822089\" src=\"https:\/\/numero.com\/wp-content\/uploads\/2026\/03\/COS_SS26_LOOK_23.jpg\" alt=\"Veste en daim kaki du d\u00e9fil\u00e9 COS printemps-\u00e9t\u00e9 2026 \u00e0 S\u00e9oul.\" class=\"wp-image-822089\"><\/figure>\n<figure class=\"wp-block-image size-large\"><img decoding=\"async\" loading=\"lazy\" width=\"750\" height=\"1000\" data-id=\"822085\" src=\"https:\/\/numero.com\/wp-content\/uploads\/2026\/03\/COS_SS26_LOOK_34.jpg\" alt=\"Robe courte rouge du d\u00e9fil\u00e9 COS printemps-\u00e9t\u00e9 2026 \u00e0 S\u00e9oul.\" class=\"wp-image-822085\"><\/figure><figcaption class=\"blocks-gallery-caption wp-element-caption\">Le d\u00e9fil\u00e9 COS printemps-\u00e9t\u00e9 2026 \u00e0 S\u00e9oul.<\/figcaption><\/figure>\n<\/p><\/div>\n<\/p><\/div>\n<div class=\"col-lg-3\">\n<div class=\"suggested-posts padding-top-s\">\n<div class=\"title\">Recommand\u00e9<\/div>\n<div class=\"post-card\">\n\t\t\t\t\t\t\t\t\t\t<a class=\"post-link d-flex\" href=\"https:\/\/numero.com\/mode\/fashion-week\/le-defile-yohji-yamamoto-printemps-ete-2026\/\"><\/p>\n<div class=\"container-img\">\n\t\t\t\t\t\t\t\t\t\t\t\t<img decoding=\"async\" width=\"640\" height=\"408\" src=\"https:\/\/numero.com\/wp-content\/uploads\/2025\/10\/defile-yohji-yamamoto-printemps-ete-2026-1-1-768x490.jpg\" class=\"img-fluid\" alt=\"Le d\u00e9fil\u00e9 Yohji Yamamoto printemps-\u00e9t\u00e9 2026.\" loading=\"lazy\">\t\t\t\t\t\t\t\t\t\t\t\t<\/p>\n<p class=\"number\">4<\/p>\n<\/p><\/div>\n<div class=\"card-info d-flex\">\n<div>\n<p class=\"cat-title\">Fashion Week<\/p>\n<h3 class=\"post-title\">Au d\u00e9fil\u00e9 Yohji Yamamoto, ressentir le v\u00eatement<\/h3>\n<\/p><\/div>\n<p class=\"date\">\n\t\t\t\t\t\t\t\t\t\t\t\t\t4 oct 2025\t\t\t\t\t\t\t\t\t\t\t\t<\/p>\n<\/p><\/div>\n<p>\t\t\t\t\t\t\t\t\t\t<\/a>\n\t\t\t\t\t\t\t\t\t<\/div>\n<div class=\"post-card\">\n\t\t\t\t\t\t\t\t\t\t<a class=\"post-link d-flex\" href=\"https:\/\/numero.com\/mode\/fashion-week\/stars-defiles-printemps-ete-2026\/\"><\/p>\n<div class=\"container-img\">\n\t\t\t\t\t\t\t\t\t\t\t\t<img decoding=\"async\" width=\"640\" height=\"804\" src=\"https:\/\/numero.com\/wp-content\/uploads\/2025\/10\/lana-del-rey-defile-valentino-printemps-ete-2026-768x965.jpg\" class=\"img-fluid\" alt=\"lana del rey au defile valentino printemps-\u00e9t\u00e9 2026 \u00e0 la fashion week de paris\" loading=\"lazy\">\t\t\t\t\t\t\t\t\t\t\t\t<\/p>\n<p class=\"number\">8<\/p>\n<\/p><\/div>\n<div class=\"card-info d-flex\">\n<div>\n<p class=\"cat-title\">Fashion Week<\/p>\n<h3 class=\"post-title\">Les stars \u00e0 la Fashion Week printemps-\u00e9t\u00e9 2026 avec FKA twigs et Lana Del Rey<\/h3>\n<\/p><\/div>\n<p class=\"date\">\n\t\t\t\t\t\t\t\t\t\t\t\t\t8 oct 2025\t\t\t\t\t\t\t\t\t\t\t\t<\/p>\n<\/p><\/div>\n<p>\t\t\t\t\t\t\t\t\t\t<\/a>\n\t\t\t\t\t\t\t\t\t<\/div>\n<div class=\"post-card\">\n\t\t\t\t\t\t\t\t\t\t<a class=\"post-link d-flex\" href=\"https:\/\/numero.com\/mode\/interview-createur-charlie-le-mindu-defile-cheveux\/\"><\/p>\n<div class=\"container-img\">\n\t\t\t\t\t\t\t\t\t\t\t\t<img decoding=\"async\" width=\"640\" height=\"835\" src=\"https:\/\/numero.com\/wp-content\/uploads\/2026\/01\/thumb-interview-createur-charlie-le-mindu-defile-cheveux-scaled-768x1002.jpg\" class=\"img-fluid\" alt loading=\"lazy\">\t\t\t\t\t\t\t\t\t\t\t\t<\/p>\n<p class=\"number\">30<\/p>\n<\/p><\/div>\n<div class=\"card-info d-flex\">\n<div>\n<p class=\"cat-title\">Mode<\/p>\n<h3 class=\"post-title\">Charlie Le Mindu, sulfureux designer du cheveu<\/h3>\n<\/p><\/div>\n<p class=\"date\">\n\t\t\t\t\t\t\t\t\t\t\t\t\t30 jan 2026\t\t\t\t\t\t\t\t\t\t\t\t<\/p>\n<\/p><\/div>\n<p>\t\t\t\t\t\t\t\t\t\t<\/a>\n\t\t\t\t\t\t\t\t\t<\/div>\n<div class=\"post-card\">\n\t\t\t\t\t\t\t\t\t\t<a class=\"post-link d-flex\" href=\"https:\/\/numero.com\/mode\/fashion-week\/premier-defile-jonathan-anderson-dior-homme-printemps-ete-2026\/\"><\/p>\n<div class=\"container-img\">\n\t\t\t\t\t\t\t\t\t\t\t\t<img decoding=\"async\" width=\"640\" height=\"804\" src=\"https:\/\/numero.com\/wp-content\/uploads\/2025\/06\/thumb-premier-defile-jonathan-anderson-dior-homme-printemps-ete-2026-1-768x965.jpg\" class=\"img-fluid\" alt loading=\"lazy\">\t\t\t\t\t\t\t\t\t\t\t\t<\/p>\n<p class=\"number\">27<\/p>\n<\/p><\/div>\n<div class=\"card-info d-flex\">\n<div>\n<p class=\"cat-title\">Fashion Week<\/p>\n<h3 class=\"post-title\">Dior : que faut-il retenir du premier d\u00e9fil\u00e9 homme par Jonathan Anderson<\/h3>\n<\/p><\/div>\n<p class=\"date\">\n\t\t\t\t\t\t\t\t\t\t\t\t\t27 juin 2025\t\t\t\t\t\t\t\t\t\t\t\t<\/p>\n<\/p><\/div>\n<p>\t\t\t\t\t\t\t\t\t\t<\/a>\n\t\t\t\t\t\t\t\t\t<\/div>\n<\/p><\/div>\n<\/p><\/div>\n<\/p><\/div>\n<div class=\"padding-top-s\">\n<div class=\"ad banner desktop\">\n<div class=\"container\">\n<div class=\"row\">\n            <!-- \/21730003857\/numero-ad-unit\/numero-banner-1 --><\/p>\n<div id=\"div-gpt-ad-1757006327907-0\" style=\"min-width: 350px\">\n<p>                    googletag.cmd.push(function () {<br \/>\n                        googletag.display(&#8216;div-gpt-ad-1757006327907-0&#8217;);<br \/>\n                    });<\/p><\/div>\n<\/p><\/div>\n<\/p><\/div>\n<\/div><\/div>\n<\/p><\/div>\n<\/section>\n<p>        <button class=\"btn-newsletter btn-outline-white my-5\" id=\"open-modal-newsletter\">Inscrivez-vous \u00e0 la newsletter<\/button>\t\t<\/p>\n<section class=\"related-posts post-list padding-top-m padding-bottom-s\">\n<div class=\"container\">\n<h2 class=\"title mx-auto\">\u00c0 lire aussi<\/h2>\n<div class=\"row\">\n<div class=\"col-lg-3\">\n<div class=\"post-card desktop\">\n\t\t\t\t\t\t\t\t\t\t<a class=\"post-link\" href=\"https:\/\/numero.com\/mode\/nouveaux-directeurs-artistiques-tout-ce-quil-faut-savoir-sur-le-grand-turn-over-de-la-mode\/\"><\/p>\n<div class=\"container-img\">\n\t\t\t\t\t\t\t\t\t\t\t\t<img decoding=\"async\" width=\"640\" height=\"804\" src=\"https:\/\/numero.com\/wp-content\/uploads\/2026\/03\/thumb-768x965.jpg\" class=\"img-fluid\" alt=\"drew henry directeur artistique courreges\" loading=\"lazy\">\t\t\t\t\t\t\t\t\t\t\t\t<\/p>\n<div class=\"number\">31<\/div>\n<\/p><\/div>\n<div class=\"card-info\">\n<div class=\"meta d-flex justify-content-between\">\n<p class=\"cat-title\">Mode<\/p>\n<p class=\"date\">\n\t\t\t\t\t\t\t\t\t\t\t\t\t\t31 mars 2026\t\t\t\t\t\t\t\t\t\t\t\t\t<\/p>\n<\/p><\/div>\n<div class=\"post-title\">Courr\u00e8ges : Drew Henry nomm\u00e9 directeur artistique<\/div>\n<\/p><\/div>\n<p>\t\t\t\t\t\t\t\t\t\t<\/a>\n\t\t\t\t\t\t\t\t\t<\/div>\n<div class=\"post-card mobile\">\n\t\t\t\t\t\t\t\t\t\t<a class=\"post-link d-flex\" href=\"https:\/\/numero.com\/mode\/nouveaux-directeurs-artistiques-tout-ce-quil-faut-savoir-sur-le-grand-turn-over-de-la-mode\/\"><\/p>\n<div class=\"container-img\">\n\t\t\t\t\t\t\t\t\t\t\t\t<img decoding=\"async\" width=\"640\" height=\"804\" src=\"https:\/\/numero.com\/wp-content\/uploads\/2026\/03\/thumb-768x965.jpg\" class=\"img-fluid\" alt=\"drew henry directeur artistique courreges\" loading=\"lazy\">\t\t\t\t\t\t\t\t\t\t\t\t<\/p>\n<div class=\"number\">31<\/div>\n<\/p><\/div>\n<div class=\"card-info d-flex\">\n<div>\n<p class=\"cat-title\">Mode<\/p>\n<h3 class=\"post-title\">Courr\u00e8ges : Drew Henry nomm\u00e9 directeur artistique<\/h3>\n<\/p><\/div>\n<p class=\"date\">\n\t\t\t\t\t\t\t\t\t\t\t\t\t31 mars 2026\t\t\t\t\t\t\t\t\t\t\t\t<\/p>\n<\/p><\/div>\n<p>\t\t\t\t\t\t\t\t\t\t<\/a>\n\t\t\t\t\t\t\t\t\t<\/div>\n<\/p><\/div>\n<div class=\"col-lg-3\">\n<div class=\"post-card desktop\">\n\t\t\t\t\t\t\t\t\t\t<a class=\"post-link\" href=\"https:\/\/numero.com\/mode\/slip-dress-tendance-reperees\/\"><\/p>\n<div class=\"container-img\">\n\t\t\t\t\t\t\t\t\t\t\t\t<img decoding=\"async\" width=\"640\" height=\"804\" src=\"https:\/\/numero.com\/wp-content\/uploads\/2025\/03\/thumb-slip-dress-celeste-768x965.jpg\" class=\"img-fluid\" alt=\"celeste en micro slip dress chloe \u00e0 la fashion week automne-hiver 2026-2027 de paris\" loading=\"lazy\">\t\t\t\t\t\t\t\t\t\t\t\t<\/p>\n<div class=\"number\">30<\/div>\n<\/p><\/div>\n<div class=\"card-info\">\n<div class=\"meta d-flex justify-content-between\">\n<p class=\"cat-title\">Mode<\/p>\n<p class=\"date\">\n\t\t\t\t\t\t\t\t\t\t\t\t\t\t30 mars 2026\t\t\t\t\t\t\t\t\t\t\t\t\t<\/p>\n<\/p><\/div>\n<div class=\"post-title\">Quelles sont les slip dress de la saison ?<\/div>\n<\/p><\/div>\n<p>\t\t\t\t\t\t\t\t\t\t<\/a>\n\t\t\t\t\t\t\t\t\t<\/div>\n<div class=\"post-card mobile\">\n\t\t\t\t\t\t\t\t\t\t<a class=\"post-link d-flex\" href=\"https:\/\/numero.com\/mode\/slip-dress-tendance-reperees\/\"><\/p>\n<div class=\"container-img\">\n\t\t\t\t\t\t\t\t\t\t\t\t<img decoding=\"async\" width=\"640\" height=\"804\" src=\"https:\/\/numero.com\/wp-content\/uploads\/2025\/03\/thumb-slip-dress-celeste-768x965.jpg\" class=\"img-fluid\" alt=\"celeste en micro slip dress chloe \u00e0 la fashion week automne-hiver 2026-2027 de paris\" loading=\"lazy\">\t\t\t\t\t\t\t\t\t\t\t\t<\/p>\n<div class=\"number\">30<\/div>\n<\/p><\/div>\n<div class=\"card-info d-flex\">\n<div>\n<p class=\"cat-title\">Mode<\/p>\n<h3 class=\"post-title\">Quelles sont les slip dress de la saison ?<\/h3>\n<\/p><\/div>\n<p class=\"date\">\n\t\t\t\t\t\t\t\t\t\t\t\t\t30 mars 2026\t\t\t\t\t\t\t\t\t\t\t\t<\/p>\n<\/p><\/div>\n<p>\t\t\t\t\t\t\t\t\t\t<\/a>\n\t\t\t\t\t\t\t\t\t<\/div>\n<\/p><\/div>\n<div class=\"col-lg-3\">\n<div class=\"post-card desktop\">\n\t\t\t\t\t\t\t\t\t\t<a class=\"post-link\" href=\"https:\/\/numero.com\/mode\/13-heroines-de-series-tres-mode-dont-le-style-nous-inspire\/\"><\/p>\n<div class=\"container-img\">\n\t\t\t\t\t\t\t\t\t\t\t\t<img decoding=\"async\" width=\"640\" height=\"804\" src=\"https:\/\/numero.com\/wp-content\/uploads\/2025\/04\/thumb-heroines-de-series-tres-mode-dont-le-style-nous-inspire-carolyn-bessette-768x965.jpg\" class=\"img-fluid\" alt loading=\"lazy\">\t\t\t\t\t\t\t\t\t\t\t\t<\/p>\n<div class=\"number\">30<\/div>\n<\/p><\/div>\n<div class=\"card-info\">\n<div class=\"meta d-flex justify-content-between\">\n<p class=\"cat-title\">Mode<\/p>\n<p class=\"date\">\n\t\t\t\t\t\t\t\t\t\t\t\t\t\t30 mars 2026\t\t\t\t\t\t\t\t\t\t\t\t\t<\/p>\n<\/p><\/div>\n<div class=\"post-title\">16 h\u00e9ro\u00efnes de s\u00e9ries tr\u00e8s mode dont le style nous inspire<\/div>\n<\/p><\/div>\n<p>\t\t\t\t\t\t\t\t\t\t<\/a>\n\t\t\t\t\t\t\t\t\t<\/div>\n<div class=\"post-card mobile\">\n\t\t\t\t\t\t\t\t\t\t<a class=\"post-link d-flex\" href=\"https:\/\/numero.com\/mode\/13-heroines-de-series-tres-mode-dont-le-style-nous-inspire\/\"><\/p>\n<div class=\"container-img\">\n\t\t\t\t\t\t\t\t\t\t\t\t<img decoding=\"async\" width=\"640\" height=\"804\" src=\"https:\/\/numero.com\/wp-content\/uploads\/2025\/04\/thumb-heroines-de-series-tres-mode-dont-le-style-nous-inspire-carolyn-bessette-768x965.jpg\" class=\"img-fluid\" alt loading=\"lazy\">\t\t\t\t\t\t\t\t\t\t\t\t<\/p>\n<div class=\"number\">30<\/div>\n<\/p><\/div>\n<div class=\"card-info d-flex\">\n<div>\n<p class=\"cat-title\">Mode<\/p>\n<h3 class=\"post-title\">16 h\u00e9ro\u00efnes de s\u00e9ries tr\u00e8s mode dont le style nous inspire<\/h3>\n<\/p><\/div>\n<p class=\"date\">\n\t\t\t\t\t\t\t\t\t\t\t\t\t30 mars 2026\t\t\t\t\t\t\t\t\t\t\t\t<\/p>\n<\/p><\/div>\n<p>\t\t\t\t\t\t\t\t\t\t<\/a>\n\t\t\t\t\t\t\t\t\t<\/div>\n<\/p><\/div>\n<div class=\"col-lg-3\">\n<div class=\"post-card desktop\">\n\t\t\t\t\t\t\t\t\t\t<a class=\"post-link\" href=\"https:\/\/numero.com\/mode\/les-plus-beaux-looks-de-zendaya-icone-de-mode\/\"><\/p>\n<div class=\"container-img\">\n\t\t\t\t\t\t\t\t\t\t\t\t<img decoding=\"async\" width=\"640\" height=\"804\" src=\"https:\/\/numero.com\/wp-content\/uploads\/2026\/03\/looks-zendaya-louis-vuitton-haute-couture-the-drama-768x965.jpg\" class=\"img-fluid\" alt=\"zendaya en robe louis vuitton haute couture lors de la premi\u00e8re de the drama \u00e0 paris\" loading=\"lazy\">\t\t\t\t\t\t\t\t\t\t\t\t<\/p>\n<div class=\"number\">30<\/div>\n<\/p><\/div>\n<div class=\"card-info\">\n<div class=\"meta d-flex justify-content-between\">\n<p class=\"cat-title\">Mode<\/p>\n<p class=\"date\">\n\t\t\t\t\t\t\t\t\t\t\t\t\t\t30 mars 2026\t\t\t\t\t\t\t\t\t\t\t\t\t<\/p>\n<\/p><\/div>\n<div class=\"post-title\">Zendaya, ic\u00f4ne de mode nouvelle g\u00e9n\u00e9ration<\/div>\n<\/p><\/div>\n<p>\t\t\t\t\t\t\t\t\t\t<\/a>\n\t\t\t\t\t\t\t\t\t<\/div>\n<div class=\"post-card mobile\">\n\t\t\t\t\t\t\t\t\t\t<a class=\"post-link d-flex\" href=\"https:\/\/numero.com\/mode\/les-plus-beaux-looks-de-zendaya-icone-de-mode\/\"><\/p>\n<div class=\"container-img\">\n\t\t\t\t\t\t\t\t\t\t\t\t<img decoding=\"async\" width=\"640\" height=\"804\" src=\"https:\/\/numero.com\/wp-content\/uploads\/2026\/03\/looks-zendaya-louis-vuitton-haute-couture-the-drama-768x965.jpg\" class=\"img-fluid\" alt=\"zendaya en robe louis vuitton haute couture lors de la premi\u00e8re de the drama \u00e0 paris\" loading=\"lazy\">\t\t\t\t\t\t\t\t\t\t\t\t<\/p>\n<div class=\"number\">30<\/div>\n<\/p><\/div>\n<div class=\"card-info d-flex\">\n<div>\n<p class=\"cat-title\">Mode<\/p>\n<h3 class=\"post-title\">Zendaya, ic\u00f4ne de mode nouvelle g\u00e9n\u00e9ration<\/h3>\n<\/p><\/div>\n<p class=\"date\">\n\t\t\t\t\t\t\t\t\t\t\t\t\t30 mars 2026\t\t\t\t\t\t\t\t\t\t\t\t<\/p>\n<\/p><\/div>\n<p>\t\t\t\t\t\t\t\t\t\t<\/a>\n\t\t\t\t\t\t\t\t\t<\/div>\n<\/p><\/div>\n<\/p><\/div>\n<\/p><\/div>\n<\/section>\n<div class=\"padding-bottom-s\">\n<div class=\"ad banner desktop\">\n<div class=\"container\">\n<div class=\"row\">\n            <!-- \/21730003857\/numero-ad-unit\/numero-banner-1 --><\/p>\n<div id=\"div-gpt-ad-1757006327907-0\" style=\"min-width: 350px\">\n<p>                    googletag.cmd.push(function () {<br \/>\n                        googletag.display(&#8216;div-gpt-ad-1757006327907-0&#8217;);<br \/>\n                    });<\/p><\/div>\n<\/p><\/div>\n<\/p><\/div>\n<\/div><\/div>\n<\/p><\/div>\n","protected":false},"excerpt":{"rendered":"<p>31 31 googletag.cmd.push(function () { googletag.display(&#8216;div-gpt-ad-1757063143832-0&#8217;); }); Lien copi\u00e9 Fashion Week 31 mars 2026 \u00c0 S\u00e9oul, le d\u00e9fil\u00e9 COS \u00e9voque American Gigolo et Carolyn Bessette-Kennedy Depuis pr\u00e8s de vingt ans, COS cultive une vision singuli\u00e8re de la mode, entre accessibilit\u00e9 et exigence. \u00c0 l\u2019heure o\u00f9 des acteurs mainstream comme Zara acc\u00e9l\u00e8rent leur mont\u00e9e en gamme, [&hellip;]<\/p>\n","protected":false},"author":1,"featured_media":0,"comment_status":"open","ping_status":"","sticky":false,"template":"","format":"standard","meta":{"footnotes":""},"categories":[1],"tags":[226,258],"class_list":["post-1856338","post","type-post","status-publish","format-standard","hentry","category-uncategorized","tag-crawlmanager","tag-numero-com"],"_links":{"self":[{"href":"https:\/\/analyse.optim.biz\/index.php?rest_route=\/wp\/v2\/posts\/1856338","targetHints":{"allow":["GET"]}}],"collection":[{"href":"https:\/\/analyse.optim.biz\/index.php?rest_route=\/wp\/v2\/posts"}],"about":[{"href":"https:\/\/analyse.optim.biz\/index.php?rest_route=\/wp\/v2\/types\/post"}],"author":[{"embeddable":true,"href":"https:\/\/analyse.optim.biz\/index.php?rest_route=\/wp\/v2\/users\/1"}],"replies":[{"embeddable":true,"href":"https:\/\/analyse.optim.biz\/index.php?rest_route=%2Fwp%2Fv2%2Fcomments&post=1856338"}],"version-history":[{"count":1,"href":"https:\/\/analyse.optim.biz\/index.php?rest_route=\/wp\/v2\/posts\/1856338\/revisions"}],"predecessor-version":[{"id":1953316,"href":"https:\/\/analyse.optim.biz\/index.php?rest_route=\/wp\/v2\/posts\/1856338\/revisions\/1953316"}],"wp:attachment":[{"href":"https:\/\/analyse.optim.biz\/index.php?rest_route=%2Fwp%2Fv2%2Fmedia&parent=1856338"}],"wp:term":[{"taxonomy":"category","embeddable":true,"href":"https:\/\/analyse.optim.biz\/index.php?rest_route=%2Fwp%2Fv2%2Fcategories&post=1856338"},{"taxonomy":"post_tag","embeddable":true,"href":"https:\/\/analyse.optim.biz\/index.php?rest_route=%2Fwp%2Fv2%2Ftags&post=1856338"}],"curies":[{"name":"wp","href":"https:\/\/api.w.org\/{rel}","templated":true}]}}