{"id":185612,"date":"2015-02-28T20:47:59","date_gmt":"2015-02-28T17:47:59","guid":{"rendered":"https:\/\/analyse.optim.biz\/?p=185612"},"modified":"2015-02-28T20:47:59","modified_gmt":"2015-02-28T17:47:59","slug":"presedintele-fdgr-doamna-merkel-spune-ca-romania-si-bulgaria-au-intrat-un-pic-precoce-in-ue","status":"publish","type":"post","link":"https:\/\/analyse.optim.biz\/?p=185612","title":{"rendered":"Pre\u015fedintele FDGR: Doamna Merkel spune c\u0103 Rom\u00e2nia \u015fi Bulgaria au intrat un pic precoce \u00een UE"},"content":{"rendered":"<div class=\"entry data-app-meta data-app-meta-article\" data-embed-base-url-canonical=\"https:\/\/www.digi24.ro\/embed\/stiri\/actualitate\/politica\/presedintele-fdgr-doamna-merkel-spune-ca-romania-si-bulgaria-au-intrat-un-pic-precoce-in-ue-365199\">\n<p data-index=\"1\">\u00a0<img decoding=\"async\" src=\"https:\/\/analyse.optim.biz\/wp-content\/uploads\/2024\/09\/mziymgziotllzwywmtq2yti3yjdkmjm3nzljzmuzyg-thumb_.jpg\" data-skip-htmlfix=\"1\" title=\"mziymgziotllzwywmtq2yti3yjdkmjm3nzljzmuzyg-thumb_\"><\/p>\n<p data-index=\"2\">(Foto Administra\u021bia Preziden\u021bial\u0103)\u00a0<\/p>\n<p data-index=\"3\">Pre\u015fedintele Forumului Democrat al Germanilor din Rom\u00e2nia (FDGR), Paul Porr, a declarat \u00eentr-o conferin\u0163\u0103 de pres\u0103, la Sibiu, c\u0103 una dintre principalele teme de discu\u0163ie \u00een Germania a fost aderarea Rom\u00e2niei la spa\u0163iul Schengen, iar Angela Merkel este \u201eun avocat al Rom\u00e2niei \u00een acest sens\u201d.<\/p>\n<p data-index=\"4\">Potrivit acestuia, Angela Merkel ar fi explicat delega\u0163iei rom\u00e2ne de ce problema respectiv\u0103 a fost politizat\u0103 \u00een ultimii ani.<\/p>\n<p data-index=\"5\">\u201eDoamna Merkel spune c\u0103 Rom\u00e2nia \u015fi Bulgaria au intrat un pic precoce \u00een UE. Dup\u0103 ce am intrat \u00een UE, am l\u0103sat-o un pic mai moale cu ce trebuia s\u0103 facem \u00een domeniul combaterii corup\u0163iei \u015fi, de aceea, rapoartele MCV erau a\u015fa cum erau. Era o modalitate de a ne constr\u00e2nge s\u0103 ne facem lec\u0163iile pe care trebuia s\u0103 le facem deja de c\u00e2\u0163iva ani\u201d, a mai spus Paul Porr, scrie Mediafax.<\/p>\n<p data-index=\"6\">Acesta a mai afirmat c\u0103 pre\u015fedintele Iohannis \u201ea fost foarte tran\u015fant \u00een ceea ce prive\u015fte preten\u0163ia noastr\u0103 de a intra \u00een spa\u0163iul Schengen\u201d, iar Angela Merkel sus\u0163ine acest demers.<\/p>\n<p data-index=\"7\">\u201ePre\u015fedintele Iohannis a fost foarte tran\u015fant \u00een ceea ce prive\u015fte preten\u0163ia noastr\u0103 de a intra \u00een spa\u0163iul Schengen \u015fi avem angajamentul doamnei Merkel c\u0103 va fi un avocat al Rom\u00e2niei \u00een acest sens, pentru c\u0103 nu ea hot\u0103r\u0103\u015fte, nu e o treab\u0103 a Guvernului din Germania, ci e o treab\u0103 a Comunit\u0103\u0163ii Europene. (&#8230;) Oricum, cu aceast\u0103 \u015fans\u0103 de a avea un avocat ca \u015fi doamna cancelar Merkel este pentru noi un motiv de optimism ca p\u00e2n\u0103 la sf\u00e2r\u015fitul anului, m\u0103car par\u0163ial, s\u0103 intr\u0103m \u00een spa\u0163iul Schengen, \u00een ceea ce prive\u015fte grani\u0163ele aeriene \u015fi fluviale, respectiv porturile. (&#8230;) Deci este un semn bun, care poate da na\u015ftere la optimism\u201d, a precizat Porr.<\/p>\n<p data-index=\"8\">Liderul FDGR a mai spus c\u0103 este posibil ca pre\u015fedintele Germaniei \u015fi alte oficialit\u0103\u0163i s\u0103 fac\u0103 o vizit\u0103 \u00een Rom\u00e2nia \u00een prim\u0103vara anului 2016.<\/p>\n<p data-index=\"9\"><a href=\"https:\/\/www.digi24.ro\/Stiri\/Digi24\/Extern\/Europa\/Angela+Merkel+Romania+aderare+Schengen\" data-skip-linkfix=\"1\">Pre\u015fedintele Klaus Iohannis s-a aflat, joi, \u00eentr-o vizit\u0103 oficial\u0103 \u00een Germania<\/a>, \u00een cursul c\u0103reia a avut \u00eentrevederi cu omologul s\u0103u german, Joachim Gauck, cu cancelarul Angela Merkel, cu pre\u015fedintele Bundestagului, Norbert Lammert, cu conducerea Forumului Germano-Rom\u00e2n.<\/p>\n<p data-index=\"10\">Din delega\u0163ia oficial\u0103 care l-a \u00eenso\u0163it pe \u015feful statului la Berlin au f\u0103cut parte consilierii preziden\u0163iali Laz\u0103r Com\u0103nescu, Dan Mihalache,\u00a0Leonard Orban, Sergiu Nistor,George Scutaru, dar \u015fi Paul Jurgen Porr, pre\u015fedintele Forumului Democrat al Germanilor din Rom\u00e2nia.<\/p>\n<h5><span>Citi\u021bi \u0219i<\/span><\/h5>\n<h5><a href=\"https:\/\/www.digi24.ro\/Stiri\/Digi24\/Actualitate\/Social\/Conferinta+Klaus+Iohannis+Angela+Merkel+migratie+romani\" data-skip-linkfix=\"1\"><span>Klaus Iohannis: \u201eDin p\u0103cate, c\u00e2nd este vorba despre Rom\u00e2nia se vede prima dat\u0103 migra\u021bia s\u0103r\u0103ciei, care nu este semnificativ\u0103 numeric\u201d<\/span><\/a><\/h5>\n<h5><a href=\"https:\/\/www.digi24.ro\/Stiri\/Digi24\/Actualitate\/Politica\/Ce+cred+Klaus+Iohannis+si+Angela+Merkel+despre+riscul+ca+Rusia+s\" data-skip-linkfix=\"1\"><span>Klaus Iohannis \u0219i Angela Merkel, despre riscul ca Rusia s\u0103 fac\u0103 \u00een Moldova acela\u0219i lucru pe care l-a f\u0103cut \u00een Ucraina<\/span><\/a><\/h5>\n<h5><a href=\"https:\/\/www.digi24.ro\/Stiri\/Digi24\/Actualitate\/Politica\/Klaus+Iohannis+in+Germania+Nu+exista+o+problema+a+maghiarilor+in\" data-skip-linkfix=\"1\"><span>Klaus Iohannis, \u00een Germania: Nu exist\u0103 o problem\u0103 a maghiarilor \u00een Rom\u00e2nia!<\/span><\/a><\/h5>\n<h5><a href=\"https:\/\/www.digi24.ro\/Stiri\/Digi24\/Actualitate\/Politica\/Emil+Hurezeanu+Lasa-ne+intram+Schengen+Nu+se+intampla+nimic\" data-skip-linkfix=\"1\"><span>Emil Hurezeanu: \u201eLas\u0103-ne s\u0103 intr\u0103m \u00een Schengen! Nu se \u00eent\u00e2mpl\u0103 nimic \u00een interiorul Europei, r\u0103m\u00e2nem la fel\u201d<\/span><\/a><\/h5>\n<p data-index=\"11\">\n<\/div>\n<p> Source URL: https:\/\/www.digi24.ro\/stiri\/actualitate\/politica\/presedintele-fdgr-doamna-merkel-spune-ca-romania-si-bulgaria-au-intrat-un-pic-precoce-in-ue-365199<\/p>\n","protected":false},"excerpt":{"rendered":"<p>\u00a0 (Foto Administra\u021bia Preziden\u021bial\u0103)\u00a0 Pre\u015fedintele Forumului Democrat al Germanilor din Rom\u00e2nia (FDGR), Paul Porr, a declarat \u00eentr-o conferin\u0163\u0103 de pres\u0103, la Sibiu, c\u0103 una dintre principalele teme de discu\u0163ie \u00een Germania a fost aderarea Rom\u00e2niei la spa\u0163iul Schengen, iar Angela Merkel este \u201eun avocat al Rom\u00e2niei \u00een acest sens\u201d. Potrivit acestuia, Angela Merkel ar fi [&hellip;]<\/p>\n","protected":false},"author":1,"featured_media":185613,"comment_status":"open","ping_status":"","sticky":false,"template":"","format":"standard","meta":{"footnotes":""},"categories":[2],"tags":[11],"class_list":["post-185612","post","type-post","status-publish","format-standard","has-post-thumbnail","hentry","category-politics","tag-digi24"],"_links":{"self":[{"href":"https:\/\/analyse.optim.biz\/index.php?rest_route=\/wp\/v2\/posts\/185612","targetHints":{"allow":["GET"]}}],"collection":[{"href":"https:\/\/analyse.optim.biz\/index.php?rest_route=\/wp\/v2\/posts"}],"about":[{"href":"https:\/\/analyse.optim.biz\/index.php?rest_route=\/wp\/v2\/types\/post"}],"author":[{"embeddable":true,"href":"https:\/\/analyse.optim.biz\/index.php?rest_route=\/wp\/v2\/users\/1"}],"replies":[{"embeddable":true,"href":"https:\/\/analyse.optim.biz\/index.php?rest_route=%2Fwp%2Fv2%2Fcomments&post=185612"}],"version-history":[{"count":0,"href":"https:\/\/analyse.optim.biz\/index.php?rest_route=\/wp\/v2\/posts\/185612\/revisions"}],"wp:featuredmedia":[{"embeddable":true,"href":"https:\/\/analyse.optim.biz\/index.php?rest_route=\/wp\/v2\/media\/185613"}],"wp:attachment":[{"href":"https:\/\/analyse.optim.biz\/index.php?rest_route=%2Fwp%2Fv2%2Fmedia&parent=185612"}],"wp:term":[{"taxonomy":"category","embeddable":true,"href":"https:\/\/analyse.optim.biz\/index.php?rest_route=%2Fwp%2Fv2%2Fcategories&post=185612"},{"taxonomy":"post_tag","embeddable":true,"href":"https:\/\/analyse.optim.biz\/index.php?rest_route=%2Fwp%2Fv2%2Ftags&post=185612"}],"curies":[{"name":"wp","href":"https:\/\/api.w.org\/{rel}","templated":true}]}}