{"id":1856014,"date":"2026-03-30T17:49:42","date_gmt":"2026-03-30T14:49:42","guid":{"rendered":"https:\/\/analyse.optim.biz\/?p=1856014"},"modified":"2026-03-30T17:49:42","modified_gmt":"2026-03-30T14:49:42","slug":"dezastru-ecologic-la-unguriu-beton-aruncat-in-parau-si-munti-de-moloz-amenda-uriasa","status":"publish","type":"post","link":"https:\/\/analyse.optim.biz\/?p=1856014","title":{"rendered":"Dezastru ecologic la Unguriu. Beton aruncat \u00een p\u00e2r\u00e2u \u0219i mun\u021bi de moloz. Amend\u0103 uria\u0219\u0103"},"content":{"rendered":"<p>[analyse_image type=&#8221;featured&#8221; src=&#8221;https:\/\/sansanews.ro\/wp-content\/uploads\/2026\/03\/WhatsApp-Image-2026-03-30-at-20.37.48.jpeghttps:\/\/sansanews.ro\/wp-content\/uploads\/2026\/03\/WhatsApp-Image-2026-03-30-at-20.37.48.jpeg&#8221;]<\/p>\n<div class=\"entry-content herald-entry-content\">\n<p>Urme de beton \u00een albia unui p\u00e2r\u00e2u \u0219i depozit\u0103ri necontrolate de de\u0219euri din construc\u021bii au fost constatate \u00een comuna Unguriu,  \u00een urma unui control efectuat de  G\u0103rda de Mediu Buz\u0103u.  Comisarii de mediu au verificat locul indicat de un cet\u0103\u021bean care a alertat autorit\u0103\u021bile \u00eengrijorat de modul \u00een care un operator economic ar fi \u201dsc\u0103pat\u201d de de\u0219euri dar \u0219i de apa rezultat\u0103 dup\u0103 sp\u0103larea betonierelor.<\/p>\n<blockquote class=\"wp-block-quote\">\n<p> \u201dUrmare a unei sesiz\u0103ri \u00eenregistrat\u0103 la Garda Na\u021bional\u0103 de Mediu \u2013 Comisariatul Jude\u021bean Buz\u0103u cu privire la \u201cdeversarea de beton rezultat din sp\u0103larea betonierelor, direct \u00eentr-un p\u00e2r\u00e2u din comuna Unguriu, jude\u021bul Buz\u0103u\u201d, o echip\u0103 de comisari din cadrul GNM \u2013 CJ Buz\u0103u s-a deplasat \u00een comuna Unguriu, la loca\u021bia indicat\u0103 pentru verificarea aspectelor sesizate \u0219i au constatat existen\u021ba unei cl\u0103diri \u00een curs de execu\u021bie, construc\u021bia  fiind realizat\u0103 de c\u0103tre un operator economic cu punct de lucru \u00een comuna Unguriu\u201d. <\/p>\n<\/blockquote>\n<p>Potrivit inform\u0103rii oficiale, pe teren a fost identificat\u0103 o cl\u0103dire \u00een curs de execu\u021bie, realizat\u0103 de un operator economic cu punct de lucru \u00een localitate, iar \u00een apropierea acesteia, comisarii au constatat \u201eurme de beton at\u00e2t pe mal, c\u00e2t \u0219i \u00een p\u00e2r\u00e2ul aflat \u00een apropierea cl\u0103dirii \u00een curs de execu\u021bie\u201d, situa\u021bie care contravine legisla\u021biei privind gestionarea de\u0219eurilor.<\/p>\n<p>\u00cen acela\u0219i perimetru au fost identificate \u0219i de\u0219euri rezultate din activit\u0103\u021bi de construc\u021bii, depozitate direct pe sol. <\/p>\n<blockquote class=\"wp-block-quote\">\n<p>\u201dComisarii de mediu au constatat depozitarea necorespunz\u0103toare pe amplasament a de\u0219eurilor rezultate din activitatea de construc\u021bii, precum \u0219i alte tipuri de de\u0219euri, acestea fiind stocate \u00een mod necontrolat, inclusiv \u00een amestec, \u00eenc\u0103lc\u00e2nd prevederile art.17, alin.(3) din OUG nr.92\/2021 privind regimul de\u0219eurilor\u201d, anun\u021b\u0103 comisarii de mediu.<\/p>\n<\/blockquote>\n<iframe loading=\"lazy\" src=\"https:\/\/www.facebook.com\/plugins\/post.php?href=https%3A%2F%2Fwww.facebook.com%2Fphoto.php%3Ffbid%3D1281749454132341%26set%3Da.188170156823615%26type%3D3&amp;show_text=true&amp;width=500\" width=\"500\" height=\"678\" scrolling=\"no\" frameborder allowfullscreen=\"true\" allow=\"autoplay; clipboard-write; encrypted-media; picture-in-picture; web-share\"><\/iframe>\n<p>De asemenea, operatorul economic nu de\u021binea eviden\u021ba<br \/>\ngestiunii de\u0219eurilor, obliga\u021bie prev\u0103zut\u0103 de normele \u00een vigoare.<\/p>\n<p>Pentru neregulile constatate, operatorul a primit o amend\u0103 record, \u00een valoare total\u0103 de 137.500 lei. <\/p>\n<blockquote class=\"wp-block-quote\">\n<p>\u201e Au fost dispuse m\u0103suri cu termene clare de realizare, \u00een vederea conform\u0103rii la prevederile legale \u0219i asigur\u0103rii unei gestion\u0103ri corespunz\u0103toare a de\u0219eurilor existente pe amplasament\u201d, informeaz\u0103 Garda de Mediu. <\/p>\n<\/blockquote>\n<div class=\"meta-tags\"><span>Etichete<\/span><a href=\"https:\/\/sansanews.ro\/tag\/garda-de-mediu-buzau\/\" rel=\"tag\">garda de mediu buzau<\/a><a href=\"https:\/\/sansanews.ro\/tag\/poluare-unguriu\/\" rel=\"tag\">poluare unguriu<\/a><\/div>\n<div class=\"herald-share-content\">\n<div class=\"meks_ess rectangle no-labels outline\"><a class=\"meks_ess-item socicon-facebook\" data-url=\"http:\/\/www.facebook.com\/sharer\/sharer.php?u=https%3A%2F%2Fsansanews.ro%2Fdezastru-ecologic-la-unguriu-beton-aruncat-in-parau-si-munti-de-moloz-amenda-uriasa%2F&amp;t=Dezastru%20ecologic%20la%20Unguriu.%20Beton%20aruncat%20%C3%AEn%20p%C3%A2r%C3%A2u%20%C8%99i%20mun%C8%9Bi%20de%20moloz.%20Amend%C4%83%20uria%C8%99%C4%83\"><span>Facebook<\/span><\/a><a href=\"https:\/\/api.whatsapp.com\/send?text=Dezastru%20ecologic%20la%20Unguriu.%20Beton%20aruncat%20%C3%AEn%20p%C3%A2r%C3%A2u%20%C8%99i%20mun%C8%9Bi%20de%20moloz.%20Amend%C4%83%20uria%C8%99%C4%83%20https%3A%2F%2Fsansanews.ro%2Fdezastru-ecologic-la-unguriu-beton-aruncat-in-parau-si-munti-de-moloz-amenda-uriasa%2F\" class=\"meks_ess-item socicon-whatsapp prevent-share-popup\"><span>WhatsApp<\/span><\/a><a class=\"meks_ess-item socicon-twitter\" data-url=\"http:\/\/twitter.com\/intent\/tweet?url=https%3A%2F%2Fsansanews.ro%2Fdezastru-ecologic-la-unguriu-beton-aruncat-in-parau-si-munti-de-moloz-amenda-uriasa%2F&amp;text=Dezastru%20ecologic%20la%20Unguriu.%20Beton%20aruncat%20%C3%AEn%20p%C3%A2r%C3%A2u%20%C8%99i%20mun%C8%9Bi%20de%20moloz.%20Amend%C4%83%20uria%C8%99%C4%83\"><span>Twitter<\/span><\/a><a class=\"meks_ess-item socicon-pinterest\" data-url=\"http:\/\/pinterest.com\/pin\/create\/button\/?url=https%3A%2F%2Fsansanews.ro%2Fdezastru-ecologic-la-unguriu-beton-aruncat-in-parau-si-munti-de-moloz-amenda-uriasa%2F&amp;media=https%3A%2F%2Fsansanews.ro%2Fwp-content%2Fuploads%2F2026%2F03%2FWhatsApp-Image-2026-03-30-at-20.37.48.jpeg&amp;description=Dezastru%20ecologic%20la%20Unguriu.%20Beton%20aruncat%20%C3%AEn%20p%C3%A2r%C3%A2u%20%C8%99i%20mun%C8%9Bi%20de%20moloz.%20Amend%C4%83%20uria%C8%99%C4%83\"><span>Pinterest<\/span><\/a><\/div>\n<\/div>\n<\/div>\n<div class=\"entry-content herald-entry-content\">\n<p>Urme de beton \u00een albia unui p\u00e2r\u00e2u \u0219i depozit\u0103ri necontrolate de de\u0219euri din construc\u021bii au fost constatate \u00een comuna Unguriu,  \u00een urma unui control efectuat de  G\u0103rda de Mediu Buz\u0103u.  Comisarii de mediu au verificat locul indicat de un cet\u0103\u021bean care a alertat autorit\u0103\u021bile \u00eengrijorat de modul \u00een care un operator economic ar fi \u201dsc\u0103pat\u201d de de\u0219euri dar \u0219i de apa rezultat\u0103 dup\u0103 sp\u0103larea betonierelor.<\/p>\n<blockquote class=\"wp-block-quote\">\n<p> \u201dUrmare a unei sesiz\u0103ri \u00eenregistrat\u0103 la Garda Na\u021bional\u0103 de Mediu \u2013 Comisariatul Jude\u021bean Buz\u0103u cu privire la \u201cdeversarea de beton rezultat din sp\u0103larea betonierelor, direct \u00eentr-un p\u00e2r\u00e2u din comuna Unguriu, jude\u021bul Buz\u0103u\u201d, o echip\u0103 de comisari din cadrul GNM \u2013 CJ Buz\u0103u s-a deplasat \u00een comuna Unguriu, la loca\u021bia indicat\u0103 pentru verificarea aspectelor sesizate \u0219i au constatat existen\u021ba unei cl\u0103diri \u00een curs de execu\u021bie, construc\u021bia  fiind realizat\u0103 de c\u0103tre un operator economic cu punct de lucru \u00een comuna Unguriu\u201d. <\/p>\n<\/blockquote>\n<p>Potrivit inform\u0103rii oficiale, pe teren a fost identificat\u0103 o cl\u0103dire \u00een curs de execu\u021bie, realizat\u0103 de un operator economic cu punct de lucru \u00een localitate, iar \u00een apropierea acesteia, comisarii au constatat \u201eurme de beton at\u00e2t pe mal, c\u00e2t \u0219i \u00een p\u00e2r\u00e2ul aflat \u00een apropierea cl\u0103dirii \u00een curs de execu\u021bie\u201d, situa\u021bie care contravine legisla\u021biei privind gestionarea de\u0219eurilor.<\/p>\n<p>\u00cen acela\u0219i perimetru au fost identificate \u0219i de\u0219euri rezultate din activit\u0103\u021bi de construc\u021bii, depozitate direct pe sol. <\/p>\n<blockquote class=\"wp-block-quote\">\n<p>\u201dComisarii de mediu au constatat depozitarea necorespunz\u0103toare pe amplasament a de\u0219eurilor rezultate din activitatea de construc\u021bii, precum \u0219i alte tipuri de de\u0219euri, acestea fiind stocate \u00een mod necontrolat, inclusiv \u00een amestec, \u00eenc\u0103lc\u00e2nd prevederile art.17, alin.(3) din OUG nr.92\/2021 privind regimul de\u0219eurilor\u201d, anun\u021b\u0103 comisarii de mediu.<\/p>\n<\/blockquote>\n<iframe loading=\"lazy\" src=\"https:\/\/www.facebook.com\/plugins\/post.php?href=https%3A%2F%2Fwww.facebook.com%2Fphoto.php%3Ffbid%3D1281749454132341%26set%3Da.188170156823615%26type%3D3&amp;show_text=true&amp;width=500\" width=\"500\" height=\"678\" scrolling=\"no\" frameborder allowfullscreen=\"true\" allow=\"autoplay; clipboard-write; encrypted-media; picture-in-picture; web-share\"><\/iframe>\n<p>De asemenea, operatorul economic nu de\u021binea eviden\u021ba<br \/>\ngestiunii de\u0219eurilor, obliga\u021bie prev\u0103zut\u0103 de normele \u00een vigoare.<\/p>\n<p>Pentru neregulile constatate, operatorul a primit o amend\u0103 record, \u00een valoare total\u0103 de 137.500 lei. <\/p>\n<blockquote class=\"wp-block-quote\">\n<p>\u201e Au fost dispuse m\u0103suri cu termene clare de realizare, \u00een vederea conform\u0103rii la prevederile legale \u0219i asigur\u0103rii unei gestion\u0103ri corespunz\u0103toare a de\u0219eurilor existente pe amplasament\u201d, informeaz\u0103 Garda de Mediu. <\/p>\n<\/blockquote>\n<div class=\"meta-tags\"><span>Etichete<\/span><a href=\"https:\/\/sansanews.ro\/tag\/garda-de-mediu-buzau\/\" rel=\"tag\">garda de mediu buzau<\/a><a href=\"https:\/\/sansanews.ro\/tag\/poluare-unguriu\/\" rel=\"tag\">poluare unguriu<\/a><\/div>\n<div class=\"herald-share-content\">\n<div class=\"meks_ess rectangle no-labels outline\"><a class=\"meks_ess-item socicon-facebook\" data-url=\"http:\/\/www.facebook.com\/sharer\/sharer.php?u=https%3A%2F%2Fsansanews.ro%2Fdezastru-ecologic-la-unguriu-beton-aruncat-in-parau-si-munti-de-moloz-amenda-uriasa%2F&amp;t=Dezastru%20ecologic%20la%20Unguriu.%20Beton%20aruncat%20%C3%AEn%20p%C3%A2r%C3%A2u%20%C8%99i%20mun%C8%9Bi%20de%20moloz.%20Amend%C4%83%20uria%C8%99%C4%83\"><span>Facebook<\/span><\/a><a href=\"https:\/\/api.whatsapp.com\/send?text=Dezastru%20ecologic%20la%20Unguriu.%20Beton%20aruncat%20%C3%AEn%20p%C3%A2r%C3%A2u%20%C8%99i%20mun%C8%9Bi%20de%20moloz.%20Amend%C4%83%20uria%C8%99%C4%83%20https%3A%2F%2Fsansanews.ro%2Fdezastru-ecologic-la-unguriu-beton-aruncat-in-parau-si-munti-de-moloz-amenda-uriasa%2F\" class=\"meks_ess-item socicon-whatsapp prevent-share-popup\"><span>WhatsApp<\/span><\/a><a class=\"meks_ess-item socicon-twitter\" data-url=\"http:\/\/twitter.com\/intent\/tweet?url=https%3A%2F%2Fsansanews.ro%2Fdezastru-ecologic-la-unguriu-beton-aruncat-in-parau-si-munti-de-moloz-amenda-uriasa%2F&amp;text=Dezastru%20ecologic%20la%20Unguriu.%20Beton%20aruncat%20%C3%AEn%20p%C3%A2r%C3%A2u%20%C8%99i%20mun%C8%9Bi%20de%20moloz.%20Amend%C4%83%20uria%C8%99%C4%83\"><span>Twitter<\/span><\/a><a class=\"meks_ess-item socicon-pinterest\" data-url=\"http:\/\/pinterest.com\/pin\/create\/button\/?url=https%3A%2F%2Fsansanews.ro%2Fdezastru-ecologic-la-unguriu-beton-aruncat-in-parau-si-munti-de-moloz-amenda-uriasa%2F&amp;media=https%3A%2F%2Fsansanews.ro%2Fwp-content%2Fuploads%2F2026%2F03%2FWhatsApp-Image-2026-03-30-at-20.37.48.jpeg&amp;description=Dezastru%20ecologic%20la%20Unguriu.%20Beton%20aruncat%20%C3%AEn%20p%C3%A2r%C3%A2u%20%C8%99i%20mun%C8%9Bi%20de%20moloz.%20Amend%C4%83%20uria%C8%99%C4%83\"><span>Pinterest<\/span><\/a><\/div>\n<\/div>\n<\/div>\n<p>[analyse_source url=&#8221;https:\/\/sansanews.ro\/dezastru-ecologic-la-unguriu-beton-aruncat-in-parau-si-munti-de-moloz-amenda-uriasa\/&#8221;]<\/p>\n","protected":false},"excerpt":{"rendered":"<p>[analyse_image type=&#8221;featured&#8221; src=&#8221;https:\/\/sansanews.ro\/wp-content\/uploads\/2026\/03\/WhatsApp-Image-2026-03-30-at-20.37.48.jpeghttps:\/\/sansanews.ro\/wp-content\/uploads\/2026\/03\/WhatsApp-Image-2026-03-30-at-20.37.48.jpeg&#8221;] Urme de beton \u00een albia unui p\u00e2r\u00e2u \u0219i depozit\u0103ri necontrolate de de\u0219euri din construc\u021bii au fost constatate \u00een comuna Unguriu, \u00een urma unui control efectuat de G\u0103rda de Mediu Buz\u0103u. Comisarii de mediu au verificat locul indicat de un cet\u0103\u021bean care a alertat autorit\u0103\u021bile \u00eengrijorat de modul \u00een care un operator economic [&hellip;]<\/p>\n","protected":false},"author":1,"featured_media":0,"comment_status":"open","ping_status":"","sticky":false,"template":"","format":"standard","meta":{"footnotes":""},"categories":[2],"tags":[226,51],"class_list":["post-1856014","post","type-post","status-publish","format-standard","hentry","category-politics","tag-crawlmanager","tag-sansanews-ro"],"_links":{"self":[{"href":"https:\/\/analyse.optim.biz\/index.php?rest_route=\/wp\/v2\/posts\/1856014","targetHints":{"allow":["GET"]}}],"collection":[{"href":"https:\/\/analyse.optim.biz\/index.php?rest_route=\/wp\/v2\/posts"}],"about":[{"href":"https:\/\/analyse.optim.biz\/index.php?rest_route=\/wp\/v2\/types\/post"}],"author":[{"embeddable":true,"href":"https:\/\/analyse.optim.biz\/index.php?rest_route=\/wp\/v2\/users\/1"}],"replies":[{"embeddable":true,"href":"https:\/\/analyse.optim.biz\/index.php?rest_route=%2Fwp%2Fv2%2Fcomments&post=1856014"}],"version-history":[{"count":0,"href":"https:\/\/analyse.optim.biz\/index.php?rest_route=\/wp\/v2\/posts\/1856014\/revisions"}],"wp:attachment":[{"href":"https:\/\/analyse.optim.biz\/index.php?rest_route=%2Fwp%2Fv2%2Fmedia&parent=1856014"}],"wp:term":[{"taxonomy":"category","embeddable":true,"href":"https:\/\/analyse.optim.biz\/index.php?rest_route=%2Fwp%2Fv2%2Fcategories&post=1856014"},{"taxonomy":"post_tag","embeddable":true,"href":"https:\/\/analyse.optim.biz\/index.php?rest_route=%2Fwp%2Fv2%2Ftags&post=1856014"}],"curies":[{"name":"wp","href":"https:\/\/api.w.org\/{rel}","templated":true}]}}