{"id":1856013,"date":"2026-03-30T16:33:25","date_gmt":"2026-03-30T13:33:25","guid":{"rendered":"https:\/\/analyse.optim.biz\/?p=1856013"},"modified":"2026-03-30T16:33:25","modified_gmt":"2026-03-30T13:33:25","slug":"reforma-lui-bolojan-in-palatul-comunal-pune-tunurile-pe-o-intreaga-categorie-profesionala-se-pregatesc-noi-procese","status":"publish","type":"post","link":"https:\/\/analyse.optim.biz\/?p=1856013","title":{"rendered":"Reforma lui Bolojan \u00een Palatul Comunal pune tunurile pe o \u00eentreag\u0103 categorie profesional\u0103. Se preg\u0103tesc noi procese"},"content":{"rendered":"<p>[analyse_image type=&#8221;featured&#8221; src=&#8221;https:\/\/sansanews.ro\/wp-content\/uploads\/2026\/01\/politisti-locali.jpeghttps:\/\/sansanews.ro\/wp-content\/uploads\/2026\/01\/politisti-locali.jpeg&#8221;]<\/p>\n<div class=\"entry-content herald-entry-content\">\n<p>Prim\u0103ria Buz\u0103u preg\u0103te\u0219te o nou\u0103 organigram\u0103 \u00een care viza\u021bi de reduceri de posturi vor fi, din nou, poli\u021bi\u0219tii locali. Concret, autorit\u0103\u021bile locale vor s\u0103 aplice noua regul\u0103 privind 1 poli\u021bist local la 1200 de locuitori, nu 1.000 cum era p\u00e2n\u0103 acum. Ceea ce \u00eenseamn\u0103 concedieri \u00een r\u00e2ndul poli\u021bi\u0219tilor locali, adic\u0103 exact ce \u00eencearc\u0103  primarul Constantin Toma \u00eenc\u0103 de la preluarea mandatului, \u00eencercare care a dus \u00eens\u0103 la un \u0219ir lung de procese urmate de blocarea organigramei Prim\u0103riei Buz\u0103u.<\/p>\n<p>De altfel, \u0219i noua organigram\u0103 la care lucreaz\u0103 \u00een<br \/>\nprezent municipalitatea ar putea fi urmat\u0103 de acela\u0219i scenariu. Poli\u021bi\u0219tii<br \/>\nlocali deja s-au mobilizat. Au apelat la acela\u0219i avocat cu care au luptat \u00een<br \/>\ninstan\u021b\u0103 \u00eempotriva Prim\u0103riei Buz\u0103u \u0219i au \u0219i avut c\u00e2\u0219tig de cauz\u0103, p\u00e2n\u0103 acum,<br \/>\nob\u021bin\u00e2nd, pe fond, chiar \u0219i desp\u0103gubiri importante.<\/p>\n<p>Avocatul Oana T\u0103n\u0103sic\u0103 a declarat, pentru Focus Tv, c\u0103, \u00een func\u021bie de modul \u00een care autorit\u0103\u021bile locale vor interpreta \u0219i aplica Ordonan\u021ba Guvernului, nu este exclus un nou proces deschis de poli\u021bi\u0219tii locali \u00eempotriva autorit\u0103\u021bilor locale.<\/p>\n<blockquote class=\"wp-block-quote\">\n<p>\u201cAplicarea prevederilor OUG 7\/2026 nu trebuie aplicat\u0103 \u00een mod abuziv \u0219i nu poate fi utilizat\u0103 ca pretext pentru readucerea \u00een discu\u021bie a concedierii \u00een bloc a poli\u021bi\u0219tilor locali. Scopul acestei reglement\u0103ri este cu totul diferit \u0219i nu justific\u0103 reluarea unor demersuri repetate de disponibilizare a acestui personal, \u00eencerc\u0103ri care au fost deja invalidate \u00een mod constant de instan\u021bele de judecat\u0103. Trebuie subliniat faptul c\u0103 exist\u0103 un istoric un sistem de litigii \u00eentre poli\u021bi\u0219tii locali \u0219i autoritatea public\u0103 local\u0103 \u00eenc\u0103 din anul 2017, c\u00e2nd s-a \u00eencercat pentru prima dat\u0103 concedierea colectiv\u0103 a acestora.\u00cen urma demersurilor \u00een fa\u021ba instan\u021bei de judecat\u0103 s-au ob\u021binut solu\u021bii favorabile \u00een instan\u021b\u0103, aceste solu\u021bii au confirmat caracterul nelegal al m\u0103surilor dispuse.  <\/p>\n<p>Preciz\u0103m faptul c\u0103 poli\u021bi\u0219tii locali \u00ee\u0219i rezerv\u0103 dreptul de a utiliza toate c\u0103ile legale pentru ap\u0103rarea drepturilor lor \u0219i pentru sanc\u021bionarea eventualelor m\u0103suri abuzive sau nelegale. A\u0219adar, aceast\u0103 aplicare a Ordonan\u021bei de Urgen\u021b\u0103 7\/2026 trebuie analizat\u0103 cu responsabilitate \u0219i nu trebuie folosit\u0103 ca \u0219i pretext pentru concedierea nelegal\u0103 a poli\u021bi\u0219tilor. Vom vedea cum va fi aprobat\u0103 hot\u0103r\u00e2rea de CLM \u0219i \u00een func\u021bie de aceasta vom ac\u021biona sau nu \u00een judecat\u0103.\u201d<\/p>\n<\/blockquote>\n<div class=\"meta-tags\"><span>Etichete<\/span><a href=\"https:\/\/sansanews.ro\/tag\/concedieri-politisti-locali\/\" rel=\"tag\">concedieri poli\u021bi\u0219ti locali<\/a><a href=\"https:\/\/sansanews.ro\/tag\/politisti-locali\/\" rel=\"tag\">poli\u021bi\u0219ti locali<\/a><\/div>\n<div class=\"herald-share-content\">\n<div class=\"meks_ess rectangle no-labels outline\"><a class=\"meks_ess-item socicon-facebook\" data-url=\"http:\/\/www.facebook.com\/sharer\/sharer.php?u=https%3A%2F%2Fsansanews.ro%2Freforma-lui-bolojan-in-palatul-comunal-pune-tunurile-pe-o-intreaga-categorie-profesionala-se-pregatesc-noi-procese%2F&amp;t=Reforma%20lui%20Bolojan%20%C3%AEn%20Palatul%20Comunal%20pune%20tunurile%20pe%20o%20%C3%AEntreag%C4%83%20categorie%20profesional%C4%83.%20Se%20preg%C4%83tesc%20noi%20procese\"><span>Facebook<\/span><\/a><a href=\"https:\/\/api.whatsapp.com\/send?text=Reforma%20lui%20Bolojan%20%C3%AEn%20Palatul%20Comunal%20pune%20tunurile%20pe%20o%20%C3%AEntreag%C4%83%20categorie%20profesional%C4%83.%20Se%20preg%C4%83tesc%20noi%20procese%20https%3A%2F%2Fsansanews.ro%2Freforma-lui-bolojan-in-palatul-comunal-pune-tunurile-pe-o-intreaga-categorie-profesionala-se-pregatesc-noi-procese%2F\" class=\"meks_ess-item socicon-whatsapp prevent-share-popup\"><span>WhatsApp<\/span><\/a><a class=\"meks_ess-item socicon-twitter\" data-url=\"http:\/\/twitter.com\/intent\/tweet?url=https%3A%2F%2Fsansanews.ro%2Freforma-lui-bolojan-in-palatul-comunal-pune-tunurile-pe-o-intreaga-categorie-profesionala-se-pregatesc-noi-procese%2F&amp;text=Reforma%20lui%20Bolojan%20%C3%AEn%20Palatul%20Comunal%20pune%20tunurile%20pe%20o%20%C3%AEntreag%C4%83%20categorie%20profesional%C4%83.%20Se%20preg%C4%83tesc%20noi%20procese\"><span>Twitter<\/span><\/a><a class=\"meks_ess-item socicon-pinterest\" data-url=\"http:\/\/pinterest.com\/pin\/create\/button\/?url=https%3A%2F%2Fsansanews.ro%2Freforma-lui-bolojan-in-palatul-comunal-pune-tunurile-pe-o-intreaga-categorie-profesionala-se-pregatesc-noi-procese%2F&amp;media=https%3A%2F%2Fsansanews.ro%2Fwp-content%2Fuploads%2F2026%2F01%2Fpolitisti-locali.jpeg&amp;description=Reforma%20lui%20Bolojan%20%C3%AEn%20Palatul%20Comunal%20pune%20tunurile%20pe%20o%20%C3%AEntreag%C4%83%20categorie%20profesional%C4%83.%20Se%20preg%C4%83tesc%20noi%20procese\"><span>Pinterest<\/span><\/a><\/div>\n<\/div>\n<\/div>\n<div class=\"entry-content herald-entry-content\">\n<p>Prim\u0103ria Buz\u0103u preg\u0103te\u0219te o nou\u0103 organigram\u0103 \u00een care viza\u021bi de reduceri de posturi vor fi, din nou, poli\u021bi\u0219tii locali. Concret, autorit\u0103\u021bile locale vor s\u0103 aplice noua regul\u0103 privind 1 poli\u021bist local la 1200 de locuitori, nu 1.000 cum era p\u00e2n\u0103 acum. Ceea ce \u00eenseamn\u0103 concedieri \u00een r\u00e2ndul poli\u021bi\u0219tilor locali, adic\u0103 exact ce \u00eencearc\u0103  primarul Constantin Toma \u00eenc\u0103 de la preluarea mandatului, \u00eencercare care a dus \u00eens\u0103 la un \u0219ir lung de procese urmate de blocarea organigramei Prim\u0103riei Buz\u0103u.<\/p>\n<p>De altfel, \u0219i noua organigram\u0103 la care lucreaz\u0103 \u00een<br \/>\nprezent municipalitatea ar putea fi urmat\u0103 de acela\u0219i scenariu. Poli\u021bi\u0219tii<br \/>\nlocali deja s-au mobilizat. Au apelat la acela\u0219i avocat cu care au luptat \u00een<br \/>\ninstan\u021b\u0103 \u00eempotriva Prim\u0103riei Buz\u0103u \u0219i au \u0219i avut c\u00e2\u0219tig de cauz\u0103, p\u00e2n\u0103 acum,<br \/>\nob\u021bin\u00e2nd, pe fond, chiar \u0219i desp\u0103gubiri importante.<\/p>\n<p>Avocatul Oana T\u0103n\u0103sic\u0103 a declarat, pentru Focus Tv, c\u0103, \u00een func\u021bie de modul \u00een care autorit\u0103\u021bile locale vor interpreta \u0219i aplica Ordonan\u021ba Guvernului, nu este exclus un nou proces deschis de poli\u021bi\u0219tii locali \u00eempotriva autorit\u0103\u021bilor locale.<\/p>\n<blockquote class=\"wp-block-quote\">\n<p>\u201cAplicarea prevederilor OUG 7\/2026 nu trebuie aplicat\u0103 \u00een mod abuziv \u0219i nu poate fi utilizat\u0103 ca pretext pentru readucerea \u00een discu\u021bie a concedierii \u00een bloc a poli\u021bi\u0219tilor locali. Scopul acestei reglement\u0103ri este cu totul diferit \u0219i nu justific\u0103 reluarea unor demersuri repetate de disponibilizare a acestui personal, \u00eencerc\u0103ri care au fost deja invalidate \u00een mod constant de instan\u021bele de judecat\u0103. Trebuie subliniat faptul c\u0103 exist\u0103 un istoric un sistem de litigii \u00eentre poli\u021bi\u0219tii locali \u0219i autoritatea public\u0103 local\u0103 \u00eenc\u0103 din anul 2017, c\u00e2nd s-a \u00eencercat pentru prima dat\u0103 concedierea colectiv\u0103 a acestora.\u00cen urma demersurilor \u00een fa\u021ba instan\u021bei de judecat\u0103 s-au ob\u021binut solu\u021bii favorabile \u00een instan\u021b\u0103, aceste solu\u021bii au confirmat caracterul nelegal al m\u0103surilor dispuse.  <\/p>\n<p>Preciz\u0103m faptul c\u0103 poli\u021bi\u0219tii locali \u00ee\u0219i rezerv\u0103 dreptul de a utiliza toate c\u0103ile legale pentru ap\u0103rarea drepturilor lor \u0219i pentru sanc\u021bionarea eventualelor m\u0103suri abuzive sau nelegale. A\u0219adar, aceast\u0103 aplicare a Ordonan\u021bei de Urgen\u021b\u0103 7\/2026 trebuie analizat\u0103 cu responsabilitate \u0219i nu trebuie folosit\u0103 ca \u0219i pretext pentru concedierea nelegal\u0103 a poli\u021bi\u0219tilor. Vom vedea cum va fi aprobat\u0103 hot\u0103r\u00e2rea de CLM \u0219i \u00een func\u021bie de aceasta vom ac\u021biona sau nu \u00een judecat\u0103.\u201d<\/p>\n<\/blockquote>\n<div class=\"meta-tags\"><span>Etichete<\/span><a href=\"https:\/\/sansanews.ro\/tag\/concedieri-politisti-locali\/\" rel=\"tag\">concedieri poli\u021bi\u0219ti locali<\/a><a href=\"https:\/\/sansanews.ro\/tag\/politisti-locali\/\" rel=\"tag\">poli\u021bi\u0219ti locali<\/a><\/div>\n<div class=\"herald-share-content\">\n<div class=\"meks_ess rectangle no-labels outline\"><a class=\"meks_ess-item socicon-facebook\" data-url=\"http:\/\/www.facebook.com\/sharer\/sharer.php?u=https%3A%2F%2Fsansanews.ro%2Freforma-lui-bolojan-in-palatul-comunal-pune-tunurile-pe-o-intreaga-categorie-profesionala-se-pregatesc-noi-procese%2F&amp;t=Reforma%20lui%20Bolojan%20%C3%AEn%20Palatul%20Comunal%20pune%20tunurile%20pe%20o%20%C3%AEntreag%C4%83%20categorie%20profesional%C4%83.%20Se%20preg%C4%83tesc%20noi%20procese\"><span>Facebook<\/span><\/a><a href=\"https:\/\/api.whatsapp.com\/send?text=Reforma%20lui%20Bolojan%20%C3%AEn%20Palatul%20Comunal%20pune%20tunurile%20pe%20o%20%C3%AEntreag%C4%83%20categorie%20profesional%C4%83.%20Se%20preg%C4%83tesc%20noi%20procese%20https%3A%2F%2Fsansanews.ro%2Freforma-lui-bolojan-in-palatul-comunal-pune-tunurile-pe-o-intreaga-categorie-profesionala-se-pregatesc-noi-procese%2F\" class=\"meks_ess-item socicon-whatsapp prevent-share-popup\"><span>WhatsApp<\/span><\/a><a class=\"meks_ess-item socicon-twitter\" data-url=\"http:\/\/twitter.com\/intent\/tweet?url=https%3A%2F%2Fsansanews.ro%2Freforma-lui-bolojan-in-palatul-comunal-pune-tunurile-pe-o-intreaga-categorie-profesionala-se-pregatesc-noi-procese%2F&amp;text=Reforma%20lui%20Bolojan%20%C3%AEn%20Palatul%20Comunal%20pune%20tunurile%20pe%20o%20%C3%AEntreag%C4%83%20categorie%20profesional%C4%83.%20Se%20preg%C4%83tesc%20noi%20procese\"><span>Twitter<\/span><\/a><a class=\"meks_ess-item socicon-pinterest\" data-url=\"http:\/\/pinterest.com\/pin\/create\/button\/?url=https%3A%2F%2Fsansanews.ro%2Freforma-lui-bolojan-in-palatul-comunal-pune-tunurile-pe-o-intreaga-categorie-profesionala-se-pregatesc-noi-procese%2F&amp;media=https%3A%2F%2Fsansanews.ro%2Fwp-content%2Fuploads%2F2026%2F01%2Fpolitisti-locali.jpeg&amp;description=Reforma%20lui%20Bolojan%20%C3%AEn%20Palatul%20Comunal%20pune%20tunurile%20pe%20o%20%C3%AEntreag%C4%83%20categorie%20profesional%C4%83.%20Se%20preg%C4%83tesc%20noi%20procese\"><span>Pinterest<\/span><\/a><\/div>\n<\/div>\n<\/div>\n<p>[analyse_source url=&#8221;https:\/\/sansanews.ro\/reforma-lui-bolojan-in-palatul-comunal-pune-tunurile-pe-o-intreaga-categorie-profesionala-se-pregatesc-noi-procese\/&#8221;]<\/p>\n","protected":false},"excerpt":{"rendered":"<p>[analyse_image type=&#8221;featured&#8221; src=&#8221;https:\/\/sansanews.ro\/wp-content\/uploads\/2026\/01\/politisti-locali.jpeghttps:\/\/sansanews.ro\/wp-content\/uploads\/2026\/01\/politisti-locali.jpeg&#8221;] Prim\u0103ria Buz\u0103u preg\u0103te\u0219te o nou\u0103 organigram\u0103 \u00een care viza\u021bi de reduceri de posturi vor fi, din nou, poli\u021bi\u0219tii locali. Concret, autorit\u0103\u021bile locale vor s\u0103 aplice noua regul\u0103 privind 1 poli\u021bist local la 1200 de locuitori, nu 1.000 cum era p\u00e2n\u0103 acum. Ceea ce \u00eenseamn\u0103 concedieri \u00een r\u00e2ndul poli\u021bi\u0219tilor locali, adic\u0103 exact ce [&hellip;]<\/p>\n","protected":false},"author":1,"featured_media":0,"comment_status":"open","ping_status":"","sticky":false,"template":"","format":"standard","meta":{"footnotes":""},"categories":[2],"tags":[226,51],"class_list":["post-1856013","post","type-post","status-publish","format-standard","hentry","category-politics","tag-crawlmanager","tag-sansanews-ro"],"_links":{"self":[{"href":"https:\/\/analyse.optim.biz\/index.php?rest_route=\/wp\/v2\/posts\/1856013","targetHints":{"allow":["GET"]}}],"collection":[{"href":"https:\/\/analyse.optim.biz\/index.php?rest_route=\/wp\/v2\/posts"}],"about":[{"href":"https:\/\/analyse.optim.biz\/index.php?rest_route=\/wp\/v2\/types\/post"}],"author":[{"embeddable":true,"href":"https:\/\/analyse.optim.biz\/index.php?rest_route=\/wp\/v2\/users\/1"}],"replies":[{"embeddable":true,"href":"https:\/\/analyse.optim.biz\/index.php?rest_route=%2Fwp%2Fv2%2Fcomments&post=1856013"}],"version-history":[{"count":0,"href":"https:\/\/analyse.optim.biz\/index.php?rest_route=\/wp\/v2\/posts\/1856013\/revisions"}],"wp:attachment":[{"href":"https:\/\/analyse.optim.biz\/index.php?rest_route=%2Fwp%2Fv2%2Fmedia&parent=1856013"}],"wp:term":[{"taxonomy":"category","embeddable":true,"href":"https:\/\/analyse.optim.biz\/index.php?rest_route=%2Fwp%2Fv2%2Fcategories&post=1856013"},{"taxonomy":"post_tag","embeddable":true,"href":"https:\/\/analyse.optim.biz\/index.php?rest_route=%2Fwp%2Fv2%2Ftags&post=1856013"}],"curies":[{"name":"wp","href":"https:\/\/api.w.org\/{rel}","templated":true}]}}