{"id":185598,"date":"2015-03-01T12:27:09","date_gmt":"2015-03-01T09:27:09","guid":{"rendered":"https:\/\/analyse.optim.biz\/?p=185598"},"modified":"2015-03-01T12:27:09","modified_gmt":"2015-03-01T09:27:09","slug":"calin-popescu-tariceanu-programul-de-guvernare-prezentat-de-vechiul-pdl-este-fara-viziune","status":"publish","type":"post","link":"https:\/\/analyse.optim.biz\/?p=185598","title":{"rendered":"C\u0103lin Popescu T\u0103riceanu: Programul de guvernare prezentat de vechiul PDL este f\u0103r\u0103 viziune"},"content":{"rendered":"<div class=\"entry data-app-meta data-app-meta-article\" data-embed-base-url-canonical=\"https:\/\/www.digi24.ro\/embed\/stiri\/actualitate\/politica\/calin-popescu-tariceanu-programul-de-guvernare-prezentat-de-vechiul-pdl-este-fara-viziune-365279\">\n<p data-index=\"1\">\u00a0<img decoding=\"async\" src=\"https:\/\/analyse.optim.biz\/wp-content\/uploads\/2024\/09\/odawjmhhc2g9ywzjyzgynznkztqymwjimdnkzdg3zgnhy2q0otkxmmi-thumb_.jpg\" data-skip-htmlfix=\"1\" title=\"odawjmhhc2g9ywzjyzgynznkztqymwjimdnkzdg3zgnhy2q0otkxmmi-thumb_\"><\/p>\n<p data-index=\"2\">\u201eProgramul politic prezentat ieri de vechiul PDL este o compila\u0163ie, f\u0103r\u0103 viziune \u015fi f\u0103r\u0103 o perspectiv\u0103 liberal\u0103 autentic\u0103.<\/p>\n<p data-index=\"3\">Pe zona economic\u0103, propunerile vechiului PDL se reduc la t\u0103ierea a peste 50% din m\u0103surile liberale propuse \u00een noul Cod Fiscal \u015fi \u00eenlocuirea lor cu retoric\u0103.\u00a0 Dup\u0103 cum o ma\u015fin\u0103 nu func\u0163ioneaz\u0103 cu jum\u0103tate din piesele de la motor scoase, la fel nu func\u0163ioneaz\u0103 \u00een economie o jum\u0103tate de program liberal.<\/p>\n<p data-index=\"4\">Vechiul PDL, care a preluat controlul \u00een PNL, ar trebui s\u0103 r\u0103spund\u0103 la c\u00e2teva \u00eentreb\u0103ri. Le pun eu, dar sunt \u015fi \u00eentreb\u0103rile liberalilor autentici \u015fi ale tuturor rom\u00e2nilor:<br \/>1. De ce vine ast\u0103zi vechiul PDL \u00een fa\u0163a rom\u00e2nilor cu un program-compila\u0163ie f\u0103r\u0103 viziune \u015fi f\u0103r\u0103 o perspectiv\u0103 liberal\u0103 autentic\u0103? Au anun\u0163at o viziune liberal\u0103 \u015fi au oferit acela\u015fi discurs b\u0103sist despre marota reformei \u015fi moderniz\u0103rii \u2013 modernizare f\u0103r\u0103 m\u0103suri curajoase, reform\u0103 cu aceia\u015fi oameni.<br \/>2. De ce politicienii, care \u00een 2010 au aruncat bomba cre\u015fterii TVA \u015fi t\u0103ierii cu 25% a salariilor, joac\u0103 acum rolul de geni\u015fti? Cine \u00eei crede?<br \/>3. Cum pot &#8211; aceia\u015fi politicieni care au t\u0103iat salariile medicilor, profesorilor \u015fi, practic, i-au invitat afar\u0103 din \u0163ar\u0103 &#8211; s\u0103 fie credibili, acum vorbind despre reforma din s\u0103n\u0103tate \u015fi educa\u0163ie \u015fi stoparea migra\u0163iei tinerilor bine preg\u0103ti\u0163i?<br \/>4. Pe zona economic\u0103, programul este noul Cod Fiscal din care s-au t\u0103iat peste 50% din m\u0103surile liberale esen\u0163iale. De ce, dac\u0103 sus\u0163ine c\u0103 este liberal, vechiul PDL nu voteaz\u0103 noul Cod Fiscal ultraliberal \u00een Parlament?<br \/>5. C\u00e2nd va \u00een\u0163elege vechiul PDL c\u0103 nu este de ajuns s\u0103 tai TVA-ul pentru a avea un program economic liberal? Cu o floare nu se face prim\u0103var\u0103!<br \/>6. Cum au ajuns Vasile Blaga \u015fi C\u0103t\u0103lin Predoiu s\u0103 se declare liberali? Dup\u0103 cum nu po\u0163i cere unui lupt\u0103tor de sumo s\u0103 concureze la gimnastic\u0103 ritmic\u0103 la Mondiale, a\u015fa nu po\u0163i cere unor oameni politici populi\u015fti s\u0103 g\u00e2ndeasc\u0103 politici liberale autentice.<br \/>7. Cum poate echipa Blaga-Ghorghiu-Predoiu s\u0103 fie una performant\u0103 \u2013 a\u015fa cum sus\u0163ine c\u0103 este \u2013 c\u00e2nd majoritate lor au f\u0103cut parte din guvernele Boc \u2013 Ungureanu? De ce am avea rezultate diferite fa\u0163\u0103 de atunci?<br \/>8. PDL a dus timp de peste un deceniu politica impus\u0103 de Traian B\u0103sescu. De ce PNL continu\u0103, prin vechiul PDL, retorica de tip B\u0103sescu?<br \/>9. De ce vechiul PDL ac\u0163ioneaz\u0103 \u00een Parlament dup\u0103 strategia \u201esolu\u0163iilor imorale\u201d, practic\u00e2nd pe scar\u0103 larg\u0103 traseismul? A\u015fa sper\u0103 s\u0103 ajung\u0103 la guvernare, folosind modelul B\u0103sescu?<br \/>10. De ce sus\u0163in c\u0103 reducerea TVA la 20% propus\u0103 \u00een noul Cod Fiscal va aduce o groap\u0103 la buget \u015fi apoi la c\u00e2teva zile propun reducerea la 19%, tot de la 1 ianuarie 2016? Chiar au uitat ast\u0103zi, ce strigau ieri?<br \/>La toate aceste \u00eentreb\u0103ri, vechiul PDL trebuie s\u0103 ofere r\u0103spuns. Nu doar Partidului Liberal Reformator \u015fi actualei coali\u0163ii de guvernare, dar tuturor liberalilor \u015fi tuturor rom\u00e2nilor.<br \/>Exist\u0103, \u00eens\u0103, un lucru pozitiv dup\u0103 prezentarea de ieri a programului: am v\u0103zut c\u0103 \u201e\u00eemp\u0103ratul este gol\u201d. To\u0163i rom\u00e2nii au v\u0103zut c\u0103, oric\u00e2t s-ar for\u0163a, Vasile Blaga, C\u0103t\u0103lin Predoiu \u015fi membrii PDL care conduc acum PNL, nu pot p\u0103c\u0103li pe nimeni: nu g\u00e2ndesc ca liberalii, nu vorbesc ca liberalii, iar viziunea lor, cu siguran\u0163\u0103, nu este liberal\u0103. Liberalismul e mort \u015fi \u00eengropat \u00een PNL.\u201d, se arat\u0103 \u00een comunicatul de pres\u0103 trimis de C\u0103lin Popescu T\u0103riceanu.<\/p>\n<h5>Citi\u021bi \u0219i: <a href=\"https:\/\/www.digi24.ro\/Stiri\/Digi24\/Actualitate\/Politica\/Liberalii+si-au+lansat+programul+de+guvernare+si+invita+toate+pa\" target=\"_blank\" data-skip-linkfix=\"1\" rel=\"noopener\">Liberalii \u0219i-au lansat programul de guvernare \u0219i invit\u0103 toate partidele parlamentare s\u0103 li se al\u0103ture pentru a forma o nou\u0103 majoritate<\/a><\/h5>\n<p data-index=\"5\">PNL a lansat ieri \u00een dezbatere public\u0103 noul program de guvernare. Liberalii propun reducerea TVA la 19% de la \u00eenceputul anului viitor, dar \u015fi alte reduceri de taxe \u015fi impozite. Liderii partidului invit\u0103 toate partidele parlamentare care ar putea da un vot pentru demiterea Guvernului Ponta la discu\u0163ii asupra noului program de guvernare.<\/p>\n<\/div>\n<p> Source URL: https:\/\/www.digi24.ro\/stiri\/actualitate\/politica\/calin-popescu-tariceanu-programul-de-guvernare-prezentat-de-vechiul-pdl-este-fara-viziune-365279<\/p>\n","protected":false},"excerpt":{"rendered":"<p>\u00a0 \u201eProgramul politic prezentat ieri de vechiul PDL este o compila\u0163ie, f\u0103r\u0103 viziune \u015fi f\u0103r\u0103 o perspectiv\u0103 liberal\u0103 autentic\u0103. Pe zona economic\u0103, propunerile vechiului PDL se reduc la t\u0103ierea a peste 50% din m\u0103surile liberale propuse \u00een noul Cod Fiscal \u015fi \u00eenlocuirea lor cu retoric\u0103.\u00a0 Dup\u0103 cum o ma\u015fin\u0103 nu func\u0163ioneaz\u0103 cu jum\u0103tate din piesele [&hellip;]<\/p>\n","protected":false},"author":1,"featured_media":185599,"comment_status":"open","ping_status":"","sticky":false,"template":"","format":"standard","meta":{"footnotes":""},"categories":[2],"tags":[11],"class_list":["post-185598","post","type-post","status-publish","format-standard","has-post-thumbnail","hentry","category-politics","tag-digi24"],"_links":{"self":[{"href":"https:\/\/analyse.optim.biz\/index.php?rest_route=\/wp\/v2\/posts\/185598","targetHints":{"allow":["GET"]}}],"collection":[{"href":"https:\/\/analyse.optim.biz\/index.php?rest_route=\/wp\/v2\/posts"}],"about":[{"href":"https:\/\/analyse.optim.biz\/index.php?rest_route=\/wp\/v2\/types\/post"}],"author":[{"embeddable":true,"href":"https:\/\/analyse.optim.biz\/index.php?rest_route=\/wp\/v2\/users\/1"}],"replies":[{"embeddable":true,"href":"https:\/\/analyse.optim.biz\/index.php?rest_route=%2Fwp%2Fv2%2Fcomments&post=185598"}],"version-history":[{"count":0,"href":"https:\/\/analyse.optim.biz\/index.php?rest_route=\/wp\/v2\/posts\/185598\/revisions"}],"wp:featuredmedia":[{"embeddable":true,"href":"https:\/\/analyse.optim.biz\/index.php?rest_route=\/wp\/v2\/media\/185599"}],"wp:attachment":[{"href":"https:\/\/analyse.optim.biz\/index.php?rest_route=%2Fwp%2Fv2%2Fmedia&parent=185598"}],"wp:term":[{"taxonomy":"category","embeddable":true,"href":"https:\/\/analyse.optim.biz\/index.php?rest_route=%2Fwp%2Fv2%2Fcategories&post=185598"},{"taxonomy":"post_tag","embeddable":true,"href":"https:\/\/analyse.optim.biz\/index.php?rest_route=%2Fwp%2Fv2%2Ftags&post=185598"}],"curies":[{"name":"wp","href":"https:\/\/api.w.org\/{rel}","templated":true}]}}