{"id":185595,"date":"2015-03-01T15:41:48","date_gmt":"2015-03-01T12:41:48","guid":{"rendered":"https:\/\/analyse.optim.biz\/?p=185595"},"modified":"2015-03-01T15:41:48","modified_gmt":"2015-03-01T12:41:48","slug":"traian-basescu-am-incredere-in-justitie-si-in-elena-udrea-pana-la-ultima-instanta","status":"publish","type":"post","link":"https:\/\/analyse.optim.biz\/?p=185595","title":{"rendered":"Traian B\u0103sescu: Am \u00eencredere \u00een justi\u021bie \u0219i \u00een Elena Udrea p\u00e2n\u0103 la ultima instan\u021b\u0103"},"content":{"rendered":"<div class=\"entry data-app-meta data-app-meta-article\" data-embed-base-url-canonical=\"https:\/\/www.digi24.ro\/embed\/stiri\/actualitate\/politica\/traian-basescu-am-incredere-in-justitie-si-in-elena-udrea-pana-la-ultima-instanta-365322\">\n<p data-index=\"1\">\u00a0<img decoding=\"async\" src=\"https:\/\/analyse.optim.biz\/wp-content\/uploads\/2024\/09\/mtqzzgi4mgmwzdmxowe5zju4n2i1zwu1ztzjmzaxngi-thumb_.jpg\" data-skip-htmlfix=\"1\" title=\"mtqzzgi4mgmwzdmxowe5zju4n2i1zwu1ztzjmzaxngi-thumb_\"><\/p>\n<p data-index=\"2\">Cu privire la situa\u021bia Elenei Udrea, B\u0103sescu a declarat c\u0103 \u0219i el are experien\u021be cu denun\u021b\u0103tori, \u00een sensul \u00een care diver\u0219i oameni au declarat c\u0103 i-au f\u0103cut favoruri sau c\u0103 au fost trimi\u0219i s\u0103 fac\u0103 anumite lucruri \u00een numele lui.<\/p>\n<p data-index=\"3\">Totu\u0219i, fostul \u0219ef al statului are \u00eencredere \u00een justi\u021bie \u0219i \u00een Elena Udrea.<\/p>\n<p data-index=\"4\">\u201e<strong>Eu v\u0103 spun un singur lucru pe care o s\u0103-l repet p\u00e2n\u0103 c\u00e2nd acest proces se va termina la ultima instan\u021b\u0103. Am \u00eencredere \u00een justi\u021bie \u0219i am \u00eencredere \u00een Elena Udrea, c\u0103 a ap\u0103rut moda denun\u021b\u0103torilor, asta e. De multe ori am avut experien\u021be cu oameni care au zis m-a trimis B\u0103sescu, i-am dat lui B\u0103sescu. Eu am \u00eencredere \u00een Elena Udrea din acest punct de vedere<\/strong>\u201d,\u00a0a spus B\u0103sescu. \u00a0<\/p>\n<\/div>\n<p> Source URL: https:\/\/www.digi24.ro\/stiri\/actualitate\/politica\/traian-basescu-am-incredere-in-justitie-si-in-elena-udrea-pana-la-ultima-instanta-365322<\/p>\n","protected":false},"excerpt":{"rendered":"<p>\u00a0 Cu privire la situa\u021bia Elenei Udrea, B\u0103sescu a declarat c\u0103 \u0219i el are experien\u021be cu denun\u021b\u0103tori, \u00een sensul \u00een care diver\u0219i oameni au declarat c\u0103 i-au f\u0103cut favoruri sau c\u0103 au fost trimi\u0219i s\u0103 fac\u0103 anumite lucruri \u00een numele lui. Totu\u0219i, fostul \u0219ef al statului are \u00eencredere \u00een justi\u021bie \u0219i \u00een Elena Udrea. \u201eEu [&hellip;]<\/p>\n","protected":false},"author":1,"featured_media":185596,"comment_status":"open","ping_status":"","sticky":false,"template":"","format":"standard","meta":{"footnotes":""},"categories":[2],"tags":[11],"class_list":["post-185595","post","type-post","status-publish","format-standard","has-post-thumbnail","hentry","category-politics","tag-digi24"],"_links":{"self":[{"href":"https:\/\/analyse.optim.biz\/index.php?rest_route=\/wp\/v2\/posts\/185595","targetHints":{"allow":["GET"]}}],"collection":[{"href":"https:\/\/analyse.optim.biz\/index.php?rest_route=\/wp\/v2\/posts"}],"about":[{"href":"https:\/\/analyse.optim.biz\/index.php?rest_route=\/wp\/v2\/types\/post"}],"author":[{"embeddable":true,"href":"https:\/\/analyse.optim.biz\/index.php?rest_route=\/wp\/v2\/users\/1"}],"replies":[{"embeddable":true,"href":"https:\/\/analyse.optim.biz\/index.php?rest_route=%2Fwp%2Fv2%2Fcomments&post=185595"}],"version-history":[{"count":0,"href":"https:\/\/analyse.optim.biz\/index.php?rest_route=\/wp\/v2\/posts\/185595\/revisions"}],"wp:featuredmedia":[{"embeddable":true,"href":"https:\/\/analyse.optim.biz\/index.php?rest_route=\/wp\/v2\/media\/185596"}],"wp:attachment":[{"href":"https:\/\/analyse.optim.biz\/index.php?rest_route=%2Fwp%2Fv2%2Fmedia&parent=185595"}],"wp:term":[{"taxonomy":"category","embeddable":true,"href":"https:\/\/analyse.optim.biz\/index.php?rest_route=%2Fwp%2Fv2%2Fcategories&post=185595"},{"taxonomy":"post_tag","embeddable":true,"href":"https:\/\/analyse.optim.biz\/index.php?rest_route=%2Fwp%2Fv2%2Ftags&post=185595"}],"curies":[{"name":"wp","href":"https:\/\/api.w.org\/{rel}","templated":true}]}}