{"id":185587,"date":"2015-03-01T23:16:13","date_gmt":"2015-03-01T20:16:13","guid":{"rendered":"https:\/\/analyse.optim.biz\/?p=185587"},"modified":"2015-03-01T23:16:13","modified_gmt":"2015-03-01T20:16:13","slug":"victor-ponta-asigura-ca-psd-il-voteaza-pe-hellvig-la-sri-poate-cu-ocazia-asta-inchidem-povestea-cu-usl-si-lovituri-de-stat","status":"publish","type":"post","link":"https:\/\/analyse.optim.biz\/?p=185587","title":{"rendered":"Victor Ponta asigur\u0103 c\u0103 PSD \u00eel voteaz\u0103 pe Hellvig la SRI: \u201ePoate cu ocazia asta \u00eenchidem povestea cu USL \u0219i lovituri de stat\u201d"},"content":{"rendered":"<div class=\"entry data-app-meta data-app-meta-article\" data-embed-base-url-canonical=\"https:\/\/www.digi24.ro\/embed\/stiri\/actualitate\/politica\/victor-ponta-asigura-ca-psd-il-voteaza-pe-hellvig-la-sri-poate-cu-ocazia-asta-inchidem-povestea-cu-usl-si-lovituri-de-stat-365396\">\n<p data-index=\"1\">\u00a0<img decoding=\"async\" src=\"https:\/\/analyse.optim.biz\/wp-content\/uploads\/2024\/09\/mdamagfzad04nmuymdgxotnknzjjodyzmzuxntdhngnkm2iyotkzyg-thumb_.jpg\" data-skip-htmlfix=\"1\" title=\"mdamagfzad04nmuymdgxotnknzjjodyzmzuxntdhngnkm2iyotkzyg-thumb_\"><\/p>\n<p data-index=\"2\">Victor Ponta a precizat c\u0103 aceast\u0103 dezbatere nu reprezint\u0103 o condi\u0163ie pentru votul care \u00eei va fi acordat lui Hellvig.<\/p>\n<p data-index=\"3\">\u201eVom vota pentru, pentru c\u0103 este vorba de o persoan\u0103, Edi Hellvig, cu care am lucrat \u015fi am fondat USL. Poate cu ocazia asta \u00eenchidem povestea cu USL \u015fi lovituri de stat, dar ca principiu cred c\u0103 merit\u0103 o dezbatere &#8211; dup\u0103 acest vot, nu este o condi\u0163ionare &#8211; legat\u0103 de faptul c\u0103, cu c\u00e2t ai mai mul\u0163i oameni reprezenta\u0163i, mai mul\u0163i implica\u0163i \u00een conducerea \u0163\u0103rii, cu at\u00e2t se pot limita gre\u015felile\u201d, a spus Victor Ponta, <a href=\"http:\/\/www.antena3.ro\/\" target=\"_blank\" data-skip-linkfix=\"1\" rel=\"noopener\">\u00eentr-un interviu televizat<\/a>, potrivit <a href=\"http:\/\/www.mediafax.ro\/\" target=\"_blank\" data-skip-linkfix=\"1\" rel=\"noopener\">Mediafax<\/a>.<\/p>\n<p data-index=\"4\">El a reluat ideea c\u0103 principiul ca puterea s\u0103 nu apar\u0163in\u0103 unui singur partid, invocat dup\u0103 ultimele alegeri preziden\u0163iale, nu trebuie aplicat doar \u00een cazul PSD, ci \u015fi pentru PNL.<\/p>\n<p data-index=\"5\">Miercuri, pre\u015fedintele PSD, premierul\u00a0Victor Ponta, a declarat c\u0103 acuzele PNL privind tergiversarea de c\u0103tre PSD a votului pentru\u00a0Eduard Hellvig\u00a0la \u015fefia Serviciului Rom\u00e2n de Informa\u0163ii (SRI) reprezint\u0103 \u201eo prostie\u201d, el reiter\u00e2nd faptul c\u0103 social-democra\u0163ii \u00eel vor vota pe Hellvig la \u015fefia serviciului.<\/p>\n<p data-index=\"6\">El a reiterat \u015fi faptul c\u0103 PSD dore\u015fte o discu\u0163ie public\u0103, \u00een Parlament, \u00eentre for\u0163ele politice \u015fi \u00een opinia public\u0103, despre p\u0103strarea unui echilibru \u00eentre putere \u015fi opozi\u0163ie atunci c\u00e2nd se fac numiri.<\/p>\n<p data-index=\"7\">Birourile Permanente ale Camerelor au decis, miercuri, la propunerea PSD, ca \u015fedin\u0163a de aprobare a lui Eduard Hellvig ca director al SRI s\u0103 aib\u0103 loc luni, liderul PNL\u00a0Ludovic Orban\u00a0acuz\u00e2nd o tergiversare \u015fi ar\u0103t\u00e2nd c\u0103 parlamentari i-au spus c\u0103 PSD ar dori o negociere pe func\u0163ia de director al SIE.<\/p>\n<p data-index=\"8\">Comisia de control al activit\u0103\u0163ii SRI a avizat favorabil nominalizarea lui Eduard Hellvig pentru func\u0163ia de director al SRI, la propunerea pre\u015fedintelui.<\/p>\n<h5><span>Citi\u021bi \u0219i<\/span><\/h5>\n<h5><a href=\"https:\/\/www.digi24.ro\/Stiri\/Digi24\/Actualitate\/Politica\/Hellvig+SRI+plen+luni+putere+opozitie+negocieri\" data-skip-linkfix=\"1\"><span>Puterea \u0219i-a impus punctul de vedere. Plenul pentru Eduard Hellvig va avea loc luni<\/span><\/a><\/h5>\n<h5><a href=\"https:\/\/www.digi24.ro\/Stiri\/Digi24\/Actualitate\/Politica\/Victor+Ponta+intrebat+daca+PSD+vrea+sefia+SIE\" data-skip-linkfix=\"1\"><span>Victor Ponta, \u00eentrebat dac\u0103 PSD vrea \u0219efia SIE: \u201eA\u0219a a f\u0103cut dictatorul B\u0103sescu, a numit de la opozi\u021bie\u201d<\/span><\/a><\/h5>\n<\/div>\n<p> Source URL: https:\/\/www.digi24.ro\/stiri\/actualitate\/politica\/victor-ponta-asigura-ca-psd-il-voteaza-pe-hellvig-la-sri-poate-cu-ocazia-asta-inchidem-povestea-cu-usl-si-lovituri-de-stat-365396<\/p>\n","protected":false},"excerpt":{"rendered":"<p>\u00a0 Victor Ponta a precizat c\u0103 aceast\u0103 dezbatere nu reprezint\u0103 o condi\u0163ie pentru votul care \u00eei va fi acordat lui Hellvig. \u201eVom vota pentru, pentru c\u0103 este vorba de o persoan\u0103, Edi Hellvig, cu care am lucrat \u015fi am fondat USL. Poate cu ocazia asta \u00eenchidem povestea cu USL \u015fi lovituri de stat, dar ca [&hellip;]<\/p>\n","protected":false},"author":1,"featured_media":185588,"comment_status":"open","ping_status":"","sticky":false,"template":"","format":"standard","meta":{"footnotes":""},"categories":[2],"tags":[11],"class_list":["post-185587","post","type-post","status-publish","format-standard","has-post-thumbnail","hentry","category-politics","tag-digi24"],"_links":{"self":[{"href":"https:\/\/analyse.optim.biz\/index.php?rest_route=\/wp\/v2\/posts\/185587","targetHints":{"allow":["GET"]}}],"collection":[{"href":"https:\/\/analyse.optim.biz\/index.php?rest_route=\/wp\/v2\/posts"}],"about":[{"href":"https:\/\/analyse.optim.biz\/index.php?rest_route=\/wp\/v2\/types\/post"}],"author":[{"embeddable":true,"href":"https:\/\/analyse.optim.biz\/index.php?rest_route=\/wp\/v2\/users\/1"}],"replies":[{"embeddable":true,"href":"https:\/\/analyse.optim.biz\/index.php?rest_route=%2Fwp%2Fv2%2Fcomments&post=185587"}],"version-history":[{"count":0,"href":"https:\/\/analyse.optim.biz\/index.php?rest_route=\/wp\/v2\/posts\/185587\/revisions"}],"wp:featuredmedia":[{"embeddable":true,"href":"https:\/\/analyse.optim.biz\/index.php?rest_route=\/wp\/v2\/media\/185588"}],"wp:attachment":[{"href":"https:\/\/analyse.optim.biz\/index.php?rest_route=%2Fwp%2Fv2%2Fmedia&parent=185587"}],"wp:term":[{"taxonomy":"category","embeddable":true,"href":"https:\/\/analyse.optim.biz\/index.php?rest_route=%2Fwp%2Fv2%2Fcategories&post=185587"},{"taxonomy":"post_tag","embeddable":true,"href":"https:\/\/analyse.optim.biz\/index.php?rest_route=%2Fwp%2Fv2%2Ftags&post=185587"}],"curies":[{"name":"wp","href":"https:\/\/api.w.org\/{rel}","templated":true}]}}