{"id":185576,"date":"2015-03-02T07:31:27","date_gmt":"2015-03-02T04:31:27","guid":{"rendered":"https:\/\/analyse.optim.biz\/?p=185576"},"modified":"2015-03-02T07:31:27","modified_gmt":"2015-03-02T04:31:27","slug":"eduard-hellvig-este-noul-sef-al-sri","status":"publish","type":"post","link":"https:\/\/analyse.optim.biz\/?p=185576","title":{"rendered":"Eduard Hellvig este noul \u0219ef al SRI"},"content":{"rendered":"<div class=\"entry data-app-meta data-app-meta-article\" data-embed-base-url-canonical=\"https:\/\/www.digi24.ro\/embed\/stiri\/actualitate\/politica\/eduard-hellvig-este-noul-sef-al-sri-365437\">\n<p data-index=\"1\"><strong>ACTUALIZARE.<\/strong><strong>Eduard Hellvig a primit votul Parlamentului pentru func\u021bia de \u0219ef al Serviciului Rom\u00e2n de Informa\u021bii.<\/strong><\/p>\n<p data-index=\"2\">498 de parlamentari au votat \u201epentru\u201d \u0219i 15 \u201e\u00eempotriv\u0103\u201d.<\/p>\n<p data-index=\"3\">\u00cen urma acestui vot, Eduard Hellvig a depus jur\u0103m\u00e2ntul.<strong>\u00a0<\/strong>El a vorbit apoi \u00een plen despre priorit\u0103\u021bile mandatului s\u0103u. El a ar\u0103tat, de asemenea, c\u0103 este esen\u021bial controlul Parlamentului asupra serviciului.<\/p>\n<p data-index=\"4\">\u201eResponsabilitatea de a asigura securitatea cibernetic\u0103 a Ucrainei arat\u0103 statutul ob\u021binut \u00een cadrul comunit\u0103\u021bii de informa\u021bii euro-atlantice. Priorit\u0103\u021bile SRI trebuie s\u0103 fie consolidarea performan\u021bei, at\u00e2t \u00een cadrul eforturilor interne pentru \u00eent\u0103rirea statului de drept, c\u00e2t \u0219i \u00eentr-un context geostrategic tensionat. Consider esen\u021biale dou\u0103 coordonate de ac\u021biune: combaterea corup\u021biei \u0219i dezvoltarea capacit\u0103\u021bii de ap\u0103rare a siguran\u021bei na\u021bionale\u201d, a spus el.<\/p>\n<p data-index=\"5\">\u201eA fost un vot destul de concludent. Este o mare responsabilitate pentru mine \u0219i sper s\u0103 facem ceva extraordinar de bun pentru cet\u0103\u021beni\u201d, a declarat el apoi presei.<\/p>\n<p data-index=\"6\">Eduard Hellvig a mai spus c\u0103 institu\u021bia \u00een sine nu are probleme de imagine \u0219i c\u0103 a apreciat faptul c\u0103 SRI \u0219i-a p\u0103strat independen\u021ba \u00een mandatul predecesorului s\u0103u, George Maior.<\/p>\n<p data-index=\"7\">\u201eAceast\u0103 independen\u021b\u0103 institu\u021bional\u0103 pe care SRI a avut-o fa\u021b\u0103 de corpul politic cred c\u0103 e important s\u0103 fie dus\u0103 mai departe \u0219i, din aceste considerente, cred c\u0103 dac\u0103 au fost anumite mici sincope, lucrurile pot fi \u00eembun\u0103t\u0103\u021bite. Poate o transparen\u021b\u0103 mai mare \u00een zona de comunicare, poate o diploma\u021bie public\u0103 mai prezent\u0103 ar ajuta la transparentizare, dar pe fond nu cred c\u0103 exist\u0103 probleme fundamentale\u201d, a spus noul \u0219ef al SRI.<\/p>\n<p data-index=\"8\">\u00centrebat cum va colabora cu Florian Coldea, care a fost director interimar al SRI dup\u0103 demisia lui George Maior \u0219i care redevine adjunct al \u0219efului institu\u021biei, Eduard Hellvig a r\u0103spuns: \u201eLa momentul acesta nu am niciun motiv pentru care s\u0103 nu colaborez cu to\u021bi adjunc\u021bii din SRI \u0219i, evident, \u0219i cu dl. General Coldea\u201d. \u00a0<\/p>\n<p data-index=\"9\">_______________________________<\/p>\n<p data-index=\"10\">Eduard Hellvig a fost nominalizat pe 19 februarie de pre\u015fedintele Klaus Iohannis la conducerea Serviciului Rom\u00e2n de Informa\u0163ii.<\/p>\n<p data-index=\"11\">Principalele partide parlamentare, inclusiv PSD, au anun\u0163at c\u0103 vor vota aceast\u0103 propunere.<\/p>\n<p data-index=\"12\">\u201eVom vota pentru, pentru c\u0103 este vorba de o persoan\u0103, Edi Hellvig, cu care am lucrat \u015fi am fondat USL. Poate cu ocazia asta \u00eenchidem povestea cu USL \u015fi lovituri de stat, dar ca principiu cred c\u0103 merit\u0103 o dezbatere &#8211; dup\u0103 acest vot, nu este o condi\u0163ionare &#8211; legat\u0103 de faptul c\u0103, cu c\u00e2t ai mai mul\u0163i oameni reprezenta\u0163i, mai mul\u0163i implica\u0163i \u00een conducerea \u0163\u0103rii, cu at\u00e2t se pot limita gre\u015felile\u201d, a spus pre\u0219edintele PSD, Victor Ponta,<a href=\"https:\/\/www.digi24.ro\/Stiri\/Digi24\/Actualitate\/Politica\/Victor+Ponta+asigura+ca+PSD+il+voteaza+pe+Hellvig+la+SRI+Poate+c\" target=\"_blank\" data-skip-linkfix=\"1\" rel=\"noopener\"><strong>\u00a0\u00eentr-un interviu televizat<\/strong><\/a>, potrivit Mediafax.<\/p>\n<p data-index=\"13\">El a reluat ideea c\u0103 principiul ca puterea s\u0103 nu apar\u0163in\u0103 unui singur partid, invocat dup\u0103 ultimele alegeri preziden\u0163iale, nu trebuie aplicat doar \u00een cazul PSD, ci \u015fi pentru PNL.<\/p>\n<p data-index=\"14\">Miercuri, pre\u015fedintele PSD, premierul\u00a0Victor Ponta, a declarat c\u0103 acuzele PNL privind tergiversarea de c\u0103tre PSD a votului pentru\u00a0Eduard Hellvig\u00a0la \u015fefia Serviciului Rom\u00e2n de Informa\u0163ii (SRI) reprezint\u0103 \u201eo prostie\u201d, el reiter\u00e2nd faptul c\u0103 social-democra\u0163ii \u00eel vor vota pe Hellvig la \u015fefia serviciului.<\/p>\n<p data-index=\"15\">El a reiterat \u015fi faptul c\u0103 PSD dore\u015fte o discu\u0163ie public\u0103, \u00een Parlament, \u00eentre for\u0163ele politice \u015fi \u00een opinia public\u0103, despre p\u0103strarea unui echilibru \u00eentre putere \u015fi opozi\u0163ie atunci c\u00e2nd se fac numiri.<\/p>\n<p data-index=\"16\">S\u0103pt\u0103m\u00e2na trecut\u0103, Eduard Hellvig a primit aviz favorabil \u015fi \u00een Comisia parlamentar\u0103 de control al activit\u0103\u0163ii SRI.<\/p>\n<\/div>\n<p> Source URL: https:\/\/www.digi24.ro\/stiri\/actualitate\/politica\/eduard-hellvig-este-noul-sef-al-sri-365437<\/p>\n","protected":false},"excerpt":{"rendered":"<p>ACTUALIZARE.Eduard Hellvig a primit votul Parlamentului pentru func\u021bia de \u0219ef al Serviciului Rom\u00e2n de Informa\u021bii. 498 de parlamentari au votat \u201epentru\u201d \u0219i 15 \u201e\u00eempotriv\u0103\u201d. \u00cen urma acestui vot, Eduard Hellvig a depus jur\u0103m\u00e2ntul.\u00a0El a vorbit apoi \u00een plen despre priorit\u0103\u021bile mandatului s\u0103u. El a ar\u0103tat, de asemenea, c\u0103 este esen\u021bial controlul Parlamentului asupra serviciului. \u201eResponsabilitatea [&hellip;]<\/p>\n","protected":false},"author":1,"featured_media":185577,"comment_status":"open","ping_status":"","sticky":false,"template":"","format":"standard","meta":{"footnotes":""},"categories":[2],"tags":[11],"class_list":["post-185576","post","type-post","status-publish","format-standard","has-post-thumbnail","hentry","category-politics","tag-digi24"],"_links":{"self":[{"href":"https:\/\/analyse.optim.biz\/index.php?rest_route=\/wp\/v2\/posts\/185576","targetHints":{"allow":["GET"]}}],"collection":[{"href":"https:\/\/analyse.optim.biz\/index.php?rest_route=\/wp\/v2\/posts"}],"about":[{"href":"https:\/\/analyse.optim.biz\/index.php?rest_route=\/wp\/v2\/types\/post"}],"author":[{"embeddable":true,"href":"https:\/\/analyse.optim.biz\/index.php?rest_route=\/wp\/v2\/users\/1"}],"replies":[{"embeddable":true,"href":"https:\/\/analyse.optim.biz\/index.php?rest_route=%2Fwp%2Fv2%2Fcomments&post=185576"}],"version-history":[{"count":0,"href":"https:\/\/analyse.optim.biz\/index.php?rest_route=\/wp\/v2\/posts\/185576\/revisions"}],"wp:featuredmedia":[{"embeddable":true,"href":"https:\/\/analyse.optim.biz\/index.php?rest_route=\/wp\/v2\/media\/185577"}],"wp:attachment":[{"href":"https:\/\/analyse.optim.biz\/index.php?rest_route=%2Fwp%2Fv2%2Fmedia&parent=185576"}],"wp:term":[{"taxonomy":"category","embeddable":true,"href":"https:\/\/analyse.optim.biz\/index.php?rest_route=%2Fwp%2Fv2%2Fcategories&post=185576"},{"taxonomy":"post_tag","embeddable":true,"href":"https:\/\/analyse.optim.biz\/index.php?rest_route=%2Fwp%2Fv2%2Ftags&post=185576"}],"curies":[{"name":"wp","href":"https:\/\/api.w.org\/{rel}","templated":true}]}}