{"id":1855726,"date":"2026-04-01T02:26:00","date_gmt":"2026-03-31T23:26:00","guid":{"rendered":"https:\/\/analyse.optim.biz\/?p=1855726"},"modified":"2026-04-01T02:26:00","modified_gmt":"2026-03-31T23:26:00","slug":"les-confessions-danaide-rozam-nouvelle-star-dejantee-du-cinema-francais","status":"publish","type":"post","link":"https:\/\/analyse.optim.biz\/?p=1855726","title":{"rendered":"Les confessions d\u2019Ana\u00efde Rozam, nouvelle star d\u00e9jant\u00e9e du cin\u00e9ma fran\u00e7ais"},"content":{"rendered":"<div class=\"entry-content\">\n<section class=\"single-header padding-top-s\">\n<div class=\"container\">\n<div class=\"row justify-content-between\">\n<div class=\"col-lg-9 col-xl-8\">\n<div class=\"video-container\">\n\t\t\t\t\t\t\t\t\t\t\t\t\t<\/div>\n<div class=\"container-img desktop\">\n\t\t\t\t\t\t\t\t<img decoding=\"async\" width=\"640\" height=\"408\" src=\"https:\/\/numero.com\/wp-content\/uploads\/2025\/05\/anaide-rozam-2-768x490.jpg\" class=\"img-fluid\" alt=\"L'actrice Ana\u00efde Rozam.\" loading=\"lazy\">\t\t\t\t\t\t\t\t<\/p>\n<p class=\"number big\">31<\/p>\n<\/p><\/div>\n<div class=\"container-img mobile\">\n\t\t\t\t\t\t\t\t<img decoding=\"async\" width=\"640\" height=\"804\" src=\"https:\/\/numero.com\/wp-content\/uploads\/2025\/05\/anaide-rozam-1-768x965.jpg\" class=\"img-fluid\" alt=\"L'actrice Ana\u00efde Rozam.\" loading=\"lazy\">\t\t\t\t\t\t\t\t<\/p>\n<p class=\"number big\">31<\/p>\n<\/p><\/div>\n<\/p><\/div>\n<div class=\"col col-lg-3 col-xl-4 desktop\">\n<div class=\"ad grand-angle desktop\">\n    <!-- \/21730003857\/numero-ad-unit\/numero-grand-angle --><\/p>\n<div id=\"div-gpt-ad-1757063143832-0\" class=\"px-0\">\n<p>            googletag.cmd.push(function () {<br \/>\n                googletag.display(&#8216;div-gpt-ad-1757063143832-0&#8217;);<br \/>\n            });<\/p><\/div>\n<\/div><\/div>\n<\/p><\/div>\n<\/p><\/div>\n<\/section>\n<section class=\"post-content\">\n<div class=\"container\">\n<div class=\"row g-0 justify-content-between\">\n<div class=\"col-lg-9 col-xl-8 padding-top-s\">\n<p class=\"share-widget\" id=\"share-widget\"><img decoding=\"async\" src=\"https:\/\/numero.com\/wp-content\/themes\/%09%09%09understrap-child-main\/src\/public\/images\/share.svg\" alt=\"share-widget\"><\/p>\n<div class=\"share-icons\" id=\"share-icons\">\n<p class=\"copy-link\"><img decoding=\"async\" src=\"https:\/\/numero.com\/wp-content\/themes\/understrap-child-main\/src\/public\/images\/copy-link.svg\" alt=\"copy-link\"><\/p>\n<p>\t\t\t\t\t\t\t<a href=\"https:\/\/www.facebook.com\/sharer\/sharer.php?u=https:\/\/numero.com\/culture\/series\/anaide-rozam-interview-culte\/\" class=\"facebook\" target=\"_blank\" rel=\"noopener\"><img decoding=\"async\" src=\"https:\/\/numero.com\/wp-content\/themes\/understrap-child-main\/src\/public\/images\/facebook.svg\" alt=\"facebook\"><\/a><br \/>\n\t\t\t\t\t\t\t<a href=\"https:\/\/twitter.com\/share?url=https:\/\/numero.com\/culture\/series\/anaide-rozam-interview-culte\/\" class=\"twitter\" target=\"_blank\" rel=\"noopener\"><img decoding=\"async\" src=\"https:\/\/numero.com\/wp-content\/themes\/understrap-child-main\/src\/public\/images\/twitter.svg\" alt=\"twitter\"><\/a>\n\t\t\t\t\t\t<\/div>\n<p>\t\t\t\t\t\t<span class id=\"custom-tooltip\">Lien copi\u00e9<\/span><\/p>\n<div class=\"col-lg-10\">\n<div class=\"meta d-flex justify-content-between align-items-center\">\n<div class=\"cat\">\n\t\t\t\t\t\t\t\t\t<a class=\"cat-title\" href=\"https:\/\/numero.com\/category\/culture\/series\/\">S\u00e9ries<\/a>\t\t\t\t\t\t\t\t<\/div>\n<p class=\"date\">\n\t\t\t\t\t\t\t\t\t31 mars 2026\t\t\t\t\t\t\t\t<\/p>\n<\/p><\/div>\n<h1>Les confessions d\u2019Ana\u00efde Rozam, nouvelle star d\u00e9jant\u00e9e du cin\u00e9ma fran\u00e7ais<\/h1>\n<div class=\"introduction\">\n<p>Apr\u00e8s nous avoir fait rire avec ses vid\u00e9os d\u00e9cal\u00e9es post\u00e9es sur Instagram et son apparition dans l\u2019\u00e9mission<em> LOL : qui rit, sort !<\/em>, l\u2019actrice Ana\u00efde Rozam impressionnait, en 2024 dans l\u2019une des s\u00e9ries les plus passionnantes de l\u2019ann\u00e9e :<em> Culte<\/em>. Diffus\u00e9 d\u2019abord sur Amazon Prime Video, le programme raconte la naissance du show mythique et scandaleux <em>Loft Story<\/em> et les d\u00e9buts, chaotiques, de la t\u00e9l\u00e9-r\u00e9alit\u00e9 en France. Ana\u00efde Rozam y incarne avec brio la frondeuse et arriviste Isabelle de Rochechouart\u2026 Un personnage inspir\u00e9 de la redoutable productrice Alexia Laroche-Joubert. Alors que le show est diffus\u00e9 sur M6 le 31 mars 2026, rencontre avec une com\u00e9dienne \u00e0 suivre de pr\u00e8s.<\/p>\n<\/div>\n<li class=\"credits d-flex\">\n<p>\n\t\t\t\t\t\t\t\t\t\t\tpropos recueillis par\t\t\t\t\t\t\t\t\t\t\t\t\t\t\t\t\t\t\t\t\t\t\t<a href=\"https:\/\/numero.com\/contributeur\/violaine-schutz\/\">Violaine Sch\u00fctz<\/a>.\t\t\t\t\t\t\t\t\t\t\t\t\t\t\t\t\t\t\t\t\t<\/p>\n<\/li>\n<p class=\"edition-date\">Publi\u00e9 le 16 mai 2025. Modifi\u00e9 le 31 mars 2026.<\/p>\n<div id=\"ads03\" class=\"mobile\">\n<div class=\"ad-wrapper\">\n<div class=\"ad interscroller desktop\">\n<\/div>\n<p><!-- \/21730003857\/numero-ad-unit\/numero-interscroller --><\/p>\n<div id=\"div-gpt-ad-1757521738078-0\">\n<p>        googletag.cmd.push(function () {<br \/>\n            googletag.display(&#8216;div-gpt-ad-1757521738078-0&#8217;);<br \/>\n        });<\/p>\n<\/div><\/div>\n<\/p><\/div>\n<p>\t\t\t\t\t\t\t&lt;!&#8211; <\/p>\n<div class=\"padding-bottom-s\">\n\t\t\t\t\t\t\t\t\t\t\t\t\t\t\t<\/div>\n<p> &#8211;&gt;<\/p>\n<figure class=\"wp-block-image size-full\"><img loading=\"lazy\" decoding=\"async\" width=\"667\" height=\"1000\" src=\"https:\/\/numero.com\/wp-content\/uploads\/2024\/10\/anaide-rozam-culte-serie1.jpg\" alt=\"Ana\u00efde Rozam par Laila Cohen.\" class=\"wp-image-584984\"><figcaption class=\"wp-element-caption\">Ana\u00efde Rozam. \u00a9 Laila Cohen.<\/figcaption><\/figure>\n<p>\u00c0 29 ans, <strong>Ana\u00efde Rozam<\/strong> fait figure de star montante du <strong>cin\u00e9ma fran\u00e7ais<\/strong> et en particulier, des com\u00e9dies hexagonales. Elle sera d\u2019ailleurs \u00e0 l\u2019affiche de trois films en 2026 : <em>Baise-en-ville<\/em>, <em>Bagarre<\/em>, avec <strong><a href=\"https:\/\/numero.com\/culture\/cinema\/interview-de-nassim-lyes-acteur-de-sous-la-seine-et-ad-vitam\/\" target=\"_blank\" rel=\"noreferrer noopener\">Nassim Lyes<\/a><\/strong>,\u00a0<strong>Ramzy Bedia<\/strong> et\u00a0Audrey Lamy, et <em>Camembert<\/em>, avec <strong>Kristin Scott Thomas<\/strong>,\u00a0<strong><a href=\"https:\/\/numero.com\/culture\/cinema\/connemara-alex-lutz-melanie-thierry\/\" target=\"_blank\" rel=\"noreferrer noopener\">Alex Lutz<\/a><\/strong> et\u00a0Pascale Arbillot.<\/p>\n<p>N\u00e9e de parents chef comptable\u00a0dans une association et p\u00e9dopsychiatre\u00a0sp\u00e9cialis\u00e9 dans l\u2019autisme\u00a0et co-cr\u00e9ateur du magazine\u00a0Le Papotin, elle est aussi la ni\u00e8ce de l\u2019excellent acteur\u00a0<strong><a href=\"https:\/\/numero.com\/culture\/cinema\/interview-de-l-acteur-roschdy-zem-star-d-hiver-a-sokcho\/\" target=\"_blank\" rel=\"noreferrer noopener\">Roschdy Zem<\/a><\/strong>. Pour autant, elle s\u2019est taill\u00e9e son chemin seule dans le septi\u00e8me art et l\u2019univers des s\u00e9ries.<\/p>\n<p>Apr\u00e8s des cours de th\u00e9\u00e2tre et des \u00e9tudes de psychologie, c\u2019est sur <strong>Instagram<\/strong> qu\u2019on la d\u00e9couvre en 2019, au sein de petites vid\u00e9os humoristiques irr\u00e9sistibles. Des formats qui lui permettent d\u2019\u00eatre remarqu\u00e9e par une certaine<strong>\u00a0<a href=\"https:\/\/numero.com\/culture\/cinema\/interview-de-leila-bekhti-pour-ma-mere-dieu-et-sylvie-vartan\/\" target=\"_blank\" rel=\"noreferrer noopener\">Le\u00efla Bekhti<\/a>\u00a0<\/strong>qui la pr\u00e9sente \u00e0 son agent\u2026 Depuis, elle a explos\u00e9 dans la g\u00e9niale s\u00e9rie <em><strong>Culte<\/strong><\/em> (2024), diffus\u00e9e sur M6 le 31 mars 2026. Rencontre avec une com\u00e9dienne \u00e0 suivre de pr\u00e8s\u2026<\/p>\n<blockquote class=\"instagram-media\" data-instgrm-permalink=\"https:\/\/www.instagram.com\/p\/DDzsoMYiUu5\/?utm_source=ig_embed&amp;utm_campaign=loading\" data-instgrm-version=\"14\" style=\"background:#FFF;border:0;border-radius:3px;margin: 1px;max-width:540px;min-width:326px;padding:0;width:99.375%;width:-webkit-calc(100% - 2px);width:calc(100% - 2px)\">\n<div style=\"padding:16px\"> <a href=\"https:\/\/www.instagram.com\/p\/DDzsoMYiUu5\/?utm_source=ig_embed&amp;utm_campaign=loading\" style=\"background:#FFFFFF;line-height:0;padding:0 0;text-align:center;text-decoration:none;width:100%\" target=\"_blank\"> <\/p>\n<div style=\"flex-direction: row;align-items: center\">\n<div style=\"background-color: #F4F4F4;border-radius: 50%;flex-grow: 0;height: 40px;margin-right: 14px;width: 40px\"><\/div>\n<div style=\"flex-direction: column;flex-grow: 1;justify-content: center\">\n<div style=\"background-color: #F4F4F4;border-radius: 4px;flex-grow: 0;height: 14px;margin-bottom: 6px;width: 100px\"><\/div>\n<div style=\"background-color: #F4F4F4;border-radius: 4px;flex-grow: 0;height: 14px;width: 60px\"><\/div>\n<\/div>\n<\/div>\n<div style=\"padding: 19% 0\"><\/div>\n<div style=\"height:50px;margin:0 auto 12px;width:50px\"><\/div>\n<div style=\"padding-top: 8px\">\n<div style=\"color:#3897f0;font-family:Arial,sans-serif;font-size:14px;font-style:normal;font-weight:550;line-height:18px\">Voir cette publication sur Instagram<\/div>\n<\/div>\n<div style=\"padding: 12.5% 0\"><\/div>\n<div style=\"flex-direction: row;margin-bottom: 14px;align-items: center\">\n<div>\n<div style=\"background-color: #F4F4F4;border-radius: 50%;height: 12.5px;width: 12.5px\"><\/div>\n<div style=\"background-color: #F4F4F4;height: 12.5px;width: 12.5px;flex-grow: 0;margin-right: 14px;margin-left: 2px\"><\/div>\n<div style=\"background-color: #F4F4F4;border-radius: 50%;height: 12.5px;width: 12.5px\"><\/div>\n<\/div>\n<div style=\"margin-left: 8px\">\n<div style=\"background-color: #F4F4F4;border-radius: 50%;flex-grow: 0;height: 20px;width: 20px\"><\/div>\n<div style=\"width: 0;height: 0;border-top: 2px solid transparent;border-left: 6px solid #f4f4f4;border-bottom: 2px solid transparent\"><\/div>\n<\/div>\n<div style=\"margin-left: auto\">\n<div style=\"width: 0px;border-top: 8px solid #F4F4F4;border-right: 8px solid transparent\"><\/div>\n<div style=\"background-color: #F4F4F4;flex-grow: 0;height: 12px;width: 16px\"><\/div>\n<div style=\"width: 0;height: 0;border-top: 8px solid #F4F4F4;border-left: 8px solid transparent\"><\/div>\n<\/div>\n<\/div>\n<div style=\"flex-direction: column;flex-grow: 1;justify-content: center;margin-bottom: 24px\">\n<div style=\"background-color: #F4F4F4;border-radius: 4px;flex-grow: 0;height: 14px;margin-bottom: 6px;width: 224px\"><\/div>\n<div style=\"background-color: #F4F4F4;border-radius: 4px;flex-grow: 0;height: 14px;width: 144px\"><\/div>\n<\/div>\n<p><\/a><\/p>\n<p style=\"color:#c9c8cd;font-family:Arial,sans-serif;font-size:14px;line-height:17px;margin-bottom:0;margin-top:8px;overflow:hidden;padding:8px 0 7px;text-align:center;white-space:nowrap\"><a href=\"https:\/\/www.instagram.com\/p\/DDzsoMYiUu5\/?utm_source=ig_embed&amp;utm_campaign=loading\" style=\"color:#c9c8cd;font-family:Arial,sans-serif;font-size:14px;font-style:normal;font-weight:normal;line-height:17px;text-decoration:none\" target=\"_blank\">Une publication partag\u00e9e par Good Sisters (@goodsisters.files)<\/a><\/p>\n<\/div>\n<\/blockquote>\n<div class=\"cookieconsent-optout-statistics cookieconsent-optout-marketing\"><\/div>\n<h2 class=\"wp-block-heading\">L\u2019interview d\u2019Ana\u00efde Rozam, r\u00e9v\u00e9lation de la s\u00e9rie <em>Culte<\/em><\/h2>\n<p><strong><em>Num\u00e9ro<\/em> : Vous \u00e9tiez r\u00e9cemment \u00e0 l\u2019affiche du film <em>Baise-en-ville<\/em> aux c\u00f4t\u00e9s d\u2019Emmanuelle Bercot et\u00a0William Lebghil\u2026<\/strong> <strong>Un projet qui a \u00e9t\u00e9 pr\u00e9sent\u00e9 au Festival de Cannes\u2026<\/strong><\/p>\n<p><strong>Ana\u00efde Rozam <\/strong>: Oui, <strong><em>Baise-en-ville <\/em><\/strong>est le second long-m\u00e9trage de l\u2019acteur et r\u00e9alisateur<strong> Martin Jauvat<\/strong> (<em>Grand Paris<\/em>, <em>Le sang de la veine<\/em>). Le film parle d\u2019un jeune adulte qui revient chez ses parents apr\u00e8s une rupture amoureuse pour trouver du travail. Je trouve Martin extr\u00eamement talentueux et je pense qu\u2019il va s\u2019inscrire dans la lign\u00e9e des r\u00e9alisateurs qui proposent un cin\u00e9ma diff\u00e9rent avec un univers et des personnages qu\u2019on ne retrouve nulle part ailleurs, \u00e0 la mani\u00e8re de <strong><a href=\"https:\/\/numero.com\/culture\/cinema\/drole-mais-inegal-que-vaut-fumer-fait-tousser-le-nouveau-quentin-dupieux\/\" target=\"_blank\" rel=\"noreferrer noopener\">Quentin Dupieux<\/a><\/strong> ou <strong>Riad Sattouf<\/strong>. Je suis s\u00fbre que dans quelques ann\u00e9es, on pourra dire :\u00a0\u201c<em>\u00c7a me fait penser \u00e0 du Jauvat !<\/em>\u201d.\u00a0<\/p>\n<p><strong>C\u2019est un univers assez d\u00e9jant\u00e9\u2026<\/strong><\/p>\n<p>Tout me parle dans les films de Martin (Jauvat, ndlr). Le sc\u00e9nario, les dialogues, la richesse de l\u2019\u00e9criture des personnages. L\u00e0 ce qui est super, c\u2019est qu\u2019il a \u00e9crit le r\u00f4le pour moi, ce qui est rare pour une jeune com\u00e9dienne. Les dialogues sont sur-mesure, l\u2019humour aussi. Et puis l\u2019ambiance des tournages de Martin, c\u2019est quelque chose aussi. On se conna\u00eet tous depuis plusieurs ann\u00e9es. En effet, j\u2019ai commenc\u00e9 \u00e0 jouer avec lui dans un court m\u00e9trage en 2019 nomm\u00e9 <em>Le sang de la veine<\/em>.\u00a0Je crois que c\u2019est la sixi\u00e8me fois que nous travaillons ensemble avec Martin. C\u2019est devenu un ami, donc nous avons donc une facilit\u00e9 et une complicit\u00e9 dans le travail qui me sont pr\u00e9cieuses. <\/p>\n<blockquote class=\"instagram-media\" data-instgrm-permalink=\"https:\/\/www.instagram.com\/p\/DTlHsUCiryn\/?utm_source=ig_embed&amp;utm_campaign=loading\" data-instgrm-version=\"14\" style=\"background:#FFF;border:0;border-radius:3px;margin: 1px;max-width:540px;min-width:326px;padding:0;width:99.375%;width:-webkit-calc(100% - 2px);width:calc(100% - 2px)\">\n<div style=\"padding:16px\"> <a href=\"https:\/\/www.instagram.com\/p\/DTlHsUCiryn\/?utm_source=ig_embed&amp;utm_campaign=loading\" style=\"background:#FFFFFF;line-height:0;padding:0 0;text-align:center;text-decoration:none;width:100%\" target=\"_blank\"> <\/p>\n<div style=\"flex-direction: row;align-items: center\">\n<div style=\"background-color: #F4F4F4;border-radius: 50%;flex-grow: 0;height: 40px;margin-right: 14px;width: 40px\"><\/div>\n<div style=\"flex-direction: column;flex-grow: 1;justify-content: center\">\n<div style=\"background-color: #F4F4F4;border-radius: 4px;flex-grow: 0;height: 14px;margin-bottom: 6px;width: 100px\"><\/div>\n<div style=\"background-color: #F4F4F4;border-radius: 4px;flex-grow: 0;height: 14px;width: 60px\"><\/div>\n<\/div>\n<\/div>\n<div style=\"padding: 19% 0\"><\/div>\n<div style=\"height:50px;margin:0 auto 12px;width:50px\"><\/div>\n<div style=\"padding-top: 8px\">\n<div style=\"color:#3897f0;font-family:Arial,sans-serif;font-size:14px;font-style:normal;font-weight:550;line-height:18px\">Voir cette publication sur Instagram<\/div>\n<\/div>\n<div style=\"padding: 12.5% 0\"><\/div>\n<div style=\"flex-direction: row;margin-bottom: 14px;align-items: center\">\n<div>\n<div style=\"background-color: #F4F4F4;border-radius: 50%;height: 12.5px;width: 12.5px\"><\/div>\n<div style=\"background-color: #F4F4F4;height: 12.5px;width: 12.5px;flex-grow: 0;margin-right: 14px;margin-left: 2px\"><\/div>\n<div style=\"background-color: #F4F4F4;border-radius: 50%;height: 12.5px;width: 12.5px\"><\/div>\n<\/div>\n<div style=\"margin-left: 8px\">\n<div style=\"background-color: #F4F4F4;border-radius: 50%;flex-grow: 0;height: 20px;width: 20px\"><\/div>\n<div style=\"width: 0;height: 0;border-top: 2px solid transparent;border-left: 6px solid #f4f4f4;border-bottom: 2px solid transparent\"><\/div>\n<\/div>\n<div style=\"margin-left: auto\">\n<div style=\"width: 0px;border-top: 8px solid #F4F4F4;border-right: 8px solid transparent\"><\/div>\n<div style=\"background-color: #F4F4F4;flex-grow: 0;height: 12px;width: 16px\"><\/div>\n<div style=\"width: 0;height: 0;border-top: 8px solid #F4F4F4;border-left: 8px solid transparent\"><\/div>\n<\/div>\n<\/div>\n<div style=\"flex-direction: column;flex-grow: 1;justify-content: center;margin-bottom: 24px\">\n<div style=\"background-color: #F4F4F4;border-radius: 4px;flex-grow: 0;height: 14px;margin-bottom: 6px;width: 224px\"><\/div>\n<div style=\"background-color: #F4F4F4;border-radius: 4px;flex-grow: 0;height: 14px;width: 144px\"><\/div>\n<\/div>\n<p><\/a><\/p>\n<p style=\"color:#c9c8cd;font-family:Arial,sans-serif;font-size:14px;line-height:17px;margin-bottom:0;margin-top:8px;overflow:hidden;padding:8px 0 7px;text-align:center;white-space:nowrap\"><a href=\"https:\/\/www.instagram.com\/p\/DTlHsUCiryn\/?utm_source=ig_embed&amp;utm_campaign=loading\" style=\"color:#c9c8cd;font-family:Arial,sans-serif;font-size:14px;font-style:normal;font-weight:normal;line-height:17px;text-decoration:none\" target=\"_blank\">Une publication partag\u00e9e par Anai\u0308de Rozam (@anaide.rozam)<\/a><\/p>\n<\/div>\n<\/blockquote>\n<div class=\"cookieconsent-optout-statistics cookieconsent-optout-marketing\"><\/div>\n<h2 class=\"wp-block-heading has-text-align-center\">\u201c<em>Dans la s\u00e9rie <\/em>Iris<em>, je joue une jeune femme kardashionesque et carri\u00e9riste<\/em>.\u201d\u00a0Ana\u00efde Rozam<\/h2>\n<p><strong>En avril prochain, on vous verra dans le film <em>Bagarre<\/em>. Pourriez-vous nous en dire plus sur ce projet ?<\/strong><\/p>\n<p>Bagarre sortira au cin\u00e9ma le 15 avril 2026. Je ne sais pas si j\u2019ai le droit de le pitcher, mais en tout cas, c\u2019est une com\u00e9die d\u00e9jant\u00e9e qui m\u00eale bagarre et humour \u00e0 la marseillaise et \u00e0 la E<em>n passant p\u00e9cho (un film mettant e sc\u00e8ne Nassim Lyes)<\/em>. \u00c0 l\u2019image des personnages de Julien Royal (le r\u00e9alisateur), je joue une fille un peu tar\u00e9e, mais tr\u00e8s touchante, pleine de nuances.<\/p>\n<p><strong>Vous \u00e9tiez il y a peu dans la s\u00e9rie<em> Iris<\/em>, r\u00e9alis\u00e9e par Doria Tillier,<em> <\/em>diffus\u00e9e sur Canal+\u2026 Comment d\u00e9cririez-vous votre r\u00f4le dans ce show ?<\/strong><\/p>\n<p><em><strong>Iris<\/strong><\/em> met en sc\u00e8ne le personnage d\u2019Iris (<strong>Doria Tillier<\/strong>), une jeune femme qui se questionne sur les conventions sociales qui parfois \u201c\u00e9triquent\u201d nos fa\u00e7ons de penser. Et moi, je joue Daphn\u00e9, la cousine et colocataire\u00a0d\u2019Iris, une jeune femme kardashionesque et carri\u00e9riste.\u00a0<\/p>\n<figure class=\"wp-block-image size-full\"><img loading=\"lazy\" decoding=\"async\" width=\"667\" height=\"1000\" src=\"https:\/\/numero.com\/wp-content\/uploads\/2024\/10\/anaide-rozam-culte-serie2.jpg\" alt=\"Ana\u00efde Rozam par Laila Cohen.\" class=\"wp-image-584982\"><figcaption class=\"wp-element-caption\">L\u2019actrice Ana\u00efde Rozam. \u00a9 Laila Cohen.<\/figcaption><\/figure>\n<p><strong>Qu\u2019est-ce qui vous a plu dans la s\u00e9rie <em>Culte<\/em> qui \u00e9voque les d\u00e9buts de la t\u00e9l\u00e9-r\u00e9alit\u00e9 en France en nous plongeant dans les coulisses de l\u2019\u00e9mission <em>Loft Story<\/em>\u00a0?<\/strong><\/p>\n<p>J\u2019ai toujours aim\u00e9 les films ou les s\u00e9ries sur les coulisses,\u00a0les \u201cbehind the scenes\u201d,\u00a0comme<em> <strong><a href=\"https:\/\/numero.com\/culture\/the-morning-show-la-serie-sur-les-coulisses-dune-matinale-de-tele-revient-pour-une-saison-2\/\" target=\"_blank\" rel=\"noreferrer noopener\">The Morning Show<\/a><\/strong><\/em> par exemple. Et je trouve \u00e7a tr\u00e8s excitant de voir celles d\u2019un \u00e9v\u00e9nement aussi marquant que l\u2019\u00e9mission<em> Loft Story<\/em>. Mais c\u2019est aussi et surtout l\u2019\u00e9criture des sc\u00e9naristes<strong> Nicolas Slomka<\/strong> et <strong>Matthieu Rumani<\/strong> qui fait de cette s\u00e9rie un thriller m\u00e9diatique haletant, avec une urgence omnipr\u00e9sente et des personnages riches et tr\u00e8s bien d\u00e9velopp\u00e9s.\u00a0<\/p>\n<p><strong>Votre personnage est inspir\u00e9 de la productrice Alexia Laroche-Joubert. Comment l\u2019avez-vous construit\u00a0?\u00a0<\/strong><\/p>\n<p>D\u00e8s que j\u2019ai re\u00e7u le sc\u00e9nario, sans m\u00eame savoir qui \u00e9tait Alexia Laroche-Joubert, j\u2019ai \u00e9t\u00e9 compl\u00e8tement happ\u00e9e par le personnage d\u2019Isabelle. J\u2019ai regard\u00e9 toutes les interviews que j\u2019ai pu trouver d\u2019elle sur Internet et je suis arriv\u00e9e au casting avec la m\u00eame coupe qu\u2019Alexia pour mettre toutes les chances de mon c\u00f4t\u00e9. J\u2019ai aussi fait tout un travail sportif avec un coach, non pas pour me rapprocher de sa morphologie, mais pour avoir le corps\u00a0tonique. C\u2019est une femme d\u00e9termin\u00e9e, qui fonce sans se poser de question. J\u2019avais donc besoin que mon corps suive car j\u2019ai tendance \u00e0 \u00eatre un peu nonchalante.\u00a0<\/p>\n<p><strong>C\u2019est une femme qui se montre assez ambitieuse, voire arriviste et s\u2019impose dans un monde d\u2019hommes\u2026<\/strong><\/p>\n<p>C\u2019est une femme qui ne se pose pas de questions sur son genre et sur le genre des autres.\u00a0<\/p>\n<figure class=\"wp-block-image size-full\"><img loading=\"lazy\" decoding=\"async\" width=\"1000\" height=\"667\" src=\"https:\/\/numero.com\/wp-content\/uploads\/2024\/10\/anaide-rozam-culte-serie8.jpg\" alt=\"Ana\u00efde Rozam dans la s\u00e9rie Culte.\" class=\"wp-image-584970\"><figcaption class=\"wp-element-caption\">Ana\u00efde Rozam dans la s\u00e9rie <em>Culte<\/em> (2024). \u00a9\u00a0Fanta Kaba\/Prime Video.<\/figcaption><\/figure>\n<h2 class=\"wp-block-heading has-text-align-center\">\u201c<em>J\u2019ai tendance \u00e0 douter et \u00e0 \u201cvoir pour y croire<\/em>\u201d\u201d. Ana\u00efde Rozam<\/h2>\n<p><strong>Avez-vous des points communs avec le personnage\u00a0d\u2019Isabelle de Rochechouart ?<\/strong><\/p>\n<p>Je suis tr\u00e8s diff\u00e9rente d\u2019Isabelle. J\u2019ai tendance \u00e0 douter et \u00e0 \u00ab\u00a0<em>voir pour y croire<\/em>\u201d. Contrairement \u00e0 ce personnage, qui croit au concept de l\u2019\u00e9mission et \u00e0 sa propre r\u00e9ussite alors que tout le monde la rabaisse. Son \u00e9nergie m\u2019a beaucoup port\u00e9e et je dirai que je ressors de ce tournage peut-\u00eatre un peu plus forte qu\u2019avant.<\/p>\n<p><strong>Quel regard portez-vous sur la <a href=\"https:\/\/numero.com\/culture\/musique\/stromae-et-camila-cabello-parodient-la-tele-realite-dans-leur-nouveau-clip\/\" target=\"_blank\" rel=\"noreferrer noopener\">t\u00e9l\u00e9-r\u00e9alit\u00e9<\/a>\u00a0?<\/strong><\/p>\n<p>Je n\u2019en regarde pas vraiment, mais en me plongeant dans le <em>Loft<\/em>, je me suis rendu compte que les \u00e9missions de t\u00e9l\u00e9-r\u00e9alit\u00e9 d\u2019aujourd\u2019hui \u00e9taient tr\u00e8s diff\u00e9rentes de <em>Loft<\/em> <em>Story<\/em>. On a affaire, aujourd\u2019hui, \u00e0 beaucoup de disputes, de recherches de buzz et de candidats peu vari\u00e9s dont c\u2019est le m\u00e9tier. Il y avait une sorte d\u2019authenticit\u00e9 et d\u2019innocence dans<strong> <em>Loft Story<\/em><\/strong> due \u00e0 la nouveaut\u00e9 du concept en France.<\/p>\n<p><strong>Que saviez-vous du <em>Loft<\/em> avant de rejoindre l\u2019aventure <em><a href=\"https:\/\/numero.com\/culture\/cinema\/netflix-prime-video-disney-les-films-et-series-a-voir-en-streaming-2024\/\" target=\"_blank\" rel=\"noreferrer noopener\">Culte<\/a><\/em>\u00a0?<\/strong><\/p>\n<p>Pas grand-chose. Je voyais \u00e0 peu pr\u00e8s qui \u00e9tait <strong>Loana<\/strong> mais je n\u2019aurais pas pu dire si elle faisait partie du <em>Loft 1 <\/em>ou du<em> Loft 2<\/em>. J\u2019avais 4 ans en 2001.\u00a0<\/p>\n<figure class=\"wp-block-image size-full\"><img decoding=\"async\" loading=\"lazy\" width=\"1000\" height=\"667\" src=\"https:\/\/numero.com\/wp-content\/uploads\/2024\/10\/anaide-rozam-culte-serie6.jpg\" alt=\"Ana\u00efde Rozam dans la s\u00e9rie Culte.\" class=\"wp-image-584974\"><figcaption class=\"wp-element-caption\">L\u2019actrice Ana\u00efde Rozam dans la s\u00e9rie <em>Culte<\/em> (2024) \u00a9\u00a0Fanta Kaba\/Prime Video.<\/figcaption><\/figure>\n<h2 class=\"wp-block-heading has-text-align-center\">\u201c<em>J\u2019ai \u00e9t\u00e9 longtemps complex\u00e9e par mon corps, par ma poitrine, et j\u2019arrive \u00e0 m\u2019affirmer un peu plus chaque jour<\/em>.\u201d\u00a0Ana\u00efde Rozam<\/h2>\n<p><strong>Vous avez fait des \u00e9tudes de psychologie. Et dans la s\u00e9rie, vous parlez du <em><a href=\"https:\/\/www.youtube.com\/watch?v=bNsXN_Zyaow&amp;list=PLSFlf3GVgicfgHeDbEE7or4yE5iGXneY_\" target=\"_blank\" rel=\"noreferrer noopener\">Loft<\/a><\/em> comme d\u2019un feuilleton sociologique. Comment expliquez-vous l\u2019engouement de la France pour cette \u00e9mission\u00a0?<\/strong><\/p>\n<p>Je pense que l\u2019\u00e9mission a autant march\u00e9 parce qu\u2019elle fait appel \u00e0 une curiosit\u00e9 exacerb\u00e9e. Il s\u2019agit de regarder les gens par le trou de la serrure et de\u00a0les observer dans un huis clos. Toutes les m\u0153urs et conventions sociales font alors place \u00e0 la vraie nature des participants bien plus rapidement que dans la vie normale.\u00a0<\/p>\n<p><strong>Dans la s\u00e9rie, vous portez des v\u00eatements tr\u00e8s <a href=\"https:\/\/numero.com\/mode\/britney-spears-madonna-rihanna-la-mode-des-annees-2000-en-7-clips-iconiques\/\" target=\"_blank\" rel=\"noreferrer noopener\">ann\u00e9es 2000<\/a>. Est-ce une \u00e9poque que vous aimez et qui vous inspire\u00a0?<\/strong><\/p>\n<p>Oui, c\u2019est une \u00e9poque qui me rend assez nostalgique. Beaucoup d\u2019objets disparaissent avec les nouvelles technologies comme les cassettes, les CD, les DVD\u2026 Je trouve \u00e7a fou de me dire qu\u2019avant, j\u2019allais au vid\u00e9o-club avec ma m\u00e8re pour louer un film et qu\u2019on a maintenant acc\u00e8s \u00e0 tous les films du monde sans bouger de son canap\u00e9.<\/p>\n<figure class=\"wp-block-image size-full\"><img decoding=\"async\" loading=\"lazy\" width=\"1000\" height=\"667\" src=\"https:\/\/numero.com\/wp-content\/uploads\/2024\/10\/anaide-rozam-culte-serie9.jpg\" alt=\"Ana\u00efde Rozam dans la s\u00e9rie Culte.\" class=\"wp-image-584968\"><figcaption class=\"wp-element-caption\">Ana\u00efde Rozam dans la s\u00e9rie<em> Culte<\/em> (2024). \u00a9\u00a0Fanta Kaba\/Prime Video.<\/figcaption><\/figure>\n<p><strong>On vous a aper\u00e7ue r\u00e9cemment \u00e0 de nombreux \u00e9v\u00e9nements mode. Quelle place occupe-t-elle dans votre vie ?<\/strong><\/p>\n<p>Je n\u2019aurais jamais pens\u00e9 dire \u00e7a un jour, mais elle occupe une place de plus en plus importante dans ma vie. J\u2019ai \u00e9t\u00e9 longtemps complex\u00e9e par mon corps, par ma poitrine, et j\u2019arrive \u00e0 m\u2019affirmer un peu plus chaque jour. La mode me permet de jouer avec mon image, et c\u2019est un exercice qui me plait de plus en plus.\u00a0\u00a0<\/p>\n<p><strong>Vous avez d\u00e9but\u00e9 sur Instagram, en postant des vid\u00e9os humoristiques. Mais vous semblez aller vers des r\u00f4les plus dramatiques\u2026<\/strong><\/p>\n<p><span class=\"s1\">Ce n\u2019est pas vraiment calcul\u00e9. J\u2019ai envie de jouer dans des films qui sont \u00e0 l\u2019image de ce que je regarde en tant que spectatrice, c\u2019est-\u00e0-dire des films qui me touchent, me font rire, pleurer, me questionner\u2026 Je n\u2019ai pas un genre de film favori et j\u2019esp\u00e8re, donc, avoir la possibilit\u00e9 de faire des choix diversifi\u00e9s.<\/span><\/p>\n<blockquote class=\"instagram-media\" data-instgrm-permalink=\"https:\/\/www.instagram.com\/p\/DKFVQ9_i7vM\/?utm_source=ig_embed&amp;utm_campaign=loading\" data-instgrm-version=\"14\" style=\"background:#FFF;border:0;border-radius:3px;margin: 1px;max-width:540px;min-width:326px;padding:0;width:99.375%;width:-webkit-calc(100% - 2px);width:calc(100% - 2px)\">\n<div style=\"padding:16px\"> <a href=\"https:\/\/www.instagram.com\/p\/DKFVQ9_i7vM\/?utm_source=ig_embed&amp;utm_campaign=loading\" style=\"background:#FFFFFF;line-height:0;padding:0 0;text-align:center;text-decoration:none;width:100%\" target=\"_blank\"> <\/p>\n<div style=\"flex-direction: row;align-items: center\">\n<div style=\"background-color: #F4F4F4;border-radius: 50%;flex-grow: 0;height: 40px;margin-right: 14px;width: 40px\"><\/div>\n<div style=\"flex-direction: column;flex-grow: 1;justify-content: center\">\n<div style=\"background-color: #F4F4F4;border-radius: 4px;flex-grow: 0;height: 14px;margin-bottom: 6px;width: 100px\"><\/div>\n<div style=\"background-color: #F4F4F4;border-radius: 4px;flex-grow: 0;height: 14px;width: 60px\"><\/div>\n<\/div>\n<\/div>\n<div style=\"padding: 19% 0\"><\/div>\n<div style=\"height:50px;margin:0 auto 12px;width:50px\"><\/div>\n<div style=\"padding-top: 8px\">\n<div style=\"color:#3897f0;font-family:Arial,sans-serif;font-size:14px;font-style:normal;font-weight:550;line-height:18px\">Voir cette publication sur Instagram<\/div>\n<\/div>\n<div style=\"padding: 12.5% 0\"><\/div>\n<div style=\"flex-direction: row;margin-bottom: 14px;align-items: center\">\n<div>\n<div style=\"background-color: #F4F4F4;border-radius: 50%;height: 12.5px;width: 12.5px\"><\/div>\n<div style=\"background-color: #F4F4F4;height: 12.5px;width: 12.5px;flex-grow: 0;margin-right: 14px;margin-left: 2px\"><\/div>\n<div style=\"background-color: #F4F4F4;border-radius: 50%;height: 12.5px;width: 12.5px\"><\/div>\n<\/div>\n<div style=\"margin-left: 8px\">\n<div style=\"background-color: #F4F4F4;border-radius: 50%;flex-grow: 0;height: 20px;width: 20px\"><\/div>\n<div style=\"width: 0;height: 0;border-top: 2px solid transparent;border-left: 6px solid #f4f4f4;border-bottom: 2px solid transparent\"><\/div>\n<\/div>\n<div style=\"margin-left: auto\">\n<div style=\"width: 0px;border-top: 8px solid #F4F4F4;border-right: 8px solid transparent\"><\/div>\n<div style=\"background-color: #F4F4F4;flex-grow: 0;height: 12px;width: 16px\"><\/div>\n<div style=\"width: 0;height: 0;border-top: 8px solid #F4F4F4;border-left: 8px solid transparent\"><\/div>\n<\/div>\n<\/div>\n<div style=\"flex-direction: column;flex-grow: 1;justify-content: center;margin-bottom: 24px\">\n<div style=\"background-color: #F4F4F4;border-radius: 4px;flex-grow: 0;height: 14px;margin-bottom: 6px;width: 224px\"><\/div>\n<div style=\"background-color: #F4F4F4;border-radius: 4px;flex-grow: 0;height: 14px;width: 144px\"><\/div>\n<\/div>\n<p><\/a><\/p>\n<p style=\"color:#c9c8cd;font-family:Arial,sans-serif;font-size:14px;line-height:17px;margin-bottom:0;margin-top:8px;overflow:hidden;padding:8px 0 7px;text-align:center;white-space:nowrap\"><a href=\"https:\/\/www.instagram.com\/p\/DKFVQ9_i7vM\/?utm_source=ig_embed&amp;utm_campaign=loading\" style=\"color:#c9c8cd;font-family:Arial,sans-serif;font-size:14px;font-style:normal;font-weight:normal;line-height:17px;text-decoration:none\" target=\"_blank\">Une publication partag\u00e9e par Anai\u0308de Rozam (@anaide.rozam)<\/a><\/p>\n<\/div>\n<\/blockquote>\n<div class=\"cookieconsent-optout-statistics cookieconsent-optout-marketing\"><\/div>\n<h2 class=\"wp-block-heading has-text-align-center\">\u201c<em>J\u2019ai une relation plus distanc\u00e9e qu\u2019avant avec les r\u00e9seaux.\u201d <\/em>Ana\u00efde Rozam<\/h2>\n<p><strong>Vous \u00eates devenue c\u00e9l\u00e8bre gr\u00e2ce aux r\u00e9seaux sociaux. Quel est aujourd\u2019hui, votre relation avec les r\u00e9seaux ?<\/strong><\/p>\n<p>J\u2019ai une relation plus distanc\u00e9e qu\u2019avant avec les r\u00e9seaux, en lien avec une exposition un peu plus grande qu\u2019il y a quelques ann\u00e9es. Avant, je montrais mon appartement, ma m\u00e8re, etc. Aujourd\u2019hui \u00e7a me para\u00eet fou de faire \u00e7a (je parle pour moi). J\u2019ai besoin et envie de me prot\u00e9ger. Je vois Instagram comme un terrain de jeu toujours humoristique, j\u2019aime partager des <em>stories<\/em> ou des posts dr\u00f4les de temps en temps, mais j\u2019essaie d\u2019y attacher moins d\u2019importance.<\/p>\n<p><strong>Que repr\u00e9sente dans votre carri\u00e8re le fait d\u2019avoir tourn\u00e9 pour <a href=\"https:\/\/numero.com\/culture\/cinema\/emilia-perez-de-jacques-audiard-un-chef-oeuvre-ne-dans-le-chaos\/\" target=\"_blank\" rel=\"noreferrer noopener\">Jacques Audiard<\/a>, dans le film <em>Les Olympiades<\/em>\u00a0(2021) ?<\/strong><\/p>\n<p>\u00c7a me touche beaucoup car c\u2019\u00e9tait mon premier long-m\u00e9trage (l\u2019actrice a ensuite jou\u00e9 dans le film <em><strong>Les Miens <\/strong><\/em>de <strong><a href=\"https:\/\/numero.com\/culture\/cinema\/les-meilleurs-roles-de-roschdy-zem-a-laffiche-de-elyas\/\" target=\"_blank\" rel=\"noreferrer noopener\">Roschdy Zem<\/a><\/strong>, qui n\u2019est autre que son oncle, dans <em>La Cour des miracles<\/em> de Rachida Brakni, <em>Magnificat<\/em>, <em>Un coup de ma\u00eetre<\/em> et <em>Z\u00e9nithal<\/em>, ndlr). L\u2019histoire est d\u2019ailleurs amusante, car je devais \u00e0 la base faire de la figuration. La directrice de casting, Christel Baras, m\u2019a ensuite rappel\u00e9e pour une sc\u00e8ne, puis une deuxi\u00e8me\u2026 Et j\u2019ai fini avec trois sc\u00e8nes dans ce film.<\/p>\n<blockquote class=\"instagram-media\" data-instgrm-permalink=\"https:\/\/www.instagram.com\/p\/DOyePdvEWLD\/?utm_source=ig_embed&amp;utm_campaign=loading\" data-instgrm-version=\"14\" style=\"background:#FFF;border:0;border-radius:3px;margin: 1px;max-width:540px;min-width:326px;padding:0;width:99.375%;width:-webkit-calc(100% - 2px);width:calc(100% - 2px)\">\n<div style=\"padding:16px\"> <a href=\"https:\/\/www.instagram.com\/p\/DOyePdvEWLD\/?utm_source=ig_embed&amp;utm_campaign=loading\" style=\"background:#FFFFFF;line-height:0;padding:0 0;text-align:center;text-decoration:none;width:100%\" target=\"_blank\"> <\/p>\n<div style=\"flex-direction: row;align-items: center\">\n<div style=\"background-color: #F4F4F4;border-radius: 50%;flex-grow: 0;height: 40px;margin-right: 14px;width: 40px\"><\/div>\n<div style=\"flex-direction: column;flex-grow: 1;justify-content: center\">\n<div style=\"background-color: #F4F4F4;border-radius: 4px;flex-grow: 0;height: 14px;margin-bottom: 6px;width: 100px\"><\/div>\n<div style=\"background-color: #F4F4F4;border-radius: 4px;flex-grow: 0;height: 14px;width: 60px\"><\/div>\n<\/div>\n<\/div>\n<div style=\"padding: 19% 0\"><\/div>\n<div style=\"height:50px;margin:0 auto 12px;width:50px\"><\/div>\n<div style=\"padding-top: 8px\">\n<div style=\"color:#3897f0;font-family:Arial,sans-serif;font-size:14px;font-style:normal;font-weight:550;line-height:18px\">Voir cette publication sur Instagram<\/div>\n<\/div>\n<div style=\"padding: 12.5% 0\"><\/div>\n<div style=\"flex-direction: row;margin-bottom: 14px;align-items: center\">\n<div>\n<div style=\"background-color: #F4F4F4;border-radius: 50%;height: 12.5px;width: 12.5px\"><\/div>\n<div style=\"background-color: #F4F4F4;height: 12.5px;width: 12.5px;flex-grow: 0;margin-right: 14px;margin-left: 2px\"><\/div>\n<div style=\"background-color: #F4F4F4;border-radius: 50%;height: 12.5px;width: 12.5px\"><\/div>\n<\/div>\n<div style=\"margin-left: 8px\">\n<div style=\"background-color: #F4F4F4;border-radius: 50%;flex-grow: 0;height: 20px;width: 20px\"><\/div>\n<div style=\"width: 0;height: 0;border-top: 2px solid transparent;border-left: 6px solid #f4f4f4;border-bottom: 2px solid transparent\"><\/div>\n<\/div>\n<div style=\"margin-left: auto\">\n<div style=\"width: 0px;border-top: 8px solid #F4F4F4;border-right: 8px solid transparent\"><\/div>\n<div style=\"background-color: #F4F4F4;flex-grow: 0;height: 12px;width: 16px\"><\/div>\n<div style=\"width: 0;height: 0;border-top: 8px solid #F4F4F4;border-left: 8px solid transparent\"><\/div>\n<\/div>\n<\/div>\n<div style=\"flex-direction: column;flex-grow: 1;justify-content: center;margin-bottom: 24px\">\n<div style=\"background-color: #F4F4F4;border-radius: 4px;flex-grow: 0;height: 14px;margin-bottom: 6px;width: 224px\"><\/div>\n<div style=\"background-color: #F4F4F4;border-radius: 4px;flex-grow: 0;height: 14px;width: 144px\"><\/div>\n<\/div>\n<p><\/a><\/p>\n<p style=\"color:#c9c8cd;font-family:Arial,sans-serif;font-size:14px;line-height:17px;margin-bottom:0;margin-top:8px;overflow:hidden;padding:8px 0 7px;text-align:center;white-space:nowrap\"><a href=\"https:\/\/www.instagram.com\/p\/DOyePdvEWLD\/?utm_source=ig_embed&amp;utm_campaign=loading\" style=\"color:#c9c8cd;font-family:Arial,sans-serif;font-size:14px;font-style:normal;font-weight:normal;line-height:17px;text-decoration:none\" target=\"_blank\">Une publication partag\u00e9e par Good Sisters (@goodsisters.files)<\/a><\/p>\n<\/div>\n<\/blockquote>\n<div class=\"cookieconsent-optout-statistics cookieconsent-optout-marketing\"><\/div>\n<h2 class=\"wp-block-heading has-text-align-center\">\u201c<em>Je veux jouer des personnages hauts en couleur, des femmes inspirantes, dr\u00f4les, m\u00e9chantes, folles, grandes.<\/em>\u201d\u00a0Ana\u00efde Rozam<\/h2>\n<p><strong>En r\u00e8gle g\u00e9n\u00e9rale, comment choisissez-vous vos r\u00f4les ? <\/strong><\/p>\n<p>Je choisis en fonction du sc\u00e9nario, de son histoire, mais aussi et surtout des dialogues. Il y a des films dont l\u2019histoire est passionnante et dont les r\u00e9pliques sont compliqu\u00e9es \u00e0 dire. Or, je pense que si une r\u00e9plique est mal \u00e9crite, le com\u00e9dien jouera mal, aussi talentueux soit-il. J\u2019ai aussi le souhait de jouer des personnages hauts en couleur, des femmes inspirantes, dr\u00f4les, m\u00e9chantes, folles, grandes.<\/p>\n<p><strong>Avec quels acteurs et r\u00e9alisateurs r\u00eaveriez-vous de tourner ?<\/strong><\/p>\n<p>Mon r\u00eave ultime, ce serait de travailler avec le r\u00e9alisateur grec <strong><a href=\"https:\/\/numero.com\/portrait\/yorgos-lanthimos\/\" target=\"_blank\" rel=\"noreferrer noopener\">Y\u00f3rgos L\u00e1nthimos<\/a><\/strong>. En France, je suis fan des films d\u2019<strong><a href=\"https:\/\/numero.com\/culture\/cinema\/hafsia-herzi-interview-la-petite-derniere\/\" target=\"_blank\" rel=\"noreferrer noopener\">Hafsia Herzi<\/a><\/strong>, d\u2019<strong>Emmanuelle Bercot<\/strong> et de <strong>Coralie Fargeat<\/strong>.<\/p>\n<blockquote class=\"instagram-media\" data-instgrm-permalink=\"https:\/\/www.instagram.com\/p\/DOtO5A8kdNk\/?utm_source=ig_embed&amp;utm_campaign=loading\" data-instgrm-version=\"14\" style=\"background:#FFF;border:0;border-radius:3px;margin: 1px;max-width:540px;min-width:326px;padding:0;width:99.375%;width:-webkit-calc(100% - 2px);width:calc(100% - 2px)\">\n<div style=\"padding:16px\"> <a href=\"https:\/\/www.instagram.com\/p\/DOtO5A8kdNk\/?utm_source=ig_embed&amp;utm_campaign=loading\" style=\"background:#FFFFFF;line-height:0;padding:0 0;text-align:center;text-decoration:none;width:100%\" target=\"_blank\"> <\/p>\n<div style=\"flex-direction: row;align-items: center\">\n<div style=\"background-color: #F4F4F4;border-radius: 50%;flex-grow: 0;height: 40px;margin-right: 14px;width: 40px\"><\/div>\n<div style=\"flex-direction: column;flex-grow: 1;justify-content: center\">\n<div style=\"background-color: #F4F4F4;border-radius: 4px;flex-grow: 0;height: 14px;margin-bottom: 6px;width: 100px\"><\/div>\n<div style=\"background-color: #F4F4F4;border-radius: 4px;flex-grow: 0;height: 14px;width: 60px\"><\/div>\n<\/div>\n<\/div>\n<div style=\"padding: 19% 0\"><\/div>\n<div style=\"height:50px;margin:0 auto 12px;width:50px\"><\/div>\n<div style=\"padding-top: 8px\">\n<div style=\"color:#3897f0;font-family:Arial,sans-serif;font-size:14px;font-style:normal;font-weight:550;line-height:18px\">Voir cette publication sur Instagram<\/div>\n<\/div>\n<div style=\"padding: 12.5% 0\"><\/div>\n<div style=\"flex-direction: row;margin-bottom: 14px;align-items: center\">\n<div>\n<div style=\"background-color: #F4F4F4;border-radius: 50%;height: 12.5px;width: 12.5px\"><\/div>\n<div style=\"background-color: #F4F4F4;height: 12.5px;width: 12.5px;flex-grow: 0;margin-right: 14px;margin-left: 2px\"><\/div>\n<div style=\"background-color: #F4F4F4;border-radius: 50%;height: 12.5px;width: 12.5px\"><\/div>\n<\/div>\n<div style=\"margin-left: 8px\">\n<div style=\"background-color: #F4F4F4;border-radius: 50%;flex-grow: 0;height: 20px;width: 20px\"><\/div>\n<div style=\"width: 0;height: 0;border-top: 2px solid transparent;border-left: 6px solid #f4f4f4;border-bottom: 2px solid transparent\"><\/div>\n<\/div>\n<div style=\"margin-left: auto\">\n<div style=\"width: 0px;border-top: 8px solid #F4F4F4;border-right: 8px solid transparent\"><\/div>\n<div style=\"background-color: #F4F4F4;flex-grow: 0;height: 12px;width: 16px\"><\/div>\n<div style=\"width: 0;height: 0;border-top: 8px solid #F4F4F4;border-left: 8px solid transparent\"><\/div>\n<\/div>\n<\/div>\n<div style=\"flex-direction: column;flex-grow: 1;justify-content: center;margin-bottom: 24px\">\n<div style=\"background-color: #F4F4F4;border-radius: 4px;flex-grow: 0;height: 14px;margin-bottom: 6px;width: 224px\"><\/div>\n<div style=\"background-color: #F4F4F4;border-radius: 4px;flex-grow: 0;height: 14px;width: 144px\"><\/div>\n<\/div>\n<p><\/a><\/p>\n<p style=\"color:#c9c8cd;font-family:Arial,sans-serif;font-size:14px;line-height:17px;margin-bottom:0;margin-top:8px;overflow:hidden;padding:8px 0 7px;text-align:center;white-space:nowrap\"><a href=\"https:\/\/www.instagram.com\/p\/DOtO5A8kdNk\/?utm_source=ig_embed&amp;utm_campaign=loading\" style=\"color:#c9c8cd;font-family:Arial,sans-serif;font-size:14px;font-style:normal;font-weight:normal;line-height:17px;text-decoration:none\" target=\"_blank\">Une publication partag\u00e9e par Good Sisters (@goodsisters.files)<\/a><\/p>\n<\/div>\n<\/blockquote>\n<div class=\"cookieconsent-optout-statistics cookieconsent-optout-marketing\"><\/div>\n<h2 class=\"wp-block-heading has-text-align-center\">\u201c<em>Quand ma m\u00e8re est arriv\u00e9e en France, elle a grandi avec l\u2019id\u00e9e qu\u2019il fallait s\u2019int\u00e9grer.<\/em>\u201d\u00a0Ana\u00efde Rozam<\/h2>\n<p><strong>Est-ce vrai que <a href=\"https:\/\/numero.com\/culture\/linterview-confinee-avec-leila-bekhti-sa-serie-netflix-avec-damien-chazelle-celine-dion-et-tahar-rahim\/\" target=\"_blank\" rel=\"noreferrer noopener\">Le\u00efla Bekhti<\/a> a jou\u00e9 les bonnes f\u00e9es en d\u00e9couvrant vos vid\u00e9os\u00a0sur Instagram ?<\/strong><\/p>\n<p>Elle a \u00e9t\u00e9 merveilleuse avec moi, car d\u2019une simplicit\u00e9 et d\u2019une g\u00e9n\u00e9rosit\u00e9 folle. Elle m\u2019a envoy\u00e9 un message sur Instagram en me disant : \u201c<em>Coucou, j\u2019adore tes vid\u00e9os, t\u2019as un agent ?<\/em>\u201d. J\u2019ai r\u00e9pondu que non et la semaine d\u2019apr\u00e8s, j\u2019avais rendez-vous avec Emmanuelle Ramade de l\u2019agence Ad\u00e9quat. Cela fait maintenant quatre ans que je suis avec Emmanuelle et \u00e7a se passe magnifiquement bien.<\/p>\n<p><strong>R\u00e9cemment, vous confiez \u00e0<em> L\u2019Orient-Le Jour<\/em> : \u201c<em>Je suis de cette g\u00e9n\u00e9ration qui veut r\u00e9apprendre son arabit\u00e9 perdue<\/em>.\u201d Pourriez-vous nous en dire plus sur le sujet ?<\/strong><\/p>\n<p>J\u2019ai un amour pour la transmission depuis toujours et il est vrai que je suis assez frustr\u00e9e de ne pas pouvoir transmettre mon lien au<strong> Maroc<\/strong> \u00e0 mes enfants (que je n\u2019ai pas encore) parce que je sais pas parler arabe par exemple, ou parce que je ne connais pas bien les traditions. Quand ma m\u00e8re est arriv\u00e9e en France b\u00e9b\u00e9, elle a grandi avec l\u2019id\u00e9e qu\u2019il fallait s\u2019int\u00e9grer. Moi, je grandis avec cette id\u00e9e de me rapprocher du pays quitt\u00e9 par mes grands-parents. Je suis tr\u00e8s attach\u00e9e au lien transg\u00e9n\u00e9rationnel.<\/p>\n<p><em>Culte, cr\u00e9\u00e9e par Matthieu Rumani et Nicolas Slomka, diffus\u00e9e sur M6 le 31 mars 2026.<\/em><\/p>\n<\/p><\/div>\n<\/p><\/div>\n<div class=\"col-lg-3\">\n<div class=\"suggested-posts padding-top-s\">\n<div class=\"title\">Recommand\u00e9<\/div>\n<div class=\"post-card\">\n\t\t\t\t\t\t\t\t\t\t<a class=\"post-link d-flex\" href=\"https:\/\/numero.com\/culture\/series\/interview-de-doria-tillier-et-geraldine-nakache-sur-les-enfants-sont-rois\/\"><\/p>\n<div class=\"container-img\">\n\t\t\t\t\t\t\t\t\t\t\t\t<img decoding=\"async\" width=\"640\" height=\"426\" src=\"https:\/\/numero.com\/wp-content\/uploads\/2024\/10\/les-enfants-sont-rois-geraldine-nakache-doria-tillier10-1-768x511.jpg\" class=\"img-fluid\" alt=\"G\u00e9raldine Nakache.\" loading=\"lazy\">\t\t\t\t\t\t\t\t\t\t\t\t<\/p>\n<p class=\"number\">23<\/p>\n<\/p><\/div>\n<div class=\"card-info d-flex\">\n<div>\n<p class=\"cat-title\">S\u00e9ries<\/p>\n<h3 class=\"post-title\">Doria Tillier et G\u00e9raldine Nakache nous racontent la s\u00e9rie Les enfants sont rois<\/h3>\n<\/p><\/div>\n<p class=\"date\">\n\t\t\t\t\t\t\t\t\t\t\t\t\t23 oct 2024\t\t\t\t\t\t\t\t\t\t\t\t<\/p>\n<\/p><\/div>\n<p>\t\t\t\t\t\t\t\t\t\t<\/a>\n\t\t\t\t\t\t\t\t\t<\/div>\n<div class=\"post-card\">\n\t\t\t\t\t\t\t\t\t\t<a class=\"post-link d-flex\" href=\"https:\/\/numero.com\/culture\/cinema\/je-verrai-toujours-vos-visages-leila-bekhti\/\"><\/p>\n<div class=\"container-img\">\n\t\t\t\t\t\t\t\t\t\t\t\t<img decoding=\"async\" width=\"640\" height=\"316\" src=\"https:\/\/numero.com\/wp-content\/uploads\/2024\/06\/je-verrai-toujours-vos-visages-adele-exarchopoulos-push-768x379.jpg\" class=\"img-fluid\" alt loading=\"lazy\">\t\t\t\t\t\t\t\t\t\t\t\t<\/p>\n<p class=\"number\">28<\/p>\n<\/p><\/div>\n<div class=\"card-info d-flex\">\n<div>\n<p class=\"cat-title\">Cin\u00e9ma<\/p>\n<h3 class=\"post-title\">Pourquoi faut-il (re)voir Je verrai toujours vos visages avec Le\u00efla Bekhti, sur Canal+ ?<\/h3>\n<\/p><\/div>\n<p class=\"date\">\n\t\t\t\t\t\t\t\t\t\t\t\t\t28 mars 2023\t\t\t\t\t\t\t\t\t\t\t\t<\/p>\n<\/p><\/div>\n<p>\t\t\t\t\t\t\t\t\t\t<\/a>\n\t\t\t\t\t\t\t\t\t<\/div>\n<div class=\"post-card\">\n\t\t\t\t\t\t\t\t\t\t<a class=\"post-link d-flex\" href=\"https:\/\/numero.com\/culture\/cinema\/francois-civil-nadia-tereszkiewicz-deux-pianos\/\"><\/p>\n<div class=\"container-img\">\n\t\t\t\t\t\t\t\t\t\t\t\t<img decoding=\"async\" width=\"640\" height=\"408\" src=\"https:\/\/numero.com\/wp-content\/uploads\/2024\/12\/Nadia-2-768x490.jpg\" class=\"img-fluid\" alt=\"Nadia Tereszkiewicz au d\u00e9fil\u00e9 Dior au Jardin des Tuileries le 27 f\u00e9vrier 2024 \u00a9 Swan Gallet\/WWD via Getty Images.\" loading=\"lazy\">\t\t\t\t\t\t\t\t\t\t\t\t<\/p>\n<p class=\"number\">14<\/p>\n<\/p><\/div>\n<div class=\"card-info d-flex\">\n<div>\n<p class=\"cat-title\">Cin\u00e9ma<\/p>\n<h3 class=\"post-title\">Deux pianos : que faut-il attendre du film avec Fran\u00e7ois Civil et Nadia Tereszkiewicz ?<\/h3>\n<\/p><\/div>\n<p class=\"date\">\n\t\t\t\t\t\t\t\t\t\t\t\t\t14 oct 2025\t\t\t\t\t\t\t\t\t\t\t\t<\/p>\n<\/p><\/div>\n<p>\t\t\t\t\t\t\t\t\t\t<\/a>\n\t\t\t\t\t\t\t\t\t<\/div>\n<div class=\"post-card\">\n\t\t\t\t\t\t\t\t\t\t<a class=\"post-link d-flex\" href=\"https:\/\/numero.com\/culture\/cinema\/les-meilleurs-roles-de-roschdy-zem-a-laffiche-de-elyas\/\"><\/p>\n<div class=\"container-img\">\n\t\t\t\t\t\t\t\t\t\t\t\t<img decoding=\"async\" width=\"640\" height=\"804\" src=\"https:\/\/numero.com\/wp-content\/uploads\/2024\/02\/roschdy-zem-3-768x965.jpg\" class=\"img-fluid\" alt=\"Roschdy Zem.\" loading=\"lazy\">\t\t\t\t\t\t\t\t\t\t\t\t<\/p>\n<p class=\"number\">23<\/p>\n<\/p><\/div>\n<div class=\"card-info d-flex\">\n<div>\n<p class=\"cat-title\">Cin\u00e9ma<\/p>\n<h3 class=\"post-title\">Les meilleurs r\u00f4les de Roschdy Zem \u00e0 l\u2019affiche de L\u2019Innocent, diffus\u00e9 sur Arte<\/h3>\n<\/p><\/div>\n<p class=\"date\">\n\t\t\t\t\t\t\t\t\t\t\t\t\t23 oct 2024\t\t\t\t\t\t\t\t\t\t\t\t<\/p>\n<\/p><\/div>\n<p>\t\t\t\t\t\t\t\t\t\t<\/a>\n\t\t\t\t\t\t\t\t\t<\/div>\n<\/p><\/div>\n<\/p><\/div>\n<\/p><\/div>\n<div class=\"padding-top-s\">\n<div class=\"ad banner desktop\">\n<div class=\"container\">\n<div class=\"row\">\n            <!-- \/21730003857\/numero-ad-unit\/numero-banner-1 --><\/p>\n<div id=\"div-gpt-ad-1757006327907-0\" style=\"min-width: 350px\">\n<p>                    googletag.cmd.push(function () {<br \/>\n                        googletag.display(&#8216;div-gpt-ad-1757006327907-0&#8217;);<br \/>\n                    });<\/p><\/div>\n<\/p><\/div>\n<\/p><\/div>\n<\/div><\/div>\n<\/p><\/div>\n<\/section>\n<p>        <button class=\"btn-newsletter btn-outline-white my-5\" id=\"open-modal-newsletter\">Inscrivez-vous \u00e0 la newsletter<\/button>\t\t<\/p>\n<section class=\"related-posts post-list padding-top-m padding-bottom-s\">\n<div class=\"container\">\n<h2 class=\"title mx-auto\">\u00c0 lire aussi<\/h2>\n<div class=\"row\">\n<div class=\"col-lg-3\">\n<div class=\"post-card desktop\">\n\t\t\t\t\t\t\t\t\t\t<a class=\"post-link\" href=\"https:\/\/numero.com\/mode\/13-heroines-de-series-tres-mode-dont-le-style-nous-inspire\/\"><\/p>\n<div class=\"container-img\">\n\t\t\t\t\t\t\t\t\t\t\t\t<img decoding=\"async\" width=\"640\" height=\"804\" src=\"https:\/\/numero.com\/wp-content\/uploads\/2025\/04\/thumb-heroines-de-series-tres-mode-dont-le-style-nous-inspire-carolyn-bessette-768x965.jpg\" class=\"img-fluid\" alt loading=\"lazy\">\t\t\t\t\t\t\t\t\t\t\t\t<\/p>\n<div class=\"number\">30<\/div>\n<\/p><\/div>\n<div class=\"card-info\">\n<div class=\"meta d-flex justify-content-between\">\n<p class=\"cat-title\">Mode<\/p>\n<p class=\"date\">\n\t\t\t\t\t\t\t\t\t\t\t\t\t\t30 mars 2026\t\t\t\t\t\t\t\t\t\t\t\t\t<\/p>\n<\/p><\/div>\n<div class=\"post-title\">16 h\u00e9ro\u00efnes de s\u00e9ries tr\u00e8s mode dont le style nous inspire<\/div>\n<\/p><\/div>\n<p>\t\t\t\t\t\t\t\t\t\t<\/a>\n\t\t\t\t\t\t\t\t\t<\/div>\n<div class=\"post-card mobile\">\n\t\t\t\t\t\t\t\t\t\t<a class=\"post-link d-flex\" href=\"https:\/\/numero.com\/mode\/13-heroines-de-series-tres-mode-dont-le-style-nous-inspire\/\"><\/p>\n<div class=\"container-img\">\n\t\t\t\t\t\t\t\t\t\t\t\t<img decoding=\"async\" width=\"640\" height=\"804\" src=\"https:\/\/numero.com\/wp-content\/uploads\/2025\/04\/thumb-heroines-de-series-tres-mode-dont-le-style-nous-inspire-carolyn-bessette-768x965.jpg\" class=\"img-fluid\" alt loading=\"lazy\">\t\t\t\t\t\t\t\t\t\t\t\t<\/p>\n<div class=\"number\">30<\/div>\n<\/p><\/div>\n<div class=\"card-info d-flex\">\n<div>\n<p class=\"cat-title\">Mode<\/p>\n<h3 class=\"post-title\">16 h\u00e9ro\u00efnes de s\u00e9ries tr\u00e8s mode dont le style nous inspire<\/h3>\n<\/p><\/div>\n<p class=\"date\">\n\t\t\t\t\t\t\t\t\t\t\t\t\t30 mars 2026\t\t\t\t\t\t\t\t\t\t\t\t<\/p>\n<\/p><\/div>\n<p>\t\t\t\t\t\t\t\t\t\t<\/a>\n\t\t\t\t\t\t\t\t\t<\/div>\n<\/p><\/div>\n<div class=\"col-lg-3\">\n<div class=\"post-card desktop\">\n\t\t\t\t\t\t\t\t\t\t<a class=\"post-link\" href=\"https:\/\/numero.com\/culture\/series\/the-white-lotus-mike-white-saison-4\/\"><\/p>\n<div class=\"container-img\">\n\t\t\t\t\t\t\t\t\t\t\t\t<img decoding=\"async\" width=\"640\" height=\"804\" src=\"https:\/\/numero.com\/wp-content\/uploads\/2026\/01\/charlotte-le-bon-768x965.jpg\" class=\"img-fluid\" alt=\"Charlotte Le Bon dans la s\u00e9rie The White Lotus.\" loading=\"lazy\">\t\t\t\t\t\t\t\t\t\t\t\t<\/p>\n<div class=\"number\">30<\/div>\n<\/p><\/div>\n<div class=\"card-info\">\n<div class=\"meta d-flex justify-content-between\">\n<p class=\"cat-title\">S\u00e9ries<\/p>\n<p class=\"date\">\n\t\t\t\t\t\t\t\t\t\t\t\t\t\t30 mars 2026\t\t\t\t\t\t\t\t\t\t\t\t\t<\/p>\n<\/p><\/div>\n<div class=\"post-title\">The White Lotus : quels acteurs fran\u00e7ais joueront dans la saison 4 ?<\/div>\n<\/p><\/div>\n<p>\t\t\t\t\t\t\t\t\t\t<\/a>\n\t\t\t\t\t\t\t\t\t<\/div>\n<div class=\"post-card mobile\">\n\t\t\t\t\t\t\t\t\t\t<a class=\"post-link d-flex\" href=\"https:\/\/numero.com\/culture\/series\/the-white-lotus-mike-white-saison-4\/\"><\/p>\n<div class=\"container-img\">\n\t\t\t\t\t\t\t\t\t\t\t\t<img decoding=\"async\" width=\"640\" height=\"804\" src=\"https:\/\/numero.com\/wp-content\/uploads\/2026\/01\/charlotte-le-bon-768x965.jpg\" class=\"img-fluid\" alt=\"Charlotte Le Bon dans la s\u00e9rie The White Lotus.\" loading=\"lazy\">\t\t\t\t\t\t\t\t\t\t\t\t<\/p>\n<div class=\"number\">30<\/div>\n<\/p><\/div>\n<div class=\"card-info d-flex\">\n<div>\n<p class=\"cat-title\">S\u00e9ries<\/p>\n<h3 class=\"post-title\">The White Lotus : quels acteurs fran\u00e7ais joueront dans la saison 4 ?<\/h3>\n<\/p><\/div>\n<p class=\"date\">\n\t\t\t\t\t\t\t\t\t\t\t\t\t30 mars 2026\t\t\t\t\t\t\t\t\t\t\t\t<\/p>\n<\/p><\/div>\n<p>\t\t\t\t\t\t\t\t\t\t<\/a>\n\t\t\t\t\t\t\t\t\t<\/div>\n<\/p><\/div>\n<div class=\"col-lg-3\">\n<div class=\"post-card desktop\">\n\t\t\t\t\t\t\t\t\t\t<a class=\"post-link\" href=\"https:\/\/numero.com\/culture\/series\/peaked-molly-gordon-dua-lipa\/\"><\/p>\n<div class=\"container-img\">\n\t\t\t\t\t\t\t\t\t\t\t\t<img decoding=\"async\" width=\"640\" height=\"804\" src=\"https:\/\/numero.com\/wp-content\/uploads\/2026\/03\/Dua-Lipa-2-768x965.jpg\" class=\"img-fluid\" alt=\"Dua Lipa \u00e0 la soir\u00e9e Vanity Fair des Oscars 2026, le 15 mars 2026 \u00e0 Los Angeles. \u00a9 Jamie McCarthy\/WireImage.\" loading=\"lazy\">\t\t\t\t\t\t\t\t\t\t\t\t<\/p>\n<div class=\"number\">30<\/div>\n<\/p><\/div>\n<div class=\"card-info\">\n<div class=\"meta d-flex justify-content-between\">\n<p class=\"cat-title\">S\u00e9ries<\/p>\n<p class=\"date\">\n\t\t\t\t\t\t\t\t\t\t\t\t\t\t30 mars 2026\t\t\t\t\t\t\t\t\t\t\t\t\t<\/p>\n<\/p><\/div>\n<div class=\"post-title\">Quel film A24 r\u00e9unira Dua Lipa et Connor Storrie ?\u00a0<\/div>\n<\/p><\/div>\n<p>\t\t\t\t\t\t\t\t\t\t<\/a>\n\t\t\t\t\t\t\t\t\t<\/div>\n<div class=\"post-card mobile\">\n\t\t\t\t\t\t\t\t\t\t<a class=\"post-link d-flex\" href=\"https:\/\/numero.com\/culture\/series\/peaked-molly-gordon-dua-lipa\/\"><\/p>\n<div class=\"container-img\">\n\t\t\t\t\t\t\t\t\t\t\t\t<img decoding=\"async\" width=\"640\" height=\"804\" src=\"https:\/\/numero.com\/wp-content\/uploads\/2026\/03\/Dua-Lipa-2-768x965.jpg\" class=\"img-fluid\" alt=\"Dua Lipa \u00e0 la soir\u00e9e Vanity Fair des Oscars 2026, le 15 mars 2026 \u00e0 Los Angeles. \u00a9 Jamie McCarthy\/WireImage.\" loading=\"lazy\">\t\t\t\t\t\t\t\t\t\t\t\t<\/p>\n<div class=\"number\">30<\/div>\n<\/p><\/div>\n<div class=\"card-info d-flex\">\n<div>\n<p class=\"cat-title\">S\u00e9ries<\/p>\n<h3 class=\"post-title\">Quel film A24 r\u00e9unira Dua Lipa et Connor Storrie ?\u00a0<\/h3>\n<\/p><\/div>\n<p class=\"date\">\n\t\t\t\t\t\t\t\t\t\t\t\t\t30 mars 2026\t\t\t\t\t\t\t\t\t\t\t\t<\/p>\n<\/p><\/div>\n<p>\t\t\t\t\t\t\t\t\t\t<\/a>\n\t\t\t\t\t\t\t\t\t<\/div>\n<\/p><\/div>\n<div class=\"col-lg-3\">\n<div class=\"post-card desktop\">\n\t\t\t\t\t\t\t\t\t\t<a class=\"post-link\" href=\"https:\/\/numero.com\/culture\/series\/la-famille-kennedy-au-coeur-dune-serie-netflix\/\"><\/p>\n<div class=\"container-img\">\n\t\t\t\t\t\t\t\t\t\t\t\t<img decoding=\"async\" width=\"640\" height=\"804\" src=\"https:\/\/numero.com\/wp-content\/uploads\/2025\/10\/thumb-serie-kennedy-numero-magazine-768x965.jpg\" class=\"img-fluid\" alt=\"Netflix pr\u00e9pare une s\u00e9rie sur la famille Kennedy avec Michael Fassbender.\" loading=\"lazy\">\t\t\t\t\t\t\t\t\t\t\t\t<\/p>\n<div class=\"number\">30<\/div>\n<\/p><\/div>\n<div class=\"card-info\">\n<div class=\"meta d-flex justify-content-between\">\n<p class=\"cat-title\">S\u00e9ries<\/p>\n<p class=\"date\">\n\t\t\t\t\t\t\t\t\t\t\t\t\t\t30 mars 2026\t\t\t\t\t\t\t\t\t\t\t\t\t<\/p>\n<\/p><\/div>\n<div class=\"post-title\">D\u00e9couvrez la premi\u00e8re image de Michael Fassbender dans la s\u00e9rie sur les Kennedy<\/div>\n<\/p><\/div>\n<p>\t\t\t\t\t\t\t\t\t\t<\/a>\n\t\t\t\t\t\t\t\t\t<\/div>\n<div class=\"post-card mobile\">\n\t\t\t\t\t\t\t\t\t\t<a class=\"post-link d-flex\" href=\"https:\/\/numero.com\/culture\/series\/la-famille-kennedy-au-coeur-dune-serie-netflix\/\"><\/p>\n<div class=\"container-img\">\n\t\t\t\t\t\t\t\t\t\t\t\t<img decoding=\"async\" width=\"640\" height=\"804\" src=\"https:\/\/numero.com\/wp-content\/uploads\/2025\/10\/thumb-serie-kennedy-numero-magazine-768x965.jpg\" class=\"img-fluid\" alt=\"Netflix pr\u00e9pare une s\u00e9rie sur la famille Kennedy avec Michael Fassbender.\" loading=\"lazy\">\t\t\t\t\t\t\t\t\t\t\t\t<\/p>\n<div class=\"number\">30<\/div>\n<\/p><\/div>\n<div class=\"card-info d-flex\">\n<div>\n<p class=\"cat-title\">S\u00e9ries<\/p>\n<h3 class=\"post-title\">D\u00e9couvrez la premi\u00e8re image de Michael Fassbender dans la s\u00e9rie sur les Kennedy<\/h3>\n<\/p><\/div>\n<p class=\"date\">\n\t\t\t\t\t\t\t\t\t\t\t\t\t30 mars 2026\t\t\t\t\t\t\t\t\t\t\t\t<\/p>\n<\/p><\/div>\n<p>\t\t\t\t\t\t\t\t\t\t<\/a>\n\t\t\t\t\t\t\t\t\t<\/div>\n<\/p><\/div>\n<\/p><\/div>\n<\/p><\/div>\n<\/section>\n<div class=\"padding-bottom-s\">\n<div class=\"ad banner desktop\">\n<div class=\"container\">\n<div class=\"row\">\n            <!-- \/21730003857\/numero-ad-unit\/numero-banner-1 --><\/p>\n<div id=\"div-gpt-ad-1757006327907-0\" style=\"min-width: 350px\">\n<p>                    googletag.cmd.push(function () {<br \/>\n                        googletag.display(&#8216;div-gpt-ad-1757006327907-0&#8217;);<br \/>\n                    });<\/p><\/div>\n<\/p><\/div>\n<\/p><\/div>\n<\/div><\/div>\n<\/p><\/div>\n","protected":false},"excerpt":{"rendered":"<p>31 31 googletag.cmd.push(function () { googletag.display(&#8216;div-gpt-ad-1757063143832-0&#8217;); }); Lien copi\u00e9 S\u00e9ries 31 mars 2026 Les confessions d\u2019Ana\u00efde Rozam, nouvelle star d\u00e9jant\u00e9e du cin\u00e9ma fran\u00e7ais Apr\u00e8s nous avoir fait rire avec ses vid\u00e9os d\u00e9cal\u00e9es post\u00e9es sur Instagram et son apparition dans l\u2019\u00e9mission LOL : qui rit, sort !, l\u2019actrice Ana\u00efde Rozam impressionnait, en 2024 dans l\u2019une des [&hellip;]<\/p>\n","protected":false},"author":1,"featured_media":0,"comment_status":"open","ping_status":"","sticky":false,"template":"","format":"standard","meta":{"footnotes":""},"categories":[1],"tags":[226,258],"class_list":["post-1855726","post","type-post","status-publish","format-standard","hentry","category-uncategorized","tag-crawlmanager","tag-numero-com"],"_links":{"self":[{"href":"https:\/\/analyse.optim.biz\/index.php?rest_route=\/wp\/v2\/posts\/1855726","targetHints":{"allow":["GET"]}}],"collection":[{"href":"https:\/\/analyse.optim.biz\/index.php?rest_route=\/wp\/v2\/posts"}],"about":[{"href":"https:\/\/analyse.optim.biz\/index.php?rest_route=\/wp\/v2\/types\/post"}],"author":[{"embeddable":true,"href":"https:\/\/analyse.optim.biz\/index.php?rest_route=\/wp\/v2\/users\/1"}],"replies":[{"embeddable":true,"href":"https:\/\/analyse.optim.biz\/index.php?rest_route=%2Fwp%2Fv2%2Fcomments&post=1855726"}],"version-history":[{"count":1,"href":"https:\/\/analyse.optim.biz\/index.php?rest_route=\/wp\/v2\/posts\/1855726\/revisions"}],"predecessor-version":[{"id":1953315,"href":"https:\/\/analyse.optim.biz\/index.php?rest_route=\/wp\/v2\/posts\/1855726\/revisions\/1953315"}],"wp:attachment":[{"href":"https:\/\/analyse.optim.biz\/index.php?rest_route=%2Fwp%2Fv2%2Fmedia&parent=1855726"}],"wp:term":[{"taxonomy":"category","embeddable":true,"href":"https:\/\/analyse.optim.biz\/index.php?rest_route=%2Fwp%2Fv2%2Fcategories&post=1855726"},{"taxonomy":"post_tag","embeddable":true,"href":"https:\/\/analyse.optim.biz\/index.php?rest_route=%2Fwp%2Fv2%2Ftags&post=1855726"}],"curies":[{"name":"wp","href":"https:\/\/api.w.org\/{rel}","templated":true}]}}