{"id":185565,"date":"2015-03-02T09:33:19","date_gmt":"2015-03-02T06:33:19","guid":{"rendered":"https:\/\/analyse.optim.biz\/?p=185565"},"modified":"2015-03-02T09:33:19","modified_gmt":"2015-03-02T06:33:19","slug":"victor-ponta-eu-nu-vreau-un-guvern-pnl-sau-unul-al-lui-klaus-iohannis","status":"publish","type":"post","link":"https:\/\/analyse.optim.biz\/?p=185565","title":{"rendered":"Victor Ponta: Eu nu vreau un guvern PNL sau unul al lui Klaus Iohannis"},"content":{"rendered":"<div class=\"entry data-app-meta data-app-meta-article\" data-embed-base-url-canonical=\"https:\/\/www.digi24.ro\/embed\/stiri\/actualitate\/politica\/victor-ponta-eu-nu-vreau-un-guvern-pnl-sau-unul-al-lui-klaus-iohannis-365467\">\n<p data-index=\"1\">\u00a0\u00a0<\/p>\n<p data-index=\"2\">\u00cen acest context, Victor Ponta a precizat c\u0103 \u015fi Traian B\u0103sescu \u015fi-a dorit un executiv PDL \u015fi nu a fost bine.\u00a0<\/p>\n<p data-index=\"3\">&#8220;Eu nu vreau un guvern PNL sau unul al lui Klaus Iohannis pentru c\u0103 nu a venit cu el de acas\u0103. Vreau s\u0103 fie un Guvern al Rom\u00e2niei. \u015ei Traian B\u0103sescu voia Guvernul lui \u015fi a\u0163i v\u0103zut ce s-a ales&#8221;, a spus Victor Ponta.<\/p>\n<p data-index=\"4\">\u00cen opinia premierului, Cabinetul pe care \u00eel conduce \u015fi-a respecat promisiunile privind re\u00eentregirea pensiilor \u0219i a salariilor t\u0103iate de guvernul Boc, iar Guvernul ar trebui schimbat doar dac\u0103 majoritatea parlamentar\u0103 va fi modificat\u0103 \u00een urma alegerilor de anul viitor.<\/p>\n<\/div>\n<p> Source URL: https:\/\/www.digi24.ro\/stiri\/actualitate\/politica\/victor-ponta-eu-nu-vreau-un-guvern-pnl-sau-unul-al-lui-klaus-iohannis-365467<\/p>\n","protected":false},"excerpt":{"rendered":"<p>\u00a0\u00a0 \u00cen acest context, Victor Ponta a precizat c\u0103 \u015fi Traian B\u0103sescu \u015fi-a dorit un executiv PDL \u015fi nu a fost bine.\u00a0 &#8220;Eu nu vreau un guvern PNL sau unul al lui Klaus Iohannis pentru c\u0103 nu a venit cu el de acas\u0103. Vreau s\u0103 fie un Guvern al Rom\u00e2niei. \u015ei Traian B\u0103sescu voia Guvernul [&hellip;]<\/p>\n","protected":false},"author":1,"featured_media":185566,"comment_status":"open","ping_status":"","sticky":false,"template":"","format":"standard","meta":{"footnotes":""},"categories":[2],"tags":[11],"class_list":["post-185565","post","type-post","status-publish","format-standard","has-post-thumbnail","hentry","category-politics","tag-digi24"],"_links":{"self":[{"href":"https:\/\/analyse.optim.biz\/index.php?rest_route=\/wp\/v2\/posts\/185565","targetHints":{"allow":["GET"]}}],"collection":[{"href":"https:\/\/analyse.optim.biz\/index.php?rest_route=\/wp\/v2\/posts"}],"about":[{"href":"https:\/\/analyse.optim.biz\/index.php?rest_route=\/wp\/v2\/types\/post"}],"author":[{"embeddable":true,"href":"https:\/\/analyse.optim.biz\/index.php?rest_route=\/wp\/v2\/users\/1"}],"replies":[{"embeddable":true,"href":"https:\/\/analyse.optim.biz\/index.php?rest_route=%2Fwp%2Fv2%2Fcomments&post=185565"}],"version-history":[{"count":0,"href":"https:\/\/analyse.optim.biz\/index.php?rest_route=\/wp\/v2\/posts\/185565\/revisions"}],"wp:featuredmedia":[{"embeddable":true,"href":"https:\/\/analyse.optim.biz\/index.php?rest_route=\/wp\/v2\/media\/185566"}],"wp:attachment":[{"href":"https:\/\/analyse.optim.biz\/index.php?rest_route=%2Fwp%2Fv2%2Fmedia&parent=185565"}],"wp:term":[{"taxonomy":"category","embeddable":true,"href":"https:\/\/analyse.optim.biz\/index.php?rest_route=%2Fwp%2Fv2%2Fcategories&post=185565"},{"taxonomy":"post_tag","embeddable":true,"href":"https:\/\/analyse.optim.biz\/index.php?rest_route=%2Fwp%2Fv2%2Ftags&post=185565"}],"curies":[{"name":"wp","href":"https:\/\/api.w.org\/{rel}","templated":true}]}}