{"id":185559,"date":"2015-02-24T15:23:56","date_gmt":"2015-02-24T12:23:56","guid":{"rendered":"https:\/\/analyse.optim.biz\/?p=185559"},"modified":"2015-02-24T15:23:56","modified_gmt":"2015-02-24T12:23:56","slug":"eduard-hellvig-despre-salariul-de-sef-al-sri-sotia-nu-e-foarte-incantata-am-discutii-acasa","status":"publish","type":"post","link":"https:\/\/analyse.optim.biz\/?p=185559","title":{"rendered":"Eduard Hellvig, despre salariul de \u015fef al SRI: So\u0163ia nu e foarte \u00eenc\u00e2ntat\u0103. Am discu\u0163ii acas\u0103"},"content":{"rendered":"<div class=\"entry data-app-meta data-app-meta-article\" data-embed-base-url-canonical=\"https:\/\/www.digi24.ro\/embed\/stiri\/actualitate\/politica\/eduard-hellvig-despre-salariul-de-sef-al-sri-sotia-nu-e-foarte-incantata-am-discutii-acasa-363344\">\n<p data-index=\"1\">\u00a0<img decoding=\"async\" src=\"https:\/\/analyse.optim.biz\/wp-content\/uploads\/2024\/09\/ryz3ptgwmczoyxnopwixzge0mjjlmzmwmdazy2fjodc4mjc3ymu0ywjmotyz-thumb_.jpg\" data-skip-htmlfix=\"1\" title=\"ryz3ptgwmczoyxnopwixzge0mjjlmzmwmdazy2fjodc4mjc3ymu0ywjmotyz-thumb_\"><\/p>\n<p data-index=\"2\"><em>Eduard Hellvig \/ FOTO: MediafaxFoto<\/em><\/p>\n<p data-index=\"3\">&#8220;E o schimbare financiar\u0103. Astea sunt discu\u0163iile care le am acas\u0103, \u00eentr-adev\u0103r. V\u0103 confirm acest lucru. So\u0163ia nu este foarte \u00eenc\u00e2ntat\u0103&#8221;, a spus Hellvig, r\u0103spunz\u00e2nd unei \u00eentreb\u0103ri referitoare la trecerea de la salariul de europarlamentar la cel de \u015fef al SRI.<\/p>\n<p data-index=\"4\">El a ar\u0103tat c\u0103 viitorul statut de \u015fef al SRI reprezint\u0103 o schimbare &#8220;fundamental\u0103&#8221; a viitorului s\u0103u \u015fi a familiei sale, fapt la care a reflectat \u00eenainte de a accepta propunerea pe care i-a f\u0103cut-o pre\u015fedintele\u00a0Klaus Iohannis, informeaz\u0103 Mediafax.<\/p>\n<p data-index=\"5\">&#8220;Pre\u015fedintele Iohannis m-a contactat \u015fi mi-a propus (func\u0163ia de \u015fef SRI, n.r.). Am avut o \u00eent\u00e2lnire privat\u0103, nu telefonic\u0103. A trebuit s\u0103 stau un pic s\u0103 m\u0103 g\u00e2ndesc, pentru c\u0103 e o schimbare fundamental\u0103 a viitorului meu \u015fi a familiei mele&#8221;, a spus Eduard Hellvig.<\/p>\n<p data-index=\"6\">El a ar\u0103tat c\u0103 va demisiona din PNL \u015fi din PE imediat ce va primi mandatul de director al SRI din partea Parlamentului.<\/p>\n<p data-index=\"7\">Eduard Hellvig a \u0163inut s\u0103 dea asigur\u0103ri c\u0103 \u00een mandatul s\u0103u de \u015fef al SRI nu vor exista imixtiuni politice \u00een activitatea serviciului.<\/p>\n<\/div>\n<p> Source URL: https:\/\/www.digi24.ro\/stiri\/actualitate\/politica\/eduard-hellvig-despre-salariul-de-sef-al-sri-sotia-nu-e-foarte-incantata-am-discutii-acasa-363344<\/p>\n","protected":false},"excerpt":{"rendered":"<p>\u00a0 Eduard Hellvig \/ FOTO: MediafaxFoto &#8220;E o schimbare financiar\u0103. Astea sunt discu\u0163iile care le am acas\u0103, \u00eentr-adev\u0103r. V\u0103 confirm acest lucru. So\u0163ia nu este foarte \u00eenc\u00e2ntat\u0103&#8221;, a spus Hellvig, r\u0103spunz\u00e2nd unei \u00eentreb\u0103ri referitoare la trecerea de la salariul de europarlamentar la cel de \u015fef al SRI. El a ar\u0103tat c\u0103 viitorul statut de \u015fef [&hellip;]<\/p>\n","protected":false},"author":1,"featured_media":185560,"comment_status":"open","ping_status":"","sticky":false,"template":"","format":"standard","meta":{"footnotes":""},"categories":[2],"tags":[11],"class_list":["post-185559","post","type-post","status-publish","format-standard","has-post-thumbnail","hentry","category-politics","tag-digi24"],"_links":{"self":[{"href":"https:\/\/analyse.optim.biz\/index.php?rest_route=\/wp\/v2\/posts\/185559","targetHints":{"allow":["GET"]}}],"collection":[{"href":"https:\/\/analyse.optim.biz\/index.php?rest_route=\/wp\/v2\/posts"}],"about":[{"href":"https:\/\/analyse.optim.biz\/index.php?rest_route=\/wp\/v2\/types\/post"}],"author":[{"embeddable":true,"href":"https:\/\/analyse.optim.biz\/index.php?rest_route=\/wp\/v2\/users\/1"}],"replies":[{"embeddable":true,"href":"https:\/\/analyse.optim.biz\/index.php?rest_route=%2Fwp%2Fv2%2Fcomments&post=185559"}],"version-history":[{"count":0,"href":"https:\/\/analyse.optim.biz\/index.php?rest_route=\/wp\/v2\/posts\/185559\/revisions"}],"wp:featuredmedia":[{"embeddable":true,"href":"https:\/\/analyse.optim.biz\/index.php?rest_route=\/wp\/v2\/media\/185560"}],"wp:attachment":[{"href":"https:\/\/analyse.optim.biz\/index.php?rest_route=%2Fwp%2Fv2%2Fmedia&parent=185559"}],"wp:term":[{"taxonomy":"category","embeddable":true,"href":"https:\/\/analyse.optim.biz\/index.php?rest_route=%2Fwp%2Fv2%2Fcategories&post=185559"},{"taxonomy":"post_tag","embeddable":true,"href":"https:\/\/analyse.optim.biz\/index.php?rest_route=%2Fwp%2Fv2%2Ftags&post=185559"}],"curies":[{"name":"wp","href":"https:\/\/api.w.org\/{rel}","templated":true}]}}