{"id":1855527,"date":"2026-03-30T13:31:16","date_gmt":"2026-03-30T10:31:16","guid":{"rendered":"https:\/\/analyse.optim.biz\/?p=1855527"},"modified":"2026-03-30T13:31:16","modified_gmt":"2026-03-30T10:31:16","slug":"masina-cazuta-in-apa-dupa-ce-un-pod-din-lemn-s-a-rupt-sub-greutatea-ei-stiri-suceava","status":"publish","type":"post","link":"https:\/\/analyse.optim.biz\/?p=1855527","title":{"rendered":"Ma\u0219in\u0103 c\u0103zut\u0103 \u00een ap\u0103 dup\u0103 ce un pod din lemn s-a rupt sub greutatea ei &#8211; Stiri Suceava"},"content":{"rendered":"<p>[analyse_image type=&#8221;featured&#8221; src=&#8221;https:\/\/www.informatiata.ro\/wp-content\/uploads\/2026\/03\/IMG_20260330_162728-1024&#215;732.jpg&#8221;]<\/p>\n<div class=\"td-post-content tagdiv-type\">\n<div class=\"td-post-featured-image\"><a href=\"https:\/\/www.informatiata.ro\/wp-content\/uploads\/2026\/03\/IMG_20260330_162728-scaled.jpg\" data-caption><img loading=\"lazy\" decoding=\"async\" width=\"696\" height=\"498\" class=\"entry-thumb td-modal-image\" src=\"https:\/\/www.informatiata.ro\/wp-content\/uploads\/2026\/03\/IMG_20260330_162728-696x498.jpg\" alt title=\"IMG_20260330_162728\"><img loading=\"lazy\" decoding=\"async\" width=\"696\" height=\"498\" class=\"entry-thumb td-modal-image\" src=\"https:\/\/www.informatiata.ro\/wp-content\/uploads\/2026\/03\/IMG_20260330_162728-696x498.jpg\" alt title=\"IMG_20260330_162728\"><\/a><\/div>\n<p>Ma\u0219in\u0103 c\u0103zut\u0103 \u00een ap\u0103 dup\u0103 ce un pod s-a rupt sub greutatea ei. Accidentul s-a petrecut \u00een localitatea Co\u0219na, jude\u021b Suceava.<\/p>\n<p>La data de 29 martie, \u00een jurul orei 13.00, Poli\u021bia municipiului Vatra Dornei a fost sesizat\u0103 prin apel S.N.U.A.U. 112 cu privire la faptul c\u0103 pe raza comunei Co\u0219na s-a rupt un pod de pe un drum de acces c\u0103tre o locuin\u021b\u0103, iar un autoturism a c\u0103zut \u00een ap\u0103.<\/p>\n<div class=\"td-a-rec td-a-rec-id-content_inlineright  tdi_6 td_block_template_1\"><img loading=\"lazy\" decoding=\"async\" class=\"aligncenter size-full wp-image-64406\" src=\"https:\/\/www.informatiata.ro\/wp-content\/uploads\/2026\/03\/FACOS-9.gif\" alt width=\"300\" height=\"250\"><img loading=\"lazy\" decoding=\"async\" class=\"aligncenter size-full wp-image-64406\" src=\"https:\/\/www.informatiata.ro\/wp-content\/uploads\/2026\/03\/FACOS-9.gif\" alt width=\"300\" height=\"250\"><img loading=\"lazy\" decoding=\"async\" class=\"aligncenter size-large wp-image-64407\" src=\"https:\/\/www.informatiata.ro\/wp-content\/uploads\/2026\/03\/SAVCOM-11.gif\" alt width=\"299\" height=\"250\"><img loading=\"lazy\" decoding=\"async\" class=\"aligncenter size-large wp-image-64407\" src=\"https:\/\/www.informatiata.ro\/wp-content\/uploads\/2026\/03\/SAVCOM-11.gif\" alt width=\"299\" height=\"250\"><\/div>\n<p>Poli\u021bi\u0219tii au stabilit c\u0103, un b\u0103rbat a condus autoturismul, pe o cale de acces amenajat\u0103 pe un teren privat, deplas\u00e2ndu-se c\u0103tre cas\u0103.<\/p>\n<p>Dup\u0103 ce a parcurs circa 150 de metri, \u00een timp ce conducea pe o punte amenajat\u0103 peste p\u00e2r\u00e2ul Te\u0219na, structura pun\u021bii s-a rupt din cauza deterior\u0103rii materialului lemnos, autoturismul c\u0103z\u00e2nd \u00een albia p\u00e2r\u00e2ului.<\/p>\n<p>\u00cen autoturism se mai aflau dou\u0103 femei. \u00cen urma evenimentului conduc\u0103torul auto \u0219i cele dou\u0103 pasagere nu au suferit leziuni corporale.<\/p>\n<p>Conduc\u0103torul auto a fost testat alcoolscopic cu etilometrul, rezultatul fiind negativ.<\/p>\n<p>Puntea \u00een cauz\u0103 a fost construit\u0103 din lemn de c\u0103tre b\u0103rbat \u00een urm\u0103 cu circa cinci ani de zile, fiind utilizat\u0103 doar de c\u0103tre proprietar pentru a facilita accesul auto c\u0103tre imobilul s\u0103u.<\/p>\n<\/div>\n<p>[analyse_source url=&#8221;https:\/\/www.informatiata.ro\/masina-cazuta-de-pe-pod-rupt\/&#8221;]<\/p>\n","protected":false},"excerpt":{"rendered":"<p>[analyse_image type=&#8221;featured&#8221; src=&#8221;https:\/\/www.informatiata.ro\/wp-content\/uploads\/2026\/03\/IMG_20260330_162728-1024&#215;732.jpg&#8221;] Ma\u0219in\u0103 c\u0103zut\u0103 \u00een ap\u0103 dup\u0103 ce un pod s-a rupt sub greutatea ei. Accidentul s-a petrecut \u00een localitatea Co\u0219na, jude\u021b Suceava. La data de 29 martie, \u00een jurul orei 13.00, Poli\u021bia municipiului Vatra Dornei a fost sesizat\u0103 prin apel S.N.U.A.U. 112 cu privire la faptul c\u0103 pe raza comunei Co\u0219na s-a rupt [&hellip;]<\/p>\n","protected":false},"author":1,"featured_media":0,"comment_status":"open","ping_status":"","sticky":false,"template":"","format":"standard","meta":{"footnotes":""},"categories":[89],"tags":[226,167],"class_list":["post-1855527","post","type-post","status-publish","format-standard","hentry","category-romania","tag-crawlmanager","tag-informatiata-ro"],"_links":{"self":[{"href":"https:\/\/analyse.optim.biz\/index.php?rest_route=\/wp\/v2\/posts\/1855527","targetHints":{"allow":["GET"]}}],"collection":[{"href":"https:\/\/analyse.optim.biz\/index.php?rest_route=\/wp\/v2\/posts"}],"about":[{"href":"https:\/\/analyse.optim.biz\/index.php?rest_route=\/wp\/v2\/types\/post"}],"author":[{"embeddable":true,"href":"https:\/\/analyse.optim.biz\/index.php?rest_route=\/wp\/v2\/users\/1"}],"replies":[{"embeddable":true,"href":"https:\/\/analyse.optim.biz\/index.php?rest_route=%2Fwp%2Fv2%2Fcomments&post=1855527"}],"version-history":[{"count":0,"href":"https:\/\/analyse.optim.biz\/index.php?rest_route=\/wp\/v2\/posts\/1855527\/revisions"}],"wp:attachment":[{"href":"https:\/\/analyse.optim.biz\/index.php?rest_route=%2Fwp%2Fv2%2Fmedia&parent=1855527"}],"wp:term":[{"taxonomy":"category","embeddable":true,"href":"https:\/\/analyse.optim.biz\/index.php?rest_route=%2Fwp%2Fv2%2Fcategories&post=1855527"},{"taxonomy":"post_tag","embeddable":true,"href":"https:\/\/analyse.optim.biz\/index.php?rest_route=%2Fwp%2Fv2%2Ftags&post=1855527"}],"curies":[{"name":"wp","href":"https:\/\/api.w.org\/{rel}","templated":true}]}}