{"id":1855422,"date":"2026-03-31T02:26:00","date_gmt":"2026-03-30T23:26:00","guid":{"rendered":"https:\/\/analyse.optim.biz\/?p=1855422"},"modified":"2026-03-31T02:26:00","modified_gmt":"2026-03-30T23:26:00","slug":"quel-film-a24-reunira-dua-lipa-et-connor-storrie","status":"publish","type":"post","link":"https:\/\/analyse.optim.biz\/?p=1855422","title":{"rendered":"Quel film A24 r\u00e9unira Dua Lipa et Connor Storrie ?\u00a0"},"content":{"rendered":"<div class=\"entry-content\">\n<section class=\"single-header padding-top-s\">\n<div class=\"container\">\n<div class=\"row justify-content-between\">\n<div class=\"col-lg-9 col-xl-8\">\n<div class=\"video-container\">\n\t\t\t\t\t\t\t\t\t\t\t\t\t<\/div>\n<div class=\"container-img desktop\">\n\t\t\t\t\t\t\t\t<img decoding=\"async\" width=\"640\" height=\"408\" src=\"https:\/\/numero.com\/wp-content\/uploads\/2026\/03\/Dua-Lipa-768x490.jpg\" class=\"img-fluid\" alt=\"Dua Lipa \u00e0 la soir\u00e9e Vanity Fair des Oscars 2026, le 15 mars 2026 \u00e0 Los Angeles. \u00a9 Jamie McCarthy\/WireImage.\" loading=\"lazy\">\t\t\t\t\t\t\t\t<\/p>\n<p class=\"number big\">30<\/p>\n<\/p><\/div>\n<div class=\"container-img mobile\">\n\t\t\t\t\t\t\t\t<img decoding=\"async\" width=\"640\" height=\"804\" src=\"https:\/\/numero.com\/wp-content\/uploads\/2026\/03\/Dua-Lipa-2-768x965.jpg\" class=\"img-fluid\" alt=\"Dua Lipa \u00e0 la soir\u00e9e Vanity Fair des Oscars 2026, le 15 mars 2026 \u00e0 Los Angeles. \u00a9 Jamie McCarthy\/WireImage.\" loading=\"lazy\">\t\t\t\t\t\t\t\t<\/p>\n<p class=\"number big\">30<\/p>\n<\/p><\/div>\n<\/p><\/div>\n<div class=\"col col-lg-3 col-xl-4 desktop\">\n<div class=\"ad grand-angle desktop\">\n    <!-- \/21730003857\/numero-ad-unit\/numero-grand-angle --><\/p>\n<div id=\"div-gpt-ad-1757063143832-0\" class=\"px-0\">\n<p>            googletag.cmd.push(function () {<br \/>\n                googletag.display(&#8216;div-gpt-ad-1757063143832-0&#8217;);<br \/>\n            });<\/p><\/div>\n<\/div><\/div>\n<\/p><\/div>\n<\/p><\/div>\n<\/section>\n<section class=\"post-content\">\n<div class=\"container\">\n<div class=\"row g-0 justify-content-between\">\n<div class=\"col-lg-9 col-xl-8 padding-top-s\">\n<p class=\"share-widget\" id=\"share-widget\"><img decoding=\"async\" src=\"https:\/\/numero.com\/wp-content\/themes\/%09%09%09understrap-child-main\/src\/public\/images\/share.svg\" alt=\"share-widget\"><\/p>\n<div class=\"share-icons\" id=\"share-icons\">\n<p class=\"copy-link\"><img decoding=\"async\" src=\"https:\/\/numero.com\/wp-content\/themes\/understrap-child-main\/src\/public\/images\/copy-link.svg\" alt=\"copy-link\"><\/p>\n<p>\t\t\t\t\t\t\t<a href=\"https:\/\/www.facebook.com\/sharer\/sharer.php?u=https:\/\/numero.com\/culture\/series\/peaked-molly-gordon-dua-lipa\/\" class=\"facebook\" target=\"_blank\" rel=\"noopener\"><img decoding=\"async\" src=\"https:\/\/numero.com\/wp-content\/themes\/understrap-child-main\/src\/public\/images\/facebook.svg\" alt=\"facebook\"><\/a><br \/>\n\t\t\t\t\t\t\t<a href=\"https:\/\/twitter.com\/share?url=https:\/\/numero.com\/culture\/series\/peaked-molly-gordon-dua-lipa\/\" class=\"twitter\" target=\"_blank\" rel=\"noopener\"><img decoding=\"async\" src=\"https:\/\/numero.com\/wp-content\/themes\/understrap-child-main\/src\/public\/images\/twitter.svg\" alt=\"twitter\"><\/a>\n\t\t\t\t\t\t<\/div>\n<p>\t\t\t\t\t\t<span class id=\"custom-tooltip\">Lien copi\u00e9<\/span><\/p>\n<div class=\"col-lg-10\">\n<div class=\"meta d-flex justify-content-between align-items-center\">\n<div class=\"cat\">\n\t\t\t\t\t\t\t\t\t<a class=\"cat-title\" href=\"https:\/\/numero.com\/category\/culture\/series\/\">S\u00e9ries<\/a>\t\t\t\t\t\t\t\t<\/div>\n<p class=\"date\">\n\t\t\t\t\t\t\t\t\t30 mars 2026\t\t\t\t\t\t\t\t<\/p>\n<\/p><\/div>\n<h1>Quel film A24 r\u00e9unira Dua Lipa et Connor Storrie ?\u00a0<\/h1>\n<div class=\"introduction\">\n<p>L\u2019acteur am\u00e9ricain Connor Storrie, r\u00e9v\u00e9lation de la s\u00e9rie <em>Heated Rivalry<\/em> (2026) et la star de la pop Dua Lipa partageront l\u2019affiche du film <em>Peaked<\/em>, une com\u00e9die A24 r\u00e9alis\u00e9e par Molly Gordon. On retrouvera \u00e9galement Laura Dern, Emma Mackey, Simone Ashley et la mannequin Alex Consani au casting.<\/p>\n<\/div>\n<li class=\"credits d-flex\">\n<p>\n\t\t\t\t\t\t\t\t\t\t\tpar\t\t\t\t\t\t\t\t\t\t\t\t\t\t\t\t\t\t\t\t\t\t\t<a href=\"https:\/\/numero.com\/contributeur\/la-redaction\/\">La r\u00e9daction<\/a>.\t\t\t\t\t\t\t\t\t\t\t\t\t\t\t\t\t\t\t\t\t<\/p>\n<\/li>\n<div id=\"ads03\" class=\"mobile\">\n<div class=\"ad-wrapper\">\n<div class=\"ad interscroller desktop\">\n<\/div>\n<p><!-- \/21730003857\/numero-ad-unit\/numero-interscroller --><\/p>\n<div id=\"div-gpt-ad-1757521738078-0\">\n<p>        googletag.cmd.push(function () {<br \/>\n            googletag.display(&#8216;div-gpt-ad-1757521738078-0&#8217;);<br \/>\n        });<\/p>\n<\/div><\/div>\n<\/p><\/div>\n<p>\t\t\t\t\t\t\t&lt;!&#8211; <\/p>\n<div class=\"padding-bottom-s\">\n\t\t\t\t\t\t\t\t\t\t\t\t\t\t\t<\/div>\n<p> &#8211;&gt;<\/p>\n<figure class=\"wp-block-embed is-type-video is-provider-youtube wp-block-embed-youtube wp-embed-aspect-16-9 wp-has-aspect-ratio\">\n<div class=\"wp-block-embed__wrapper\">\n<div class=\"cookieconsent-optout-statistics cookieconsent-optout-marketing\"><\/div>\n<\/div><figcaption class=\"wp-element-caption\">La bande-annonce du film <em>Theater Camp<\/em> (2023).<\/figcaption><\/figure>\n<h2 class=\"wp-block-heading\">Le casting all\u00e9chant de <em>Peaked<\/em>, la nouvelle com\u00e9die du studio A24<\/h2>\n<p>Le pitch de <strong><em>Peaked <\/em><\/strong>tient en une ligne. Deux anciennes pestes du lyc\u00e9e tentent de revivre leur heure de gloire lors de la r\u00e9union des dix ans de l\u2019\u00e9tablissement. Derri\u00e8re cette pr\u00e9misse acide, le film s\u2019inscrit dans la lign\u00e9e des <strong><a href=\"https:\/\/numero.com\/culture\/cinema\/renate-reinsve-l-actrice-norvegienne-qui-a-conquis-le-cinema\/\">com\u00e9dies A24<\/a><\/strong> \u00e0 la fois mordantes et g\u00e9n\u00e9rationnelles. <\/p>\n<p><strong>Allie Levitan<\/strong>, plume pass\u00e9e par <em>Saturday Night Live<\/em>, en signe le sc\u00e9nario. Quant \u00e0 la mise en sc\u00e8ne, elle a \u00e9t\u00e9 confi\u00e9e \u00e0 l\u2019excellente actrice, sc\u00e9nariste et r\u00e9alisatrice am\u00e9ricaine <strong>Molly Gordon<\/strong>, d\u00e9j\u00e0 remarqu\u00e9e avec <em><strong>Theater Camp<\/strong><\/em> (2023), mais aussi pour ses r\u00f4les dans <em><strong>The Bear<\/strong><\/em> (depuis 2022) et l\u2019excellente com\u00e9die dramatique <em><strong>Shiva Baby<\/strong><\/em> (2020). Toutes deux s\u2019offrent, au passage, les premiers r\u00f4les, \u00e9paul\u00e9es par <strong><a href=\"https:\/\/numero.com\/culture\/cinema\/nancy-meyers-jude-law-penelope-cruz\/\">Emma Mackey<\/a><\/strong>.<\/p>\n<p>En tournage dans le New Jersey depuis le d\u00e9but du mois de mars, le film qui devrait prendre la forme d\u2019une satire acerbe sur la popularit\u00e9, va valoir le d\u00e9tour pour son casting o\u00f9 se croiseront figures install\u00e9es et visages \u00e9mergents. <strong><a href=\"https:\/\/numero.com\/culture\/series\/connor-storrie-heated-rivalry-portrait\/\">L\u2019actrice am\u00e9ricaine Laura Dern<\/a><\/strong> y partagera l\u2019affiche avec <strong><a href=\"https:\/\/numero.com\/culture\/series\/connor-storrie-heated-rivalry-portrait\/\">Connor Storrie<\/a><\/strong>, 26 ans, acteur r\u00e9v\u00e9l\u00e9 par <strong>la s\u00e9rie <em><a href=\"https:\/\/numero.com\/culture\/cinema\/pourquoi-le-sexe-est-de-retour-dans-les-films\/\">Heated Rivalry<\/a><\/em><\/strong> (2026), disponible sur HBO Max. Le h\u00e9ros de cette romance queer dans le milieu du hockey devenue ph\u00e9nom\u00e8ne promet d\u2019impressionner (une fois de plus) dans cette com\u00e9die qui suscite d\u00e9j\u00e0 beaucoup d\u2019attente. Autour d\u2019eux graviteront \u00e9galement <strong>Simone Ashley<\/strong> (<em>Bridgerton<\/em>), <strong>Levon Hawke<\/strong> ou <strong>Amy Sedaris<\/strong>. <\/p>\n<figure class=\"wp-block-image size-full\"><img loading=\"lazy\" decoding=\"async\" width=\"675\" height=\"1000\" src=\"https:\/\/numero.com\/wp-content\/uploads\/2026\/03\/GettyImages-2266938772.jpg\" alt=\"Dua Lipa \u00e0 la soir\u00e9e Vanity Fair des Oscars 2026, le 15 mars 2026 \u00e0 Los Angeles. \u00a9 Jamie McCarthy\/WireImage.\" class=\"wp-image-821522\"><figcaption class=\"wp-element-caption\">Dua Lipa \u00e0 la soir\u00e9e Vanity Fair des Oscars 2026, le 15 mars 2026 \u00e0 Los Angeles. \u00a9 Jamie McCarthy\/WireImage.<\/figcaption><\/figure>\n<h2 class=\"wp-block-heading\">Dua Lipa et Alex Consani au g\u00e9n\u00e9rique<\/h2>\n<p>Aussi, la chanteuse britannique <strong>Dua Lipa<\/strong> a r\u00e9cemment rejoint (selon <em><a href=\"https:\/\/deadline.com\/2026\/03\/dua-lipa-joins-peaked-comedy-a24-1236766849\/\" id=\"https:\/\/deadline.com\/2026\/03\/dua-lipa-joins-peaked-comedy-a24-1236766849\/\" target=\"_blank\" rel=\"noreferrer noopener\">Deadline<\/a><\/em>), \u00e0 son tour, la distribution\u2026 Un nouveau pas vers le grand \u00e9cran pour l\u2019artiste, d\u00e9j\u00e0 aper\u00e7ue dans le <em><strong>Barbie<\/strong><\/em> (2023) de <strong>Greta Gerwig<\/strong> (pour lequel elle signait \u00e9galement un titre) ainsi que dans le film d\u2019espionnage <em><strong>Argylle<\/strong><\/em> (2024) aux c\u00f4t\u00e9s d\u2019<strong>Henry Cavill<\/strong>. Habitu\u00e9e des plateaux de l\u2019\u00e9mission <em>Saturday Night Live<\/em>, o\u00f9 elle s\u2019est quelques fois illustr\u00e9e en tant qu\u2019invit\u00e9e et h\u00f4te, la pop star confirme ainsi son virage progressif vers le cin\u00e9ma.<\/p>\n<p>Autre pr\u00e9sence remarqu\u00e9e, celle d\u2019<strong><a href=\"https:\/\/numero.com\/mode\/quand-les-mannequins-deviennent-actrices\/\">Alex Consani<\/a><\/strong>, premi\u00e8re mannequin transgenre \u00e0 remporter le Fashion Award du Mod\u00e8le de l\u2019ann\u00e9e en 2024. Connue pour ses vid\u00e9os comiques sur TikTok et ses apparitions dans les clips de <strong><a href=\"https:\/\/numero.com\/culture\/musique\/doja-cat-vie-jealous-type\/\">Doja Cat<\/a><\/strong> et <strong><a href=\"https:\/\/numero.com\/culture\/musique\/comment-les-pop-stars-challengent-la-pop\/\">Charli XCX<\/a><\/strong>, elle fera, avec<strong> <em>Peaked <\/em><\/strong>ses d\u00e9buts au cin\u00e9ma \u00e0 l\u2019\u00e2ge de 22 ans. Son parcours illustre une tendance que le studio<strong> A24<\/strong> exploite avec habilet\u00e9. \u00c0 savoir, caster des figures dont la notori\u00e9t\u00e9 s\u2019est construite hors des circuits traditionnels du cin\u00e9ma. <\/p>\n<p><em>Le film Peaked de Molly Gordon <em>n\u2019a pas encore de date de sortie.<\/em><\/em><\/p>\n<\/p><\/div>\n<\/p><\/div>\n<div class=\"col-lg-3\">\n<div class=\"suggested-posts padding-top-s\">\n<div class=\"title\">Recommand\u00e9<\/div>\n<div class=\"post-card\">\n\t\t\t\t\t\t\t\t\t\t<a class=\"post-link d-flex\" href=\"https:\/\/numero.com\/mode\/alex-consani-nouvel-espoir-mode-mannequin-tiktok\/\"><\/p>\n<div class=\"container-img\">\n\t\t\t\t\t\t\t\t\t\t\t\t<img decoding=\"async\" width=\"640\" height=\"758\" src=\"https:\/\/numero.com\/wp-content\/uploads\/2024\/11\/alex-consani-top-model-tiktok-star-1-768x909.jpg\" class=\"img-fluid\" alt=\"alex consani top model tiktok star\" loading=\"lazy\">\t\t\t\t\t\t\t\t\t\t\t\t<\/p>\n<p class=\"number\">28<\/p>\n<\/p><\/div>\n<div class=\"card-info d-flex\">\n<div>\n<p class=\"cat-title\">Mode<\/p>\n<h3 class=\"post-title\">Qui est Alex Consani, star de TikTok et meilleur espoir du mannequinat ?<\/h3>\n<\/p><\/div>\n<p class=\"date\">\n\t\t\t\t\t\t\t\t\t\t\t\t\t28 nov 2024\t\t\t\t\t\t\t\t\t\t\t\t<\/p>\n<\/p><\/div>\n<p>\t\t\t\t\t\t\t\t\t\t<\/a>\n\t\t\t\t\t\t\t\t\t<\/div>\n<div class=\"post-card\">\n\t\t\t\t\t\t\t\t\t\t<a class=\"post-link d-flex\" href=\"https:\/\/numero.com\/culture\/cinema\/les-meilleurs-roles-de-laura-dern\/\"><\/p>\n<div class=\"container-img\">\n\t\t\t\t\t\t\t\t\t\t\t\t<img decoding=\"async\" width=\"640\" height=\"804\" src=\"https:\/\/numero.com\/wp-content\/uploads\/2026\/02\/Laura-Dern-4-768x965.jpg\" class=\"img-fluid\" alt=\"Laura Dern et Will Arnet dans le film Is This Thing On ? (2026). \u00a9 Searchlight Pictures All Rights Reserved.\" loading=\"lazy\">\t\t\t\t\t\t\t\t\t\t\t\t<\/p>\n<p class=\"number\">26<\/p>\n<\/p><\/div>\n<div class=\"card-info d-flex\">\n<div>\n<p class=\"cat-title\">Cin\u00e9ma<\/p>\n<h3 class=\"post-title\">Les meilleurs r\u00f4les de Laura Dern, star du film Is This Thing On?<\/h3>\n<\/p><\/div>\n<p class=\"date\">\n\t\t\t\t\t\t\t\t\t\t\t\t\t26 f\u00e9v 2026\t\t\t\t\t\t\t\t\t\t\t\t<\/p>\n<\/p><\/div>\n<p>\t\t\t\t\t\t\t\t\t\t<\/a>\n\t\t\t\t\t\t\t\t\t<\/div>\n<div class=\"post-card\">\n\t\t\t\t\t\t\t\t\t\t<a class=\"post-link d-flex\" href=\"https:\/\/numero.com\/mode\/realisateurs-de-films-icones-de-mode-how-directors-dress\/\"><\/p>\n<div class=\"container-img\">\n\t\t\t\t\t\t\t\t\t\t\t\t<img decoding=\"async\" width=\"640\" height=\"804\" src=\"https:\/\/numero.com\/wp-content\/uploads\/2024\/06\/sofia-coppola-2-768x965.jpg\" class=\"img-fluid\" alt=\"La r\u00e9alisatrice Sofia Coppola sur le tournage de The Bling Ring (2013) \u00a9 Path\u00e9 Distribution.\" loading=\"lazy\">\t\t\t\t\t\t\t\t\t\t\t\t<\/p>\n<p class=\"number\">17<\/p>\n<\/p><\/div>\n<div class=\"card-info d-flex\">\n<div>\n<p class=\"cat-title\">Mode<\/p>\n<h3 class=\"post-title\">Les r\u00e9alisateurs de films sont-ils des ic\u00f4nes de mode en puissance ?<\/h3>\n<\/p><\/div>\n<p class=\"date\">\n\t\t\t\t\t\t\t\t\t\t\t\t\t17 avr 2025\t\t\t\t\t\t\t\t\t\t\t\t<\/p>\n<\/p><\/div>\n<p>\t\t\t\t\t\t\t\t\t\t<\/a>\n\t\t\t\t\t\t\t\t\t<\/div>\n<div class=\"post-card\">\n\t\t\t\t\t\t\t\t\t\t<a class=\"post-link d-flex\" href=\"https:\/\/numero.com\/culture\/cinema\/bradley-cooper-laura-dern-andra-day\/\"><\/p>\n<div class=\"container-img\">\n\t\t\t\t\t\t\t\t\t\t\t\t<img decoding=\"async\" width=\"640\" height=\"804\" src=\"https:\/\/numero.com\/wp-content\/uploads\/2025\/11\/Laura-Dern-et-Andra-Day-dans-Is-This-Thing-On-2026-%C2%A9-Searchlight-Pictures-2-768x965.jpg\" class=\"img-fluid\" alt=\"Laura Dern et Andra Day dans Is This Thing On? (2026) \u00a9 Searchlight Pictures.\" loading=\"lazy\">\t\t\t\t\t\t\t\t\t\t\t\t<\/p>\n<p class=\"number\">23<\/p>\n<\/p><\/div>\n<div class=\"card-info d-flex\">\n<div>\n<p class=\"cat-title\">Cin\u00e9ma<\/p>\n<h3 class=\"post-title\">Laura Dern et Andra Day nous racontent le nouveau film passionnant de Bradley Cooper<\/h3>\n<\/p><\/div>\n<p class=\"date\">\n\t\t\t\t\t\t\t\t\t\t\t\t\t23 f\u00e9v 2026\t\t\t\t\t\t\t\t\t\t\t\t<\/p>\n<\/p><\/div>\n<p>\t\t\t\t\t\t\t\t\t\t<\/a>\n\t\t\t\t\t\t\t\t\t<\/div>\n<\/p><\/div>\n<\/p><\/div>\n<\/p><\/div>\n<div class=\"padding-top-s\">\n<div class=\"ad banner desktop\">\n<div class=\"container\">\n<div class=\"row\">\n            <!-- \/21730003857\/numero-ad-unit\/numero-banner-1 --><\/p>\n<div id=\"div-gpt-ad-1757006327907-0\" style=\"min-width: 350px\">\n<p>                    googletag.cmd.push(function () {<br \/>\n                        googletag.display(&#8216;div-gpt-ad-1757006327907-0&#8217;);<br \/>\n                    });<\/p><\/div>\n<\/p><\/div>\n<\/p><\/div>\n<\/div><\/div>\n<\/p><\/div>\n<\/section>\n<p>        <button class=\"btn-newsletter btn-outline-white my-5\" id=\"open-modal-newsletter\">Inscrivez-vous \u00e0 la newsletter<\/button>\t\t<\/p>\n<section class=\"related-posts post-list padding-top-m padding-bottom-s\">\n<div class=\"container\">\n<h2 class=\"title mx-auto\">\u00c0 lire aussi<\/h2>\n<div class=\"row\">\n<div class=\"col-lg-3\">\n<div class=\"post-card desktop\">\n\t\t\t\t\t\t\t\t\t\t<a class=\"post-link\" href=\"https:\/\/numero.com\/culture\/series\/la-famille-kennedy-au-coeur-dune-serie-netflix\/\"><\/p>\n<div class=\"container-img\">\n\t\t\t\t\t\t\t\t\t\t\t\t<img decoding=\"async\" width=\"640\" height=\"804\" src=\"https:\/\/numero.com\/wp-content\/uploads\/2025\/10\/thumb-serie-kennedy-numero-magazine-768x965.jpg\" class=\"img-fluid\" alt=\"Netflix pr\u00e9pare une s\u00e9rie sur la famille Kennedy avec Michael Fassbender.\" loading=\"lazy\">\t\t\t\t\t\t\t\t\t\t\t\t<\/p>\n<div class=\"number\">30<\/div>\n<\/p><\/div>\n<div class=\"card-info\">\n<div class=\"meta d-flex justify-content-between\">\n<p class=\"cat-title\">S\u00e9ries<\/p>\n<p class=\"date\">\n\t\t\t\t\t\t\t\t\t\t\t\t\t\t30 mars 2026\t\t\t\t\t\t\t\t\t\t\t\t\t<\/p>\n<\/p><\/div>\n<div class=\"post-title\">D\u00e9couvrez la premi\u00e8re image de Michael Fassbender dans la s\u00e9rie Netflix sur la famille Kennedy<\/div>\n<\/p><\/div>\n<p>\t\t\t\t\t\t\t\t\t\t<\/a>\n\t\t\t\t\t\t\t\t\t<\/div>\n<div class=\"post-card mobile\">\n\t\t\t\t\t\t\t\t\t\t<a class=\"post-link d-flex\" href=\"https:\/\/numero.com\/culture\/series\/la-famille-kennedy-au-coeur-dune-serie-netflix\/\"><\/p>\n<div class=\"container-img\">\n\t\t\t\t\t\t\t\t\t\t\t\t<img decoding=\"async\" width=\"640\" height=\"804\" src=\"https:\/\/numero.com\/wp-content\/uploads\/2025\/10\/thumb-serie-kennedy-numero-magazine-768x965.jpg\" class=\"img-fluid\" alt=\"Netflix pr\u00e9pare une s\u00e9rie sur la famille Kennedy avec Michael Fassbender.\" loading=\"lazy\">\t\t\t\t\t\t\t\t\t\t\t\t<\/p>\n<div class=\"number\">30<\/div>\n<\/p><\/div>\n<div class=\"card-info d-flex\">\n<div>\n<p class=\"cat-title\">S\u00e9ries<\/p>\n<h3 class=\"post-title\">D\u00e9couvrez la premi\u00e8re image de Michael Fassbender dans la s\u00e9rie Netflix sur la famille Kennedy<\/h3>\n<\/p><\/div>\n<p class=\"date\">\n\t\t\t\t\t\t\t\t\t\t\t\t\t30 mars 2026\t\t\t\t\t\t\t\t\t\t\t\t<\/p>\n<\/p><\/div>\n<p>\t\t\t\t\t\t\t\t\t\t<\/a>\n\t\t\t\t\t\t\t\t\t<\/div>\n<\/p><\/div>\n<div class=\"col-lg-3\">\n<div class=\"post-card desktop\">\n\t\t\t\t\t\t\t\t\t\t<a class=\"post-link\" href=\"https:\/\/numero.com\/culture\/series\/hannah-montana-vingt-ans-miley-cyrus\/\"><\/p>\n<div class=\"container-img\">\n\t\t\t\t\t\t\t\t\t\t\t\t<img decoding=\"async\" width=\"640\" height=\"804\" src=\"https:\/\/numero.com\/wp-content\/uploads\/2026\/03\/thumb-hannah-montana-768x965.jpg\" class=\"img-fluid\" alt=\"Hannah Montana.\" loading=\"lazy\">\t\t\t\t\t\t\t\t\t\t\t\t<\/p>\n<div class=\"number\">27<\/div>\n<\/p><\/div>\n<div class=\"card-info\">\n<div class=\"meta d-flex justify-content-between\">\n<p class=\"cat-title\">S\u00e9ries<\/p>\n<p class=\"date\">\n\t\t\t\t\t\t\t\t\t\t\t\t\t\t27 mars 2026\t\t\t\t\t\t\t\t\t\t\t\t\t<\/p>\n<\/p><\/div>\n<div class=\"post-title\">On \u00e9tait \u00e0 la soir\u00e9e des 20 ans d\u2019Hannah Montana au Grand Rex \u00e0 Paris<\/div>\n<\/p><\/div>\n<p>\t\t\t\t\t\t\t\t\t\t<\/a>\n\t\t\t\t\t\t\t\t\t<\/div>\n<div class=\"post-card mobile\">\n\t\t\t\t\t\t\t\t\t\t<a class=\"post-link d-flex\" href=\"https:\/\/numero.com\/culture\/series\/hannah-montana-vingt-ans-miley-cyrus\/\"><\/p>\n<div class=\"container-img\">\n\t\t\t\t\t\t\t\t\t\t\t\t<img decoding=\"async\" width=\"640\" height=\"804\" src=\"https:\/\/numero.com\/wp-content\/uploads\/2026\/03\/thumb-hannah-montana-768x965.jpg\" class=\"img-fluid\" alt=\"Hannah Montana.\" loading=\"lazy\">\t\t\t\t\t\t\t\t\t\t\t\t<\/p>\n<div class=\"number\">27<\/div>\n<\/p><\/div>\n<div class=\"card-info d-flex\">\n<div>\n<p class=\"cat-title\">S\u00e9ries<\/p>\n<h3 class=\"post-title\">On \u00e9tait \u00e0 la soir\u00e9e des 20 ans d\u2019Hannah Montana au Grand Rex \u00e0 Paris<\/h3>\n<\/p><\/div>\n<p class=\"date\">\n\t\t\t\t\t\t\t\t\t\t\t\t\t27 mars 2026\t\t\t\t\t\t\t\t\t\t\t\t<\/p>\n<\/p><\/div>\n<p>\t\t\t\t\t\t\t\t\t\t<\/a>\n\t\t\t\t\t\t\t\t\t<\/div>\n<\/p><\/div>\n<div class=\"col-lg-3\">\n<div class=\"post-card desktop\">\n\t\t\t\t\t\t\t\t\t\t<a class=\"post-link\" href=\"https:\/\/numero.com\/culture\/musique\/teyana-taylor-portrait-films-albums\/\"><\/p>\n<div class=\"container-img\">\n\t\t\t\t\t\t\t\t\t\t\t\t<img decoding=\"async\" width=\"640\" height=\"804\" src=\"https:\/\/numero.com\/wp-content\/uploads\/2025\/09\/teyana-taylor1-768x965.jpg\" class=\"img-fluid\" alt=\"Teyana Taylor \u00e0 l\u2019avant-premi\u00e8re de la s\u00e9rie All\u2019s Fair (2025), la nouvelle s\u00e9rie de Ryan Murphy, \u00e0 la Maison de la Chimie \u00e0 Paris, le 21 octobre 2025. \u00a9 Disney+\/Hulu.\" loading=\"lazy\">\t\t\t\t\t\t\t\t\t\t\t\t<\/p>\n<div class=\"number\">27<\/div>\n<\/p><\/div>\n<div class=\"card-info\">\n<div class=\"meta d-flex justify-content-between\">\n<p class=\"cat-title\">Musique<\/p>\n<p class=\"date\">\n\t\t\t\t\t\t\t\t\t\t\t\t\t\t27 mars 2026\t\t\t\t\t\t\t\t\t\t\t\t\t<\/p>\n<\/p><\/div>\n<div class=\"post-title\">Teyana Taylor, la chanteuse R\u2019n\u2019B devenue star de cin\u00e9ma<\/div>\n<\/p><\/div>\n<p>\t\t\t\t\t\t\t\t\t\t<\/a>\n\t\t\t\t\t\t\t\t\t<\/div>\n<div class=\"post-card mobile\">\n\t\t\t\t\t\t\t\t\t\t<a class=\"post-link d-flex\" href=\"https:\/\/numero.com\/culture\/musique\/teyana-taylor-portrait-films-albums\/\"><\/p>\n<div class=\"container-img\">\n\t\t\t\t\t\t\t\t\t\t\t\t<img decoding=\"async\" width=\"640\" height=\"804\" src=\"https:\/\/numero.com\/wp-content\/uploads\/2025\/09\/teyana-taylor1-768x965.jpg\" class=\"img-fluid\" alt=\"Teyana Taylor \u00e0 l\u2019avant-premi\u00e8re de la s\u00e9rie All\u2019s Fair (2025), la nouvelle s\u00e9rie de Ryan Murphy, \u00e0 la Maison de la Chimie \u00e0 Paris, le 21 octobre 2025. \u00a9 Disney+\/Hulu.\" loading=\"lazy\">\t\t\t\t\t\t\t\t\t\t\t\t<\/p>\n<div class=\"number\">27<\/div>\n<\/p><\/div>\n<div class=\"card-info d-flex\">\n<div>\n<p class=\"cat-title\">Musique<\/p>\n<h3 class=\"post-title\">Teyana Taylor, la chanteuse R\u2019n\u2019B devenue star de cin\u00e9ma<\/h3>\n<\/p><\/div>\n<p class=\"date\">\n\t\t\t\t\t\t\t\t\t\t\t\t\t27 mars 2026\t\t\t\t\t\t\t\t\t\t\t\t<\/p>\n<\/p><\/div>\n<p>\t\t\t\t\t\t\t\t\t\t<\/a>\n\t\t\t\t\t\t\t\t\t<\/div>\n<\/p><\/div>\n<div class=\"col-lg-3\">\n<div class=\"post-card desktop\">\n\t\t\t\t\t\t\t\t\t\t<a class=\"post-link\" href=\"https:\/\/numero.com\/culture\/series\/the-studio-madonna-julia-garner\/\"><\/p>\n<div class=\"container-img\">\n\t\t\t\t\t\t\t\t\t\t\t\t<img decoding=\"async\" width=\"640\" height=\"804\" src=\"https:\/\/numero.com\/wp-content\/uploads\/2026\/03\/thumb-madonna-768x965.jpg\" class=\"img-fluid\" alt=\"Madonna.\" loading=\"lazy\">\t\t\t\t\t\t\t\t\t\t\t\t<\/p>\n<div class=\"number\">26<\/div>\n<\/p><\/div>\n<div class=\"card-info\">\n<div class=\"meta d-flex justify-content-between\">\n<p class=\"cat-title\">S\u00e9ries<\/p>\n<p class=\"date\">\n\t\t\t\t\t\t\t\t\t\t\t\t\t\t26 mars 2026\t\t\t\t\t\t\t\t\t\t\t\t\t<\/p>\n<\/p><\/div>\n<div class=\"post-title\">The Studio : Madonna et Julia Garner r\u00e9unies \u00e0 Venise pour la s\u00e9rie satirique de Seth Rogen<\/div>\n<\/p><\/div>\n<p>\t\t\t\t\t\t\t\t\t\t<\/a>\n\t\t\t\t\t\t\t\t\t<\/div>\n<div class=\"post-card mobile\">\n\t\t\t\t\t\t\t\t\t\t<a class=\"post-link d-flex\" href=\"https:\/\/numero.com\/culture\/series\/the-studio-madonna-julia-garner\/\"><\/p>\n<div class=\"container-img\">\n\t\t\t\t\t\t\t\t\t\t\t\t<img decoding=\"async\" width=\"640\" height=\"804\" src=\"https:\/\/numero.com\/wp-content\/uploads\/2026\/03\/thumb-madonna-768x965.jpg\" class=\"img-fluid\" alt=\"Madonna.\" loading=\"lazy\">\t\t\t\t\t\t\t\t\t\t\t\t<\/p>\n<div class=\"number\">26<\/div>\n<\/p><\/div>\n<div class=\"card-info d-flex\">\n<div>\n<p class=\"cat-title\">S\u00e9ries<\/p>\n<h3 class=\"post-title\">The Studio : Madonna et Julia Garner r\u00e9unies \u00e0 Venise pour la s\u00e9rie satirique de Seth Rogen<\/h3>\n<\/p><\/div>\n<p class=\"date\">\n\t\t\t\t\t\t\t\t\t\t\t\t\t26 mars 2026\t\t\t\t\t\t\t\t\t\t\t\t<\/p>\n<\/p><\/div>\n<p>\t\t\t\t\t\t\t\t\t\t<\/a>\n\t\t\t\t\t\t\t\t\t<\/div>\n<\/p><\/div>\n<\/p><\/div>\n<\/p><\/div>\n<\/section>\n<div class=\"padding-bottom-s\">\n<div class=\"ad banner desktop\">\n<div class=\"container\">\n<div class=\"row\">\n            <!-- \/21730003857\/numero-ad-unit\/numero-banner-1 --><\/p>\n<div id=\"div-gpt-ad-1757006327907-0\" style=\"min-width: 350px\">\n<p>                    googletag.cmd.push(function () {<br \/>\n                        googletag.display(&#8216;div-gpt-ad-1757006327907-0&#8217;);<br \/>\n                    });<\/p><\/div>\n<\/p><\/div>\n<\/p><\/div>\n<\/div><\/div>\n<\/p><\/div>\n","protected":false},"excerpt":{"rendered":"<p>30 30 googletag.cmd.push(function () { googletag.display(&#8216;div-gpt-ad-1757063143832-0&#8217;); }); Lien copi\u00e9 S\u00e9ries 30 mars 2026 Quel film A24 r\u00e9unira Dua Lipa et Connor Storrie ?\u00a0 L\u2019acteur am\u00e9ricain Connor Storrie, r\u00e9v\u00e9lation de la s\u00e9rie Heated Rivalry (2026) et la star de la pop Dua Lipa partageront l\u2019affiche du film Peaked, une com\u00e9die A24 r\u00e9alis\u00e9e par Molly Gordon. On [&hellip;]<\/p>\n","protected":false},"author":1,"featured_media":0,"comment_status":"open","ping_status":"","sticky":false,"template":"","format":"standard","meta":{"footnotes":""},"categories":[1],"tags":[226,258],"class_list":["post-1855422","post","type-post","status-publish","format-standard","hentry","category-uncategorized","tag-crawlmanager","tag-numero-com"],"_links":{"self":[{"href":"https:\/\/analyse.optim.biz\/index.php?rest_route=\/wp\/v2\/posts\/1855422","targetHints":{"allow":["GET"]}}],"collection":[{"href":"https:\/\/analyse.optim.biz\/index.php?rest_route=\/wp\/v2\/posts"}],"about":[{"href":"https:\/\/analyse.optim.biz\/index.php?rest_route=\/wp\/v2\/types\/post"}],"author":[{"embeddable":true,"href":"https:\/\/analyse.optim.biz\/index.php?rest_route=\/wp\/v2\/users\/1"}],"replies":[{"embeddable":true,"href":"https:\/\/analyse.optim.biz\/index.php?rest_route=%2Fwp%2Fv2%2Fcomments&post=1855422"}],"version-history":[{"count":1,"href":"https:\/\/analyse.optim.biz\/index.php?rest_route=\/wp\/v2\/posts\/1855422\/revisions"}],"predecessor-version":[{"id":1953313,"href":"https:\/\/analyse.optim.biz\/index.php?rest_route=\/wp\/v2\/posts\/1855422\/revisions\/1953313"}],"wp:attachment":[{"href":"https:\/\/analyse.optim.biz\/index.php?rest_route=%2Fwp%2Fv2%2Fmedia&parent=1855422"}],"wp:term":[{"taxonomy":"category","embeddable":true,"href":"https:\/\/analyse.optim.biz\/index.php?rest_route=%2Fwp%2Fv2%2Fcategories&post=1855422"},{"taxonomy":"post_tag","embeddable":true,"href":"https:\/\/analyse.optim.biz\/index.php?rest_route=%2Fwp%2Fv2%2Ftags&post=1855422"}],"curies":[{"name":"wp","href":"https:\/\/api.w.org\/{rel}","templated":true}]}}