{"id":1855421,"date":"2026-03-31T02:26:00","date_gmt":"2026-03-30T23:26:00","guid":{"rendered":"https:\/\/analyse.optim.biz\/?p=1855421"},"modified":"2026-03-31T02:26:00","modified_gmt":"2026-03-30T23:26:00","slug":"5-looks-hm-quon-va-vouloir-porter-ce-printemps","status":"publish","type":"post","link":"https:\/\/analyse.optim.biz\/?p=1855421","title":{"rendered":"5 looks H&amp;M qu\u2019on va vouloir porter ce printemps"},"content":{"rendered":"<div class=\"entry-content\">\n<section class=\"single-header padding-top-s\">\n<div class=\"container\">\n<div class=\"row justify-content-between\">\n<div class=\"col-lg-9 col-xl-8\">\n<div class=\"video-container\">\n\t\t\t\t\t\t\t\t\t\t\t\t\t<\/div>\n<div class=\"container-img desktop\">\n\t\t\t\t\t\t\t\t<img decoding=\"async\" width=\"640\" height=\"906\" src=\"https:\/\/numero.com\/wp-content\/uploads\/2026\/03\/HM-looks-tendance-printemps-ete-2026-HM-Spring-26-campaign-8-768x1087.jpg\" class=\"img-fluid\" alt loading=\"lazy\">\t\t\t\t\t\t\t\t<\/p>\n<p class=\"number big\">30<\/p>\n<\/p><\/div>\n<div class=\"container-img mobile\">\n\t\t\t\t\t\t\t\t<img decoding=\"async\" width=\"640\" height=\"906\" src=\"https:\/\/numero.com\/wp-content\/uploads\/2026\/03\/HM-looks-tendance-printemps-ete-2026-HM-Spring-26-campaign-8-768x1087.jpg\" class=\"img-fluid\" alt loading=\"lazy\">\t\t\t\t\t\t\t\t<\/p>\n<p class=\"number big\">30<\/p>\n<\/p><\/div>\n<\/p><\/div>\n<div class=\"col col-lg-3 col-xl-4 desktop\">\n<div class=\"ad grand-angle desktop\">\n    <!-- \/21730003857\/numero-ad-unit\/numero-grand-angle --><\/p>\n<div id=\"div-gpt-ad-1757063143832-0\" class=\"px-0\">\n<p>            googletag.cmd.push(function () {<br \/>\n                googletag.display(&#8216;div-gpt-ad-1757063143832-0&#8217;);<br \/>\n            });<\/p><\/div>\n<\/div><\/div>\n<\/p><\/div>\n<\/p><\/div>\n<\/section>\n<section class=\"post-content\">\n<div class=\"container\">\n<div class=\"row g-0 justify-content-between\">\n<div class=\"col-lg-9 col-xl-8 padding-top-s\">\n<p class=\"share-widget\" id=\"share-widget\"><img decoding=\"async\" src=\"https:\/\/numero.com\/wp-content\/themes\/%09%09%09understrap-child-main\/src\/public\/images\/share.svg\" alt=\"share-widget\"><\/p>\n<div class=\"share-icons\" id=\"share-icons\">\n<p class=\"copy-link\"><img decoding=\"async\" src=\"https:\/\/numero.com\/wp-content\/themes\/understrap-child-main\/src\/public\/images\/copy-link.svg\" alt=\"copy-link\"><\/p>\n<p>\t\t\t\t\t\t\t<a href=\"https:\/\/www.facebook.com\/sharer\/sharer.php?u=https:\/\/numero.com\/mode\/5-looks-hm-pour-etre-tendance-au-printemps-2026\/\" class=\"facebook\" target=\"_blank\" rel=\"noopener\"><img decoding=\"async\" src=\"https:\/\/numero.com\/wp-content\/themes\/understrap-child-main\/src\/public\/images\/facebook.svg\" alt=\"facebook\"><\/a><br \/>\n\t\t\t\t\t\t\t<a href=\"https:\/\/twitter.com\/share?url=https:\/\/numero.com\/mode\/5-looks-hm-pour-etre-tendance-au-printemps-2026\/\" class=\"twitter\" target=\"_blank\" rel=\"noopener\"><img decoding=\"async\" src=\"https:\/\/numero.com\/wp-content\/themes\/understrap-child-main\/src\/public\/images\/twitter.svg\" alt=\"twitter\"><\/a>\n\t\t\t\t\t\t<\/div>\n<p>\t\t\t\t\t\t<span class id=\"custom-tooltip\">Lien copi\u00e9<\/span><\/p>\n<div class=\"col-lg-10\">\n<div class=\"meta d-flex justify-content-between align-items-center\">\n<div class=\"cat\">\n\t\t\t\t\t\t\t\t\t<a class=\"cat-title\" href=\"https:\/\/numero.com\/category\/mode\/\">Mode<\/a>\t\t\t\t\t\t\t\t<\/div>\n<p class=\"date\">\n\t\t\t\t\t\t\t\t\t30 mars 2026\t\t\t\t\t\t\t\t<\/p>\n<\/p><\/div>\n<h1>5 looks H&amp;M qu\u2019on va vouloir porter ce printemps<\/h1>\n<div class=\"introduction\">\n<p>D\u00e9couvrez 5 looks H&amp;M rep\u00e9r\u00e9s au sein de la collection printemps 2026 pour \u00eatre tendance avec le retour des beaux jours.<\/p>\n<\/div>\n<li class=\"credits d-flex\">\n<p>\n\t\t\t\t\t\t\t\t\t\t\tpar\t\t\t\t\t\t\t\t\t\t\t\t\t\t\t\t\t\t\t\t\t\t\t<a href=\"https:\/\/numero.com\/contributeur\/la-redaction\/\">La r\u00e9daction<\/a>.\t\t\t\t\t\t\t\t\t\t\t\t\t\t\t\t\t\t\t\t\t<\/p>\n<\/li>\n<div id=\"ads03\" class=\"mobile\">\n<div class=\"ad-wrapper\">\n<div class=\"ad interscroller desktop\">\n<\/div>\n<p><!-- \/21730003857\/numero-ad-unit\/numero-interscroller --><\/p>\n<div id=\"div-gpt-ad-1757521738078-0\">\n<p>        googletag.cmd.push(function () {<br \/>\n            googletag.display(&#8216;div-gpt-ad-1757521738078-0&#8217;);<br \/>\n        });<\/p>\n<\/div><\/div>\n<\/p><\/div>\n<p>\t\t\t\t\t\t\t&lt;!&#8211; <\/p>\n<div class=\"padding-bottom-s\">\n\t\t\t\t\t\t\t\t\t\t\t\t\t\t\t<\/div>\n<p> &#8211;&gt;<\/p>\n<figure class=\"wp-block-image size-full\"><img loading=\"lazy\" decoding=\"async\" width=\"800\" height=\"1132\" src=\"https:\/\/numero.com\/wp-content\/uploads\/2026\/03\/HM-looks-tendance-printemps-ete-2026-HM-Spring-26-campaign-17.jpg\" alt=\"La collection H&amp;M printemps 2026 avec Loli Bahia.\" class=\"wp-image-814705\"><figcaption class=\"wp-element-caption\">La collection H&amp;M printemps 2026 avec Loli Bahia.<\/figcaption><\/figure>\n<p>Jamais \u00e0 court d\u2019id\u00e9es en mati\u00e8re de tendance, <strong>H&amp;M imagine pour le printemps 2026 <\/strong>une collection qui fusionne trois d\u00e9cennies de mode. Un pari audacieux que la marque rel\u00e8ve avec brio en jouant sur<strong> le sentiment de nostalgie,<\/strong> sans pour autant tomber dans le clich\u00e9.<\/p>\n<h2 class=\"wp-block-heading\">H&amp;M fusionne trois d\u00e9cennies de mode<\/h2>\n<p>Une des m\u00e9caniques du syst\u00e8me de la mode sugg\u00e8re que chaque d\u00e9cennie fasse na\u00eetre un style qui renverse les codes de la pr\u00e9c\u00e9dente. Apr\u00e8s l\u2019audace et l\u2019exub\u00e9rance des ann\u00e9es 80, ont \u00e9merg\u00e9 le minimalisme et le punk des ann\u00e9es 90, puis le style libre et audacieux des ann\u00e9es 2000.<\/p>\n<p>Si l\u2019on aurait difficilement imagin\u00e9 m\u00e9langer ces trois d\u00e9cennies, <strong>Eliana Masgalos, directrice du design femme chez H&amp;M,<\/strong> nous prouve le contraire. \u201c<em>J\u2019ai ador\u00e9 construire l\u2019univers de cette collection : sensuel, affirm\u00e9, fluide, provocant et raffin\u00e9. Notre moodboard \u00e9tait compos\u00e9 de r\u00e9f\u00e9rences inspirantes \u2013 des filles <\/em>chics<em> de Silverlake aux tendances des ann\u00e9es 2010, en passant par les pi\u00e8ces embl\u00e9matiques de l\u2019<a href=\"https:\/\/numero.com\/mode\/indie-sleaze-qui-sont-les-icones-de-la-tendance-phare-des-annees-2000\/\">Indie Sleaze<\/a><\/em>,\u201d confie-t-elle.<\/p>\n<p>Ainsi, au sein de <strong>sa collection printemps 2026,<\/strong> H&amp;M transforme<strong> ces r\u00e9f\u00e9rences vintage <\/strong>en pi\u00e8ces modernes pour une allure pile dans l\u2019air du temps. Notamment gr\u00e2ce \u00e0 des volumes amplifi\u00e9s et des d\u00e9tails couture, exalt\u00e9s par des lignes graphiques et des d\u00e9tails utilitaires. Le r\u00e9sultat est une collection au style \u00e9clectique empreint de sensualit\u00e9. <em>Num\u00e9ro<\/em> d\u00e9taille cinq looks \u00e0 adopter d\u00e8s le retour des beaux jours.<\/p>\n<h2 class=\"wp-block-heading\">5 looks H&amp;M rep\u00e9r\u00e9s dans la collection printemps 2026<\/h2>\n<figure class=\"wp-block-image size-large\"><img loading=\"lazy\" decoding=\"async\" width=\"724\" height=\"1024\" src=\"https:\/\/numero.com\/wp-content\/uploads\/2026\/03\/HM-looks-tendance-printemps-ete-2026-HM-Spring-26-campaign-16-724x1024.jpg\" alt=\"H&amp;M tendance Pour un look minimaliste : l'anorak et le bermuda en cuir \" class=\"wp-image-814707\"><\/figure>\n<h3 class=\"wp-block-heading\">Pour un look minimaliste : l\u2019anorak et le bermuda en cuir <\/h3>\n<p>Rien de mieux que <strong>le cuir <\/strong>pour transformer des pi\u00e8ces casual en une silhouette sophistiqu\u00e9e. Mati\u00e8re luxueuse, il apporte structure, caract\u00e8re et une touche de modernit\u00e9 \u00e0 des coupes pourtant tr\u00e8s simples. La preuve avec <strong>ce look minimaliste <\/strong>compos\u00e9 <strong>d\u2019un anorak et d\u2019un bermuda au style utilitaire, <\/strong>revisit\u00e9s dans un cuir noir souple. Le parfait \u00e9quilibre entre d\u00e9contraction et \u00e9l\u00e9gance.<\/p>\n<figure class=\"wp-block-image size-large\"><img loading=\"lazy\" decoding=\"async\" width=\"724\" height=\"1024\" src=\"https:\/\/numero.com\/wp-content\/uploads\/2026\/03\/HM-looks-tendance-printemps-ete-2026-HM-Spring-26-campaign-14-724x1024.jpg\" alt=\"H&amp;M tendance Pour un look faussement boh\u00e8me : la blouse brod\u00e9e et le jean flare XXL\" class=\"wp-image-814701\"><\/figure>\n<h3 class=\"wp-block-heading\">Pour un look faussement boh\u00e8me : la blouse brod\u00e9e et le jean flare XXL<\/h3>\n<p>Tr\u00e8s en vogue dans les ann\u00e9es 2000,<strong> le look boh\u00e8me<\/strong> m\u00e9ritait d\u2019\u00eatre r\u00e9actualis\u00e9 pour <strong>\u00eatre tendance en 2026. <\/strong>Un exercice que<strong> le studio de cr\u00e9ation de H&amp;M <\/strong>ma\u00eetrise avec justesse. Comme l\u2019illustre <strong>cette blouse romantique noire en lin et d\u00e9licatement brod\u00e9e<\/strong>, associ\u00e9e \u00e0 <strong>un pantalon flare <\/strong>aux volumes volontairement baggy. Ainsi le tout compose une d\u00e9gaine f\u00e9minine et discr\u00e8tement nonchalante qui donne envie.<\/p>\n<figure class=\"wp-block-image size-large\"><img decoding=\"async\" loading=\"lazy\" width=\"724\" height=\"1024\" src=\"https:\/\/numero.com\/wp-content\/uploads\/2026\/03\/HM-looks-tendance-printemps-ete-2026-HM-Spring-26-campaign--724x1024.jpg\" alt=\"H&amp;M tendance Pour un look couture : le crop-top en mailles frang\u00e9es et la jupe longue ballon\" class=\"wp-image-814703\"><\/figure>\n<h3 class=\"wp-block-heading\">Pour un look couture : le crop top en maille boucl\u00e9e et la jupe longue ballon<\/h3>\n<p>On le sait, dans la mode, tout est question de coupes et de proportions. \u00c0 l\u2019image de <strong>ce look tr\u00e8s couture,<\/strong> qui mise sur des contrastes de volumes et de mati\u00e8res. Ici, <strong>le crop top en mailles frang\u00e9es<\/strong> aux influences boh\u00e8mes, se combine \u00e0 <strong>une jupe longue ballon minimaliste. <\/strong>Une silhouette tout en structure et en l\u00e9g\u00e8ret\u00e9 qui conf\u00e8re <br \/>une allure \u00e9l\u00e9gante et contemporaine.\u00a0Le petit d\u00e9tail qui fait la diff\u00e9rence : les tongs en cuir nou\u00e9es \u00e0 la cheville. <\/p>\n<figure class=\"wp-block-image size-large\"><img decoding=\"async\" loading=\"lazy\" width=\"724\" height=\"1024\" src=\"https:\/\/numero.com\/wp-content\/uploads\/2026\/03\/HM-looks-tendance-printemps-ete-2026-HM-Spring-26-campaign-10-724x1024.jpg\" alt=\"H&amp;M tendance Pour un look glamour minimaliste : la robe bustier rouge \" class=\"wp-image-814699\"><\/figure>\n<h3 class=\"wp-block-heading\">Pour un look glamour \u00e9pur\u00e9 : la robe bustier rouge <\/h3>\n<p>Avec <strong>son bustier corset\u00e9 <\/strong>et<strong> sa jupe ample aux volumes g\u00e9n\u00e9reux, cette robe<\/strong> incarne l\u2019\u00e9quilibre parfait entre glamour affirm\u00e9 et \u00e9l\u00e9gance \u00e9pur\u00e9e. <strong>Sa teinte rouge \u00e9clatante<\/strong> lui conf\u00e8re une pr\u00e9sence presque th\u00e9\u00e2trale. Tandis que la l\u00e9g\u00e8ret\u00e9 de sa jupe en tissu satin\u00e9 ajoute une dimension po\u00e9tique et a\u00e9rienne. Sans aucun doute, la robe qui s\u2019adaptera \u00e0 toutes les occasions durant toute la saison.<\/p>\n<figure class=\"wp-block-image size-large\"><img decoding=\"async\" loading=\"lazy\" width=\"724\" height=\"1024\" src=\"https:\/\/numero.com\/wp-content\/uploads\/2026\/03\/HM-Spring-26-campaign-13-724x1024.jpg\" alt=\"H&amp;M Pour un look grungy chic : le pantalon barrel et le blouson en cuir de\" class=\"wp-image-815102\"><\/figure>\n<h3 class=\"wp-block-heading\">Pour un look rock chic : le pantalon barrel et le blouson en cuir<\/h3>\n<p>\u00c0 l\u2019image du style boh\u00e8me, H&amp;M r\u00e9invente <strong>l\u2019allure rock <\/strong>ch\u00e8re \u00e0 Kate Moss avec subtilit\u00e9. Exit donc <a href=\"https:\/\/numero.com\/mode\/jeans-slim-et-skinny-tendance\/\">le jean slim<\/a>, on mise plut\u00f4t sur <strong>un pantalon barrel, <\/strong><em>very chic<\/em> avec ses jambes aux lignes incurv\u00e9es. On le porte taille basse et ceintur\u00e9e, avec <strong>un blouson en cuir droit <\/strong>et une fine \u00e9charpe frang\u00e9e. <\/p>\n<h2 class=\"wp-block-heading\">Quelques accessoires pour compl\u00e9ter la silhouette<\/h2>\n<p>Et pour compl\u00e9ter son look, H&amp;M n\u2019oublie pas de proposer des accessoires \u00e0 porter tout au long de la journ\u00e9e et de la soir\u00e9e. Parmi eux, on a s\u00e9lectionn\u00e9 une paire de lunettes noires minimalistes, des tongs en cuir au talon sculpturale, une minaudi\u00e8re bijou et un collier grigri.<\/p>\n<figure class=\"wp-block-gallery has-nested-images columns-2 wp-block-gallery-3 is-layout-flex wp-block-gallery-is-layout-flex\">\n<figure class=\"wp-block-image size-full\"><img decoding=\"async\" loading=\"lazy\" width=\"800\" height=\"1200\" data-id=\"815104\" src=\"https:\/\/numero.com\/wp-content\/uploads\/2026\/03\/Lunettes-de-soleil-minimalistes-HM-Spring-26-collection-1.jpg\" alt=\"H&amp;M Les lunettes de soleil minimalistes.\" class=\"wp-image-815104\"><figcaption class=\"wp-element-caption\">Les lunettes de soleil minimalistes.<\/figcaption><\/figure>\n<figure class=\"wp-block-image size-full\"><img decoding=\"async\" loading=\"lazy\" width=\"800\" height=\"1200\" data-id=\"815108\" src=\"https:\/\/numero.com\/wp-content\/uploads\/2026\/03\/Tongs-a-talons-en-cuir-HM-Spring-26-collection-2.jpg\" alt=\"H&amp;M Les tongs \u00e0 talon sculpture. \" class=\"wp-image-815108\"><figcaption class=\"wp-element-caption\">Les tongs au talon scultpural.<\/figcaption><\/figure>\n<figure class=\"wp-block-image size-full\"><img decoding=\"async\" loading=\"lazy\" width=\"800\" height=\"1200\" data-id=\"815110\" src=\"https:\/\/numero.com\/wp-content\/uploads\/2026\/03\/Minaudiere-bijou-a-pompon-HM-Spring-26-collection-9.jpg\" alt=\"H&amp;M La minaudi\u00e8re bijou.\" class=\"wp-image-815110\"><figcaption class=\"wp-element-caption\">La minaudi\u00e8re bijou.<\/figcaption><\/figure>\n<figure class=\"wp-block-image size-full\"><img decoding=\"async\" loading=\"lazy\" width=\"800\" height=\"1200\" data-id=\"815106\" src=\"https:\/\/numero.com\/wp-content\/uploads\/2026\/03\/Le-collier-boheme-HM-Spring-26-collection-24.jpg\" alt=\"H&amp;M Le collier gri-gri.\" class=\"wp-image-815106\"><figcaption class=\"wp-element-caption\">Le collier gri-gri.<\/figcaption><\/figure>\n<\/figure><\/div>\n<\/p><\/div>\n<div class=\"col-lg-3\">\n<div class=\"suggested-posts padding-top-s\">\n<div class=\"title\">Recommand\u00e9<\/div>\n<div class=\"post-card\">\n\t\t\t\t\t\t\t\t\t\t<a class=\"post-link d-flex\" href=\"https:\/\/numero.com\/lifestyle\/l-analogique-est-de-nouveau-tendance\/\"><\/p>\n<div class=\"container-img\">\n\t\t\t\t\t\t\t\t\t\t\t\t<img decoding=\"async\" width=\"640\" height=\"804\" src=\"https:\/\/numero.com\/wp-content\/uploads\/2026\/02\/zoe-kravitz-high-fidelity2-768x965.jpg\" class=\"img-fluid\" alt=\"Zo\u00eb Kravitz dans la s\u00e9rie High Fidelity.\" loading=\"lazy\">\t\t\t\t\t\t\t\t\t\t\t\t<\/p>\n<p class=\"number\">4<\/p>\n<\/p><\/div>\n<div class=\"card-info d-flex\">\n<div>\n<p class=\"cat-title\">Lifestyle<\/p>\n<h3 class=\"post-title\">Que faut-il penser de la tendance du retour \u00e0 l\u2019analogique ?<\/h3>\n<\/p><\/div>\n<p class=\"date\">\n\t\t\t\t\t\t\t\t\t\t\t\t\t4 f\u00e9v 2026\t\t\t\t\t\t\t\t\t\t\t\t<\/p>\n<\/p><\/div>\n<p>\t\t\t\t\t\t\t\t\t\t<\/a>\n\t\t\t\t\t\t\t\t\t<\/div>\n<div class=\"post-card\">\n\t\t\t\t\t\t\t\t\t\t<a class=\"post-link d-flex\" href=\"https:\/\/numero.com\/mode\/hoodies-tendance-pour-rester-au-chaud\/\"><\/p>\n<div class=\"container-img\">\n\t\t\t\t\t\t\t\t\t\t\t\t<img decoding=\"async\" width=\"640\" height=\"804\" src=\"https:\/\/numero.com\/wp-content\/uploads\/2024\/10\/thumb-irina-shayk-hoodie-768x965.jpg\" class=\"img-fluid\" alt=\"irina shayk en hoodie\" loading=\"lazy\">\t\t\t\t\t\t\t\t\t\t\t\t<\/p>\n<p class=\"number\">6<\/p>\n<\/p><\/div>\n<div class=\"card-info d-flex\">\n<div>\n<p class=\"cat-title\">Mode<\/p>\n<h3 class=\"post-title\">Les hoodies ultra-cool et tendance dans lesquels se blottir cet hiver<\/h3>\n<\/p><\/div>\n<p class=\"date\">\n\t\t\t\t\t\t\t\t\t\t\t\t\t6 jan 2026\t\t\t\t\t\t\t\t\t\t\t\t<\/p>\n<\/p><\/div>\n<p>\t\t\t\t\t\t\t\t\t\t<\/a>\n\t\t\t\t\t\t\t\t\t<\/div>\n<div class=\"post-card\">\n\t\t\t\t\t\t\t\t\t\t<a class=\"post-link d-flex\" href=\"https:\/\/numero.com\/mode\/video-la-mode-du-printemps-ete-2026-vue-par-arthur-valverde\/\"><\/p>\n<div class=\"container-img\">\n\t\t\t\t\t\t\t\t\t\t\t\t<img decoding=\"async\" width=\"640\" height=\"408\" src=\"https:\/\/numero.com\/wp-content\/uploads\/2026\/01\/Adrift-video-mode-du-printemps-ete-2026-Arthur-Valverde-768x490.jpg\" class=\"img-fluid\" alt=\"Cover vid\u00e9o adrift mode printemps-\u00e9t\u00e9 2026 arthur valverde\" loading=\"lazy\">\t\t\t\t\t\t\t\t\t\t\t\t<\/p>\n<p class=\"number\">4<\/p>\n<\/p><\/div>\n<div class=\"card-info d-flex\">\n<div>\n<p class=\"cat-title\">Mode<\/p>\n<h3 class=\"post-title\">Vid\u00e9o : la mode du printemps-\u00e9t\u00e9 2026 vue par Arthur Valverde<\/h3>\n<\/p><\/div>\n<p class=\"date\">\n\t\t\t\t\t\t\t\t\t\t\t\t\t4 f\u00e9v 2026\t\t\t\t\t\t\t\t\t\t\t\t<\/p>\n<\/p><\/div>\n<p>\t\t\t\t\t\t\t\t\t\t<\/a>\n\t\t\t\t\t\t\t\t\t<\/div>\n<div class=\"post-card\">\n\t\t\t\t\t\t\t\t\t\t<a class=\"post-link d-flex\" href=\"https:\/\/numero.com\/mode\/manteaux-intemporels-dans-lesquels-investir\/\"><\/p>\n<div class=\"container-img\">\n\t\t\t\t\t\t\t\t\t\t\t\t<img decoding=\"async\" width=\"640\" height=\"804\" src=\"https:\/\/numero.com\/wp-content\/uploads\/2024\/01\/rihanna-manteau-laine-768x965.jpg\" class=\"img-fluid\" alt=\"rihanna en manteau en laine ceintur\u00e9\" loading=\"lazy\">\t\t\t\t\t\t\t\t\t\t\t\t<\/p>\n<p class=\"number\">5<\/p>\n<\/p><\/div>\n<div class=\"card-info d-flex\">\n<div>\n<p class=\"cat-title\">Mode<\/p>\n<h3 class=\"post-title\">12 manteaux intemporels dans lesquels investir<\/h3>\n<\/p><\/div>\n<p class=\"date\">\n\t\t\t\t\t\t\t\t\t\t\t\t\t5 jan 2026\t\t\t\t\t\t\t\t\t\t\t\t<\/p>\n<\/p><\/div>\n<p>\t\t\t\t\t\t\t\t\t\t<\/a>\n\t\t\t\t\t\t\t\t\t<\/div>\n<\/p><\/div>\n<\/p><\/div>\n<\/p><\/div>\n<div class=\"padding-top-s\">\n<div class=\"ad banner desktop\">\n<div class=\"container\">\n<div class=\"row\">\n            <!-- \/21730003857\/numero-ad-unit\/numero-banner-1 --><\/p>\n<div id=\"div-gpt-ad-1757006327907-0\" style=\"min-width: 350px\">\n<p>                    googletag.cmd.push(function () {<br \/>\n                        googletag.display(&#8216;div-gpt-ad-1757006327907-0&#8217;);<br \/>\n                    });<\/p><\/div>\n<\/p><\/div>\n<\/p><\/div>\n<\/div><\/div>\n<\/p><\/div>\n<\/section>\n<p>        <button class=\"btn-newsletter btn-outline-white my-5\" id=\"open-modal-newsletter\">Inscrivez-vous \u00e0 la newsletter<\/button>\t\t<\/p>\n<section class=\"related-posts post-list padding-top-m padding-bottom-s\">\n<div class=\"container\">\n<h2 class=\"title mx-auto\">\u00c0 lire aussi<\/h2>\n<div class=\"row\">\n<div class=\"col-lg-3\">\n<div class=\"post-card desktop\">\n\t\t\t\t\t\t\t\t\t\t<a class=\"post-link\" href=\"https:\/\/numero.com\/mode\/desigual-delilah-belle-egerie-de-la-collection-printemps-ete-2026\/\"><\/p>\n<div class=\"container-img\">\n\t\t\t\t\t\t\t\t\t\t\t\t<img decoding=\"async\" width=\"573\" height=\"636\" src=\"https:\/\/numero.com\/wp-content\/uploads\/2026\/03\/260120_DESIGUAL_SS26_NEWCO_03_1232_1_CROPPED.jpg\" class=\"img-fluid\" alt=\"Delilah Belle pour Desigual printemps-\u00e9t\u00e9 2026\" loading=\"lazy\">\t\t\t\t\t\t\t\t\t\t\t\t<\/p>\n<div class=\"number\">10<\/div>\n<\/p><\/div>\n<div class=\"card-info\">\n<div class=\"meta d-flex justify-content-between\">\n<p class=\"cat-title\">Mode<\/p>\n<p class=\"date\">\n\t\t\t\t\t\t\t\t\t\t\t\t\t\t10 mars 2026\t\t\t\t\t\t\t\t\t\t\t\t\t<\/p>\n<\/p><\/div>\n<div class=\"post-title\">Comme Delilah Belle, on adore la nouvelle collection Desigual<\/div>\n<\/p><\/div>\n<p>\t\t\t\t\t\t\t\t\t\t<\/a>\n\t\t\t\t\t\t\t\t\t<\/div>\n<div class=\"post-card mobile\">\n\t\t\t\t\t\t\t\t\t\t<a class=\"post-link d-flex\" href=\"https:\/\/numero.com\/mode\/desigual-delilah-belle-egerie-de-la-collection-printemps-ete-2026\/\"><\/p>\n<div class=\"container-img\">\n\t\t\t\t\t\t\t\t\t\t\t\t<img decoding=\"async\" width=\"573\" height=\"636\" src=\"https:\/\/numero.com\/wp-content\/uploads\/2026\/03\/260120_DESIGUAL_SS26_NEWCO_03_1232_1_CROPPED.jpg\" class=\"img-fluid\" alt=\"Delilah Belle pour Desigual printemps-\u00e9t\u00e9 2026\" loading=\"lazy\">\t\t\t\t\t\t\t\t\t\t\t\t<\/p>\n<div class=\"number\">10<\/div>\n<\/p><\/div>\n<div class=\"card-info d-flex\">\n<div>\n<p class=\"cat-title\">Mode<\/p>\n<h3 class=\"post-title\">Comme Delilah Belle, on adore la nouvelle collection Desigual<\/h3>\n<\/p><\/div>\n<p class=\"date\">\n\t\t\t\t\t\t\t\t\t\t\t\t\t10 mars 2026\t\t\t\t\t\t\t\t\t\t\t\t<\/p>\n<\/p><\/div>\n<p>\t\t\t\t\t\t\t\t\t\t<\/a>\n\t\t\t\t\t\t\t\t\t<\/div>\n<\/p><\/div>\n<div class=\"col-lg-3\">\n<div class=\"post-card desktop\">\n\t\t\t\t\t\t\t\t\t\t<a class=\"post-link\" href=\"https:\/\/numero.com\/mode\/quel-jean-choisir-face-au-grand-retour-de-la-taille-basse\/\"><\/p>\n<div class=\"container-img\">\n\t\t\t\t\t\t\t\t\t\t\t\t<img decoding=\"async\" width=\"640\" height=\"804\" src=\"https:\/\/numero.com\/wp-content\/uploads\/2026\/02\/thumb-jean-taille-basse-tendance-amelia-gray-768x965.jpg\" class=\"img-fluid\" alt=\"amelia gray en baggy taille basse tendance\" loading=\"lazy\">\t\t\t\t\t\t\t\t\t\t\t\t<\/p>\n<div class=\"number\">26<\/div>\n<\/p><\/div>\n<div class=\"card-info\">\n<div class=\"meta d-flex justify-content-between\">\n<p class=\"cat-title\">Mode<\/p>\n<p class=\"date\">\n\t\t\t\t\t\t\t\t\t\t\t\t\t\t26 f\u00e9v 2026\t\t\t\t\t\t\t\t\t\t\t\t\t<\/p>\n<\/p><\/div>\n<div class=\"post-title\">Quel jean choisir face au grand retour de la taille basse ?<\/div>\n<\/p><\/div>\n<p>\t\t\t\t\t\t\t\t\t\t<\/a>\n\t\t\t\t\t\t\t\t\t<\/div>\n<div class=\"post-card mobile\">\n\t\t\t\t\t\t\t\t\t\t<a class=\"post-link d-flex\" href=\"https:\/\/numero.com\/mode\/quel-jean-choisir-face-au-grand-retour-de-la-taille-basse\/\"><\/p>\n<div class=\"container-img\">\n\t\t\t\t\t\t\t\t\t\t\t\t<img decoding=\"async\" width=\"640\" height=\"804\" src=\"https:\/\/numero.com\/wp-content\/uploads\/2026\/02\/thumb-jean-taille-basse-tendance-amelia-gray-768x965.jpg\" class=\"img-fluid\" alt=\"amelia gray en baggy taille basse tendance\" loading=\"lazy\">\t\t\t\t\t\t\t\t\t\t\t\t<\/p>\n<div class=\"number\">26<\/div>\n<\/p><\/div>\n<div class=\"card-info d-flex\">\n<div>\n<p class=\"cat-title\">Mode<\/p>\n<h3 class=\"post-title\">Quel jean choisir face au grand retour de la taille basse ?<\/h3>\n<\/p><\/div>\n<p class=\"date\">\n\t\t\t\t\t\t\t\t\t\t\t\t\t26 f\u00e9v 2026\t\t\t\t\t\t\t\t\t\t\t\t<\/p>\n<\/p><\/div>\n<p>\t\t\t\t\t\t\t\t\t\t<\/a>\n\t\t\t\t\t\t\t\t\t<\/div>\n<\/p><\/div>\n<div class=\"col-lg-3\">\n<div class=\"post-card desktop\">\n\t\t\t\t\t\t\t\t\t\t<a class=\"post-link\" href=\"https:\/\/numero.com\/mode\/les-chemises-tendance-printemps-a-adopter-de-toute-urgence\/\"><\/p>\n<div class=\"container-img\">\n\t\t\t\t\t\t\t\t\t\t\t\t<img decoding=\"async\" width=\"640\" height=\"804\" src=\"https:\/\/numero.com\/wp-content\/uploads\/2025\/02\/thumb-dua-lipa-chemise-768x965.jpg\" class=\"img-fluid\" alt=\"dua lipa chemises tendance\" loading=\"lazy\">\t\t\t\t\t\t\t\t\t\t\t\t<\/p>\n<div class=\"number\">24<\/div>\n<\/p><\/div>\n<div class=\"card-info\">\n<div class=\"meta d-flex justify-content-between\">\n<p class=\"cat-title\">Mode<\/p>\n<p class=\"date\">\n\t\t\t\t\t\t\t\t\t\t\t\t\t\t24 f\u00e9v 2026\t\t\t\t\t\t\t\t\t\t\t\t\t<\/p>\n<\/p><\/div>\n<div class=\"post-title\">Quelle chemise adopter pour l\u2019arriv\u00e9e du printemps ?<\/div>\n<\/p><\/div>\n<p>\t\t\t\t\t\t\t\t\t\t<\/a>\n\t\t\t\t\t\t\t\t\t<\/div>\n<div class=\"post-card mobile\">\n\t\t\t\t\t\t\t\t\t\t<a class=\"post-link d-flex\" href=\"https:\/\/numero.com\/mode\/les-chemises-tendance-printemps-a-adopter-de-toute-urgence\/\"><\/p>\n<div class=\"container-img\">\n\t\t\t\t\t\t\t\t\t\t\t\t<img decoding=\"async\" width=\"640\" height=\"804\" src=\"https:\/\/numero.com\/wp-content\/uploads\/2025\/02\/thumb-dua-lipa-chemise-768x965.jpg\" class=\"img-fluid\" alt=\"dua lipa chemises tendance\" loading=\"lazy\">\t\t\t\t\t\t\t\t\t\t\t\t<\/p>\n<div class=\"number\">24<\/div>\n<\/p><\/div>\n<div class=\"card-info d-flex\">\n<div>\n<p class=\"cat-title\">Mode<\/p>\n<h3 class=\"post-title\">Quelle chemise adopter pour l\u2019arriv\u00e9e du printemps ?<\/h3>\n<\/p><\/div>\n<p class=\"date\">\n\t\t\t\t\t\t\t\t\t\t\t\t\t24 f\u00e9v 2026\t\t\t\t\t\t\t\t\t\t\t\t<\/p>\n<\/p><\/div>\n<p>\t\t\t\t\t\t\t\t\t\t<\/a>\n\t\t\t\t\t\t\t\t\t<\/div>\n<\/p><\/div>\n<div class=\"col-lg-3\">\n<div class=\"post-card desktop\">\n\t\t\t\t\t\t\t\t\t\t<a class=\"post-link\" href=\"https:\/\/numero.com\/mode\/col-montant-vestes-et-manteaux-tendance\/\"><\/p>\n<div class=\"container-img\">\n\t\t\t\t\t\t\t\t\t\t\t\t<img decoding=\"async\" width=\"640\" height=\"804\" src=\"https:\/\/numero.com\/wp-content\/uploads\/2026\/02\/thumb-trench-col-montant-tendance-768x965.jpg\" class=\"img-fluid\" alt=\"tendance trench col montant printemps-\u00e9t\u00e9 2026\" loading=\"lazy\">\t\t\t\t\t\t\t\t\t\t\t\t<\/p>\n<div class=\"number\">17<\/div>\n<\/p><\/div>\n<div class=\"card-info\">\n<div class=\"meta d-flex justify-content-between\">\n<p class=\"cat-title\">Mode<\/p>\n<p class=\"date\">\n\t\t\t\t\t\t\t\t\t\t\t\t\t\t17 f\u00e9v 2026\t\t\t\t\t\t\t\t\t\t\t\t\t<\/p>\n<\/p><\/div>\n<div class=\"post-title\">Quelles pi\u00e8ces pour adopter la tendance du col montant ?<\/div>\n<\/p><\/div>\n<p>\t\t\t\t\t\t\t\t\t\t<\/a>\n\t\t\t\t\t\t\t\t\t<\/div>\n<div class=\"post-card mobile\">\n\t\t\t\t\t\t\t\t\t\t<a class=\"post-link d-flex\" href=\"https:\/\/numero.com\/mode\/col-montant-vestes-et-manteaux-tendance\/\"><\/p>\n<div class=\"container-img\">\n\t\t\t\t\t\t\t\t\t\t\t\t<img decoding=\"async\" width=\"640\" height=\"804\" src=\"https:\/\/numero.com\/wp-content\/uploads\/2026\/02\/thumb-trench-col-montant-tendance-768x965.jpg\" class=\"img-fluid\" alt=\"tendance trench col montant printemps-\u00e9t\u00e9 2026\" loading=\"lazy\">\t\t\t\t\t\t\t\t\t\t\t\t<\/p>\n<div class=\"number\">17<\/div>\n<\/p><\/div>\n<div class=\"card-info d-flex\">\n<div>\n<p class=\"cat-title\">Mode<\/p>\n<h3 class=\"post-title\">Quelles pi\u00e8ces pour adopter la tendance du col montant ?<\/h3>\n<\/p><\/div>\n<p class=\"date\">\n\t\t\t\t\t\t\t\t\t\t\t\t\t17 f\u00e9v 2026\t\t\t\t\t\t\t\t\t\t\t\t<\/p>\n<\/p><\/div>\n<p>\t\t\t\t\t\t\t\t\t\t<\/a>\n\t\t\t\t\t\t\t\t\t<\/div>\n<\/p><\/div>\n<\/p><\/div>\n<\/p><\/div>\n<\/section>\n<div class=\"padding-bottom-s\">\n<div class=\"ad banner desktop\">\n<div class=\"container\">\n<div class=\"row\">\n            <!-- \/21730003857\/numero-ad-unit\/numero-banner-1 --><\/p>\n<div id=\"div-gpt-ad-1757006327907-0\" style=\"min-width: 350px\">\n<p>                    googletag.cmd.push(function () {<br \/>\n                        googletag.display(&#8216;div-gpt-ad-1757006327907-0&#8217;);<br \/>\n                    });<\/p><\/div>\n<\/p><\/div>\n<\/p><\/div>\n<\/div><\/div>\n<\/p><\/div>\n","protected":false},"excerpt":{"rendered":"<p>30 30 googletag.cmd.push(function () { googletag.display(&#8216;div-gpt-ad-1757063143832-0&#8217;); }); Lien copi\u00e9 Mode 30 mars 2026 5 looks H&amp;M qu\u2019on va vouloir porter ce printemps D\u00e9couvrez 5 looks H&amp;M rep\u00e9r\u00e9s au sein de la collection printemps 2026 pour \u00eatre tendance avec le retour des beaux jours. par La r\u00e9daction. googletag.cmd.push(function () { googletag.display(&#8216;div-gpt-ad-1757521738078-0&#8217;); }); &lt;!&#8211; &#8211;&gt; La collection [&hellip;]<\/p>\n","protected":false},"author":1,"featured_media":0,"comment_status":"open","ping_status":"","sticky":false,"template":"","format":"standard","meta":{"footnotes":""},"categories":[1],"tags":[226,258],"class_list":["post-1855421","post","type-post","status-publish","format-standard","hentry","category-uncategorized","tag-crawlmanager","tag-numero-com"],"_links":{"self":[{"href":"https:\/\/analyse.optim.biz\/index.php?rest_route=\/wp\/v2\/posts\/1855421","targetHints":{"allow":["GET"]}}],"collection":[{"href":"https:\/\/analyse.optim.biz\/index.php?rest_route=\/wp\/v2\/posts"}],"about":[{"href":"https:\/\/analyse.optim.biz\/index.php?rest_route=\/wp\/v2\/types\/post"}],"author":[{"embeddable":true,"href":"https:\/\/analyse.optim.biz\/index.php?rest_route=\/wp\/v2\/users\/1"}],"replies":[{"embeddable":true,"href":"https:\/\/analyse.optim.biz\/index.php?rest_route=%2Fwp%2Fv2%2Fcomments&post=1855421"}],"version-history":[{"count":1,"href":"https:\/\/analyse.optim.biz\/index.php?rest_route=\/wp\/v2\/posts\/1855421\/revisions"}],"predecessor-version":[{"id":1953312,"href":"https:\/\/analyse.optim.biz\/index.php?rest_route=\/wp\/v2\/posts\/1855421\/revisions\/1953312"}],"wp:attachment":[{"href":"https:\/\/analyse.optim.biz\/index.php?rest_route=%2Fwp%2Fv2%2Fmedia&parent=1855421"}],"wp:term":[{"taxonomy":"category","embeddable":true,"href":"https:\/\/analyse.optim.biz\/index.php?rest_route=%2Fwp%2Fv2%2Fcategories&post=1855421"},{"taxonomy":"post_tag","embeddable":true,"href":"https:\/\/analyse.optim.biz\/index.php?rest_route=%2Fwp%2Fv2%2Ftags&post=1855421"}],"curies":[{"name":"wp","href":"https:\/\/api.w.org\/{rel}","templated":true}]}}