{"id":1855420,"date":"2026-03-31T02:26:00","date_gmt":"2026-03-30T23:26:00","guid":{"rendered":"https:\/\/analyse.optim.biz\/?p=1855420"},"modified":"2026-03-31T02:26:00","modified_gmt":"2026-03-30T23:26:00","slug":"decouvrez-la-premiere-image-de-michael-fassbender-dans-la-serie-netflix-sur-la-famille-kennedy","status":"publish","type":"post","link":"https:\/\/analyse.optim.biz\/?p=1855420","title":{"rendered":"D\u00e9couvrez la premi\u00e8re image de Michael Fassbender dans la s\u00e9rie Netflix sur la famille Kennedy"},"content":{"rendered":"<div class=\"entry-content\">\n<section class=\"single-header padding-top-s\">\n<div class=\"container\">\n<div class=\"row justify-content-between\">\n<div class=\"col-lg-9 col-xl-8\">\n<div class=\"video-container\">\n\t\t\t\t\t\t\t\t\t\t\t\t\t<\/div>\n<div class=\"container-img desktop\">\n\t\t\t\t\t\t\t\t<img decoding=\"async\" width=\"640\" height=\"408\" src=\"https:\/\/numero.com\/wp-content\/uploads\/2025\/10\/push-serie-kennedy-numero-magazine-768x490.jpg\" class=\"img-fluid\" alt=\"Netflix pr\u00e9pare une s\u00e9rie sur la famille Kennedy avec Michael Fassbender.\" loading=\"lazy\">\t\t\t\t\t\t\t\t<\/p>\n<p class=\"number big\">30<\/p>\n<\/p><\/div>\n<div class=\"container-img mobile\">\n\t\t\t\t\t\t\t\t<img decoding=\"async\" width=\"640\" height=\"804\" src=\"https:\/\/numero.com\/wp-content\/uploads\/2025\/10\/thumb-serie-kennedy-numero-magazine-768x965.jpg\" class=\"img-fluid\" alt=\"Netflix pr\u00e9pare une s\u00e9rie sur la famille Kennedy avec Michael Fassbender.\" loading=\"lazy\">\t\t\t\t\t\t\t\t<\/p>\n<p class=\"number big\">30<\/p>\n<\/p><\/div>\n<\/p><\/div>\n<div class=\"col col-lg-3 col-xl-4 desktop\">\n<div class=\"ad grand-angle desktop\">\n    <!-- \/21730003857\/numero-ad-unit\/numero-grand-angle --><\/p>\n<div id=\"div-gpt-ad-1757063143832-0\" class=\"px-0\">\n<p>            googletag.cmd.push(function () {<br \/>\n                googletag.display(&#8216;div-gpt-ad-1757063143832-0&#8217;);<br \/>\n            });<\/p><\/div>\n<\/div><\/div>\n<\/p><\/div>\n<\/p><\/div>\n<\/section>\n<section class=\"post-content\">\n<div class=\"container\">\n<div class=\"row g-0 justify-content-between\">\n<div class=\"col-lg-9 col-xl-8 padding-top-s\">\n<p class=\"share-widget\" id=\"share-widget\"><img decoding=\"async\" src=\"https:\/\/numero.com\/wp-content\/themes\/%09%09%09understrap-child-main\/src\/public\/images\/share.svg\" alt=\"share-widget\"><\/p>\n<div class=\"share-icons\" id=\"share-icons\">\n<p class=\"copy-link\"><img decoding=\"async\" src=\"https:\/\/numero.com\/wp-content\/themes\/understrap-child-main\/src\/public\/images\/copy-link.svg\" alt=\"copy-link\"><\/p>\n<p>\t\t\t\t\t\t\t<a href=\"https:\/\/www.facebook.com\/sharer\/sharer.php?u=https:\/\/numero.com\/culture\/series\/la-famille-kennedy-au-coeur-dune-serie-netflix\/\" class=\"facebook\" target=\"_blank\" rel=\"noopener\"><img decoding=\"async\" src=\"https:\/\/numero.com\/wp-content\/themes\/understrap-child-main\/src\/public\/images\/facebook.svg\" alt=\"facebook\"><\/a><br \/>\n\t\t\t\t\t\t\t<a href=\"https:\/\/twitter.com\/share?url=https:\/\/numero.com\/culture\/series\/la-famille-kennedy-au-coeur-dune-serie-netflix\/\" class=\"twitter\" target=\"_blank\" rel=\"noopener\"><img decoding=\"async\" src=\"https:\/\/numero.com\/wp-content\/themes\/understrap-child-main\/src\/public\/images\/twitter.svg\" alt=\"twitter\"><\/a>\n\t\t\t\t\t\t<\/div>\n<p>\t\t\t\t\t\t<span class id=\"custom-tooltip\">Lien copi\u00e9<\/span><\/p>\n<div class=\"col-lg-10\">\n<div class=\"meta d-flex justify-content-between align-items-center\">\n<div class=\"cat\">\n\t\t\t\t\t\t\t\t\t<a class=\"cat-title\" href=\"https:\/\/numero.com\/category\/culture\/series\/\">S\u00e9ries<\/a>\t\t\t\t\t\t\t\t<\/div>\n<p class=\"date\">\n\t\t\t\t\t\t\t\t\t30 mars 2026\t\t\t\t\t\t\t\t<\/p>\n<\/p><\/div>\n<h1>D\u00e9couvrez la premi\u00e8re image de Michael Fassbender dans la s\u00e9rie Netflix sur la famille Kennedy<\/h1>\n<div class=\"introduction\">\n<p>Apr\u00e8s le succ\u00e8s de la s\u00e9rie <em data-start=\"33\" data-end=\"44\">The Crown<\/em>, lanc\u00e9e en 2016, Netflix s\u2019attaque \u00e0 une autre dynastie l\u00e9gendaire : les Kennedy. Port\u00e9e par Michael Fassbender et \u00e9crite par Eric Roth, la s\u00e9rie retracera l\u2019ascension fulgurante et tragique de la plus mythique des familles am\u00e9ricaines. Alors qu\u2019une premi\u00e8re image de la s\u00e9rie vient d\u2019\u00eatre r\u00e9v\u00e9l\u00e9e, <em>Num\u00e9ro<\/em> fait le point.<\/p>\n<\/div>\n<li class=\"credits d-flex\">\n<p>\n\t\t\t\t\t\t\t\t\t\t\tpar\t\t\t\t\t\t\t\t\t\t\t\t\t\t\t\t\t\t\t\t\t\t\t<a href=\"https:\/\/numero.com\/contributeur\/alexis-thibault\/\">Alexis Thibault<\/a>.\t\t\t\t\t\t\t\t\t\t\t\t\t\t\t\t\t\t\t\t\t<\/p>\n<\/li>\n<p class=\"edition-date\">Publi\u00e9 le 29 octobre 2025. Modifi\u00e9 le 30 mars 2026.<\/p>\n<div id=\"ads03\" class=\"mobile\">\n<div class=\"ad-wrapper\">\n<div class=\"ad interscroller desktop\">\n<\/div>\n<p><!-- \/21730003857\/numero-ad-unit\/numero-interscroller --><\/p>\n<div id=\"div-gpt-ad-1757521738078-0\">\n<p>        googletag.cmd.push(function () {<br \/>\n            googletag.display(&#8216;div-gpt-ad-1757521738078-0&#8217;);<br \/>\n        });<\/p>\n<\/div><\/div>\n<\/p><\/div>\n<p>\t\t\t\t\t\t\t&lt;!&#8211; <\/p>\n<div class=\"padding-bottom-s\">\n\t\t\t\t\t\t\t\t\t\t\t\t\t\t\t<\/div>\n<p> &#8211;&gt;<\/p>\n<figure class=\"wp-block-image size-large\"><img loading=\"lazy\" decoding=\"async\" width=\"681\" height=\"1024\" src=\"https:\/\/numero.com\/wp-content\/uploads\/2025\/10\/GettyImages-515280242-681x1024.jpg\" alt=\"Le Pr\u00e9sident Kennedy et sa femme Jaqueline devant la Maison-Blanche en janvier 1961. \u00a9 Bettman \/ Getty Images.\" class=\"wp-image-750262\"><figcaption class=\"wp-element-caption\">Le Pr\u00e9sident Kennedy et sa femme Jaqueline devant la Maison-Blanche en janvier 1961. \u00a9 Bettman \/ Getty Images.<\/figcaption><\/figure>\n<h2 class=\"wp-block-heading\">Une nouvelle s\u00e9rie Netflix avec Michael Fassbender <\/h2>\n<p>Apr\u00e8s <em><strong>The Crown<\/strong><\/em>, Netflix s\u2019attaque \u00e0 une autre dynastie : celle des Kennedy. Selon nos confr\u00e8res de <em>Variety<\/em>, la plateforme pr\u00e9pare une s\u00e9rie inspir\u00e9e du livre de l\u2019historien <strong>Fredrik Logevall,<\/strong> <em>JFK: Coming of Age in the American Century (1917-1956)<\/em>. Alors que le sc\u00e9nario a \u00e9t\u00e9 confi\u00e9 \u00e0 <strong>Eric Roth<\/strong> (<em>Forrest Gump<\/em>, <em>Munich<\/em>), c\u2019est l\u2019acteur germano-irlandais <strong><a href=\"https:\/\/numero.com\/mode\/fashion-week\/mads-mikkelsen-michael-fassbender-au-diner-zegna-a-la-fashion-week-de-milan\/\">Michael Fassbender<\/a><\/strong> qui h\u00e9rite du r\u00f4le du patriarche, Joseph P. Kennedy Sr., figure autoritaire et strat\u00e8ge qui r\u00eavait de voir l\u2019un de ses fils conqu\u00e9rir la pr\u00e9sidence\u2026<\/p>\n<p>Aussit\u00f4t pr\u00e9sent\u00e9e comme une \u201cversion am\u00e9ricaine de <em><strong><a href=\"https:\/\/numero.com\/mode\/the-crown-les-secrets-derriere-les-costumes-de-la-serie\/\">The Crown<\/a><\/strong><\/em>\u201d, la s\u00e9rie devrait retracer l\u2019ascension d\u2019une famille d\u2019immigr\u00e9s irlandais devenue <strong>symbole du pouvoir et du glamour politique.<\/strong> Des intrigues de Boston aux salons de Washington, elle plongera dans les ann\u00e9es de formation de <strong>John F. Kennedy<\/strong>. Sans rien omettre de ses ambitions contrari\u00e9es par la sant\u00e9 fragile, son complexe d\u2019inf\u00e9riorit\u00e9 face \u00e0 son fr\u00e8re a\u00een\u00e9 Joe, et son apprentissage de la sc\u00e8ne internationale.<\/p>\n<p>Quelques semaines apr\u00e8s la sortie de <em><strong>Love Story<\/strong><\/em>, la fiction de\u00a0<strong>Ryan Murphy<\/strong>\u00a0consacr\u00e9e \u00e0 <strong>John F. Kennedy Jr.<\/strong>\u00a0et <strong>Carolyn Bessette<\/strong>, la c\u00e9l\u00e8bre famille continue d\u2019incarner <strong>l\u2019<em>American Dream<\/em><\/strong> et de fasciner les foules. <strong>Des drames spectaculaires <\/strong>\u2013 de l\u2019assassinat de JFK \u00e0 la mort de son fils John-John \u2013 ont forg\u00e9 <strong>leur aura quasi mythologique.<\/strong><\/p>\n<figure class=\"wp-block-image size-large\"><img loading=\"lazy\" decoding=\"async\" width=\"1024\" height=\"682\" src=\"https:\/\/numero.com\/wp-content\/uploads\/2025\/10\/Fassbender-1024x682.jpg\" alt=\"Michael Fassbender dans la s\u00e9rie Kennedy (2026) \u00a9 Netflix.\" class=\"wp-image-821599\"><figcaption class=\"wp-element-caption\">Michael Fassbender dans la s\u00e9rie <em>Kennedy<\/em> (2026) \u00a9 Netflix.<\/figcaption><\/figure>\n<h2 class=\"wp-block-heading\">L\u2019incroyable histoire de la famille Kennedy<\/h2>\n<p>N\u00e9e de l\u2019ambition f\u00e9roce de <strong>Joseph P. Kennedy<\/strong>, magnat irlandais catholique, la dynastie s\u2019impose d\u00e8s les ann\u00e9es 1950 comme le visage d\u2019une \u00e9lite d\u2019un nouveau genre. \u00c0 la fois moderne, cultiv\u00e9e, irr\u00e9sistiblement photog\u00e9nique. <strong>John Fitzgerald Kennedy,<\/strong> \u00e9lu pr\u00e9sident en 1960 \u00e0 seulement 43 ans, incarne alors une Am\u00e9rique optimiste et conqu\u00e9rante. En t\u00e9moigne sa promesse d\u2019envoyer un homme sur la Lune\u2026<\/p>\n<p>Mais la l\u00e9gende bascule brutalement dans le drame. Le 22 novembre 1963, <strong>les coups de feu de Dallas<\/strong> foudroient non seulement un pr\u00e9sident, mais une nation enti\u00e8re. Cinq ans plus tard, son fr\u00e8re Robert subit le m\u00eame sort, abattu en pleine campagne. D\u00e8s lors, <strong>la \u201cmal\u00e9diction Kennedy\u201d <\/strong>entre dans le langage commun : accidents d\u2019avion, morts pr\u00e9matur\u00e9es, addictions, scandales. On serait tent\u00e9 de dire que cette succession de cataclysmes confine presque \u00e0 la fatalit\u00e9.<\/p>\n<p>Pourtant, derri\u00e8re la trag\u00e9die demeure une image d\u2019\u00e9l\u00e9gance et de pouvoir. <strong>Jackie Kennedy<\/strong> transforme la Maison-Blanche en sc\u00e8ne culturelle, JFK Jr. devient l\u2019enfant-roi d\u2019une Am\u00e9rique encore nostalgique\u2026 Les Kennedy ont invent\u00e9 un mod\u00e8le, celui <strong>du politique pop, mi-aristocrate, mi-ic\u00f4ne<\/strong>.<\/p>\n<figure class=\"wp-block-embed is-type-video is-provider-youtube wp-block-embed-youtube wp-embed-aspect-16-9 wp-has-aspect-ratio\">\n<div class=\"wp-block-embed__wrapper\">\n<div class=\"cookieconsent-optout-statistics cookieconsent-optout-marketing\"><\/div>\n<\/div><figcaption class=\"wp-element-caption\">La bande-annonce de la s\u00e9rie <em>The Crown<\/em> (2016)<\/figcaption><\/figure>\n<h2 class=\"wp-block-heading\">Pourquoi la famille Kennedy fascine la pop culture<\/h2>\n<p>La plateforme Netflix a command\u00e9 <strong>une premi\u00e8re saison de huit \u00e9pisodes<\/strong>, produite par Chernin Entertainment. On sait d\u00e9j\u00e0 que la s\u00e9rie, cr\u00e9\u00e9e par Sam Shaw (<em>Manhattan<\/em>, <em>Castle Rock<\/em>), plongera dans les ann\u00e9es 1930 pour raconter l\u2019ascension de <strong>Joe et Rose Kennedy <\/strong>et celle de leurs neuf enfants, dont le jeune Jack, encore dans l\u2019ombre de son fr\u00e8re a\u00een\u00e9.<\/p>\n<p>Du <em>Jackie<\/em> de <strong>Pablo Larra\u00edn<\/strong> (2016) \u00e0 <em>The Kennedys<\/em> avec <strong>Katie Holmes<\/strong> (2011), en passant par les documentaires de CNN (<em>American Dynasties: The Kennedys<\/em>, 2018) ou les relectures cr\u00e9pusculaires de <em>Grey Gardens<\/em> (2009), les Kennedy hantent autant l\u2019\u00e9cran que l\u2019imaginaire collectif. <\/p>\n<p>D\u2019ailleurs, l\u2019incontournable showrunner <strong>Ryan Murphy<\/strong> s\u2019en est empar\u00e9 \u00e0 son tour avec <a href=\"https:\/\/numero.com\/culture\/series\/ryan-murphy-ressuscite-l-icone-de-mode-carolyn-bessette\/\">la suberbe s\u00e9rie sur Carolyn Bessette-Kennedy<\/a>, \u00e9pouse de John F. Kennedy Jr., dont la mort tragique en 1999 dans un accident d\u2019avion a scell\u00e9 le destin du couple le plus fascinant des ann\u00e9es 1990.<\/p>\n<p><em>La s\u00e9rie Netflix sur les Kennedy n\u2019a pas encore de date de sortie.<\/em><\/p>\n<\/p><\/div>\n<\/p><\/div>\n<div class=\"col-lg-3\">\n<div class=\"suggested-posts padding-top-s\">\n<div class=\"title\">Recommand\u00e9<\/div>\n<div class=\"post-card\">\n\t\t\t\t\t\t\t\t\t\t<a class=\"post-link d-flex\" href=\"https:\/\/numero.com\/culture\/series\/the-agency-remake-le-bureau-des-legendes\/\"><\/p>\n<div class=\"container-img\">\n\t\t\t\t\t\t\t\t\t\t\t\t<img decoding=\"async\" width=\"640\" height=\"804\" src=\"https:\/\/numero.com\/wp-content\/uploads\/2025\/04\/the-agency-serie-768x965.jpg\" class=\"img-fluid\" alt=\"Michael Fassbender dans la s\u00e9rie The Agency.\" loading=\"lazy\">\t\t\t\t\t\t\t\t\t\t\t\t<\/p>\n<p class=\"number\">22<\/p>\n<\/p><\/div>\n<div class=\"card-info d-flex\">\n<div>\n<p class=\"cat-title\">S\u00e9ries<\/p>\n<h3 class=\"post-title\">Que faut-il penser de The Agency, le remake US du Bureau des l\u00e9gendes ?<\/h3>\n<\/p><\/div>\n<p class=\"date\">\n\t\t\t\t\t\t\t\t\t\t\t\t\t22 mai 2025\t\t\t\t\t\t\t\t\t\t\t\t<\/p>\n<\/p><\/div>\n<p>\t\t\t\t\t\t\t\t\t\t<\/a>\n\t\t\t\t\t\t\t\t\t<\/div>\n<\/p><\/div>\n<\/p><\/div>\n<\/p><\/div>\n<div class=\"padding-top-s\">\n<div class=\"ad banner desktop\">\n<div class=\"container\">\n<div class=\"row\">\n            <!-- \/21730003857\/numero-ad-unit\/numero-banner-1 --><\/p>\n<div id=\"div-gpt-ad-1757006327907-0\" style=\"min-width: 350px\">\n<p>                    googletag.cmd.push(function () {<br \/>\n                        googletag.display(&#8216;div-gpt-ad-1757006327907-0&#8217;);<br \/>\n                    });<\/p><\/div>\n<\/p><\/div>\n<\/p><\/div>\n<\/div><\/div>\n<\/p><\/div>\n<\/section>\n<p>        <button class=\"btn-newsletter btn-outline-white my-5\" id=\"open-modal-newsletter\">Inscrivez-vous \u00e0 la newsletter<\/button>\t\t<\/p>\n<section class=\"related-posts post-list padding-top-m padding-bottom-s\">\n<div class=\"container\">\n<h2 class=\"title mx-auto\">\u00c0 lire aussi<\/h2>\n<div class=\"row\">\n<div class=\"col-lg-3\">\n<div class=\"post-card desktop\">\n\t\t\t\t\t\t\t\t\t\t<a class=\"post-link\" href=\"https:\/\/numero.com\/culture\/series\/peaked-molly-gordon-dua-lipa\/\"><\/p>\n<div class=\"container-img\">\n\t\t\t\t\t\t\t\t\t\t\t\t<img decoding=\"async\" width=\"640\" height=\"804\" src=\"https:\/\/numero.com\/wp-content\/uploads\/2026\/03\/Dua-Lipa-2-768x965.jpg\" class=\"img-fluid\" alt=\"Dua Lipa \u00e0 la soir\u00e9e Vanity Fair des Oscars 2026, le 15 mars 2026 \u00e0 Los Angeles. \u00a9 Jamie McCarthy\/WireImage.\" loading=\"lazy\">\t\t\t\t\t\t\t\t\t\t\t\t<\/p>\n<div class=\"number\">30<\/div>\n<\/p><\/div>\n<div class=\"card-info\">\n<div class=\"meta d-flex justify-content-between\">\n<p class=\"cat-title\">S\u00e9ries<\/p>\n<p class=\"date\">\n\t\t\t\t\t\t\t\t\t\t\t\t\t\t30 mars 2026\t\t\t\t\t\t\t\t\t\t\t\t\t<\/p>\n<\/p><\/div>\n<div class=\"post-title\">Quel film A24 r\u00e9unira Dua Lipa et Connor Storrie ?\u00a0<\/div>\n<\/p><\/div>\n<p>\t\t\t\t\t\t\t\t\t\t<\/a>\n\t\t\t\t\t\t\t\t\t<\/div>\n<div class=\"post-card mobile\">\n\t\t\t\t\t\t\t\t\t\t<a class=\"post-link d-flex\" href=\"https:\/\/numero.com\/culture\/series\/peaked-molly-gordon-dua-lipa\/\"><\/p>\n<div class=\"container-img\">\n\t\t\t\t\t\t\t\t\t\t\t\t<img decoding=\"async\" width=\"640\" height=\"804\" src=\"https:\/\/numero.com\/wp-content\/uploads\/2026\/03\/Dua-Lipa-2-768x965.jpg\" class=\"img-fluid\" alt=\"Dua Lipa \u00e0 la soir\u00e9e Vanity Fair des Oscars 2026, le 15 mars 2026 \u00e0 Los Angeles. \u00a9 Jamie McCarthy\/WireImage.\" loading=\"lazy\">\t\t\t\t\t\t\t\t\t\t\t\t<\/p>\n<div class=\"number\">30<\/div>\n<\/p><\/div>\n<div class=\"card-info d-flex\">\n<div>\n<p class=\"cat-title\">S\u00e9ries<\/p>\n<h3 class=\"post-title\">Quel film A24 r\u00e9unira Dua Lipa et Connor Storrie ?\u00a0<\/h3>\n<\/p><\/div>\n<p class=\"date\">\n\t\t\t\t\t\t\t\t\t\t\t\t\t30 mars 2026\t\t\t\t\t\t\t\t\t\t\t\t<\/p>\n<\/p><\/div>\n<p>\t\t\t\t\t\t\t\t\t\t<\/a>\n\t\t\t\t\t\t\t\t\t<\/div>\n<\/p><\/div>\n<div class=\"col-lg-3\">\n<div class=\"post-card desktop\">\n\t\t\t\t\t\t\t\t\t\t<a class=\"post-link\" href=\"https:\/\/numero.com\/culture\/series\/hannah-montana-vingt-ans-miley-cyrus\/\"><\/p>\n<div class=\"container-img\">\n\t\t\t\t\t\t\t\t\t\t\t\t<img decoding=\"async\" width=\"640\" height=\"804\" src=\"https:\/\/numero.com\/wp-content\/uploads\/2026\/03\/thumb-hannah-montana-768x965.jpg\" class=\"img-fluid\" alt=\"Hannah Montana.\" loading=\"lazy\">\t\t\t\t\t\t\t\t\t\t\t\t<\/p>\n<div class=\"number\">27<\/div>\n<\/p><\/div>\n<div class=\"card-info\">\n<div class=\"meta d-flex justify-content-between\">\n<p class=\"cat-title\">S\u00e9ries<\/p>\n<p class=\"date\">\n\t\t\t\t\t\t\t\t\t\t\t\t\t\t27 mars 2026\t\t\t\t\t\t\t\t\t\t\t\t\t<\/p>\n<\/p><\/div>\n<div class=\"post-title\">On \u00e9tait \u00e0 la soir\u00e9e des 20 ans d\u2019Hannah Montana au Grand Rex \u00e0 Paris<\/div>\n<\/p><\/div>\n<p>\t\t\t\t\t\t\t\t\t\t<\/a>\n\t\t\t\t\t\t\t\t\t<\/div>\n<div class=\"post-card mobile\">\n\t\t\t\t\t\t\t\t\t\t<a class=\"post-link d-flex\" href=\"https:\/\/numero.com\/culture\/series\/hannah-montana-vingt-ans-miley-cyrus\/\"><\/p>\n<div class=\"container-img\">\n\t\t\t\t\t\t\t\t\t\t\t\t<img decoding=\"async\" width=\"640\" height=\"804\" src=\"https:\/\/numero.com\/wp-content\/uploads\/2026\/03\/thumb-hannah-montana-768x965.jpg\" class=\"img-fluid\" alt=\"Hannah Montana.\" loading=\"lazy\">\t\t\t\t\t\t\t\t\t\t\t\t<\/p>\n<div class=\"number\">27<\/div>\n<\/p><\/div>\n<div class=\"card-info d-flex\">\n<div>\n<p class=\"cat-title\">S\u00e9ries<\/p>\n<h3 class=\"post-title\">On \u00e9tait \u00e0 la soir\u00e9e des 20 ans d\u2019Hannah Montana au Grand Rex \u00e0 Paris<\/h3>\n<\/p><\/div>\n<p class=\"date\">\n\t\t\t\t\t\t\t\t\t\t\t\t\t27 mars 2026\t\t\t\t\t\t\t\t\t\t\t\t<\/p>\n<\/p><\/div>\n<p>\t\t\t\t\t\t\t\t\t\t<\/a>\n\t\t\t\t\t\t\t\t\t<\/div>\n<\/p><\/div>\n<div class=\"col-lg-3\">\n<div class=\"post-card desktop\">\n\t\t\t\t\t\t\t\t\t\t<a class=\"post-link\" href=\"https:\/\/numero.com\/culture\/musique\/teyana-taylor-portrait-films-albums\/\"><\/p>\n<div class=\"container-img\">\n\t\t\t\t\t\t\t\t\t\t\t\t<img decoding=\"async\" width=\"640\" height=\"804\" src=\"https:\/\/numero.com\/wp-content\/uploads\/2025\/09\/teyana-taylor1-768x965.jpg\" class=\"img-fluid\" alt=\"Teyana Taylor \u00e0 l\u2019avant-premi\u00e8re de la s\u00e9rie All\u2019s Fair (2025), la nouvelle s\u00e9rie de Ryan Murphy, \u00e0 la Maison de la Chimie \u00e0 Paris, le 21 octobre 2025. \u00a9 Disney+\/Hulu.\" loading=\"lazy\">\t\t\t\t\t\t\t\t\t\t\t\t<\/p>\n<div class=\"number\">27<\/div>\n<\/p><\/div>\n<div class=\"card-info\">\n<div class=\"meta d-flex justify-content-between\">\n<p class=\"cat-title\">Musique<\/p>\n<p class=\"date\">\n\t\t\t\t\t\t\t\t\t\t\t\t\t\t27 mars 2026\t\t\t\t\t\t\t\t\t\t\t\t\t<\/p>\n<\/p><\/div>\n<div class=\"post-title\">Teyana Taylor, la chanteuse R\u2019n\u2019B devenue star de cin\u00e9ma<\/div>\n<\/p><\/div>\n<p>\t\t\t\t\t\t\t\t\t\t<\/a>\n\t\t\t\t\t\t\t\t\t<\/div>\n<div class=\"post-card mobile\">\n\t\t\t\t\t\t\t\t\t\t<a class=\"post-link d-flex\" href=\"https:\/\/numero.com\/culture\/musique\/teyana-taylor-portrait-films-albums\/\"><\/p>\n<div class=\"container-img\">\n\t\t\t\t\t\t\t\t\t\t\t\t<img decoding=\"async\" width=\"640\" height=\"804\" src=\"https:\/\/numero.com\/wp-content\/uploads\/2025\/09\/teyana-taylor1-768x965.jpg\" class=\"img-fluid\" alt=\"Teyana Taylor \u00e0 l\u2019avant-premi\u00e8re de la s\u00e9rie All\u2019s Fair (2025), la nouvelle s\u00e9rie de Ryan Murphy, \u00e0 la Maison de la Chimie \u00e0 Paris, le 21 octobre 2025. \u00a9 Disney+\/Hulu.\" loading=\"lazy\">\t\t\t\t\t\t\t\t\t\t\t\t<\/p>\n<div class=\"number\">27<\/div>\n<\/p><\/div>\n<div class=\"card-info d-flex\">\n<div>\n<p class=\"cat-title\">Musique<\/p>\n<h3 class=\"post-title\">Teyana Taylor, la chanteuse R\u2019n\u2019B devenue star de cin\u00e9ma<\/h3>\n<\/p><\/div>\n<p class=\"date\">\n\t\t\t\t\t\t\t\t\t\t\t\t\t27 mars 2026\t\t\t\t\t\t\t\t\t\t\t\t<\/p>\n<\/p><\/div>\n<p>\t\t\t\t\t\t\t\t\t\t<\/a>\n\t\t\t\t\t\t\t\t\t<\/div>\n<\/p><\/div>\n<div class=\"col-lg-3\">\n<div class=\"post-card desktop\">\n\t\t\t\t\t\t\t\t\t\t<a class=\"post-link\" href=\"https:\/\/numero.com\/culture\/series\/the-studio-madonna-julia-garner\/\"><\/p>\n<div class=\"container-img\">\n\t\t\t\t\t\t\t\t\t\t\t\t<img decoding=\"async\" width=\"640\" height=\"804\" src=\"https:\/\/numero.com\/wp-content\/uploads\/2026\/03\/thumb-madonna-768x965.jpg\" class=\"img-fluid\" alt=\"Madonna.\" loading=\"lazy\">\t\t\t\t\t\t\t\t\t\t\t\t<\/p>\n<div class=\"number\">26<\/div>\n<\/p><\/div>\n<div class=\"card-info\">\n<div class=\"meta d-flex justify-content-between\">\n<p class=\"cat-title\">S\u00e9ries<\/p>\n<p class=\"date\">\n\t\t\t\t\t\t\t\t\t\t\t\t\t\t26 mars 2026\t\t\t\t\t\t\t\t\t\t\t\t\t<\/p>\n<\/p><\/div>\n<div class=\"post-title\">The Studio : Madonna et Julia Garner r\u00e9unies \u00e0 Venise pour la s\u00e9rie satirique de Seth Rogen<\/div>\n<\/p><\/div>\n<p>\t\t\t\t\t\t\t\t\t\t<\/a>\n\t\t\t\t\t\t\t\t\t<\/div>\n<div class=\"post-card mobile\">\n\t\t\t\t\t\t\t\t\t\t<a class=\"post-link d-flex\" href=\"https:\/\/numero.com\/culture\/series\/the-studio-madonna-julia-garner\/\"><\/p>\n<div class=\"container-img\">\n\t\t\t\t\t\t\t\t\t\t\t\t<img decoding=\"async\" width=\"640\" height=\"804\" src=\"https:\/\/numero.com\/wp-content\/uploads\/2026\/03\/thumb-madonna-768x965.jpg\" class=\"img-fluid\" alt=\"Madonna.\" loading=\"lazy\">\t\t\t\t\t\t\t\t\t\t\t\t<\/p>\n<div class=\"number\">26<\/div>\n<\/p><\/div>\n<div class=\"card-info d-flex\">\n<div>\n<p class=\"cat-title\">S\u00e9ries<\/p>\n<h3 class=\"post-title\">The Studio : Madonna et Julia Garner r\u00e9unies \u00e0 Venise pour la s\u00e9rie satirique de Seth Rogen<\/h3>\n<\/p><\/div>\n<p class=\"date\">\n\t\t\t\t\t\t\t\t\t\t\t\t\t26 mars 2026\t\t\t\t\t\t\t\t\t\t\t\t<\/p>\n<\/p><\/div>\n<p>\t\t\t\t\t\t\t\t\t\t<\/a>\n\t\t\t\t\t\t\t\t\t<\/div>\n<\/p><\/div>\n<\/p><\/div>\n<\/p><\/div>\n<\/section>\n<div class=\"padding-bottom-s\">\n<div class=\"ad banner desktop\">\n<div class=\"container\">\n<div class=\"row\">\n            <!-- \/21730003857\/numero-ad-unit\/numero-banner-1 --><\/p>\n<div id=\"div-gpt-ad-1757006327907-0\" style=\"min-width: 350px\">\n<p>                    googletag.cmd.push(function () {<br \/>\n                        googletag.display(&#8216;div-gpt-ad-1757006327907-0&#8217;);<br \/>\n                    });<\/p><\/div>\n<\/p><\/div>\n<\/p><\/div>\n<\/div><\/div>\n<\/p><\/div>\n","protected":false},"excerpt":{"rendered":"<p>30 30 googletag.cmd.push(function () { googletag.display(&#8216;div-gpt-ad-1757063143832-0&#8217;); }); Lien copi\u00e9 S\u00e9ries 30 mars 2026 D\u00e9couvrez la premi\u00e8re image de Michael Fassbender dans la s\u00e9rie Netflix sur la famille Kennedy Apr\u00e8s le succ\u00e8s de la s\u00e9rie The Crown, lanc\u00e9e en 2016, Netflix s\u2019attaque \u00e0 une autre dynastie l\u00e9gendaire : les Kennedy. Port\u00e9e par Michael Fassbender et \u00e9crite [&hellip;]<\/p>\n","protected":false},"author":1,"featured_media":0,"comment_status":"open","ping_status":"","sticky":false,"template":"","format":"standard","meta":{"footnotes":""},"categories":[1],"tags":[226,258],"class_list":["post-1855420","post","type-post","status-publish","format-standard","hentry","category-uncategorized","tag-crawlmanager","tag-numero-com"],"_links":{"self":[{"href":"https:\/\/analyse.optim.biz\/index.php?rest_route=\/wp\/v2\/posts\/1855420","targetHints":{"allow":["GET"]}}],"collection":[{"href":"https:\/\/analyse.optim.biz\/index.php?rest_route=\/wp\/v2\/posts"}],"about":[{"href":"https:\/\/analyse.optim.biz\/index.php?rest_route=\/wp\/v2\/types\/post"}],"author":[{"embeddable":true,"href":"https:\/\/analyse.optim.biz\/index.php?rest_route=\/wp\/v2\/users\/1"}],"replies":[{"embeddable":true,"href":"https:\/\/analyse.optim.biz\/index.php?rest_route=%2Fwp%2Fv2%2Fcomments&post=1855420"}],"version-history":[{"count":1,"href":"https:\/\/analyse.optim.biz\/index.php?rest_route=\/wp\/v2\/posts\/1855420\/revisions"}],"predecessor-version":[{"id":1953311,"href":"https:\/\/analyse.optim.biz\/index.php?rest_route=\/wp\/v2\/posts\/1855420\/revisions\/1953311"}],"wp:attachment":[{"href":"https:\/\/analyse.optim.biz\/index.php?rest_route=%2Fwp%2Fv2%2Fmedia&parent=1855420"}],"wp:term":[{"taxonomy":"category","embeddable":true,"href":"https:\/\/analyse.optim.biz\/index.php?rest_route=%2Fwp%2Fv2%2Fcategories&post=1855420"},{"taxonomy":"post_tag","embeddable":true,"href":"https:\/\/analyse.optim.biz\/index.php?rest_route=%2Fwp%2Fv2%2Ftags&post=1855420"}],"curies":[{"name":"wp","href":"https:\/\/api.w.org\/{rel}","templated":true}]}}