{"id":1855419,"date":"2026-03-31T02:26:00","date_gmt":"2026-03-30T23:26:00","guid":{"rendered":"https:\/\/analyse.optim.biz\/?p=1855419"},"modified":"2026-03-31T02:26:00","modified_gmt":"2026-03-30T23:26:00","slug":"park-chan-wook-president-du-jury-a-cannes-en-3-films-cultes-et-radicaux","status":"publish","type":"post","link":"https:\/\/analyse.optim.biz\/?p=1855419","title":{"rendered":"Park Chan-wook, pr\u00e9sident du jury \u00e0 Cannes, en 3 films cultes et radicaux"},"content":{"rendered":"<div class=\"entry-content\">\n<section class=\"single-header padding-top-s\">\n<div class=\"container\">\n<div class=\"row justify-content-between\">\n<div class=\"col-lg-9 col-xl-8\">\n<div class=\"video-container\">\n\t\t\t\t\t\t\t\t\t\t\t\t\t<\/div>\n<div class=\"container-img desktop\">\n\t\t\t\t\t\t\t\t<img decoding=\"async\" width=\"640\" height=\"408\" src=\"https:\/\/numero.com\/wp-content\/uploads\/2026\/03\/push-park-chan-wook-cannes-films-768x490.jpg\" class=\"img-fluid\" alt loading=\"lazy\">\t\t\t\t\t\t\t\t<\/p>\n<p class=\"number big\">30<\/p>\n<\/p><\/div>\n<div class=\"container-img mobile\">\n\t\t\t\t\t\t\t\t<img decoding=\"async\" width=\"640\" height=\"804\" src=\"https:\/\/numero.com\/wp-content\/uploads\/2026\/03\/thumb-park-chan-wook-cannes-films-768x965.jpg\" class=\"img-fluid\" alt loading=\"lazy\">\t\t\t\t\t\t\t\t<\/p>\n<p class=\"number big\">30<\/p>\n<\/p><\/div>\n<\/p><\/div>\n<div class=\"col col-lg-3 col-xl-4 desktop\">\n<div class=\"ad grand-angle desktop\">\n    <!-- \/21730003857\/numero-ad-unit\/numero-grand-angle --><\/p>\n<div id=\"div-gpt-ad-1757063143832-0\" class=\"px-0\">\n<p>            googletag.cmd.push(function () {<br \/>\n                googletag.display(&#8216;div-gpt-ad-1757063143832-0&#8217;);<br \/>\n            });<\/p><\/div>\n<\/div><\/div>\n<\/p><\/div>\n<\/p><\/div>\n<\/section>\n<section class=\"post-content\">\n<div class=\"container\">\n<div class=\"row g-0 justify-content-between\">\n<div class=\"col-lg-9 col-xl-8 padding-top-s\">\n<p class=\"share-widget\" id=\"share-widget\"><img decoding=\"async\" src=\"https:\/\/numero.com\/wp-content\/themes\/%09%09%09understrap-child-main\/src\/public\/images\/share.svg\" alt=\"share-widget\"><\/p>\n<div class=\"share-icons\" id=\"share-icons\">\n<p class=\"copy-link\"><img decoding=\"async\" src=\"https:\/\/numero.com\/wp-content\/themes\/understrap-child-main\/src\/public\/images\/copy-link.svg\" alt=\"copy-link\"><\/p>\n<p>\t\t\t\t\t\t\t<a href=\"https:\/\/www.facebook.com\/sharer\/sharer.php?u=https:\/\/numero.com\/culture\/cinema\/park-chan-wook-cannes-films\/\" class=\"facebook\" target=\"_blank\" rel=\"noopener\"><img decoding=\"async\" src=\"https:\/\/numero.com\/wp-content\/themes\/understrap-child-main\/src\/public\/images\/facebook.svg\" alt=\"facebook\"><\/a><br \/>\n\t\t\t\t\t\t\t<a href=\"https:\/\/twitter.com\/share?url=https:\/\/numero.com\/culture\/cinema\/park-chan-wook-cannes-films\/\" class=\"twitter\" target=\"_blank\" rel=\"noopener\"><img decoding=\"async\" src=\"https:\/\/numero.com\/wp-content\/themes\/understrap-child-main\/src\/public\/images\/twitter.svg\" alt=\"twitter\"><\/a>\n\t\t\t\t\t\t<\/div>\n<p>\t\t\t\t\t\t<span class id=\"custom-tooltip\">Lien copi\u00e9<\/span><\/p>\n<div class=\"col-lg-10\">\n<div class=\"meta d-flex justify-content-between align-items-center\">\n<div class=\"cat\">\n\t\t\t\t\t\t\t\t\t<a class=\"cat-title\" href=\"https:\/\/numero.com\/category\/culture\/cinema\/\">Cin\u00e9ma<\/a>\t\t\t\t\t\t\t\t<\/div>\n<p class=\"date\">\n\t\t\t\t\t\t\t\t\t30 mars 2026\t\t\t\t\t\t\t\t<\/p>\n<\/p><\/div>\n<h1>Park Chan-wook, pr\u00e9sident du jury \u00e0 Cannes, en 3 films cultes et radicaux<\/h1>\n<div class=\"introduction\">\n<p>Le cin\u00e9aste sud-cor\u00e9en Park Chan-wook pr\u00e9sidera le jury du 79e Festival de Cannes, organis\u00e9 du 12 au 23 mai 2026 sur la Croisette. Pour l\u2019occasion,\u00a0<em>Num\u00e9ro<\/em> revient sur trois \u0153uvres majeures qui dessinent la trajectoire d\u2019un auteur visc\u00e9ral et premier r\u00e9alisateur cor\u00e9en \u00e0 occuper cette prestigieuse fonction.<\/p>\n<\/div>\n<li class=\"credits d-flex\">\n<p>\n\t\t\t\t\t\t\t\t\t\t\tpar\t\t\t\t\t\t\t\t\t\t\t\t\t\t\t\t\t\t\t\t\t\t\t<a href=\"https:\/\/numero.com\/contributeur\/la-redaction\/\">La r\u00e9daction<\/a>.\t\t\t\t\t\t\t\t\t\t\t\t\t\t\t\t\t\t\t\t\t<\/p>\n<\/li>\n<div id=\"ads03\" class=\"mobile\">\n<div class=\"ad-wrapper\">\n<div class=\"ad interscroller desktop\">\n<\/div>\n<p><!-- \/21730003857\/numero-ad-unit\/numero-interscroller --><\/p>\n<div id=\"div-gpt-ad-1757521738078-0\">\n<p>        googletag.cmd.push(function () {<br \/>\n            googletag.display(&#8216;div-gpt-ad-1757521738078-0&#8217;);<br \/>\n        });<\/p>\n<\/div><\/div>\n<\/p><\/div>\n<p>\t\t\t\t\t\t\t&lt;!&#8211; <\/p>\n<div class=\"padding-bottom-s\">\n\t\t\t\t\t\t\t\t\t\t\t\t\t\t\t<\/div>\n<p> &#8211;&gt;<\/p>\n<figure class=\"wp-block-image size-full\"><img loading=\"lazy\" decoding=\"async\" width=\"900\" height=\"600\" src=\"https:\/\/numero.com\/wp-content\/uploads\/2026\/03\/park-chan-wook-cannes-films.jpeg\" alt=\"L'actrice Kim Min-hee dans le film Mademoiselle (2016) de Park Chan-wook\" class=\"wp-image-821651\"><figcaption class=\"wp-element-caption\">Kim Min-hee dans le film <em>Mademoiselle<\/em> (2016) de Park Chan-wook. \u00a9 The Jokers \/ Bac Films.<\/figcaption><\/figure>\n<h2 class=\"wp-block-heading\">Le cin\u00e9aste cor\u00e9en Park Chan-Wook nomm\u00e9 pr\u00e9sident du jury du Festival de Cannes<\/h2>\n<p>Pour sa 79e \u00e9dition, le <strong>Festival de Cannes<\/strong> a choisi <strong>Park Chan-wook <\/strong>pour pr\u00e9sider son prestigieux jury. Succ\u00e9dant \u00e0 <strong>Juliette Binoche<\/strong>, le r\u00e9alisateur entre ainsi dans l\u2019histoire comme <strong>le premier cin\u00e9aste cor\u00e9en \u00e0 tenir ce r\u00f4le<\/strong>, Iris Knobloch, pr\u00e9sidente du festival, et Thierry Fr\u00e9maux, directeur g\u00e9n\u00e9ral, ayant salu\u00e9 son \u201c<em>inventivit\u00e9<\/em>\u201d et \u201c<em>sa ma\u00eetrise visuelle<\/em>\u201d. Souvent compar\u00e9 \u00e0 Brian De Palma ou David Fincher pour<strong> la beaut\u00e9 formelle de ses compositions<\/strong>, le cin\u00e9aste cite plut\u00f4t Hitchcock, Kurosawa et Visconti parmi ses inspirations. C\u2019est d\u2019ailleurs en d\u00e9couvrant S<em>u<\/em>eurs <em>froides<\/em> (1958) qu\u2019il envisage une carri\u00e8re de r\u00e9alisateur\u2026<\/p>\n<p>Alors que son dernier long-m\u00e9trage, <em>Aucun autre choix<\/em> (2026), com\u00e9die noire sur un cadre licenci\u00e9 qui entreprend d\u2019\u00e9liminer m\u00e9thodiquement ses rivaux \u00e0 l\u2019emploi, est actuellement en salles, <em>Num\u00e9ro <\/em>revient sur <strong>trois films qui t\u00e9moignent de la singularit\u00e9 de son \u0153uvre<\/strong>.<\/p>\n<figure class=\"wp-block-embed is-type-video is-provider-youtube wp-block-embed-youtube wp-embed-aspect-16-9 wp-has-aspect-ratio\">\n<div class=\"wp-block-embed__wrapper\">\n<div class=\"cookieconsent-optout-statistics cookieconsent-optout-marketing\"><\/div>\n<\/div><figcaption class=\"wp-element-caption\">La bande-annonce du film <em>Old Boy<\/em> (2004).<\/figcaption><\/figure>\n<h2 class=\"wp-block-heading\"><em>Old Boy<\/em> (2004) : l\u2019incontournable trilogie sur la vengence<\/h2>\n<p>Tout a commenc\u00e9 \u00e0 Cannes avec <em>Old Boy<\/em> (2004). Pi\u00e8ce ma\u00eetresse et second volet de sa trilogie <em>The<\/em> <em>Vengeance<\/em>, le film suit <strong>un homme s\u00e9questr\u00e9 pendant quinze ans<\/strong> sans explication, contraint d\u2019apprendre depuis une t\u00e9l\u00e9vision l\u2019assassinat de sa femme, dont il est accus\u00e9, et l\u2019adoption de sa famille. Il est finalement lib\u00e9r\u00e9 sans raison apparente et affronte la dure r\u00e9alit\u00e9 de sa nouvelle situation\u2026 Le film <strong>remporte le Grand Prix de Cannes en 2004<\/strong>, sous la pr\u00e9sidence d\u2019un jury men\u00e9 par <strong><a href=\"https:\/\/numero.com\/portrait\/quentin-tarantino\/\" id=\"771009\" target=\"_blank\" rel=\"noreferrer noopener\">Quentin Tarantino<\/a><\/strong> qui souhaitait, selon plusieurs t\u00e9moignages, lui d\u00e9cerner la Palme d\u2019or, finalement attribu\u00e9e \u00e0 <em>Fahrenheit 9\/11<\/em> de <strong>Michael Moore<\/strong>, \u00e0 deux voix pr\u00e8s.<\/p>\n<p>Thriller brutal \u00e0 la cruaut\u00e9 psychologique rare, <em>Old Boy<\/em> s\u2019est depuis impos\u00e9 comme <strong>une \u0153uvre culte qui a r\u00e9v\u00e9l\u00e9 au monde la puissance d\u2019un cin\u00e9ma cor\u00e9en <\/strong>en pleine effervescence. Sa c\u00e9l\u00e8bre sc\u00e8ne de combat dans un couloir, tourn\u00e9e en un plan-s\u00e9quence de trois minutes, a d\u2019ailleurs n\u00e9cessit\u00e9 quinze prises \u00e9tal\u00e9es sur deux jours de tournage. Notons \u00e9galement que c\u2019est un certain <strong>Bong Joon-ho<\/strong>, futur Palme d\u2019or pour <em>Parasite <\/em>(2019), qui avait recommand\u00e9 \u00e0 <a href=\"https:\/\/numero.com\/portrait\/park-chan-wook\/\" id=\"https:\/\/numero.com\/portrait\/park-chan-wook\/\" target=\"_blank\" rel=\"noreferrer noopener\">Park Chan-wook<\/a> la lecture du manga dont le film est adapt\u00e9\u2026<\/p>\n<p><em>Old Boy (2004) de Park Chan-Wook, disponible sur Canal VOD.<\/em><\/p>\n<figure class=\"wp-block-embed is-type-video is-provider-youtube wp-block-embed-youtube wp-embed-aspect-16-9 wp-has-aspect-ratio\">\n<div class=\"wp-block-embed__wrapper\">\n<div class=\"cookieconsent-optout-statistics cookieconsent-optout-marketing\"><\/div>\n<\/div><figcaption class=\"wp-element-caption\">La bande-annonce du film <em>Decision to Leave<\/em> (2022).<\/figcaption><\/figure>\n<h2 class=\"wp-block-heading\"><em>Decision to Leave<\/em> (2022) : le vertige hitchcockien<\/h2>\n<p>Couronn\u00e9 du Prix de la mise en sc\u00e8ne \u00e0 <a href=\"https:\/\/numero.com\/culture\/cinema\/eye-haidara-interview\/\" id=\"https:\/\/numero.com\/culture\/cinema\/eye-haidara-interview\/\" target=\"_blank\" rel=\"noreferrer noopener\">Cannes<\/a>, <em>Decision to Leave <\/em>(2022) ach\u00e8ve de confirmer <strong>l\u2019\u00e9volution du cin\u00e9aste vers un registre plus feutr\u00e9<\/strong>, sans rien perdre de son intensit\u00e9. Un inspecteur insomniaque enqu\u00eate sur la mort suspecte d\u2019un alpiniste et se prend de fascination pour sa veuve, d\u2019origine chinoise, trop calme pour \u00eatre innocente, trop insaisissable pour \u00eatre coupable.<\/p>\n<p>De fait, le film de Park Chan-wook tisse <strong>un jeu de s\u00e9duction <\/strong>o\u00f9 chaque regard et chaque geste poss\u00e8dent un double sens, et o\u00f9 la fronti\u00e8re entre enqu\u00eateur et amant finit par se dissoudre. L\u2019influence d\u2019Hitchcock, revendiqu\u00e9e par le cin\u00e9aste depuis ses d\u00e9buts, y atteint son expression la plus limpide. <strong>L\u2019obsession, fil rouge de toute l\u2019\u0153uvre du r\u00e9alisateur<\/strong> sud-cor\u00e9en, irrigue \u00e9galement son dernier film, <em>Aucun autre choix<\/em> (2025), satire noire sur le d\u00e9classement social dans la Cor\u00e9e capitaliste.<\/p>\n<p><em>Decision to Leave (2022) de Park Chan-Wook, disponible sur MUBI et sur Amazon Prime Video.<\/em><\/p>\n<figure class=\"wp-block-embed is-type-video is-provider-youtube wp-block-embed-youtube wp-embed-aspect-16-9 wp-has-aspect-ratio\">\n<div class=\"wp-block-embed__wrapper\">\n<div class=\"cookieconsent-optout-statistics cookieconsent-optout-marketing\"><\/div>\n<\/div><figcaption class=\"wp-element-caption\">La bande-annonce du film <em>Mademoiselle<\/em> (2016).<\/figcaption><\/figure>\n<h2 class=\"wp-block-heading\">Mademoiselle (2016) : le d\u00e9sir comme arme de lib\u00e9ration<\/h2>\n<p>Pr\u00e9sent\u00e9 en comp\u00e9tition \u00e0 Cannes, <em>Mademoiselle<\/em> (2016) marque un tournant dans la filmographie de Park Chan-wook. Adapt\u00e9 du roman <em>Du<\/em> <em>bout des doigts<\/em> de <strong>Sarah Waters <\/strong>(2002) et transpos\u00e9 dans la Cor\u00e9e sous occupation japonaise, le film suit <strong>une pickpocket engag\u00e9e pour devenir la servante d\u2019une riche h\u00e9riti\u00e8re<\/strong> et faciliter l\u2019escroquerie d\u2019un faux comte.<\/p>\n<p>Mais entre les deux femmes na\u00eet un d\u00e9sir qui va faire d\u00e9railler le plan initial et renverser, un \u00e0 un, tous les rapports de domination. La mise en sc\u00e8ne du cin\u00e9aste sud-cor\u00e9en, d\u2019un raffinement extr\u00eame, y d\u00e9ploie une sensualit\u00e9 lib\u00e9ratrice qui<strong> bouscule les codes du film en costumes<\/strong>. Salu\u00e9 pour sa dimension f\u00e9ministe et queer, car construit en trois actes qui retournent le r\u00e9cit sur lui-m\u00eame \u00e0 chaque fois, <em>Mademoiselle<\/em> a confirm\u00e9 la capacit\u00e9 du cin\u00e9aste \u00e0 placer de sublimes h\u00e9ro\u00efnes au centre de ses r\u00e9cits.<\/p>\n<p><em>Mademoiselle (2016) de Park Chan-Wook, disponible sur Amazon Prime Video.<\/em><\/p>\n<p><em>Aucun autre choix<\/em> (2026) <em>de Park Chan-Wook, actuellement au cin\u00e9ma.<\/em><\/p>\n<\/p><\/div>\n<\/p><\/div>\n<div class=\"col-lg-3\">\n<div class=\"suggested-posts padding-top-s\">\n<div class=\"title\">Recommand\u00e9<\/div>\n<div class=\"post-card\">\n\t\t\t\t\t\t\t\t\t\t<a class=\"post-link d-flex\" href=\"https:\/\/numero.com\/culture\/cinema\/connemara-alex-lutz-melanie-thierry\/\"><\/p>\n<div class=\"container-img\">\n\t\t\t\t\t\t\t\t\t\t\t\t<img decoding=\"async\" width=\"640\" height=\"804\" src=\"https:\/\/numero.com\/wp-content\/uploads\/2025\/04\/thumb-bastien-bouillon-magazine-768x965.jpg\" class=\"img-fluid\" alt=\"L'acteur Bastien Bouillon re\u00e7oit un C\u00e9sar du Meilleur espoir pour La Nuit du 12\" loading=\"lazy\">\t\t\t\t\t\t\t\t\t\t\t\t<\/p>\n<p class=\"number\">23<\/p>\n<\/p><\/div>\n<div class=\"card-info d-flex\">\n<div>\n<p class=\"cat-title\">Cin\u00e9ma<\/p>\n<h3 class=\"post-title\">Faut-il (re)voir le film Connemara d\u2019Alex Lutz avec Bastien Bouillon<\/h3>\n<\/p><\/div>\n<p class=\"date\">\n\t\t\t\t\t\t\t\t\t\t\t\t\t23 mars 2026\t\t\t\t\t\t\t\t\t\t\t\t<\/p>\n<\/p><\/div>\n<p>\t\t\t\t\t\t\t\t\t\t<\/a>\n\t\t\t\t\t\t\t\t\t<\/div>\n<div class=\"post-card\">\n\t\t\t\t\t\t\t\t\t\t<a class=\"post-link d-flex\" href=\"https:\/\/numero.com\/culture\/cinema\/oliver-laxe-sirat-interview\/\"><\/p>\n<div class=\"container-img\">\n\t\t\t\t\t\t\t\t\t\t\t\t<img decoding=\"async\" width=\"640\" height=\"804\" src=\"https:\/\/numero.com\/wp-content\/uploads\/2025\/09\/thumb-sirat-oliver-laxe-interview-numero-magazine-copie-768x965.jpg\" class=\"img-fluid\" alt=\"Photo du r\u00e9alisateur Oliver Laxe, cin\u00e9aste du film Sirat.\" loading=\"lazy\">\t\t\t\t\t\t\t\t\t\t\t\t<\/p>\n<p class=\"number\">11<\/p>\n<\/p><\/div>\n<div class=\"card-info d-flex\">\n<div>\n<p class=\"cat-title\">Cin\u00e9ma<\/p>\n<h3 class=\"post-title\">Rencontre avec \u00d3liver Laxe, r\u00e9alisateur du film hypnotique Sir\u0101t<\/h3>\n<\/p><\/div>\n<p class=\"date\">\n\t\t\t\t\t\t\t\t\t\t\t\t\t11 sept 2025\t\t\t\t\t\t\t\t\t\t\t\t<\/p>\n<\/p><\/div>\n<p>\t\t\t\t\t\t\t\t\t\t<\/a>\n\t\t\t\t\t\t\t\t\t<\/div>\n<div class=\"post-card\">\n\t\t\t\t\t\t\t\t\t\t<a class=\"post-link d-flex\" href=\"https:\/\/numero.com\/culture\/cinema\/jodie-foster-roles-films\/\"><\/p>\n<div class=\"container-img\">\n\t\t\t\t\t\t\t\t\t\t\t\t<img decoding=\"async\" width=\"640\" height=\"804\" src=\"https:\/\/numero.com\/wp-content\/uploads\/2021\/06\/thumb-jodie-foster-meilleurs-roles-cinema-le-silence-des-agneaux-768x965.png\" class=\"img-fluid\" alt=\"Jodie Foster dans le film Le Silence des agneaux (1991) de Jonathan Demme \u00a9 Orion Pictures.\" loading=\"lazy\">\t\t\t\t\t\t\t\t\t\t\t\t<\/p>\n<p class=\"number\">25<\/p>\n<\/p><\/div>\n<div class=\"card-info d-flex\">\n<div>\n<p class=\"cat-title\">Cin\u00e9ma<\/p>\n<h3 class=\"post-title\">Jodie Foster en 5 r\u00f4les inoubliables, de Taxi Driver \u00e0 Inside Man<\/h3>\n<\/p><\/div>\n<p class=\"date\">\n\t\t\t\t\t\t\t\t\t\t\t\t\t25 nov 2025\t\t\t\t\t\t\t\t\t\t\t\t<\/p>\n<\/p><\/div>\n<p>\t\t\t\t\t\t\t\t\t\t<\/a>\n\t\t\t\t\t\t\t\t\t<\/div>\n<div class=\"post-card\">\n\t\t\t\t\t\t\t\t\t\t<a class=\"post-link d-flex\" href=\"https:\/\/numero.com\/culture\/cinema\/valeur-sentimentale-elle-fanning\/\"><\/p>\n<div class=\"container-img\">\n\t\t\t\t\t\t\t\t\t\t\t\t<img decoding=\"async\" width=\"640\" height=\"804\" src=\"https:\/\/numero.com\/wp-content\/uploads\/2025\/08\/elle-fanning-oscars2026bis-768x965.jpg\" class=\"img-fluid\" alt=\"Elle Fanning en Givenchy aux Oscars au Dolby Theatre, \u00e0 Hollywood, le 15 mars 2026.\" loading=\"lazy\">\t\t\t\t\t\t\t\t\t\t\t\t<\/p>\n<p class=\"number\">16<\/p>\n<\/p><\/div>\n<div class=\"card-info d-flex\">\n<div>\n<p class=\"cat-title\">Cin\u00e9ma<\/p>\n<h3 class=\"post-title\">Valeur sentimentale remporte l\u2019Oscar du meilleur film international<\/h3>\n<\/p><\/div>\n<p class=\"date\">\n\t\t\t\t\t\t\t\t\t\t\t\t\t16 mars 2026\t\t\t\t\t\t\t\t\t\t\t\t<\/p>\n<\/p><\/div>\n<p>\t\t\t\t\t\t\t\t\t\t<\/a>\n\t\t\t\t\t\t\t\t\t<\/div>\n<\/p><\/div>\n<\/p><\/div>\n<\/p><\/div>\n<div class=\"padding-top-s\">\n<div class=\"ad banner desktop\">\n<div class=\"container\">\n<div class=\"row\">\n            <!-- \/21730003857\/numero-ad-unit\/numero-banner-1 --><\/p>\n<div id=\"div-gpt-ad-1757006327907-0\" style=\"min-width: 350px\">\n<p>                    googletag.cmd.push(function () {<br \/>\n                        googletag.display(&#8216;div-gpt-ad-1757006327907-0&#8217;);<br \/>\n                    });<\/p><\/div>\n<\/p><\/div>\n<\/p><\/div>\n<\/div><\/div>\n<\/p><\/div>\n<\/section>\n<p>        <button class=\"btn-newsletter btn-outline-white my-5\" id=\"open-modal-newsletter\">Inscrivez-vous \u00e0 la newsletter<\/button>\t\t<\/p>\n<section class=\"related-posts post-list padding-top-m padding-bottom-s\">\n<div class=\"container\">\n<h2 class=\"title mx-auto\">\u00c0 lire aussi<\/h2>\n<div class=\"row\">\n<div class=\"col-lg-3\">\n<div class=\"post-card desktop\">\n\t\t\t\t\t\t\t\t\t\t<a class=\"post-link\" href=\"https:\/\/numero.com\/culture\/series\/peaked-molly-gordon-dua-lipa\/\"><\/p>\n<div class=\"container-img\">\n\t\t\t\t\t\t\t\t\t\t\t\t<img decoding=\"async\" width=\"640\" height=\"804\" src=\"https:\/\/numero.com\/wp-content\/uploads\/2026\/03\/Dua-Lipa-2-768x965.jpg\" class=\"img-fluid\" alt=\"Dua Lipa \u00e0 la soir\u00e9e Vanity Fair des Oscars 2026, le 15 mars 2026 \u00e0 Los Angeles. \u00a9 Jamie McCarthy\/WireImage.\" loading=\"lazy\">\t\t\t\t\t\t\t\t\t\t\t\t<\/p>\n<div class=\"number\">30<\/div>\n<\/p><\/div>\n<div class=\"card-info\">\n<div class=\"meta d-flex justify-content-between\">\n<p class=\"cat-title\">S\u00e9ries<\/p>\n<p class=\"date\">\n\t\t\t\t\t\t\t\t\t\t\t\t\t\t30 mars 2026\t\t\t\t\t\t\t\t\t\t\t\t\t<\/p>\n<\/p><\/div>\n<div class=\"post-title\">Quel film A24 r\u00e9unira Dua Lipa et Connor Storrie ?\u00a0<\/div>\n<\/p><\/div>\n<p>\t\t\t\t\t\t\t\t\t\t<\/a>\n\t\t\t\t\t\t\t\t\t<\/div>\n<div class=\"post-card mobile\">\n\t\t\t\t\t\t\t\t\t\t<a class=\"post-link d-flex\" href=\"https:\/\/numero.com\/culture\/series\/peaked-molly-gordon-dua-lipa\/\"><\/p>\n<div class=\"container-img\">\n\t\t\t\t\t\t\t\t\t\t\t\t<img decoding=\"async\" width=\"640\" height=\"804\" src=\"https:\/\/numero.com\/wp-content\/uploads\/2026\/03\/Dua-Lipa-2-768x965.jpg\" class=\"img-fluid\" alt=\"Dua Lipa \u00e0 la soir\u00e9e Vanity Fair des Oscars 2026, le 15 mars 2026 \u00e0 Los Angeles. \u00a9 Jamie McCarthy\/WireImage.\" loading=\"lazy\">\t\t\t\t\t\t\t\t\t\t\t\t<\/p>\n<div class=\"number\">30<\/div>\n<\/p><\/div>\n<div class=\"card-info d-flex\">\n<div>\n<p class=\"cat-title\">S\u00e9ries<\/p>\n<h3 class=\"post-title\">Quel film A24 r\u00e9unira Dua Lipa et Connor Storrie ?\u00a0<\/h3>\n<\/p><\/div>\n<p class=\"date\">\n\t\t\t\t\t\t\t\t\t\t\t\t\t30 mars 2026\t\t\t\t\t\t\t\t\t\t\t\t<\/p>\n<\/p><\/div>\n<p>\t\t\t\t\t\t\t\t\t\t<\/a>\n\t\t\t\t\t\t\t\t\t<\/div>\n<\/p><\/div>\n<div class=\"col-lg-3\">\n<div class=\"post-card desktop\">\n\t\t\t\t\t\t\t\t\t\t<a class=\"post-link\" href=\"https:\/\/numero.com\/culture\/cinema\/pedro-almodovar-restrospective-films\/\"><\/p>\n<div class=\"container-img\">\n\t\t\t\t\t\t\t\t\t\t\t\t<img decoding=\"async\" width=\"640\" height=\"804\" src=\"https:\/\/numero.com\/wp-content\/uploads\/2026\/03\/penelope-cruz-pedro-almodovar1-768x965.jpg\" class=\"img-fluid\" alt=\"Pen\u00e9lope Cruz dans le film Volver.\" loading=\"lazy\">\t\t\t\t\t\t\t\t\t\t\t\t<\/p>\n<div class=\"number\">30<\/div>\n<\/p><\/div>\n<div class=\"card-info\">\n<div class=\"meta d-flex justify-content-between\">\n<p class=\"cat-title\">Cin\u00e9ma<\/p>\n<p class=\"date\">\n\t\t\t\t\t\t\t\t\t\t\t\t\t\t30 mars 2026\t\t\t\t\t\t\t\t\t\t\t\t\t<\/p>\n<\/p><\/div>\n<div class=\"post-title\">Pedro Almod\u00f3var c\u00e9l\u00e9br\u00e9 \u00e0 Paris par une r\u00e9trospective int\u00e9grale<\/div>\n<\/p><\/div>\n<p>\t\t\t\t\t\t\t\t\t\t<\/a>\n\t\t\t\t\t\t\t\t\t<\/div>\n<div class=\"post-card mobile\">\n\t\t\t\t\t\t\t\t\t\t<a class=\"post-link d-flex\" href=\"https:\/\/numero.com\/culture\/cinema\/pedro-almodovar-restrospective-films\/\"><\/p>\n<div class=\"container-img\">\n\t\t\t\t\t\t\t\t\t\t\t\t<img decoding=\"async\" width=\"640\" height=\"804\" src=\"https:\/\/numero.com\/wp-content\/uploads\/2026\/03\/penelope-cruz-pedro-almodovar1-768x965.jpg\" class=\"img-fluid\" alt=\"Pen\u00e9lope Cruz dans le film Volver.\" loading=\"lazy\">\t\t\t\t\t\t\t\t\t\t\t\t<\/p>\n<div class=\"number\">30<\/div>\n<\/p><\/div>\n<div class=\"card-info d-flex\">\n<div>\n<p class=\"cat-title\">Cin\u00e9ma<\/p>\n<h3 class=\"post-title\">Pedro Almod\u00f3var c\u00e9l\u00e9br\u00e9 \u00e0 Paris par une r\u00e9trospective int\u00e9grale<\/h3>\n<\/p><\/div>\n<p class=\"date\">\n\t\t\t\t\t\t\t\t\t\t\t\t\t30 mars 2026\t\t\t\t\t\t\t\t\t\t\t\t<\/p>\n<\/p><\/div>\n<p>\t\t\t\t\t\t\t\t\t\t<\/a>\n\t\t\t\t\t\t\t\t\t<\/div>\n<\/p><\/div>\n<div class=\"col-lg-3\">\n<div class=\"post-card desktop\">\n\t\t\t\t\t\t\t\t\t\t<a class=\"post-link\" href=\"https:\/\/numero.com\/culture\/cinema\/jurassic-world-le-monde-d-apres\/\"><\/p>\n<div class=\"container-img\">\n\t\t\t\t\t\t\t\t\t\t\t\t<img decoding=\"async\" width=\"640\" height=\"804\" src=\"https:\/\/numero.com\/wp-content\/uploads\/2022\/06\/Jurassic-World-768x965.jpg\" class=\"img-fluid\" alt=\"DeWanda Wise dans le film Jurassic World : Le Monde d'apr\u00e8s (2022). \u00a9 Universal Studios and Amblin Entertainment. All Rights Reserved.\" loading=\"lazy\">\t\t\t\t\t\t\t\t\t\t\t\t<\/p>\n<div class=\"number\">30<\/div>\n<\/p><\/div>\n<div class=\"card-info\">\n<div class=\"meta d-flex justify-content-between\">\n<p class=\"cat-title\">Cin\u00e9ma<\/p>\n<p class=\"date\">\n\t\t\t\t\t\t\t\t\t\t\t\t\t\t30 mars 2026\t\t\t\t\t\t\t\t\t\t\t\t\t<\/p>\n<\/p><\/div>\n<div class=\"post-title\">Pourquoi il faut (re)voir Jurassic World : Le Monde d\u2019apr\u00e8s<\/div>\n<\/p><\/div>\n<p>\t\t\t\t\t\t\t\t\t\t<\/a>\n\t\t\t\t\t\t\t\t\t<\/div>\n<div class=\"post-card mobile\">\n\t\t\t\t\t\t\t\t\t\t<a class=\"post-link d-flex\" href=\"https:\/\/numero.com\/culture\/cinema\/jurassic-world-le-monde-d-apres\/\"><\/p>\n<div class=\"container-img\">\n\t\t\t\t\t\t\t\t\t\t\t\t<img decoding=\"async\" width=\"640\" height=\"804\" src=\"https:\/\/numero.com\/wp-content\/uploads\/2022\/06\/Jurassic-World-768x965.jpg\" class=\"img-fluid\" alt=\"DeWanda Wise dans le film Jurassic World : Le Monde d'apr\u00e8s (2022). \u00a9 Universal Studios and Amblin Entertainment. All Rights Reserved.\" loading=\"lazy\">\t\t\t\t\t\t\t\t\t\t\t\t<\/p>\n<div class=\"number\">30<\/div>\n<\/p><\/div>\n<div class=\"card-info d-flex\">\n<div>\n<p class=\"cat-title\">Cin\u00e9ma<\/p>\n<h3 class=\"post-title\">Pourquoi il faut (re)voir Jurassic World : Le Monde d\u2019apr\u00e8s<\/h3>\n<\/p><\/div>\n<p class=\"date\">\n\t\t\t\t\t\t\t\t\t\t\t\t\t30 mars 2026\t\t\t\t\t\t\t\t\t\t\t\t<\/p>\n<\/p><\/div>\n<p>\t\t\t\t\t\t\t\t\t\t<\/a>\n\t\t\t\t\t\t\t\t\t<\/div>\n<\/p><\/div>\n<div class=\"col-lg-3\">\n<div class=\"post-card desktop\">\n\t\t\t\t\t\t\t\t\t\t<a class=\"post-link\" href=\"https:\/\/numero.com\/culture\/series\/la-famille-kennedy-au-coeur-dune-serie-netflix\/\"><\/p>\n<div class=\"container-img\">\n\t\t\t\t\t\t\t\t\t\t\t\t<img decoding=\"async\" width=\"640\" height=\"804\" src=\"https:\/\/numero.com\/wp-content\/uploads\/2025\/10\/thumb-serie-kennedy-numero-magazine-768x965.jpg\" class=\"img-fluid\" alt=\"Netflix pr\u00e9pare une s\u00e9rie sur la famille Kennedy avec Michael Fassbender.\" loading=\"lazy\">\t\t\t\t\t\t\t\t\t\t\t\t<\/p>\n<div class=\"number\">30<\/div>\n<\/p><\/div>\n<div class=\"card-info\">\n<div class=\"meta d-flex justify-content-between\">\n<p class=\"cat-title\">S\u00e9ries<\/p>\n<p class=\"date\">\n\t\t\t\t\t\t\t\t\t\t\t\t\t\t30 mars 2026\t\t\t\t\t\t\t\t\t\t\t\t\t<\/p>\n<\/p><\/div>\n<div class=\"post-title\">D\u00e9couvrez la premi\u00e8re image de Michael Fassbender dans la s\u00e9rie Netflix sur la famille Kennedy<\/div>\n<\/p><\/div>\n<p>\t\t\t\t\t\t\t\t\t\t<\/a>\n\t\t\t\t\t\t\t\t\t<\/div>\n<div class=\"post-card mobile\">\n\t\t\t\t\t\t\t\t\t\t<a class=\"post-link d-flex\" href=\"https:\/\/numero.com\/culture\/series\/la-famille-kennedy-au-coeur-dune-serie-netflix\/\"><\/p>\n<div class=\"container-img\">\n\t\t\t\t\t\t\t\t\t\t\t\t<img decoding=\"async\" width=\"640\" height=\"804\" src=\"https:\/\/numero.com\/wp-content\/uploads\/2025\/10\/thumb-serie-kennedy-numero-magazine-768x965.jpg\" class=\"img-fluid\" alt=\"Netflix pr\u00e9pare une s\u00e9rie sur la famille Kennedy avec Michael Fassbender.\" loading=\"lazy\">\t\t\t\t\t\t\t\t\t\t\t\t<\/p>\n<div class=\"number\">30<\/div>\n<\/p><\/div>\n<div class=\"card-info d-flex\">\n<div>\n<p class=\"cat-title\">S\u00e9ries<\/p>\n<h3 class=\"post-title\">D\u00e9couvrez la premi\u00e8re image de Michael Fassbender dans la s\u00e9rie Netflix sur la famille Kennedy<\/h3>\n<\/p><\/div>\n<p class=\"date\">\n\t\t\t\t\t\t\t\t\t\t\t\t\t30 mars 2026\t\t\t\t\t\t\t\t\t\t\t\t<\/p>\n<\/p><\/div>\n<p>\t\t\t\t\t\t\t\t\t\t<\/a>\n\t\t\t\t\t\t\t\t\t<\/div>\n<\/p><\/div>\n<\/p><\/div>\n<\/p><\/div>\n<\/section>\n<div class=\"padding-bottom-s\">\n<div class=\"ad banner desktop\">\n<div class=\"container\">\n<div class=\"row\">\n            <!-- \/21730003857\/numero-ad-unit\/numero-banner-1 --><\/p>\n<div id=\"div-gpt-ad-1757006327907-0\" style=\"min-width: 350px\">\n<p>                    googletag.cmd.push(function () {<br \/>\n                        googletag.display(&#8216;div-gpt-ad-1757006327907-0&#8217;);<br \/>\n                    });<\/p><\/div>\n<\/p><\/div>\n<\/p><\/div>\n<\/div><\/div>\n<\/p><\/div>\n","protected":false},"excerpt":{"rendered":"<p>30 30 googletag.cmd.push(function () { googletag.display(&#8216;div-gpt-ad-1757063143832-0&#8217;); }); Lien copi\u00e9 Cin\u00e9ma 30 mars 2026 Park Chan-wook, pr\u00e9sident du jury \u00e0 Cannes, en 3 films cultes et radicaux Le cin\u00e9aste sud-cor\u00e9en Park Chan-wook pr\u00e9sidera le jury du 79e Festival de Cannes, organis\u00e9 du 12 au 23 mai 2026 sur la Croisette. Pour l\u2019occasion,\u00a0Num\u00e9ro revient sur trois \u0153uvres [&hellip;]<\/p>\n","protected":false},"author":1,"featured_media":0,"comment_status":"open","ping_status":"","sticky":false,"template":"","format":"standard","meta":{"footnotes":""},"categories":[1],"tags":[226,258],"class_list":["post-1855419","post","type-post","status-publish","format-standard","hentry","category-uncategorized","tag-crawlmanager","tag-numero-com"],"_links":{"self":[{"href":"https:\/\/analyse.optim.biz\/index.php?rest_route=\/wp\/v2\/posts\/1855419","targetHints":{"allow":["GET"]}}],"collection":[{"href":"https:\/\/analyse.optim.biz\/index.php?rest_route=\/wp\/v2\/posts"}],"about":[{"href":"https:\/\/analyse.optim.biz\/index.php?rest_route=\/wp\/v2\/types\/post"}],"author":[{"embeddable":true,"href":"https:\/\/analyse.optim.biz\/index.php?rest_route=\/wp\/v2\/users\/1"}],"replies":[{"embeddable":true,"href":"https:\/\/analyse.optim.biz\/index.php?rest_route=%2Fwp%2Fv2%2Fcomments&post=1855419"}],"version-history":[{"count":1,"href":"https:\/\/analyse.optim.biz\/index.php?rest_route=\/wp\/v2\/posts\/1855419\/revisions"}],"predecessor-version":[{"id":1953309,"href":"https:\/\/analyse.optim.biz\/index.php?rest_route=\/wp\/v2\/posts\/1855419\/revisions\/1953309"}],"wp:attachment":[{"href":"https:\/\/analyse.optim.biz\/index.php?rest_route=%2Fwp%2Fv2%2Fmedia&parent=1855419"}],"wp:term":[{"taxonomy":"category","embeddable":true,"href":"https:\/\/analyse.optim.biz\/index.php?rest_route=%2Fwp%2Fv2%2Fcategories&post=1855419"},{"taxonomy":"post_tag","embeddable":true,"href":"https:\/\/analyse.optim.biz\/index.php?rest_route=%2Fwp%2Fv2%2Ftags&post=1855419"}],"curies":[{"name":"wp","href":"https:\/\/api.w.org\/{rel}","templated":true}]}}