{"id":1855347,"date":"2026-03-30T09:09:11","date_gmt":"2026-03-30T06:09:11","guid":{"rendered":"https:\/\/analyse.optim.biz\/?p=1855347"},"modified":"2026-03-30T09:09:11","modified_gmt":"2026-03-30T06:09:11","slug":"un-barbat-de-43-ani-a-fost-arestat-pentru-ca-a-racolat-o-minora-de-13-ani-pentru-pornografie-infantila","status":"publish","type":"post","link":"https:\/\/analyse.optim.biz\/?p=1855347","title":{"rendered":"Un b\u0103rbat de 43 ani a fost arestat pentru c\u0103 a racolat o minor\u0103 de 13 ani pentru pornografie infantil\u0103"},"content":{"rendered":"<p>[analyse_image type=&#8221;featured&#8221; src=&#8221;https:\/\/dobrogeanews.b-cdn.net\/wp-content\/uploads\/2026\/03\/arestat-pentru-pornografie-infantila.jpg&#8221;]<\/p>\n<div id=\"post-69525\" class=\"entry single-default post-69525 post type-post status-publish format-standard has-post-thumbnail hentry category-constanta category-info tag-barbat-arestat-2 tag-constanta tag-minora-2 tag-pornografie-infantila-2\">\n<div>\n<div class=\"ss-follow-wrapper ss-clearfix ss-regular-buttons ss-columns-1 ss-default-style\">\n<div class=\"ss-follow-column\" data-ss-sf-network-id='\"facebook\"'><a href=\"https:\/\/www.facebook.com\/dobrogeanews\" class=\"ss-follow-network ss-facebook-color\" rel=\"nofollow noopener\" aria-label=\"facebook\" target=\"_blank\"><span class=\"ss-follow-network-label\">Urm\u0103re\u015fte-ne \u015fi pe Facebook!<\/span><span class=\"ss-follow-network-count\"><span class=\"ss-follow-network-count-number\">57K<\/span><span class=\"ss-follow-network-count-label\">Followers<\/span><\/span><\/a><\/div>\n<\/div>\n<\/div>\n<p>Poli\u021bi\u0219tii Brig\u0103zii de Combatere a Criminalit\u0103\u021bii Organizate Constan\u021ba, \u00eempreun\u0103 cu procurorii D.I.I.C.O.T.\u2013 Serviciul Teritorial Constan\u021ba, au documentat activitatea infrac\u021bional\u0103 a unei persoane, de 43 de ani, cercetat\u0103 pentru corupere sexual\u0103, racolarea minorilor \u00een scopuri sexuale \u0219i pornografie infantil\u0103.<\/p>\n<figure class=\"wp-block-image size-full is-resized\">\n<source type=\"image\/webp\" data-lazy-srcset=\"https:\/\/dobrogeanews.b-cdn.net\/wp-content\/uploads\/2026\/03\/arestat-pentru-pornografie-infantila.jpg.webp 2560w, https:\/\/dobrogeanews.b-cdn.net\/wp-content\/uploads\/2026\/03\/arestat-pentru-pornografie-infantila-300x246.jpg.webp 300w, https:\/\/dobrogeanews.b-cdn.net\/wp-content\/uploads\/2026\/03\/arestat-pentru-pornografie-infantila-1024x840.jpg.webp 1024w, https:\/\/dobrogeanews.b-cdn.net\/wp-content\/uploads\/2026\/03\/arestat-pentru-pornografie-infantila-768x630.jpg.webp 768w, https:\/\/dobrogeanews.b-cdn.net\/wp-content\/uploads\/2026\/03\/arestat-pentru-pornografie-infantila-1536x1260.jpg.webp 1536w, https:\/\/dobrogeanews.b-cdn.net\/wp-content\/uploads\/2026\/03\/arestat-pentru-pornografie-infantila-2048x1680.jpg.webp 2048w\" sizes=\"(max-width: 640px) 100vw, 640px\" \/><br \/>\n<img loading=\"lazy\" decoding=\"async\" src=\"https:\/\/dobrogeanews.b-cdn.net\/wp-content\/uploads\/2026\/03\/arestat-pentru-pornografie-infantila.jpg\" alt=\"\" width=\"640\" height=\"525\"><\/figure>\n<p>Din probele administrate \u00een cauz\u0103 a rezultat faptul c\u0103, \u00een intervalul 16 \u2013 27 martie 2026, persoana cercetat\u0103 i-ar fi transmis unei persoane v\u0103t\u0103mate minore, de 13 ani, prin intermediul unor aplica\u021bii online, imagini \u0219i videoclipuri cu con\u021binut sexual explicit \u0219i ar fi incitat-o pe aceasta, \u00een aceea\u0219i modalitate, respectiv prin intermediul comunic\u0103rii electronice \u0219i al re\u021belelor sociale la s\u0103v\u00e2r\u0219irea unui act de natur\u0103 sexual\u0103 asupra sa.<\/p>\n<p>Astfel, persoana cercetat\u0103 i-ar fi solicitat minorei s\u0103 produc\u0103 \u0219i s\u0103-i transmit\u0103 imagini \u00een posturi sexuale explicite, pe care dup\u0103 ce le-ar fi ob\u021binut, le-ar fi stocat \u00een telefonul s\u0103u mobil.<\/p>\n<p>De asemenea, \u00een acest context, i-ar fi solicitat victimei s\u0103 se \u00eent\u00e2lneasc\u0103 \u00een scopul de a \u00eentre\u021bine acte de natur\u0103 sexual\u0103.<\/p>\n<p>La data de 28 martie 2026, procurorii D.I.I.C.O.T.\u2013 Serviciul Teritorial Constan\u021ba au dispus re\u021binerea persoanei \u00een cauz\u0103, ulterior, la data de 29 martie 2026, judec\u0103torul de drepturi \u0219i libert\u0103\u021bi din cadrul Tribunalului Constan\u021ba a dispus arestarea preventiv\u0103 a acesteia, pentru 30 de zile.<\/p>\n<p>Preciz\u0103m faptul c\u0103, pe parcursul \u00eentregului proces penal, persoanele cercetate beneficiaz\u0103 de drepturile \u0219i garan\u021biile procesuale, prev\u0103zute de Codul de procedur\u0103 penal\u0103, precum \u0219i de prezum\u021bia de nevinov\u0103\u021bie.<\/p>\n<div class=\"monsterinsights-inline-popular-posts monsterinsights-inline-popular-posts-charlie monsterinsights-popular-posts-styled\">\n<div class=\"monsterinsights-inline-popular-posts-text\"><span class=\"monsterinsights-inline-popular-posts-label\">Vezi \u0219i:<\/span><\/p>\n<div class=\"monsterinsights-inline-popular-posts-post\"><a class=\"monsterinsights-inline-popular-posts-title\" href=\"https:\/\/www.dobrogeanews.ro\/dr-laurentiu-ivanof-fiti-atenti-la-taceri-la-retrageri-la-schimbari-subtile-uneori-cei-care-au-cea-mai-mare-nevoie-de-ajutor-sunt-cei-care-cer-cel-mai-putin\/\">Dr. Lauren\u021biu Ivanof: Fi\u021bi aten\u021bi la t\u0103ceri. La retrageri. La schimb\u0103ri subtile. Uneori, cei care au cea mai mare nevoie de ajutor sunt cei care cer cel mai pu\u021bin.<\/a><\/div>\n<div class=\"monsterinsights-inline-popular-posts-post\"><a class=\"monsterinsights-inline-popular-posts-title\" href=\"https:\/\/www.dobrogeanews.ro\/tulcea-impozitul-pentru-mijloacele-de-transport-2026-pe-intelesul-tuturor-cine-beneficiaza-de-reducere-sau-scutire\/\">Tulcea: Impozitul pentru mijloacele de transport\/2026 pe \u00een\u021belesul tuturor. Cine beneficiaz\u0103 de reducere sau scutire<\/a><\/div>\n<div class=\"monsterinsights-inline-popular-posts-post\"><a class=\"monsterinsights-inline-popular-posts-title\" href=\"https:\/\/www.dobrogeanews.ro\/tulcea-noile-tarife-pentru-transport-public-rutier-si-naval\/\">Tulcea: Noile tarife pentru transport public (rutier \u0219i naval)<\/a><\/div>\n<\/div>\n<\/div>\n<p class=\"has-text-align-center has-white-color has-text-color has-background\"><span><a href=\"https:\/\/news.google.com\/publications\/CAAqBwgKMIu5pgsw88O-Aw?ceid=RO:ro&amp;oc=3\">Urm\u0103ri\u0163i \u015etirile Dobrogeanews \u015fi pe Google News<\/a><\/span><\/p>\n<\/div>\n<div id=\"post-69525\" class=\"entry single-default post-69525 post type-post status-publish format-standard has-post-thumbnail hentry category-constanta category-info tag-barbat-arestat-2 tag-constanta tag-minora-2 tag-pornografie-infantila-2\">\n<div>\n<div class=\"ss-follow-wrapper ss-clearfix ss-regular-buttons ss-columns-1 ss-default-style\">\n<div class=\"ss-follow-column\" data-ss-sf-network-id='\"facebook\"'><a href=\"https:\/\/www.facebook.com\/dobrogeanews\" class=\"ss-follow-network ss-facebook-color\" rel=\"nofollow noopener\" aria-label=\"facebook\" target=\"_blank\"><span class=\"ss-follow-network-label\">Urm\u0103re\u015fte-ne \u015fi pe Facebook!<\/span><span class=\"ss-follow-network-count\"><span class=\"ss-follow-network-count-number\">57K<\/span><span class=\"ss-follow-network-count-label\">Followers<\/span><\/span><\/a><\/div>\n<\/div>\n<\/div>\n<p>Poli\u021bi\u0219tii Brig\u0103zii de Combatere a Criminalit\u0103\u021bii Organizate Constan\u021ba, \u00eempreun\u0103 cu procurorii D.I.I.C.O.T.\u2013 Serviciul Teritorial Constan\u021ba, au documentat activitatea infrac\u021bional\u0103 a unei persoane, de 43 de ani, cercetat\u0103 pentru corupere sexual\u0103, racolarea minorilor \u00een scopuri sexuale \u0219i pornografie infantil\u0103.<\/p>\n<figure class=\"wp-block-image size-full is-resized\">\n<source type=\"image\/webp\" data-lazy-srcset=\"https:\/\/dobrogeanews.b-cdn.net\/wp-content\/uploads\/2026\/03\/arestat-pentru-pornografie-infantila.jpg.webp 2560w, https:\/\/dobrogeanews.b-cdn.net\/wp-content\/uploads\/2026\/03\/arestat-pentru-pornografie-infantila-300x246.jpg.webp 300w, https:\/\/dobrogeanews.b-cdn.net\/wp-content\/uploads\/2026\/03\/arestat-pentru-pornografie-infantila-1024x840.jpg.webp 1024w, https:\/\/dobrogeanews.b-cdn.net\/wp-content\/uploads\/2026\/03\/arestat-pentru-pornografie-infantila-768x630.jpg.webp 768w, https:\/\/dobrogeanews.b-cdn.net\/wp-content\/uploads\/2026\/03\/arestat-pentru-pornografie-infantila-1536x1260.jpg.webp 1536w, https:\/\/dobrogeanews.b-cdn.net\/wp-content\/uploads\/2026\/03\/arestat-pentru-pornografie-infantila-2048x1680.jpg.webp 2048w\" sizes=\"(max-width: 640px) 100vw, 640px\" \/><br \/>\n<img loading=\"lazy\" decoding=\"async\" src=\"https:\/\/dobrogeanews.b-cdn.net\/wp-content\/uploads\/2026\/03\/arestat-pentru-pornografie-infantila.jpg\" alt=\"\" width=\"640\" height=\"525\"><\/figure>\n<p>Din probele administrate \u00een cauz\u0103 a rezultat faptul c\u0103, \u00een intervalul 16 \u2013 27 martie 2026, persoana cercetat\u0103 i-ar fi transmis unei persoane v\u0103t\u0103mate minore, de 13 ani, prin intermediul unor aplica\u021bii online, imagini \u0219i videoclipuri cu con\u021binut sexual explicit \u0219i ar fi incitat-o pe aceasta, \u00een aceea\u0219i modalitate, respectiv prin intermediul comunic\u0103rii electronice \u0219i al re\u021belelor sociale la s\u0103v\u00e2r\u0219irea unui act de natur\u0103 sexual\u0103 asupra sa.<\/p>\n<p>Astfel, persoana cercetat\u0103 i-ar fi solicitat minorei s\u0103 produc\u0103 \u0219i s\u0103-i transmit\u0103 imagini \u00een posturi sexuale explicite, pe care dup\u0103 ce le-ar fi ob\u021binut, le-ar fi stocat \u00een telefonul s\u0103u mobil.<\/p>\n<p>De asemenea, \u00een acest context, i-ar fi solicitat victimei s\u0103 se \u00eent\u00e2lneasc\u0103 \u00een scopul de a \u00eentre\u021bine acte de natur\u0103 sexual\u0103.<\/p>\n<p>La data de 28 martie 2026, procurorii D.I.I.C.O.T.\u2013 Serviciul Teritorial Constan\u021ba au dispus re\u021binerea persoanei \u00een cauz\u0103, ulterior, la data de 29 martie 2026, judec\u0103torul de drepturi \u0219i libert\u0103\u021bi din cadrul Tribunalului Constan\u021ba a dispus arestarea preventiv\u0103 a acesteia, pentru 30 de zile.<\/p>\n<p>Preciz\u0103m faptul c\u0103, pe parcursul \u00eentregului proces penal, persoanele cercetate beneficiaz\u0103 de drepturile \u0219i garan\u021biile procesuale, prev\u0103zute de Codul de procedur\u0103 penal\u0103, precum \u0219i de prezum\u021bia de nevinov\u0103\u021bie.<\/p>\n<div class=\"monsterinsights-inline-popular-posts monsterinsights-inline-popular-posts-charlie monsterinsights-popular-posts-styled\">\n<div class=\"monsterinsights-inline-popular-posts-text\"><span class=\"monsterinsights-inline-popular-posts-label\">Vezi \u0219i:<\/span><\/p>\n<div class=\"monsterinsights-inline-popular-posts-post\"><a class=\"monsterinsights-inline-popular-posts-title\" href=\"https:\/\/www.dobrogeanews.ro\/dr-laurentiu-ivanof-fiti-atenti-la-taceri-la-retrageri-la-schimbari-subtile-uneori-cei-care-au-cea-mai-mare-nevoie-de-ajutor-sunt-cei-care-cer-cel-mai-putin\/\">Dr. Lauren\u021biu Ivanof: Fi\u021bi aten\u021bi la t\u0103ceri. La retrageri. La schimb\u0103ri subtile. Uneori, cei care au cea mai mare nevoie de ajutor sunt cei care cer cel mai pu\u021bin.<\/a><\/div>\n<div class=\"monsterinsights-inline-popular-posts-post\"><a class=\"monsterinsights-inline-popular-posts-title\" href=\"https:\/\/www.dobrogeanews.ro\/tulcea-impozitul-pentru-mijloacele-de-transport-2026-pe-intelesul-tuturor-cine-beneficiaza-de-reducere-sau-scutire\/\">Tulcea: Impozitul pentru mijloacele de transport\/2026 pe \u00een\u021belesul tuturor. Cine beneficiaz\u0103 de reducere sau scutire<\/a><\/div>\n<div class=\"monsterinsights-inline-popular-posts-post\"><a class=\"monsterinsights-inline-popular-posts-title\" href=\"https:\/\/www.dobrogeanews.ro\/tulcea-noile-tarife-pentru-transport-public-rutier-si-naval\/\">Tulcea: Noile tarife pentru transport public (rutier \u0219i naval)<\/a><\/div>\n<\/div>\n<\/div>\n<p class=\"has-text-align-center has-white-color has-text-color has-background\"><span><a href=\"https:\/\/news.google.com\/publications\/CAAqBwgKMIu5pgsw88O-Aw?ceid=RO:ro&amp;oc=3\">Urm\u0103ri\u0163i \u015etirile Dobrogeanews \u015fi pe Google News<\/a><\/span><\/p>\n<\/div>\n<p>[analyse_source url=&#8221;https:\/\/www.dobrogeanews.ro\/un-barbat-de-43-ani-a-fost-arestat-pentru-ca-a-racolat-o-minora-de-13-ani-pentru-pornografie-infantila\/&#8221;]<\/p>\n","protected":false},"excerpt":{"rendered":"<p>[analyse_image type=&#8221;featured&#8221; src=&#8221;https:\/\/dobrogeanews.b-cdn.net\/wp-content\/uploads\/2026\/03\/arestat-pentru-pornografie-infantila.jpg&#8221;] Urm\u0103re\u015fte-ne \u015fi pe Facebook!57KFollowers Poli\u021bi\u0219tii Brig\u0103zii de Combatere a Criminalit\u0103\u021bii Organizate Constan\u021ba, \u00eempreun\u0103 cu procurorii D.I.I.C.O.T.\u2013 Serviciul Teritorial Constan\u021ba, au documentat activitatea infrac\u021bional\u0103 a unei persoane, de 43 de ani, cercetat\u0103 pentru corupere sexual\u0103, racolarea minorilor \u00een scopuri sexuale \u0219i pornografie infantil\u0103. Din probele administrate \u00een cauz\u0103 a rezultat faptul c\u0103, \u00een [&hellip;]<\/p>\n","protected":false},"author":1,"featured_media":0,"comment_status":"open","ping_status":"","sticky":false,"template":"","format":"standard","meta":{"footnotes":""},"categories":[89],"tags":[226,223],"class_list":["post-1855347","post","type-post","status-publish","format-standard","hentry","category-romania","tag-crawlmanager","tag-dobrogeanews-ro"],"_links":{"self":[{"href":"https:\/\/analyse.optim.biz\/index.php?rest_route=\/wp\/v2\/posts\/1855347","targetHints":{"allow":["GET"]}}],"collection":[{"href":"https:\/\/analyse.optim.biz\/index.php?rest_route=\/wp\/v2\/posts"}],"about":[{"href":"https:\/\/analyse.optim.biz\/index.php?rest_route=\/wp\/v2\/types\/post"}],"author":[{"embeddable":true,"href":"https:\/\/analyse.optim.biz\/index.php?rest_route=\/wp\/v2\/users\/1"}],"replies":[{"embeddable":true,"href":"https:\/\/analyse.optim.biz\/index.php?rest_route=%2Fwp%2Fv2%2Fcomments&post=1855347"}],"version-history":[{"count":0,"href":"https:\/\/analyse.optim.biz\/index.php?rest_route=\/wp\/v2\/posts\/1855347\/revisions"}],"wp:attachment":[{"href":"https:\/\/analyse.optim.biz\/index.php?rest_route=%2Fwp%2Fv2%2Fmedia&parent=1855347"}],"wp:term":[{"taxonomy":"category","embeddable":true,"href":"https:\/\/analyse.optim.biz\/index.php?rest_route=%2Fwp%2Fv2%2Fcategories&post=1855347"},{"taxonomy":"post_tag","embeddable":true,"href":"https:\/\/analyse.optim.biz\/index.php?rest_route=%2Fwp%2Fv2%2Ftags&post=1855347"}],"curies":[{"name":"wp","href":"https:\/\/api.w.org\/{rel}","templated":true}]}}