{"id":1855339,"date":"2026-03-30T11:28:56","date_gmt":"2026-03-30T08:28:56","guid":{"rendered":"https:\/\/analyse.optim.biz\/?p=1855339"},"modified":"2026-03-30T11:28:56","modified_gmt":"2026-03-30T08:28:56","slug":"culturisti-din-toata-tara-haideti-la-timisoara-cupa-timisoarei-la-fitness-si-culturism-pe-9-mai","status":"publish","type":"post","link":"https:\/\/analyse.optim.biz\/?p=1855339","title":{"rendered":"Culturi\u0219ti din toat\u0103 \u021bara, haide\u021bi la Timi\u0219oara: Cupa Timi\u0219oarei la fitness \u0219i culturism, pe 9 Mai"},"content":{"rendered":"<p>[analyse_image type=&#8221;featured&#8221; src=&#8221;https:\/\/focustim.ro\/wp-content\/uploads\/2026\/03\/cupa-timisoarei.jpeg&#8221;]<\/p>\n<article id=\"post-39820\" class=\"penci-single-artcontent noloaddisqus post-39820 post type-post status-publish format-standard has-post-thumbnail hentry category-actualitate category-economic category-featured tag-culturism tag-fitness penci-post-item\">\n<header class=\"entry-header penci-entry-header penci-title-\">\n<div class=\"penci-entry-categories\"><span class=\"penci-cat-links\"><a href=\"https:\/\/focustim.ro\/category\/actualitate\/\" rel=\"category tag\">Actualitate<\/a><a href=\"https:\/\/focustim.ro\/category\/economic\/\" rel=\"category tag\">Economic<\/a><a href=\"https:\/\/focustim.ro\/category\/featured\/\" rel=\"category tag\">Featured<\/a><\/span><\/div>\n<h1 class=\"entry-title penci-entry-title penci-title-\">Culturi\u0219ti din toat\u0103 \u021bara, haide\u021bi la Timi\u0219oara: Cupa Timi\u0219oarei la fitness \u0219i culturism, pe 9 Mai<\/h1>\n<div class=\"entry-meta penci-entry-meta\"><span class=\"entry-meta-item penci-posted-on\"><time class=\"entry-date published\" datetime=\"2026-03-30T14:28:56+03:00\">30\/03\/2026<\/time><time class=\"updated\" datetime=\"2026-03-30T14:28:59+03:00\">30\/03\/2026<\/time><\/span><span class=\"entry-meta-item penci-comment-count\"><a class=\"penci_pmeta-link\" href=\"https:\/\/focustim.ro\/culturisti-din-toata-tara-haideti-la-timisoara-cupa-timisoarei-la-fitness-si-culturism-pe-9-mai\/#respond\">0<\/a><\/span><\/div>\n<p><span class=\"penci-social-buttons penci-social-share-footer\"><span class=\"penci-social-share-text\">Distribuie<\/span><a href=\"https:\/\/focustim.ro\/culturisti-din-toata-tara-haideti-la-timisoara-cupa-timisoarei-la-fitness-si-culturism-pe-9-mai\/\" class=\"penci-post-like penci_post-meta_item  single-like-button penci-social-item like\" data-post_id=\"39820\" title=\"Like\" data-like=\"Like\" data-unlike=\"Unlike\"><span class=\"penci-share-number\">0<\/span><\/a><\/span><\/header>\n<div class=\"entry-media penci-entry-media\">\n<div class=\"post-format-meta \">\n<div class=\"post-image penci-standard-format\"><img decoding=\"async\" width=\"960\" height=\"1200\" src=\"https:\/\/focustim.ro\/wp-content\/uploads\/2026\/03\/cupa-timisoarei-960x1200.jpeg\" class=\"attachment-penci-thumb-960-auto size-penci-thumb-960-auto wp-post-image\" alt loading=\"lazy\"><\/div>\n<\/div>\n<\/div>\n<div class=\"penci-entry-content entry-content\">\n<p><strong>Eveniment special dedicat iubitorilor de fitness \u0219i culturism din Timi\u0219oara. O competi\u021bie are loc la Iulius Mall, \u00een luna mai. <\/strong><\/p>\n<p>Din pasiune pentru acest sport frumos, in data de 9 MAi, in Iulius Mall- zona Atrium, va avea loc un eveniment spectaculos, competitia de fitness \u0219i culturism, Cupa Timi\u0219oarei. Inscrierile sportivilor -8 mai, Hotel Ibis. Vor participa at\u00e2t sportivi din Rom\u00e2nia, c\u00e2t \u0219i din \u021b\u0103rile \u00eenvecinate. V\u0103 a\u0219tept\u0103m s\u0103 ne bucur\u0103m \u00eempreun\u0103 \u0219i s\u0103 le apreciem munca \u0219i dedicarea! Multumim tuturor sponsorilor \u0219i colaboratorilor nostri care fac posibil ca acest eveniment sa se concretizeze \u0219i care cred \u00een noi \u0219i \u00een frumuse\u021bea acestui sport, anun\u021b\u0103 organizatorul Florin Oltean.<\/p>\n<div class=\"sharedaddy sd-sharing-enabled\">\n<div class=\"robots-nocontent sd-block sd-social sd-social-icon-text sd-sharing\">\n<h3 class=\"sd-title\">Partajeaz\u0103 asta:<\/h3>\n<div class=\"sd-content\">\n<ul>\n<li class=\"share-twitter\"><a rel=\"nofollow noopener noreferrer\" data-shared=\"sharing-twitter-39820\" class=\"share-twitter sd-button share-icon\" href=\"https:\/\/focustim.ro\/culturisti-din-toata-tara-haideti-la-timisoara-cupa-timisoarei-la-fitness-si-culturism-pe-9-mai\/?share=twitter\" target=\"_blank\" title=\"D\u0103 clic pentru a partaja pe Twitter\"><span>Twitter<\/span><\/a><\/li>\n<li class=\"share-facebook\"><a rel=\"nofollow noopener noreferrer\" data-shared=\"sharing-facebook-39820\" class=\"share-facebook sd-button share-icon\" href=\"https:\/\/focustim.ro\/culturisti-din-toata-tara-haideti-la-timisoara-cupa-timisoarei-la-fitness-si-culturism-pe-9-mai\/?share=facebook\" target=\"_blank\" title=\"D\u0103 clic pentru a partaja pe Facebook\"><span>Facebook<\/span><\/a><\/li>\n<li class=\"share-end\"><\/ul>\n<\/div>\n<\/div>\n<\/div>\n<div class=\"sharedaddy sd-block sd-like jetpack-likes-widget-wrapper jetpack-likes-widget-unloaded\" id=\"like-post-wrapper-167025405-39820-69ca689887c11\" data-src=\"https:\/\/widgets.wp.com\/likes\/#blog_id=167025405&amp;post_id=39820&amp;origin=focustim.ro&amp;obj_id=167025405-39820-69ca689887c11\" data-name=\"like-post-frame-167025405-39820-69ca689887c11\" data-title=\"Apreciaz\u0103 sau republic\u0103\">\n<h3 class=\"sd-title\">Apreciaz\u0103:<\/h3>\n<div class=\"likes-widget-placeholder post-likes-widget-placeholder\"><span class=\"button\"><span>Apreciere<\/span><\/span><span class=\"loading\">\u00cencarc&#8230;<\/span><\/div>\n<\/div>\n<\/div>\n<footer class=\"penci-entry-footer\">\n<div class=\"penci-source-via-tags-wrap\"><span class=\"tags-links penci-tags-links\"><a href=\"https:\/\/focustim.ro\/tag\/culturism\/\" rel=\"tag\">culturism<\/a><a href=\"https:\/\/focustim.ro\/tag\/fitness\/\" rel=\"tag\">fitness<\/a><\/span><\/div>\n<p><span class=\"penci-social-buttons penci-social-share-footer\"><span class=\"penci-social-share-text\">Distribuie<\/span><a href=\"https:\/\/focustim.ro\/culturisti-din-toata-tara-haideti-la-timisoara-cupa-timisoarei-la-fitness-si-culturism-pe-9-mai\/\" class=\"penci-post-like penci_post-meta_item  single-like-button penci-social-item like\" data-post_id=\"39820\" title=\"Like\" data-like=\"Like\" data-unlike=\"Unlike\"><span class=\"penci-share-number\">0<\/span><\/a><\/span><\/footer>\n<\/article>\n<div class=\"penci-entry-content entry-content\">\n<p><strong>Eveniment special dedicat iubitorilor de fitness \u0219i culturism din Timi\u0219oara. O competi\u021bie are loc la Iulius Mall, \u00een luna mai. <\/strong><\/p>\n<p>Din pasiune pentru acest sport frumos, in data de 9 MAi, in Iulius Mall- zona Atrium, va avea loc un eveniment spectaculos, competitia de fitness \u0219i culturism, Cupa Timi\u0219oarei. Inscrierile sportivilor -8 mai, Hotel Ibis. Vor participa at\u00e2t sportivi din Rom\u00e2nia, c\u00e2t \u0219i din \u021b\u0103rile \u00eenvecinate. V\u0103 a\u0219tept\u0103m s\u0103 ne bucur\u0103m \u00eempreun\u0103 \u0219i s\u0103 le apreciem munca \u0219i dedicarea! Multumim tuturor sponsorilor \u0219i colaboratorilor nostri care fac posibil ca acest eveniment sa se concretizeze \u0219i care cred \u00een noi \u0219i \u00een frumuse\u021bea acestui sport, anun\u021b\u0103 organizatorul Florin Oltean.<\/p>\n<div class=\"sharedaddy sd-sharing-enabled\">\n<div class=\"robots-nocontent sd-block sd-social sd-social-icon-text sd-sharing\">\n<h3 class=\"sd-title\">Partajeaz\u0103 asta:<\/h3>\n<div class=\"sd-content\">\n<ul>\n<li class=\"share-twitter\"><a rel=\"nofollow noopener noreferrer\" data-shared=\"sharing-twitter-39820\" class=\"share-twitter sd-button share-icon\" href=\"https:\/\/focustim.ro\/culturisti-din-toata-tara-haideti-la-timisoara-cupa-timisoarei-la-fitness-si-culturism-pe-9-mai\/?share=twitter\" target=\"_blank\" title=\"D\u0103 clic pentru a partaja pe Twitter\"><span>Twitter<\/span><\/a><\/li>\n<li class=\"share-facebook\"><a rel=\"nofollow noopener noreferrer\" data-shared=\"sharing-facebook-39820\" class=\"share-facebook sd-button share-icon\" href=\"https:\/\/focustim.ro\/culturisti-din-toata-tara-haideti-la-timisoara-cupa-timisoarei-la-fitness-si-culturism-pe-9-mai\/?share=facebook\" target=\"_blank\" title=\"D\u0103 clic pentru a partaja pe Facebook\"><span>Facebook<\/span><\/a><\/li>\n<li class=\"share-end\"><\/ul>\n<\/div>\n<\/div>\n<\/div>\n<div class=\"sharedaddy sd-block sd-like jetpack-likes-widget-wrapper jetpack-likes-widget-unloaded\" id=\"like-post-wrapper-167025405-39820-69ca689887c11\" data-src=\"https:\/\/widgets.wp.com\/likes\/#blog_id=167025405&amp;post_id=39820&amp;origin=focustim.ro&amp;obj_id=167025405-39820-69ca689887c11\" data-name=\"like-post-frame-167025405-39820-69ca689887c11\" data-title=\"Apreciaz\u0103 sau republic\u0103\">\n<h3 class=\"sd-title\">Apreciaz\u0103:<\/h3>\n<div class=\"likes-widget-placeholder post-likes-widget-placeholder\"><span class=\"button\"><span>Apreciere<\/span><\/span><span class=\"loading\">\u00cencarc&#8230;<\/span><\/div>\n<\/div>\n<\/div>\n<p>[analyse_source url=&#8221;https:\/\/focustim.ro\/culturisti-din-toata-tara-haideti-la-timisoara-cupa-timisoarei-la-fitness-si-culturism-pe-9-mai\/&#8221;]<\/p>\n","protected":false},"excerpt":{"rendered":"<p>[analyse_image type=&#8221;featured&#8221; src=&#8221;https:\/\/focustim.ro\/wp-content\/uploads\/2026\/03\/cupa-timisoarei.jpeg&#8221;] ActualitateEconomicFeatured Culturi\u0219ti din toat\u0103 \u021bara, haide\u021bi la Timi\u0219oara: Cupa Timi\u0219oarei la fitness \u0219i culturism, pe 9 Mai 30\/03\/202630\/03\/20260 Distribuie0 Eveniment special dedicat iubitorilor de fitness \u0219i culturism din Timi\u0219oara. O competi\u021bie are loc la Iulius Mall, \u00een luna mai. Din pasiune pentru acest sport frumos, in data de 9 MAi, in Iulius [&hellip;]<\/p>\n","protected":false},"author":1,"featured_media":0,"comment_status":"open","ping_status":"","sticky":false,"template":"","format":"standard","meta":{"footnotes":""},"categories":[89],"tags":[226,197],"class_list":["post-1855339","post","type-post","status-publish","format-standard","hentry","category-romania","tag-crawlmanager","tag-focustim-ro"],"_links":{"self":[{"href":"https:\/\/analyse.optim.biz\/index.php?rest_route=\/wp\/v2\/posts\/1855339","targetHints":{"allow":["GET"]}}],"collection":[{"href":"https:\/\/analyse.optim.biz\/index.php?rest_route=\/wp\/v2\/posts"}],"about":[{"href":"https:\/\/analyse.optim.biz\/index.php?rest_route=\/wp\/v2\/types\/post"}],"author":[{"embeddable":true,"href":"https:\/\/analyse.optim.biz\/index.php?rest_route=\/wp\/v2\/users\/1"}],"replies":[{"embeddable":true,"href":"https:\/\/analyse.optim.biz\/index.php?rest_route=%2Fwp%2Fv2%2Fcomments&post=1855339"}],"version-history":[{"count":0,"href":"https:\/\/analyse.optim.biz\/index.php?rest_route=\/wp\/v2\/posts\/1855339\/revisions"}],"wp:attachment":[{"href":"https:\/\/analyse.optim.biz\/index.php?rest_route=%2Fwp%2Fv2%2Fmedia&parent=1855339"}],"wp:term":[{"taxonomy":"category","embeddable":true,"href":"https:\/\/analyse.optim.biz\/index.php?rest_route=%2Fwp%2Fv2%2Fcategories&post=1855339"},{"taxonomy":"post_tag","embeddable":true,"href":"https:\/\/analyse.optim.biz\/index.php?rest_route=%2Fwp%2Fv2%2Ftags&post=1855339"}],"curies":[{"name":"wp","href":"https:\/\/api.w.org\/{rel}","templated":true}]}}