{"id":1855288,"date":"2026-03-30T08:56:45","date_gmt":"2026-03-30T05:56:45","guid":{"rendered":"https:\/\/analyse.optim.biz\/?p=1855288"},"modified":"2026-03-30T08:56:45","modified_gmt":"2026-03-30T05:56:45","slug":"social-democratii-buzoieni-consultari-la-lacu-sarat-privind-iesirea-de-la-guvernare-a-iesit-fumul-alb","status":"publish","type":"post","link":"https:\/\/analyse.optim.biz\/?p=1855288","title":{"rendered":"Social-democra\u021bii buzoieni, consult\u0103ri la Lacu S\u0103rat privind ie\u0219irea de la guvernare. A ie\u0219it fumul alb?"},"content":{"rendered":"<p>[analyse_image type=&#8221;featured&#8221; src=&#8221;https:\/\/sansanews.ro\/wp-content\/uploads\/2026\/03\/656759020_1549032767226062_8449284825093130823_n.jpghttps:\/\/sansanews.ro\/wp-content\/uploads\/2026\/03\/656759020_1549032767226062_8449284825093130823_n.jpg&#8221;]<\/p>\n<div class=\"entry-content herald-entry-content\">\n<p>Liderul PSD Buz\u0103u, deputatul Romeo Lungu, a fost prezent, \u00een weekend, la \u00eent\u00e2lnirea regional\u0103 a social-democra\u021bilor din Sud-Est, organizat\u0103 la Br\u0103ila, unde reprezentan\u021bii PSD au discutat despre actuala guvernare \u0219i ce trebuie f\u0103cut mai departe, dac\u0103 PSD trebuie s\u0103 r\u0103m\u00e2n\u0103 \u00een actuala coali\u021bie sau s\u0103 ias\u0103 de la guvernare.  Pre\u0219edintele social-democra\u021bilor buzoieni a fost \u00eenso\u021bit de \u0219efa  Organiza\u021biei de femei a PSD Buz\u0103u, Oana Gheorghiu, liderul TSD Buz\u0103u,  Costin Stanciu, dar \u0219i de deputatul PSD, Oana Matache. Din delega\u021bia de  la Buz\u0103u au lipsit, \u00eens\u0103, Marcel Ciolacu, pre\u0219edintele CJ Buz\u0103u, \u0219i  primarul Constantin Toma, liderul Organiza\u021biei Municipale a PSD Buz\u0103u. <\/p>\n<p>La Br\u0103ila, social-democra\u021bii din Buz\u0103u au fost prezen\u021bi al\u0103turi de colegii din celelalte jude\u021be din regiune, \u00eentr-o \u0219edin\u021b\u0103 \u00een care discu\u021biile au vizat problemele tot mai evidente din coali\u021bia de guvernare.\u00a0 De altfel, dup\u0103 cum a anun\u021bat liderul PSD Buz\u0103u, Romeo Lungu, la \u00a0reuniune s-au analizat trei variante de lucru:<\/p>\n<div class=\"wp-block-image\">\n<figure class=\"alignright is-resized\"><img loading=\"lazy\" decoding=\"async\" src=\"https:\/\/sansanews.ro\/wp-content\/uploads\/2026\/03\/656124367_1549032783892727_6290432569255797399_n-1024x683.jpg\" alt class=\"wp-image-118636\" width=\"319\" height=\"213\"><\/figure>\n<\/div>\n<blockquote class=\"wp-block-quote\">\n<p>\u201cPe mas\u0103 sunt trei op\u021biuni: continuarea guvern\u0103rii \u00een actualele condi\u021bii, marcate de blocaje \u0219i o comunicare tot mai dificil\u0103, ie\u0219irea de la guvernare sau continuarea \u00eentr-o formul\u0103 \u00een care exist\u0103 un nou prim-ministru \u0219i respect real \u00eentre partenerii de coali\u021bie.<\/p>\n<p>Pentru c\u0103 realitatea nu mai poate fi ignorat\u0103.<\/p>\n<p>Politica lui Bolojan a e\u0219uat. Rom\u00e2nia nu este un tabel de contabilitate, iar rom\u00e2nii nu sunt cifre. Rom\u00e2nia \u00eenseamn\u0103 oameni care ast\u0103zi tr\u0103iesc mai greu, oameni care pl\u0103tesc taxe mai mari, \u00een timp ce pre\u021burile cresc de la o lun\u0103 la alta. C\u00e2nd peste 60% dintre rom\u00e2ni spun c\u0103 o duc mai greu, nu mai vorbim despre economie. Vorbim despre s\u0103r\u0103cie.\u201d<\/p>\n<\/blockquote>\n<div class=\"wp-block-image\">\n<figure class=\"alignleft is-resized\"><img loading=\"lazy\" decoding=\"async\" src=\"https:\/\/sansanews.ro\/wp-content\/uploads\/2026\/03\/657455002_1549032800559392_1600670930882117831_n-1024x709.jpg\" alt class=\"wp-image-118639\" width=\"363\" height=\"251\"><figcaption>Pre\u0219edintele PSD Buz\u0103u, Romeo Lungu, al\u0103turi de ministrul Energiei, Bogdan Ivan \u0219i primarul Br\u0103ilei, Marian Dragomir<\/figcaption><\/figure>\n<\/div>\n<p>Social-democratul critic\u0103 m\u0103surile luate de premierul Ilie Bolojan \u00een ultima perioad\u0103, despre care sus\u021bine c\u0103 au lovit direct \u00een oameni, care o duc din ce \u00een ce mai greu, dar \u0219i \u00een mediul de afaceri. Toate acestea, arat\u0103 Romeo Lungu, \u00een loc s\u0103 duc\u0103 la dezvoltare, afecteaz\u0103 grav economia \u021b\u0103rii.<\/p>\n<blockquote class=\"wp-block-quote\">\n<p>\u201cCre\u0219terea TVA \u0219i a accizelor a dus exact acolo unde PSD a avertizat: infla\u021bie, sc\u0103derea puterii de cump\u0103rare \u0219i blocaj economic. <\/p>\n<p>Oamenii consum\u0103 mai pu\u021bin, firmele sunt afectate, iar economia \u00eencetine\u0219te.<\/p>\n<p>\u00cen loc de dezvoltare, avem nesiguran\u021b\u0103. \u00cen loc de echilibru, avem presiune pe fiecare familie.<\/p>\n<p>Iar c\u00e2nd peste 80% dintre rom\u00e2ni spun c\u0103 direc\u021bia este gre\u0219it\u0103, r\u0103spunsul nu poate fi \u00eenc\u0103p\u0103\u021b\u00e2narea.\u201d<\/p>\n<\/blockquote>\n<p>\u00cen acest context, liderul PSD Buz\u0103u transmite c\u0103 nu mai e momentul pentru orgolii \u0219i c\u0103 ar trebui luate decizii \u201ecurajoase\u201d, chiar dac\u0103 asta \u00eenseamn\u0103 oprirea actualei guvern\u0103ri.<\/p>\n<blockquote class=\"wp-block-quote\">\n<p>\u201cResponsabilitatea nu \u00eenseamn\u0103 s\u0103 sus\u021bii o guvernare proast\u0103. Responsabilitatea \u00eenseamn\u0103 s\u0103 o opre\u0219ti \u0219i s\u0103 schimbi direc\u021bia.<\/p>\n<p>Rom\u00e2nia este deja \u00eentr-o situa\u021bie dificil\u0103. Tocmai de aceea este nevoie de decizii curajoase, nu de blocaje \u0219i orgolii.<\/p>\n<p>Un partid responsabil trebuie s\u0103 aib\u0103 curajul s\u0103 spun\u0103 lucrurilor pe nume \u0219i s\u0103 pun\u0103 cap\u0103t unei politici care a dus la sc\u0103derea nivelului de trai.\u201d<\/p>\n<\/blockquote>\n<div class=\"meta-tags\"><span>Etichete<\/span><a href=\"https:\/\/sansanews.ro\/tag\/deputatul-romeo-lungu\/\" rel=\"tag\">deputatul romeo lungu<\/a><a href=\"https:\/\/sansanews.ro\/tag\/guvernare\/\" rel=\"tag\">guvernare<\/a><a href=\"https:\/\/sansanews.ro\/tag\/intalnire-in-braila\/\" rel=\"tag\">\u00eent\u00e2lnire \u00een br\u0103ila<\/a><a href=\"https:\/\/sansanews.ro\/tag\/psd-buzau\/\" rel=\"tag\">psd buzau<\/a><\/div>\n<div class=\"herald-share-content\">\n<div class=\"meks_ess rectangle no-labels outline\"><a class=\"meks_ess-item socicon-facebook\" data-url=\"http:\/\/www.facebook.com\/sharer\/sharer.php?u=https%3A%2F%2Fsansanews.ro%2Fsocial-democratii-buzoieni-consultari-la-lacu-sarat-privind-iesirea-de-la-guvernare-a-iesit-fumul-alb%2F&amp;t=Social-democra%C8%9Bii%20buzoieni%2C%20consult%C4%83ri%20la%20Lacu%20S%C4%83rat%20privind%20ie%C8%99irea%20de%20la%20guvernare.%20A%20ie%C8%99it%20fumul%20alb%3F\"><span>Facebook<\/span><\/a><a href=\"https:\/\/api.whatsapp.com\/send?text=Social-democra%C8%9Bii%20buzoieni%2C%20consult%C4%83ri%20la%20Lacu%20S%C4%83rat%20privind%20ie%C8%99irea%20de%20la%20guvernare.%20A%20ie%C8%99it%20fumul%20alb%3F%20https%3A%2F%2Fsansanews.ro%2Fsocial-democratii-buzoieni-consultari-la-lacu-sarat-privind-iesirea-de-la-guvernare-a-iesit-fumul-alb%2F\" class=\"meks_ess-item socicon-whatsapp prevent-share-popup\"><span>WhatsApp<\/span><\/a><a class=\"meks_ess-item socicon-twitter\" data-url=\"http:\/\/twitter.com\/intent\/tweet?url=https%3A%2F%2Fsansanews.ro%2Fsocial-democratii-buzoieni-consultari-la-lacu-sarat-privind-iesirea-de-la-guvernare-a-iesit-fumul-alb%2F&amp;text=Social-democra%C8%9Bii%20buzoieni%2C%20consult%C4%83ri%20la%20Lacu%20S%C4%83rat%20privind%20ie%C8%99irea%20de%20la%20guvernare.%20A%20ie%C8%99it%20fumul%20alb%3F\"><span>Twitter<\/span><\/a><a class=\"meks_ess-item socicon-pinterest\" data-url=\"http:\/\/pinterest.com\/pin\/create\/button\/?url=https%3A%2F%2Fsansanews.ro%2Fsocial-democratii-buzoieni-consultari-la-lacu-sarat-privind-iesirea-de-la-guvernare-a-iesit-fumul-alb%2F&amp;media=https%3A%2F%2Fsansanews.ro%2Fwp-content%2Fuploads%2F2026%2F03%2F656759020_1549032767226062_8449284825093130823_n.jpg&amp;description=Social-democra%C8%9Bii%20buzoieni%2C%20consult%C4%83ri%20la%20Lacu%20S%C4%83rat%20privind%20ie%C8%99irea%20de%20la%20guvernare.%20A%20ie%C8%99it%20fumul%20alb%3F\"><span>Pinterest<\/span><\/a><\/div>\n<\/div>\n<\/div>\n<div class=\"entry-content herald-entry-content\">\n<p>Liderul PSD Buz\u0103u, deputatul Romeo Lungu, a fost prezent, \u00een weekend, la \u00eent\u00e2lnirea regional\u0103 a social-democra\u021bilor din Sud-Est, organizat\u0103 la Br\u0103ila, unde reprezentan\u021bii PSD au discutat despre actuala guvernare \u0219i ce trebuie f\u0103cut mai departe, dac\u0103 PSD trebuie s\u0103 r\u0103m\u00e2n\u0103 \u00een actuala coali\u021bie sau s\u0103 ias\u0103 de la guvernare.  Pre\u0219edintele social-democra\u021bilor buzoieni a fost \u00eenso\u021bit de \u0219efa  Organiza\u021biei de femei a PSD Buz\u0103u, Oana Gheorghiu, liderul TSD Buz\u0103u,  Costin Stanciu, dar \u0219i de deputatul PSD, Oana Matache. Din delega\u021bia de  la Buz\u0103u au lipsit, \u00eens\u0103, Marcel Ciolacu, pre\u0219edintele CJ Buz\u0103u, \u0219i  primarul Constantin Toma, liderul Organiza\u021biei Municipale a PSD Buz\u0103u. <\/p>\n<p>La Br\u0103ila, social-democra\u021bii din Buz\u0103u au fost prezen\u021bi al\u0103turi de colegii din celelalte jude\u021be din regiune, \u00eentr-o \u0219edin\u021b\u0103 \u00een care discu\u021biile au vizat problemele tot mai evidente din coali\u021bia de guvernare.\u00a0 De altfel, dup\u0103 cum a anun\u021bat liderul PSD Buz\u0103u, Romeo Lungu, la \u00a0reuniune s-au analizat trei variante de lucru:<\/p>\n<div class=\"wp-block-image\">\n<figure class=\"alignright is-resized\"><img loading=\"lazy\" decoding=\"async\" src=\"https:\/\/sansanews.ro\/wp-content\/uploads\/2026\/03\/656124367_1549032783892727_6290432569255797399_n-1024x683.jpg\" alt class=\"wp-image-118636\" width=\"319\" height=\"213\"><\/figure>\n<\/div>\n<blockquote class=\"wp-block-quote\">\n<p>\u201cPe mas\u0103 sunt trei op\u021biuni: continuarea guvern\u0103rii \u00een actualele condi\u021bii, marcate de blocaje \u0219i o comunicare tot mai dificil\u0103, ie\u0219irea de la guvernare sau continuarea \u00eentr-o formul\u0103 \u00een care exist\u0103 un nou prim-ministru \u0219i respect real \u00eentre partenerii de coali\u021bie.<\/p>\n<p>Pentru c\u0103 realitatea nu mai poate fi ignorat\u0103.<\/p>\n<p>Politica lui Bolojan a e\u0219uat. Rom\u00e2nia nu este un tabel de contabilitate, iar rom\u00e2nii nu sunt cifre. Rom\u00e2nia \u00eenseamn\u0103 oameni care ast\u0103zi tr\u0103iesc mai greu, oameni care pl\u0103tesc taxe mai mari, \u00een timp ce pre\u021burile cresc de la o lun\u0103 la alta. C\u00e2nd peste 60% dintre rom\u00e2ni spun c\u0103 o duc mai greu, nu mai vorbim despre economie. Vorbim despre s\u0103r\u0103cie.\u201d<\/p>\n<\/blockquote>\n<div class=\"wp-block-image\">\n<figure class=\"alignleft is-resized\"><img loading=\"lazy\" decoding=\"async\" src=\"https:\/\/sansanews.ro\/wp-content\/uploads\/2026\/03\/657455002_1549032800559392_1600670930882117831_n-1024x709.jpg\" alt class=\"wp-image-118639\" width=\"363\" height=\"251\"><figcaption>Pre\u0219edintele PSD Buz\u0103u, Romeo Lungu, al\u0103turi de ministrul Energiei, Bogdan Ivan \u0219i primarul Br\u0103ilei, Marian Dragomir<\/figcaption><\/figure>\n<\/div>\n<p>Social-democratul critic\u0103 m\u0103surile luate de premierul Ilie Bolojan \u00een ultima perioad\u0103, despre care sus\u021bine c\u0103 au lovit direct \u00een oameni, care o duc din ce \u00een ce mai greu, dar \u0219i \u00een mediul de afaceri. Toate acestea, arat\u0103 Romeo Lungu, \u00een loc s\u0103 duc\u0103 la dezvoltare, afecteaz\u0103 grav economia \u021b\u0103rii.<\/p>\n<blockquote class=\"wp-block-quote\">\n<p>\u201cCre\u0219terea TVA \u0219i a accizelor a dus exact acolo unde PSD a avertizat: infla\u021bie, sc\u0103derea puterii de cump\u0103rare \u0219i blocaj economic. <\/p>\n<p>Oamenii consum\u0103 mai pu\u021bin, firmele sunt afectate, iar economia \u00eencetine\u0219te.<\/p>\n<p>\u00cen loc de dezvoltare, avem nesiguran\u021b\u0103. \u00cen loc de echilibru, avem presiune pe fiecare familie.<\/p>\n<p>Iar c\u00e2nd peste 80% dintre rom\u00e2ni spun c\u0103 direc\u021bia este gre\u0219it\u0103, r\u0103spunsul nu poate fi \u00eenc\u0103p\u0103\u021b\u00e2narea.\u201d<\/p>\n<\/blockquote>\n<p>\u00cen acest context, liderul PSD Buz\u0103u transmite c\u0103 nu mai e momentul pentru orgolii \u0219i c\u0103 ar trebui luate decizii \u201ecurajoase\u201d, chiar dac\u0103 asta \u00eenseamn\u0103 oprirea actualei guvern\u0103ri.<\/p>\n<blockquote class=\"wp-block-quote\">\n<p>\u201cResponsabilitatea nu \u00eenseamn\u0103 s\u0103 sus\u021bii o guvernare proast\u0103. Responsabilitatea \u00eenseamn\u0103 s\u0103 o opre\u0219ti \u0219i s\u0103 schimbi direc\u021bia.<\/p>\n<p>Rom\u00e2nia este deja \u00eentr-o situa\u021bie dificil\u0103. Tocmai de aceea este nevoie de decizii curajoase, nu de blocaje \u0219i orgolii.<\/p>\n<p>Un partid responsabil trebuie s\u0103 aib\u0103 curajul s\u0103 spun\u0103 lucrurilor pe nume \u0219i s\u0103 pun\u0103 cap\u0103t unei politici care a dus la sc\u0103derea nivelului de trai.\u201d<\/p>\n<\/blockquote>\n<div class=\"meta-tags\"><span>Etichete<\/span><a href=\"https:\/\/sansanews.ro\/tag\/deputatul-romeo-lungu\/\" rel=\"tag\">deputatul romeo lungu<\/a><a href=\"https:\/\/sansanews.ro\/tag\/guvernare\/\" rel=\"tag\">guvernare<\/a><a href=\"https:\/\/sansanews.ro\/tag\/intalnire-in-braila\/\" rel=\"tag\">\u00eent\u00e2lnire \u00een br\u0103ila<\/a><a href=\"https:\/\/sansanews.ro\/tag\/psd-buzau\/\" rel=\"tag\">psd buzau<\/a><\/div>\n<div class=\"herald-share-content\">\n<div class=\"meks_ess rectangle no-labels outline\"><a class=\"meks_ess-item socicon-facebook\" data-url=\"http:\/\/www.facebook.com\/sharer\/sharer.php?u=https%3A%2F%2Fsansanews.ro%2Fsocial-democratii-buzoieni-consultari-la-lacu-sarat-privind-iesirea-de-la-guvernare-a-iesit-fumul-alb%2F&amp;t=Social-democra%C8%9Bii%20buzoieni%2C%20consult%C4%83ri%20la%20Lacu%20S%C4%83rat%20privind%20ie%C8%99irea%20de%20la%20guvernare.%20A%20ie%C8%99it%20fumul%20alb%3F\"><span>Facebook<\/span><\/a><a href=\"https:\/\/api.whatsapp.com\/send?text=Social-democra%C8%9Bii%20buzoieni%2C%20consult%C4%83ri%20la%20Lacu%20S%C4%83rat%20privind%20ie%C8%99irea%20de%20la%20guvernare.%20A%20ie%C8%99it%20fumul%20alb%3F%20https%3A%2F%2Fsansanews.ro%2Fsocial-democratii-buzoieni-consultari-la-lacu-sarat-privind-iesirea-de-la-guvernare-a-iesit-fumul-alb%2F\" class=\"meks_ess-item socicon-whatsapp prevent-share-popup\"><span>WhatsApp<\/span><\/a><a class=\"meks_ess-item socicon-twitter\" data-url=\"http:\/\/twitter.com\/intent\/tweet?url=https%3A%2F%2Fsansanews.ro%2Fsocial-democratii-buzoieni-consultari-la-lacu-sarat-privind-iesirea-de-la-guvernare-a-iesit-fumul-alb%2F&amp;text=Social-democra%C8%9Bii%20buzoieni%2C%20consult%C4%83ri%20la%20Lacu%20S%C4%83rat%20privind%20ie%C8%99irea%20de%20la%20guvernare.%20A%20ie%C8%99it%20fumul%20alb%3F\"><span>Twitter<\/span><\/a><a class=\"meks_ess-item socicon-pinterest\" data-url=\"http:\/\/pinterest.com\/pin\/create\/button\/?url=https%3A%2F%2Fsansanews.ro%2Fsocial-democratii-buzoieni-consultari-la-lacu-sarat-privind-iesirea-de-la-guvernare-a-iesit-fumul-alb%2F&amp;media=https%3A%2F%2Fsansanews.ro%2Fwp-content%2Fuploads%2F2026%2F03%2F656759020_1549032767226062_8449284825093130823_n.jpg&amp;description=Social-democra%C8%9Bii%20buzoieni%2C%20consult%C4%83ri%20la%20Lacu%20S%C4%83rat%20privind%20ie%C8%99irea%20de%20la%20guvernare.%20A%20ie%C8%99it%20fumul%20alb%3F\"><span>Pinterest<\/span><\/a><\/div>\n<\/div>\n<\/div>\n<p>[analyse_source url=&#8221;https:\/\/sansanews.ro\/social-democratii-buzoieni-consultari-la-lacu-sarat-privind-iesirea-de-la-guvernare-a-iesit-fumul-alb\/&#8221;]<\/p>\n","protected":false},"excerpt":{"rendered":"<p>[analyse_image type=&#8221;featured&#8221; src=&#8221;https:\/\/sansanews.ro\/wp-content\/uploads\/2026\/03\/656759020_1549032767226062_8449284825093130823_n.jpghttps:\/\/sansanews.ro\/wp-content\/uploads\/2026\/03\/656759020_1549032767226062_8449284825093130823_n.jpg&#8221;] Liderul PSD Buz\u0103u, deputatul Romeo Lungu, a fost prezent, \u00een weekend, la \u00eent\u00e2lnirea regional\u0103 a social-democra\u021bilor din Sud-Est, organizat\u0103 la Br\u0103ila, unde reprezentan\u021bii PSD au discutat despre actuala guvernare \u0219i ce trebuie f\u0103cut mai departe, dac\u0103 PSD trebuie s\u0103 r\u0103m\u00e2n\u0103 \u00een actuala coali\u021bie sau s\u0103 ias\u0103 de la guvernare. Pre\u0219edintele social-democra\u021bilor buzoieni [&hellip;]<\/p>\n","protected":false},"author":1,"featured_media":0,"comment_status":"open","ping_status":"","sticky":false,"template":"","format":"standard","meta":{"footnotes":""},"categories":[2],"tags":[226,51],"class_list":["post-1855288","post","type-post","status-publish","format-standard","hentry","category-politics","tag-crawlmanager","tag-sansanews-ro"],"_links":{"self":[{"href":"https:\/\/analyse.optim.biz\/index.php?rest_route=\/wp\/v2\/posts\/1855288","targetHints":{"allow":["GET"]}}],"collection":[{"href":"https:\/\/analyse.optim.biz\/index.php?rest_route=\/wp\/v2\/posts"}],"about":[{"href":"https:\/\/analyse.optim.biz\/index.php?rest_route=\/wp\/v2\/types\/post"}],"author":[{"embeddable":true,"href":"https:\/\/analyse.optim.biz\/index.php?rest_route=\/wp\/v2\/users\/1"}],"replies":[{"embeddable":true,"href":"https:\/\/analyse.optim.biz\/index.php?rest_route=%2Fwp%2Fv2%2Fcomments&post=1855288"}],"version-history":[{"count":0,"href":"https:\/\/analyse.optim.biz\/index.php?rest_route=\/wp\/v2\/posts\/1855288\/revisions"}],"wp:attachment":[{"href":"https:\/\/analyse.optim.biz\/index.php?rest_route=%2Fwp%2Fv2%2Fmedia&parent=1855288"}],"wp:term":[{"taxonomy":"category","embeddable":true,"href":"https:\/\/analyse.optim.biz\/index.php?rest_route=%2Fwp%2Fv2%2Fcategories&post=1855288"},{"taxonomy":"post_tag","embeddable":true,"href":"https:\/\/analyse.optim.biz\/index.php?rest_route=%2Fwp%2Fv2%2Ftags&post=1855288"}],"curies":[{"name":"wp","href":"https:\/\/api.w.org\/{rel}","templated":true}]}}