{"id":1855256,"date":"2026-03-29T20:05:05","date_gmt":"2026-03-29T17:05:05","guid":{"rendered":"https:\/\/analyse.optim.biz\/?p=1855256"},"modified":"2026-03-29T20:05:05","modified_gmt":"2026-03-29T17:05:05","slug":"bradyn-lange-and-larissa-hartog-claim-victories-at-the-hills-gravel","status":"publish","type":"post","link":"https:\/\/analyse.optim.biz\/?p=1855256","title":{"rendered":"Bradyn Lange and Larissa Hartog claim victories at The Hills Gravel"},"content":{"rendered":"<p>[analyse_image type=&#8221;featured&#8221; src=&#8221;https:\/\/cdn.mos.cms.futurecdn.net\/wt2YKRiBZcg73oAhBrsDke-1667-80.jpg&#8221;]<\/p>\n<p><article class=\"page-content-onecol flex-1\nnews-article article\n\"><\/p>\n<div class=\"widget-area-group widget-area-group-2col flex flex-wrap box-border\">\n<div id=\"widgetArea16\" class=\"widget-area basis-full md:basis-2\/3 widget-area-g-md-vp-2-3 widget-area-g-lg-vp-2-3 widget-area-g-xl-vp-2-3 page-widget-area-16\">\n<div data-widget-type=\"hero\" id=\"hero\" class=\"clear-both widget widget-hero widget-hero widget-hero-hero widget-hero widget-hero-fter-news\">\n<div class=\"clear-both widget-header\">\n<\/div>\n<div class=\"news-article\">\n<header data-component-name=\"Article:Hero\">\n<nav class=\"breadcrumb\" aria-label=\"Breadcrumbs\">\n<ol>\n<li>\nPro Cycling\n<\/li>\n<li>\nRacing\n<\/li>\n<li>\nWomen&#8217;s Cycling\n<\/li>\n<li>\nGravel\n<\/li>\n<li>\nGravel Earth Series\n<\/li>\n<\/ol>\n<\/nav>\n<h1>Bradyn Lange and Larissa Hartog claim victories at The Hills Gravel<\/h1>\n<div class=\"kiosq-metered-message-content\">\n<p id=\"kiosq-metered-message\" class=\"kiosq-metered-message\">\n<\/div>\n<div class=\"byline-social\">\n<div class=\"byline\">\nRace Results<\/p>\n<div class=\"text-[13px]\">\n<span><br \/>\nBy<br \/>\nKirsten Frattini <\/span><br \/>\n<span><br \/>\npublished<br \/>\n<time data-component-name=\"UI:DateTime\" datetime=\"2026-03-29T20:05:05Z\" class=\"relative-date\"><br \/>\n29 March 2026<br \/>\n<\/time><br \/>\n<\/span>\n<\/div>\n<\/div>\n<p class=\"strapline\">Back-to-back victories for Canyon x DT Swiss All-Terrain Racing in Italy<\/p>\n<\/div>\n<aside class=\"mx-auto mb-4 flex items-center justify-start mx-0 my-5 p-0\" id=\"affiliate-disclaimer\" data-component-name=\"AffiliateDisclaimer\" data-hawk-message=\"Affiliate disclaimer removed because hawk deemed there are no affiliate links on this page\">\n<p class=\"text-700 mb-2 text-[12px] leading-[18px] md:text-[13px] [&amp;&gt;a]:text-gray-700 [&amp;&gt;a]:underline\">\nWhen you purchase through links on our site, we may earn an affiliate commission. Here\u2019s how it works.\n<\/p>\n<\/aside>\n<\/header>\n<\/div>\n<\/div>\n<div data-widget-type=\"contentparsed\" id=\"content\" class=\"clear-both widget widget-contentparsed widget-content widget-contentparsed-content widget-content-parsed widget-content-parsed-content_document \">\n<div class=\"wcp-item-content\">\n<section class=\"content-wrapper\">\n<div class=\"box less-space hero-image-wrapper\">\n<figure class=\"mb-0\">\n<p><img decoding=\"async\" src=\"https:\/\/cdn.mos.cms.futurecdn.net\/wt2YKRiBZcg73oAhBrsDke.jpg\" alt=\"Bradyn Lange wins Lake Sonoma MTB 2025\" class=\"block-image-ads hero-image absolute top-0 left-0 w-full h-full object-center\" data-component-name=\"Image\"><figcaption class=\"mt-2\"> <span class=\"caption-text\">Bradyn Lange<\/span><br \/>\n<span class=\"credit\">(Image credit: @b.tuckerpics \/ Grasshopper Series 2025)<\/span><br \/>\n<\/figcaption><\/figure>\n<\/div>\n<div data-component-name=\"Article:JumpTo\" class=\"contents\" data-only-inline=\"1\">\n<div class=\"visible flex flex-row flex-nowrap sticky max-lg:-ml-5 top-[60px] sm:top-0 z-[9994] w-screen lg:w-full h-[50px] bg-white p-0 mb-5 border-neutral-200 border border-solid\" data-component-name=\"Article:JumpTo:Variants:Inline\" data-analytics-id=\"sticky-nav\" id=\"sticky-nav--inline\" data-mrf-recirculation=\"sticky-nav\">\n<div class=\"flex flex-row w-full h-full overflow-x-scroll overflow-y-hidden tracking-normal overscroll-x-contain\" id=\"sticky-nav__scroll-container\">\n<span class=\"pl-4 my-auto text-base font-semibold font-article-heading lg:pl-3 lg:text-sm whitespace-nowrap uppercase\">Jump to:<\/span><\/p>\n<ul class=\"flex flex-row w-auto border-y-0\">\n<li class=\"inline-flex after:content-[''] after:inline-block after:relative after:h-3\/6 after:w-px after:bg-neutral-200 after:top-1\/4\nborder-b-[3px] border-b-[var(--jumpto-underline-color)] border-solid font-semibold \" data-component-name=\"Article:JumpTo:Inline:Link\">\n<p>Results<\/p>\n<\/li>\n<\/ul>\n<\/div>\n<\/div>\n<\/div>\n<div id=\"article-body\" class=\"text-copy bodyCopy auto paywall-locker\">\n<div data-analytics-id=\"utility-bar\" id=\"utility-bar\" class=\"font-ui-heading flex justify-between items-center py-2 border-t border-b border-gray-300 border-solid mb-5 mx-auto\" data-component-name=\"UtilityBar\" data-mrf-recirculation=\"utility-bar\">\n<div class=\"flex gap-2 text-[#333] subcontainer\">\n<div class=\"relative tooltip-container\" role=\"tooltip\">\n<div data-component-name=\"Social:Dropdown\" role=\"menu\" id=\"utilitybar__dropdown--share\" aria-labelledby=\"utilitybar__button--share\" class=\"absolute left-0 top-full w-44 bg-white rounded-md shadow-md border border-neutral-200 z-[9996] list-none m-0 py-2 px-3 border-solid\">\n<ul class=\"!m-0\">\n<li class=\"!p-0 !m-0 list-none border-b border-gray-200 border-solid\">\n<\/li>\n<li class=\"!p-0 !m-0 list-none border-b border-gray-200 border-solid\">\n<p>Facebook<\/p>\n<\/li>\n<li class=\"!p-0 !m-0 list-none border-b border-gray-200 border-solid\">\n<p>X<\/p>\n<\/li>\n<li class=\"!p-0 !m-0 list-none border-b border-gray-200 border-solid\">\n<p>Pinterest<\/p>\n<\/li>\n<li class=\"!p-0 !m-0 list-none border-b border-gray-200 border-solid\">\n<p>Email<\/p>\n<\/li>\n<\/ul>\n<\/div>\n<div class=\"font-ui-heading max-sm:hidden tooltip absolute left-1\/2 bg-gray-900 text-white text-xs leading-none px-3 py-1.5 rounded-md z-[10001] whitespace-nowrap\" id=\"tooltip-share-this-article\" role=\"tooltip\" aria-hidden=\"true\">\nShare this article\n<\/div>\n<\/div>\n<div class=\"relative tooltip-container\" role=\"tooltip\">\n<p><span class=\"ml-1 inline-flex h-5 px-2 shrink-0 items-center justify-center self-center overflow-hidden whitespace-nowrap rounded-[10px] bg-primary-500 text-[11px] leading-none font-ui-heading font-semibold text-white\"><br \/>\n<span>0<\/span><br \/>\n<span><\/span><br \/>\n<\/span><\/p>\n<div class=\"font-ui-heading max-sm:hidden tooltip absolute left-1\/2 bg-gray-900 text-white text-xs leading-none px-3 py-1.5 rounded-md z-[10001] whitespace-nowrap\" id=\"tooltip-join-the-conversation\" role=\"tooltip\" aria-hidden=\"true\">\nJoin the conversation\n<\/div>\n<\/div>\n<\/div>\n<div class=\"flex gap-2 text-[#333] subcontainer\">\n<div class=\"relative tooltip-container\" role=\"tooltip\">\n<p>Follow us<\/p>\n<div class=\"font-ui-heading max-sm:hidden tooltip absolute left-1\/2 bg-gray-900 text-white text-xs leading-none px-3 py-1.5 rounded-md z-[10001] whitespace-nowrap\" id=\"tooltip-add-us-as-a-preferred-source-on-google\" role=\"tooltip\" aria-hidden=\"true\">\nAdd us as a preferred source on Google\n<\/div>\n<\/div>\n<div class=\"relative tooltip-container\" role=\"tooltip\">\n<div role=\"dialog\" class=\"hidden fixed inset-0 z-[999999999999999999] bg-[#33333370] flex items-center justify-center p-6 newsletter-modal\" data-batch-endpoint=\"https:\/\/newsletter-subscribe.futureplc.com\/v2\/submission\/submit_batch\" data-batch-source=\"302\" data-component-name=\"Newsletter:Modal\">\n<div class=\"bg-neutral-100 rounded-xl shadow-xl w-full lg:w-2\/3 xl:w-1\/2 p-6 relative max-h-[95vh] overflow-y-auto\">\n<aside class=\"[&amp;&gt;svg]:max-h-10 [&amp;&gt;svg]:w-auto [&amp;&gt;svg]:h-full my-4\">\n<\/aside>\n<div id=\"newsletter-capture-modal\">\n<div class=\"sm:text-xl text-base font-bold text-black mb-3 p-0 bg-inherit font-ui-heading\">Get The Leadout Newsletter<\/div>\n<p class=\"text-gray-600 mb-4 text-sm sm:text-base font-article-copy\">The latest race content, interviews, features, reviews and expert buying guides, direct to your inbox!<\/p>\n<div data-component-name=\"Newsletter:NewsletterForm\">\n<div class=\"grid grid-cols-1 sm:grid-cols-10\">\n<\/div>\n<div role=\"status\" aria-live=\"polite\" class=\"grid min-h-[140px] w-full place-items-center rounded-lg p-6 mb-4\">\n<\/div>\n<p><span role=\"alert\" aria-live=\"assertive\"><\/span><\/p>\n<hr class=\"modal_hr mt-3 mb-4 h-px bg-gray-300 border-0\">\n<div class=\"modal_footer block text-left opacity-80 text-[.8em] leading-[1.3em] mt-2 [&amp;&gt;a]:underline font-article-copy\">\nBy submitting your information you agree to the Terms &amp; Conditions and Privacy Policy and are aged 16 or over.\n<\/div>\n<\/div>\n<\/div>\n<div id=\"newsletter-modal-confirmation\" class=\"hidden\">\n<p class=\"sm:text-xl text-base font-bold text-black mb-3 p-0\">You are now subscribed<\/p>\n<p class=\"text-gray-600 mb-4 text-sm sm:text-base\">Your newsletter sign-up was successful<\/p>\n<div id=\"newsletter-modal-confirmation__userlogin\" class=\"hidden\">\n<hr class=\"my-5 h-px bg-gray-300 border-0\">\n<div class=\"items-start flex flex-col h-full justify-between\">\n<div class=\"flcw-text pb-5 pt-2 leading-[1.3]\"> An account already exists for this email address, please log in.<\/div>\n<\/div>\n<\/div>\n<\/div>\n<\/div>\n<\/div>\n<div class=\"font-ui-heading max-sm:hidden tooltip absolute left-1\/2 bg-gray-900 text-white text-xs leading-none px-3 py-1.5 rounded-md z-[10001] whitespace-nowrap\" id=\"tooltip-subscribe-to-our-newsletter\" role=\"tooltip\" aria-hidden=\"true\">\nSubscribe to our newsletter\n<\/div>\n<\/div>\n<\/div>\n<\/div>\n<p id=\"elk-a4935d23-0634-4a08-9e0c-17513a46c906\">Canyon x DT Swiss All-Terrain Racing riders Larissa Hartog and Bradyn Lange claimed respective solo victories in the elite women&#8217;s and elite men&#8217;s categories at The Hills Gravel, the second round of the Gravel Earth Series held in Susegana (Treviso), Italy.<\/p>\n<div id=\"ad-unit-1\" class=\"ad-unit\"><\/div>\n<p>The races covered 124km and wound through the scenic Prosecco vineyards, featuring 1,915 metres of elevation gain<\/p>\n<p><a id=\"elk-seasonal\"><\/a><\/p>\n<aside data-block-type=\"embed\" data-render-type=\"fte\" data-skip=\"dealsy\" data-widget-type=\"seasonal\" class=\"hawk-root\"><\/aside>\n<p id=\"elk-a4935d23-0634-4a08-9e0c-17513a46c906-2\">In the women&#8217;s race, Hartog, from the Netherlands, crossed the line with a winning time of 5:01:45, which was 1:42 ahead of European Champion from Italy Erica Magnaldi (UAE Team ADQ), while Switzerland\u2019s Elena Hartmann completed the podium in third place on the day at 1:48 back..<\/p>\n<p><span class=\"article-continues-below block py-2 text-sm\">Article continues below <\/span><\/p>\n<div id=\"mid-article-leaderboard\" class=\"ad-unit sm:hidden block\"><\/div>\n<div class=\"van_vid_carousel\">\n<div class=\"van_vid_carousel__padding\">\n<div class=\"van_vid_carousel__container\">\n<div class=\"jw-carousel-signposting\"><span class=\"jw-carousel-signposting__title\"><\/span><\/div>\n<\/div>\n<\/div>\n<\/div>\n<aside data-component-name=\"Recirculation:ArticleRiver\" data-recirculation-type=\"inline\" data-mrf-recirculation=\"Trending Bar\" data-nosnippet class=\"clear-both pb-0 pt-2 mb-4\">\n        <span class=\"\n            flex\n            after:content-[''] after:flex-1 after:ml-4 after:my-[0.7rem] after:border-t after:border-solid after:border-t-[#ccc]\n            before:content-[''] before:flex-1 before:mr-4 before:my-[0.7rem] before:border-t before:border-solid before:border-t-[#ccc]\n            font-article-heading pb-0 !text-base uppercase sm:text-sm font-bold\n        \"><br \/>\n            You may like<br \/>\n        <\/span><\/p>\n<ul class=\"flex flex-col gap-0 m-0\">\n<li class=\"m-0 list-none border-b border-solid border-[#ededed] py-2\" data-recirculation-id=\"recirculation-card-1\" data-analytics-id=\"recirculation-inline-1\" data-mrf-recirculation=\"recirculation-inline-1\">\n<p>    <img decoding=\"async\" src=\"https:\/\/cdn.mos.cms.futurecdn.net\/ESxGsguX7eAo7mkQAqqH5V.jpg\" alt=\"Carolin Schiff will be part of Canyon x DT Swiss All-Terrain Racing in 2026, a new 13-rider off-road squad\" loading=\"lazy\" class=\"aspect-square size-[75px] object-cover flex-shrink-0 rounded-lg\"><\/p>\n<p>                        <span class=\"\n                            w-full font-article-heading line-clamp-3 md:line-clamp-2 text-base font-medium\">Former Unbound Gravel winner Carolin Schiff returns from health issues with new 13-rider Canyon x DT Swiss All-Terrain Racing team<\/span><\/p>\n<\/li>\n<li class=\"m-0 list-none border-b border-solid border-[#ededed] py-2\" data-recirculation-id=\"recirculation-card-2\" data-analytics-id=\"recirculation-inline-2\" data-mrf-recirculation=\"recirculation-inline-2\">\n<p>    <img decoding=\"async\" src=\"https:\/\/cdn.mos.cms.futurecdn.net\/UgUkn5FySF3DNhE7vYpMyN.jpg\" alt=\"Romain Bardet claims the elite men&amp;#039;s win at RADL GRVL presented by Quad Lock 2026\" loading=\"lazy\" class=\"aspect-square size-[75px] object-cover flex-shrink-0 rounded-lg\"><\/p>\n<p>                        <span class=\"\n                            w-full font-article-heading line-clamp-3 md:line-clamp-2 text-base font-medium\">Nicole Frain sweeps RADL GRVL and first-ever Oceania Gravel Championship for elite women while Romain Bardet earns gravel race victory for elite men<\/span><\/p>\n<\/li>\n<li class=\"m-0 list-none border-b border-solid border-[#ccc] py-2\" data-recirculation-id=\"recirculation-card-3\" data-analytics-id=\"recirculation-inline-3\" data-mrf-recirculation=\"recirculation-inline-3\">\n<p>    <img decoding=\"async\" src=\"https:\/\/cdn.mos.cms.futurecdn.net\/UUywAkmkw4DmdVZUfhdXS8.jpg\" alt=\"Out on the course of the Ceder in 2025\" loading=\"lazy\" class=\"aspect-square size-[75px] object-cover flex-shrink-0 rounded-lg\"><\/p>\n<p>                        <span class=\"\n                            w-full font-article-heading line-clamp-3 md:line-clamp-2 text-base font-medium\">UCI Gravel World Series: Hayley Preen attacks on Uitkyk Pass to claim win at The Ceder while Filippo Colombo scores maiden gravel victory<\/span><\/p>\n<\/li>\n<\/ul>\n<\/aside>\n<p>&#8220;Following an incredible win earlier, Larissa Hartog ran away with it in the women\u2019s race \u2013 making it two from two today for Canyon x DT Swiss All-Terrain Racing. What a statement,&#8221; her team posted to Instagram after the race.<\/p>\n<div id=\"ad-unit-2\" class=\"ad-unit\"><\/div>\n<p>In the elite men&#8217;s race held earlier that day, Hartog&#8217;s teammate Lange, from the USA, took the victory after a 40km solo breakaway, crossing the line with a winning time of 4:21:10, which was 11 seconds ahead of runner-up Czech Petr Vakoc (SK Velo Praha) and 33 seconds ahead of third-placed C\u00e9lestin Guillon (Gravel Nation).<\/p>\n<p>&#8220;After a gutsy 40km solo breakaway, Bradyn Lange, takes the win at The Hills Gravel \u2013 securing our first ever victory. A huge ride for a huge moment,&#8221; his team Canyon x DT Swiss All-Terrain Racing posted to Instagram on Saturday.<\/p>\n<div class=\"instagram-embed\" id=\"elk-DWbZJEKIvIJ\">\n<blockquote class=\"instagram-media\" data-instgrm-captioned data-instgrm-version=\"6\">\n<p>A post shared by Canyon x DT Swiss All-Terrain Racing (@canyon_atr)<\/p>\n<p>A photo posted by on <\/p>\n<\/blockquote>\n<\/div>\n<div class=\"instagram-embed\" id=\"elk-DWbjD2ToHo9\">\n<blockquote class=\"instagram-media\" data-instgrm-captioned data-instgrm-version=\"6\">\n<p>A post shared by Canyon x DT Swiss All-Terrain Racing (@canyon_atr)<\/p>\n<p>A photo posted by on <\/p>\n<\/blockquote>\n<\/div>\n<p><a id=\"elk-results\" class=\"paywall\" aria-hidden=\"true\"><\/a><\/p>\n<h3 class=\"article-body__section\" id=\"section-results\"><span>Results<\/span><\/h3>\n<div id=\"slice-container-table-TCqVzYft4WpfGKo9fZ7j6b-GjC3MB639FClz5CJzxoMb9Gs5EhmEwco\" class=\"slice-container table-wrapper table-TCqVzYft4WpfGKo9fZ7j6b-GjC3MB639FClz5CJzxoMb9Gs5EhmEwco slice-container-table\">\n<div class=\"table__instruction\">Swipe to scroll horizontally<\/div>\n<div class=\"table__container\">\n<table class=\"table__wrapper table__wrapper--inbodyContent table__wrapper--sticky table__wrapper--divider\">\n<caption class=\"table__caption table__caption--top table__caption--left\">Elite Women<\/caption>\n<tbody class=\"table__body\">\n<tr class=\"table__body__row\">\n<td class=\"table_body__data\" colspan=\"1\">\n<p>Position<\/p>\n<\/td>\n<td class=\"table_body__data\" colspan=\"1\">\n<p>Name (country)<\/p>\n<\/td>\n<td class=\"table_body__data\" colspan=\"1\">\n<p>Time<\/p>\n<\/td>\n<\/tr>\n<tr class=\"table__body__row\">\n<td class=\"table_body__data\" colspan=\"1\">\n<p>1<\/p>\n<\/td>\n<td class=\"table_body__data\" colspan=\"1\">\n<p>Larissa Hartog (Netherlands)<\/p>\n<\/td>\n<td class=\"table_body__data\" colspan=\"1\">\n<p>5:01:45<\/p>\n<\/td>\n<\/tr>\n<tr class=\"table__body__row\">\n<td class=\"table_body__data\" colspan=\"1\">\n<p>2<\/p>\n<\/td>\n<td class=\"table_body__data\" colspan=\"1\">\n<p>Erica Magnaldi (Italy)<\/p>\n<\/td>\n<td class=\"table_body__data\" colspan=\"1\">\n<p>0:01:42<\/p>\n<\/td>\n<\/tr>\n<tr class=\"table__body__row\">\n<td class=\"table_body__data\" colspan=\"1\">\n<p>3<\/p>\n<\/td>\n<td class=\"table_body__data\" colspan=\"1\">\n<p>Elena Hartmann (Switzerland)<\/p>\n<\/td>\n<td class=\"table_body__data\" colspan=\"1\">\n<p>0:01:48<\/p>\n<\/td>\n<\/tr>\n<\/tbody>\n<\/table>\n<\/div>\n<\/div>\n<div id=\"slice-container-table-TCqVzYft4WpfGKo9fZ7j6b-fGo0wI7FgX2eNASUs4x6ZgUGz6aksLTJ\" class=\"slice-container table-wrapper table-TCqVzYft4WpfGKo9fZ7j6b-fGo0wI7FgX2eNASUs4x6ZgUGz6aksLTJ slice-container-table\">\n<div class=\"table__instruction\">Swipe to scroll horizontally<\/div>\n<div class=\"table__container\">\n<table class=\"table__wrapper table__wrapper--inbodyContent table__wrapper--sticky table__wrapper--divider\">\n<caption class=\"table__caption table__caption--top table__caption--left\">Elite Men<\/caption>\n<tbody class=\"table__body\">\n<tr class=\"table__body__row\">\n<td class=\"table_body__data\" colspan=\"1\">\n<p>Position<\/p>\n<\/td>\n<td class=\"table_body__data\" colspan=\"1\">\n<p>Name (country)<\/p>\n<\/td>\n<td class=\"table_body__data\" colspan=\"1\">\n<p>Time<\/p>\n<\/td>\n<\/tr>\n<tr class=\"table__body__row\">\n<td class=\"table_body__data\" colspan=\"1\">\n<p>1<\/p>\n<\/td>\n<td class=\"table_body__data\" colspan=\"1\">\n<p>Bradyn Lange (USA)<\/p>\n<\/td>\n<td class=\"table_body__data\" colspan=\"1\">\n<p>4:21:10<\/p>\n<\/td>\n<\/tr>\n<tr class=\"table__body__row\">\n<td class=\"table_body__data\" colspan=\"1\">\n<p>2<\/p>\n<\/td>\n<td class=\"table_body__data\" colspan=\"1\">\n<p>Petr Vakoc (Czech Republic)\u00a0<\/p>\n<\/td>\n<td class=\"table_body__data\" colspan=\"1\">\n<p>0:00:11<\/p>\n<\/td>\n<\/tr>\n<tr class=\"table__body__row\">\n<td class=\"table_body__data\" colspan=\"1\">\n<p>3<\/p>\n<\/td>\n<td class=\"table_body__data\" colspan=\"1\">\n<p>C\u00e9lestin Guillon (France)<\/p>\n<\/td>\n<td class=\"table_body__data\" colspan=\"1\">\n<p>0:00:33<\/p>\n<\/td>\n<\/tr>\n<\/tbody>\n<\/table>\n<\/div>\n<\/div>\n<div id=\"slice-container-newsletterForm-articleInbodyContent-TCqVzYft4WpfGKo9fZ7j6b\" class=\"slice-container newsletter-inbodyContent-slice newsletterForm-articleInbodyContent-TCqVzYft4WpfGKo9fZ7j6b slice-container-newsletterForm\">\n<div data-hydrate=\"true\" class=\"newsletter-form__wrapper newsletter-form__wrapper--inbodyContent\">\n<div class=\"newsletter-form__container\">\n<section class=\"newsletter-form__top-bar\">\n<div class=\"newsletter-form__header\">Get The Leadout Newsletter<\/div>\n<\/section>\n<section class=\"newsletter-form__main-section\">\n<p class=\"newsletter-form__strapline\">The latest race content, interviews, features, reviews and expert buying guides, direct to your inbox!<\/p>\n<footer class=\"newsletter-form__footer \">By submitting your information you agree to the Terms &amp; Conditions and Privacy Policy and are aged 16 or over.<\/footer>\n<\/section>\n<\/div>\n<\/div>\n<\/div>\n<\/div>\n<div id=\"kiosq-app-paywall-js\"><\/div>\n<div id=\"this-will-be-used-for-mpu-2\"><\/div>\n<div id=\"slice-container-authorBio-TCqVzYft4WpfGKo9fZ7j6b\" class=\"slice-container slice-author-bio authorBio-TCqVzYft4WpfGKo9fZ7j6b slice-container-authorBio\">\n<div class=\"author author__default-layout author--separator author--collapsible\" data-hydrate=\"true\">\n<div class=\"author__header\">\n<div class=\"author__avatar-block\">\n<figure class=\"image-wrapped__wrapper\" data-bordeaux-image-check=\"false\">\n<div class=\"image-wrapped__widthsetter\">\n<div class=\"image-wrapped__aspect-padding\">\n<div><img decoding=\"async\" src=\"https:\/\/cdn.mos.cms.futurecdn.net\/xp8TRbwoGZ3CJANhg7sBy4.jpg\" alt=\"Kirsten Frattini\" class=\"author__avatar image-wrapped__image image__image\" loading=\"lazy\"><\/div>\n<\/div>\n<\/div>\n<\/figure>\n<\/div>\n<div class=\"author__heading\">\n<div class=\"author__name\">Kirsten Frattini<\/div>\n<div class=\"author__social\">\n<nav class=\"button-social-group author__social-buttons\" aria-labelledby=\"button-social-group- author__social-buttons\">\n<div id=\"button-social-group- author__social-buttons\">Social Links Navigation<\/div>\n<p><span class=\"button-social__icon\"><\/span><span class=\"button-social__icon\"><\/span><span class=\"button-social__icon\"><\/span><span class=\"button-social__icon button-social__icon-website\"><\/span><span class=\"button-social__icon button-social__icon-email\"><\/span><\/nav>\n<\/div>\n<div class=\"author__role\">Editor<\/div>\n<\/div>\n<\/div>\n<div class=\"author__bio-wrapper\">\n<div class=\"author__biography\">\n<p>Kirsten Frattini has been the Editor of Cyclingnews since December 2025, overseeing editorial operations and output across the brand and delivering quality, engaging content.<\/p>\n<p>She manages global budgets, racing &amp; events, production scheduling, and contributor commissions, collaborating across content sections and teams in the UK, Europe, North America, and Australia to ensure audience and subscription growth across the brand.<\/p>\n<p>Kirsten has a background in Kinesiology and Health Science. She has been involved in cycling from the community and grassroots level to professional cycling&#8217;s biggest races, reporting on the WorldTour, Spring Classics, Tours de France, World Championships and Olympic Games.<\/p>\n<\/div>\n<\/div>\n<\/div>\n<\/div>\n<\/section>\n<div id=\"viafoura-comments\" aria-hidden=\"true\"><\/div>\n<div class=\"mt-6 lg:px-0 relative max-w-[1070px] mx-auto viafoura-twig-component px-4\" data-component-name=\"Viafoura:Comments\" data-nosnippet data-community-guidelines-text=\"&lt;p class='vfcustom-community-guidelines'&gt;Please follow our &lt;a href=&quot;https:\/\/www.cyclingnews.com\/about\/#section-community-guidelines&quot; target=&quot;_blank&quot;&gt;community guidelines&lt;\/a&gt;.&lt;\/p&gt;\" data-join-the-conversation-text=\"Join the Conversation\">\n<div class=\"relative h-[--truncate-height] sm:h-[--truncate-desktop-height] overflow-hidden transition-[height] duration-150\" data-test-id=\"container\" data-component-name=\"Util:Truncate\" id=\"viafoura-comments-container\">\n<div class=\"relative z-10 viafoura\" id=\"viafoura-comment-wrapper\" data-test-id=\"content\">\n<div class=\"viafoura\">\n<div>\n<\/div>\n<\/div>\n<\/div>\n<div class=\"absolute bg-gradient-to-t from-[--truncate-gradient-color,white] from-50% h-28 z-20 w-full bottom-0 flex items-end justify-center px-0 rounded-none\">\n<\/div>\n<\/div>\n<div class=\"absolute top-0 left-0 w-full h-full flex items-center justify-center z-50 bg-white\/90 border-1\">\n<div class=\"p-2 text-center\">\n<p class=\"mb-3 !text-lg\">You must confirm your public display name before commenting<\/p>\n<p class=\"mb-3 !text-sm\">Please logout and then login again, you will then be prompted to enter your display name.<\/p>\n<\/div>\n<\/div>\n<\/div>\n<div class=\"infinite-container\" data-analytics-id=\"infinite-container\" data-component-name=\"SponsoredScroll\" data-mrf-recirculation=\"infinite-container\">\n<div class=\"infinite-trigger\" aria-hidden=\"true\"><\/div>\n<\/div>\n<section class=\"mx-2 my-5 sm:mx-0\">\n<aside class=\"w-full\" data-nosnippet data-mrf-recirculation=\"article-river-stacked\">\n<div data-recirc-id=\"article-river-stacked-adviser:hybrid\">\n<div class=\"text-white py-4 px-3 mb-4 bg-[#333] uppercase font-bold custom-header-styles\">Read more<\/div>\n<div class=\"grid grid-cols-1 gap-4 mt-4 mb-5\">\n<div>\n<div class=\"aspect-[--img-listing-aspect-ratio,16\/9] relative mb-3.5\">\n<p>    <img decoding=\"async\" src=\"https:\/\/cdn.mos.cms.futurecdn.net\/ESxGsguX7eAo7mkQAqqH5V.jpg\" alt=\"Carolin Schiff will be part of Canyon x DT Swiss All-Terrain Racing in 2026, a new 13-rider off-road squad\" loading=\"lazy\" class=\"object-cover w-full h-full\"><\/p><\/div>\n<p>                                                                                                <span class=\"custom-subheading-styles\">Teams &amp; Riders<\/span><\/p>\n<p>                            <span class=\"text-base text-black font-bold mx-0 my-2.5 p-0 block custom-text-styles\">Former Unbound Gravel winner Carolin Schiff returns from health issues with new 13-rider Canyon x DT Swiss All-Terrain Racing team<\/span><\/p><\/div>\n<div class=\"relative recirc-feed sponsored-card min-h-[250px]\" data-recirc-id=\"article-river-stacked-ads:native-cards\" data-mrf-recirculation=\"article-river-ads\" data-nosnippet data-ad-slot-path=\"feed-sponsored-post\" data-attribute-device=\"all\">\n<div class=\"sponsored-post max-w-full [&amp;.sponsored-post--loaded+.sponsored-post--placeholder]:hidden [&amp;[data-bordeaux-hook-loaded]+.sponsored-post--placeholder]:hidden\"><\/div>\n<div class=\"sponsored-post--placeholder max-w-full animate-pulse\">\n        <span><br \/>\n            <span class=\"font-ui-heading bg-[--ad-slot-badge-bg-color] absolute text-xs font-bold leading-[14px] tracking-normal text-left text-white px-2.5 py-[5px] left-0 top-0 empty:hidden\"><\/span><\/p>\n<div class=\"aspect-[--img-listing-aspect-ratio,16\/9] relative bg-gray-200\"><\/div>\n<p>            <span class=\"text-base text-black font-bold mx-0 my-2.5 p-0 block bg-gray-100\">\u00a0<br \/>\u00a0<\/span><br \/>\n        <\/span>\n    <\/div>\n<\/div>\n<div>\n<div class=\"aspect-[--img-listing-aspect-ratio,16\/9] relative mb-3.5\">\n<p>    <img decoding=\"async\" src=\"https:\/\/cdn.mos.cms.futurecdn.net\/UgUkn5FySF3DNhE7vYpMyN.jpg\" alt=\"Romain Bardet claims the elite men&amp;#039;s win at RADL GRVL presented by Quad Lock 2026\" loading=\"lazy\" class=\"object-cover w-full h-full\"><\/p><\/div>\n<p>                                                                                                <span class=\"custom-subheading-styles\">Racing<\/span><\/p>\n<p>                            <span class=\"text-base text-black font-bold mx-0 my-2.5 p-0 block custom-text-styles\">Nicole Frain sweeps RADL GRVL and first-ever Oceania Gravel Championship for elite women while Romain Bardet earns gravel race victory for elite men<\/span><\/p><\/div>\n<div class=\"relative recirc-feed sponsored-card min-h-[250px]\" data-recirc-id=\"article-river-stacked-ads:native-cards\" data-mrf-recirculation=\"article-river-ads\" data-nosnippet data-ad-slot-path=\"feed-sponsored-post\" data-attribute-device=\"all\">\n<div class=\"sponsored-post max-w-full [&amp;.sponsored-post--loaded+.sponsored-post--placeholder]:hidden [&amp;[data-bordeaux-hook-loaded]+.sponsored-post--placeholder]:hidden\"><\/div>\n<div class=\"sponsored-post--placeholder max-w-full animate-pulse\">\n        <span><br \/>\n            <span class=\"font-ui-heading bg-[--ad-slot-badge-bg-color] absolute text-xs font-bold leading-[14px] tracking-normal text-left text-white px-2.5 py-[5px] left-0 top-0 empty:hidden\"><\/span><\/p>\n<div class=\"aspect-[--img-listing-aspect-ratio,16\/9] relative bg-gray-200\"><\/div>\n<p>            <span class=\"text-base text-black font-bold mx-0 my-2.5 p-0 block bg-gray-100\">\u00a0<br \/>\u00a0<\/span><br \/>\n        <\/span>\n    <\/div>\n<\/div>\n<div>\n<div class=\"aspect-[--img-listing-aspect-ratio,16\/9] relative mb-3.5\">\n<p>    <img decoding=\"async\" src=\"https:\/\/cdn.mos.cms.futurecdn.net\/UUywAkmkw4DmdVZUfhdXS8.jpg\" alt=\"Out on the course of the Ceder in 2025\" loading=\"lazy\" class=\"object-cover w-full h-full\"><\/p><\/div>\n<p>                                                                                                <span class=\"custom-subheading-styles\">Pro Cycling<\/span><\/p>\n<p>                            <span class=\"text-base text-black font-bold mx-0 my-2.5 p-0 block custom-text-styles\">UCI Gravel World Series: Hayley Preen attacks on Uitkyk Pass to claim win at The Ceder while Filippo Colombo scores maiden gravel victory<\/span><\/p><\/div>\n<div class=\"relative recirc-feed sponsored-card min-h-[250px]\" data-recirc-id=\"article-river-stacked-ads:native-cards\" data-mrf-recirculation=\"article-river-ads\" data-nosnippet data-ad-slot-path=\"feed-sponsored-post\" data-attribute-device=\"all\">\n<div class=\"sponsored-post max-w-full [&amp;.sponsored-post--loaded+.sponsored-post--placeholder]:hidden [&amp;[data-bordeaux-hook-loaded]+.sponsored-post--placeholder]:hidden\"><\/div>\n<div class=\"sponsored-post--placeholder max-w-full animate-pulse\">\n        <span><br \/>\n            <span class=\"font-ui-heading bg-[--ad-slot-badge-bg-color] absolute text-xs font-bold leading-[14px] tracking-normal text-left text-white px-2.5 py-[5px] left-0 top-0 empty:hidden\"><\/span><\/p>\n<div class=\"aspect-[--img-listing-aspect-ratio,16\/9] relative bg-gray-200\"><\/div>\n<p>            <span class=\"text-base text-black font-bold mx-0 my-2.5 p-0 block bg-gray-100\">\u00a0<br \/>\u00a0<\/span><br \/>\n        <\/span>\n    <\/div>\n<\/div>\n<div>\n<div class=\"aspect-[--img-listing-aspect-ratio,16\/9] relative mb-3.5\">\n<p>    <img decoding=\"async\" src=\"https:\/\/cdn.mos.cms.futurecdn.net\/JWZdHa6Q3Lx3tbn4f39QgL.jpg\" alt=\"Out the front of the men&amp;#039;s pro field on day 1 of Santa Vall 2026 (cropped image)\" loading=\"lazy\" class=\"object-cover w-full h-full\"><\/p><\/div>\n<p>                                                                                                <span class=\"custom-subheading-styles\">Pro Cycling<\/span><\/p>\n<p>                            <span class=\"text-base text-black font-bold mx-0 my-2.5 p-0 block custom-text-styles\">Sof\u00eda G\u00f3mez Villafa\u00f1e and Mads Wurtz Schmidt start the season on top step with overall victory at a muddy edition of Santa Vall<\/span><\/p><\/div>\n<div class=\"relative recirc-feed sponsored-card min-h-[250px]\" data-recirc-id=\"article-river-stacked-ads:native-cards\" data-mrf-recirculation=\"article-river-ads\" data-nosnippet data-ad-slot-path=\"feed-sponsored-post\" data-attribute-device=\"all\">\n<div class=\"sponsored-post max-w-full [&amp;.sponsored-post--loaded+.sponsored-post--placeholder]:hidden [&amp;[data-bordeaux-hook-loaded]+.sponsored-post--placeholder]:hidden\"><\/div>\n<div class=\"sponsored-post--placeholder max-w-full animate-pulse\">\n        <span><br \/>\n            <span class=\"font-ui-heading bg-[--ad-slot-badge-bg-color] absolute text-xs font-bold leading-[14px] tracking-normal text-left text-white px-2.5 py-[5px] left-0 top-0 empty:hidden\"><\/span><\/p>\n<div class=\"aspect-[--img-listing-aspect-ratio,16\/9] relative bg-gray-200\"><\/div>\n<p>            <span class=\"text-base text-black font-bold mx-0 my-2.5 p-0 block bg-gray-100\">\u00a0<br \/>\u00a0<\/span><br \/>\n        <\/span>\n    <\/div>\n<\/div>\n<div>\n<div class=\"aspect-[--img-listing-aspect-ratio,16\/9] relative mb-3.5\">\n<p>    <img decoding=\"async\" src=\"https:\/\/cdn.mos.cms.futurecdn.net\/UyzzxsiipWSVotnPYkPeZF.jpg\" alt=\"Romain Bardet (Factor Racing) started out his European season at Santa Vall, coming second overall in the Gravel Earth Series opener for 2026\" loading=\"lazy\" class=\"object-cover w-full h-full\"><\/p><\/div>\n<p>                                                                                                <span class=\"custom-subheading-styles\">Racing<\/span><\/p>\n<p>                            <span class=\"text-base text-black font-bold mx-0 my-2.5 p-0 block custom-text-styles\">UCI Gravel World Series \u2013 Romain Bardet and Sofia G\u00f3mez Villafa\u00f1e win Castell\u00f3n Gravel Race<\/span><\/p><\/div>\n<div class=\"relative recirc-feed sponsored-card min-h-[250px]\" data-recirc-id=\"article-river-stacked-ads:native-cards\" data-mrf-recirculation=\"article-river-ads\" data-nosnippet data-ad-slot-path=\"feed-sponsored-post\" data-attribute-device=\"all\">\n<div class=\"sponsored-post max-w-full [&amp;.sponsored-post--loaded+.sponsored-post--placeholder]:hidden [&amp;[data-bordeaux-hook-loaded]+.sponsored-post--placeholder]:hidden\"><\/div>\n<div class=\"sponsored-post--placeholder max-w-full animate-pulse\">\n        <span><br \/>\n            <span class=\"font-ui-heading bg-[--ad-slot-badge-bg-color] absolute text-xs font-bold leading-[14px] tracking-normal text-left text-white px-2.5 py-[5px] left-0 top-0 empty:hidden\"><\/span><\/p>\n<div class=\"aspect-[--img-listing-aspect-ratio,16\/9] relative bg-gray-200\"><\/div>\n<p>            <span class=\"text-base text-black font-bold mx-0 my-2.5 p-0 block bg-gray-100\">\u00a0<br \/>\u00a0<\/span><br \/>\n        <\/span>\n    <\/div>\n<\/div>\n<div>\n<div class=\"aspect-[--img-listing-aspect-ratio,16\/9] relative mb-3.5\">\n<p>    <img decoding=\"async\" src=\"https:\/\/cdn.mos.cms.futurecdn.net\/WB2cCHE3c5V52ByE7sTmWY.jpg\" alt=\"Elite winners for 2026, Sofia Gomez Villafa\u00f1e and Alexey Vermeulen, with bison skull trophies\" loading=\"lazy\" class=\"object-cover w-full h-full\"><\/p><\/div>\n<p>                                                                                                <span class=\"custom-subheading-styles\">Racing<\/span><\/p>\n<p>                            <span class=\"text-base text-black font-bold mx-0 my-2.5 p-0 block custom-text-styles\">Sofia Gomez Villafa\u00f1e wins a third consecutive Valley of Tears in tight battle with Paige Onweller while Alexey Vermeulen earns men&#8217;s title at Texas gravel race<\/span><\/p><\/div>\n<div class=\"relative recirc-feed sponsored-card min-h-[250px]\" data-recirc-id=\"article-river-stacked-ads:native-cards\" data-mrf-recirculation=\"article-river-ads\" data-nosnippet data-ad-slot-path=\"feed-sponsored-post\" data-attribute-device=\"all\">\n<div class=\"sponsored-post max-w-full [&amp;.sponsored-post--loaded+.sponsored-post--placeholder]:hidden [&amp;[data-bordeaux-hook-loaded]+.sponsored-post--placeholder]:hidden\"><\/div>\n<div class=\"sponsored-post--placeholder max-w-full animate-pulse\">\n        <span><br \/>\n            <span class=\"font-ui-heading bg-[--ad-slot-badge-bg-color] absolute text-xs font-bold leading-[14px] tracking-normal text-left text-white px-2.5 py-[5px] left-0 top-0 empty:hidden\"><\/span><\/p>\n<div class=\"aspect-[--img-listing-aspect-ratio,16\/9] relative bg-gray-200\"><\/div>\n<p>            <span class=\"text-base text-black font-bold mx-0 my-2.5 p-0 block bg-gray-100\">\u00a0<br \/>\u00a0<\/span><br \/>\n        <\/span>\n    <\/div>\n<\/div><\/div>\n<\/p><\/div>\n<\/aside>\n<aside class=\"w-full\" data-nosnippet data-mrf-recirculation=\"article-river-stacked\">\n<div data-recirc-id=\"article-river-stacked-solr:latest-category\">\n<div class=\"text-white py-4 px-3 mb-4 bg-[#333] uppercase font-bold custom-header-styles\">Latest in Women&#8217;s Cycling<\/div>\n<div class=\"grid grid-cols-1 gap-4 mt-4 mb-5\">\n<div>\n<div class=\"aspect-[--img-listing-aspect-ratio,16\/9] relative mb-3.5\">\n<p>    <img decoding=\"async\" src=\"https:\/\/cdn.mos.cms.futurecdn.net\/8UL7P993cuH8sXmBTmLuU3.jpg\" alt=\"Fleur Moors celebrates at the finish line after placing second at In Flanders Fields 2026\" loading=\"lazy\" class=\"object-cover w-full h-full\"><\/p><\/div>\n<p>                                                                                                <span class=\"custom-subheading-styles\">Women&#8217;s Cycling<\/span><\/p>\n<p>                            <span class=\"text-base text-black font-bold mx-0 my-2.5 p-0 block custom-text-styles\">&#8216;It was so close&#8217; &#8211; Breakthrough moment sees Fleur Moors on the podium at In Flanders Fields<\/span><\/p><\/div>\n<div class=\"relative recirc-feed sponsored-card min-h-[250px]\" data-recirc-id=\"article-river-stacked-ads:native-cards\" data-mrf-recirculation=\"article-river-ads\" data-nosnippet data-ad-slot-path=\"feed-sponsored-post\" data-attribute-device=\"all\">\n<div class=\"sponsored-post max-w-full [&amp;.sponsored-post--loaded+.sponsored-post--placeholder]:hidden [&amp;[data-bordeaux-hook-loaded]+.sponsored-post--placeholder]:hidden\"><\/div>\n<div class=\"sponsored-post--placeholder max-w-full animate-pulse\">\n        <span><br \/>\n            <span class=\"font-ui-heading bg-[--ad-slot-badge-bg-color] absolute text-xs font-bold leading-[14px] tracking-normal text-left text-white px-2.5 py-[5px] left-0 top-0 empty:hidden\"><\/span><\/p>\n<div class=\"aspect-[--img-listing-aspect-ratio,16\/9] relative bg-gray-200\"><\/div>\n<p>            <span class=\"text-base text-black font-bold mx-0 my-2.5 p-0 block bg-gray-100\">\u00a0<br \/>\u00a0<\/span><br \/>\n        <\/span>\n    <\/div>\n<\/div>\n<div>\n<div class=\"aspect-[--img-listing-aspect-ratio,16\/9] relative mb-3.5\">\n<p>    <img decoding=\"async\" src=\"https:\/\/cdn.mos.cms.futurecdn.net\/NZXQKBpqMUUWwWGdzXU7ES.jpg\" alt=\"2026 In Flanders Fields: the winning break\" loading=\"lazy\" class=\"object-cover w-full h-full\"><\/p><\/div>\n<p>                                                                                                <span class=\"custom-subheading-styles\">Women&#8217;s Cycling<\/span><\/p>\n<p>                            <span class=\"text-base text-black font-bold mx-0 my-2.5 p-0 block custom-text-styles\">&#8216;It&#8217;s in favour of Lorena, that&#8217;s a bit of a pity&#8217; \u2013 FDJ United-Suez say UAE Team ADQ had to roll attacks against Wiebes at In Flanders Fields, but defend working with her <\/span><\/p><\/div>\n<div class=\"relative recirc-feed sponsored-card min-h-[250px]\" data-recirc-id=\"article-river-stacked-ads:native-cards\" data-mrf-recirculation=\"article-river-ads\" data-nosnippet data-ad-slot-path=\"feed-sponsored-post\" data-attribute-device=\"all\">\n<div class=\"sponsored-post max-w-full [&amp;.sponsored-post--loaded+.sponsored-post--placeholder]:hidden [&amp;[data-bordeaux-hook-loaded]+.sponsored-post--placeholder]:hidden\"><\/div>\n<div class=\"sponsored-post--placeholder max-w-full animate-pulse\">\n        <span><br \/>\n            <span class=\"font-ui-heading bg-[--ad-slot-badge-bg-color] absolute text-xs font-bold leading-[14px] tracking-normal text-left text-white px-2.5 py-[5px] left-0 top-0 empty:hidden\"><\/span><\/p>\n<div class=\"aspect-[--img-listing-aspect-ratio,16\/9] relative bg-gray-200\"><\/div>\n<p>            <span class=\"text-base text-black font-bold mx-0 my-2.5 p-0 block bg-gray-100\">\u00a0<br \/>\u00a0<\/span><br \/>\n        <\/span>\n    <\/div>\n<\/div>\n<div>\n<div class=\"aspect-[--img-listing-aspect-ratio,16\/9] relative mb-3.5\">\n<p>    <img decoding=\"async\" src=\"https:\/\/cdn.mos.cms.futurecdn.net\/HLjg3mBRtkfqrQFpKDiwzj.jpg\" alt=\"Lorena Wiebes (SD Worx-Protime) celebrates winning In Flanders Fields\" loading=\"lazy\" class=\"object-cover w-full h-full\"><\/p><\/div>\n<p>                                                                                                <span class=\"custom-subheading-styles\">Women&#8217;s Cycling<\/span><\/p>\n<p>                            <span class=\"text-base text-black font-bold mx-0 my-2.5 p-0 block custom-text-styles\">&#8216;It almost went wrong&#8217; \u2013 Despite sprint scare, Lorena Wiebes took one of her most impressive wins yet at In Flanders Fields<\/span><\/p><\/div>\n<div class=\"relative recirc-feed sponsored-card min-h-[250px]\" data-recirc-id=\"article-river-stacked-ads:native-cards\" data-mrf-recirculation=\"article-river-ads\" data-nosnippet data-ad-slot-path=\"feed-sponsored-post\" data-attribute-device=\"all\">\n<div class=\"sponsored-post max-w-full [&amp;.sponsored-post--loaded+.sponsored-post--placeholder]:hidden [&amp;[data-bordeaux-hook-loaded]+.sponsored-post--placeholder]:hidden\"><\/div>\n<div class=\"sponsored-post--placeholder max-w-full animate-pulse\">\n        <span><br \/>\n            <span class=\"font-ui-heading bg-[--ad-slot-badge-bg-color] absolute text-xs font-bold leading-[14px] tracking-normal text-left text-white px-2.5 py-[5px] left-0 top-0 empty:hidden\"><\/span><\/p>\n<div class=\"aspect-[--img-listing-aspect-ratio,16\/9] relative bg-gray-200\"><\/div>\n<p>            <span class=\"text-base text-black font-bold mx-0 my-2.5 p-0 block bg-gray-100\">\u00a0<br \/>\u00a0<\/span><br \/>\n        <\/span>\n    <\/div>\n<\/div>\n<div>\n<div class=\"aspect-[--img-listing-aspect-ratio,16\/9] relative mb-3.5\">\n<p>    <img decoding=\"async\" src=\"https:\/\/cdn.mos.cms.futurecdn.net\/PRaDmmLdJcwtpAZEyEc6o5.jpg\" alt=\"Lorena Wiebes wins In Flanders Fields Women 2026 from a five-rider breakaway in Wevelgem\" loading=\"lazy\" class=\"object-cover w-full h-full\"><\/p><\/div>\n<p>                                                                                                <span class=\"custom-subheading-styles\">Women&#8217;s Cycling<\/span><\/p>\n<p>                            <span class=\"text-base text-black font-bold mx-0 my-2.5 p-0 block custom-text-styles\">In Flanders Fields Women: Lorena Wiebes sprints to record third consecutive victory in Wevelgem<\/span><\/p><\/div>\n<div class=\"relative recirc-feed sponsored-card min-h-[250px]\" data-recirc-id=\"article-river-stacked-ads:native-cards\" data-mrf-recirculation=\"article-river-ads\" data-nosnippet data-ad-slot-path=\"feed-sponsored-post\" data-attribute-device=\"all\">\n<div class=\"sponsored-post max-w-full [&amp;.sponsored-post--loaded+.sponsored-post--placeholder]:hidden [&amp;[data-bordeaux-hook-loaded]+.sponsored-post--placeholder]:hidden\"><\/div>\n<div class=\"sponsored-post--placeholder max-w-full animate-pulse\">\n        <span><br \/>\n            <span class=\"font-ui-heading bg-[--ad-slot-badge-bg-color] absolute text-xs font-bold leading-[14px] tracking-normal text-left text-white px-2.5 py-[5px] left-0 top-0 empty:hidden\"><\/span><\/p>\n<div class=\"aspect-[--img-listing-aspect-ratio,16\/9] relative bg-gray-200\"><\/div>\n<p>            <span class=\"text-base text-black font-bold mx-0 my-2.5 p-0 block bg-gray-100\">\u00a0<br \/>\u00a0<\/span><br \/>\n        <\/span>\n    <\/div>\n<\/div>\n<div>\n<div class=\"aspect-[--img-listing-aspect-ratio,16\/9] relative mb-3.5\">\n<p>    <img decoding=\"async\" src=\"https:\/\/cdn.mos.cms.futurecdn.net\/SkF6wbooMmkDHETDNqZJxD.jpg\" alt=\"Sarah Sturm rides to solo victory at 2025 Crusher in the Tushar\" loading=\"lazy\" class=\"object-cover w-full h-full\"><\/p><\/div>\n<p>                                                                                                <span class=\"custom-subheading-styles\">Women&#8217;s Cycling<\/span><\/p>\n<p>                            <span class=\"text-base text-black font-bold mx-0 my-2.5 p-0 block custom-text-styles\">&#8216;As a professional athlete, this feels huge&#8217; &#8211; Life Time Grand Prix series introduces pregnancy policy<\/span><\/p><\/div>\n<div class=\"relative recirc-feed sponsored-card min-h-[250px]\" data-recirc-id=\"article-river-stacked-ads:native-cards\" data-mrf-recirculation=\"article-river-ads\" data-nosnippet data-ad-slot-path=\"feed-sponsored-post\" data-attribute-device=\"all\">\n<div class=\"sponsored-post max-w-full [&amp;.sponsored-post--loaded+.sponsored-post--placeholder]:hidden [&amp;[data-bordeaux-hook-loaded]+.sponsored-post--placeholder]:hidden\"><\/div>\n<div class=\"sponsored-post--placeholder max-w-full animate-pulse\">\n        <span><br \/>\n            <span class=\"font-ui-heading bg-[--ad-slot-badge-bg-color] absolute text-xs font-bold leading-[14px] tracking-normal text-left text-white px-2.5 py-[5px] left-0 top-0 empty:hidden\"><\/span><\/p>\n<div class=\"aspect-[--img-listing-aspect-ratio,16\/9] relative bg-gray-200\"><\/div>\n<p>            <span class=\"text-base text-black font-bold mx-0 my-2.5 p-0 block bg-gray-100\">\u00a0<br \/>\u00a0<\/span><br \/>\n        <\/span>\n    <\/div>\n<\/div>\n<div>\n<div class=\"aspect-[--img-listing-aspect-ratio,16\/9] relative mb-3.5\">\n<p>    <img decoding=\"async\" src=\"https:\/\/cdn.mos.cms.futurecdn.net\/izcWNxyRNPwEDiSaSfDDoh.jpg\" alt=\"Mischa Bredewold&amp;#039;s winning attack at the women&amp;#039;s Amstel Gold Race 2025\" loading=\"lazy\" class=\"object-cover w-full h-full\"><\/p><\/div>\n<p>                                                                                                <span class=\"custom-subheading-styles\">Women&#8217;s Cycling<\/span><\/p>\n<p>                            <span class=\"text-base text-black font-bold mx-0 my-2.5 p-0 block custom-text-styles\">Amstel Gold Race Ladies Edition 2026 route<\/span><\/p><\/div>\n<div class=\"relative recirc-feed sponsored-card min-h-[250px]\" data-recirc-id=\"article-river-stacked-ads:native-cards\" data-mrf-recirculation=\"article-river-ads\" data-nosnippet data-ad-slot-path=\"feed-sponsored-post\" data-attribute-device=\"all\">\n<div class=\"sponsored-post max-w-full [&amp;.sponsored-post--loaded+.sponsored-post--placeholder]:hidden [&amp;[data-bordeaux-hook-loaded]+.sponsored-post--placeholder]:hidden\"><\/div>\n<div class=\"sponsored-post--placeholder max-w-full animate-pulse\">\n        <span><br \/>\n            <span class=\"font-ui-heading bg-[--ad-slot-badge-bg-color] absolute text-xs font-bold leading-[14px] tracking-normal text-left text-white px-2.5 py-[5px] left-0 top-0 empty:hidden\"><\/span><\/p>\n<div class=\"aspect-[--img-listing-aspect-ratio,16\/9] relative bg-gray-200\"><\/div>\n<p>            <span class=\"text-base text-black font-bold mx-0 my-2.5 p-0 block bg-gray-100\">\u00a0<br \/>\u00a0<\/span><br \/>\n        <\/span>\n    <\/div>\n<\/div><\/div>\n<\/p><\/div>\n<\/aside>\n<aside class=\"w-full\" data-nosnippet data-mrf-recirculation=\"article-river-stacked\">\n<div data-recirc-id=\"article-river-stacked-solr:latest-articletype\">\n<div class=\"text-white py-4 px-3 mb-4 bg-[#333] uppercase font-bold custom-header-styles\">Latest in Race Results<\/div>\n<div class=\"grid grid-cols-1 gap-4 mt-4 mb-5\">\n<div>\n<div class=\"aspect-[--img-listing-aspect-ratio,16\/9] relative mb-3.5\">\n<p>    <img decoding=\"async\" src=\"https:\/\/cdn.mos.cms.futurecdn.net\/JM7abyE4iw2Lrx4xTSQwBE.jpg\" alt=\"Cl\u00e9ment Venturini\" loading=\"lazy\" class=\"object-cover w-full h-full\"><\/p><\/div>\n<p>                                                                                                <span class=\"custom-subheading-styles\">Racing<\/span><\/p>\n<p>                            <span class=\"text-base text-black font-bold mx-0 my-2.5 p-0 block custom-text-styles\">Cl\u00e9ment Venturini claims first win in eight years at Roue Tourangelle<\/span><\/p><\/div>\n<div class=\"relative recirc-feed sponsored-card min-h-[250px]\" data-recirc-id=\"article-river-stacked-ads:native-cards\" data-mrf-recirculation=\"article-river-ads\" data-nosnippet data-ad-slot-path=\"feed-sponsored-post\" data-attribute-device=\"all\">\n<div class=\"sponsored-post max-w-full [&amp;.sponsored-post--loaded+.sponsored-post--placeholder]:hidden [&amp;[data-bordeaux-hook-loaded]+.sponsored-post--placeholder]:hidden\"><\/div>\n<div class=\"sponsored-post--placeholder max-w-full animate-pulse\">\n        <span><br \/>\n            <span class=\"font-ui-heading bg-[--ad-slot-badge-bg-color] absolute text-xs font-bold leading-[14px] tracking-normal text-left text-white px-2.5 py-[5px] left-0 top-0 empty:hidden\"><\/span><\/p>\n<div class=\"aspect-[--img-listing-aspect-ratio,16\/9] relative bg-gray-200\"><\/div>\n<p>            <span class=\"text-base text-black font-bold mx-0 my-2.5 p-0 block bg-gray-100\">\u00a0<br \/>\u00a0<\/span><br \/>\n        <\/span>\n    <\/div>\n<\/div>\n<div>\n<div class=\"aspect-[--img-listing-aspect-ratio,16\/9] relative mb-3.5\">\n<p>    <img decoding=\"async\" src=\"https:\/\/cdn.mos.cms.futurecdn.net\/PRaDmmLdJcwtpAZEyEc6o5.jpg\" alt=\"Lorena Wiebes wins In Flanders Fields Women 2026 from a five-rider breakaway in Wevelgem\" loading=\"lazy\" class=\"object-cover w-full h-full\"><\/p><\/div>\n<p>                                                                                                <span class=\"custom-subheading-styles\">Women&#8217;s Cycling<\/span><\/p>\n<p>                            <span class=\"text-base text-black font-bold mx-0 my-2.5 p-0 block custom-text-styles\">In Flanders Fields Women: Lorena Wiebes sprints to record third consecutive victory in Wevelgem<\/span><\/p><\/div>\n<div class=\"relative recirc-feed sponsored-card min-h-[250px]\" data-recirc-id=\"article-river-stacked-ads:native-cards\" data-mrf-recirculation=\"article-river-ads\" data-nosnippet data-ad-slot-path=\"feed-sponsored-post\" data-attribute-device=\"all\">\n<div class=\"sponsored-post max-w-full [&amp;.sponsored-post--loaded+.sponsored-post--placeholder]:hidden [&amp;[data-bordeaux-hook-loaded]+.sponsored-post--placeholder]:hidden\"><\/div>\n<div class=\"sponsored-post--placeholder max-w-full animate-pulse\">\n        <span><br \/>\n            <span class=\"font-ui-heading bg-[--ad-slot-badge-bg-color] absolute text-xs font-bold leading-[14px] tracking-normal text-left text-white px-2.5 py-[5px] left-0 top-0 empty:hidden\"><\/span><\/p>\n<div class=\"aspect-[--img-listing-aspect-ratio,16\/9] relative bg-gray-200\"><\/div>\n<p>            <span class=\"text-base text-black font-bold mx-0 my-2.5 p-0 block bg-gray-100\">\u00a0<br \/>\u00a0<\/span><br \/>\n        <\/span>\n    <\/div>\n<\/div>\n<div>\n<div class=\"aspect-[--img-listing-aspect-ratio,16\/9] relative mb-3.5\">\n<p>    <img decoding=\"async\" src=\"https:\/\/cdn.mos.cms.futurecdn.net\/Lk7kejsz7kmSLaN4BUMG7R.jpg\" alt=\"Belgian Jasper Philipsen of Alpecin-Premier Tech celebrates after winning the men elite &amp;#039;Middelkerke-Wevelgem - In Flanders Fields&amp;#039; one day cycling race, 240.8 km from Middelkerke to Wevelgem, on Sunday 29 March 2026. BELGA PHOTO ELIAS ROM (Photo by ELIAS ROM \/ BELGA MAG \/ Belga via AFP)\" loading=\"lazy\" class=\"object-cover w-full h-full\"><\/p><\/div>\n<p>                                                                                                <span class=\"custom-subheading-styles\">Racing<\/span><\/p>\n<p>                            <span class=\"text-base text-black font-bold mx-0 my-2.5 p-0 block custom-text-styles\">In Flanders Fields: Jasper Philipsen clinches bunch sprint victory as spectacular late breakaway by Mathieu van der Poel and Wout van Aert collapses close to the line<\/span><\/p><\/div>\n<div class=\"relative recirc-feed sponsored-card min-h-[250px]\" data-recirc-id=\"article-river-stacked-ads:native-cards\" data-mrf-recirculation=\"article-river-ads\" data-nosnippet data-ad-slot-path=\"feed-sponsored-post\" data-attribute-device=\"all\">\n<div class=\"sponsored-post max-w-full [&amp;.sponsored-post--loaded+.sponsored-post--placeholder]:hidden [&amp;[data-bordeaux-hook-loaded]+.sponsored-post--placeholder]:hidden\"><\/div>\n<div class=\"sponsored-post--placeholder max-w-full animate-pulse\">\n        <span><br \/>\n            <span class=\"font-ui-heading bg-[--ad-slot-badge-bg-color] absolute text-xs font-bold leading-[14px] tracking-normal text-left text-white px-2.5 py-[5px] left-0 top-0 empty:hidden\"><\/span><\/p>\n<div class=\"aspect-[--img-listing-aspect-ratio,16\/9] relative bg-gray-200\"><\/div>\n<p>            <span class=\"text-base text-black font-bold mx-0 my-2.5 p-0 block bg-gray-100\">\u00a0<br \/>\u00a0<\/span><br \/>\n        <\/span>\n    <\/div>\n<\/div>\n<div>\n<div class=\"aspect-[--img-listing-aspect-ratio,16\/9] relative mb-3.5\">\n<p>    <img decoding=\"async\" src=\"https:\/\/cdn.mos.cms.futurecdn.net\/yZihTUm4JcWqhVU7DS8D7o.jpg\" alt=\"Volta a Catalunya 2026: overall winner Jonas Vingegaard smiles as he crosses the final finish line\" loading=\"lazy\" class=\"object-cover w-full h-full\"><\/p><\/div>\n<p>                                                                                                <span class=\"custom-subheading-styles\">Racing<\/span><\/p>\n<p>                            <span class=\"text-base text-black font-bold mx-0 my-2.5 p-0 block custom-text-styles\">Volta a Catalunya: Jonas Vingegaard secures second major overall victory of 2026, Brady Gilmore sprints to surprise final stage win in Barcelona<\/span><\/p><\/div>\n<div class=\"relative recirc-feed sponsored-card min-h-[250px]\" data-recirc-id=\"article-river-stacked-ads:native-cards\" data-mrf-recirculation=\"article-river-ads\" data-nosnippet data-ad-slot-path=\"feed-sponsored-post\" data-attribute-device=\"all\">\n<div class=\"sponsored-post max-w-full [&amp;.sponsored-post--loaded+.sponsored-post--placeholder]:hidden [&amp;[data-bordeaux-hook-loaded]+.sponsored-post--placeholder]:hidden\"><\/div>\n<div class=\"sponsored-post--placeholder max-w-full animate-pulse\">\n        <span><br \/>\n            <span class=\"font-ui-heading bg-[--ad-slot-badge-bg-color] absolute text-xs font-bold leading-[14px] tracking-normal text-left text-white px-2.5 py-[5px] left-0 top-0 empty:hidden\"><\/span><\/p>\n<div class=\"aspect-[--img-listing-aspect-ratio,16\/9] relative bg-gray-200\"><\/div>\n<p>            <span class=\"text-base text-black font-bold mx-0 my-2.5 p-0 block bg-gray-100\">\u00a0<br \/>\u00a0<\/span><br \/>\n        <\/span>\n    <\/div>\n<\/div>\n<div>\n<div class=\"aspect-[--img-listing-aspect-ratio,16\/9] relative mb-3.5\">\n<p>    <img decoding=\"async\" src=\"https:\/\/cdn.mos.cms.futurecdn.net\/RaHB8vz8hqZWTJovtHgirM.jpg\" alt=\"Mauro Schmid and Axel Laurance sprint on stage 5 at Coppi e Bartali\" loading=\"lazy\" class=\"object-cover w-full h-full\"><\/p><\/div>\n<p>                                                                                                <span class=\"custom-subheading-styles\">Racing<\/span><\/p>\n<p>                            <span class=\"text-base text-black font-bold mx-0 my-2.5 p-0 block custom-text-styles\">Coppi e Bartali: Mauro Schmid eclipses Axel Laurance to claim overall victory in thrilling two-up sprint on final day<\/span><\/p><\/div>\n<div class=\"relative recirc-feed sponsored-card min-h-[250px]\" data-recirc-id=\"article-river-stacked-ads:native-cards\" data-mrf-recirculation=\"article-river-ads\" data-nosnippet data-ad-slot-path=\"feed-sponsored-post\" data-attribute-device=\"all\">\n<div class=\"sponsored-post max-w-full [&amp;.sponsored-post--loaded+.sponsored-post--placeholder]:hidden [&amp;[data-bordeaux-hook-loaded]+.sponsored-post--placeholder]:hidden\"><\/div>\n<div class=\"sponsored-post--placeholder max-w-full animate-pulse\">\n        <span><br \/>\n            <span class=\"font-ui-heading bg-[--ad-slot-badge-bg-color] absolute text-xs font-bold leading-[14px] tracking-normal text-left text-white px-2.5 py-[5px] left-0 top-0 empty:hidden\"><\/span><\/p>\n<div class=\"aspect-[--img-listing-aspect-ratio,16\/9] relative bg-gray-200\"><\/div>\n<p>            <span class=\"text-base text-black font-bold mx-0 my-2.5 p-0 block bg-gray-100\">\u00a0<br \/>\u00a0<\/span><br \/>\n        <\/span>\n    <\/div>\n<\/div>\n<div>\n<div class=\"aspect-[--img-listing-aspect-ratio,16\/9] relative mb-3.5\">\n<p>    <img decoding=\"async\" src=\"https:\/\/cdn.mos.cms.futurecdn.net\/ksH22bu9SS63SErQgVLwCe.jpg\" alt=\"Jonas Vingegaard wins stage 6 at Volta a Cataluya on mountaintop finish in Queralt\" loading=\"lazy\" class=\"object-cover w-full h-full\"><\/p><\/div>\n<p>                                                                                                <span class=\"custom-subheading-styles\">Racing<\/span><\/p>\n<p>                            <span class=\"text-base text-black font-bold mx-0 my-2.5 p-0 block custom-text-styles\">Volta a Catalunya: Jonas Vingegaard takes back-to-back wins on stage 6 atop summit finish in Queralt, increases race lead<\/span><\/p><\/div>\n<div class=\"relative recirc-feed sponsored-card min-h-[250px]\" data-recirc-id=\"article-river-stacked-ads:native-cards\" data-mrf-recirculation=\"article-river-ads\" data-nosnippet data-ad-slot-path=\"feed-sponsored-post\" data-attribute-device=\"all\">\n<div class=\"sponsored-post max-w-full [&amp;.sponsored-post--loaded+.sponsored-post--placeholder]:hidden [&amp;[data-bordeaux-hook-loaded]+.sponsored-post--placeholder]:hidden\"><\/div>\n<div class=\"sponsored-post--placeholder max-w-full animate-pulse\">\n        <span><br \/>\n            <span class=\"font-ui-heading bg-[--ad-slot-badge-bg-color] absolute text-xs font-bold leading-[14px] tracking-normal text-left text-white px-2.5 py-[5px] left-0 top-0 empty:hidden\"><\/span><\/p>\n<div class=\"aspect-[--img-listing-aspect-ratio,16\/9] relative bg-gray-200\"><\/div>\n<p>            <span class=\"text-base text-black font-bold mx-0 my-2.5 p-0 block bg-gray-100\">\u00a0<br \/>\u00a0<\/span><br \/>\n        <\/span>\n    <\/div>\n<\/div><\/div>\n<\/p><\/div>\n<\/aside>\n<\/section>\n<div class=\"related-articles-block\">\n<\/div>\n<\/div>\n<\/div>\n<div data-widget-type=\"ads\" id=\"ads-middle-1\" class=\"clear-both widget widget-ads widget-ads-middle-1 widget-ads-ads-middle-1 widget-no-data widget-ads-flexi_ads_middle1\">\n<div id=\"bdx_flexi_ads_middle1\" data-type=\"ads\" data-ads-type=\"bordeaux\" class=\"flexi_ads_middle1\"><\/div>\n<\/div>\n<\/div>\n<div id=\"widgetArea17\" class=\"widget-area md:basis-1\/3 widget-area-g-md-vp-1-3 widget-area-g-lg-vp-1-3 widget-area-g-xl-vp-1-3 page-widget-area-17\">\n<div data-widget-type=\"empty\" id=\"sidebar\" class=\"clear-both widget widget-empty widget-sidebar widget-empty-sidebar widget-no-data widget-empty\">\n<\/div>\n<div data-widget-type=\"empty\" id=\"sidebar-top\" class=\"clear-both widget widget-empty widget-sidebar-top widget-empty-sidebar-top ad-unit widget-no-data widget-empty\">\n<\/div>\n<div data-widget-type=\"contentparsed\" id=\"follow-us-on-google-news\" class=\"clear-both widget widget-contentparsed widget-follow-us-on-google-news widget-contentparsed-follow-us-on-google-news widget-content-parsed widget-content-parsed-curated \">\n<div class=\"wcp-item-content\">\n<\/div>\n<\/div>\n<div data-widget-type=\"empty\" id=\"sidebar-popular-top\" class=\"clear-both widget widget-empty widget-sidebar-popular-top widget-empty-sidebar-popular-top ad-unit widget-no-data widget-empty\">\n<\/div>\n<div data-widget-type=\"dynamic\" id=\"popular-data\" class=\"clear-both widget widget-dynamic widget-popular-data widget-dynamic-popular-data widget-dynamic-fter-popular-box\">\n<div class=\"clear-both widget-header\">\n<\/div>\n<div class=\"wdn-fte-pb pos-relative space-t20\n\"><\/p>\n<div id=\"slice-container-popularBox\" class=\"slice-container popular-box-slice popularBox slice-container-popularBox\">\n<section data-hydrate=\"true\" class=\"popular-box\">\n<div class=\"popular-box__label\">\n<div class=\"popular-box__label__tab popular-box__label__tab--active\" role=\"heading\">LATEST ARTICLES<\/div>\n<\/div>\n<ol class=\"popular-box__articles-list popular-box__articles-list--active\">\n<li class=\"popular-box__article-list\">\n<div class=\"popular-box__article-list__container\">\n<div class=\"popular-box__article-list__image-wrapper\">\n<div><img decoding=\"async\" src=\"https:\/\/cdn.mos.cms.futurecdn.net\/wt2YKRiBZcg73oAhBrsDke.jpg\" alt=\"Bradyn Lange wins Lake Sonoma MTB 2025\" class=\"popular-box__article-list__image image__image\" loading=\"lazy\"><\/div>\n<\/div>\n<div class=\"popular-box__article-list__content\">\n<div class=\"popular-box__article-list__number-text\">1<\/div>\n<div class=\"popular-box__article-list__heading\">Bradyn Lange and Larissa Hartog claim victories at The Hills Gravel<\/div>\n<\/div>\n<\/div>\n<\/li>\n<li class=\"popular-box__article-list\">\n<div class=\"popular-box__article-list__container\">\n<div class=\"popular-box__article-list__content\">\n<div class=\"popular-box__article-list__number-text\">2<\/div>\n<div class=\"popular-box__article-list__heading\">&#8216;It was so close&#8217; &#8211; Breakthrough moment sees Fleur Moors on the podium at In Flanders Fields<\/div>\n<\/div>\n<\/div>\n<\/li>\n<li class=\"popular-box__article-list\">\n<div class=\"popular-box__article-list__container\">\n<div class=\"popular-box__article-list__content\">\n<div class=\"popular-box__article-list__number-text\">3<\/div>\n<div class=\"popular-box__article-list__heading\">&#8216;It almost went wrong&#8217; \u2013 Despite sprint scare, Lorena Wiebes took one of her most impressive wins yet at In Flanders Fields<\/div>\n<\/div>\n<\/div>\n<\/li>\n<li class=\"popular-box__article-list\">\n<div class=\"popular-box__article-list__container\">\n<div class=\"popular-box__article-list__content\">\n<div class=\"popular-box__article-list__number-text\">4<\/div>\n<div class=\"popular-box__article-list__heading\">&#8216;It&#8217;s in favour of Lorena, that&#8217;s a bit of a pity&#8217; \u2013 FDJ United-Suez say UAE Team ADQ had to roll attacks against Wiebes at In Flanders Fields, but defend working with her <\/div>\n<\/div>\n<\/div>\n<\/li>\n<li class=\"popular-box__article-list\">\n<div class=\"popular-box__article-list__container\">\n<div class=\"popular-box__article-list__content\">\n<div class=\"popular-box__article-list__number-text\">5<\/div>\n<div class=\"popular-box__article-list__heading\">Cl\u00e9ment Venturini claims first win in eight years at Roue Tourangelle<\/div>\n<\/div>\n<\/div>\n<\/li>\n<\/ol>\n<\/section>\n<\/div>\n<\/div>\n<\/div>\n<div data-widget-type=\"empty\" id=\"sidebar-popular-bottom\" class=\"clear-both widget widget-empty widget-sidebar-popular-bottom widget-empty-sidebar-popular-bottom ad-unit widget-no-data widget-empty\">\n<\/div>\n<\/div>\n<\/div>\n<\/article>\n<article class=\"page-content-onecol flex-1\nnews-article article\n\"><\/p>\n<div class=\"widget-area-group widget-area-group-2col flex flex-wrap box-border\">\n<div id=\"widgetArea16\" class=\"widget-area basis-full md:basis-2\/3 widget-area-g-md-vp-2-3 widget-area-g-lg-vp-2-3 widget-area-g-xl-vp-2-3 page-widget-area-16\">\n<div data-widget-type=\"hero\" id=\"hero\" class=\"clear-both widget widget-hero widget-hero widget-hero-hero widget-hero widget-hero-fter-news\">\n<div class=\"clear-both widget-header\">\n<\/div>\n<div class=\"news-article\">\n<header data-component-name=\"Article:Hero\">\n<nav class=\"breadcrumb\" aria-label=\"Breadcrumbs\">\n<ol>\n<li>\nPro Cycling\n<\/li>\n<li>\nRacing\n<\/li>\n<li>\nWomen&#8217;s Cycling\n<\/li>\n<li>\nGravel\n<\/li>\n<li>\nGravel Earth Series\n<\/li>\n<\/ol>\n<\/nav>\n<h1>Bradyn Lange and Larissa Hartog claim victories at The Hills Gravel<\/h1>\n<div class=\"kiosq-metered-message-content\">\n<p id=\"kiosq-metered-message\" class=\"kiosq-metered-message\">\n<\/div>\n<div class=\"byline-social\">\n<div class=\"byline\">\nRace Results<\/p>\n<div class=\"text-[13px]\">\n<span><br \/>\nBy<br \/>\nKirsten Frattini <\/span><br \/>\n<span><br \/>\npublished<br \/>\n<time data-component-name=\"UI:DateTime\" datetime=\"2026-03-29T20:05:05Z\" class=\"relative-date\"><br \/>\n29 March 2026<br \/>\n<\/time><br \/>\n<\/span>\n<\/div>\n<\/div>\n<p class=\"strapline\">Back-to-back victories for Canyon x DT Swiss All-Terrain Racing in Italy<\/p>\n<\/div>\n<aside class=\"mx-auto mb-4 flex items-center justify-start mx-0 my-5 p-0\" id=\"affiliate-disclaimer\" data-component-name=\"AffiliateDisclaimer\" data-hawk-message=\"Affiliate disclaimer removed because hawk deemed there are no affiliate links on this page\">\n<p class=\"text-700 mb-2 text-[12px] leading-[18px] md:text-[13px] [&amp;&gt;a]:text-gray-700 [&amp;&gt;a]:underline\">\nWhen you purchase through links on our site, we may earn an affiliate commission. Here\u2019s how it works.\n<\/p>\n<\/aside>\n<\/header>\n<\/div>\n<\/div>\n<div data-widget-type=\"contentparsed\" id=\"content\" class=\"clear-both widget widget-contentparsed widget-content widget-contentparsed-content widget-content-parsed widget-content-parsed-content_document \">\n<div class=\"wcp-item-content\">\n<section class=\"content-wrapper\">\n<div class=\"box less-space hero-image-wrapper\">\n<figure class=\"mb-0\">\n<p><img decoding=\"async\" src=\"https:\/\/cdn.mos.cms.futurecdn.net\/wt2YKRiBZcg73oAhBrsDke.jpg\" alt=\"Bradyn Lange wins Lake Sonoma MTB 2025\" class=\"block-image-ads hero-image absolute top-0 left-0 w-full h-full object-center\" data-component-name=\"Image\"><figcaption class=\"mt-2\"> <span class=\"caption-text\">Bradyn Lange<\/span><br \/>\n<span class=\"credit\">(Image credit: @b.tuckerpics \/ Grasshopper Series 2025)<\/span><br \/>\n<\/figcaption><\/figure>\n<\/div>\n<div data-component-name=\"Article:JumpTo\" class=\"contents\" data-only-inline=\"1\">\n<div class=\"visible flex flex-row flex-nowrap sticky max-lg:-ml-5 top-[60px] sm:top-0 z-[9994] w-screen lg:w-full h-[50px] bg-white p-0 mb-5 border-neutral-200 border border-solid\" data-component-name=\"Article:JumpTo:Variants:Inline\" data-analytics-id=\"sticky-nav\" id=\"sticky-nav--inline\" data-mrf-recirculation=\"sticky-nav\">\n<div class=\"flex flex-row w-full h-full overflow-x-scroll overflow-y-hidden tracking-normal overscroll-x-contain\" id=\"sticky-nav__scroll-container\">\n<span class=\"pl-4 my-auto text-base font-semibold font-article-heading lg:pl-3 lg:text-sm whitespace-nowrap uppercase\">Jump to:<\/span><\/p>\n<ul class=\"flex flex-row w-auto border-y-0\">\n<li class=\"inline-flex after:content-[''] after:inline-block after:relative after:h-3\/6 after:w-px after:bg-neutral-200 after:top-1\/4\nborder-b-[3px] border-b-[var(--jumpto-underline-color)] border-solid font-semibold \" data-component-name=\"Article:JumpTo:Inline:Link\">\n<p>Results<\/p>\n<\/li>\n<\/ul>\n<\/div>\n<\/div>\n<\/div>\n<div id=\"article-body\" class=\"text-copy bodyCopy auto paywall-locker\">\n<div data-analytics-id=\"utility-bar\" id=\"utility-bar\" class=\"font-ui-heading flex justify-between items-center py-2 border-t border-b border-gray-300 border-solid mb-5 mx-auto\" data-component-name=\"UtilityBar\" data-mrf-recirculation=\"utility-bar\">\n<div class=\"flex gap-2 text-[#333] subcontainer\">\n<div class=\"relative tooltip-container\" role=\"tooltip\">\n<div data-component-name=\"Social:Dropdown\" role=\"menu\" id=\"utilitybar__dropdown--share\" aria-labelledby=\"utilitybar__button--share\" class=\"absolute left-0 top-full w-44 bg-white rounded-md shadow-md border border-neutral-200 z-[9996] list-none m-0 py-2 px-3 border-solid\">\n<ul class=\"!m-0\">\n<li class=\"!p-0 !m-0 list-none border-b border-gray-200 border-solid\">\n<\/li>\n<li class=\"!p-0 !m-0 list-none border-b border-gray-200 border-solid\">\n<p>Facebook<\/p>\n<\/li>\n<li class=\"!p-0 !m-0 list-none border-b border-gray-200 border-solid\">\n<p>X<\/p>\n<\/li>\n<li class=\"!p-0 !m-0 list-none border-b border-gray-200 border-solid\">\n<p>Pinterest<\/p>\n<\/li>\n<li class=\"!p-0 !m-0 list-none border-b border-gray-200 border-solid\">\n<p>Email<\/p>\n<\/li>\n<\/ul>\n<\/div>\n<div class=\"font-ui-heading max-sm:hidden tooltip absolute left-1\/2 bg-gray-900 text-white text-xs leading-none px-3 py-1.5 rounded-md z-[10001] whitespace-nowrap\" id=\"tooltip-share-this-article\" role=\"tooltip\" aria-hidden=\"true\">\nShare this article\n<\/div>\n<\/div>\n<div class=\"relative tooltip-container\" role=\"tooltip\">\n<p><span class=\"ml-1 inline-flex h-5 px-2 shrink-0 items-center justify-center self-center overflow-hidden whitespace-nowrap rounded-[10px] bg-primary-500 text-[11px] leading-none font-ui-heading font-semibold text-white\"><br \/>\n<span>0<\/span><br \/>\n<span><\/span><br \/>\n<\/span><\/p>\n<div class=\"font-ui-heading max-sm:hidden tooltip absolute left-1\/2 bg-gray-900 text-white text-xs leading-none px-3 py-1.5 rounded-md z-[10001] whitespace-nowrap\" id=\"tooltip-join-the-conversation\" role=\"tooltip\" aria-hidden=\"true\">\nJoin the conversation\n<\/div>\n<\/div>\n<\/div>\n<div class=\"flex gap-2 text-[#333] subcontainer\">\n<div class=\"relative tooltip-container\" role=\"tooltip\">\n<p>Follow us<\/p>\n<div class=\"font-ui-heading max-sm:hidden tooltip absolute left-1\/2 bg-gray-900 text-white text-xs leading-none px-3 py-1.5 rounded-md z-[10001] whitespace-nowrap\" id=\"tooltip-add-us-as-a-preferred-source-on-google\" role=\"tooltip\" aria-hidden=\"true\">\nAdd us as a preferred source on Google\n<\/div>\n<\/div>\n<div class=\"relative tooltip-container\" role=\"tooltip\">\n<div role=\"dialog\" class=\"hidden fixed inset-0 z-[999999999999999999] bg-[#33333370] flex items-center justify-center p-6 newsletter-modal\" data-batch-endpoint=\"https:\/\/newsletter-subscribe.futureplc.com\/v2\/submission\/submit_batch\" data-batch-source=\"302\" data-component-name=\"Newsletter:Modal\">\n<div class=\"bg-neutral-100 rounded-xl shadow-xl w-full lg:w-2\/3 xl:w-1\/2 p-6 relative max-h-[95vh] overflow-y-auto\">\n<aside class=\"[&amp;&gt;svg]:max-h-10 [&amp;&gt;svg]:w-auto [&amp;&gt;svg]:h-full my-4\">\n<\/aside>\n<div id=\"newsletter-capture-modal\">\n<div class=\"sm:text-xl text-base font-bold text-black mb-3 p-0 bg-inherit font-ui-heading\">Get The Leadout Newsletter<\/div>\n<p class=\"text-gray-600 mb-4 text-sm sm:text-base font-article-copy\">The latest race content, interviews, features, reviews and expert buying guides, direct to your inbox!<\/p>\n<div data-component-name=\"Newsletter:NewsletterForm\">\n<div class=\"grid grid-cols-1 sm:grid-cols-10\">\n<\/div>\n<div role=\"status\" aria-live=\"polite\" class=\"grid min-h-[140px] w-full place-items-center rounded-lg p-6 mb-4\">\n<\/div>\n<p><span role=\"alert\" aria-live=\"assertive\"><\/span><\/p>\n<hr class=\"modal_hr mt-3 mb-4 h-px bg-gray-300 border-0\">\n<div class=\"modal_footer block text-left opacity-80 text-[.8em] leading-[1.3em] mt-2 [&amp;&gt;a]:underline font-article-copy\">\nBy submitting your information you agree to the Terms &amp; Conditions and Privacy Policy and are aged 16 or over.\n<\/div>\n<\/div>\n<\/div>\n<div id=\"newsletter-modal-confirmation\" class=\"hidden\">\n<p class=\"sm:text-xl text-base font-bold text-black mb-3 p-0\">You are now subscribed<\/p>\n<p class=\"text-gray-600 mb-4 text-sm sm:text-base\">Your newsletter sign-up was successful<\/p>\n<div id=\"newsletter-modal-confirmation__userlogin\" class=\"hidden\">\n<hr class=\"my-5 h-px bg-gray-300 border-0\">\n<div class=\"items-start flex flex-col h-full justify-between\">\n<div class=\"flcw-text pb-5 pt-2 leading-[1.3]\"> An account already exists for this email address, please log in.<\/div>\n<\/div>\n<\/div>\n<\/div>\n<\/div>\n<\/div>\n<div class=\"font-ui-heading max-sm:hidden tooltip absolute left-1\/2 bg-gray-900 text-white text-xs leading-none px-3 py-1.5 rounded-md z-[10001] whitespace-nowrap\" id=\"tooltip-subscribe-to-our-newsletter\" role=\"tooltip\" aria-hidden=\"true\">\nSubscribe to our newsletter\n<\/div>\n<\/div>\n<\/div>\n<\/div>\n<p id=\"elk-a4935d23-0634-4a08-9e0c-17513a46c906\">Canyon x DT Swiss All-Terrain Racing riders Larissa Hartog and Bradyn Lange claimed respective solo victories in the elite women&#8217;s and elite men&#8217;s categories at The Hills Gravel, the second round of the Gravel Earth Series held in Susegana (Treviso), Italy.<\/p>\n<div id=\"ad-unit-1\" class=\"ad-unit\"><\/div>\n<p>The races covered 124km and wound through the scenic Prosecco vineyards, featuring 1,915 metres of elevation gain<\/p>\n<p><a id=\"elk-seasonal\"><\/a><\/p>\n<aside data-block-type=\"embed\" data-render-type=\"fte\" data-skip=\"dealsy\" data-widget-type=\"seasonal\" class=\"hawk-root\"><\/aside>\n<p id=\"elk-a4935d23-0634-4a08-9e0c-17513a46c906-2\">In the women&#8217;s race, Hartog, from the Netherlands, crossed the line with a winning time of 5:01:45, which was 1:42 ahead of European Champion from Italy Erica Magnaldi (UAE Team ADQ), while Switzerland\u2019s Elena Hartmann completed the podium in third place on the day at 1:48 back..<\/p>\n<p><span class=\"article-continues-below block py-2 text-sm\">Article continues below <\/span><\/p>\n<div id=\"mid-article-leaderboard\" class=\"ad-unit sm:hidden block\"><\/div>\n<div class=\"van_vid_carousel\">\n<div class=\"van_vid_carousel__padding\">\n<div class=\"van_vid_carousel__container\">\n<div class=\"jw-carousel-signposting\"><span class=\"jw-carousel-signposting__title\"><\/span><\/div>\n<\/div>\n<\/div>\n<\/div>\n<aside data-component-name=\"Recirculation:ArticleRiver\" data-recirculation-type=\"inline\" data-mrf-recirculation=\"Trending Bar\" data-nosnippet class=\"clear-both pb-0 pt-2 mb-4\">\n        <span class=\"\n            flex\n            after:content-[''] after:flex-1 after:ml-4 after:my-[0.7rem] after:border-t after:border-solid after:border-t-[#ccc]\n            before:content-[''] before:flex-1 before:mr-4 before:my-[0.7rem] before:border-t before:border-solid before:border-t-[#ccc]\n            font-article-heading pb-0 !text-base uppercase sm:text-sm font-bold\n        \"><br \/>\n            You may like<br \/>\n        <\/span><\/p>\n<ul class=\"flex flex-col gap-0 m-0\">\n<li class=\"m-0 list-none border-b border-solid border-[#ededed] py-2\" data-recirculation-id=\"recirculation-card-1\" data-analytics-id=\"recirculation-inline-1\" data-mrf-recirculation=\"recirculation-inline-1\">\n<p>    <img decoding=\"async\" src=\"https:\/\/cdn.mos.cms.futurecdn.net\/ESxGsguX7eAo7mkQAqqH5V.jpg\" alt=\"Carolin Schiff will be part of Canyon x DT Swiss All-Terrain Racing in 2026, a new 13-rider off-road squad\" loading=\"lazy\" class=\"aspect-square size-[75px] object-cover flex-shrink-0 rounded-lg\"><\/p>\n<p>                        <span class=\"\n                            w-full font-article-heading line-clamp-3 md:line-clamp-2 text-base font-medium\">Former Unbound Gravel winner Carolin Schiff returns from health issues with new 13-rider Canyon x DT Swiss All-Terrain Racing team<\/span><\/p>\n<\/li>\n<li class=\"m-0 list-none border-b border-solid border-[#ededed] py-2\" data-recirculation-id=\"recirculation-card-2\" data-analytics-id=\"recirculation-inline-2\" data-mrf-recirculation=\"recirculation-inline-2\">\n<p>    <img decoding=\"async\" src=\"https:\/\/cdn.mos.cms.futurecdn.net\/UgUkn5FySF3DNhE7vYpMyN.jpg\" alt=\"Romain Bardet claims the elite men&amp;#039;s win at RADL GRVL presented by Quad Lock 2026\" loading=\"lazy\" class=\"aspect-square size-[75px] object-cover flex-shrink-0 rounded-lg\"><\/p>\n<p>                        <span class=\"\n                            w-full font-article-heading line-clamp-3 md:line-clamp-2 text-base font-medium\">Nicole Frain sweeps RADL GRVL and first-ever Oceania Gravel Championship for elite women while Romain Bardet earns gravel race victory for elite men<\/span><\/p>\n<\/li>\n<li class=\"m-0 list-none border-b border-solid border-[#ccc] py-2\" data-recirculation-id=\"recirculation-card-3\" data-analytics-id=\"recirculation-inline-3\" data-mrf-recirculation=\"recirculation-inline-3\">\n<p>    <img decoding=\"async\" src=\"https:\/\/cdn.mos.cms.futurecdn.net\/UUywAkmkw4DmdVZUfhdXS8.jpg\" alt=\"Out on the course of the Ceder in 2025\" loading=\"lazy\" class=\"aspect-square size-[75px] object-cover flex-shrink-0 rounded-lg\"><\/p>\n<p>                        <span class=\"\n                            w-full font-article-heading line-clamp-3 md:line-clamp-2 text-base font-medium\">UCI Gravel World Series: Hayley Preen attacks on Uitkyk Pass to claim win at The Ceder while Filippo Colombo scores maiden gravel victory<\/span><\/p>\n<\/li>\n<\/ul>\n<\/aside>\n<p>&#8220;Following an incredible win earlier, Larissa Hartog ran away with it in the women\u2019s race \u2013 making it two from two today for Canyon x DT Swiss All-Terrain Racing. What a statement,&#8221; her team posted to Instagram after the race.<\/p>\n<div id=\"ad-unit-2\" class=\"ad-unit\"><\/div>\n<p>In the elite men&#8217;s race held earlier that day, Hartog&#8217;s teammate Lange, from the USA, took the victory after a 40km solo breakaway, crossing the line with a winning time of 4:21:10, which was 11 seconds ahead of runner-up Czech Petr Vakoc (SK Velo Praha) and 33 seconds ahead of third-placed C\u00e9lestin Guillon (Gravel Nation).<\/p>\n<p>&#8220;After a gutsy 40km solo breakaway, Bradyn Lange, takes the win at The Hills Gravel \u2013 securing our first ever victory. A huge ride for a huge moment,&#8221; his team Canyon x DT Swiss All-Terrain Racing posted to Instagram on Saturday.<\/p>\n<div class=\"instagram-embed\" id=\"elk-DWbZJEKIvIJ\">\n<blockquote class=\"instagram-media\" data-instgrm-captioned data-instgrm-version=\"6\">\n<p>A post shared by Canyon x DT Swiss All-Terrain Racing (@canyon_atr)<\/p>\n<p>A photo posted by on <\/p>\n<\/blockquote>\n<\/div>\n<div class=\"instagram-embed\" id=\"elk-DWbjD2ToHo9\">\n<blockquote class=\"instagram-media\" data-instgrm-captioned data-instgrm-version=\"6\">\n<p>A post shared by Canyon x DT Swiss All-Terrain Racing (@canyon_atr)<\/p>\n<p>A photo posted by on <\/p>\n<\/blockquote>\n<\/div>\n<p><a id=\"elk-results\" class=\"paywall\" aria-hidden=\"true\"><\/a><\/p>\n<h3 class=\"article-body__section\" id=\"section-results\"><span>Results<\/span><\/h3>\n<div id=\"slice-container-table-TCqVzYft4WpfGKo9fZ7j6b-GjC3MB639FClz5CJzxoMb9Gs5EhmEwco\" class=\"slice-container table-wrapper table-TCqVzYft4WpfGKo9fZ7j6b-GjC3MB639FClz5CJzxoMb9Gs5EhmEwco slice-container-table\">\n<div class=\"table__instruction\">Swipe to scroll horizontally<\/div>\n<div class=\"table__container\">\n<table class=\"table__wrapper table__wrapper--inbodyContent table__wrapper--sticky table__wrapper--divider\">\n<caption class=\"table__caption table__caption--top table__caption--left\">Elite Women<\/caption>\n<tbody class=\"table__body\">\n<tr class=\"table__body__row\">\n<td class=\"table_body__data\" colspan=\"1\">\n<p>Position<\/p>\n<\/td>\n<td class=\"table_body__data\" colspan=\"1\">\n<p>Name (country)<\/p>\n<\/td>\n<td class=\"table_body__data\" colspan=\"1\">\n<p>Time<\/p>\n<\/td>\n<\/tr>\n<tr class=\"table__body__row\">\n<td class=\"table_body__data\" colspan=\"1\">\n<p>1<\/p>\n<\/td>\n<td class=\"table_body__data\" colspan=\"1\">\n<p>Larissa Hartog (Netherlands)<\/p>\n<\/td>\n<td class=\"table_body__data\" colspan=\"1\">\n<p>5:01:45<\/p>\n<\/td>\n<\/tr>\n<tr class=\"table__body__row\">\n<td class=\"table_body__data\" colspan=\"1\">\n<p>2<\/p>\n<\/td>\n<td class=\"table_body__data\" colspan=\"1\">\n<p>Erica Magnaldi (Italy)<\/p>\n<\/td>\n<td class=\"table_body__data\" colspan=\"1\">\n<p>0:01:42<\/p>\n<\/td>\n<\/tr>\n<tr class=\"table__body__row\">\n<td class=\"table_body__data\" colspan=\"1\">\n<p>3<\/p>\n<\/td>\n<td class=\"table_body__data\" colspan=\"1\">\n<p>Elena Hartmann (Switzerland)<\/p>\n<\/td>\n<td class=\"table_body__data\" colspan=\"1\">\n<p>0:01:48<\/p>\n<\/td>\n<\/tr>\n<\/tbody>\n<\/table>\n<\/div>\n<\/div>\n<div id=\"slice-container-table-TCqVzYft4WpfGKo9fZ7j6b-fGo0wI7FgX2eNASUs4x6ZgUGz6aksLTJ\" class=\"slice-container table-wrapper table-TCqVzYft4WpfGKo9fZ7j6b-fGo0wI7FgX2eNASUs4x6ZgUGz6aksLTJ slice-container-table\">\n<div class=\"table__instruction\">Swipe to scroll horizontally<\/div>\n<div class=\"table__container\">\n<table class=\"table__wrapper table__wrapper--inbodyContent table__wrapper--sticky table__wrapper--divider\">\n<caption class=\"table__caption table__caption--top table__caption--left\">Elite Men<\/caption>\n<tbody class=\"table__body\">\n<tr class=\"table__body__row\">\n<td class=\"table_body__data\" colspan=\"1\">\n<p>Position<\/p>\n<\/td>\n<td class=\"table_body__data\" colspan=\"1\">\n<p>Name (country)<\/p>\n<\/td>\n<td class=\"table_body__data\" colspan=\"1\">\n<p>Time<\/p>\n<\/td>\n<\/tr>\n<tr class=\"table__body__row\">\n<td class=\"table_body__data\" colspan=\"1\">\n<p>1<\/p>\n<\/td>\n<td class=\"table_body__data\" colspan=\"1\">\n<p>Bradyn Lange (USA)<\/p>\n<\/td>\n<td class=\"table_body__data\" colspan=\"1\">\n<p>4:21:10<\/p>\n<\/td>\n<\/tr>\n<tr class=\"table__body__row\">\n<td class=\"table_body__data\" colspan=\"1\">\n<p>2<\/p>\n<\/td>\n<td class=\"table_body__data\" colspan=\"1\">\n<p>Petr Vakoc (Czech Republic)\u00a0<\/p>\n<\/td>\n<td class=\"table_body__data\" colspan=\"1\">\n<p>0:00:11<\/p>\n<\/td>\n<\/tr>\n<tr class=\"table__body__row\">\n<td class=\"table_body__data\" colspan=\"1\">\n<p>3<\/p>\n<\/td>\n<td class=\"table_body__data\" colspan=\"1\">\n<p>C\u00e9lestin Guillon (France)<\/p>\n<\/td>\n<td class=\"table_body__data\" colspan=\"1\">\n<p>0:00:33<\/p>\n<\/td>\n<\/tr>\n<\/tbody>\n<\/table>\n<\/div>\n<\/div>\n<div id=\"slice-container-newsletterForm-articleInbodyContent-TCqVzYft4WpfGKo9fZ7j6b\" class=\"slice-container newsletter-inbodyContent-slice newsletterForm-articleInbodyContent-TCqVzYft4WpfGKo9fZ7j6b slice-container-newsletterForm\">\n<div data-hydrate=\"true\" class=\"newsletter-form__wrapper newsletter-form__wrapper--inbodyContent\">\n<div class=\"newsletter-form__container\">\n<section class=\"newsletter-form__top-bar\">\n<div class=\"newsletter-form__header\">Get The Leadout Newsletter<\/div>\n<\/section>\n<section class=\"newsletter-form__main-section\">\n<p class=\"newsletter-form__strapline\">The latest race content, interviews, features, reviews and expert buying guides, direct to your inbox!<\/p>\n<footer class=\"newsletter-form__footer \">By submitting your information you agree to the Terms &amp; Conditions and Privacy Policy and are aged 16 or over.<\/footer>\n<\/section>\n<\/div>\n<\/div>\n<\/div>\n<\/div>\n<div id=\"kiosq-app-paywall-js\"><\/div>\n<div id=\"this-will-be-used-for-mpu-2\"><\/div>\n<div id=\"slice-container-authorBio-TCqVzYft4WpfGKo9fZ7j6b\" class=\"slice-container slice-author-bio authorBio-TCqVzYft4WpfGKo9fZ7j6b slice-container-authorBio\">\n<div class=\"author author__default-layout author--separator author--collapsible\" data-hydrate=\"true\">\n<div class=\"author__header\">\n<div class=\"author__avatar-block\">\n<figure class=\"image-wrapped__wrapper\" data-bordeaux-image-check=\"false\">\n<div class=\"image-wrapped__widthsetter\">\n<div class=\"image-wrapped__aspect-padding\">\n<div><img decoding=\"async\" src=\"https:\/\/cdn.mos.cms.futurecdn.net\/xp8TRbwoGZ3CJANhg7sBy4.jpg\" alt=\"Kirsten Frattini\" class=\"author__avatar image-wrapped__image image__image\" loading=\"lazy\"><\/div>\n<\/div>\n<\/div>\n<\/figure>\n<\/div>\n<div class=\"author__heading\">\n<div class=\"author__name\">Kirsten Frattini<\/div>\n<div class=\"author__social\">\n<nav class=\"button-social-group author__social-buttons\" aria-labelledby=\"button-social-group- author__social-buttons\">\n<div id=\"button-social-group- author__social-buttons\">Social Links Navigation<\/div>\n<p><span class=\"button-social__icon\"><\/span><span class=\"button-social__icon\"><\/span><span class=\"button-social__icon\"><\/span><span class=\"button-social__icon button-social__icon-website\"><\/span><span class=\"button-social__icon button-social__icon-email\"><\/span><\/nav>\n<\/div>\n<div class=\"author__role\">Editor<\/div>\n<\/div>\n<\/div>\n<div class=\"author__bio-wrapper\">\n<div class=\"author__biography\">\n<p>Kirsten Frattini has been the Editor of Cyclingnews since December 2025, overseeing editorial operations and output across the brand and delivering quality, engaging content.<\/p>\n<p>She manages global budgets, racing &amp; events, production scheduling, and contributor commissions, collaborating across content sections and teams in the UK, Europe, North America, and Australia to ensure audience and subscription growth across the brand.<\/p>\n<p>Kirsten has a background in Kinesiology and Health Science. She has been involved in cycling from the community and grassroots level to professional cycling&#8217;s biggest races, reporting on the WorldTour, Spring Classics, Tours de France, World Championships and Olympic Games.<\/p>\n<\/div>\n<\/div>\n<\/div>\n<\/div>\n<\/section>\n<div id=\"viafoura-comments\" aria-hidden=\"true\"><\/div>\n<div class=\"mt-6 lg:px-0 relative max-w-[1070px] mx-auto viafoura-twig-component px-4\" data-component-name=\"Viafoura:Comments\" data-nosnippet data-community-guidelines-text=\"&lt;p class='vfcustom-community-guidelines'&gt;Please follow our &lt;a href=&quot;https:\/\/www.cyclingnews.com\/about\/#section-community-guidelines&quot; target=&quot;_blank&quot;&gt;community guidelines&lt;\/a&gt;.&lt;\/p&gt;\" data-join-the-conversation-text=\"Join the Conversation\">\n<div class=\"relative h-[--truncate-height] sm:h-[--truncate-desktop-height] overflow-hidden transition-[height] duration-150\" data-test-id=\"container\" data-component-name=\"Util:Truncate\" id=\"viafoura-comments-container\">\n<div class=\"relative z-10 viafoura\" id=\"viafoura-comment-wrapper\" data-test-id=\"content\">\n<div class=\"viafoura\">\n<div>\n<\/div>\n<\/div>\n<\/div>\n<div class=\"absolute bg-gradient-to-t from-[--truncate-gradient-color,white] from-50% h-28 z-20 w-full bottom-0 flex items-end justify-center px-0 rounded-none\">\n<\/div>\n<\/div>\n<div class=\"absolute top-0 left-0 w-full h-full flex items-center justify-center z-50 bg-white\/90 border-1\">\n<div class=\"p-2 text-center\">\n<p class=\"mb-3 !text-lg\">You must confirm your public display name before commenting<\/p>\n<p class=\"mb-3 !text-sm\">Please logout and then login again, you will then be prompted to enter your display name.<\/p>\n<\/div>\n<\/div>\n<\/div>\n<div class=\"infinite-container\" data-analytics-id=\"infinite-container\" data-component-name=\"SponsoredScroll\" data-mrf-recirculation=\"infinite-container\">\n<div class=\"infinite-trigger\" aria-hidden=\"true\"><\/div>\n<\/div>\n<section class=\"mx-2 my-5 sm:mx-0\">\n<aside class=\"w-full\" data-nosnippet data-mrf-recirculation=\"article-river-stacked\">\n<div data-recirc-id=\"article-river-stacked-adviser:hybrid\">\n<div class=\"text-white py-4 px-3 mb-4 bg-[#333] uppercase font-bold custom-header-styles\">Read more<\/div>\n<div class=\"grid grid-cols-1 gap-4 mt-4 mb-5\">\n<div>\n<div class=\"aspect-[--img-listing-aspect-ratio,16\/9] relative mb-3.5\">\n<p>    <img decoding=\"async\" src=\"https:\/\/cdn.mos.cms.futurecdn.net\/ESxGsguX7eAo7mkQAqqH5V.jpg\" alt=\"Carolin Schiff will be part of Canyon x DT Swiss All-Terrain Racing in 2026, a new 13-rider off-road squad\" loading=\"lazy\" class=\"object-cover w-full h-full\"><\/p><\/div>\n<p>                                                                                                <span class=\"custom-subheading-styles\">Teams &amp; Riders<\/span><\/p>\n<p>                            <span class=\"text-base text-black font-bold mx-0 my-2.5 p-0 block custom-text-styles\">Former Unbound Gravel winner Carolin Schiff returns from health issues with new 13-rider Canyon x DT Swiss All-Terrain Racing team<\/span><\/p><\/div>\n<div class=\"relative recirc-feed sponsored-card min-h-[250px]\" data-recirc-id=\"article-river-stacked-ads:native-cards\" data-mrf-recirculation=\"article-river-ads\" data-nosnippet data-ad-slot-path=\"feed-sponsored-post\" data-attribute-device=\"all\">\n<div class=\"sponsored-post max-w-full [&amp;.sponsored-post--loaded+.sponsored-post--placeholder]:hidden [&amp;[data-bordeaux-hook-loaded]+.sponsored-post--placeholder]:hidden\"><\/div>\n<div class=\"sponsored-post--placeholder max-w-full animate-pulse\">\n        <span><br \/>\n            <span class=\"font-ui-heading bg-[--ad-slot-badge-bg-color] absolute text-xs font-bold leading-[14px] tracking-normal text-left text-white px-2.5 py-[5px] left-0 top-0 empty:hidden\"><\/span><\/p>\n<div class=\"aspect-[--img-listing-aspect-ratio,16\/9] relative bg-gray-200\"><\/div>\n<p>            <span class=\"text-base text-black font-bold mx-0 my-2.5 p-0 block bg-gray-100\">\u00a0<br \/>\u00a0<\/span><br \/>\n        <\/span>\n    <\/div>\n<\/div>\n<div>\n<div class=\"aspect-[--img-listing-aspect-ratio,16\/9] relative mb-3.5\">\n<p>    <img decoding=\"async\" src=\"https:\/\/cdn.mos.cms.futurecdn.net\/UgUkn5FySF3DNhE7vYpMyN.jpg\" alt=\"Romain Bardet claims the elite men&amp;#039;s win at RADL GRVL presented by Quad Lock 2026\" loading=\"lazy\" class=\"object-cover w-full h-full\"><\/p><\/div>\n<p>                                                                                                <span class=\"custom-subheading-styles\">Racing<\/span><\/p>\n<p>                            <span class=\"text-base text-black font-bold mx-0 my-2.5 p-0 block custom-text-styles\">Nicole Frain sweeps RADL GRVL and first-ever Oceania Gravel Championship for elite women while Romain Bardet earns gravel race victory for elite men<\/span><\/p><\/div>\n<div class=\"relative recirc-feed sponsored-card min-h-[250px]\" data-recirc-id=\"article-river-stacked-ads:native-cards\" data-mrf-recirculation=\"article-river-ads\" data-nosnippet data-ad-slot-path=\"feed-sponsored-post\" data-attribute-device=\"all\">\n<div class=\"sponsored-post max-w-full [&amp;.sponsored-post--loaded+.sponsored-post--placeholder]:hidden [&amp;[data-bordeaux-hook-loaded]+.sponsored-post--placeholder]:hidden\"><\/div>\n<div class=\"sponsored-post--placeholder max-w-full animate-pulse\">\n        <span><br \/>\n            <span class=\"font-ui-heading bg-[--ad-slot-badge-bg-color] absolute text-xs font-bold leading-[14px] tracking-normal text-left text-white px-2.5 py-[5px] left-0 top-0 empty:hidden\"><\/span><\/p>\n<div class=\"aspect-[--img-listing-aspect-ratio,16\/9] relative bg-gray-200\"><\/div>\n<p>            <span class=\"text-base text-black font-bold mx-0 my-2.5 p-0 block bg-gray-100\">\u00a0<br \/>\u00a0<\/span><br \/>\n        <\/span>\n    <\/div>\n<\/div>\n<div>\n<div class=\"aspect-[--img-listing-aspect-ratio,16\/9] relative mb-3.5\">\n<p>    <img decoding=\"async\" src=\"https:\/\/cdn.mos.cms.futurecdn.net\/UUywAkmkw4DmdVZUfhdXS8.jpg\" alt=\"Out on the course of the Ceder in 2025\" loading=\"lazy\" class=\"object-cover w-full h-full\"><\/p><\/div>\n<p>                                                                                                <span class=\"custom-subheading-styles\">Pro Cycling<\/span><\/p>\n<p>                            <span class=\"text-base text-black font-bold mx-0 my-2.5 p-0 block custom-text-styles\">UCI Gravel World Series: Hayley Preen attacks on Uitkyk Pass to claim win at The Ceder while Filippo Colombo scores maiden gravel victory<\/span><\/p><\/div>\n<div class=\"relative recirc-feed sponsored-card min-h-[250px]\" data-recirc-id=\"article-river-stacked-ads:native-cards\" data-mrf-recirculation=\"article-river-ads\" data-nosnippet data-ad-slot-path=\"feed-sponsored-post\" data-attribute-device=\"all\">\n<div class=\"sponsored-post max-w-full [&amp;.sponsored-post--loaded+.sponsored-post--placeholder]:hidden [&amp;[data-bordeaux-hook-loaded]+.sponsored-post--placeholder]:hidden\"><\/div>\n<div class=\"sponsored-post--placeholder max-w-full animate-pulse\">\n        <span><br \/>\n            <span class=\"font-ui-heading bg-[--ad-slot-badge-bg-color] absolute text-xs font-bold leading-[14px] tracking-normal text-left text-white px-2.5 py-[5px] left-0 top-0 empty:hidden\"><\/span><\/p>\n<div class=\"aspect-[--img-listing-aspect-ratio,16\/9] relative bg-gray-200\"><\/div>\n<p>            <span class=\"text-base text-black font-bold mx-0 my-2.5 p-0 block bg-gray-100\">\u00a0<br \/>\u00a0<\/span><br \/>\n        <\/span>\n    <\/div>\n<\/div>\n<div>\n<div class=\"aspect-[--img-listing-aspect-ratio,16\/9] relative mb-3.5\">\n<p>    <img decoding=\"async\" src=\"https:\/\/cdn.mos.cms.futurecdn.net\/JWZdHa6Q3Lx3tbn4f39QgL.jpg\" alt=\"Out the front of the men&amp;#039;s pro field on day 1 of Santa Vall 2026 (cropped image)\" loading=\"lazy\" class=\"object-cover w-full h-full\"><\/p><\/div>\n<p>                                                                                                <span class=\"custom-subheading-styles\">Pro Cycling<\/span><\/p>\n<p>                            <span class=\"text-base text-black font-bold mx-0 my-2.5 p-0 block custom-text-styles\">Sof\u00eda G\u00f3mez Villafa\u00f1e and Mads Wurtz Schmidt start the season on top step with overall victory at a muddy edition of Santa Vall<\/span><\/p><\/div>\n<div class=\"relative recirc-feed sponsored-card min-h-[250px]\" data-recirc-id=\"article-river-stacked-ads:native-cards\" data-mrf-recirculation=\"article-river-ads\" data-nosnippet data-ad-slot-path=\"feed-sponsored-post\" data-attribute-device=\"all\">\n<div class=\"sponsored-post max-w-full [&amp;.sponsored-post--loaded+.sponsored-post--placeholder]:hidden [&amp;[data-bordeaux-hook-loaded]+.sponsored-post--placeholder]:hidden\"><\/div>\n<div class=\"sponsored-post--placeholder max-w-full animate-pulse\">\n        <span><br \/>\n            <span class=\"font-ui-heading bg-[--ad-slot-badge-bg-color] absolute text-xs font-bold leading-[14px] tracking-normal text-left text-white px-2.5 py-[5px] left-0 top-0 empty:hidden\"><\/span><\/p>\n<div class=\"aspect-[--img-listing-aspect-ratio,16\/9] relative bg-gray-200\"><\/div>\n<p>            <span class=\"text-base text-black font-bold mx-0 my-2.5 p-0 block bg-gray-100\">\u00a0<br \/>\u00a0<\/span><br \/>\n        <\/span>\n    <\/div>\n<\/div>\n<div>\n<div class=\"aspect-[--img-listing-aspect-ratio,16\/9] relative mb-3.5\">\n<p>    <img decoding=\"async\" src=\"https:\/\/cdn.mos.cms.futurecdn.net\/UyzzxsiipWSVotnPYkPeZF.jpg\" alt=\"Romain Bardet (Factor Racing) started out his European season at Santa Vall, coming second overall in the Gravel Earth Series opener for 2026\" loading=\"lazy\" class=\"object-cover w-full h-full\"><\/p><\/div>\n<p>                                                                                                <span class=\"custom-subheading-styles\">Racing<\/span><\/p>\n<p>                            <span class=\"text-base text-black font-bold mx-0 my-2.5 p-0 block custom-text-styles\">UCI Gravel World Series \u2013 Romain Bardet and Sofia G\u00f3mez Villafa\u00f1e win Castell\u00f3n Gravel Race<\/span><\/p><\/div>\n<div class=\"relative recirc-feed sponsored-card min-h-[250px]\" data-recirc-id=\"article-river-stacked-ads:native-cards\" data-mrf-recirculation=\"article-river-ads\" data-nosnippet data-ad-slot-path=\"feed-sponsored-post\" data-attribute-device=\"all\">\n<div class=\"sponsored-post max-w-full [&amp;.sponsored-post--loaded+.sponsored-post--placeholder]:hidden [&amp;[data-bordeaux-hook-loaded]+.sponsored-post--placeholder]:hidden\"><\/div>\n<div class=\"sponsored-post--placeholder max-w-full animate-pulse\">\n        <span><br \/>\n            <span class=\"font-ui-heading bg-[--ad-slot-badge-bg-color] absolute text-xs font-bold leading-[14px] tracking-normal text-left text-white px-2.5 py-[5px] left-0 top-0 empty:hidden\"><\/span><\/p>\n<div class=\"aspect-[--img-listing-aspect-ratio,16\/9] relative bg-gray-200\"><\/div>\n<p>            <span class=\"text-base text-black font-bold mx-0 my-2.5 p-0 block bg-gray-100\">\u00a0<br \/>\u00a0<\/span><br \/>\n        <\/span>\n    <\/div>\n<\/div>\n<div>\n<div class=\"aspect-[--img-listing-aspect-ratio,16\/9] relative mb-3.5\">\n<p>    <img decoding=\"async\" src=\"https:\/\/cdn.mos.cms.futurecdn.net\/WB2cCHE3c5V52ByE7sTmWY.jpg\" alt=\"Elite winners for 2026, Sofia Gomez Villafa\u00f1e and Alexey Vermeulen, with bison skull trophies\" loading=\"lazy\" class=\"object-cover w-full h-full\"><\/p><\/div>\n<p>                                                                                                <span class=\"custom-subheading-styles\">Racing<\/span><\/p>\n<p>                            <span class=\"text-base text-black font-bold mx-0 my-2.5 p-0 block custom-text-styles\">Sofia Gomez Villafa\u00f1e wins a third consecutive Valley of Tears in tight battle with Paige Onweller while Alexey Vermeulen earns men&#8217;s title at Texas gravel race<\/span><\/p><\/div>\n<div class=\"relative recirc-feed sponsored-card min-h-[250px]\" data-recirc-id=\"article-river-stacked-ads:native-cards\" data-mrf-recirculation=\"article-river-ads\" data-nosnippet data-ad-slot-path=\"feed-sponsored-post\" data-attribute-device=\"all\">\n<div class=\"sponsored-post max-w-full [&amp;.sponsored-post--loaded+.sponsored-post--placeholder]:hidden [&amp;[data-bordeaux-hook-loaded]+.sponsored-post--placeholder]:hidden\"><\/div>\n<div class=\"sponsored-post--placeholder max-w-full animate-pulse\">\n        <span><br \/>\n            <span class=\"font-ui-heading bg-[--ad-slot-badge-bg-color] absolute text-xs font-bold leading-[14px] tracking-normal text-left text-white px-2.5 py-[5px] left-0 top-0 empty:hidden\"><\/span><\/p>\n<div class=\"aspect-[--img-listing-aspect-ratio,16\/9] relative bg-gray-200\"><\/div>\n<p>            <span class=\"text-base text-black font-bold mx-0 my-2.5 p-0 block bg-gray-100\">\u00a0<br \/>\u00a0<\/span><br \/>\n        <\/span>\n    <\/div>\n<\/div><\/div>\n<\/p><\/div>\n<\/aside>\n<aside class=\"w-full\" data-nosnippet data-mrf-recirculation=\"article-river-stacked\">\n<div data-recirc-id=\"article-river-stacked-solr:latest-category\">\n<div class=\"text-white py-4 px-3 mb-4 bg-[#333] uppercase font-bold custom-header-styles\">Latest in Women&#8217;s Cycling<\/div>\n<div class=\"grid grid-cols-1 gap-4 mt-4 mb-5\">\n<div>\n<div class=\"aspect-[--img-listing-aspect-ratio,16\/9] relative mb-3.5\">\n<p>    <img decoding=\"async\" src=\"https:\/\/cdn.mos.cms.futurecdn.net\/8UL7P993cuH8sXmBTmLuU3.jpg\" alt=\"Fleur Moors celebrates at the finish line after placing second at In Flanders Fields 2026\" loading=\"lazy\" class=\"object-cover w-full h-full\"><\/p><\/div>\n<p>                                                                                                <span class=\"custom-subheading-styles\">Women&#8217;s Cycling<\/span><\/p>\n<p>                            <span class=\"text-base text-black font-bold mx-0 my-2.5 p-0 block custom-text-styles\">&#8216;It was so close&#8217; &#8211; Breakthrough moment sees Fleur Moors on the podium at In Flanders Fields<\/span><\/p><\/div>\n<div class=\"relative recirc-feed sponsored-card min-h-[250px]\" data-recirc-id=\"article-river-stacked-ads:native-cards\" data-mrf-recirculation=\"article-river-ads\" data-nosnippet data-ad-slot-path=\"feed-sponsored-post\" data-attribute-device=\"all\">\n<div class=\"sponsored-post max-w-full [&amp;.sponsored-post--loaded+.sponsored-post--placeholder]:hidden [&amp;[data-bordeaux-hook-loaded]+.sponsored-post--placeholder]:hidden\"><\/div>\n<div class=\"sponsored-post--placeholder max-w-full animate-pulse\">\n        <span><br \/>\n            <span class=\"font-ui-heading bg-[--ad-slot-badge-bg-color] absolute text-xs font-bold leading-[14px] tracking-normal text-left text-white px-2.5 py-[5px] left-0 top-0 empty:hidden\"><\/span><\/p>\n<div class=\"aspect-[--img-listing-aspect-ratio,16\/9] relative bg-gray-200\"><\/div>\n<p>            <span class=\"text-base text-black font-bold mx-0 my-2.5 p-0 block bg-gray-100\">\u00a0<br \/>\u00a0<\/span><br \/>\n        <\/span>\n    <\/div>\n<\/div>\n<div>\n<div class=\"aspect-[--img-listing-aspect-ratio,16\/9] relative mb-3.5\">\n<p>    <img decoding=\"async\" src=\"https:\/\/cdn.mos.cms.futurecdn.net\/NZXQKBpqMUUWwWGdzXU7ES.jpg\" alt=\"2026 In Flanders Fields: the winning break\" loading=\"lazy\" class=\"object-cover w-full h-full\"><\/p><\/div>\n<p>                                                                                                <span class=\"custom-subheading-styles\">Women&#8217;s Cycling<\/span><\/p>\n<p>                            <span class=\"text-base text-black font-bold mx-0 my-2.5 p-0 block custom-text-styles\">&#8216;It&#8217;s in favour of Lorena, that&#8217;s a bit of a pity&#8217; \u2013 FDJ United-Suez say UAE Team ADQ had to roll attacks against Wiebes at In Flanders Fields, but defend working with her <\/span><\/p><\/div>\n<div class=\"relative recirc-feed sponsored-card min-h-[250px]\" data-recirc-id=\"article-river-stacked-ads:native-cards\" data-mrf-recirculation=\"article-river-ads\" data-nosnippet data-ad-slot-path=\"feed-sponsored-post\" data-attribute-device=\"all\">\n<div class=\"sponsored-post max-w-full [&amp;.sponsored-post--loaded+.sponsored-post--placeholder]:hidden [&amp;[data-bordeaux-hook-loaded]+.sponsored-post--placeholder]:hidden\"><\/div>\n<div class=\"sponsored-post--placeholder max-w-full animate-pulse\">\n        <span><br \/>\n            <span class=\"font-ui-heading bg-[--ad-slot-badge-bg-color] absolute text-xs font-bold leading-[14px] tracking-normal text-left text-white px-2.5 py-[5px] left-0 top-0 empty:hidden\"><\/span><\/p>\n<div class=\"aspect-[--img-listing-aspect-ratio,16\/9] relative bg-gray-200\"><\/div>\n<p>            <span class=\"text-base text-black font-bold mx-0 my-2.5 p-0 block bg-gray-100\">\u00a0<br \/>\u00a0<\/span><br \/>\n        <\/span>\n    <\/div>\n<\/div>\n<div>\n<div class=\"aspect-[--img-listing-aspect-ratio,16\/9] relative mb-3.5\">\n<p>    <img decoding=\"async\" src=\"https:\/\/cdn.mos.cms.futurecdn.net\/HLjg3mBRtkfqrQFpKDiwzj.jpg\" alt=\"Lorena Wiebes (SD Worx-Protime) celebrates winning In Flanders Fields\" loading=\"lazy\" class=\"object-cover w-full h-full\"><\/p><\/div>\n<p>                                                                                                <span class=\"custom-subheading-styles\">Women&#8217;s Cycling<\/span><\/p>\n<p>                            <span class=\"text-base text-black font-bold mx-0 my-2.5 p-0 block custom-text-styles\">&#8216;It almost went wrong&#8217; \u2013 Despite sprint scare, Lorena Wiebes took one of her most impressive wins yet at In Flanders Fields<\/span><\/p><\/div>\n<div class=\"relative recirc-feed sponsored-card min-h-[250px]\" data-recirc-id=\"article-river-stacked-ads:native-cards\" data-mrf-recirculation=\"article-river-ads\" data-nosnippet data-ad-slot-path=\"feed-sponsored-post\" data-attribute-device=\"all\">\n<div class=\"sponsored-post max-w-full [&amp;.sponsored-post--loaded+.sponsored-post--placeholder]:hidden [&amp;[data-bordeaux-hook-loaded]+.sponsored-post--placeholder]:hidden\"><\/div>\n<div class=\"sponsored-post--placeholder max-w-full animate-pulse\">\n        <span><br \/>\n            <span class=\"font-ui-heading bg-[--ad-slot-badge-bg-color] absolute text-xs font-bold leading-[14px] tracking-normal text-left text-white px-2.5 py-[5px] left-0 top-0 empty:hidden\"><\/span><\/p>\n<div class=\"aspect-[--img-listing-aspect-ratio,16\/9] relative bg-gray-200\"><\/div>\n<p>            <span class=\"text-base text-black font-bold mx-0 my-2.5 p-0 block bg-gray-100\">\u00a0<br \/>\u00a0<\/span><br \/>\n        <\/span>\n    <\/div>\n<\/div>\n<div>\n<div class=\"aspect-[--img-listing-aspect-ratio,16\/9] relative mb-3.5\">\n<p>    <img decoding=\"async\" src=\"https:\/\/cdn.mos.cms.futurecdn.net\/PRaDmmLdJcwtpAZEyEc6o5.jpg\" alt=\"Lorena Wiebes wins In Flanders Fields Women 2026 from a five-rider breakaway in Wevelgem\" loading=\"lazy\" class=\"object-cover w-full h-full\"><\/p><\/div>\n<p>                                                                                                <span class=\"custom-subheading-styles\">Women&#8217;s Cycling<\/span><\/p>\n<p>                            <span class=\"text-base text-black font-bold mx-0 my-2.5 p-0 block custom-text-styles\">In Flanders Fields Women: Lorena Wiebes sprints to record third consecutive victory in Wevelgem<\/span><\/p><\/div>\n<div class=\"relative recirc-feed sponsored-card min-h-[250px]\" data-recirc-id=\"article-river-stacked-ads:native-cards\" data-mrf-recirculation=\"article-river-ads\" data-nosnippet data-ad-slot-path=\"feed-sponsored-post\" data-attribute-device=\"all\">\n<div class=\"sponsored-post max-w-full [&amp;.sponsored-post--loaded+.sponsored-post--placeholder]:hidden [&amp;[data-bordeaux-hook-loaded]+.sponsored-post--placeholder]:hidden\"><\/div>\n<div class=\"sponsored-post--placeholder max-w-full animate-pulse\">\n        <span><br \/>\n            <span class=\"font-ui-heading bg-[--ad-slot-badge-bg-color] absolute text-xs font-bold leading-[14px] tracking-normal text-left text-white px-2.5 py-[5px] left-0 top-0 empty:hidden\"><\/span><\/p>\n<div class=\"aspect-[--img-listing-aspect-ratio,16\/9] relative bg-gray-200\"><\/div>\n<p>            <span class=\"text-base text-black font-bold mx-0 my-2.5 p-0 block bg-gray-100\">\u00a0<br \/>\u00a0<\/span><br \/>\n        <\/span>\n    <\/div>\n<\/div>\n<div>\n<div class=\"aspect-[--img-listing-aspect-ratio,16\/9] relative mb-3.5\">\n<p>    <img decoding=\"async\" src=\"https:\/\/cdn.mos.cms.futurecdn.net\/SkF6wbooMmkDHETDNqZJxD.jpg\" alt=\"Sarah Sturm rides to solo victory at 2025 Crusher in the Tushar\" loading=\"lazy\" class=\"object-cover w-full h-full\"><\/p><\/div>\n<p>                                                                                                <span class=\"custom-subheading-styles\">Women&#8217;s Cycling<\/span><\/p>\n<p>                            <span class=\"text-base text-black font-bold mx-0 my-2.5 p-0 block custom-text-styles\">&#8216;As a professional athlete, this feels huge&#8217; &#8211; Life Time Grand Prix series introduces pregnancy policy<\/span><\/p><\/div>\n<div class=\"relative recirc-feed sponsored-card min-h-[250px]\" data-recirc-id=\"article-river-stacked-ads:native-cards\" data-mrf-recirculation=\"article-river-ads\" data-nosnippet data-ad-slot-path=\"feed-sponsored-post\" data-attribute-device=\"all\">\n<div class=\"sponsored-post max-w-full [&amp;.sponsored-post--loaded+.sponsored-post--placeholder]:hidden [&amp;[data-bordeaux-hook-loaded]+.sponsored-post--placeholder]:hidden\"><\/div>\n<div class=\"sponsored-post--placeholder max-w-full animate-pulse\">\n        <span><br \/>\n            <span class=\"font-ui-heading bg-[--ad-slot-badge-bg-color] absolute text-xs font-bold leading-[14px] tracking-normal text-left text-white px-2.5 py-[5px] left-0 top-0 empty:hidden\"><\/span><\/p>\n<div class=\"aspect-[--img-listing-aspect-ratio,16\/9] relative bg-gray-200\"><\/div>\n<p>            <span class=\"text-base text-black font-bold mx-0 my-2.5 p-0 block bg-gray-100\">\u00a0<br \/>\u00a0<\/span><br \/>\n        <\/span>\n    <\/div>\n<\/div>\n<div>\n<div class=\"aspect-[--img-listing-aspect-ratio,16\/9] relative mb-3.5\">\n<p>    <img decoding=\"async\" src=\"https:\/\/cdn.mos.cms.futurecdn.net\/izcWNxyRNPwEDiSaSfDDoh.jpg\" alt=\"Mischa Bredewold&amp;#039;s winning attack at the women&amp;#039;s Amstel Gold Race 2025\" loading=\"lazy\" class=\"object-cover w-full h-full\"><\/p><\/div>\n<p>                                                                                                <span class=\"custom-subheading-styles\">Women&#8217;s Cycling<\/span><\/p>\n<p>                            <span class=\"text-base text-black font-bold mx-0 my-2.5 p-0 block custom-text-styles\">Amstel Gold Race Ladies Edition 2026 route<\/span><\/p><\/div>\n<div class=\"relative recirc-feed sponsored-card min-h-[250px]\" data-recirc-id=\"article-river-stacked-ads:native-cards\" data-mrf-recirculation=\"article-river-ads\" data-nosnippet data-ad-slot-path=\"feed-sponsored-post\" data-attribute-device=\"all\">\n<div class=\"sponsored-post max-w-full [&amp;.sponsored-post--loaded+.sponsored-post--placeholder]:hidden [&amp;[data-bordeaux-hook-loaded]+.sponsored-post--placeholder]:hidden\"><\/div>\n<div class=\"sponsored-post--placeholder max-w-full animate-pulse\">\n        <span><br \/>\n            <span class=\"font-ui-heading bg-[--ad-slot-badge-bg-color] absolute text-xs font-bold leading-[14px] tracking-normal text-left text-white px-2.5 py-[5px] left-0 top-0 empty:hidden\"><\/span><\/p>\n<div class=\"aspect-[--img-listing-aspect-ratio,16\/9] relative bg-gray-200\"><\/div>\n<p>            <span class=\"text-base text-black font-bold mx-0 my-2.5 p-0 block bg-gray-100\">\u00a0<br \/>\u00a0<\/span><br \/>\n        <\/span>\n    <\/div>\n<\/div><\/div>\n<\/p><\/div>\n<\/aside>\n<aside class=\"w-full\" data-nosnippet data-mrf-recirculation=\"article-river-stacked\">\n<div data-recirc-id=\"article-river-stacked-solr:latest-articletype\">\n<div class=\"text-white py-4 px-3 mb-4 bg-[#333] uppercase font-bold custom-header-styles\">Latest in Race Results<\/div>\n<div class=\"grid grid-cols-1 gap-4 mt-4 mb-5\">\n<div>\n<div class=\"aspect-[--img-listing-aspect-ratio,16\/9] relative mb-3.5\">\n<p>    <img decoding=\"async\" src=\"https:\/\/cdn.mos.cms.futurecdn.net\/JM7abyE4iw2Lrx4xTSQwBE.jpg\" alt=\"Cl\u00e9ment Venturini\" loading=\"lazy\" class=\"object-cover w-full h-full\"><\/p><\/div>\n<p>                                                                                                <span class=\"custom-subheading-styles\">Racing<\/span><\/p>\n<p>                            <span class=\"text-base text-black font-bold mx-0 my-2.5 p-0 block custom-text-styles\">Cl\u00e9ment Venturini claims first win in eight years at Roue Tourangelle<\/span><\/p><\/div>\n<div class=\"relative recirc-feed sponsored-card min-h-[250px]\" data-recirc-id=\"article-river-stacked-ads:native-cards\" data-mrf-recirculation=\"article-river-ads\" data-nosnippet data-ad-slot-path=\"feed-sponsored-post\" data-attribute-device=\"all\">\n<div class=\"sponsored-post max-w-full [&amp;.sponsored-post--loaded+.sponsored-post--placeholder]:hidden [&amp;[data-bordeaux-hook-loaded]+.sponsored-post--placeholder]:hidden\"><\/div>\n<div class=\"sponsored-post--placeholder max-w-full animate-pulse\">\n        <span><br \/>\n            <span class=\"font-ui-heading bg-[--ad-slot-badge-bg-color] absolute text-xs font-bold leading-[14px] tracking-normal text-left text-white px-2.5 py-[5px] left-0 top-0 empty:hidden\"><\/span><\/p>\n<div class=\"aspect-[--img-listing-aspect-ratio,16\/9] relative bg-gray-200\"><\/div>\n<p>            <span class=\"text-base text-black font-bold mx-0 my-2.5 p-0 block bg-gray-100\">\u00a0<br \/>\u00a0<\/span><br \/>\n        <\/span>\n    <\/div>\n<\/div>\n<div>\n<div class=\"aspect-[--img-listing-aspect-ratio,16\/9] relative mb-3.5\">\n<p>    <img decoding=\"async\" src=\"https:\/\/cdn.mos.cms.futurecdn.net\/PRaDmmLdJcwtpAZEyEc6o5.jpg\" alt=\"Lorena Wiebes wins In Flanders Fields Women 2026 from a five-rider breakaway in Wevelgem\" loading=\"lazy\" class=\"object-cover w-full h-full\"><\/p><\/div>\n<p>                                                                                                <span class=\"custom-subheading-styles\">Women&#8217;s Cycling<\/span><\/p>\n<p>                            <span class=\"text-base text-black font-bold mx-0 my-2.5 p-0 block custom-text-styles\">In Flanders Fields Women: Lorena Wiebes sprints to record third consecutive victory in Wevelgem<\/span><\/p><\/div>\n<div class=\"relative recirc-feed sponsored-card min-h-[250px]\" data-recirc-id=\"article-river-stacked-ads:native-cards\" data-mrf-recirculation=\"article-river-ads\" data-nosnippet data-ad-slot-path=\"feed-sponsored-post\" data-attribute-device=\"all\">\n<div class=\"sponsored-post max-w-full [&amp;.sponsored-post--loaded+.sponsored-post--placeholder]:hidden [&amp;[data-bordeaux-hook-loaded]+.sponsored-post--placeholder]:hidden\"><\/div>\n<div class=\"sponsored-post--placeholder max-w-full animate-pulse\">\n        <span><br \/>\n            <span class=\"font-ui-heading bg-[--ad-slot-badge-bg-color] absolute text-xs font-bold leading-[14px] tracking-normal text-left text-white px-2.5 py-[5px] left-0 top-0 empty:hidden\"><\/span><\/p>\n<div class=\"aspect-[--img-listing-aspect-ratio,16\/9] relative bg-gray-200\"><\/div>\n<p>            <span class=\"text-base text-black font-bold mx-0 my-2.5 p-0 block bg-gray-100\">\u00a0<br \/>\u00a0<\/span><br \/>\n        <\/span>\n    <\/div>\n<\/div>\n<div>\n<div class=\"aspect-[--img-listing-aspect-ratio,16\/9] relative mb-3.5\">\n<p>    <img decoding=\"async\" src=\"https:\/\/cdn.mos.cms.futurecdn.net\/Lk7kejsz7kmSLaN4BUMG7R.jpg\" alt=\"Belgian Jasper Philipsen of Alpecin-Premier Tech celebrates after winning the men elite &amp;#039;Middelkerke-Wevelgem - In Flanders Fields&amp;#039; one day cycling race, 240.8 km from Middelkerke to Wevelgem, on Sunday 29 March 2026. BELGA PHOTO ELIAS ROM (Photo by ELIAS ROM \/ BELGA MAG \/ Belga via AFP)\" loading=\"lazy\" class=\"object-cover w-full h-full\"><\/p><\/div>\n<p>                                                                                                <span class=\"custom-subheading-styles\">Racing<\/span><\/p>\n<p>                            <span class=\"text-base text-black font-bold mx-0 my-2.5 p-0 block custom-text-styles\">In Flanders Fields: Jasper Philipsen clinches bunch sprint victory as spectacular late breakaway by Mathieu van der Poel and Wout van Aert collapses close to the line<\/span><\/p><\/div>\n<div class=\"relative recirc-feed sponsored-card min-h-[250px]\" data-recirc-id=\"article-river-stacked-ads:native-cards\" data-mrf-recirculation=\"article-river-ads\" data-nosnippet data-ad-slot-path=\"feed-sponsored-post\" data-attribute-device=\"all\">\n<div class=\"sponsored-post max-w-full [&amp;.sponsored-post--loaded+.sponsored-post--placeholder]:hidden [&amp;[data-bordeaux-hook-loaded]+.sponsored-post--placeholder]:hidden\"><\/div>\n<div class=\"sponsored-post--placeholder max-w-full animate-pulse\">\n        <span><br \/>\n            <span class=\"font-ui-heading bg-[--ad-slot-badge-bg-color] absolute text-xs font-bold leading-[14px] tracking-normal text-left text-white px-2.5 py-[5px] left-0 top-0 empty:hidden\"><\/span><\/p>\n<div class=\"aspect-[--img-listing-aspect-ratio,16\/9] relative bg-gray-200\"><\/div>\n<p>            <span class=\"text-base text-black font-bold mx-0 my-2.5 p-0 block bg-gray-100\">\u00a0<br \/>\u00a0<\/span><br \/>\n        <\/span>\n    <\/div>\n<\/div>\n<div>\n<div class=\"aspect-[--img-listing-aspect-ratio,16\/9] relative mb-3.5\">\n<p>    <img decoding=\"async\" src=\"https:\/\/cdn.mos.cms.futurecdn.net\/yZihTUm4JcWqhVU7DS8D7o.jpg\" alt=\"Volta a Catalunya 2026: overall winner Jonas Vingegaard smiles as he crosses the final finish line\" loading=\"lazy\" class=\"object-cover w-full h-full\"><\/p><\/div>\n<p>                                                                                                <span class=\"custom-subheading-styles\">Racing<\/span><\/p>\n<p>                            <span class=\"text-base text-black font-bold mx-0 my-2.5 p-0 block custom-text-styles\">Volta a Catalunya: Jonas Vingegaard secures second major overall victory of 2026, Brady Gilmore sprints to surprise final stage win in Barcelona<\/span><\/p><\/div>\n<div class=\"relative recirc-feed sponsored-card min-h-[250px]\" data-recirc-id=\"article-river-stacked-ads:native-cards\" data-mrf-recirculation=\"article-river-ads\" data-nosnippet data-ad-slot-path=\"feed-sponsored-post\" data-attribute-device=\"all\">\n<div class=\"sponsored-post max-w-full [&amp;.sponsored-post--loaded+.sponsored-post--placeholder]:hidden [&amp;[data-bordeaux-hook-loaded]+.sponsored-post--placeholder]:hidden\"><\/div>\n<div class=\"sponsored-post--placeholder max-w-full animate-pulse\">\n        <span><br \/>\n            <span class=\"font-ui-heading bg-[--ad-slot-badge-bg-color] absolute text-xs font-bold leading-[14px] tracking-normal text-left text-white px-2.5 py-[5px] left-0 top-0 empty:hidden\"><\/span><\/p>\n<div class=\"aspect-[--img-listing-aspect-ratio,16\/9] relative bg-gray-200\"><\/div>\n<p>            <span class=\"text-base text-black font-bold mx-0 my-2.5 p-0 block bg-gray-100\">\u00a0<br \/>\u00a0<\/span><br \/>\n        <\/span>\n    <\/div>\n<\/div>\n<div>\n<div class=\"aspect-[--img-listing-aspect-ratio,16\/9] relative mb-3.5\">\n<p>    <img decoding=\"async\" src=\"https:\/\/cdn.mos.cms.futurecdn.net\/RaHB8vz8hqZWTJovtHgirM.jpg\" alt=\"Mauro Schmid and Axel Laurance sprint on stage 5 at Coppi e Bartali\" loading=\"lazy\" class=\"object-cover w-full h-full\"><\/p><\/div>\n<p>                                                                                                <span class=\"custom-subheading-styles\">Racing<\/span><\/p>\n<p>                            <span class=\"text-base text-black font-bold mx-0 my-2.5 p-0 block custom-text-styles\">Coppi e Bartali: Mauro Schmid eclipses Axel Laurance to claim overall victory in thrilling two-up sprint on final day<\/span><\/p><\/div>\n<div class=\"relative recirc-feed sponsored-card min-h-[250px]\" data-recirc-id=\"article-river-stacked-ads:native-cards\" data-mrf-recirculation=\"article-river-ads\" data-nosnippet data-ad-slot-path=\"feed-sponsored-post\" data-attribute-device=\"all\">\n<div class=\"sponsored-post max-w-full [&amp;.sponsored-post--loaded+.sponsored-post--placeholder]:hidden [&amp;[data-bordeaux-hook-loaded]+.sponsored-post--placeholder]:hidden\"><\/div>\n<div class=\"sponsored-post--placeholder max-w-full animate-pulse\">\n        <span><br \/>\n            <span class=\"font-ui-heading bg-[--ad-slot-badge-bg-color] absolute text-xs font-bold leading-[14px] tracking-normal text-left text-white px-2.5 py-[5px] left-0 top-0 empty:hidden\"><\/span><\/p>\n<div class=\"aspect-[--img-listing-aspect-ratio,16\/9] relative bg-gray-200\"><\/div>\n<p>            <span class=\"text-base text-black font-bold mx-0 my-2.5 p-0 block bg-gray-100\">\u00a0<br \/>\u00a0<\/span><br \/>\n        <\/span>\n    <\/div>\n<\/div>\n<div>\n<div class=\"aspect-[--img-listing-aspect-ratio,16\/9] relative mb-3.5\">\n<p>    <img decoding=\"async\" src=\"https:\/\/cdn.mos.cms.futurecdn.net\/ksH22bu9SS63SErQgVLwCe.jpg\" alt=\"Jonas Vingegaard wins stage 6 at Volta a Cataluya on mountaintop finish in Queralt\" loading=\"lazy\" class=\"object-cover w-full h-full\"><\/p><\/div>\n<p>                                                                                                <span class=\"custom-subheading-styles\">Racing<\/span><\/p>\n<p>                            <span class=\"text-base text-black font-bold mx-0 my-2.5 p-0 block custom-text-styles\">Volta a Catalunya: Jonas Vingegaard takes back-to-back wins on stage 6 atop summit finish in Queralt, increases race lead<\/span><\/p><\/div>\n<div class=\"relative recirc-feed sponsored-card min-h-[250px]\" data-recirc-id=\"article-river-stacked-ads:native-cards\" data-mrf-recirculation=\"article-river-ads\" data-nosnippet data-ad-slot-path=\"feed-sponsored-post\" data-attribute-device=\"all\">\n<div class=\"sponsored-post max-w-full [&amp;.sponsored-post--loaded+.sponsored-post--placeholder]:hidden [&amp;[data-bordeaux-hook-loaded]+.sponsored-post--placeholder]:hidden\"><\/div>\n<div class=\"sponsored-post--placeholder max-w-full animate-pulse\">\n        <span><br \/>\n            <span class=\"font-ui-heading bg-[--ad-slot-badge-bg-color] absolute text-xs font-bold leading-[14px] tracking-normal text-left text-white px-2.5 py-[5px] left-0 top-0 empty:hidden\"><\/span><\/p>\n<div class=\"aspect-[--img-listing-aspect-ratio,16\/9] relative bg-gray-200\"><\/div>\n<p>            <span class=\"text-base text-black font-bold mx-0 my-2.5 p-0 block bg-gray-100\">\u00a0<br \/>\u00a0<\/span><br \/>\n        <\/span>\n    <\/div>\n<\/div><\/div>\n<\/p><\/div>\n<\/aside>\n<\/section>\n<div class=\"related-articles-block\">\n<\/div>\n<\/div>\n<\/div>\n<div data-widget-type=\"ads\" id=\"ads-middle-1\" class=\"clear-both widget widget-ads widget-ads-middle-1 widget-ads-ads-middle-1 widget-no-data widget-ads-flexi_ads_middle1\">\n<div id=\"bdx_flexi_ads_middle1\" data-type=\"ads\" data-ads-type=\"bordeaux\" class=\"flexi_ads_middle1\"><\/div>\n<\/div>\n<\/div>\n<div id=\"widgetArea17\" class=\"widget-area md:basis-1\/3 widget-area-g-md-vp-1-3 widget-area-g-lg-vp-1-3 widget-area-g-xl-vp-1-3 page-widget-area-17\">\n<div data-widget-type=\"empty\" id=\"sidebar\" class=\"clear-both widget widget-empty widget-sidebar widget-empty-sidebar widget-no-data widget-empty\">\n<\/div>\n<div data-widget-type=\"empty\" id=\"sidebar-top\" class=\"clear-both widget widget-empty widget-sidebar-top widget-empty-sidebar-top ad-unit widget-no-data widget-empty\">\n<\/div>\n<div data-widget-type=\"contentparsed\" id=\"follow-us-on-google-news\" class=\"clear-both widget widget-contentparsed widget-follow-us-on-google-news widget-contentparsed-follow-us-on-google-news widget-content-parsed widget-content-parsed-curated \">\n<div class=\"wcp-item-content\">\n<\/div>\n<\/div>\n<div data-widget-type=\"empty\" id=\"sidebar-popular-top\" class=\"clear-both widget widget-empty widget-sidebar-popular-top widget-empty-sidebar-popular-top ad-unit widget-no-data widget-empty\">\n<\/div>\n<div data-widget-type=\"dynamic\" id=\"popular-data\" class=\"clear-both widget widget-dynamic widget-popular-data widget-dynamic-popular-data widget-dynamic-fter-popular-box\">\n<div class=\"clear-both widget-header\">\n<\/div>\n<div class=\"wdn-fte-pb pos-relative space-t20\n\"><\/p>\n<div id=\"slice-container-popularBox\" class=\"slice-container popular-box-slice popularBox slice-container-popularBox\">\n<section data-hydrate=\"true\" class=\"popular-box\">\n<div class=\"popular-box__label\">\n<div class=\"popular-box__label__tab popular-box__label__tab--active\" role=\"heading\">LATEST ARTICLES<\/div>\n<\/div>\n<ol class=\"popular-box__articles-list popular-box__articles-list--active\">\n<li class=\"popular-box__article-list\">\n<div class=\"popular-box__article-list__container\">\n<div class=\"popular-box__article-list__image-wrapper\">\n<div><img decoding=\"async\" src=\"https:\/\/cdn.mos.cms.futurecdn.net\/wt2YKRiBZcg73oAhBrsDke.jpg\" alt=\"Bradyn Lange wins Lake Sonoma MTB 2025\" class=\"popular-box__article-list__image image__image\" loading=\"lazy\"><\/div>\n<\/div>\n<div class=\"popular-box__article-list__content\">\n<div class=\"popular-box__article-list__number-text\">1<\/div>\n<div class=\"popular-box__article-list__heading\">Bradyn Lange and Larissa Hartog claim victories at The Hills Gravel<\/div>\n<\/div>\n<\/div>\n<\/li>\n<li class=\"popular-box__article-list\">\n<div class=\"popular-box__article-list__container\">\n<div class=\"popular-box__article-list__content\">\n<div class=\"popular-box__article-list__number-text\">2<\/div>\n<div class=\"popular-box__article-list__heading\">&#8216;It was so close&#8217; &#8211; Breakthrough moment sees Fleur Moors on the podium at In Flanders Fields<\/div>\n<\/div>\n<\/div>\n<\/li>\n<li class=\"popular-box__article-list\">\n<div class=\"popular-box__article-list__container\">\n<div class=\"popular-box__article-list__content\">\n<div class=\"popular-box__article-list__number-text\">3<\/div>\n<div class=\"popular-box__article-list__heading\">&#8216;It almost went wrong&#8217; \u2013 Despite sprint scare, Lorena Wiebes took one of her most impressive wins yet at In Flanders Fields<\/div>\n<\/div>\n<\/div>\n<\/li>\n<li class=\"popular-box__article-list\">\n<div class=\"popular-box__article-list__container\">\n<div class=\"popular-box__article-list__content\">\n<div class=\"popular-box__article-list__number-text\">4<\/div>\n<div class=\"popular-box__article-list__heading\">&#8216;It&#8217;s in favour of Lorena, that&#8217;s a bit of a pity&#8217; \u2013 FDJ United-Suez say UAE Team ADQ had to roll attacks against Wiebes at In Flanders Fields, but defend working with her <\/div>\n<\/div>\n<\/div>\n<\/li>\n<li class=\"popular-box__article-list\">\n<div class=\"popular-box__article-list__container\">\n<div class=\"popular-box__article-list__content\">\n<div class=\"popular-box__article-list__number-text\">5<\/div>\n<div class=\"popular-box__article-list__heading\">Cl\u00e9ment Venturini claims first win in eight years at Roue Tourangelle<\/div>\n<\/div>\n<\/div>\n<\/li>\n<\/ol>\n<\/section>\n<\/div>\n<\/div>\n<\/div>\n<div data-widget-type=\"empty\" id=\"sidebar-popular-bottom\" class=\"clear-both widget widget-empty widget-sidebar-popular-bottom widget-empty-sidebar-popular-bottom ad-unit widget-no-data widget-empty\">\n<\/div>\n<\/div>\n<\/div>\n<\/article>\n<div class=\"news-article\">\n<header data-component-name=\"Article:Hero\">\n<nav class=\"breadcrumb\" aria-label=\"Breadcrumbs\">\n<ol>\n<li>\nPro Cycling\n<\/li>\n<li>\nRacing\n<\/li>\n<li>\nWomen&#8217;s Cycling\n<\/li>\n<li>\nGravel\n<\/li>\n<li>\nGravel Earth Series\n<\/li>\n<\/ol>\n<\/nav>\n<h1>Bradyn Lange and Larissa Hartog claim victories at The Hills Gravel<\/h1>\n<div class=\"kiosq-metered-message-content\">\n<p id=\"kiosq-metered-message\" class=\"kiosq-metered-message\">\n<\/div>\n<div class=\"byline-social\">\n<div class=\"byline\">\nRace Results<\/p>\n<div class=\"text-[13px]\">\n<span><br \/>\nBy<br \/>\nKirsten Frattini <\/span><br \/>\n<span><br \/>\npublished<br \/>\n<time data-component-name=\"UI:DateTime\" datetime=\"2026-03-29T20:05:05Z\" class=\"relative-date\"><br \/>\n29 March 2026<br \/>\n<\/time><br \/>\n<\/span>\n<\/div>\n<\/div>\n<p class=\"strapline\">Back-to-back victories for Canyon x DT Swiss All-Terrain Racing in Italy<\/p>\n<\/div>\n<aside class=\"mx-auto mb-4 flex items-center justify-start mx-0 my-5 p-0\" id=\"affiliate-disclaimer\" data-component-name=\"AffiliateDisclaimer\" data-hawk-message=\"Affiliate disclaimer removed because hawk deemed there are no affiliate links on this page\">\n<p class=\"text-700 mb-2 text-[12px] leading-[18px] md:text-[13px] [&amp;&gt;a]:text-gray-700 [&amp;&gt;a]:underline\">\nWhen you purchase through links on our site, we may earn an affiliate commission. Here\u2019s how it works.\n<\/p>\n<\/aside>\n<\/header>\n<\/div>\n<div id=\"article-body\" class=\"text-copy bodyCopy auto paywall-locker\">\n<div data-analytics-id=\"utility-bar\" id=\"utility-bar\" class=\"font-ui-heading flex justify-between items-center py-2 border-t border-b border-gray-300 border-solid mb-5 mx-auto\" data-component-name=\"UtilityBar\" data-mrf-recirculation=\"utility-bar\">\n<div class=\"flex gap-2 text-[#333] subcontainer\">\n<div class=\"relative tooltip-container\" role=\"tooltip\">\n<div data-component-name=\"Social:Dropdown\" role=\"menu\" id=\"utilitybar__dropdown--share\" aria-labelledby=\"utilitybar__button--share\" class=\"absolute left-0 top-full w-44 bg-white rounded-md shadow-md border border-neutral-200 z-[9996] list-none m-0 py-2 px-3 border-solid\">\n<ul class=\"!m-0\">\n<li class=\"!p-0 !m-0 list-none border-b border-gray-200 border-solid\">\n<\/li>\n<li class=\"!p-0 !m-0 list-none border-b border-gray-200 border-solid\">\n<p>Facebook<\/p>\n<\/li>\n<li class=\"!p-0 !m-0 list-none border-b border-gray-200 border-solid\">\n<p>X<\/p>\n<\/li>\n<li class=\"!p-0 !m-0 list-none border-b border-gray-200 border-solid\">\n<p>Pinterest<\/p>\n<\/li>\n<li class=\"!p-0 !m-0 list-none border-b border-gray-200 border-solid\">\n<p>Email<\/p>\n<\/li>\n<\/ul>\n<\/div>\n<div class=\"font-ui-heading max-sm:hidden tooltip absolute left-1\/2 bg-gray-900 text-white text-xs leading-none px-3 py-1.5 rounded-md z-[10001] whitespace-nowrap\" id=\"tooltip-share-this-article\" role=\"tooltip\" aria-hidden=\"true\">\nShare this article\n<\/div>\n<\/div>\n<div class=\"relative tooltip-container\" role=\"tooltip\">\n<p><span class=\"ml-1 inline-flex h-5 px-2 shrink-0 items-center justify-center self-center overflow-hidden whitespace-nowrap rounded-[10px] bg-primary-500 text-[11px] leading-none font-ui-heading font-semibold text-white\"><br \/>\n<span>0<\/span><br \/>\n<span><\/span><br \/>\n<\/span><\/p>\n<div class=\"font-ui-heading max-sm:hidden tooltip absolute left-1\/2 bg-gray-900 text-white text-xs leading-none px-3 py-1.5 rounded-md z-[10001] whitespace-nowrap\" id=\"tooltip-join-the-conversation\" role=\"tooltip\" aria-hidden=\"true\">\nJoin the conversation\n<\/div>\n<\/div>\n<\/div>\n<div class=\"flex gap-2 text-[#333] subcontainer\">\n<div class=\"relative tooltip-container\" role=\"tooltip\">\n<p>Follow us<\/p>\n<div class=\"font-ui-heading max-sm:hidden tooltip absolute left-1\/2 bg-gray-900 text-white text-xs leading-none px-3 py-1.5 rounded-md z-[10001] whitespace-nowrap\" id=\"tooltip-add-us-as-a-preferred-source-on-google\" role=\"tooltip\" aria-hidden=\"true\">\nAdd us as a preferred source on Google\n<\/div>\n<\/div>\n<div class=\"relative tooltip-container\" role=\"tooltip\">\n<div role=\"dialog\" class=\"hidden fixed inset-0 z-[999999999999999999] bg-[#33333370] flex items-center justify-center p-6 newsletter-modal\" data-batch-endpoint=\"https:\/\/newsletter-subscribe.futureplc.com\/v2\/submission\/submit_batch\" data-batch-source=\"302\" data-component-name=\"Newsletter:Modal\">\n<div class=\"bg-neutral-100 rounded-xl shadow-xl w-full lg:w-2\/3 xl:w-1\/2 p-6 relative max-h-[95vh] overflow-y-auto\">\n<aside class=\"[&amp;&gt;svg]:max-h-10 [&amp;&gt;svg]:w-auto [&amp;&gt;svg]:h-full my-4\">\n<\/aside>\n<div id=\"newsletter-capture-modal\">\n<div class=\"sm:text-xl text-base font-bold text-black mb-3 p-0 bg-inherit font-ui-heading\">Get The Leadout Newsletter<\/div>\n<p class=\"text-gray-600 mb-4 text-sm sm:text-base font-article-copy\">The latest race content, interviews, features, reviews and expert buying guides, direct to your inbox!<\/p>\n<div data-component-name=\"Newsletter:NewsletterForm\">\n<div class=\"grid grid-cols-1 sm:grid-cols-10\">\n<\/div>\n<div role=\"status\" aria-live=\"polite\" class=\"grid min-h-[140px] w-full place-items-center rounded-lg p-6 mb-4\">\n<\/div>\n<p><span role=\"alert\" aria-live=\"assertive\"><\/span><\/p>\n<hr class=\"modal_hr mt-3 mb-4 h-px bg-gray-300 border-0\">\n<div class=\"modal_footer block text-left opacity-80 text-[.8em] leading-[1.3em] mt-2 [&amp;&gt;a]:underline font-article-copy\">\nBy submitting your information you agree to the Terms &amp; Conditions and Privacy Policy and are aged 16 or over.\n<\/div>\n<\/div>\n<\/div>\n<div id=\"newsletter-modal-confirmation\" class=\"hidden\">\n<p class=\"sm:text-xl text-base font-bold text-black mb-3 p-0\">You are now subscribed<\/p>\n<p class=\"text-gray-600 mb-4 text-sm sm:text-base\">Your newsletter sign-up was successful<\/p>\n<div id=\"newsletter-modal-confirmation__userlogin\" class=\"hidden\">\n<hr class=\"my-5 h-px bg-gray-300 border-0\">\n<div class=\"items-start flex flex-col h-full justify-between\">\n<div class=\"flcw-text pb-5 pt-2 leading-[1.3]\"> An account already exists for this email address, please log in.<\/div>\n<\/div>\n<\/div>\n<\/div>\n<\/div>\n<\/div>\n<div class=\"font-ui-heading max-sm:hidden tooltip absolute left-1\/2 bg-gray-900 text-white text-xs leading-none px-3 py-1.5 rounded-md z-[10001] whitespace-nowrap\" id=\"tooltip-subscribe-to-our-newsletter\" role=\"tooltip\" aria-hidden=\"true\">\nSubscribe to our newsletter\n<\/div>\n<\/div>\n<\/div>\n<\/div>\n<p id=\"elk-a4935d23-0634-4a08-9e0c-17513a46c906\">Canyon x DT Swiss All-Terrain Racing riders Larissa Hartog and Bradyn Lange claimed respective solo victories in the elite women&#8217;s and elite men&#8217;s categories at The Hills Gravel, the second round of the Gravel Earth Series held in Susegana (Treviso), Italy.<\/p>\n<div id=\"ad-unit-1\" class=\"ad-unit\"><\/div>\n<p>The races covered 124km and wound through the scenic Prosecco vineyards, featuring 1,915 metres of elevation gain<\/p>\n<p><a id=\"elk-seasonal\"><\/a><\/p>\n<aside data-block-type=\"embed\" data-render-type=\"fte\" data-skip=\"dealsy\" data-widget-type=\"seasonal\" class=\"hawk-root\"><\/aside>\n<p id=\"elk-a4935d23-0634-4a08-9e0c-17513a46c906-2\">In the women&#8217;s race, Hartog, from the Netherlands, crossed the line with a winning time of 5:01:45, which was 1:42 ahead of European Champion from Italy Erica Magnaldi (UAE Team ADQ), while Switzerland\u2019s Elena Hartmann completed the podium in third place on the day at 1:48 back..<\/p>\n<p><span class=\"article-continues-below block py-2 text-sm\">Article continues below <\/span><\/p>\n<div id=\"mid-article-leaderboard\" class=\"ad-unit sm:hidden block\"><\/div>\n<div class=\"van_vid_carousel\">\n<div class=\"van_vid_carousel__padding\">\n<div class=\"van_vid_carousel__container\">\n<div class=\"jw-carousel-signposting\"><span class=\"jw-carousel-signposting__title\"><\/span><\/div>\n<\/div>\n<\/div>\n<\/div>\n<aside data-component-name=\"Recirculation:ArticleRiver\" data-recirculation-type=\"inline\" data-mrf-recirculation=\"Trending Bar\" data-nosnippet class=\"clear-both pb-0 pt-2 mb-4\">\n        <span class=\"\n            flex\n            after:content-[''] after:flex-1 after:ml-4 after:my-[0.7rem] after:border-t after:border-solid after:border-t-[#ccc]\n            before:content-[''] before:flex-1 before:mr-4 before:my-[0.7rem] before:border-t before:border-solid before:border-t-[#ccc]\n            font-article-heading pb-0 !text-base uppercase sm:text-sm font-bold\n        \"><br \/>\n            You may like<br \/>\n        <\/span><\/p>\n<ul class=\"flex flex-col gap-0 m-0\">\n<li class=\"m-0 list-none border-b border-solid border-[#ededed] py-2\" data-recirculation-id=\"recirculation-card-1\" data-analytics-id=\"recirculation-inline-1\" data-mrf-recirculation=\"recirculation-inline-1\">\n<p>    <img decoding=\"async\" src=\"https:\/\/cdn.mos.cms.futurecdn.net\/ESxGsguX7eAo7mkQAqqH5V.jpg\" alt=\"Carolin Schiff will be part of Canyon x DT Swiss All-Terrain Racing in 2026, a new 13-rider off-road squad\" loading=\"lazy\" class=\"aspect-square size-[75px] object-cover flex-shrink-0 rounded-lg\"><\/p>\n<p>                        <span class=\"\n                            w-full font-article-heading line-clamp-3 md:line-clamp-2 text-base font-medium\">Former Unbound Gravel winner Carolin Schiff returns from health issues with new 13-rider Canyon x DT Swiss All-Terrain Racing team<\/span><\/p>\n<\/li>\n<li class=\"m-0 list-none border-b border-solid border-[#ededed] py-2\" data-recirculation-id=\"recirculation-card-2\" data-analytics-id=\"recirculation-inline-2\" data-mrf-recirculation=\"recirculation-inline-2\">\n<p>    <img decoding=\"async\" src=\"https:\/\/cdn.mos.cms.futurecdn.net\/UgUkn5FySF3DNhE7vYpMyN.jpg\" alt=\"Romain Bardet claims the elite men&amp;#039;s win at RADL GRVL presented by Quad Lock 2026\" loading=\"lazy\" class=\"aspect-square size-[75px] object-cover flex-shrink-0 rounded-lg\"><\/p>\n<p>                        <span class=\"\n                            w-full font-article-heading line-clamp-3 md:line-clamp-2 text-base font-medium\">Nicole Frain sweeps RADL GRVL and first-ever Oceania Gravel Championship for elite women while Romain Bardet earns gravel race victory for elite men<\/span><\/p>\n<\/li>\n<li class=\"m-0 list-none border-b border-solid border-[#ccc] py-2\" data-recirculation-id=\"recirculation-card-3\" data-analytics-id=\"recirculation-inline-3\" data-mrf-recirculation=\"recirculation-inline-3\">\n<p>    <img decoding=\"async\" src=\"https:\/\/cdn.mos.cms.futurecdn.net\/UUywAkmkw4DmdVZUfhdXS8.jpg\" alt=\"Out on the course of the Ceder in 2025\" loading=\"lazy\" class=\"aspect-square size-[75px] object-cover flex-shrink-0 rounded-lg\"><\/p>\n<p>                        <span class=\"\n                            w-full font-article-heading line-clamp-3 md:line-clamp-2 text-base font-medium\">UCI Gravel World Series: Hayley Preen attacks on Uitkyk Pass to claim win at The Ceder while Filippo Colombo scores maiden gravel victory<\/span><\/p>\n<\/li>\n<\/ul>\n<\/aside>\n<p>&#8220;Following an incredible win earlier, Larissa Hartog ran away with it in the women\u2019s race \u2013 making it two from two today for Canyon x DT Swiss All-Terrain Racing. What a statement,&#8221; her team posted to Instagram after the race.<\/p>\n<div id=\"ad-unit-2\" class=\"ad-unit\"><\/div>\n<p>In the elite men&#8217;s race held earlier that day, Hartog&#8217;s teammate Lange, from the USA, took the victory after a 40km solo breakaway, crossing the line with a winning time of 4:21:10, which was 11 seconds ahead of runner-up Czech Petr Vakoc (SK Velo Praha) and 33 seconds ahead of third-placed C\u00e9lestin Guillon (Gravel Nation).<\/p>\n<p>&#8220;After a gutsy 40km solo breakaway, Bradyn Lange, takes the win at The Hills Gravel \u2013 securing our first ever victory. A huge ride for a huge moment,&#8221; his team Canyon x DT Swiss All-Terrain Racing posted to Instagram on Saturday.<\/p>\n<div class=\"instagram-embed\" id=\"elk-DWbZJEKIvIJ\">\n<blockquote class=\"instagram-media\" data-instgrm-captioned data-instgrm-version=\"6\">\n<p>A post shared by Canyon x DT Swiss All-Terrain Racing (@canyon_atr)<\/p>\n<p>A photo posted by on <\/p>\n<\/blockquote>\n<\/div>\n<div class=\"instagram-embed\" id=\"elk-DWbjD2ToHo9\">\n<blockquote class=\"instagram-media\" data-instgrm-captioned data-instgrm-version=\"6\">\n<p>A post shared by Canyon x DT Swiss All-Terrain Racing (@canyon_atr)<\/p>\n<p>A photo posted by on <\/p>\n<\/blockquote>\n<\/div>\n<p><a id=\"elk-results\" class=\"paywall\" aria-hidden=\"true\"><\/a><\/p>\n<h3 class=\"article-body__section\" id=\"section-results\"><span>Results<\/span><\/h3>\n<div id=\"slice-container-table-TCqVzYft4WpfGKo9fZ7j6b-GjC3MB639FClz5CJzxoMb9Gs5EhmEwco\" class=\"slice-container table-wrapper table-TCqVzYft4WpfGKo9fZ7j6b-GjC3MB639FClz5CJzxoMb9Gs5EhmEwco slice-container-table\">\n<div class=\"table__instruction\">Swipe to scroll horizontally<\/div>\n<div class=\"table__container\">\n<table class=\"table__wrapper table__wrapper--inbodyContent table__wrapper--sticky table__wrapper--divider\">\n<caption class=\"table__caption table__caption--top table__caption--left\">Elite Women<\/caption>\n<tbody class=\"table__body\">\n<tr class=\"table__body__row\">\n<td class=\"table_body__data\" colspan=\"1\">\n<p>Position<\/p>\n<\/td>\n<td class=\"table_body__data\" colspan=\"1\">\n<p>Name (country)<\/p>\n<\/td>\n<td class=\"table_body__data\" colspan=\"1\">\n<p>Time<\/p>\n<\/td>\n<\/tr>\n<tr class=\"table__body__row\">\n<td class=\"table_body__data\" colspan=\"1\">\n<p>1<\/p>\n<\/td>\n<td class=\"table_body__data\" colspan=\"1\">\n<p>Larissa Hartog (Netherlands)<\/p>\n<\/td>\n<td class=\"table_body__data\" colspan=\"1\">\n<p>5:01:45<\/p>\n<\/td>\n<\/tr>\n<tr class=\"table__body__row\">\n<td class=\"table_body__data\" colspan=\"1\">\n<p>2<\/p>\n<\/td>\n<td class=\"table_body__data\" colspan=\"1\">\n<p>Erica Magnaldi (Italy)<\/p>\n<\/td>\n<td class=\"table_body__data\" colspan=\"1\">\n<p>0:01:42<\/p>\n<\/td>\n<\/tr>\n<tr class=\"table__body__row\">\n<td class=\"table_body__data\" colspan=\"1\">\n<p>3<\/p>\n<\/td>\n<td class=\"table_body__data\" colspan=\"1\">\n<p>Elena Hartmann (Switzerland)<\/p>\n<\/td>\n<td class=\"table_body__data\" colspan=\"1\">\n<p>0:01:48<\/p>\n<\/td>\n<\/tr>\n<\/tbody>\n<\/table>\n<\/div>\n<\/div>\n<div id=\"slice-container-table-TCqVzYft4WpfGKo9fZ7j6b-fGo0wI7FgX2eNASUs4x6ZgUGz6aksLTJ\" class=\"slice-container table-wrapper table-TCqVzYft4WpfGKo9fZ7j6b-fGo0wI7FgX2eNASUs4x6ZgUGz6aksLTJ slice-container-table\">\n<div class=\"table__instruction\">Swipe to scroll horizontally<\/div>\n<div class=\"table__container\">\n<table class=\"table__wrapper table__wrapper--inbodyContent table__wrapper--sticky table__wrapper--divider\">\n<caption class=\"table__caption table__caption--top table__caption--left\">Elite Men<\/caption>\n<tbody class=\"table__body\">\n<tr class=\"table__body__row\">\n<td class=\"table_body__data\" colspan=\"1\">\n<p>Position<\/p>\n<\/td>\n<td class=\"table_body__data\" colspan=\"1\">\n<p>Name (country)<\/p>\n<\/td>\n<td class=\"table_body__data\" colspan=\"1\">\n<p>Time<\/p>\n<\/td>\n<\/tr>\n<tr class=\"table__body__row\">\n<td class=\"table_body__data\" colspan=\"1\">\n<p>1<\/p>\n<\/td>\n<td class=\"table_body__data\" colspan=\"1\">\n<p>Bradyn Lange (USA)<\/p>\n<\/td>\n<td class=\"table_body__data\" colspan=\"1\">\n<p>4:21:10<\/p>\n<\/td>\n<\/tr>\n<tr class=\"table__body__row\">\n<td class=\"table_body__data\" colspan=\"1\">\n<p>2<\/p>\n<\/td>\n<td class=\"table_body__data\" colspan=\"1\">\n<p>Petr Vakoc (Czech Republic)\u00a0<\/p>\n<\/td>\n<td class=\"table_body__data\" colspan=\"1\">\n<p>0:00:11<\/p>\n<\/td>\n<\/tr>\n<tr class=\"table__body__row\">\n<td class=\"table_body__data\" colspan=\"1\">\n<p>3<\/p>\n<\/td>\n<td class=\"table_body__data\" colspan=\"1\">\n<p>C\u00e9lestin Guillon (France)<\/p>\n<\/td>\n<td class=\"table_body__data\" colspan=\"1\">\n<p>0:00:33<\/p>\n<\/td>\n<\/tr>\n<\/tbody>\n<\/table>\n<\/div>\n<\/div>\n<div id=\"slice-container-newsletterForm-articleInbodyContent-TCqVzYft4WpfGKo9fZ7j6b\" class=\"slice-container newsletter-inbodyContent-slice newsletterForm-articleInbodyContent-TCqVzYft4WpfGKo9fZ7j6b slice-container-newsletterForm\">\n<div data-hydrate=\"true\" class=\"newsletter-form__wrapper newsletter-form__wrapper--inbodyContent\">\n<div class=\"newsletter-form__container\">\n<section class=\"newsletter-form__top-bar\">\n<div class=\"newsletter-form__header\">Get The Leadout Newsletter<\/div>\n<\/section>\n<section class=\"newsletter-form__main-section\">\n<p class=\"newsletter-form__strapline\">The latest race content, interviews, features, reviews and expert buying guides, direct to your inbox!<\/p>\n<footer class=\"newsletter-form__footer \">By submitting your information you agree to the Terms &amp; Conditions and Privacy Policy and are aged 16 or over.<\/footer>\n<\/section>\n<\/div>\n<\/div>\n<\/div>\n<\/div>\n<p>[analyse_source url=&#8221;https:\/\/www.cyclingnews.com\/pro-cycling\/womens-cycling\/bradyn-lange-and-larissa-hartog-claim-victories-at-the-hills-gravel\/&#8221;]<\/p>\n","protected":false},"excerpt":{"rendered":"<p>[analyse_image type=&#8221;featured&#8221; src=&#8221;https:\/\/cdn.mos.cms.futurecdn.net\/wt2YKRiBZcg73oAhBrsDke-1667-80.jpg&#8221;] Pro Cycling Racing Women&#8217;s Cycling Gravel Gravel Earth Series Bradyn Lange and Larissa Hartog claim victories at The Hills Gravel Race Results By Kirsten Frattini published 29 March 2026 Back-to-back victories for Canyon x DT Swiss All-Terrain Racing in Italy When you purchase through links on our site, we may earn an [&hellip;]<\/p>\n","protected":false},"author":1,"featured_media":0,"comment_status":"open","ping_status":"","sticky":false,"template":"","format":"standard","meta":{"footnotes":""},"categories":[2],"tags":[226,68],"class_list":["post-1855256","post","type-post","status-publish","format-standard","hentry","category-politics","tag-crawlmanager","tag-cyclingnews-com"],"_links":{"self":[{"href":"https:\/\/analyse.optim.biz\/index.php?rest_route=\/wp\/v2\/posts\/1855256","targetHints":{"allow":["GET"]}}],"collection":[{"href":"https:\/\/analyse.optim.biz\/index.php?rest_route=\/wp\/v2\/posts"}],"about":[{"href":"https:\/\/analyse.optim.biz\/index.php?rest_route=\/wp\/v2\/types\/post"}],"author":[{"embeddable":true,"href":"https:\/\/analyse.optim.biz\/index.php?rest_route=\/wp\/v2\/users\/1"}],"replies":[{"embeddable":true,"href":"https:\/\/analyse.optim.biz\/index.php?rest_route=%2Fwp%2Fv2%2Fcomments&post=1855256"}],"version-history":[{"count":0,"href":"https:\/\/analyse.optim.biz\/index.php?rest_route=\/wp\/v2\/posts\/1855256\/revisions"}],"wp:attachment":[{"href":"https:\/\/analyse.optim.biz\/index.php?rest_route=%2Fwp%2Fv2%2Fmedia&parent=1855256"}],"wp:term":[{"taxonomy":"category","embeddable":true,"href":"https:\/\/analyse.optim.biz\/index.php?rest_route=%2Fwp%2Fv2%2Fcategories&post=1855256"},{"taxonomy":"post_tag","embeddable":true,"href":"https:\/\/analyse.optim.biz\/index.php?rest_route=%2Fwp%2Fv2%2Ftags&post=1855256"}],"curies":[{"name":"wp","href":"https:\/\/api.w.org\/{rel}","templated":true}]}}