{"id":1855168,"date":"2026-03-31T02:26:00","date_gmt":"2026-03-30T23:26:00","guid":{"rendered":"https:\/\/analyse.optim.biz\/?p=1855168"},"modified":"2026-03-31T02:26:00","modified_gmt":"2026-03-30T23:26:00","slug":"pedro-almodovar-celebre-a-paris-par-une-retrospective-integrale","status":"publish","type":"post","link":"https:\/\/analyse.optim.biz\/?p=1855168","title":{"rendered":"Pedro Almod\u00f3var c\u00e9l\u00e9br\u00e9 \u00e0 Paris par une r\u00e9trospective int\u00e9grale"},"content":{"rendered":"<div class=\"entry-content\">\n<section class=\"single-header padding-top-s\">\n<div class=\"container\">\n<div class=\"row justify-content-between\">\n<div class=\"col-lg-9 col-xl-8\">\n<div class=\"video-container\">\n\t\t\t\t\t\t\t\t\t\t\t\t\t<\/div>\n<div class=\"container-img desktop\">\n\t\t\t\t\t\t\t\t<img decoding=\"async\" width=\"640\" height=\"408\" src=\"https:\/\/numero.com\/wp-content\/uploads\/2026\/03\/penelope-cruz-pedro-almodovar2-768x490.jpg\" class=\"img-fluid\" alt=\"Pen\u00e9lope Cruz dans le film Volver.\" loading=\"lazy\">\t\t\t\t\t\t\t\t<\/p>\n<p class=\"number big\">30<\/p>\n<\/p><\/div>\n<div class=\"container-img mobile\">\n\t\t\t\t\t\t\t\t<img decoding=\"async\" width=\"640\" height=\"804\" src=\"https:\/\/numero.com\/wp-content\/uploads\/2026\/03\/penelope-cruz-pedro-almodovar1-768x965.jpg\" class=\"img-fluid\" alt=\"Pen\u00e9lope Cruz dans le film Volver.\" loading=\"lazy\">\t\t\t\t\t\t\t\t<\/p>\n<p class=\"number big\">30<\/p>\n<\/p><\/div>\n<\/p><\/div>\n<div class=\"col col-lg-3 col-xl-4 desktop\">\n<div class=\"ad grand-angle desktop\">\n    <!-- \/21730003857\/numero-ad-unit\/numero-grand-angle --><\/p>\n<div id=\"div-gpt-ad-1757063143832-0\" class=\"px-0\">\n<p>            googletag.cmd.push(function () {<br \/>\n                googletag.display(&#8216;div-gpt-ad-1757063143832-0&#8217;);<br \/>\n            });<\/p><\/div>\n<\/div><\/div>\n<\/p><\/div>\n<\/p><\/div>\n<\/section>\n<section class=\"post-content\">\n<div class=\"container\">\n<div class=\"row g-0 justify-content-between\">\n<div class=\"col-lg-9 col-xl-8 padding-top-s\">\n<p class=\"share-widget\" id=\"share-widget\"><img decoding=\"async\" src=\"https:\/\/numero.com\/wp-content\/themes\/%09%09%09understrap-child-main\/src\/public\/images\/share.svg\" alt=\"share-widget\"><\/p>\n<div class=\"share-icons\" id=\"share-icons\">\n<p class=\"copy-link\"><img decoding=\"async\" src=\"https:\/\/numero.com\/wp-content\/themes\/understrap-child-main\/src\/public\/images\/copy-link.svg\" alt=\"copy-link\"><\/p>\n<p>\t\t\t\t\t\t\t<a href=\"https:\/\/www.facebook.com\/sharer\/sharer.php?u=https:\/\/numero.com\/culture\/cinema\/pedro-almodovar-restrospective-films\/\" class=\"facebook\" target=\"_blank\" rel=\"noopener\"><img decoding=\"async\" src=\"https:\/\/numero.com\/wp-content\/themes\/understrap-child-main\/src\/public\/images\/facebook.svg\" alt=\"facebook\"><\/a><br \/>\n\t\t\t\t\t\t\t<a href=\"https:\/\/twitter.com\/share?url=https:\/\/numero.com\/culture\/cinema\/pedro-almodovar-restrospective-films\/\" class=\"twitter\" target=\"_blank\" rel=\"noopener\"><img decoding=\"async\" src=\"https:\/\/numero.com\/wp-content\/themes\/understrap-child-main\/src\/public\/images\/twitter.svg\" alt=\"twitter\"><\/a>\n\t\t\t\t\t\t<\/div>\n<p>\t\t\t\t\t\t<span class id=\"custom-tooltip\">Lien copi\u00e9<\/span><\/p>\n<div class=\"col-lg-10\">\n<div class=\"meta d-flex justify-content-between align-items-center\">\n<div class=\"cat\">\n\t\t\t\t\t\t\t\t\t<a class=\"cat-title\" href=\"https:\/\/numero.com\/category\/culture\/cinema\/\">Cin\u00e9ma<\/a>\t\t\t\t\t\t\t\t<\/div>\n<p class=\"date\">\n\t\t\t\t\t\t\t\t\t30 mars 2026\t\t\t\t\t\t\t\t<\/p>\n<\/p><\/div>\n<h1>Pedro Almod\u00f3var c\u00e9l\u00e9br\u00e9 \u00e0 Paris par une r\u00e9trospective int\u00e9grale<\/h1>\n<div class=\"introduction\">\n<p class=\"p1\">Du 8 avril au 26 mai 2026, le Centre Pompidou et le mk2 Biblioth\u00e8que consacreront une r\u00e9trospective int\u00e9grale au r\u00e9alisateur espagnol Pedro Almod\u00f3var, en sa pr\u00e9sence. On pourra aussi d\u00e9couvrir, en plus des projections de films, une masterclass du cin\u00e9aste, des pr\u00e9sentations et des rencontres avec ses proches collaborateurs dont l\u2019actrice Rossy de Palma.<\/p>\n<\/div>\n<li class=\"credits d-flex\">\n<p>\n\t\t\t\t\t\t\t\t\t\t\tpar\t\t\t\t\t\t\t\t\t\t\t\t\t\t\t\t\t\t\t\t\t\t\t<a href=\"https:\/\/numero.com\/contributeur\/alexis-thibault\/\">Alexis Thibault<\/a>.\t\t\t\t\t\t\t\t\t\t\t\t\t\t\t\t\t\t\t\t\t<\/p>\n<\/li>\n<div id=\"ads03\" class=\"mobile\">\n<div class=\"ad-wrapper\">\n<div class=\"ad interscroller desktop\">\n<\/div>\n<p><!-- \/21730003857\/numero-ad-unit\/numero-interscroller --><\/p>\n<div id=\"div-gpt-ad-1757521738078-0\">\n<p>        googletag.cmd.push(function () {<br \/>\n            googletag.display(&#8216;div-gpt-ad-1757521738078-0&#8217;);<br \/>\n        });<\/p>\n<\/div><\/div>\n<\/p><\/div>\n<p>\t\t\t\t\t\t\t&lt;!&#8211; <\/p>\n<div class=\"padding-bottom-s\">\n\t\t\t\t\t\t\t\t\t\t\t\t\t\t\t<\/div>\n<p> &#8211;&gt;<\/p>\n<figure class=\"wp-block-embed is-type-video is-provider-youtube wp-block-embed-youtube wp-embed-aspect-4-3 wp-has-aspect-ratio\">\n<div class=\"wp-block-embed__wrapper\">\n<div class=\"cookieconsent-optout-statistics cookieconsent-optout-marketing\"><\/div>\n<\/div><figcaption class=\"wp-element-caption\">La bande-annonce de <em>Pepi, Luci, Bom et autres filles du quartier<\/em> (1980) de Pedro Almod\u00f3var.<\/figcaption><\/figure>\n<h2 class=\"wp-block-heading\">La r\u00e9trospective Pedro Almod\u00f3var au mk2 Biblioth\u00e8que<\/h2>\n<p>Avec une vingtaine de longs-m\u00e9trages en plus de quarante de carri\u00e8re, <strong>Pedro Almod\u00f3var<\/strong>, n\u00e9 en 1949 \u00e0 Calzada de Calatrava, dans la\u00a0commune d\u2019Espagne\u00a0de la\u00a0province de Ciudad Real\u00a0dans la\u00a0communaut\u00e9 de\u00a0Castille-La Manche, est l\u2019un des rares cin\u00e9astes espagnols les plus marquants de ces derni\u00e8res d\u00e9cennies. M\u00e9lodrame, thriller, com\u00e9die noire\u2026 Cette versatilit\u00e9 sera c\u00e9l\u00e9br\u00e9e par le <strong>Centre Pompidou <\/strong>et le <strong>mk2 Biblioth\u00e8que<\/strong> entendent explorer avec <strong><em> <em><strong><a href=\"https:\/\/numero.com\/culture\/cinema\/tilda-swinton-et-julianne-moore-reunies-par-pedro-almodovar\/\">Pedro Almod\u00f3var<\/a><\/strong><\/em>, Attachements<\/em><\/strong><em>, <\/em>une r\u00e9trospective programm\u00e9e du 8 avril au 26 mai 2026, dans le 13e arrondissement de Paris.<\/p>\n<p>Le cycle d\u00e9butera par la projection de <em>La Fleur de mon secret <\/em>(1995), pr\u00e9sent\u00e9e par <strong><a href=\"https:\/\/numero.com\/culture\/interview-culte-dans-le-lit-de-rossy-de-palma\/\">Rossy de Palma<\/a><\/strong>, l\u2019une des actrices les plus associ\u00e9es \u00e0 l\u2019univers du cin\u00e9aste. D\u2019autres temps forts ponctueront le programme comme une discussion autour de <em>La Loi du d\u00e9sir <\/em>(1987) en compagnie d\u2019<strong>Agust\u00edn Almod\u00f3var<\/strong>, fr\u00e8re et producteur du r\u00e9alisateur. Le compositeur <strong>Alberto Iglesias<\/strong>, la monteuse <strong>Teresa Font<\/strong> et d\u2019autres proches collaborateurs du r\u00e9alisateur sont \u00e9galement attendus. En guise de point d\u2019orgue, on d\u00e9couvrirera une masterclass donn\u00e9e par le cin\u00e9aste lui-m\u00eame.<\/p>\n<figure class=\"wp-block-embed is-type-video is-provider-youtube wp-block-embed-youtube wp-embed-aspect-16-9 wp-has-aspect-ratio\">\n<div class=\"wp-block-embed__wrapper\">\n<div class=\"cookieconsent-optout-statistics cookieconsent-optout-marketing\"><\/div>\n<\/div><figcaption class=\"wp-element-caption\">La bande-annonce du film <em>La Chambre d\u2019\u00e0 c\u00f4t\u00e9<\/em> (2024) de Pedro Almod\u00f3var.<\/figcaption><\/figure>\n<h2 class=\"wp-block-heading\">Une rencontre avec le r\u00e9alisateur<\/h2>\n<p>Mais le <strong>Centre Pompidou <\/strong>insiste bien sur l\u2019ambition du cycle. Il ne s\u2019agit pas d\u2019un \u201cbest-of\u201d mais d\u2019une \u201cint\u00e9grale\u201d, con\u00e7ue pour permettre de \u201c<em>relire les d\u00e9buts pimpants et provocateurs depuis les \u0153uvres r\u00e9centes<\/em>\u201d. On pourra par exemple (re)voir <em>Pepi, Luci, Bom et autres filles du quartier<\/em> (1980), film bricol\u00e9 n\u00e9 dans l\u2019effervescence de <strong>la Movida<\/strong>, ce mouvement contre-culturel madril\u00e8ne n\u00e9 au lendemain de la fin du franquisme, marqu\u00e9 par une libert\u00e9 artistique d\u00e9brid\u00e9e et une volont\u00e9 de rupture avec les normes. Un film tr\u00e8s diff\u00e9rent du tr\u00e8s beau <em><strong><a href=\"https:\/\/numero.com\/culture\/cinema\/tilda-swinton-et-julianne-moore-reunies-par-pedro-almodovar\/\">La Chambre d\u2019\u00e0 c\u00f4t\u00e9<\/a><\/strong> <\/em>(2024), <strong><a href=\"https:\/\/numero.com\/culture\/cinema\/jim-jarmusch-father-mother-sister-brother\/\">Lion d\u2019or \u00e0 Venise<\/a><\/strong> et premier long-m\u00e9trage en anglais du cin\u00e9aste.<\/p>\n<p>Entre les deux, il y a<strong> <em>Femmes au bord de la crise de nerfs <\/em><\/strong>(1988), <em><strong>Tout sur ma m\u00e8re<\/strong><\/em> (1999), <em>Parle avec elle<\/em> (2002), <em>Volver <\/em>(2006) ou encore <em>Douleur et gloire<\/em> (2019). Autant de films qui ont contribu\u00e9 \u00e0 faire du cin\u00e9aste espagnol un auteur dont le nom seul, comme le souligne le Centre Pompidou, est devenu \u201cun adjectif\u201d. L\u2019\u00e9v\u00e9nement est d\u2019autant plus singulier que le cin\u00e9aste vient d\u2019achever le tournage de son nouveau long-m\u00e9trage, <em>Amarga Navidad<\/em> (<em>Bitter Christmas, <\/em>2026) qui figure parmi les projets les plus attendus de l\u2019ann\u00e9e au cin\u00e9ma.<\/p>\n<p><em>Pedro Almod\u00f3var, Attachements, du 8 avril au 26 mai 2026 au mk2 Biblioth\u00e8que, 128-162 avenue de France, Paris 13e. Programmation compl\u00e8te sur <a href=\"https:\/\/www.mk2.com\/\">mk2.com <\/a>et <a href=\"https:\/\/www.centrepompidou.fr\/fr\/\">centrepompidou.fr<\/a>.<\/em><\/p>\n<\/p><\/div>\n<\/p><\/div>\n<div class=\"col-lg-3\">\n<div class=\"suggested-posts padding-top-s\">\n<div class=\"title\">Recommand\u00e9<\/div>\n<div class=\"post-card\">\n\t\t\t\t\t\t\t\t\t\t<a class=\"post-link d-flex\" href=\"https:\/\/numero.com\/culture\/cinema\/rencontre-tilda-swinton-la-chambre-da-cote-interview\/\"><\/p>\n<div class=\"container-img\">\n\t\t\t\t\t\t\t\t\t\t\t\t<img decoding=\"async\" width=\"640\" height=\"804\" src=\"https:\/\/numero.com\/wp-content\/uploads\/2024\/12\/thumb-tilda-swinton-la-chambre-da-cote-numero-magazine1-768x965.png\" class=\"img-fluid\" alt=\"Tilda Swinton en Chanel. la chambre d'\u00e0 c\u00f4t\u00e9\" loading=\"lazy\">\t\t\t\t\t\t\t\t\t\t\t\t<\/p>\n<p class=\"number\">26<\/p>\n<\/p><\/div>\n<div class=\"card-info d-flex\">\n<div>\n<p class=\"cat-title\">Cin\u00e9ma<\/p>\n<h3 class=\"post-title\">Rencontre avec Tilda Swinton, une actrice passionnante et fascinante<\/h3>\n<\/p><\/div>\n<p class=\"date\">\n\t\t\t\t\t\t\t\t\t\t\t\t\t26 d\u00e9c 2024\t\t\t\t\t\t\t\t\t\t\t\t<\/p>\n<\/p><\/div>\n<p>\t\t\t\t\t\t\t\t\t\t<\/a>\n\t\t\t\t\t\t\t\t\t<\/div>\n<div class=\"post-card\">\n\t\t\t\t\t\t\t\t\t\t<a class=\"post-link d-flex\" href=\"https:\/\/numero.com\/culture\/cinema\/meilleurs-films-21-e-siecle\/\"><\/p>\n<div class=\"container-img\">\n\t\t\t\t\t\t\t\t\t\t\t\t<img decoding=\"async\" width=\"640\" height=\"804\" src=\"https:\/\/numero.com\/wp-content\/uploads\/2021\/12\/in-the-mood-for-love1-768x965.jpg\" class=\"img-fluid\" alt=\"Le film In the Mood for Love parmi les meilleurs films du 21e si\u00e8cle.\" loading=\"lazy\">\t\t\t\t\t\t\t\t\t\t\t\t<\/p>\n<p class=\"number\">24<\/p>\n<\/p><\/div>\n<div class=\"card-info d-flex\">\n<div>\n<p class=\"cat-title\">Cin\u00e9ma<\/p>\n<h3 class=\"post-title\">Quels sont les meilleurs films du 21e si\u00e8cle selon Pedro Almod\u00f3var et Sofia Coppola ?<\/h3>\n<\/p><\/div>\n<p class=\"date\">\n\t\t\t\t\t\t\t\t\t\t\t\t\t24 juin 2025\t\t\t\t\t\t\t\t\t\t\t\t<\/p>\n<\/p><\/div>\n<p>\t\t\t\t\t\t\t\t\t\t<\/a>\n\t\t\t\t\t\t\t\t\t<\/div>\n<div class=\"post-card\">\n\t\t\t\t\t\t\t\t\t\t<a class=\"post-link d-flex\" href=\"https:\/\/numero.com\/culture\/cinema\/pedro-almodovar-amarga-navidad\/\"><\/p>\n<div class=\"container-img\">\n\t\t\t\t\t\t\t\t\t\t\t\t<img decoding=\"async\" width=\"640\" height=\"804\" src=\"https:\/\/numero.com\/wp-content\/uploads\/2025\/06\/thumb-pedro-almodovar-julianne-moore-la-chambre-d-a-cote-numero-magazine-copie-768x965.jpg\" class=\"img-fluid\" alt=\"Photo de Pedro Almod\u00f3var et Julianne Moore sur le tournage du film La Chambre d\u2019\u00e0 c\u00f4t\u00e9 (2025) de Pedro Almod\u00f3var.\" loading=\"lazy\">\t\t\t\t\t\t\t\t\t\t\t\t<\/p>\n<p class=\"number\">12<\/p>\n<\/p><\/div>\n<div class=\"card-info d-flex\">\n<div>\n<p class=\"cat-title\">Cin\u00e9ma<\/p>\n<h3 class=\"post-title\">Apr\u00e8s La Chambre d\u2019\u00e0 c\u00f4t\u00e9, que nous r\u00e9serve Pedro Almod\u00f3var ?<\/h3>\n<\/p><\/div>\n<p class=\"date\">\n\t\t\t\t\t\t\t\t\t\t\t\t\t12 juin 2025\t\t\t\t\t\t\t\t\t\t\t\t<\/p>\n<\/p><\/div>\n<p>\t\t\t\t\t\t\t\t\t\t<\/a>\n\t\t\t\t\t\t\t\t\t<\/div>\n<div class=\"post-card\">\n\t\t\t\t\t\t\t\t\t\t<a class=\"post-link d-flex\" href=\"https:\/\/numero.com\/culture\/musique\/rosalia-lux-portrait\/\"><\/p>\n<div class=\"container-img\">\n\t\t\t\t\t\t\t\t\t\t\t\t<img decoding=\"async\" width=\"640\" height=\"804\" src=\"https:\/\/numero.com\/wp-content\/uploads\/2020\/09\/rosalia-lux-768x965.jpg\" class=\"img-fluid\" alt=\"Rosal\u00eda \u00e0 la f\u00eate des Oscars de Vanity Fair au Wallis Annenberg Center for the Performing Arts, \u00e0 Beverly Hills, le 2 mars 2025. Photo par Christopher Polk\/Variety via Getty Images.\" loading=\"lazy\">\t\t\t\t\t\t\t\t\t\t\t\t<\/p>\n<p class=\"number\">17<\/p>\n<\/p><\/div>\n<div class=\"card-info d-flex\">\n<div>\n<p class=\"cat-title\">Musique<\/p>\n<h3 class=\"post-title\">Rosal\u00eda : 5 choses que nous ne savez (peut-\u00eatre) pas sur la tornade espagnole<\/h3>\n<\/p><\/div>\n<p class=\"date\">\n\t\t\t\t\t\t\t\t\t\t\t\t\t17 mars 2026\t\t\t\t\t\t\t\t\t\t\t\t<\/p>\n<\/p><\/div>\n<p>\t\t\t\t\t\t\t\t\t\t<\/a>\n\t\t\t\t\t\t\t\t\t<\/div>\n<\/p><\/div>\n<\/p><\/div>\n<\/p><\/div>\n<div class=\"padding-top-s\">\n<div class=\"ad banner desktop\">\n<div class=\"container\">\n<div class=\"row\">\n            <!-- \/21730003857\/numero-ad-unit\/numero-banner-1 --><\/p>\n<div id=\"div-gpt-ad-1757006327907-0\" style=\"min-width: 350px\">\n<p>                    googletag.cmd.push(function () {<br \/>\n                        googletag.display(&#8216;div-gpt-ad-1757006327907-0&#8217;);<br \/>\n                    });<\/p><\/div>\n<\/p><\/div>\n<\/p><\/div>\n<\/div><\/div>\n<\/p><\/div>\n<\/section>\n<p>        <button class=\"btn-newsletter btn-outline-white my-5\" id=\"open-modal-newsletter\">Inscrivez-vous \u00e0 la newsletter<\/button>\t\t<\/p>\n<section class=\"related-posts post-list padding-top-m padding-bottom-s\">\n<div class=\"container\">\n<h2 class=\"title mx-auto\">\u00c0 lire aussi<\/h2>\n<div class=\"row\">\n<div class=\"col-lg-3\">\n<div class=\"post-card desktop\">\n\t\t\t\t\t\t\t\t\t\t<a class=\"post-link\" href=\"https:\/\/numero.com\/culture\/cinema\/jurassic-world-le-monde-d-apres\/\"><\/p>\n<div class=\"container-img\">\n\t\t\t\t\t\t\t\t\t\t\t\t<img decoding=\"async\" width=\"640\" height=\"804\" src=\"https:\/\/numero.com\/wp-content\/uploads\/2022\/06\/Jurassic-World-768x965.jpg\" class=\"img-fluid\" alt=\"DeWanda Wise dans le film Jurassic World : Le Monde d'apr\u00e8s (2022). \u00a9 Universal Studios and Amblin Entertainment. All Rights Reserved.\" loading=\"lazy\">\t\t\t\t\t\t\t\t\t\t\t\t<\/p>\n<div class=\"number\">30<\/div>\n<\/p><\/div>\n<div class=\"card-info\">\n<div class=\"meta d-flex justify-content-between\">\n<p class=\"cat-title\">Cin\u00e9ma<\/p>\n<p class=\"date\">\n\t\t\t\t\t\t\t\t\t\t\t\t\t\t30 mars 2026\t\t\t\t\t\t\t\t\t\t\t\t\t<\/p>\n<\/p><\/div>\n<div class=\"post-title\">Pourquoi il faut (re)voir Jurassic World : Le Monde d\u2019apr\u00e8s<\/div>\n<\/p><\/div>\n<p>\t\t\t\t\t\t\t\t\t\t<\/a>\n\t\t\t\t\t\t\t\t\t<\/div>\n<div class=\"post-card mobile\">\n\t\t\t\t\t\t\t\t\t\t<a class=\"post-link d-flex\" href=\"https:\/\/numero.com\/culture\/cinema\/jurassic-world-le-monde-d-apres\/\"><\/p>\n<div class=\"container-img\">\n\t\t\t\t\t\t\t\t\t\t\t\t<img decoding=\"async\" width=\"640\" height=\"804\" src=\"https:\/\/numero.com\/wp-content\/uploads\/2022\/06\/Jurassic-World-768x965.jpg\" class=\"img-fluid\" alt=\"DeWanda Wise dans le film Jurassic World : Le Monde d'apr\u00e8s (2022). \u00a9 Universal Studios and Amblin Entertainment. All Rights Reserved.\" loading=\"lazy\">\t\t\t\t\t\t\t\t\t\t\t\t<\/p>\n<div class=\"number\">30<\/div>\n<\/p><\/div>\n<div class=\"card-info d-flex\">\n<div>\n<p class=\"cat-title\">Cin\u00e9ma<\/p>\n<h3 class=\"post-title\">Pourquoi il faut (re)voir Jurassic World : Le Monde d\u2019apr\u00e8s<\/h3>\n<\/p><\/div>\n<p class=\"date\">\n\t\t\t\t\t\t\t\t\t\t\t\t\t30 mars 2026\t\t\t\t\t\t\t\t\t\t\t\t<\/p>\n<\/p><\/div>\n<p>\t\t\t\t\t\t\t\t\t\t<\/a>\n\t\t\t\t\t\t\t\t\t<\/div>\n<\/p><\/div>\n<div class=\"col-lg-3\">\n<div class=\"post-card desktop\">\n\t\t\t\t\t\t\t\t\t\t<a class=\"post-link\" href=\"https:\/\/numero.com\/culture\/cinema\/comment-a24-a-su-simposer-comme-un-studio-phare\/\"><\/p>\n<div class=\"container-img\">\n\t\t\t\t\t\t\t\t\t\t\t\t<img decoding=\"async\" width=\"640\" height=\"804\" src=\"https:\/\/numero.com\/wp-content\/uploads\/2026\/02\/zendaya-the-drama-768x965.jpg\" class=\"img-fluid\" alt=\"Zendaya dans le film The Drama.\" loading=\"lazy\">\t\t\t\t\t\t\t\t\t\t\t\t<\/p>\n<div class=\"number\">30<\/div>\n<\/p><\/div>\n<div class=\"card-info\">\n<div class=\"meta d-flex justify-content-between\">\n<p class=\"cat-title\">Cin\u00e9ma<\/p>\n<p class=\"date\">\n\t\t\t\t\t\t\t\t\t\t\t\t\t\t30 mars 2026\t\t\t\t\t\t\t\t\t\t\t\t\t<\/p>\n<\/p><\/div>\n<div class=\"post-title\">Comment A24 s\u2019est impos\u00e9 comme l\u2019un des studios phares d\u2019Hollywood\u00a0<\/div>\n<\/p><\/div>\n<p>\t\t\t\t\t\t\t\t\t\t<\/a>\n\t\t\t\t\t\t\t\t\t<\/div>\n<div class=\"post-card mobile\">\n\t\t\t\t\t\t\t\t\t\t<a class=\"post-link d-flex\" href=\"https:\/\/numero.com\/culture\/cinema\/comment-a24-a-su-simposer-comme-un-studio-phare\/\"><\/p>\n<div class=\"container-img\">\n\t\t\t\t\t\t\t\t\t\t\t\t<img decoding=\"async\" width=\"640\" height=\"804\" src=\"https:\/\/numero.com\/wp-content\/uploads\/2026\/02\/zendaya-the-drama-768x965.jpg\" class=\"img-fluid\" alt=\"Zendaya dans le film The Drama.\" loading=\"lazy\">\t\t\t\t\t\t\t\t\t\t\t\t<\/p>\n<div class=\"number\">30<\/div>\n<\/p><\/div>\n<div class=\"card-info d-flex\">\n<div>\n<p class=\"cat-title\">Cin\u00e9ma<\/p>\n<h3 class=\"post-title\">Comment A24 s\u2019est impos\u00e9 comme l\u2019un des studios phares d\u2019Hollywood\u00a0<\/h3>\n<\/p><\/div>\n<p class=\"date\">\n\t\t\t\t\t\t\t\t\t\t\t\t\t30 mars 2026\t\t\t\t\t\t\t\t\t\t\t\t<\/p>\n<\/p><\/div>\n<p>\t\t\t\t\t\t\t\t\t\t<\/a>\n\t\t\t\t\t\t\t\t\t<\/div>\n<\/p><\/div>\n<div class=\"col-lg-3\">\n<div class=\"post-card desktop\">\n\t\t\t\t\t\t\t\t\t\t<a class=\"post-link\" href=\"https:\/\/numero.com\/culture\/musique\/festival-coachella-2026-programmation\/\"><\/p>\n<div class=\"container-img\">\n\t\t\t\t\t\t\t\t\t\t\t\t<img decoding=\"async\" width=\"640\" height=\"804\" src=\"https:\/\/numero.com\/wp-content\/uploads\/2025\/09\/sabrina-carpenter-coachella2-768x965.jpg\" class=\"img-fluid\" alt=\"Sabrina Carpenter en concert.\" loading=\"lazy\">\t\t\t\t\t\t\t\t\t\t\t\t<\/p>\n<div class=\"number\">30<\/div>\n<\/p><\/div>\n<div class=\"card-info\">\n<div class=\"meta d-flex justify-content-between\">\n<p class=\"cat-title\">Musique<\/p>\n<p class=\"date\">\n\t\t\t\t\t\t\t\t\t\t\t\t\t\t30 mars 2026\t\t\t\t\t\t\t\t\t\t\t\t\t<\/p>\n<\/p><\/div>\n<div class=\"post-title\">Coachella 2026 : que nous r\u00e9serve la nouvelle \u00e9dition du festival ?<\/div>\n<\/p><\/div>\n<p>\t\t\t\t\t\t\t\t\t\t<\/a>\n\t\t\t\t\t\t\t\t\t<\/div>\n<div class=\"post-card mobile\">\n\t\t\t\t\t\t\t\t\t\t<a class=\"post-link d-flex\" href=\"https:\/\/numero.com\/culture\/musique\/festival-coachella-2026-programmation\/\"><\/p>\n<div class=\"container-img\">\n\t\t\t\t\t\t\t\t\t\t\t\t<img decoding=\"async\" width=\"640\" height=\"804\" src=\"https:\/\/numero.com\/wp-content\/uploads\/2025\/09\/sabrina-carpenter-coachella2-768x965.jpg\" class=\"img-fluid\" alt=\"Sabrina Carpenter en concert.\" loading=\"lazy\">\t\t\t\t\t\t\t\t\t\t\t\t<\/p>\n<div class=\"number\">30<\/div>\n<\/p><\/div>\n<div class=\"card-info d-flex\">\n<div>\n<p class=\"cat-title\">Musique<\/p>\n<h3 class=\"post-title\">Coachella 2026 : que nous r\u00e9serve la nouvelle \u00e9dition du festival ?<\/h3>\n<\/p><\/div>\n<p class=\"date\">\n\t\t\t\t\t\t\t\t\t\t\t\t\t30 mars 2026\t\t\t\t\t\t\t\t\t\t\t\t<\/p>\n<\/p><\/div>\n<p>\t\t\t\t\t\t\t\t\t\t<\/a>\n\t\t\t\t\t\t\t\t\t<\/div>\n<\/p><\/div>\n<div class=\"col-lg-3\">\n<div class=\"post-card desktop\">\n\t\t\t\t\t\t\t\t\t\t<a class=\"post-link\" href=\"https:\/\/numero.com\/culture\/cinema\/zendaya-robert-pattinson-interview-the-drama\/\"><\/p>\n<div class=\"container-img\">\n\t\t\t\t\t\t\t\t\t\t\t\t<img decoding=\"async\" width=\"640\" height=\"804\" src=\"https:\/\/numero.com\/wp-content\/uploads\/2026\/03\/the-drama6-768x965.jpg\" class=\"img-fluid\" alt=\"Robert Pattinson et Zendaya pour The Drama.\" loading=\"lazy\">\t\t\t\t\t\t\t\t\t\t\t\t<\/p>\n<div class=\"number\">27<\/div>\n<\/p><\/div>\n<div class=\"card-info\">\n<div class=\"meta d-flex justify-content-between\">\n<p class=\"cat-title\">Cin\u00e9ma<\/p>\n<p class=\"date\">\n\t\t\t\t\t\t\t\t\t\t\t\t\t\t27 mars 2026\t\t\t\t\t\t\t\t\t\t\t\t\t<\/p>\n<\/p><\/div>\n<div class=\"post-title\">Zendaya et Robert Pattinson nous racontent la rom com subversive The Drama<\/div>\n<\/p><\/div>\n<p>\t\t\t\t\t\t\t\t\t\t<\/a>\n\t\t\t\t\t\t\t\t\t<\/div>\n<div class=\"post-card mobile\">\n\t\t\t\t\t\t\t\t\t\t<a class=\"post-link d-flex\" href=\"https:\/\/numero.com\/culture\/cinema\/zendaya-robert-pattinson-interview-the-drama\/\"><\/p>\n<div class=\"container-img\">\n\t\t\t\t\t\t\t\t\t\t\t\t<img decoding=\"async\" width=\"640\" height=\"804\" src=\"https:\/\/numero.com\/wp-content\/uploads\/2026\/03\/the-drama6-768x965.jpg\" class=\"img-fluid\" alt=\"Robert Pattinson et Zendaya pour The Drama.\" loading=\"lazy\">\t\t\t\t\t\t\t\t\t\t\t\t<\/p>\n<div class=\"number\">27<\/div>\n<\/p><\/div>\n<div class=\"card-info d-flex\">\n<div>\n<p class=\"cat-title\">Cin\u00e9ma<\/p>\n<h3 class=\"post-title\">Zendaya et Robert Pattinson nous racontent la rom com subversive The Drama<\/h3>\n<\/p><\/div>\n<p class=\"date\">\n\t\t\t\t\t\t\t\t\t\t\t\t\t27 mars 2026\t\t\t\t\t\t\t\t\t\t\t\t<\/p>\n<\/p><\/div>\n<p>\t\t\t\t\t\t\t\t\t\t<\/a>\n\t\t\t\t\t\t\t\t\t<\/div>\n<\/p><\/div>\n<\/p><\/div>\n<\/p><\/div>\n<\/section>\n<div class=\"padding-bottom-s\">\n<div class=\"ad banner desktop\">\n<div class=\"container\">\n<div class=\"row\">\n            <!-- \/21730003857\/numero-ad-unit\/numero-banner-1 --><\/p>\n<div id=\"div-gpt-ad-1757006327907-0\" style=\"min-width: 350px\">\n<p>                    googletag.cmd.push(function () {<br \/>\n                        googletag.display(&#8216;div-gpt-ad-1757006327907-0&#8217;);<br \/>\n                    });<\/p><\/div>\n<\/p><\/div>\n<\/p><\/div>\n<\/div><\/div>\n<\/p><\/div>\n","protected":false},"excerpt":{"rendered":"<p>30 30 googletag.cmd.push(function () { googletag.display(&#8216;div-gpt-ad-1757063143832-0&#8217;); }); Lien copi\u00e9 Cin\u00e9ma 30 mars 2026 Pedro Almod\u00f3var c\u00e9l\u00e9br\u00e9 \u00e0 Paris par une r\u00e9trospective int\u00e9grale Du 8 avril au 26 mai 2026, le Centre Pompidou et le mk2 Biblioth\u00e8que consacreront une r\u00e9trospective int\u00e9grale au r\u00e9alisateur espagnol Pedro Almod\u00f3var, en sa pr\u00e9sence. On pourra aussi d\u00e9couvrir, en plus des [&hellip;]<\/p>\n","protected":false},"author":1,"featured_media":0,"comment_status":"open","ping_status":"","sticky":false,"template":"","format":"standard","meta":{"footnotes":""},"categories":[1],"tags":[226,258],"class_list":["post-1855168","post","type-post","status-publish","format-standard","hentry","category-uncategorized","tag-crawlmanager","tag-numero-com"],"_links":{"self":[{"href":"https:\/\/analyse.optim.biz\/index.php?rest_route=\/wp\/v2\/posts\/1855168","targetHints":{"allow":["GET"]}}],"collection":[{"href":"https:\/\/analyse.optim.biz\/index.php?rest_route=\/wp\/v2\/posts"}],"about":[{"href":"https:\/\/analyse.optim.biz\/index.php?rest_route=\/wp\/v2\/types\/post"}],"author":[{"embeddable":true,"href":"https:\/\/analyse.optim.biz\/index.php?rest_route=\/wp\/v2\/users\/1"}],"replies":[{"embeddable":true,"href":"https:\/\/analyse.optim.biz\/index.php?rest_route=%2Fwp%2Fv2%2Fcomments&post=1855168"}],"version-history":[{"count":1,"href":"https:\/\/analyse.optim.biz\/index.php?rest_route=\/wp\/v2\/posts\/1855168\/revisions"}],"predecessor-version":[{"id":1953308,"href":"https:\/\/analyse.optim.biz\/index.php?rest_route=\/wp\/v2\/posts\/1855168\/revisions\/1953308"}],"wp:attachment":[{"href":"https:\/\/analyse.optim.biz\/index.php?rest_route=%2Fwp%2Fv2%2Fmedia&parent=1855168"}],"wp:term":[{"taxonomy":"category","embeddable":true,"href":"https:\/\/analyse.optim.biz\/index.php?rest_route=%2Fwp%2Fv2%2Fcategories&post=1855168"},{"taxonomy":"post_tag","embeddable":true,"href":"https:\/\/analyse.optim.biz\/index.php?rest_route=%2Fwp%2Fv2%2Ftags&post=1855168"}],"curies":[{"name":"wp","href":"https:\/\/api.w.org\/{rel}","templated":true}]}}