{"id":1855019,"date":"2026-03-31T02:26:00","date_gmt":"2026-03-30T23:26:00","guid":{"rendered":"https:\/\/analyse.optim.biz\/?p=1855019"},"modified":"2026-03-31T02:26:00","modified_gmt":"2026-03-30T23:26:00","slug":"coachella-2026-que-nous-reserve-la-nouvelle-edition","status":"publish","type":"post","link":"https:\/\/analyse.optim.biz\/?p=1855019","title":{"rendered":"Coachella 2026 : que nous r\u00e9serve la nouvelle \u00e9dition ?"},"content":{"rendered":"<div class=\"entry-content\">\n<section class=\"single-header padding-top-s\">\n<div class=\"container\">\n<div class=\"row justify-content-between\">\n<div class=\"col-lg-9 col-xl-8\">\n<div class=\"video-container\">\n\t\t\t\t\t\t\t\t\t\t\t\t\t<\/div>\n<div class=\"container-img desktop\">\n\t\t\t\t\t\t\t\t<img decoding=\"async\" width=\"640\" height=\"408\" src=\"https:\/\/numero.com\/wp-content\/uploads\/2025\/09\/sabrina-carpenter-coachella1-768x490.jpg\" class=\"img-fluid\" alt=\"Sabrina Carpenter au festival Coachella 2024.\" loading=\"lazy\">\t\t\t\t\t\t\t\t<\/p>\n<p class=\"number big\">30<\/p>\n<\/p><\/div>\n<div class=\"container-img mobile\">\n\t\t\t\t\t\t\t\t<img decoding=\"async\" width=\"640\" height=\"804\" src=\"https:\/\/numero.com\/wp-content\/uploads\/2025\/09\/sabrina-carpenter-coachella2-768x965.jpg\" class=\"img-fluid\" alt=\"Sabrina Carpenter en concert.\" loading=\"lazy\">\t\t\t\t\t\t\t\t<\/p>\n<p class=\"number big\">30<\/p>\n<\/p><\/div>\n<\/p><\/div>\n<div class=\"col col-lg-3 col-xl-4 desktop\">\n<div class=\"ad grand-angle desktop\">\n    <!-- \/21730003857\/numero-ad-unit\/numero-grand-angle --><\/p>\n<div id=\"div-gpt-ad-1757063143832-0\" class=\"px-0\">\n<p>            googletag.cmd.push(function () {<br \/>\n                googletag.display(&#8216;div-gpt-ad-1757063143832-0&#8217;);<br \/>\n            });<\/p><\/div>\n<\/div><\/div>\n<\/p><\/div>\n<\/p><\/div>\n<\/section>\n<section class=\"post-content\">\n<div class=\"container\">\n<div class=\"row g-0 justify-content-between\">\n<div class=\"col-lg-9 col-xl-8 padding-top-s\">\n<p class=\"share-widget\" id=\"share-widget\"><img decoding=\"async\" src=\"https:\/\/numero.com\/wp-content\/themes\/%09%09%09understrap-child-main\/src\/public\/images\/share.svg\" alt=\"share-widget\"><\/p>\n<div class=\"share-icons\" id=\"share-icons\">\n<p class=\"copy-link\"><img decoding=\"async\" src=\"https:\/\/numero.com\/wp-content\/themes\/understrap-child-main\/src\/public\/images\/copy-link.svg\" alt=\"copy-link\"><\/p>\n<p>\t\t\t\t\t\t\t<a href=\"https:\/\/www.facebook.com\/sharer\/sharer.php?u=https:\/\/numero.com\/culture\/musique\/festival-coachella-2026-programmation\/\" class=\"facebook\" target=\"_blank\" rel=\"noopener\"><img decoding=\"async\" src=\"https:\/\/numero.com\/wp-content\/themes\/understrap-child-main\/src\/public\/images\/facebook.svg\" alt=\"facebook\"><\/a><br \/>\n\t\t\t\t\t\t\t<a href=\"https:\/\/twitter.com\/share?url=https:\/\/numero.com\/culture\/musique\/festival-coachella-2026-programmation\/\" class=\"twitter\" target=\"_blank\" rel=\"noopener\"><img decoding=\"async\" src=\"https:\/\/numero.com\/wp-content\/themes\/understrap-child-main\/src\/public\/images\/twitter.svg\" alt=\"twitter\"><\/a>\n\t\t\t\t\t\t<\/div>\n<p>\t\t\t\t\t\t<span class id=\"custom-tooltip\">Lien copi\u00e9<\/span><\/p>\n<div class=\"col-lg-10\">\n<div class=\"meta d-flex justify-content-between align-items-center\">\n<div class=\"cat\">\n\t\t\t\t\t\t\t\t\t<a class=\"cat-title\" href=\"https:\/\/numero.com\/category\/culture\/musique\/\">Musique<\/a>\t\t\t\t\t\t\t\t<\/div>\n<p class=\"date\">\n\t\t\t\t\t\t\t\t\t30 mars 2026\t\t\t\t\t\t\t\t<\/p>\n<\/p><\/div>\n<h1>Coachella 2026 : que nous r\u00e9serve la nouvelle \u00e9dition ?<\/h1>\n<div class=\"introduction\">\n<p>Toujours tr\u00e8s ambitieux et spectaculaire, le festival Coachella 2026 d\u00e9voile sa programmation, de Sabrina Carpenter \u00e0 Karol G, en passant par Justin Bieber, Addison Rae, The Strokes et The xx.<\/p>\n<\/div>\n<li class=\"credits d-flex\">\n<p>\n\t\t\t\t\t\t\t\t\t\t\tpar\t\t\t\t\t\t\t\t\t\t\t\t\t\t\t\t\t\t\t\t\t\t\t<a href=\"https:\/\/numero.com\/contributeur\/violaine-schutz\/\">Violaine Sch\u00fctz<\/a>.\t\t\t\t\t\t\t\t\t\t\t\t\t\t\t\t\t\t\t\t\t<\/p>\n<\/li>\n<p class=\"edition-date\">Publi\u00e9 le 16 septembre 2025. Modifi\u00e9 le 30 mars 2026.<\/p>\n<div id=\"ads03\" class=\"mobile\">\n<div class=\"ad-wrapper\">\n<div class=\"ad interscroller desktop\">\n<\/div>\n<p><!-- \/21730003857\/numero-ad-unit\/numero-interscroller --><\/p>\n<div id=\"div-gpt-ad-1757521738078-0\">\n<p>        googletag.cmd.push(function () {<br \/>\n            googletag.display(&#8216;div-gpt-ad-1757521738078-0&#8217;);<br \/>\n        });<\/p>\n<\/div><\/div>\n<\/p><\/div>\n<p>\t\t\t\t\t\t\t&lt;!&#8211; <\/p>\n<div class=\"padding-bottom-s\">\n\t\t\t\t\t\t\t\t\t\t\t\t\t\t\t<\/div>\n<p> &#8211;&gt;<\/p>\n<figure class=\"wp-block-image size-full\"><img loading=\"lazy\" decoding=\"async\" width=\"1000\" height=\"1000\" src=\"https:\/\/numero.com\/wp-content\/uploads\/2025\/09\/Addison-Rae.jpg\" alt=\"La chanteuse Addison Rae.\" class=\"wp-image-717523\"><figcaption class=\"wp-element-caption\">La chanteuse Addison Rae.<\/figcaption><\/figure>\n<h2 class=\"wp-block-heading\">Addison Rae, Blood Orange et Karol G en live \u00e0 Coachella 2026<\/h2>\n<p>Si les critiques contre le festival <strong>Coachella<\/strong> continuent de pleuvoir \u2013 notamment sur le public d\u2019influenceurs plus int\u00e9ress\u00e9 par se montrer que par \u00e9couter des artistes -, on ne peut pas reprocher \u00e0 l\u2019\u00e9v\u00e9nement de l\u00e9siner sur sa programmation. Et l\u2019\u00e9dition 2026, qui aura lieu en deux week-ends, du 10 au 12 avril puis du 17 au 19 avril 2026, de\u00a0Coachella frappe fort.<\/p>\n<p>Cette ann\u00e9e, les t\u00eates d\u2019affiche seront les chanteuses\u00a0<strong><a href=\"https:\/\/numero.com\/portrait\/sabrina-carpenter\/\" target=\"_blank\" rel=\"noreferrer noopener\">Sabrina Carpenter<\/a>, <a href=\"https:\/\/numero.com\/culture\/musique\/karol-g-tropicoqueta-reggaeton\/\" target=\"_blank\" rel=\"noreferrer noopener\">Karol G<\/a> <\/strong>ainsi que la star de la pop <strong><a href=\"https:\/\/numero.com\/culture\/musique\/justice-accuse-justin-bieber-davoir-plagie-son-logo\/\" target=\"_blank\" rel=\"noreferrer noopener\">Justin Bieber<\/a><\/strong>. <em>\u00c0<\/em> leurs c\u00f4t\u00e9s, on retrouvera un grand nombre de groupes et de chanteurs talentueux plus ou moins confirm\u00e9s. Parmi eux, <strong>The xx<\/strong>, <strong><a href=\"https:\/\/numero.com\/culture\/cinema\/addison-rae-ryan-murphy-projets\/\" target=\"_blank\" rel=\"noreferrer noopener\">Addison Rae<\/a><\/strong> (qui pourrait confirmer son statut de nouvelle star de la pop), <strong>The Strokes<\/strong>, Turnstile, <strong>Ethel Cain<\/strong>, Katseye, <strong>Blood Orange<\/strong>, <strong>Sombr<\/strong>, <strong>FKA twigs<\/strong>, Laufey, Wet Leg, Clipse, Young Thug, Slayyyter et le l\u00e9gendaire <strong>Iggy Pop<\/strong>. Il y en aura donc pour tous les go\u00fbts, du rock au rap en passant par la pop et la musique \u00e9lectronique.<\/p>\n<figure class=\"wp-block-image size-full\"><img loading=\"lazy\" decoding=\"async\" width=\"1365\" height=\"2048\" src=\"https:\/\/numero.com\/wp-content\/uploads\/2025\/09\/sabrina-carpenter-coachella3.jpg\" alt=\"Sabrina Carpenter en concert.\" class=\"wp-image-723433\"><figcaption class=\"wp-element-caption\">Sabrina Carpenter en concert \u00a9 Universal.<\/figcaption><\/figure>\n<h2 class=\"wp-block-heading\">Sabrina Carpenter de retour \u00e0 Coachella apr\u00e8s des concerts en 2024<\/h2>\n<p>La chanteuse <strong><a href=\"https:\/\/numero.com\/culture\/musique\/les-meilleures-performances-de-sabrina-carpenter\/\" target=\"_blank\" rel=\"noreferrer noopener\">Sabrina Carpenter<\/a><\/strong> avait d\u00e9j\u00e0 fait sensation lors du festival <strong><a href=\"https:\/\/numero.com\/culture\/musique\/le-festival-de-coachella-fait-il-toujours-rever-programmation\/\" target=\"_blank\" rel=\"noreferrer noopener\">Coachella<\/a><\/strong> en avril 2024. Elle n\u2019\u00e9tait pourtant pas la t\u00eate d\u2019affiche. Mais elle avait su tirer son \u00e9pingle du jeu pop d\u00e8s les pr\u00e9misses de ses shows. En effet, elle avait d\u2019abord annonc\u00e9 le 16 janvier de la m\u00eame ann\u00e9e ses performances \u00e0 travers des panneaux d\u2019affichage publicitaires sur lesquels on pouvait lire : \u201c<em>She\u2019s gonna make you come\u2026 to her Coachella set!<\/em>\u201d (\u201c<em>Elle va vous faire venir\u2026 \u00e0 son set \u00e0 Coachella !<\/em>\u201d). Un jeu de mot sur le verbe \u201ccome\u201d qui signifie \u201cjouir\u201d en plus de \u201cvenir\u00a0\u00bb.<\/p>\n<p>La chanteuse avait ensuite d\u00e9voil\u00e9 deux shows m\u00e9morables lors des deux week-ends o\u00f9 elle se produit sur la sc\u00e8ne de cet \u00e9v\u00e9nement tr\u00e8s scrut\u00e9 renomm\u00e9 par ses fans le <strong>Brinachella <\/strong>sur X (ex-Twitter). Elle avait alors chant\u00e9 le tube <em><strong>Espresso<\/strong><\/em>, juste apr\u00e8s sa sortie.<\/p>\n<p>Non seulement, sa voix \u00e9tait impeccable mais ses looks (notamment des tenues <strong>Roberto Cavalli <\/strong>et un tee-shirt <em>\u201cJesus was a carpenter<\/em>\u201d en r\u00e9f\u00e9rence \u00e0 la fois o\u00f9 elle a tourn\u00e9 dans une \u00e9glise le clip de <em>Feather<\/em> et choqu\u00e9 les pr\u00eatres) \u00e9taient tr\u00e8s r\u00e9ussis.<\/p>\n<figure class=\"wp-block-image size-large\"><img loading=\"lazy\" decoding=\"async\" width=\"1024\" height=\"683\" src=\"https:\/\/numero.com\/wp-content\/uploads\/2025\/09\/sabrina-carpenter-coachella4-1024x683.jpg\" alt=\"Sabrina Carpenter au festival Coachella 2024.\" class=\"wp-image-723436\"><figcaption class=\"wp-element-caption\">Sabrina Carpenter au festival Coachella 2024 \u00a9 Universal.<\/figcaption><\/figure>\n<h2 class=\"wp-block-heading\">Un show m\u00e9morable<\/h2>\n<p>Sans oublier le soin particulier accord\u00e9 \u00e0 la sc\u00e9nographie.<strong> <a href=\"https:\/\/numero.com\/culture\/musique\/sabrina-carpenter-man-s-best-friend-manchild\/\" target=\"_blank\" rel=\"noreferrer noopener\">Sabrina Carpenter<\/a> <\/strong>chantait et dansait, entour\u00e9e de danseuses et danseurs, devant la reconstitution d\u2019un motel bleu. Il s\u2019appelait le \u201cSabrina\u2019s Motel\u201d comme l\u2019indiquait l\u2019enseigne lumineuse qui le surplombait.<\/p>\n<p>On apercevait aussi des cactus bleus et une Mercedes vintage d\u00e9capotable qui a percut\u00e9 l\u2019avant du motel et des cactus bleus. Le concept \u00e9tait que la star \u00e9tait entr\u00e9e en collision dans le lieu avec la voiture de son petit ami. Reste \u00e0 savoir ce que l\u2019artiste, devenue depuis une ic\u00f4ne de la pop, nous r\u00e9serve pour 2026 pour ses lives en t\u00eate d\u2019affiche.<\/p>\n<p><em>Le festival Coachella aura lieu du 10 au 19 avril 2026.<\/em><\/p>\n<\/p><\/div>\n<\/p><\/div>\n<div class=\"col-lg-3\">\n<div class=\"suggested-posts padding-top-s\">\n<div class=\"title\">Recommand\u00e9<\/div>\n<div class=\"post-card\">\n\t\t\t\t\t\t\t\t\t\t<a class=\"post-link d-flex\" href=\"https:\/\/numero.com\/culture\/musique\/dijon-baby-justin-bieber\/\"><\/p>\n<div class=\"container-img\">\n\t\t\t\t\t\t\t\t\t\t\t\t<img decoding=\"async\" width=\"640\" height=\"804\" src=\"https:\/\/numero.com\/wp-content\/uploads\/2025\/12\/thumb-Dijon-numero-magazine-768x965.jpg\" class=\"img-fluid\" alt loading=\"lazy\">\t\t\t\t\t\t\t\t\t\t\t\t<\/p>\n<p class=\"number\">27<\/p>\n<\/p><\/div>\n<div class=\"card-info d-flex\">\n<div>\n<p class=\"cat-title\">Musique<\/p>\n<h3 class=\"post-title\">Pourquoi Dijon est l\u2019un des producteurs les plus passionnants du moment<\/h3>\n<\/p><\/div>\n<p class=\"date\">\n\t\t\t\t\t\t\t\t\t\t\t\t\t27 jan 2026\t\t\t\t\t\t\t\t\t\t\t\t<\/p>\n<\/p><\/div>\n<p>\t\t\t\t\t\t\t\t\t\t<\/a>\n\t\t\t\t\t\t\t\t\t<\/div>\n<div class=\"post-card\">\n\t\t\t\t\t\t\t\t\t\t<a class=\"post-link d-flex\" href=\"https:\/\/numero.com\/culture\/musique\/les-albums-les-plus-attendus-de-2026\/\"><\/p>\n<div class=\"container-img\">\n\t\t\t\t\t\t\t\t\t\t\t\t<img decoding=\"async\" width=\"640\" height=\"804\" src=\"https:\/\/numero.com\/wp-content\/uploads\/2024\/11\/thumb-quels-sont-les-albums-les-plus-attendus-de-lannee-2025-lana-del-rey-768x965.jpg\" class=\"img-fluid\" alt=\"Lana Del Rey \u00e0 Rock en Seine (2024). \u00a9 Photo by Kristy Sparow\/Getty Images.\" loading=\"lazy\">\t\t\t\t\t\t\t\t\t\t\t\t<\/p>\n<p class=\"number\">11<\/p>\n<\/p><\/div>\n<div class=\"card-info d-flex\">\n<div>\n<p class=\"cat-title\">Musique<\/p>\n<h3 class=\"post-title\">Quels sont les albums les plus attendus de 2026 ?<\/h3>\n<\/p><\/div>\n<p class=\"date\">\n\t\t\t\t\t\t\t\t\t\t\t\t\t11 mars 2026\t\t\t\t\t\t\t\t\t\t\t\t<\/p>\n<\/p><\/div>\n<p>\t\t\t\t\t\t\t\t\t\t<\/a>\n\t\t\t\t\t\t\t\t\t<\/div>\n<div class=\"post-card\">\n\t\t\t\t\t\t\t\t\t\t<a class=\"post-link d-flex\" href=\"https:\/\/numero.com\/culture\/musique\/grammy-awards-2026-palmares\/\"><\/p>\n<div class=\"container-img\">\n\t\t\t\t\t\t\t\t\t\t\t\t<img decoding=\"async\" width=\"640\" height=\"804\" src=\"https:\/\/numero.com\/wp-content\/uploads\/2026\/01\/bad-bunny-grammy-awards2-768x965.jpg\" class=\"img-fluid\" alt=\"Bad Bunny et Sabrina Carpenter aux Grammy Awards 2026.\" loading=\"lazy\">\t\t\t\t\t\t\t\t\t\t\t\t<\/p>\n<p class=\"number\">2<\/p>\n<\/p><\/div>\n<div class=\"card-info d-flex\">\n<div>\n<p class=\"cat-title\">Musique<\/p>\n<h3 class=\"post-title\">Grammy Awards 2026 : d\u00e9couvrez les grands gagnants, de Bad Bunny \u00e0 Lady Gaga<\/h3>\n<\/p><\/div>\n<p class=\"date\">\n\t\t\t\t\t\t\t\t\t\t\t\t\t2 f\u00e9v 2026\t\t\t\t\t\t\t\t\t\t\t\t<\/p>\n<\/p><\/div>\n<p>\t\t\t\t\t\t\t\t\t\t<\/a>\n\t\t\t\t\t\t\t\t\t<\/div>\n<div class=\"post-card\">\n\t\t\t\t\t\t\t\t\t\t<a class=\"post-link d-flex\" href=\"https:\/\/numero.com\/lifestyle\/le-retour-du-romantisme\/\"><\/p>\n<div class=\"container-img\">\n\t\t\t\t\t\t\t\t\t\t\t\t<img decoding=\"async\" width=\"640\" height=\"804\" src=\"https:\/\/numero.com\/wp-content\/uploads\/2026\/02\/margot-robbie-hurlevent2-768x965.jpg\" class=\"img-fluid\" alt=\"Margot Robbie en robe Chanel \u00e0 l'avant-premi\u00e8re d'Hurlevent \u00e0 Paris.\" loading=\"lazy\">\t\t\t\t\t\t\t\t\t\t\t\t<\/p>\n<p class=\"number\">9<\/p>\n<\/p><\/div>\n<div class=\"card-info d-flex\">\n<div>\n<p class=\"cat-title\">Lifestyle<\/p>\n<h3 class=\"post-title\">Apr\u00e8s le r\u00e8gne du gothique, 2026 sera l\u2019ann\u00e9e du romantisme<\/h3>\n<\/p><\/div>\n<p class=\"date\">\n\t\t\t\t\t\t\t\t\t\t\t\t\t9 f\u00e9v 2026\t\t\t\t\t\t\t\t\t\t\t\t<\/p>\n<\/p><\/div>\n<p>\t\t\t\t\t\t\t\t\t\t<\/a>\n\t\t\t\t\t\t\t\t\t<\/div>\n<\/p><\/div>\n<\/p><\/div>\n<\/p><\/div>\n<div class=\"padding-top-s\">\n<div class=\"ad banner desktop\">\n<div class=\"container\">\n<div class=\"row\">\n            <!-- \/21730003857\/numero-ad-unit\/numero-banner-1 --><\/p>\n<div id=\"div-gpt-ad-1757006327907-0\" style=\"min-width: 350px\">\n<p>                    googletag.cmd.push(function () {<br \/>\n                        googletag.display(&#8216;div-gpt-ad-1757006327907-0&#8217;);<br \/>\n                    });<\/p><\/div>\n<\/p><\/div>\n<\/p><\/div>\n<\/div><\/div>\n<\/p><\/div>\n<\/section>\n<p>        <button class=\"btn-newsletter btn-outline-white my-5\" id=\"open-modal-newsletter\">Inscrivez-vous \u00e0 la newsletter<\/button>\t\t<\/p>\n<section class=\"related-posts post-list padding-top-m padding-bottom-s\">\n<div class=\"container\">\n<h2 class=\"title mx-auto\">\u00c0 lire aussi<\/h2>\n<div class=\"row\">\n<div class=\"col-lg-3\">\n<div class=\"post-card desktop\">\n\t\t\t\t\t\t\t\t\t\t<a class=\"post-link\" href=\"https:\/\/numero.com\/culture\/musique\/rosalia-les-collaborations-les-plus-marquantes-de-la-chanteuse\/\"><\/p>\n<div class=\"container-img\">\n\t\t\t\t\t\t\t\t\t\t\t\t<img decoding=\"async\" width=\"640\" height=\"804\" src=\"https:\/\/numero.com\/wp-content\/uploads\/2025\/10\/thumb-rosalia-numero-magazine-768x965.jpg\" class=\"img-fluid\" alt=\"La chanteuse Rosalia en 5 collaborations cultes\" loading=\"lazy\">\t\t\t\t\t\t\t\t\t\t\t\t<\/p>\n<div class=\"number\">18<\/div>\n<\/p><\/div>\n<div class=\"card-info\">\n<div class=\"meta d-flex justify-content-between\">\n<p class=\"cat-title\">Musique<\/p>\n<p class=\"date\">\n\t\t\t\t\t\t\t\t\t\t\t\t\t\t18 mars 2026\t\t\t\t\t\t\t\t\t\t\t\t\t<\/p>\n<\/p><\/div>\n<div class=\"post-title\">Rosal\u00eda en 7 collaborations musicales d\u00e9j\u00e0 cultes<\/div>\n<\/p><\/div>\n<p>\t\t\t\t\t\t\t\t\t\t<\/a>\n\t\t\t\t\t\t\t\t\t<\/div>\n<div class=\"post-card mobile\">\n\t\t\t\t\t\t\t\t\t\t<a class=\"post-link d-flex\" href=\"https:\/\/numero.com\/culture\/musique\/rosalia-les-collaborations-les-plus-marquantes-de-la-chanteuse\/\"><\/p>\n<div class=\"container-img\">\n\t\t\t\t\t\t\t\t\t\t\t\t<img decoding=\"async\" width=\"640\" height=\"804\" src=\"https:\/\/numero.com\/wp-content\/uploads\/2025\/10\/thumb-rosalia-numero-magazine-768x965.jpg\" class=\"img-fluid\" alt=\"La chanteuse Rosalia en 5 collaborations cultes\" loading=\"lazy\">\t\t\t\t\t\t\t\t\t\t\t\t<\/p>\n<div class=\"number\">18<\/div>\n<\/p><\/div>\n<div class=\"card-info d-flex\">\n<div>\n<p class=\"cat-title\">Musique<\/p>\n<h3 class=\"post-title\">Rosal\u00eda en 7 collaborations musicales d\u00e9j\u00e0 cultes<\/h3>\n<\/p><\/div>\n<p class=\"date\">\n\t\t\t\t\t\t\t\t\t\t\t\t\t18 mars 2026\t\t\t\t\t\t\t\t\t\t\t\t<\/p>\n<\/p><\/div>\n<p>\t\t\t\t\t\t\t\t\t\t<\/a>\n\t\t\t\t\t\t\t\t\t<\/div>\n<\/p><\/div>\n<div class=\"col-lg-3\">\n<div class=\"post-card desktop\">\n\t\t\t\t\t\t\t\t\t\t<a class=\"post-link\" href=\"https:\/\/numero.com\/culture\/cinema\/sinners-ryan-coogler-michael-b-jordan\/\"><\/p>\n<div class=\"container-img\">\n\t\t\t\t\t\t\t\t\t\t\t\t<img decoding=\"async\" width=\"640\" height=\"804\" src=\"https:\/\/numero.com\/wp-content\/uploads\/2026\/01\/thumb-sinners-numero-magazine-768x965.jpg\" class=\"img-fluid\" alt=\"Le film Sinners de Ryan Coogler avec Michael B Jordan est un ph\u00e9nom\u00e8ne.\" loading=\"lazy\">\t\t\t\t\t\t\t\t\t\t\t\t<\/p>\n<div class=\"number\">16<\/div>\n<\/p><\/div>\n<div class=\"card-info\">\n<div class=\"meta d-flex justify-content-between\">\n<p class=\"cat-title\">Cin\u00e9ma<\/p>\n<p class=\"date\">\n\t\t\t\t\t\t\t\t\t\t\t\t\t\t16 mars 2026\t\t\t\t\t\t\t\t\t\t\t\t\t<\/p>\n<\/p><\/div>\n<div class=\"post-title\">Comment Sinners s\u2019est impos\u00e9 comme l\u2019un des grands gagnants des Oscars 2026<\/div>\n<\/p><\/div>\n<p>\t\t\t\t\t\t\t\t\t\t<\/a>\n\t\t\t\t\t\t\t\t\t<\/div>\n<div class=\"post-card mobile\">\n\t\t\t\t\t\t\t\t\t\t<a class=\"post-link d-flex\" href=\"https:\/\/numero.com\/culture\/cinema\/sinners-ryan-coogler-michael-b-jordan\/\"><\/p>\n<div class=\"container-img\">\n\t\t\t\t\t\t\t\t\t\t\t\t<img decoding=\"async\" width=\"640\" height=\"804\" src=\"https:\/\/numero.com\/wp-content\/uploads\/2026\/01\/thumb-sinners-numero-magazine-768x965.jpg\" class=\"img-fluid\" alt=\"Le film Sinners de Ryan Coogler avec Michael B Jordan est un ph\u00e9nom\u00e8ne.\" loading=\"lazy\">\t\t\t\t\t\t\t\t\t\t\t\t<\/p>\n<div class=\"number\">16<\/div>\n<\/p><\/div>\n<div class=\"card-info d-flex\">\n<div>\n<p class=\"cat-title\">Cin\u00e9ma<\/p>\n<h3 class=\"post-title\">Comment Sinners s\u2019est impos\u00e9 comme l\u2019un des grands gagnants des Oscars 2026<\/h3>\n<\/p><\/div>\n<p class=\"date\">\n\t\t\t\t\t\t\t\t\t\t\t\t\t16 mars 2026\t\t\t\t\t\t\t\t\t\t\t\t<\/p>\n<\/p><\/div>\n<p>\t\t\t\t\t\t\t\t\t\t<\/a>\n\t\t\t\t\t\t\t\t\t<\/div>\n<\/p><\/div>\n<div class=\"col-lg-3\">\n<div class=\"post-card desktop\">\n\t\t\t\t\t\t\t\t\t\t<a class=\"post-link\" href=\"https:\/\/numero.com\/mode\/fashion-week\/les-stars-a-la-fashion-week-automne-hiver-2026-2027\/\"><\/p>\n<div class=\"container-img\">\n\t\t\t\t\t\t\t\t\t\t\t\t<img decoding=\"async\" width=\"640\" height=\"804\" src=\"https:\/\/numero.com\/wp-content\/uploads\/2026\/03\/thumb-stars-chanel-automne-hiver-2026-2027-768x965.jpg\" class=\"img-fluid\" alt=\"teyana taylor au defile chanel automne-hiver 2026-2027 \u00e0 la fashion week de paris\" loading=\"lazy\">\t\t\t\t\t\t\t\t\t\t\t\t<\/p>\n<div class=\"number\">11<\/div>\n<\/p><\/div>\n<div class=\"card-info\">\n<div class=\"meta d-flex justify-content-between\">\n<p class=\"cat-title\">Fashion Week<\/p>\n<p class=\"date\">\n\t\t\t\t\t\t\t\t\t\t\t\t\t\t11 mars 2026\t\t\t\t\t\t\t\t\t\t\t\t\t<\/p>\n<\/p><\/div>\n<div class=\"post-title\">Les stars \u00e0 la Fashion Week automne-hiver 2026-2027 avec Zendaya et Teyana Taylor<\/div>\n<\/p><\/div>\n<p>\t\t\t\t\t\t\t\t\t\t<\/a>\n\t\t\t\t\t\t\t\t\t<\/div>\n<div class=\"post-card mobile\">\n\t\t\t\t\t\t\t\t\t\t<a class=\"post-link d-flex\" href=\"https:\/\/numero.com\/mode\/fashion-week\/les-stars-a-la-fashion-week-automne-hiver-2026-2027\/\"><\/p>\n<div class=\"container-img\">\n\t\t\t\t\t\t\t\t\t\t\t\t<img decoding=\"async\" width=\"640\" height=\"804\" src=\"https:\/\/numero.com\/wp-content\/uploads\/2026\/03\/thumb-stars-chanel-automne-hiver-2026-2027-768x965.jpg\" class=\"img-fluid\" alt=\"teyana taylor au defile chanel automne-hiver 2026-2027 \u00e0 la fashion week de paris\" loading=\"lazy\">\t\t\t\t\t\t\t\t\t\t\t\t<\/p>\n<div class=\"number\">11<\/div>\n<\/p><\/div>\n<div class=\"card-info d-flex\">\n<div>\n<p class=\"cat-title\">Fashion Week<\/p>\n<h3 class=\"post-title\">Les stars \u00e0 la Fashion Week automne-hiver 2026-2027 avec Zendaya et Teyana Taylor<\/h3>\n<\/p><\/div>\n<p class=\"date\">\n\t\t\t\t\t\t\t\t\t\t\t\t\t11 mars 2026\t\t\t\t\t\t\t\t\t\t\t\t<\/p>\n<\/p><\/div>\n<p>\t\t\t\t\t\t\t\t\t\t<\/a>\n\t\t\t\t\t\t\t\t\t<\/div>\n<\/p><\/div>\n<div class=\"col-lg-3\">\n<div class=\"post-card desktop\">\n\t\t\t\t\t\t\t\t\t\t<a class=\"post-link\" href=\"https:\/\/numero.com\/mode\/fashion-week\/le-defile-marie-adam-leenaerdt-automne-hiver-2026-2027-style-versatile\/\"><\/p>\n<div class=\"container-img\">\n\t\t\t\t\t\t\t\t\t\t\t\t<img decoding=\"async\" width=\"640\" height=\"804\" src=\"https:\/\/numero.com\/wp-content\/uploads\/2026\/03\/thumb-le-defile-marie-adam-leenaerdt-automne-hiver-2026-2027-fashion-week-paris-768x965.jpg\" class=\"img-fluid\" alt loading=\"lazy\">\t\t\t\t\t\t\t\t\t\t\t\t<\/p>\n<div class=\"number\">04<\/div>\n<\/p><\/div>\n<div class=\"card-info\">\n<div class=\"meta d-flex justify-content-between\">\n<p class=\"cat-title\">Fashion Week<\/p>\n<p class=\"date\">\n\t\t\t\t\t\t\t\t\t\t\t\t\t\t4 mars 2026\t\t\t\t\t\t\t\t\t\t\t\t\t<\/p>\n<\/p><\/div>\n<div class=\"post-title\">Le style versatile du d\u00e9fil\u00e9 Marie Adam-Leenaerdt<\/div>\n<\/p><\/div>\n<p>\t\t\t\t\t\t\t\t\t\t<\/a>\n\t\t\t\t\t\t\t\t\t<\/div>\n<div class=\"post-card mobile\">\n\t\t\t\t\t\t\t\t\t\t<a class=\"post-link d-flex\" href=\"https:\/\/numero.com\/mode\/fashion-week\/le-defile-marie-adam-leenaerdt-automne-hiver-2026-2027-style-versatile\/\"><\/p>\n<div class=\"container-img\">\n\t\t\t\t\t\t\t\t\t\t\t\t<img decoding=\"async\" width=\"640\" height=\"804\" src=\"https:\/\/numero.com\/wp-content\/uploads\/2026\/03\/thumb-le-defile-marie-adam-leenaerdt-automne-hiver-2026-2027-fashion-week-paris-768x965.jpg\" class=\"img-fluid\" alt loading=\"lazy\">\t\t\t\t\t\t\t\t\t\t\t\t<\/p>\n<div class=\"number\">04<\/div>\n<\/p><\/div>\n<div class=\"card-info d-flex\">\n<div>\n<p class=\"cat-title\">Fashion Week<\/p>\n<h3 class=\"post-title\">Le style versatile du d\u00e9fil\u00e9 Marie Adam-Leenaerdt<\/h3>\n<\/p><\/div>\n<p class=\"date\">\n\t\t\t\t\t\t\t\t\t\t\t\t\t4 mars 2026\t\t\t\t\t\t\t\t\t\t\t\t<\/p>\n<\/p><\/div>\n<p>\t\t\t\t\t\t\t\t\t\t<\/a>\n\t\t\t\t\t\t\t\t\t<\/div>\n<\/p><\/div>\n<\/p><\/div>\n<\/p><\/div>\n<\/section>\n<div class=\"padding-bottom-s\">\n<div class=\"ad banner desktop\">\n<div class=\"container\">\n<div class=\"row\">\n            <!-- \/21730003857\/numero-ad-unit\/numero-banner-1 --><\/p>\n<div id=\"div-gpt-ad-1757006327907-0\" style=\"min-width: 350px\">\n<p>                    googletag.cmd.push(function () {<br \/>\n                        googletag.display(&#8216;div-gpt-ad-1757006327907-0&#8217;);<br \/>\n                    });<\/p><\/div>\n<\/p><\/div>\n<\/p><\/div>\n<\/div><\/div>\n<\/p><\/div>\n","protected":false},"excerpt":{"rendered":"<p>30 30 googletag.cmd.push(function () { googletag.display(&#8216;div-gpt-ad-1757063143832-0&#8217;); }); Lien copi\u00e9 Musique 30 mars 2026 Coachella 2026 : que nous r\u00e9serve la nouvelle \u00e9dition ? Toujours tr\u00e8s ambitieux et spectaculaire, le festival Coachella 2026 d\u00e9voile sa programmation, de Sabrina Carpenter \u00e0 Karol G, en passant par Justin Bieber, Addison Rae, The Strokes et The xx. par Violaine [&hellip;]<\/p>\n","protected":false},"author":1,"featured_media":0,"comment_status":"open","ping_status":"","sticky":false,"template":"","format":"standard","meta":{"footnotes":""},"categories":[1],"tags":[226,258],"class_list":["post-1855019","post","type-post","status-publish","format-standard","hentry","category-uncategorized","tag-crawlmanager","tag-numero-com"],"_links":{"self":[{"href":"https:\/\/analyse.optim.biz\/index.php?rest_route=\/wp\/v2\/posts\/1855019","targetHints":{"allow":["GET"]}}],"collection":[{"href":"https:\/\/analyse.optim.biz\/index.php?rest_route=\/wp\/v2\/posts"}],"about":[{"href":"https:\/\/analyse.optim.biz\/index.php?rest_route=\/wp\/v2\/types\/post"}],"author":[{"embeddable":true,"href":"https:\/\/analyse.optim.biz\/index.php?rest_route=\/wp\/v2\/users\/1"}],"replies":[{"embeddable":true,"href":"https:\/\/analyse.optim.biz\/index.php?rest_route=%2Fwp%2Fv2%2Fcomments&post=1855019"}],"version-history":[{"count":1,"href":"https:\/\/analyse.optim.biz\/index.php?rest_route=\/wp\/v2\/posts\/1855019\/revisions"}],"predecessor-version":[{"id":1953307,"href":"https:\/\/analyse.optim.biz\/index.php?rest_route=\/wp\/v2\/posts\/1855019\/revisions\/1953307"}],"wp:attachment":[{"href":"https:\/\/analyse.optim.biz\/index.php?rest_route=%2Fwp%2Fv2%2Fmedia&parent=1855019"}],"wp:term":[{"taxonomy":"category","embeddable":true,"href":"https:\/\/analyse.optim.biz\/index.php?rest_route=%2Fwp%2Fv2%2Fcategories&post=1855019"},{"taxonomy":"post_tag","embeddable":true,"href":"https:\/\/analyse.optim.biz\/index.php?rest_route=%2Fwp%2Fv2%2Ftags&post=1855019"}],"curies":[{"name":"wp","href":"https:\/\/api.w.org\/{rel}","templated":true}]}}