{"id":1854765,"date":"2026-03-25T10:20:00","date_gmt":"2026-03-25T07:20:00","guid":{"rendered":"https:\/\/analyse.optim.biz\/?p=1854765"},"modified":"2026-03-25T10:20:00","modified_gmt":"2026-03-25T07:20:00","slug":"unirea-basarabiei-cu-romania-celebrata-la-muzeul-de-istorie-din-suceava-prin-dezbateri-si-un-program-artistic","status":"publish","type":"post","link":"https:\/\/analyse.optim.biz\/?p=1854765","title":{"rendered":"Unirea Basarabiei cu Rom\u00e2nia, celebrat\u0103 la Muzeul de Istorie din Suceava prin dezbateri \u0219i un program artistic"},"content":{"rendered":"<p>[analyse_image type=&#8221;featured&#8221; src=&#8221;https:\/\/blogger.googleusercontent.com\/img\/b\/R29vZ2xl\/AVvXsEjRYPgmZ8patKPGkoJeQpxGA0fVdD-sxXxa7DLxwHTRcKlJ6UhJt_K8CGimp_B0ffLgsYcClFp1FzTHDujWNuWsrdKNeIGwLLp4BQ4q581Fbrrs8Lz_ykDalqAzI2JmSSn3yGjvAn2fKq9-ujx-pSJ-HWOEPgxepzatVwRLZEQ7iolFa3AA67tVDU9WTQE\/w1600\/27martie1918-ziua-care-a-unit-destine.jpg&#8221;]<\/p>\n<div class=\"post-body entry-content\" id=\"post-body\">\n<div class=\"separator\"><a href=\"https:\/\/blogger.googleusercontent.com\/img\/b\/R29vZ2xl\/AVvXsEjRYPgmZ8patKPGkoJeQpxGA0fVdD-sxXxa7DLxwHTRcKlJ6UhJt_K8CGimp_B0ffLgsYcClFp1FzTHDujWNuWsrdKNeIGwLLp4BQ4q581Fbrrs8Lz_ykDalqAzI2JmSSn3yGjvAn2fKq9-ujx-pSJ-HWOEPgxepzatVwRLZEQ7iolFa3AA67tVDU9WTQE\/s1600\/27martie1918-ziua-care-a-unit-destine.jpg\"><img decoding=\"async\" alt=\"Comemorarea Unirii Basarabiei cu Rom\u00e2nia la Muzeul de Istorie din Suceava. Program artistic \u0219i dezbateri\" border=\"0\" height=\"640\" loading=\"lazy\" src=\"https:\/\/blogger.googleusercontent.com\/img\/b\/R29vZ2xl\/AVvXsEjRYPgmZ8patKPGkoJeQpxGA0fVdD-sxXxa7DLxwHTRcKlJ6UhJt_K8CGimp_B0ffLgsYcClFp1FzTHDujWNuWsrdKNeIGwLLp4BQ4q581Fbrrs8Lz_ykDalqAzI2JmSSn3yGjvAn2fKq9-ujx-pSJ-HWOEPgxepzatVwRLZEQ7iolFa3AA67tVDU9WTQE\/w457-h640-rw\/27martie1918-ziua-care-a-unit-destine.jpg\" title=\"Comemorarea Unirii Basarabiei cu Rom\u00e2nia la Muzeul de Istorie din Suceava. Program artistic \u0219i dezbateri\" width=\"457\"><\/a><\/div>\n<p>Muzeul Na\u021bional al Bucovinei, \u00een parteneriat cu Colegiul Na\u021bional de Informatic\u0103 \u201eSpiru Haret\u201d Suceava, organizeaz\u0103 vineri, 27 martie 2026, ora 10:00, \u00een Sala de Conferin\u021be a Muzeului de Istorie, o manifestare dedicat\u0103 comemor\u0103rii Unirii Basarabiei cu Patria Mam\u0103 din 27 martie 1918.<\/p>\n<p>Evenimentul va reuni elevi din clasele IX B, IX F, IX G, X D, XI G \u0219i XII A ai Colegiului Na\u021bional de Informatic\u0103 \u201eSpiru Haret\u201d, \u00eenso\u021bi\u021bi de profesorii \u00eendrum\u0103tori Liviu Irimia, Florentina Atomei \u0219i Gabriela Poroch. Ace\u0219tia vor sus\u021bine un program artistic urmat de o sesiune de dezbateri pe tema momentului istoric.<\/p>\n<h2>Programul manifest\u0103rii<\/h2>\n<p>Din partea Muzeului Na\u021bional al Bucovinei, muzeografa Cristina Slavic, din cadrul Serviciului de Istorie \u0219i Arheologie, va prezenta semnifica\u021biile istorice ale Unirii Basarabiei cu Rom\u00e2nia, oferind o perspectiv\u0103 aprofundat\u0103 asupra contextului istoric, a personalit\u0103\u021bilor implicate \u0219i a consecin\u021belor acestui act fundamental.<\/p>\n<h2>Scopul evenimentului<\/h2>\n<p>Ini\u021biativa \u00ee\u0219i propune s\u0103 eviden\u021bieze importan\u021ba Unirii Basarabiei cu Rom\u00e2nia, aduc\u00e2nd \u00een aten\u021bia tinerilor un moment esen\u021bial din istoria na\u021bional\u0103 \u0219i stimul\u00e2nd reflec\u021bia asupra valorilor identitare \u0219i a unit\u0103\u021bii rom\u00e2ne\u0219ti.<\/p>\n<\/div>\n<div class=\"post-body entry-content\" id=\"post-body\">\n<div class=\"separator\"><a href=\"https:\/\/blogger.googleusercontent.com\/img\/b\/R29vZ2xl\/AVvXsEjRYPgmZ8patKPGkoJeQpxGA0fVdD-sxXxa7DLxwHTRcKlJ6UhJt_K8CGimp_B0ffLgsYcClFp1FzTHDujWNuWsrdKNeIGwLLp4BQ4q581Fbrrs8Lz_ykDalqAzI2JmSSn3yGjvAn2fKq9-ujx-pSJ-HWOEPgxepzatVwRLZEQ7iolFa3AA67tVDU9WTQE\/s1600\/27martie1918-ziua-care-a-unit-destine.jpg\"><img decoding=\"async\" alt=\"Comemorarea Unirii Basarabiei cu Rom\u00e2nia la Muzeul de Istorie din Suceava. Program artistic \u0219i dezbateri\" border=\"0\" height=\"640\" loading=\"lazy\" src=\"https:\/\/blogger.googleusercontent.com\/img\/b\/R29vZ2xl\/AVvXsEjRYPgmZ8patKPGkoJeQpxGA0fVdD-sxXxa7DLxwHTRcKlJ6UhJt_K8CGimp_B0ffLgsYcClFp1FzTHDujWNuWsrdKNeIGwLLp4BQ4q581Fbrrs8Lz_ykDalqAzI2JmSSn3yGjvAn2fKq9-ujx-pSJ-HWOEPgxepzatVwRLZEQ7iolFa3AA67tVDU9WTQE\/w457-h640-rw\/27martie1918-ziua-care-a-unit-destine.jpg\" title=\"Comemorarea Unirii Basarabiei cu Rom\u00e2nia la Muzeul de Istorie din Suceava. Program artistic \u0219i dezbateri\" width=\"457\"><\/a><\/div>\n<p>Muzeul Na\u021bional al Bucovinei, \u00een parteneriat cu Colegiul Na\u021bional de Informatic\u0103 \u201eSpiru Haret\u201d Suceava, organizeaz\u0103 vineri, 27 martie 2026, ora 10:00, \u00een Sala de Conferin\u021be a Muzeului de Istorie, o manifestare dedicat\u0103 comemor\u0103rii Unirii Basarabiei cu Patria Mam\u0103 din 27 martie 1918.<\/p>\n<p>Evenimentul va reuni elevi din clasele IX B, IX F, IX G, X D, XI G \u0219i XII A ai Colegiului Na\u021bional de Informatic\u0103 \u201eSpiru Haret\u201d, \u00eenso\u021bi\u021bi de profesorii \u00eendrum\u0103tori Liviu Irimia, Florentina Atomei \u0219i Gabriela Poroch. Ace\u0219tia vor sus\u021bine un program artistic urmat de o sesiune de dezbateri pe tema momentului istoric.<\/p>\n<h2>Programul manifest\u0103rii<\/h2>\n<p>Din partea Muzeului Na\u021bional al Bucovinei, muzeografa Cristina Slavic, din cadrul Serviciului de Istorie \u0219i Arheologie, va prezenta semnifica\u021biile istorice ale Unirii Basarabiei cu Rom\u00e2nia, oferind o perspectiv\u0103 aprofundat\u0103 asupra contextului istoric, a personalit\u0103\u021bilor implicate \u0219i a consecin\u021belor acestui act fundamental.<\/p>\n<h2>Scopul evenimentului<\/h2>\n<p>Ini\u021biativa \u00ee\u0219i propune s\u0103 eviden\u021bieze importan\u021ba Unirii Basarabiei cu Rom\u00e2nia, aduc\u00e2nd \u00een aten\u021bia tinerilor un moment esen\u021bial din istoria na\u021bional\u0103 \u0219i stimul\u00e2nd reflec\u021bia asupra valorilor identitare \u0219i a unit\u0103\u021bii rom\u00e2ne\u0219ti.<\/p>\n<\/div>\n<p>[analyse_source url=&#8221;https:\/\/www.stirisuceava.net\/2026\/03\/unirea-basarabiei-cu-romania-celebrata.html&#8221;]<\/p>\n","protected":false},"excerpt":{"rendered":"<p>[analyse_image type=&#8221;featured&#8221; src=&#8221;https:\/\/blogger.googleusercontent.com\/img\/b\/R29vZ2xl\/AVvXsEjRYPgmZ8patKPGkoJeQpxGA0fVdD-sxXxa7DLxwHTRcKlJ6UhJt_K8CGimp_B0ffLgsYcClFp1FzTHDujWNuWsrdKNeIGwLLp4BQ4q581Fbrrs8Lz_ykDalqAzI2JmSSn3yGjvAn2fKq9-ujx-pSJ-HWOEPgxepzatVwRLZEQ7iolFa3AA67tVDU9WTQE\/w1600\/27martie1918-ziua-care-a-unit-destine.jpg&#8221;] Muzeul Na\u021bional al Bucovinei, \u00een parteneriat cu Colegiul Na\u021bional de Informatic\u0103 \u201eSpiru Haret\u201d Suceava, organizeaz\u0103 vineri, 27 martie 2026, ora 10:00, \u00een Sala de Conferin\u021be a Muzeului de Istorie, o manifestare dedicat\u0103 comemor\u0103rii Unirii Basarabiei cu Patria Mam\u0103 din 27 martie 1918. Evenimentul va reuni elevi din clasele IX B, IX F, [&hellip;]<\/p>\n","protected":false},"author":1,"featured_media":0,"comment_status":"open","ping_status":"","sticky":false,"template":"","format":"standard","meta":{"footnotes":""},"categories":[89],"tags":[226,172],"class_list":["post-1854765","post","type-post","status-publish","format-standard","hentry","category-romania","tag-crawlmanager","tag-stirisuceava-net"],"_links":{"self":[{"href":"https:\/\/analyse.optim.biz\/index.php?rest_route=\/wp\/v2\/posts\/1854765","targetHints":{"allow":["GET"]}}],"collection":[{"href":"https:\/\/analyse.optim.biz\/index.php?rest_route=\/wp\/v2\/posts"}],"about":[{"href":"https:\/\/analyse.optim.biz\/index.php?rest_route=\/wp\/v2\/types\/post"}],"author":[{"embeddable":true,"href":"https:\/\/analyse.optim.biz\/index.php?rest_route=\/wp\/v2\/users\/1"}],"replies":[{"embeddable":true,"href":"https:\/\/analyse.optim.biz\/index.php?rest_route=%2Fwp%2Fv2%2Fcomments&post=1854765"}],"version-history":[{"count":0,"href":"https:\/\/analyse.optim.biz\/index.php?rest_route=\/wp\/v2\/posts\/1854765\/revisions"}],"wp:attachment":[{"href":"https:\/\/analyse.optim.biz\/index.php?rest_route=%2Fwp%2Fv2%2Fmedia&parent=1854765"}],"wp:term":[{"taxonomy":"category","embeddable":true,"href":"https:\/\/analyse.optim.biz\/index.php?rest_route=%2Fwp%2Fv2%2Fcategories&post=1854765"},{"taxonomy":"post_tag","embeddable":true,"href":"https:\/\/analyse.optim.biz\/index.php?rest_route=%2Fwp%2Fv2%2Ftags&post=1854765"}],"curies":[{"name":"wp","href":"https:\/\/api.w.org\/{rel}","templated":true}]}}