{"id":1854578,"date":"2026-03-29T06:02:10","date_gmt":"2026-03-29T03:02:10","guid":{"rendered":"https:\/\/analyse.optim.biz\/?p=1854578"},"modified":"2026-03-29T06:02:10","modified_gmt":"2026-03-29T03:02:10","slug":"trei-medici-suceveni-distinsi-la-gala-colegiului-medicilor-din-romania-dr-laura-coca-ne-onoreaza-faptul-ca-medicina-suceveana-este-reprezentata-la-un-nivel-atit-de-inalt","status":"publish","type":"post","link":"https:\/\/analyse.optim.biz\/?p=1854578","title":{"rendered":"Trei medici suceveni, distin\u0219i la Gala Colegiului Medicilor din Rom\u00e2nia. Dr. Laura Coca: Ne onoreaz\u0103 faptul c\u0103 medicina sucevean\u0103 este reprezentat\u0103 la un nivel at\u00eet de \u00eenalt"},"content":{"rendered":"<p>[analyse_image type=&#8221;featured&#8221; src=&#8221;https:\/\/www.radiotop.ro\/img\/media\/2026\/03\/coca-ardeleanu-colegiul-medicilor.jpeghttps:\/\/www.radiotop.ro\/img\/media\/2026\/03\/coca-ardeleanu-colegiul-medicilor.jpeg&#8221;]<\/p>\n<div class=\"entry-content no-share\">\n<div class=\"content-inner \">\n<p>Colegiul Medicilor Suceava a anunat c\u0103 \u00een cadrul Galei Colegiului Medicilor din Rom\u00e2nia \u2013 \u201eMedic pentru Rom\u00e2nia, Rom\u00e2nia medical\u0103 conteaz\u0103!\u201d, desf\u0103\u0219urat\u0103 la Bucure\u0219ti, au primit diplome \u0219i trei medici suceveni din partea prof. univ. dr. C\u0103t\u0103lina Poian\u0103, pre\u0219edinta Colegiului Medicilor din Rom\u00e2nia.<\/p>\n<p>Este vorba despre dr. Mihai Ardeleanu, medic primar nefrologie \/ medicin\u0103 intern\u0103, premiul \u201eCarol Davila\u201d, pentru contribu\u021bia la promovarea valorilor profesiei medicale, conf. univ. dr. Dimitrie Cristian Siriopol, medic primar nefrologie, premiul \u201eGeorge Emil Palade\u201d, pentru contribu\u021bia la cercetare \u0219tiin\u021bific\u0103 \u0219i realiz\u0103ri deosebite \u00een domeniul medical, \u0219i dr. Adrian Nicolae Popescu, medic primar medicin\u0103 de familie, premiul \u201eVasile Voiculescu\u201d, pentru realiz\u0103ri deosebite \u00een activitatea cultural-artistic\u0103.<\/p>\n<p>La gal\u0103 a fost prezent\u0103 \u0219i o echip\u0103 a Colegiului Medicilor Suceava, prin reprezentan\u021bii \u00een Adunarea General\u0103 a Colegiului Medicilor din Rom\u00e2nia, fiind vorba despre dr. Mirela Oniceanu, vicepre\u0219edinte al Colegiului Medicilor din Rom\u00e2nia, coordonator al Departamentului Economico-Social \u0219i de Asigur\u0103ri Sociale de S\u0103n\u0103tate, dr. L\u0103cr\u0103mioara Mercore, vicepre\u0219edinte al Colegiului Medicilor Suceava, dr. Mircea Dinu Bordiniuc, dr. Mihai-Sorin Blanaru \u0219i dr. Laura Coca, pre\u0219edinta Colegiului Medicilor Suceava.<\/p>\n<p>Doamna Coca a declarat: \u201eDistinc\u021biile acordate domnilor dr. Mihai Ardeleanu, conf. univ. dr. Dimitrie Cristian Siriopol \u0219i dr. Adrian Nicolae Popescu reprezint\u0103 o recunoa\u0219tere pe deplin meritat\u0103 a profesionalismului, dedic\u0103rii \u0219i contribu\u021biei valoroase pe care ace\u0219tia o aduc, zi de zi, at\u00eet \u00een activitatea medical\u0103, c\u00eet \u0219i \u00een dezvoltarea \u0219i promovarea valorilor acestei profesii. Ne onoreaz\u0103 faptul c\u0103 medicina sucevean\u0103 este reprezentat\u0103 la un nivel at\u00eet de \u00eenalt \u0219i c\u0103, prin activitatea domniilor lor, este consolidat prestigiul comunit\u0103\u021bii medicale locale la nivel na\u021bional\u201d.<\/p>\n<\/div>\n<\/div>\n<div class=\"content-inner \">\n<p>Colegiul Medicilor Suceava a anunat c\u0103 \u00een cadrul Galei Colegiului Medicilor din Rom\u00e2nia \u2013 \u201eMedic pentru Rom\u00e2nia, Rom\u00e2nia medical\u0103 conteaz\u0103!\u201d, desf\u0103\u0219urat\u0103 la Bucure\u0219ti, au primit diplome \u0219i trei medici suceveni din partea prof. univ. dr. C\u0103t\u0103lina Poian\u0103, pre\u0219edinta Colegiului Medicilor din Rom\u00e2nia.<\/p>\n<p>Este vorba despre dr. Mihai Ardeleanu, medic primar nefrologie \/ medicin\u0103 intern\u0103, premiul \u201eCarol Davila\u201d, pentru contribu\u021bia la promovarea valorilor profesiei medicale, conf. univ. dr. Dimitrie Cristian Siriopol, medic primar nefrologie, premiul \u201eGeorge Emil Palade\u201d, pentru contribu\u021bia la cercetare \u0219tiin\u021bific\u0103 \u0219i realiz\u0103ri deosebite \u00een domeniul medical, \u0219i dr. Adrian Nicolae Popescu, medic primar medicin\u0103 de familie, premiul \u201eVasile Voiculescu\u201d, pentru realiz\u0103ri deosebite \u00een activitatea cultural-artistic\u0103.<\/p>\n<p>La gal\u0103 a fost prezent\u0103 \u0219i o echip\u0103 a Colegiului Medicilor Suceava, prin reprezentan\u021bii \u00een Adunarea General\u0103 a Colegiului Medicilor din Rom\u00e2nia, fiind vorba despre dr. Mirela Oniceanu, vicepre\u0219edinte al Colegiului Medicilor din Rom\u00e2nia, coordonator al Departamentului Economico-Social \u0219i de Asigur\u0103ri Sociale de S\u0103n\u0103tate, dr. L\u0103cr\u0103mioara Mercore, vicepre\u0219edinte al Colegiului Medicilor Suceava, dr. Mircea Dinu Bordiniuc, dr. Mihai-Sorin Blanaru \u0219i dr. Laura Coca, pre\u0219edinta Colegiului Medicilor Suceava.<\/p>\n<p>Doamna Coca a declarat: \u201eDistinc\u021biile acordate domnilor dr. Mihai Ardeleanu, conf. univ. dr. Dimitrie Cristian Siriopol \u0219i dr. Adrian Nicolae Popescu reprezint\u0103 o recunoa\u0219tere pe deplin meritat\u0103 a profesionalismului, dedic\u0103rii \u0219i contribu\u021biei valoroase pe care ace\u0219tia o aduc, zi de zi, at\u00eet \u00een activitatea medical\u0103, c\u00eet \u0219i \u00een dezvoltarea \u0219i promovarea valorilor acestei profesii. Ne onoreaz\u0103 faptul c\u0103 medicina sucevean\u0103 este reprezentat\u0103 la un nivel at\u00eet de \u00eenalt \u0219i c\u0103, prin activitatea domniilor lor, este consolidat prestigiul comunit\u0103\u021bii medicale locale la nivel na\u021bional\u201d.<\/p>\n<\/div>\n<p>[analyse_source url=&#8221;https:\/\/www.radiotop.ro\/educatie\/trei-medici-suceveni-distinsi-la-gala-colegiului-medicilor-din-romania-dr-laura-coca-ne-onoreaza-faptul-ca-medicina-suceveana-este-reprezentata-la-un-nivel-atit-de-inalt.html&#8221;]<\/p>\n","protected":false},"excerpt":{"rendered":"<p>[analyse_image type=&#8221;featured&#8221; src=&#8221;https:\/\/www.radiotop.ro\/img\/media\/2026\/03\/coca-ardeleanu-colegiul-medicilor.jpeghttps:\/\/www.radiotop.ro\/img\/media\/2026\/03\/coca-ardeleanu-colegiul-medicilor.jpeg&#8221;] Colegiul Medicilor Suceava a anunat c\u0103 \u00een cadrul Galei Colegiului Medicilor din Rom\u00e2nia \u2013 \u201eMedic pentru Rom\u00e2nia, Rom\u00e2nia medical\u0103 conteaz\u0103!\u201d, desf\u0103\u0219urat\u0103 la Bucure\u0219ti, au primit diplome \u0219i trei medici suceveni din partea prof. univ. dr. C\u0103t\u0103lina Poian\u0103, pre\u0219edinta Colegiului Medicilor din Rom\u00e2nia. Este vorba despre dr. Mihai Ardeleanu, medic primar nefrologie \/ [&hellip;]<\/p>\n","protected":false},"author":1,"featured_media":0,"comment_status":"open","ping_status":"","sticky":false,"template":"","format":"standard","meta":{"footnotes":""},"categories":[89],"tags":[226,163],"class_list":["post-1854578","post","type-post","status-publish","format-standard","hentry","category-romania","tag-crawlmanager","tag-radiotop-ro"],"_links":{"self":[{"href":"https:\/\/analyse.optim.biz\/index.php?rest_route=\/wp\/v2\/posts\/1854578","targetHints":{"allow":["GET"]}}],"collection":[{"href":"https:\/\/analyse.optim.biz\/index.php?rest_route=\/wp\/v2\/posts"}],"about":[{"href":"https:\/\/analyse.optim.biz\/index.php?rest_route=\/wp\/v2\/types\/post"}],"author":[{"embeddable":true,"href":"https:\/\/analyse.optim.biz\/index.php?rest_route=\/wp\/v2\/users\/1"}],"replies":[{"embeddable":true,"href":"https:\/\/analyse.optim.biz\/index.php?rest_route=%2Fwp%2Fv2%2Fcomments&post=1854578"}],"version-history":[{"count":0,"href":"https:\/\/analyse.optim.biz\/index.php?rest_route=\/wp\/v2\/posts\/1854578\/revisions"}],"wp:attachment":[{"href":"https:\/\/analyse.optim.biz\/index.php?rest_route=%2Fwp%2Fv2%2Fmedia&parent=1854578"}],"wp:term":[{"taxonomy":"category","embeddable":true,"href":"https:\/\/analyse.optim.biz\/index.php?rest_route=%2Fwp%2Fv2%2Fcategories&post=1854578"},{"taxonomy":"post_tag","embeddable":true,"href":"https:\/\/analyse.optim.biz\/index.php?rest_route=%2Fwp%2Fv2%2Ftags&post=1854578"}],"curies":[{"name":"wp","href":"https:\/\/api.w.org\/{rel}","templated":true}]}}