{"id":1854274,"date":"2026-03-29T15:14:29","date_gmt":"2026-03-29T12:14:29","guid":{"rendered":"https:\/\/analyse.optim.biz\/?p=1854274"},"modified":"2026-03-29T15:14:29","modified_gmt":"2026-03-29T12:14:29","slug":"primele-rosii-din-buzau-ajung-in-piete-de-paste-cu-intarziere-si-preturi-mai-mari-cat-va-costa-un-kilogram-de-tomate","status":"publish","type":"post","link":"https:\/\/analyse.optim.biz\/?p=1854274","title":{"rendered":"Primele ro\u0219ii din Buz\u0103u ajung \u00een pie\u021be de Pa\u0219te, cu \u00eent\u00e2rziere \u0219i pre\u021buri mai mari. C\u00e2t va costa un kilogram de tomate"},"content":{"rendered":"<p>[analyse_image type=&#8221;featured&#8221; src=&#8221;https:\/\/sansanews.ro\/wp-content\/uploads\/2026\/03\/WhatsApp-Image-2026-03-28-at-13.33.14.jpeghttps:\/\/sansanews.ro\/wp-content\/uploads\/2026\/03\/WhatsApp-Image-2026-03-28-at-13.33.14.jpeg&#8221;]<\/p>\n<div class=\"entry-content herald-entry-content\">\n<p>Primele ro\u0219ii rom\u00e2ne\u0219ti produse \u00een solariile din Buz\u0103u vor<br \/>\najunge pe pia\u021b\u0103 abia \u00een preajma s\u0103rb\u0103torilor de Pa\u0219te, cu o \u00eent\u00e2rziere de<br \/>\naproximativ trei s\u0103pt\u0103m\u00e2ni fa\u021b\u0103 de anii trecu\u021bi. De\u0219i culturile au fost \u00eenfiin\u021bate<br \/>\nla timp, vremea capricioas\u0103 din ultimele luni a dat peste cap calendarul<br \/>\nlegumicultorilor.<\/p>\n<div class=\"wp-block-image\">\n<figure class=\"alignright is-resized\"><img loading=\"lazy\" decoding=\"async\" src=\"https:\/\/sansanews.ro\/wp-content\/uploads\/2026\/03\/WhatsApp-Image-2026-03-28-at-13.32.52-472x1024.jpeg\" alt class=\"wp-image-118612\" width=\"209\" height=\"453\"><figcaption>ro\u0219ii Cochirleanca<\/figcaption><\/figure>\n<\/div>\n<p>\u00cen solariile de la Cochirleanca, locul de unde \u0219i anul<br \/>\ntrecut au fost recoltate primele ro\u0219ii de Buz\u0103u, plantele sunt deja pe rod, iar<br \/>\no parte dintre tomate au ajuns la dimensiuni apropiate de cele pentru consum,<br \/>\nunele \u00eencep\u00e2nd chiar s\u0103 se \u00eenro\u0219easc\u0103. Potrivit produc\u0103torilor, \u00een circa dou\u0103<br \/>\ns\u0103pt\u0103m\u00e2ni ro\u0219iile vor fi coapte \u0219i gata de valorificare \u00een pie\u021be.<\/p>\n<blockquote class=\"wp-block-quote\">\n<p>\u201dAbia de Pa\u0219te sper\u0103m s\u0103 ajungem pe pia\u021b\u0103. Avem o \u00eent\u00e2rziere foarte mare\u201d, a spus Mircea Tatu, legumicultorul care \u00een 2025 avea ro\u0219ii la v\u00e2nzare \u00eenc\u0103 de la jum\u0103tatea lunii martie.<\/p>\n<\/blockquote>\n<p>Anul acesta, vremea este cea care i-a dat planurile peste cap.\n<\/p>\n<blockquote class=\"wp-block-quote\">\n<p>\u201eDin cauza vremii \u00eenchise, f\u0103r\u0103 soare, cu multe zile de cea\u021b\u0103, florile nu au polenizat. Bondarii nu au ie\u0219it la lucru, iar pentru c\u0103 avem o cultur\u0103 natural\u0103, nu exist\u0103 alternativ\u0103. Noi nu folosim pesticide. Pierderile sunt foarte mari\u201d, a explicat Mircea Tatu, legumicultor.<\/p>\n<\/blockquote>\n<div class=\"wp-block-image\">\n<figure class=\"alignleft is-resized\"><img loading=\"lazy\" decoding=\"async\" src=\"https:\/\/sansanews.ro\/wp-content\/uploads\/2026\/03\/WhatsApp-Image-2026-03-29-at-18.08.16.jpeg\" alt class=\"wp-image-118613\" width=\"372\" height=\"210\"><figcaption>cutie cu bondari<\/figcaption><\/figure>\n<\/div>\n<p>Pe l\u00e2ng\u0103 produc\u021bia redus\u0103, \u0219i costurile au crescut<br \/>\nconsiderabil. \u00cenc\u0103lzirea solariilor a fost mult mai scump\u0103 \u00een acest an, \u00een<br \/>\ncondi\u021biile \u00een care centrala a mers aproape f\u0103r\u0103 oprire. Pentru aceea\u0219i<br \/>\nsuprafa\u021b\u0103 de aproximativ 4.000 de metri p\u0103tra\u021bi, consumul de combustibil a<br \/>\ncrescut cu cel pu\u021bin 10 tone de cocs, ceea ce a dus la o majorare a costurilor<br \/>\ntotale de produc\u021bie cu circa 20% fa\u021b\u0103 de anul trecut.<\/p>\n<p>Toate aceste dificult\u0103\u021bi se reflect\u0103 \u0219i \u00een pre\u021bul de pornire<br \/>\nal ro\u0219iilor. Primele tomate rom\u00e2ne\u0219ti din Buz\u0103u vor fi scoase la v\u00e2nzare la un<br \/>\npre\u021b de aproximativ 48 de lei pe kilogram, cu 11 lei mai mult dec\u00e2t \u00een 2025,<br \/>\nc\u00e2nd au ajuns \u00een pie\u021be la mijlocul lunii martie.<\/p>\n<div class=\"wp-block-image\">\n<figure class=\"alignright is-resized\"><img loading=\"lazy\" decoding=\"async\" src=\"https:\/\/sansanews.ro\/wp-content\/uploads\/2026\/03\/WhatsApp-Image-2026-03-29-at-18.15.19.jpeg\" alt class=\"wp-image-118618\" width=\"340\" height=\"192\"><\/figure>\n<\/div>\n<p>Chiar \u0219i \u00een aceste condi\u021bii, produc\u0103torii sunt rezerva\u021bi \u00een<br \/>\nprivin\u021ba profitului. <\/p>\n<blockquote class=\"wp-block-quote\">\n<p>\u201eDe\u0219i pre\u021bul este mai mare, nu \u0219tim dac\u0103 ne vom scoate investi\u021bia, pentru c\u0103 produc\u021bia este mic\u0103\u201d, mai spune legumicultorul.<\/p>\n<\/blockquote>\n<p>Astfel, sezonul ro\u0219iilor rom\u00e2ne\u0219ti debuteaz\u0103 la Buz\u0103u mai t\u00e2rziu \u0219i cu provoc\u0103ri mai mari ca de obicei, iar consumatorii vor pl\u0103ti mai mult pentru primele tomate autohtone din acest an.<\/p>\n<div class=\"herald-share-content\">\n<div class=\"meks_ess rectangle no-labels outline\"><a class=\"meks_ess-item socicon-facebook\" data-url=\"http:\/\/www.facebook.com\/sharer\/sharer.php?u=https%3A%2F%2Fsansanews.ro%2Fprimele-rosii-din-buzau-ajung-in-piete-de-paste-cu-intarziere-si-preturi-mai-mari-cat-va-costa-un-kilogram-de-tomate%2F&amp;t=Primele%20ro%C8%99ii%20din%20Buz%C4%83u%20ajung%20%C3%AEn%20pie%C8%9Be%20de%20Pa%C8%99te%2C%20cu%20%C3%AEnt%C3%A2rziere%20%C8%99i%20pre%C8%9Buri%20mai%20mari.%20C%C3%A2t%20va%20costa%20un%20kilogram%20de%20tomate\"><span>Facebook<\/span><\/a><a href=\"https:\/\/api.whatsapp.com\/send?text=Primele%20ro%C8%99ii%20din%20Buz%C4%83u%20ajung%20%C3%AEn%20pie%C8%9Be%20de%20Pa%C8%99te%2C%20cu%20%C3%AEnt%C3%A2rziere%20%C8%99i%20pre%C8%9Buri%20mai%20mari.%20C%C3%A2t%20va%20costa%20un%20kilogram%20de%20tomate%20https%3A%2F%2Fsansanews.ro%2Fprimele-rosii-din-buzau-ajung-in-piete-de-paste-cu-intarziere-si-preturi-mai-mari-cat-va-costa-un-kilogram-de-tomate%2F\" class=\"meks_ess-item socicon-whatsapp prevent-share-popup\"><span>WhatsApp<\/span><\/a><a class=\"meks_ess-item socicon-twitter\" data-url=\"http:\/\/twitter.com\/intent\/tweet?url=https%3A%2F%2Fsansanews.ro%2Fprimele-rosii-din-buzau-ajung-in-piete-de-paste-cu-intarziere-si-preturi-mai-mari-cat-va-costa-un-kilogram-de-tomate%2F&amp;text=Primele%20ro%C8%99ii%20din%20Buz%C4%83u%20ajung%20%C3%AEn%20pie%C8%9Be%20de%20Pa%C8%99te%2C%20cu%20%C3%AEnt%C3%A2rziere%20%C8%99i%20pre%C8%9Buri%20mai%20mari.%20C%C3%A2t%20va%20costa%20un%20kilogram%20de%20tomate\"><span>Twitter<\/span><\/a><a class=\"meks_ess-item socicon-pinterest\" data-url=\"http:\/\/pinterest.com\/pin\/create\/button\/?url=https%3A%2F%2Fsansanews.ro%2Fprimele-rosii-din-buzau-ajung-in-piete-de-paste-cu-intarziere-si-preturi-mai-mari-cat-va-costa-un-kilogram-de-tomate%2F&amp;media=https%3A%2F%2Fsansanews.ro%2Fwp-content%2Fuploads%2F2026%2F03%2FWhatsApp-Image-2026-03-28-at-13.33.14.jpeg&amp;description=Primele%20ro%C8%99ii%20din%20Buz%C4%83u%20ajung%20%C3%AEn%20pie%C8%9Be%20de%20Pa%C8%99te%2C%20cu%20%C3%AEnt%C3%A2rziere%20%C8%99i%20pre%C8%9Buri%20mai%20mari.%20C%C3%A2t%20va%20costa%20un%20kilogram%20de%20tomate\"><span>Pinterest<\/span><\/a><\/div>\n<\/div>\n<\/div>\n<div class=\"entry-content herald-entry-content\">\n<p>Primele ro\u0219ii rom\u00e2ne\u0219ti produse \u00een solariile din Buz\u0103u vor<br \/>\najunge pe pia\u021b\u0103 abia \u00een preajma s\u0103rb\u0103torilor de Pa\u0219te, cu o \u00eent\u00e2rziere de<br \/>\naproximativ trei s\u0103pt\u0103m\u00e2ni fa\u021b\u0103 de anii trecu\u021bi. De\u0219i culturile au fost \u00eenfiin\u021bate<br \/>\nla timp, vremea capricioas\u0103 din ultimele luni a dat peste cap calendarul<br \/>\nlegumicultorilor.<\/p>\n<div class=\"wp-block-image\">\n<figure class=\"alignright is-resized\"><img loading=\"lazy\" decoding=\"async\" src=\"https:\/\/sansanews.ro\/wp-content\/uploads\/2026\/03\/WhatsApp-Image-2026-03-28-at-13.32.52-472x1024.jpeg\" alt class=\"wp-image-118612\" width=\"209\" height=\"453\"><figcaption>ro\u0219ii Cochirleanca<\/figcaption><\/figure>\n<\/div>\n<p>\u00cen solariile de la Cochirleanca, locul de unde \u0219i anul<br \/>\ntrecut au fost recoltate primele ro\u0219ii de Buz\u0103u, plantele sunt deja pe rod, iar<br \/>\no parte dintre tomate au ajuns la dimensiuni apropiate de cele pentru consum,<br \/>\nunele \u00eencep\u00e2nd chiar s\u0103 se \u00eenro\u0219easc\u0103. Potrivit produc\u0103torilor, \u00een circa dou\u0103<br \/>\ns\u0103pt\u0103m\u00e2ni ro\u0219iile vor fi coapte \u0219i gata de valorificare \u00een pie\u021be.<\/p>\n<blockquote class=\"wp-block-quote\">\n<p>\u201dAbia de Pa\u0219te sper\u0103m s\u0103 ajungem pe pia\u021b\u0103. Avem o \u00eent\u00e2rziere foarte mare\u201d, a spus Mircea Tatu, legumicultorul care \u00een 2025 avea ro\u0219ii la v\u00e2nzare \u00eenc\u0103 de la jum\u0103tatea lunii martie.<\/p>\n<\/blockquote>\n<p>Anul acesta, vremea este cea care i-a dat planurile peste cap.\n<\/p>\n<blockquote class=\"wp-block-quote\">\n<p>\u201eDin cauza vremii \u00eenchise, f\u0103r\u0103 soare, cu multe zile de cea\u021b\u0103, florile nu au polenizat. Bondarii nu au ie\u0219it la lucru, iar pentru c\u0103 avem o cultur\u0103 natural\u0103, nu exist\u0103 alternativ\u0103. Noi nu folosim pesticide. Pierderile sunt foarte mari\u201d, a explicat Mircea Tatu, legumicultor.<\/p>\n<\/blockquote>\n<div class=\"wp-block-image\">\n<figure class=\"alignleft is-resized\"><img loading=\"lazy\" decoding=\"async\" src=\"https:\/\/sansanews.ro\/wp-content\/uploads\/2026\/03\/WhatsApp-Image-2026-03-29-at-18.08.16.jpeg\" alt class=\"wp-image-118613\" width=\"372\" height=\"210\"><figcaption>cutie cu bondari<\/figcaption><\/figure>\n<\/div>\n<p>Pe l\u00e2ng\u0103 produc\u021bia redus\u0103, \u0219i costurile au crescut<br \/>\nconsiderabil. \u00cenc\u0103lzirea solariilor a fost mult mai scump\u0103 \u00een acest an, \u00een<br \/>\ncondi\u021biile \u00een care centrala a mers aproape f\u0103r\u0103 oprire. Pentru aceea\u0219i<br \/>\nsuprafa\u021b\u0103 de aproximativ 4.000 de metri p\u0103tra\u021bi, consumul de combustibil a<br \/>\ncrescut cu cel pu\u021bin 10 tone de cocs, ceea ce a dus la o majorare a costurilor<br \/>\ntotale de produc\u021bie cu circa 20% fa\u021b\u0103 de anul trecut.<\/p>\n<p>Toate aceste dificult\u0103\u021bi se reflect\u0103 \u0219i \u00een pre\u021bul de pornire<br \/>\nal ro\u0219iilor. Primele tomate rom\u00e2ne\u0219ti din Buz\u0103u vor fi scoase la v\u00e2nzare la un<br \/>\npre\u021b de aproximativ 48 de lei pe kilogram, cu 11 lei mai mult dec\u00e2t \u00een 2025,<br \/>\nc\u00e2nd au ajuns \u00een pie\u021be la mijlocul lunii martie.<\/p>\n<div class=\"wp-block-image\">\n<figure class=\"alignright is-resized\"><img loading=\"lazy\" decoding=\"async\" src=\"https:\/\/sansanews.ro\/wp-content\/uploads\/2026\/03\/WhatsApp-Image-2026-03-29-at-18.15.19.jpeg\" alt class=\"wp-image-118618\" width=\"340\" height=\"192\"><\/figure>\n<\/div>\n<p>Chiar \u0219i \u00een aceste condi\u021bii, produc\u0103torii sunt rezerva\u021bi \u00een<br \/>\nprivin\u021ba profitului. <\/p>\n<blockquote class=\"wp-block-quote\">\n<p>\u201eDe\u0219i pre\u021bul este mai mare, nu \u0219tim dac\u0103 ne vom scoate investi\u021bia, pentru c\u0103 produc\u021bia este mic\u0103\u201d, mai spune legumicultorul.<\/p>\n<\/blockquote>\n<p>Astfel, sezonul ro\u0219iilor rom\u00e2ne\u0219ti debuteaz\u0103 la Buz\u0103u mai t\u00e2rziu \u0219i cu provoc\u0103ri mai mari ca de obicei, iar consumatorii vor pl\u0103ti mai mult pentru primele tomate autohtone din acest an.<\/p>\n<div class=\"herald-share-content\">\n<div class=\"meks_ess rectangle no-labels outline\"><a class=\"meks_ess-item socicon-facebook\" data-url=\"http:\/\/www.facebook.com\/sharer\/sharer.php?u=https%3A%2F%2Fsansanews.ro%2Fprimele-rosii-din-buzau-ajung-in-piete-de-paste-cu-intarziere-si-preturi-mai-mari-cat-va-costa-un-kilogram-de-tomate%2F&amp;t=Primele%20ro%C8%99ii%20din%20Buz%C4%83u%20ajung%20%C3%AEn%20pie%C8%9Be%20de%20Pa%C8%99te%2C%20cu%20%C3%AEnt%C3%A2rziere%20%C8%99i%20pre%C8%9Buri%20mai%20mari.%20C%C3%A2t%20va%20costa%20un%20kilogram%20de%20tomate\"><span>Facebook<\/span><\/a><a href=\"https:\/\/api.whatsapp.com\/send?text=Primele%20ro%C8%99ii%20din%20Buz%C4%83u%20ajung%20%C3%AEn%20pie%C8%9Be%20de%20Pa%C8%99te%2C%20cu%20%C3%AEnt%C3%A2rziere%20%C8%99i%20pre%C8%9Buri%20mai%20mari.%20C%C3%A2t%20va%20costa%20un%20kilogram%20de%20tomate%20https%3A%2F%2Fsansanews.ro%2Fprimele-rosii-din-buzau-ajung-in-piete-de-paste-cu-intarziere-si-preturi-mai-mari-cat-va-costa-un-kilogram-de-tomate%2F\" class=\"meks_ess-item socicon-whatsapp prevent-share-popup\"><span>WhatsApp<\/span><\/a><a class=\"meks_ess-item socicon-twitter\" data-url=\"http:\/\/twitter.com\/intent\/tweet?url=https%3A%2F%2Fsansanews.ro%2Fprimele-rosii-din-buzau-ajung-in-piete-de-paste-cu-intarziere-si-preturi-mai-mari-cat-va-costa-un-kilogram-de-tomate%2F&amp;text=Primele%20ro%C8%99ii%20din%20Buz%C4%83u%20ajung%20%C3%AEn%20pie%C8%9Be%20de%20Pa%C8%99te%2C%20cu%20%C3%AEnt%C3%A2rziere%20%C8%99i%20pre%C8%9Buri%20mai%20mari.%20C%C3%A2t%20va%20costa%20un%20kilogram%20de%20tomate\"><span>Twitter<\/span><\/a><a class=\"meks_ess-item socicon-pinterest\" data-url=\"http:\/\/pinterest.com\/pin\/create\/button\/?url=https%3A%2F%2Fsansanews.ro%2Fprimele-rosii-din-buzau-ajung-in-piete-de-paste-cu-intarziere-si-preturi-mai-mari-cat-va-costa-un-kilogram-de-tomate%2F&amp;media=https%3A%2F%2Fsansanews.ro%2Fwp-content%2Fuploads%2F2026%2F03%2FWhatsApp-Image-2026-03-28-at-13.33.14.jpeg&amp;description=Primele%20ro%C8%99ii%20din%20Buz%C4%83u%20ajung%20%C3%AEn%20pie%C8%9Be%20de%20Pa%C8%99te%2C%20cu%20%C3%AEnt%C3%A2rziere%20%C8%99i%20pre%C8%9Buri%20mai%20mari.%20C%C3%A2t%20va%20costa%20un%20kilogram%20de%20tomate\"><span>Pinterest<\/span><\/a><\/div>\n<\/div>\n<\/div>\n<p>[analyse_source url=&#8221;https:\/\/sansanews.ro\/primele-rosii-din-buzau-ajung-in-piete-de-paste-cu-intarziere-si-preturi-mai-mari-cat-va-costa-un-kilogram-de-tomate\/&#8221;]<\/p>\n","protected":false},"excerpt":{"rendered":"<p>[analyse_image type=&#8221;featured&#8221; src=&#8221;https:\/\/sansanews.ro\/wp-content\/uploads\/2026\/03\/WhatsApp-Image-2026-03-28-at-13.33.14.jpeghttps:\/\/sansanews.ro\/wp-content\/uploads\/2026\/03\/WhatsApp-Image-2026-03-28-at-13.33.14.jpeg&#8221;] Primele ro\u0219ii rom\u00e2ne\u0219ti produse \u00een solariile din Buz\u0103u vor ajunge pe pia\u021b\u0103 abia \u00een preajma s\u0103rb\u0103torilor de Pa\u0219te, cu o \u00eent\u00e2rziere de aproximativ trei s\u0103pt\u0103m\u00e2ni fa\u021b\u0103 de anii trecu\u021bi. De\u0219i culturile au fost \u00eenfiin\u021bate la timp, vremea capricioas\u0103 din ultimele luni a dat peste cap calendarul legumicultorilor. ro\u0219ii Cochirleanca \u00cen solariile de [&hellip;]<\/p>\n","protected":false},"author":1,"featured_media":0,"comment_status":"open","ping_status":"","sticky":false,"template":"","format":"standard","meta":{"footnotes":""},"categories":[2],"tags":[226,51],"class_list":["post-1854274","post","type-post","status-publish","format-standard","hentry","category-politics","tag-crawlmanager","tag-sansanews-ro"],"_links":{"self":[{"href":"https:\/\/analyse.optim.biz\/index.php?rest_route=\/wp\/v2\/posts\/1854274","targetHints":{"allow":["GET"]}}],"collection":[{"href":"https:\/\/analyse.optim.biz\/index.php?rest_route=\/wp\/v2\/posts"}],"about":[{"href":"https:\/\/analyse.optim.biz\/index.php?rest_route=\/wp\/v2\/types\/post"}],"author":[{"embeddable":true,"href":"https:\/\/analyse.optim.biz\/index.php?rest_route=\/wp\/v2\/users\/1"}],"replies":[{"embeddable":true,"href":"https:\/\/analyse.optim.biz\/index.php?rest_route=%2Fwp%2Fv2%2Fcomments&post=1854274"}],"version-history":[{"count":0,"href":"https:\/\/analyse.optim.biz\/index.php?rest_route=\/wp\/v2\/posts\/1854274\/revisions"}],"wp:attachment":[{"href":"https:\/\/analyse.optim.biz\/index.php?rest_route=%2Fwp%2Fv2%2Fmedia&parent=1854274"}],"wp:term":[{"taxonomy":"category","embeddable":true,"href":"https:\/\/analyse.optim.biz\/index.php?rest_route=%2Fwp%2Fv2%2Fcategories&post=1854274"},{"taxonomy":"post_tag","embeddable":true,"href":"https:\/\/analyse.optim.biz\/index.php?rest_route=%2Fwp%2Fv2%2Ftags&post=1854274"}],"curies":[{"name":"wp","href":"https:\/\/api.w.org\/{rel}","templated":true}]}}