{"id":1854152,"date":"2026-03-29T09:59:12","date_gmt":"2026-03-29T06:59:12","guid":{"rendered":"https:\/\/analyse.optim.biz\/?p=1854152"},"modified":"2026-03-29T09:59:12","modified_gmt":"2026-03-29T06:59:12","slug":"incident-grav-la-jimbolia-un-barbat-a-fost-taiat-cu-cutitul-in-benzinarie","status":"publish","type":"post","link":"https:\/\/analyse.optim.biz\/?p=1854152","title":{"rendered":"Incident grav la Jimbolia: Un b\u0103rbat a fost t\u0103iat cu cu\u021bitul \u00een benzin\u0103rie"},"content":{"rendered":"<p>[analyse_image type=&#8221;featured&#8221; src=&#8221;https:\/\/focustim.ro\/wp-content\/uploads\/2022\/10\/politia-nu-treceti.jpg&#8221;]<\/p>\n<article id=\"post-39814\" class=\"penci-single-artcontent noloaddisqus post-39814 post type-post status-publish format-standard has-post-thumbnail hentry category-actualitate category-eveniment category-featured tag-carburanti tag-politia penci-post-item\">\n<header class=\"entry-header penci-entry-header penci-title-\">\n<div class=\"penci-entry-categories\"><span class=\"penci-cat-links\"><a href=\"https:\/\/focustim.ro\/category\/actualitate\/\" rel=\"category tag\">Actualitate<\/a><a href=\"https:\/\/focustim.ro\/category\/eveniment\/\" rel=\"category tag\">Eveniment<\/a><a href=\"https:\/\/focustim.ro\/category\/featured\/\" rel=\"category tag\">Featured<\/a><\/span><\/div>\n<h1 class=\"entry-title penci-entry-title penci-title-\">Incident grav la Jimbolia: Un b\u0103rbat a fost t\u0103iat cu cu\u021bitul \u00een benzin\u0103rie<\/h1>\n<div class=\"entry-meta penci-entry-meta\"><span class=\"entry-meta-item penci-posted-on\"><time class=\"entry-date published\" datetime=\"2026-03-29T12:59:12+03:00\">29\/03\/2026<\/time><time class=\"updated\" datetime=\"2026-03-29T12:59:18+03:00\">29\/03\/2026<\/time><\/span><span class=\"entry-meta-item penci-comment-count\"><a class=\"penci_pmeta-link\" href=\"https:\/\/focustim.ro\/incident-grav-la-jimbolia-un-barbat-a-fost-taiat-cu-cutitul-in-benzinarie\/#respond\">0<\/a><\/span><\/div>\n<p><span class=\"penci-social-buttons penci-social-share-footer\"><span class=\"penci-social-share-text\">Distribuie<\/span><a href=\"https:\/\/focustim.ro\/incident-grav-la-jimbolia-un-barbat-a-fost-taiat-cu-cutitul-in-benzinarie\/\" class=\"penci-post-like penci_post-meta_item  single-like-button penci-social-item like\" data-post_id=\"39814\" title=\"Like\" data-like=\"Like\" data-unlike=\"Unlike\"><span class=\"penci-share-number\">0<\/span><\/a><\/span><\/header>\n<div class=\"entry-media penci-entry-media\">\n<div class=\"post-format-meta \">\n<div class=\"post-image penci-standard-format\"><img decoding=\"async\" width=\"232\" height=\"130\" src=\"https:\/\/focustim.ro\/wp-content\/uploads\/2022\/10\/politia-nu-treceti.jpg\" class=\"attachment-penci-thumb-960-auto size-penci-thumb-960-auto wp-post-image\" alt loading=\"lazy\"><\/div>\n<\/div>\n<\/div>\n<div class=\"penci-entry-content entry-content\">\n<p><strong>Un incident grav a avut loc la Jimbolia, unde un b\u0103rbat a fost t\u0103iat cu cu\u021bitul. Se pare c\u0103 acesta s-a certat cu un alt b\u0103rbat, la sta\u021bia de alimentare cu carburan\u021bi. Poli\u021bia a ajuns la fa\u021ba locului \u0219i a deschis dosar penal. <\/strong><\/p>\n<p>La data de 29 martie 2026, \u00een jurul orei 05:00, poli\u021bi\u0219tii ora\u0219ului Jimbolia au fost sesiza\u021bi cu privire la faptul c\u0103 o persoan\u0103 ar fi fost agresat\u0103 fizic, \u00een timp ce se afla \u00eentr-o sta\u021bie de carburant din Jimbolia.<\/p>\n<p>\u00cen urma primelor verific\u0103ri, poli\u021bi\u0219tii au stabilit c\u0103 este vorba de un t\u00e2n\u0103r, de 30 de ani, care, \u00een urma unui conflict spontan \u0219i pe fondul consumului de alcool, ar fi fost t\u0103iat \u00een zona abdomenului cu un obiect ascu\u021bit \u2013 \u00een\u021bep\u0103tor de c\u0103tre un alt b\u0103rbat, de 51 de ani.<\/p>\n<p>T\u00e2n\u0103rul a fost transportat la spital, pentru acordarea \u00eengrijirilor medicale de specialitate, iar b\u0103rbatul de 51 de ani se afl\u0103 la sediul poli\u021biei pentru audieri.<\/p>\n<p>Cercet\u0103rile continu\u0103 sub aspectul s\u0103v\u00e2r\u0219irii infrac\u021biunii de lovire sau alte violen\u021be, pentru stabilirea \u00eentregi situa\u021bii de fapt \u0219i dispunerea m\u0103surilor legale.<\/p>\n<div class=\"sharedaddy sd-sharing-enabled\">\n<div class=\"robots-nocontent sd-block sd-social sd-social-icon-text sd-sharing\">\n<h3 class=\"sd-title\">Partajeaz\u0103 asta:<\/h3>\n<div class=\"sd-content\">\n<ul>\n<li class=\"share-twitter\"><a rel=\"nofollow noopener noreferrer\" data-shared=\"sharing-twitter-39814\" class=\"share-twitter sd-button share-icon\" href=\"https:\/\/focustim.ro\/incident-grav-la-jimbolia-un-barbat-a-fost-taiat-cu-cutitul-in-benzinarie\/?share=twitter\" target=\"_blank\" title=\"D\u0103 clic pentru a partaja pe Twitter\"><span>Twitter<\/span><\/a><\/li>\n<li class=\"share-facebook\"><a rel=\"nofollow noopener noreferrer\" data-shared=\"sharing-facebook-39814\" class=\"share-facebook sd-button share-icon\" href=\"https:\/\/focustim.ro\/incident-grav-la-jimbolia-un-barbat-a-fost-taiat-cu-cutitul-in-benzinarie\/?share=facebook\" target=\"_blank\" title=\"D\u0103 clic pentru a partaja pe Facebook\"><span>Facebook<\/span><\/a><\/li>\n<li class=\"share-end\"><\/ul>\n<\/div>\n<\/div>\n<\/div>\n<div class=\"sharedaddy sd-block sd-like jetpack-likes-widget-wrapper jetpack-likes-widget-unloaded\" id=\"like-post-wrapper-167025405-39814-69c8f83b761e9\" data-src=\"https:\/\/widgets.wp.com\/likes\/#blog_id=167025405&amp;post_id=39814&amp;origin=focustim.ro&amp;obj_id=167025405-39814-69c8f83b761e9\" data-name=\"like-post-frame-167025405-39814-69c8f83b761e9\" data-title=\"Apreciaz\u0103 sau republic\u0103\">\n<h3 class=\"sd-title\">Apreciaz\u0103:<\/h3>\n<div class=\"likes-widget-placeholder post-likes-widget-placeholder\"><span class=\"button\"><span>Apreciere<\/span><\/span><span class=\"loading\">\u00cencarc&#8230;<\/span><\/div>\n<\/div>\n<\/div>\n<footer class=\"penci-entry-footer\">\n<div class=\"penci-source-via-tags-wrap\"><span class=\"tags-links penci-tags-links\"><a href=\"https:\/\/focustim.ro\/tag\/carburanti\/\" rel=\"tag\">carburanti<\/a><a href=\"https:\/\/focustim.ro\/tag\/politia\/\" rel=\"tag\">Politia<\/a><\/span><\/div>\n<p><span class=\"penci-social-buttons penci-social-share-footer\"><span class=\"penci-social-share-text\">Distribuie<\/span><a href=\"https:\/\/focustim.ro\/incident-grav-la-jimbolia-un-barbat-a-fost-taiat-cu-cutitul-in-benzinarie\/\" class=\"penci-post-like penci_post-meta_item  single-like-button penci-social-item like\" data-post_id=\"39814\" title=\"Like\" data-like=\"Like\" data-unlike=\"Unlike\"><span class=\"penci-share-number\">0<\/span><\/a><\/span><\/footer>\n<\/article>\n<div class=\"penci-entry-content entry-content\">\n<p><strong>Un incident grav a avut loc la Jimbolia, unde un b\u0103rbat a fost t\u0103iat cu cu\u021bitul. Se pare c\u0103 acesta s-a certat cu un alt b\u0103rbat, la sta\u021bia de alimentare cu carburan\u021bi. Poli\u021bia a ajuns la fa\u021ba locului \u0219i a deschis dosar penal. <\/strong><\/p>\n<p>La data de 29 martie 2026, \u00een jurul orei 05:00, poli\u021bi\u0219tii ora\u0219ului Jimbolia au fost sesiza\u021bi cu privire la faptul c\u0103 o persoan\u0103 ar fi fost agresat\u0103 fizic, \u00een timp ce se afla \u00eentr-o sta\u021bie de carburant din Jimbolia.<\/p>\n<p>\u00cen urma primelor verific\u0103ri, poli\u021bi\u0219tii au stabilit c\u0103 este vorba de un t\u00e2n\u0103r, de 30 de ani, care, \u00een urma unui conflict spontan \u0219i pe fondul consumului de alcool, ar fi fost t\u0103iat \u00een zona abdomenului cu un obiect ascu\u021bit \u2013 \u00een\u021bep\u0103tor de c\u0103tre un alt b\u0103rbat, de 51 de ani.<\/p>\n<p>T\u00e2n\u0103rul a fost transportat la spital, pentru acordarea \u00eengrijirilor medicale de specialitate, iar b\u0103rbatul de 51 de ani se afl\u0103 la sediul poli\u021biei pentru audieri.<\/p>\n<p>Cercet\u0103rile continu\u0103 sub aspectul s\u0103v\u00e2r\u0219irii infrac\u021biunii de lovire sau alte violen\u021be, pentru stabilirea \u00eentregi situa\u021bii de fapt \u0219i dispunerea m\u0103surilor legale.<\/p>\n<div class=\"sharedaddy sd-sharing-enabled\">\n<div class=\"robots-nocontent sd-block sd-social sd-social-icon-text sd-sharing\">\n<h3 class=\"sd-title\">Partajeaz\u0103 asta:<\/h3>\n<div class=\"sd-content\">\n<ul>\n<li class=\"share-twitter\"><a rel=\"nofollow noopener noreferrer\" data-shared=\"sharing-twitter-39814\" class=\"share-twitter sd-button share-icon\" href=\"https:\/\/focustim.ro\/incident-grav-la-jimbolia-un-barbat-a-fost-taiat-cu-cutitul-in-benzinarie\/?share=twitter\" target=\"_blank\" title=\"D\u0103 clic pentru a partaja pe Twitter\"><span>Twitter<\/span><\/a><\/li>\n<li class=\"share-facebook\"><a rel=\"nofollow noopener noreferrer\" data-shared=\"sharing-facebook-39814\" class=\"share-facebook sd-button share-icon\" href=\"https:\/\/focustim.ro\/incident-grav-la-jimbolia-un-barbat-a-fost-taiat-cu-cutitul-in-benzinarie\/?share=facebook\" target=\"_blank\" title=\"D\u0103 clic pentru a partaja pe Facebook\"><span>Facebook<\/span><\/a><\/li>\n<li class=\"share-end\"><\/ul>\n<\/div>\n<\/div>\n<\/div>\n<div class=\"sharedaddy sd-block sd-like jetpack-likes-widget-wrapper jetpack-likes-widget-unloaded\" id=\"like-post-wrapper-167025405-39814-69c8f83b761e9\" data-src=\"https:\/\/widgets.wp.com\/likes\/#blog_id=167025405&amp;post_id=39814&amp;origin=focustim.ro&amp;obj_id=167025405-39814-69c8f83b761e9\" data-name=\"like-post-frame-167025405-39814-69c8f83b761e9\" data-title=\"Apreciaz\u0103 sau republic\u0103\">\n<h3 class=\"sd-title\">Apreciaz\u0103:<\/h3>\n<div class=\"likes-widget-placeholder post-likes-widget-placeholder\"><span class=\"button\"><span>Apreciere<\/span><\/span><span class=\"loading\">\u00cencarc&#8230;<\/span><\/div>\n<\/div>\n<\/div>\n<p>[analyse_source url=&#8221;https:\/\/focustim.ro\/incident-grav-la-jimbolia-un-barbat-a-fost-taiat-cu-cutitul-in-benzinarie\/&#8221;]<\/p>\n","protected":false},"excerpt":{"rendered":"<p>[analyse_image type=&#8221;featured&#8221; src=&#8221;https:\/\/focustim.ro\/wp-content\/uploads\/2022\/10\/politia-nu-treceti.jpg&#8221;] ActualitateEvenimentFeatured Incident grav la Jimbolia: Un b\u0103rbat a fost t\u0103iat cu cu\u021bitul \u00een benzin\u0103rie 29\/03\/202629\/03\/20260 Distribuie0 Un incident grav a avut loc la Jimbolia, unde un b\u0103rbat a fost t\u0103iat cu cu\u021bitul. Se pare c\u0103 acesta s-a certat cu un alt b\u0103rbat, la sta\u021bia de alimentare cu carburan\u021bi. Poli\u021bia a ajuns la [&hellip;]<\/p>\n","protected":false},"author":1,"featured_media":0,"comment_status":"open","ping_status":"","sticky":false,"template":"","format":"standard","meta":{"footnotes":""},"categories":[89],"tags":[226,197],"class_list":["post-1854152","post","type-post","status-publish","format-standard","hentry","category-romania","tag-crawlmanager","tag-focustim-ro"],"_links":{"self":[{"href":"https:\/\/analyse.optim.biz\/index.php?rest_route=\/wp\/v2\/posts\/1854152","targetHints":{"allow":["GET"]}}],"collection":[{"href":"https:\/\/analyse.optim.biz\/index.php?rest_route=\/wp\/v2\/posts"}],"about":[{"href":"https:\/\/analyse.optim.biz\/index.php?rest_route=\/wp\/v2\/types\/post"}],"author":[{"embeddable":true,"href":"https:\/\/analyse.optim.biz\/index.php?rest_route=\/wp\/v2\/users\/1"}],"replies":[{"embeddable":true,"href":"https:\/\/analyse.optim.biz\/index.php?rest_route=%2Fwp%2Fv2%2Fcomments&post=1854152"}],"version-history":[{"count":0,"href":"https:\/\/analyse.optim.biz\/index.php?rest_route=\/wp\/v2\/posts\/1854152\/revisions"}],"wp:attachment":[{"href":"https:\/\/analyse.optim.biz\/index.php?rest_route=%2Fwp%2Fv2%2Fmedia&parent=1854152"}],"wp:term":[{"taxonomy":"category","embeddable":true,"href":"https:\/\/analyse.optim.biz\/index.php?rest_route=%2Fwp%2Fv2%2Fcategories&post=1854152"},{"taxonomy":"post_tag","embeddable":true,"href":"https:\/\/analyse.optim.biz\/index.php?rest_route=%2Fwp%2Fv2%2Ftags&post=1854152"}],"curies":[{"name":"wp","href":"https:\/\/api.w.org\/{rel}","templated":true}]}}