{"id":1853885,"date":"2026-03-29T09:06:54","date_gmt":"2026-03-29T06:06:54","guid":{"rendered":"https:\/\/analyse.optim.biz\/?p=1853885"},"modified":"2026-03-29T09:06:54","modified_gmt":"2026-03-29T06:06:54","slug":"video-de-la-ruina-la-renastere-ce-se-intampla-cu-taberele-scolare-arbanasi-si-poiana-pinului-anuntul-consiliului-judetean","status":"publish","type":"post","link":"https:\/\/analyse.optim.biz\/?p=1853885","title":{"rendered":"(VIDEO) De la ruin\u0103 la rena\u0219tere! Ce se \u00eent\u00e2mpl\u0103 cu taberele \u0219colare Arb\u0103na\u0219i \u0219i Poiana Pinului. Anun\u021bul Consiliului Jude\u021bean"},"content":{"rendered":"<p>[analyse_image type=&#8221;featured&#8221; src=&#8221;https:\/\/sansanews.ro\/wp-content\/uploads\/2022\/07\/WhatsApp-Image-2022-07-06-at-08.33.48.jpeghttps:\/\/sansanews.ro\/wp-content\/uploads\/2022\/07\/WhatsApp-Image-2022-07-06-at-08.33.48.jpeg&#8221;]<\/p>\n<div class=\"entry-content herald-entry-content\">\n<p>Taberele \u0219colare din jude\u021bul Buz\u0103u vor fi readuse la via\u021b\u0103. Dup\u0103 ani de zile \u00een care cl\u0103dirile s-au degradat, iar por\u021bile au r\u0103mas \u00eenchise, autorit\u0103\u021bile jude\u021bene vor s\u0103 reintroduc\u0103 aceste obiective \u00een circuit. Un prim pas concret va fi f\u0103cut chiar s\u0103pt\u0103m\u00e2na viitoare, c\u00e2nd Consiliul Jude\u021bean Buz\u0103u va supune aprob\u0103rii un proiect de hot\u0103r\u00e2re pentru preluarea celor dou\u0103 tabere \u0219colare,  Arb\u0103na\u0219i \u0219i Poiana Pinului. <\/p>\n<p>Cele dou\u0103 obiective vor trece din domeniul public al statului \u0219i din<br \/>\nadministrarea Agen\u021biei Na\u021bionale pentru Sport \u00een domeniul public al jude\u021bului<br \/>\nBuz\u0103u \u0219i \u00een administrarea Consiliului Jude\u021bean. Miza nu este doar una<br \/>\nadministrativ\u0103, ci \u021bine de repunerea \u00een valoare a unor spa\u021bii care, ani la<br \/>\nr\u00e2nd, au \u00eensemnat vacan\u021be pentru genera\u021bii \u00eentregi de copii.<\/p>\n<p>Potrivit proiectului, scopul transmiterii acestor imobile \u00eel reprezint\u0103<br \/>\n\u201edezvoltarea activit\u0103\u021bilor de tineret \u0219i sport \u00een jude\u021bul Buz\u0103u, \u00een condi\u021biile<br \/>\nlegii\u201d, iar autorit\u0103\u021bile se oblig\u0103 s\u0103 p\u0103streze destina\u021bia acestora de tabere<br \/>\n\u0219colare.<\/p>\n<p>Mai mult, prin acela\u0219i proiect, Consiliul Jude\u021bean se oblig\u0103 s\u0103 le modernizeze cu bani fie din bugetul propriu fie din surse atrase.<\/p>\n<blockquote class=\"wp-block-quote\">\n<p> \u201eJude\u021bul Buz\u0103u, prin Consiliul Jude\u021bean Buz\u0103u, se oblig\u0103 s\u0103 \u00eentre\u021bin\u0103 \u0219i s\u0103 modernizeze imobilele \u00een termen de 5 ani de la data prelu\u0103rii \u0219i s\u0103 le men\u021bin\u0103 la standardele de calitate privind desf\u0103\u0219urarea activit\u0103\u021bilor specifice, finan\u021barea lucr\u0103rilor necesare urm\u00e2nd a fi asigurat\u0103 din bugetul propriu al jude\u021bului \u0219i, dup\u0103 caz, din fonduri na\u021bionale\/externe nerambursabile\u201d, se men\u021bioneaz\u0103 \u00een proiectul de hot\u0103r\u00e2re.<\/p>\n<\/blockquote>\n<p>Cele dou\u0103 obiective fac parte din patrimonial jude\u021bului, iar, \u00een contextul \u00een care o tabar\u0103 privat\u0103 a ajuns s\u0103 coste \u0219i 2000 de lei, pentru cinci nop\u021bi de cazare, redeschiderea taberelor Arb\u0103na\u0219i \u0219i Poiana Pinului ar aduce o bucurie pentru mii de copii, inclusiv din Buz\u0103u, care nu-\u0219i permit aceste costuri \u0219i nu au avut parte niciodatat\u0103 o astfel de experien\u021b\u0103.<\/p>\n<h2>2018, ultimul an \u00een care a func\u021bionat Arb\u0103na\u0219i<\/h2>\n<p>\u00cen trecut, cele dou\u0103 tabere erau pline \u00een fiecare var\u0103 de copii din toat\u0103<br \/>\n\u021bara. At\u00e2t la Poiana Pinului c\u00e2t Arb\u0103na\u0219i ajungeau sute de copii,pe serie, iar<br \/>\nelevii se bucurau de excursii, activit\u0103\u021bi \u00een aer liber \u0219i primele prietenii<br \/>\nlegate departe de cas\u0103. Lipsa investi\u021biilor a schimbat \u00eens\u0103 complet imaginea:<br \/>\ncl\u0103dirile s-au degradat, iar \u00een cele din urm\u0103 activitatea a fost oprit\u0103. <\/p>\n<p>La Poiana Pinului, situat\u0103 la aproximativ 30 de kilometri de municipiul Buz\u0103u, \u00een apropierea M\u0103n\u0103stirii Ciolanu \u0219i a Taberei de sculptur\u0103 M\u0103gura, activitatea a fost suspendat\u0103 \u00een 2020. \u00cen perioada pandemiei, spa\u021biul a fost folosit temporar pentru cazarea persoanelor suspecte de COVID-19, iar ulterior a r\u0103mas \u00eenchis. <a href=\"https:\/\/sansanews.ro\/video-la-revedere-tabara-draga-poiana-pinului-si-arbanasi-raman-inchise\/\">AICI, <\/a>imagini filmate de echipa Focus TV, \u00een 2022.<\/p>\n<iframe loading=\"lazy\" width=\"714\" height=\"535\" src=\"https:\/\/www.youtube.com\/embed\/5TOgTKwwJCA\" title=\"ilustratie tabara poiana pinului\" frameborder allow=\"accelerometer; autoplay; clipboard-write; encrypted-media; gyroscope; picture-in-picture; web-share\" referrerpolicy=\"strict-origin-when-cross-origin\" allowfullscreen><\/iframe>\n<p>Un singur episod a mai adus via\u021b\u0103 \u00een tab\u0103r\u0103 de la Poiana Pinului, fiind \u0219i singura \u00eencercare de redeschidere. Se \u00eent\u00e2mpla \u00een 2024. Atunci aproximativ 200 de copii au ajuns aici, \u00een cadrul Programului de Tabere organizat de Departamentul pentru Rom\u00e2nii de Pretutindeni, \u00een colaborare cu Ministerul Familiei, Tineretului \u0219i Egalit\u0103\u021bii de \u0218anse. A fost \u00eens\u0103 o redeschidere temporar\u0103. Cheltuielile ridicate pentru \u00eentre\u021binere \u0219i modernizare au f\u0103cut ca, \u00een 2025, tab\u0103ra s\u0103 r\u0103m\u00e2n\u0103 din nou \u00eenchis\u0103, de\u0219i solicit\u0103ri au existat.<\/p>\n<p>\u00cen prezent, Poiana Pinului are 240 de locuri func\u021bionale,<br \/>\ncu posibilitatea extinderii p\u00e2n\u0103 la 300.<\/p>\n<p>La Arb\u0103na\u0219i, situa\u021bia este cel pu\u021bin la fel de dificil\u0103. Ultima tab\u0103r\u0103 a fost organizat\u0103 \u00een 2018, iar de atunci baza nu a mai fost folosit\u0103. Iat\u0103 imagini filmate de echipa Focus Tv, \u00een 2022, la Arb\u0103na\u0219i. M\u0103rturii ale celor care \u00eenc\u0103 \u00eengrijeau tabara <a href=\"https:\/\/sansanews.ro\/video-la-revedere-tabara-draga-poiana-pinului-si-arbanasi-raman-inchise\/\">AICI<\/a>.<\/p>\n<iframe loading=\"lazy\" width=\"714\" height=\"535\" src=\"https:\/\/www.youtube.com\/embed\/0ua3VvGGbBs\" title=\"ilustratie tabara arbanasi\" frameborder allow=\"accelerometer; autoplay; clipboard-write; encrypted-media; gyroscope; picture-in-picture; web-share\" referrerpolicy=\"strict-origin-when-cross-origin\" allowfullscreen><\/iframe>\n<p>\u00a0\u00cen to\u021bi ace\u0219ti ani s-a tot vorbit<br \/>\ndespre un proiect de reabilitare a taberei de la Arb\u0103na\u0219i, depus la Compania<br \/>\nNa\u021bional\u0103 de Investi\u021bii.<\/p>\n<blockquote class=\"wp-block-quote\">\n<p>\u201eTab\u0103ra de la Arb\u0103na\u0219i este inclus\u0103 pe un proiect pentru modernizare prin Compania Na\u021bional\u0103 de Investi\u021bii, mai r\u0103m\u00e2n cele de la Poiana Pinului \u0219i Fi\u0219ici. Proiectul de la Arb\u0103na\u0219i este depus la CNI, a\u0219tept\u0103m s\u0103 se deschid\u0103 licita\u021bia s\u0103 putem merge mai departe\u201d, declara \u00een 2025 vicepre\u0219edintele CJ Buz\u0103u, Adrian Petre.<\/p>\n<\/blockquote>\n<p>Valoarea estimat\u0103 a investi\u021biei era de 3,2<br \/>\nmilioane de euro, iar planurile pe h\u00e2rtie anun\u021bau o tab\u0103r\u0103 modern\u0103, cu o<br \/>\ncapacitate de 240 de locuri, dubl\u0103 fa\u021b\u0103 de cea existent\u0103 anterior.<\/p>\n<p>R\u0103m\u00e2ne \u00eens\u0103 de v\u0103zut dac\u0103 Consiliul Jude\u021bean<br \/>\nva debloca acest proiect sau va avea alte planuri pentru modernizarea celor<br \/>\ndou\u0103 obiective care ar face verile mai frumoase pentru mii de copii. \u00a0<\/p>\n<div class=\"meta-tags\"><span>Etichete<\/span><a href=\"https:\/\/sansanews.ro\/tag\/poiana-pinului\/\" rel=\"tag\">poiana pinului<\/a><a href=\"https:\/\/sansanews.ro\/tag\/tabara-arbanasi\/\" rel=\"tag\">tabara arbanasi<\/a><a href=\"https:\/\/sansanews.ro\/tag\/tabere-scolare-buzau\/\" rel=\"tag\">tabere scolare buzau<\/a><\/div>\n<div class=\"herald-share-content\">\n<div class=\"meks_ess rectangle no-labels outline\"><a class=\"meks_ess-item socicon-facebook\" data-url=\"http:\/\/www.facebook.com\/sharer\/sharer.php?u=https%3A%2F%2Fsansanews.ro%2Fvideo-de-la-ruina-la-renastere-ce-se-intampla-cu-taberele-scolare-arbanasi-si-poiana-pinului-anuntul-consiliului-judetean%2F&amp;t=%28VIDEO%29%20De%20la%20ruin%C4%83%20la%20rena%C8%99tere%21%20Ce%20se%20%C3%AEnt%C3%A2mpl%C4%83%20cu%20taberele%20%C8%99colare%20Arb%C4%83na%C8%99i%20%C8%99i%20Poiana%20Pinului.%20Anun%C8%9Bul%20Consiliului%20Jude%C8%9Bean\"><span>Facebook<\/span><\/a><a href=\"https:\/\/api.whatsapp.com\/send?text=%28VIDEO%29%20De%20la%20ruin%C4%83%20la%20rena%C8%99tere%21%20Ce%20se%20%C3%AEnt%C3%A2mpl%C4%83%20cu%20taberele%20%C8%99colare%20Arb%C4%83na%C8%99i%20%C8%99i%20Poiana%20Pinului.%20Anun%C8%9Bul%20Consiliului%20Jude%C8%9Bean%20https%3A%2F%2Fsansanews.ro%2Fvideo-de-la-ruina-la-renastere-ce-se-intampla-cu-taberele-scolare-arbanasi-si-poiana-pinului-anuntul-consiliului-judetean%2F\" class=\"meks_ess-item socicon-whatsapp prevent-share-popup\"><span>WhatsApp<\/span><\/a><a class=\"meks_ess-item socicon-twitter\" data-url=\"http:\/\/twitter.com\/intent\/tweet?url=https%3A%2F%2Fsansanews.ro%2Fvideo-de-la-ruina-la-renastere-ce-se-intampla-cu-taberele-scolare-arbanasi-si-poiana-pinului-anuntul-consiliului-judetean%2F&amp;text=%28VIDEO%29%20De%20la%20ruin%C4%83%20la%20rena%C8%99tere%21%20Ce%20se%20%C3%AEnt%C3%A2mpl%C4%83%20cu%20taberele%20%C8%99colare%20Arb%C4%83na%C8%99i%20%C8%99i%20Poiana%20Pinului.%20Anun%C8%9Bul%20Consiliului%20Jude%C8%9Bean\"><span>Twitter<\/span><\/a><a class=\"meks_ess-item socicon-pinterest\" data-url=\"http:\/\/pinterest.com\/pin\/create\/button\/?url=https%3A%2F%2Fsansanews.ro%2Fvideo-de-la-ruina-la-renastere-ce-se-intampla-cu-taberele-scolare-arbanasi-si-poiana-pinului-anuntul-consiliului-judetean%2F&amp;media=https%3A%2F%2Fsansanews.ro%2Fwp-content%2Fuploads%2F2022%2F07%2FWhatsApp-Image-2022-07-06-at-08.33.48.jpeg&amp;description=%28VIDEO%29%20De%20la%20ruin%C4%83%20la%20rena%C8%99tere%21%20Ce%20se%20%C3%AEnt%C3%A2mpl%C4%83%20cu%20taberele%20%C8%99colare%20Arb%C4%83na%C8%99i%20%C8%99i%20Poiana%20Pinului.%20Anun%C8%9Bul%20Consiliului%20Jude%C8%9Bean\"><span>Pinterest<\/span><\/a><\/div>\n<\/div>\n<\/div>\n<div class=\"entry-content herald-entry-content\">\n<p>Taberele \u0219colare din jude\u021bul Buz\u0103u vor fi readuse la via\u021b\u0103. Dup\u0103 ani de zile \u00een care cl\u0103dirile s-au degradat, iar por\u021bile au r\u0103mas \u00eenchise, autorit\u0103\u021bile jude\u021bene vor s\u0103 reintroduc\u0103 aceste obiective \u00een circuit. Un prim pas concret va fi f\u0103cut chiar s\u0103pt\u0103m\u00e2na viitoare, c\u00e2nd Consiliul Jude\u021bean Buz\u0103u va supune aprob\u0103rii un proiect de hot\u0103r\u00e2re pentru preluarea celor dou\u0103 tabere \u0219colare,  Arb\u0103na\u0219i \u0219i Poiana Pinului. <\/p>\n<p>Cele dou\u0103 obiective vor trece din domeniul public al statului \u0219i din<br \/>\nadministrarea Agen\u021biei Na\u021bionale pentru Sport \u00een domeniul public al jude\u021bului<br \/>\nBuz\u0103u \u0219i \u00een administrarea Consiliului Jude\u021bean. Miza nu este doar una<br \/>\nadministrativ\u0103, ci \u021bine de repunerea \u00een valoare a unor spa\u021bii care, ani la<br \/>\nr\u00e2nd, au \u00eensemnat vacan\u021be pentru genera\u021bii \u00eentregi de copii.<\/p>\n<p>Potrivit proiectului, scopul transmiterii acestor imobile \u00eel reprezint\u0103<br \/>\n\u201edezvoltarea activit\u0103\u021bilor de tineret \u0219i sport \u00een jude\u021bul Buz\u0103u, \u00een condi\u021biile<br \/>\nlegii\u201d, iar autorit\u0103\u021bile se oblig\u0103 s\u0103 p\u0103streze destina\u021bia acestora de tabere<br \/>\n\u0219colare.<\/p>\n<p>Mai mult, prin acela\u0219i proiect, Consiliul Jude\u021bean se oblig\u0103 s\u0103 le modernizeze cu bani fie din bugetul propriu fie din surse atrase.<\/p>\n<blockquote class=\"wp-block-quote\">\n<p> \u201eJude\u021bul Buz\u0103u, prin Consiliul Jude\u021bean Buz\u0103u, se oblig\u0103 s\u0103 \u00eentre\u021bin\u0103 \u0219i s\u0103 modernizeze imobilele \u00een termen de 5 ani de la data prelu\u0103rii \u0219i s\u0103 le men\u021bin\u0103 la standardele de calitate privind desf\u0103\u0219urarea activit\u0103\u021bilor specifice, finan\u021barea lucr\u0103rilor necesare urm\u00e2nd a fi asigurat\u0103 din bugetul propriu al jude\u021bului \u0219i, dup\u0103 caz, din fonduri na\u021bionale\/externe nerambursabile\u201d, se men\u021bioneaz\u0103 \u00een proiectul de hot\u0103r\u00e2re.<\/p>\n<\/blockquote>\n<p>Cele dou\u0103 obiective fac parte din patrimonial jude\u021bului, iar, \u00een contextul \u00een care o tabar\u0103 privat\u0103 a ajuns s\u0103 coste \u0219i 2000 de lei, pentru cinci nop\u021bi de cazare, redeschiderea taberelor Arb\u0103na\u0219i \u0219i Poiana Pinului ar aduce o bucurie pentru mii de copii, inclusiv din Buz\u0103u, care nu-\u0219i permit aceste costuri \u0219i nu au avut parte niciodatat\u0103 o astfel de experien\u021b\u0103.<\/p>\n<h2>2018, ultimul an \u00een care a func\u021bionat Arb\u0103na\u0219i<\/h2>\n<p>\u00cen trecut, cele dou\u0103 tabere erau pline \u00een fiecare var\u0103 de copii din toat\u0103<br \/>\n\u021bara. At\u00e2t la Poiana Pinului c\u00e2t Arb\u0103na\u0219i ajungeau sute de copii,pe serie, iar<br \/>\nelevii se bucurau de excursii, activit\u0103\u021bi \u00een aer liber \u0219i primele prietenii<br \/>\nlegate departe de cas\u0103. Lipsa investi\u021biilor a schimbat \u00eens\u0103 complet imaginea:<br \/>\ncl\u0103dirile s-au degradat, iar \u00een cele din urm\u0103 activitatea a fost oprit\u0103. <\/p>\n<p>La Poiana Pinului, situat\u0103 la aproximativ 30 de kilometri de municipiul Buz\u0103u, \u00een apropierea M\u0103n\u0103stirii Ciolanu \u0219i a Taberei de sculptur\u0103 M\u0103gura, activitatea a fost suspendat\u0103 \u00een 2020. \u00cen perioada pandemiei, spa\u021biul a fost folosit temporar pentru cazarea persoanelor suspecte de COVID-19, iar ulterior a r\u0103mas \u00eenchis. <a href=\"https:\/\/sansanews.ro\/video-la-revedere-tabara-draga-poiana-pinului-si-arbanasi-raman-inchise\/\">AICI, <\/a>imagini filmate de echipa Focus TV, \u00een 2022.<\/p>\n<iframe loading=\"lazy\" width=\"714\" height=\"535\" src=\"https:\/\/www.youtube.com\/embed\/5TOgTKwwJCA\" title=\"ilustratie tabara poiana pinului\" frameborder allow=\"accelerometer; autoplay; clipboard-write; encrypted-media; gyroscope; picture-in-picture; web-share\" referrerpolicy=\"strict-origin-when-cross-origin\" allowfullscreen><\/iframe>\n<p>Un singur episod a mai adus via\u021b\u0103 \u00een tab\u0103r\u0103 de la Poiana Pinului, fiind \u0219i singura \u00eencercare de redeschidere. Se \u00eent\u00e2mpla \u00een 2024. Atunci aproximativ 200 de copii au ajuns aici, \u00een cadrul Programului de Tabere organizat de Departamentul pentru Rom\u00e2nii de Pretutindeni, \u00een colaborare cu Ministerul Familiei, Tineretului \u0219i Egalit\u0103\u021bii de \u0218anse. A fost \u00eens\u0103 o redeschidere temporar\u0103. Cheltuielile ridicate pentru \u00eentre\u021binere \u0219i modernizare au f\u0103cut ca, \u00een 2025, tab\u0103ra s\u0103 r\u0103m\u00e2n\u0103 din nou \u00eenchis\u0103, de\u0219i solicit\u0103ri au existat.<\/p>\n<p>\u00cen prezent, Poiana Pinului are 240 de locuri func\u021bionale,<br \/>\ncu posibilitatea extinderii p\u00e2n\u0103 la 300.<\/p>\n<p>La Arb\u0103na\u0219i, situa\u021bia este cel pu\u021bin la fel de dificil\u0103. Ultima tab\u0103r\u0103 a fost organizat\u0103 \u00een 2018, iar de atunci baza nu a mai fost folosit\u0103. Iat\u0103 imagini filmate de echipa Focus Tv, \u00een 2022, la Arb\u0103na\u0219i. M\u0103rturii ale celor care \u00eenc\u0103 \u00eengrijeau tabara <a href=\"https:\/\/sansanews.ro\/video-la-revedere-tabara-draga-poiana-pinului-si-arbanasi-raman-inchise\/\">AICI<\/a>.<\/p>\n<iframe loading=\"lazy\" width=\"714\" height=\"535\" src=\"https:\/\/www.youtube.com\/embed\/0ua3VvGGbBs\" title=\"ilustratie tabara arbanasi\" frameborder allow=\"accelerometer; autoplay; clipboard-write; encrypted-media; gyroscope; picture-in-picture; web-share\" referrerpolicy=\"strict-origin-when-cross-origin\" allowfullscreen><\/iframe>\n<p>\u00a0\u00cen to\u021bi ace\u0219ti ani s-a tot vorbit<br \/>\ndespre un proiect de reabilitare a taberei de la Arb\u0103na\u0219i, depus la Compania<br \/>\nNa\u021bional\u0103 de Investi\u021bii.<\/p>\n<blockquote class=\"wp-block-quote\">\n<p>\u201eTab\u0103ra de la Arb\u0103na\u0219i este inclus\u0103 pe un proiect pentru modernizare prin Compania Na\u021bional\u0103 de Investi\u021bii, mai r\u0103m\u00e2n cele de la Poiana Pinului \u0219i Fi\u0219ici. Proiectul de la Arb\u0103na\u0219i este depus la CNI, a\u0219tept\u0103m s\u0103 se deschid\u0103 licita\u021bia s\u0103 putem merge mai departe\u201d, declara \u00een 2025 vicepre\u0219edintele CJ Buz\u0103u, Adrian Petre.<\/p>\n<\/blockquote>\n<p>Valoarea estimat\u0103 a investi\u021biei era de 3,2<br \/>\nmilioane de euro, iar planurile pe h\u00e2rtie anun\u021bau o tab\u0103r\u0103 modern\u0103, cu o<br \/>\ncapacitate de 240 de locuri, dubl\u0103 fa\u021b\u0103 de cea existent\u0103 anterior.<\/p>\n<p>R\u0103m\u00e2ne \u00eens\u0103 de v\u0103zut dac\u0103 Consiliul Jude\u021bean<br \/>\nva debloca acest proiect sau va avea alte planuri pentru modernizarea celor<br \/>\ndou\u0103 obiective care ar face verile mai frumoase pentru mii de copii. \u00a0<\/p>\n<div class=\"meta-tags\"><span>Etichete<\/span><a href=\"https:\/\/sansanews.ro\/tag\/poiana-pinului\/\" rel=\"tag\">poiana pinului<\/a><a href=\"https:\/\/sansanews.ro\/tag\/tabara-arbanasi\/\" rel=\"tag\">tabara arbanasi<\/a><a href=\"https:\/\/sansanews.ro\/tag\/tabere-scolare-buzau\/\" rel=\"tag\">tabere scolare buzau<\/a><\/div>\n<div class=\"herald-share-content\">\n<div class=\"meks_ess rectangle no-labels outline\"><a class=\"meks_ess-item socicon-facebook\" data-url=\"http:\/\/www.facebook.com\/sharer\/sharer.php?u=https%3A%2F%2Fsansanews.ro%2Fvideo-de-la-ruina-la-renastere-ce-se-intampla-cu-taberele-scolare-arbanasi-si-poiana-pinului-anuntul-consiliului-judetean%2F&amp;t=%28VIDEO%29%20De%20la%20ruin%C4%83%20la%20rena%C8%99tere%21%20Ce%20se%20%C3%AEnt%C3%A2mpl%C4%83%20cu%20taberele%20%C8%99colare%20Arb%C4%83na%C8%99i%20%C8%99i%20Poiana%20Pinului.%20Anun%C8%9Bul%20Consiliului%20Jude%C8%9Bean\"><span>Facebook<\/span><\/a><a href=\"https:\/\/api.whatsapp.com\/send?text=%28VIDEO%29%20De%20la%20ruin%C4%83%20la%20rena%C8%99tere%21%20Ce%20se%20%C3%AEnt%C3%A2mpl%C4%83%20cu%20taberele%20%C8%99colare%20Arb%C4%83na%C8%99i%20%C8%99i%20Poiana%20Pinului.%20Anun%C8%9Bul%20Consiliului%20Jude%C8%9Bean%20https%3A%2F%2Fsansanews.ro%2Fvideo-de-la-ruina-la-renastere-ce-se-intampla-cu-taberele-scolare-arbanasi-si-poiana-pinului-anuntul-consiliului-judetean%2F\" class=\"meks_ess-item socicon-whatsapp prevent-share-popup\"><span>WhatsApp<\/span><\/a><a class=\"meks_ess-item socicon-twitter\" data-url=\"http:\/\/twitter.com\/intent\/tweet?url=https%3A%2F%2Fsansanews.ro%2Fvideo-de-la-ruina-la-renastere-ce-se-intampla-cu-taberele-scolare-arbanasi-si-poiana-pinului-anuntul-consiliului-judetean%2F&amp;text=%28VIDEO%29%20De%20la%20ruin%C4%83%20la%20rena%C8%99tere%21%20Ce%20se%20%C3%AEnt%C3%A2mpl%C4%83%20cu%20taberele%20%C8%99colare%20Arb%C4%83na%C8%99i%20%C8%99i%20Poiana%20Pinului.%20Anun%C8%9Bul%20Consiliului%20Jude%C8%9Bean\"><span>Twitter<\/span><\/a><a class=\"meks_ess-item socicon-pinterest\" data-url=\"http:\/\/pinterest.com\/pin\/create\/button\/?url=https%3A%2F%2Fsansanews.ro%2Fvideo-de-la-ruina-la-renastere-ce-se-intampla-cu-taberele-scolare-arbanasi-si-poiana-pinului-anuntul-consiliului-judetean%2F&amp;media=https%3A%2F%2Fsansanews.ro%2Fwp-content%2Fuploads%2F2022%2F07%2FWhatsApp-Image-2022-07-06-at-08.33.48.jpeg&amp;description=%28VIDEO%29%20De%20la%20ruin%C4%83%20la%20rena%C8%99tere%21%20Ce%20se%20%C3%AEnt%C3%A2mpl%C4%83%20cu%20taberele%20%C8%99colare%20Arb%C4%83na%C8%99i%20%C8%99i%20Poiana%20Pinului.%20Anun%C8%9Bul%20Consiliului%20Jude%C8%9Bean\"><span>Pinterest<\/span><\/a><\/div>\n<\/div>\n<\/div>\n<p>[analyse_source url=&#8221;https:\/\/sansanews.ro\/video-de-la-ruina-la-renastere-ce-se-intampla-cu-taberele-scolare-arbanasi-si-poiana-pinului-anuntul-consiliului-judetean\/&#8221;]<\/p>\n","protected":false},"excerpt":{"rendered":"<p>[analyse_image type=&#8221;featured&#8221; src=&#8221;https:\/\/sansanews.ro\/wp-content\/uploads\/2022\/07\/WhatsApp-Image-2022-07-06-at-08.33.48.jpeghttps:\/\/sansanews.ro\/wp-content\/uploads\/2022\/07\/WhatsApp-Image-2022-07-06-at-08.33.48.jpeg&#8221;] Taberele \u0219colare din jude\u021bul Buz\u0103u vor fi readuse la via\u021b\u0103. Dup\u0103 ani de zile \u00een care cl\u0103dirile s-au degradat, iar por\u021bile au r\u0103mas \u00eenchise, autorit\u0103\u021bile jude\u021bene vor s\u0103 reintroduc\u0103 aceste obiective \u00een circuit. Un prim pas concret va fi f\u0103cut chiar s\u0103pt\u0103m\u00e2na viitoare, c\u00e2nd Consiliul Jude\u021bean Buz\u0103u va supune aprob\u0103rii un proiect [&hellip;]<\/p>\n","protected":false},"author":1,"featured_media":0,"comment_status":"open","ping_status":"","sticky":false,"template":"","format":"standard","meta":{"footnotes":""},"categories":[2],"tags":[226,51],"class_list":["post-1853885","post","type-post","status-publish","format-standard","hentry","category-politics","tag-crawlmanager","tag-sansanews-ro"],"_links":{"self":[{"href":"https:\/\/analyse.optim.biz\/index.php?rest_route=\/wp\/v2\/posts\/1853885","targetHints":{"allow":["GET"]}}],"collection":[{"href":"https:\/\/analyse.optim.biz\/index.php?rest_route=\/wp\/v2\/posts"}],"about":[{"href":"https:\/\/analyse.optim.biz\/index.php?rest_route=\/wp\/v2\/types\/post"}],"author":[{"embeddable":true,"href":"https:\/\/analyse.optim.biz\/index.php?rest_route=\/wp\/v2\/users\/1"}],"replies":[{"embeddable":true,"href":"https:\/\/analyse.optim.biz\/index.php?rest_route=%2Fwp%2Fv2%2Fcomments&post=1853885"}],"version-history":[{"count":0,"href":"https:\/\/analyse.optim.biz\/index.php?rest_route=\/wp\/v2\/posts\/1853885\/revisions"}],"wp:attachment":[{"href":"https:\/\/analyse.optim.biz\/index.php?rest_route=%2Fwp%2Fv2%2Fmedia&parent=1853885"}],"wp:term":[{"taxonomy":"category","embeddable":true,"href":"https:\/\/analyse.optim.biz\/index.php?rest_route=%2Fwp%2Fv2%2Fcategories&post=1853885"},{"taxonomy":"post_tag","embeddable":true,"href":"https:\/\/analyse.optim.biz\/index.php?rest_route=%2Fwp%2Fv2%2Ftags&post=1853885"}],"curies":[{"name":"wp","href":"https:\/\/api.w.org\/{rel}","templated":true}]}}