{"id":1853741,"date":"2026-03-29T06:00:13","date_gmt":"2026-03-29T03:00:13","guid":{"rendered":"https:\/\/analyse.optim.biz\/?p=1853741"},"modified":"2026-03-29T06:00:13","modified_gmt":"2026-03-29T03:00:13","slug":"p-revolutia-digitala-ne-poate-lenevi-creierul-europarlamentarul-andi-cristea-a-explicat-la-bruxelles-cum-ne-vor-schimba-viata-ochelarii-inteligenti-cu-ai","status":"publish","type":"post","link":"https:\/\/analyse.optim.biz\/?p=1853741","title":{"rendered":"(P) Revolu\u021bia digital\u0103 ne poate \u201elenevi\u201d creierul. Europarlamentarul Andi Cristea a explicat, la Bruxelles, cum ne vor schimba via\u021ba ochelarii inteligen\u021bi cu AI"},"content":{"rendered":"<p>[analyse_image type=&#8221;featured&#8221; src=&#8221;https:\/\/sansanews.ro\/wp-content\/uploads\/2026\/03\/658408955_1347660367386519_8422648050297070974_n.jpghttps:\/\/sansanews.ro\/wp-content\/uploads\/2026\/03\/658408955_1347660367386519_8422648050297070974_n.jpg&#8221;]<\/p>\n<div class=\"entry-content herald-entry-content\">\n<p>Europarlamentarul social-democrat Andi Cristea a participat recent, la Parlamentul European, la un eveniment de referin\u021b\u0103 dedicat s\u0103n\u0103t\u0103\u021bii mintale \u0219i impactului tehnologiilor digitale asupra tinerilor. Sub genericul nevoii de preven\u021bie, Cristea a explicat cum noile interfe\u021be, precum ochelarii inteligen\u021bi, risc\u0103 s\u0103 transforme radical modul \u00een care interac\u021bion\u0103m \u0219i g\u00e2ndim.<\/p>\n<p>Reuniunea a adus la aceea\u0219i mas\u0103 exper\u021bi \u0219i lideri politici<br \/>\npentru a analiza provoc\u0103rile unui mediu digital tot mai agresiv \u0219i prezent \u00een<br \/>\nfiecare clip\u0103 a vie\u021bii noastre. \u00cen acest context, Andi Cristea a<br \/>\nsubliniat c\u0103 tehnologia nu mai este un element exterior, ci devine o extensie a<br \/>\nsim\u021burilor noastre, fapt ce necesit\u0103 o aten\u021bie sporit\u0103 din partea factorilor<br \/>\npolitici.<\/p>\n<p>Potrivit europarlamentarului, epoca \u00een care smartphone-ul<br \/>\nera centrul universului nostru digital apune, f\u0103c\u00e2nd loc dispozitivelor purtabile care elimin\u0103<br \/>\nbariera fizic\u0103 dintre utilizator \u0219i informa\u021bie.<\/p>\n<blockquote class=\"wp-block-quote\">\n<p>\u201eNu mai vorbim despre prototipuri sau concepte. Ochelarii inteligen\u021bi exist\u0103 deja \u0219i sunt, din punct de vedere vizual, aproape identici cu ochelarii clasici. Diferen\u021ba major\u0103 este c\u0103 pe lentile apare, \u00een timp real, informa\u021bie generat\u0103 de inteligen\u021ba artificial\u0103, direct \u00een c\u00e2mpul vizual al utilizatorului\u201d, a explicat Andi Cristea.<\/p>\n<\/blockquote>\n<p>Acesta a punctat c\u0103 rolul<br \/>\ntelefonului se schimb\u0103 fundamental, devenind o simpl\u0103 unitate de procesare<br \/>\nascuns\u0103 \u00een buzunar, \u00een timp ce interfa\u021ba efectiv\u0103 se mut\u0103 \u201e\u00een fa\u021ba ochilor\u201d.<\/p>\n<p>De\u0219i progresul tehnologic ofer\u0103<br \/>\noportunit\u0103\u021bi imense, Andi Cristea avertizeaz\u0103 asupra pericolului de a pierde<br \/>\nexerci\u021biul cognitiv de baz\u0103. Integrarea direct\u0103 \u00eentre percep\u021bia uman\u0103 \u0219i<br \/>\nprocesarea digital\u0103 poate duce la o \u201elenevire\u201d a proceselor de analiz\u0103 \u0219i<br \/>\nsintez\u0103.<\/p>\n<blockquote class=\"wp-block-quote\">\n<p>\u201e\u00cen momentul \u00een care ai permanent \u00een fa\u021ba ochilor r\u0103spunsuri generate de AI, tenta\u021bia de a delega g\u00e2ndirea devine foarte mare. Dac\u0103 nu mai exers\u0103m procesele cognitive, analiz\u0103, sintez\u0103, formulare, exist\u0103 riscul real de diminuare a acestor capacit\u0103\u021bi. Ne apropiem de o form\u0103 de comunicare asistat\u0103 \u00een timp real, \u00een care po\u021bi purta o conversa\u021bie fluent\u0103 citind de pe un prompter invizibil. \u00centrebarea este c\u00e2t din acea conversa\u021bie mai este autentic\u0103 \u0219i c\u00e2t este mediat\u0103 algoritmic.\u201d<\/p>\n<\/blockquote>\n<p>Dincolo de gadgeturi, discu\u021bia de la<br \/>\nBruxelles a vizat siguran\u021ba emo\u021bional\u0103 a genera\u021biilor tinere, expuse tot mai<br \/>\nmult la instrumente automate \u0219i chatbot-uri de tip companion AI, care nu pot<br \/>\nsubstitui interac\u021biunea uman\u0103 sau expertiza clinic\u0103.<\/p>\n<blockquote class=\"wp-block-quote\">\n<p>\u201eS\u0103n\u0103tatea mintal\u0103 trebuie tratat\u0103 ca o prioritate strategic\u0103 la nivel european. Avem nevoie de cooperare \u00eentre institu\u021bii, exper\u021bi \u0219i statele membre pentru a construi politici care protejeaz\u0103 cu adev\u0103rat genera\u021biile tinere. Tehnologia trebuie s\u0103 r\u0103m\u00e2n\u0103 un sprijin, nu un \u00eenlocuitor al rela\u021biilor umane\u201d, a conchis Andi Cristea.<\/p>\n<\/blockquote>\n<div class=\"meta-tags\"><span>Etichete<\/span><a href=\"https:\/\/sansanews.ro\/tag\/ai\/\" rel=\"tag\">AI<\/a><a href=\"https:\/\/sansanews.ro\/tag\/andi-cristea-europarlamentar\/\" rel=\"tag\">Andi Cristea europarlamentar<\/a><a href=\"https:\/\/sansanews.ro\/tag\/ochelari-inteligenti\/\" rel=\"tag\">ochelari inteligenti<\/a><a href=\"https:\/\/sansanews.ro\/tag\/parlamentul-european\/\" rel=\"tag\">Parlamentul European<\/a><\/div>\n<div class=\"herald-share-content\">\n<div class=\"meks_ess rectangle no-labels outline\"><a class=\"meks_ess-item socicon-facebook\" data-url=\"http:\/\/www.facebook.com\/sharer\/sharer.php?u=https%3A%2F%2Fsansanews.ro%2Fp-revolutia-digitala-ne-poate-lenevi-creierul-europarlamentarul-andi-cristea-a-explicat-la-bruxelles-cum-ne-vor-schimba-viata-ochelarii-inteligenti-cu-ai%2F&amp;t=%28P%29%20Revolu%C8%9Bia%20digital%C4%83%20ne%20poate%20%E2%80%9Elenevi%E2%80%9D%20creierul.%20Europarlamentarul%20Andi%20Cristea%20a%20explicat%2C%20la%20Bruxelles%2C%20cum%20ne%20vor%20schimba%20via%C8%9Ba%20ochelarii%20inteligen%C8%9Bi%20cu%20AI\"><span>Facebook<\/span><\/a><a href=\"https:\/\/api.whatsapp.com\/send?text=%28P%29%20Revolu%C8%9Bia%20digital%C4%83%20ne%20poate%20%E2%80%9Elenevi%E2%80%9D%20creierul.%20Europarlamentarul%20Andi%20Cristea%20a%20explicat%2C%20la%20Bruxelles%2C%20cum%20ne%20vor%20schimba%20via%C8%9Ba%20ochelarii%20inteligen%C8%9Bi%20cu%20AI%20https%3A%2F%2Fsansanews.ro%2Fp-revolutia-digitala-ne-poate-lenevi-creierul-europarlamentarul-andi-cristea-a-explicat-la-bruxelles-cum-ne-vor-schimba-viata-ochelarii-inteligenti-cu-ai%2F\" class=\"meks_ess-item socicon-whatsapp prevent-share-popup\"><span>WhatsApp<\/span><\/a><a class=\"meks_ess-item socicon-twitter\" data-url=\"http:\/\/twitter.com\/intent\/tweet?url=https%3A%2F%2Fsansanews.ro%2Fp-revolutia-digitala-ne-poate-lenevi-creierul-europarlamentarul-andi-cristea-a-explicat-la-bruxelles-cum-ne-vor-schimba-viata-ochelarii-inteligenti-cu-ai%2F&amp;text=%28P%29%20Revolu%C8%9Bia%20digital%C4%83%20ne%20poate%20%E2%80%9Elenevi%E2%80%9D%20creierul.%20Europarlamentarul%20Andi%20Cristea%20a%20explicat%2C%20la%20Bruxelles%2C%20cum%20ne%20vor%20schimba%20via%C8%9Ba%20ochelarii%20inteligen%C8%9Bi%20cu%20AI\"><span>Twitter<\/span><\/a><a class=\"meks_ess-item socicon-pinterest\" data-url=\"http:\/\/pinterest.com\/pin\/create\/button\/?url=https%3A%2F%2Fsansanews.ro%2Fp-revolutia-digitala-ne-poate-lenevi-creierul-europarlamentarul-andi-cristea-a-explicat-la-bruxelles-cum-ne-vor-schimba-viata-ochelarii-inteligenti-cu-ai%2F&amp;media=https%3A%2F%2Fsansanews.ro%2Fwp-content%2Fuploads%2F2026%2F03%2F658408955_1347660367386519_8422648050297070974_n.jpg&amp;description=%28P%29%20Revolu%C8%9Bia%20digital%C4%83%20ne%20poate%20%E2%80%9Elenevi%E2%80%9D%20creierul.%20Europarlamentarul%20Andi%20Cristea%20a%20explicat%2C%20la%20Bruxelles%2C%20cum%20ne%20vor%20schimba%20via%C8%9Ba%20ochelarii%20inteligen%C8%9Bi%20cu%20AI\"><span>Pinterest<\/span><\/a><\/div>\n<\/div>\n<\/div>\n<div class=\"entry-content herald-entry-content\">\n<p>Europarlamentarul social-democrat Andi Cristea a participat recent, la Parlamentul European, la un eveniment de referin\u021b\u0103 dedicat s\u0103n\u0103t\u0103\u021bii mintale \u0219i impactului tehnologiilor digitale asupra tinerilor. Sub genericul nevoii de preven\u021bie, Cristea a explicat cum noile interfe\u021be, precum ochelarii inteligen\u021bi, risc\u0103 s\u0103 transforme radical modul \u00een care interac\u021bion\u0103m \u0219i g\u00e2ndim.<\/p>\n<p>Reuniunea a adus la aceea\u0219i mas\u0103 exper\u021bi \u0219i lideri politici<br \/>\npentru a analiza provoc\u0103rile unui mediu digital tot mai agresiv \u0219i prezent \u00een<br \/>\nfiecare clip\u0103 a vie\u021bii noastre. \u00cen acest context, Andi Cristea a<br \/>\nsubliniat c\u0103 tehnologia nu mai este un element exterior, ci devine o extensie a<br \/>\nsim\u021burilor noastre, fapt ce necesit\u0103 o aten\u021bie sporit\u0103 din partea factorilor<br \/>\npolitici.<\/p>\n<p>Potrivit europarlamentarului, epoca \u00een care smartphone-ul<br \/>\nera centrul universului nostru digital apune, f\u0103c\u00e2nd loc dispozitivelor purtabile care elimin\u0103<br \/>\nbariera fizic\u0103 dintre utilizator \u0219i informa\u021bie.<\/p>\n<blockquote class=\"wp-block-quote\">\n<p>\u201eNu mai vorbim despre prototipuri sau concepte. Ochelarii inteligen\u021bi exist\u0103 deja \u0219i sunt, din punct de vedere vizual, aproape identici cu ochelarii clasici. Diferen\u021ba major\u0103 este c\u0103 pe lentile apare, \u00een timp real, informa\u021bie generat\u0103 de inteligen\u021ba artificial\u0103, direct \u00een c\u00e2mpul vizual al utilizatorului\u201d, a explicat Andi Cristea.<\/p>\n<\/blockquote>\n<p>Acesta a punctat c\u0103 rolul<br \/>\ntelefonului se schimb\u0103 fundamental, devenind o simpl\u0103 unitate de procesare<br \/>\nascuns\u0103 \u00een buzunar, \u00een timp ce interfa\u021ba efectiv\u0103 se mut\u0103 \u201e\u00een fa\u021ba ochilor\u201d.<\/p>\n<p>De\u0219i progresul tehnologic ofer\u0103<br \/>\noportunit\u0103\u021bi imense, Andi Cristea avertizeaz\u0103 asupra pericolului de a pierde<br \/>\nexerci\u021biul cognitiv de baz\u0103. Integrarea direct\u0103 \u00eentre percep\u021bia uman\u0103 \u0219i<br \/>\nprocesarea digital\u0103 poate duce la o \u201elenevire\u201d a proceselor de analiz\u0103 \u0219i<br \/>\nsintez\u0103.<\/p>\n<blockquote class=\"wp-block-quote\">\n<p>\u201e\u00cen momentul \u00een care ai permanent \u00een fa\u021ba ochilor r\u0103spunsuri generate de AI, tenta\u021bia de a delega g\u00e2ndirea devine foarte mare. Dac\u0103 nu mai exers\u0103m procesele cognitive, analiz\u0103, sintez\u0103, formulare, exist\u0103 riscul real de diminuare a acestor capacit\u0103\u021bi. Ne apropiem de o form\u0103 de comunicare asistat\u0103 \u00een timp real, \u00een care po\u021bi purta o conversa\u021bie fluent\u0103 citind de pe un prompter invizibil. \u00centrebarea este c\u00e2t din acea conversa\u021bie mai este autentic\u0103 \u0219i c\u00e2t este mediat\u0103 algoritmic.\u201d<\/p>\n<\/blockquote>\n<p>Dincolo de gadgeturi, discu\u021bia de la<br \/>\nBruxelles a vizat siguran\u021ba emo\u021bional\u0103 a genera\u021biilor tinere, expuse tot mai<br \/>\nmult la instrumente automate \u0219i chatbot-uri de tip companion AI, care nu pot<br \/>\nsubstitui interac\u021biunea uman\u0103 sau expertiza clinic\u0103.<\/p>\n<blockquote class=\"wp-block-quote\">\n<p>\u201eS\u0103n\u0103tatea mintal\u0103 trebuie tratat\u0103 ca o prioritate strategic\u0103 la nivel european. Avem nevoie de cooperare \u00eentre institu\u021bii, exper\u021bi \u0219i statele membre pentru a construi politici care protejeaz\u0103 cu adev\u0103rat genera\u021biile tinere. Tehnologia trebuie s\u0103 r\u0103m\u00e2n\u0103 un sprijin, nu un \u00eenlocuitor al rela\u021biilor umane\u201d, a conchis Andi Cristea.<\/p>\n<\/blockquote>\n<div class=\"meta-tags\"><span>Etichete<\/span><a href=\"https:\/\/sansanews.ro\/tag\/ai\/\" rel=\"tag\">AI<\/a><a href=\"https:\/\/sansanews.ro\/tag\/andi-cristea-europarlamentar\/\" rel=\"tag\">Andi Cristea europarlamentar<\/a><a href=\"https:\/\/sansanews.ro\/tag\/ochelari-inteligenti\/\" rel=\"tag\">ochelari inteligenti<\/a><a href=\"https:\/\/sansanews.ro\/tag\/parlamentul-european\/\" rel=\"tag\">Parlamentul European<\/a><\/div>\n<div class=\"herald-share-content\">\n<div class=\"meks_ess rectangle no-labels outline\"><a class=\"meks_ess-item socicon-facebook\" data-url=\"http:\/\/www.facebook.com\/sharer\/sharer.php?u=https%3A%2F%2Fsansanews.ro%2Fp-revolutia-digitala-ne-poate-lenevi-creierul-europarlamentarul-andi-cristea-a-explicat-la-bruxelles-cum-ne-vor-schimba-viata-ochelarii-inteligenti-cu-ai%2F&amp;t=%28P%29%20Revolu%C8%9Bia%20digital%C4%83%20ne%20poate%20%E2%80%9Elenevi%E2%80%9D%20creierul.%20Europarlamentarul%20Andi%20Cristea%20a%20explicat%2C%20la%20Bruxelles%2C%20cum%20ne%20vor%20schimba%20via%C8%9Ba%20ochelarii%20inteligen%C8%9Bi%20cu%20AI\"><span>Facebook<\/span><\/a><a href=\"https:\/\/api.whatsapp.com\/send?text=%28P%29%20Revolu%C8%9Bia%20digital%C4%83%20ne%20poate%20%E2%80%9Elenevi%E2%80%9D%20creierul.%20Europarlamentarul%20Andi%20Cristea%20a%20explicat%2C%20la%20Bruxelles%2C%20cum%20ne%20vor%20schimba%20via%C8%9Ba%20ochelarii%20inteligen%C8%9Bi%20cu%20AI%20https%3A%2F%2Fsansanews.ro%2Fp-revolutia-digitala-ne-poate-lenevi-creierul-europarlamentarul-andi-cristea-a-explicat-la-bruxelles-cum-ne-vor-schimba-viata-ochelarii-inteligenti-cu-ai%2F\" class=\"meks_ess-item socicon-whatsapp prevent-share-popup\"><span>WhatsApp<\/span><\/a><a class=\"meks_ess-item socicon-twitter\" data-url=\"http:\/\/twitter.com\/intent\/tweet?url=https%3A%2F%2Fsansanews.ro%2Fp-revolutia-digitala-ne-poate-lenevi-creierul-europarlamentarul-andi-cristea-a-explicat-la-bruxelles-cum-ne-vor-schimba-viata-ochelarii-inteligenti-cu-ai%2F&amp;text=%28P%29%20Revolu%C8%9Bia%20digital%C4%83%20ne%20poate%20%E2%80%9Elenevi%E2%80%9D%20creierul.%20Europarlamentarul%20Andi%20Cristea%20a%20explicat%2C%20la%20Bruxelles%2C%20cum%20ne%20vor%20schimba%20via%C8%9Ba%20ochelarii%20inteligen%C8%9Bi%20cu%20AI\"><span>Twitter<\/span><\/a><a class=\"meks_ess-item socicon-pinterest\" data-url=\"http:\/\/pinterest.com\/pin\/create\/button\/?url=https%3A%2F%2Fsansanews.ro%2Fp-revolutia-digitala-ne-poate-lenevi-creierul-europarlamentarul-andi-cristea-a-explicat-la-bruxelles-cum-ne-vor-schimba-viata-ochelarii-inteligenti-cu-ai%2F&amp;media=https%3A%2F%2Fsansanews.ro%2Fwp-content%2Fuploads%2F2026%2F03%2F658408955_1347660367386519_8422648050297070974_n.jpg&amp;description=%28P%29%20Revolu%C8%9Bia%20digital%C4%83%20ne%20poate%20%E2%80%9Elenevi%E2%80%9D%20creierul.%20Europarlamentarul%20Andi%20Cristea%20a%20explicat%2C%20la%20Bruxelles%2C%20cum%20ne%20vor%20schimba%20via%C8%9Ba%20ochelarii%20inteligen%C8%9Bi%20cu%20AI\"><span>Pinterest<\/span><\/a><\/div>\n<\/div>\n<\/div>\n<p>[analyse_source url=&#8221;https:\/\/sansanews.ro\/p-revolutia-digitala-ne-poate-lenevi-creierul-europarlamentarul-andi-cristea-a-explicat-la-bruxelles-cum-ne-vor-schimba-viata-ochelarii-inteligenti-cu-ai\/&#8221;]<\/p>\n","protected":false},"excerpt":{"rendered":"<p>[analyse_image type=&#8221;featured&#8221; src=&#8221;https:\/\/sansanews.ro\/wp-content\/uploads\/2026\/03\/658408955_1347660367386519_8422648050297070974_n.jpghttps:\/\/sansanews.ro\/wp-content\/uploads\/2026\/03\/658408955_1347660367386519_8422648050297070974_n.jpg&#8221;] Europarlamentarul social-democrat Andi Cristea a participat recent, la Parlamentul European, la un eveniment de referin\u021b\u0103 dedicat s\u0103n\u0103t\u0103\u021bii mintale \u0219i impactului tehnologiilor digitale asupra tinerilor. Sub genericul nevoii de preven\u021bie, Cristea a explicat cum noile interfe\u021be, precum ochelarii inteligen\u021bi, risc\u0103 s\u0103 transforme radical modul \u00een care interac\u021bion\u0103m \u0219i g\u00e2ndim. Reuniunea a adus la [&hellip;]<\/p>\n","protected":false},"author":1,"featured_media":0,"comment_status":"open","ping_status":"","sticky":false,"template":"","format":"standard","meta":{"footnotes":""},"categories":[2],"tags":[226,51],"class_list":["post-1853741","post","type-post","status-publish","format-standard","hentry","category-politics","tag-crawlmanager","tag-sansanews-ro"],"_links":{"self":[{"href":"https:\/\/analyse.optim.biz\/index.php?rest_route=\/wp\/v2\/posts\/1853741","targetHints":{"allow":["GET"]}}],"collection":[{"href":"https:\/\/analyse.optim.biz\/index.php?rest_route=\/wp\/v2\/posts"}],"about":[{"href":"https:\/\/analyse.optim.biz\/index.php?rest_route=\/wp\/v2\/types\/post"}],"author":[{"embeddable":true,"href":"https:\/\/analyse.optim.biz\/index.php?rest_route=\/wp\/v2\/users\/1"}],"replies":[{"embeddable":true,"href":"https:\/\/analyse.optim.biz\/index.php?rest_route=%2Fwp%2Fv2%2Fcomments&post=1853741"}],"version-history":[{"count":0,"href":"https:\/\/analyse.optim.biz\/index.php?rest_route=\/wp\/v2\/posts\/1853741\/revisions"}],"wp:attachment":[{"href":"https:\/\/analyse.optim.biz\/index.php?rest_route=%2Fwp%2Fv2%2Fmedia&parent=1853741"}],"wp:term":[{"taxonomy":"category","embeddable":true,"href":"https:\/\/analyse.optim.biz\/index.php?rest_route=%2Fwp%2Fv2%2Fcategories&post=1853741"},{"taxonomy":"post_tag","embeddable":true,"href":"https:\/\/analyse.optim.biz\/index.php?rest_route=%2Fwp%2Fv2%2Ftags&post=1853741"}],"curies":[{"name":"wp","href":"https:\/\/api.w.org\/{rel}","templated":true}]}}