{"id":185338,"date":"2015-03-07T00:21:19","date_gmt":"2015-03-06T21:21:19","guid":{"rendered":"https:\/\/analyse.optim.biz\/?p=185338"},"modified":"2015-03-07T00:21:19","modified_gmt":"2015-03-06T21:21:19","slug":"c-t-popescu-nu-am-inteles-de-ce-a-fost-numit-dl-scutaru-cum-nu-inteleg-de-ce-pleaca","status":"publish","type":"post","link":"https:\/\/analyse.optim.biz\/?p=185338","title":{"rendered":"C. T. Popescu: \u201eNu am \u00een\u0163eles de ce a fost numit dl. Scutaru, cum nu \u00een\u0163eleg de ce pleac\u0103\u201d"},"content":{"rendered":"<div class=\"entry data-app-meta data-app-meta-article\" data-embed-base-url-canonical=\"https:\/\/www.digi24.ro\/embed\/stiri\/actualitate\/politica\/c-t-popescu-nu-am-inteles-de-ce-a-fost-numit-dl-scutaru-cum-nu-inteleg-de-ce-pleaca-367939\">\n<p data-index=\"1\">\u201eMi se pare absurd s\u0103 vorbim despre numirea la SIE, c\u00e2t\u0103 vreme \u015fi-a anun\u0163at demisia \u015fi at\u00e2t. Nu are logic\u0103. Dac\u0103 era vorba de numirea lui la SIE, mai \u00eent\u00e2i anun\u0163a Klaus Iohannis c\u0103 va fi numit la SIE dl. Scutaru \u015fi d\u00e2nsul \u00ee\u015fi d\u0103dea demisia, a\u015fa cum se procedeaz\u0103. C\u0103 \u015fi-a dat demisia &#8211; \u015fi sunt multe ore \u015fi nu am vorbit de SIE &#8211; face dup\u0103 mine imposibil\u0103 numirea lui la SIE. Nu avea sens ca dl. Iohannis s\u0103 procedeze a\u015fa\u201d, a spus Cristian Tudor Popescu.<\/p>\n<p data-index=\"2\">El a spus c\u0103 nu vrea s\u0103 fac\u0103 specula\u021bii pe tema plec\u0103rii lui George Scutaru din func\u021bia de consilier preziden\u021bial.<\/p>\n<p data-index=\"3\">\u201eSincer, nu am \u00een\u0163eles de ce a fost numit dl. Scutaru, cum nu \u00een\u0163elege de ce pleac\u0103\u201d, a spus jurnalistul.<\/p>\n<p data-index=\"4\">Consilierul preziden\u0163ial George Scutaru, unul dintre oamenii de \u00eencredere ai lui Klaus Iohannis, <a href=\"https:\/\/www.digi24.ro\/Stiri\/Digi24\/Actualitate\/Stiri\/Mutare+surpriza+la+Palatul+Cotroceni\" target=\"_blank\" data-skip-linkfix=\"1\" rel=\"noopener\">a fost eliberat vineri din func\u0163ie<\/a>. \u00cen locul s\u0103u a fost numit generalul Ion Opri\u015for, secretar al Consiliului Suprem de Ap\u0103rare a \u0162\u0103rii. Ambele decrete au fost deja publicate \u00een Monitorul Oficial.<\/p>\n<\/div>\n<p> Source URL: https:\/\/www.digi24.ro\/stiri\/actualitate\/politica\/c-t-popescu-nu-am-inteles-de-ce-a-fost-numit-dl-scutaru-cum-nu-inteleg-de-ce-pleaca-367939<\/p>\n","protected":false},"excerpt":{"rendered":"<p>\u201eMi se pare absurd s\u0103 vorbim despre numirea la SIE, c\u00e2t\u0103 vreme \u015fi-a anun\u0163at demisia \u015fi at\u00e2t. Nu are logic\u0103. Dac\u0103 era vorba de numirea lui la SIE, mai \u00eent\u00e2i anun\u0163a Klaus Iohannis c\u0103 va fi numit la SIE dl. Scutaru \u015fi d\u00e2nsul \u00ee\u015fi d\u0103dea demisia, a\u015fa cum se procedeaz\u0103. C\u0103 \u015fi-a dat demisia &#8211; [&hellip;]<\/p>\n","protected":false},"author":1,"featured_media":185339,"comment_status":"open","ping_status":"","sticky":false,"template":"","format":"standard","meta":{"footnotes":""},"categories":[2],"tags":[11],"class_list":["post-185338","post","type-post","status-publish","format-standard","has-post-thumbnail","hentry","category-politics","tag-digi24"],"_links":{"self":[{"href":"https:\/\/analyse.optim.biz\/index.php?rest_route=\/wp\/v2\/posts\/185338","targetHints":{"allow":["GET"]}}],"collection":[{"href":"https:\/\/analyse.optim.biz\/index.php?rest_route=\/wp\/v2\/posts"}],"about":[{"href":"https:\/\/analyse.optim.biz\/index.php?rest_route=\/wp\/v2\/types\/post"}],"author":[{"embeddable":true,"href":"https:\/\/analyse.optim.biz\/index.php?rest_route=\/wp\/v2\/users\/1"}],"replies":[{"embeddable":true,"href":"https:\/\/analyse.optim.biz\/index.php?rest_route=%2Fwp%2Fv2%2Fcomments&post=185338"}],"version-history":[{"count":0,"href":"https:\/\/analyse.optim.biz\/index.php?rest_route=\/wp\/v2\/posts\/185338\/revisions"}],"wp:featuredmedia":[{"embeddable":true,"href":"https:\/\/analyse.optim.biz\/index.php?rest_route=\/wp\/v2\/media\/185339"}],"wp:attachment":[{"href":"https:\/\/analyse.optim.biz\/index.php?rest_route=%2Fwp%2Fv2%2Fmedia&parent=185338"}],"wp:term":[{"taxonomy":"category","embeddable":true,"href":"https:\/\/analyse.optim.biz\/index.php?rest_route=%2Fwp%2Fv2%2Fcategories&post=185338"},{"taxonomy":"post_tag","embeddable":true,"href":"https:\/\/analyse.optim.biz\/index.php?rest_route=%2Fwp%2Fv2%2Ftags&post=185338"}],"curies":[{"name":"wp","href":"https:\/\/api.w.org\/{rel}","templated":true}]}}