{"id":185332,"date":"2015-03-07T13:21:55","date_gmt":"2015-03-07T10:21:55","guid":{"rendered":"https:\/\/analyse.optim.biz\/?p=185332"},"modified":"2015-03-07T13:21:55","modified_gmt":"2015-03-07T10:21:55","slug":"traian-basescu-imi-pare-rau-pentru-cele-127-de-familii-din-nana","status":"publish","type":"post","link":"https:\/\/analyse.optim.biz\/?p=185332","title":{"rendered":"Traian B\u0103sescu: \u00cemi pare r\u0103u pentru cele 127 de familii din Nana"},"content":{"rendered":"<div class=\"entry data-app-meta data-app-meta-article\" data-embed-base-url-canonical=\"https:\/\/www.digi24.ro\/embed\/stiri\/actualitate\/politica\/traian-basescu-imi-pare-rau-pentru-cele-127-de-familii-din-nana-367976\">\n<p data-index=\"1\"><img decoding=\"async\" src=\"https:\/\/analyse.optim.biz\/wp-content\/uploads\/2024\/09\/yxnopty2mzq3m2yzm2q3yzg2nwy2nmjjzgflntninjnimtrk-thumb_.jpg\" data-skip-htmlfix=\"1\" title=\"yxnopty2mzq3m2yzm2q3yzg2nwy2nmjjzgflntninjnimtrk-thumb_\"><\/p>\n<p data-index=\"2\"><strong>Traian B\u0103sescu<\/strong> arat\u0103 c\u0103 firma italian\u0103 de la care fiica sa Ioana a cump\u0103rat 290 de hectare de teren n-a fost supus\u0103 unei investiga\u0163ii.<\/p>\n<p data-index=\"3\">Reac\u0163ia lui Traian B\u0103sescu vine la c\u00e2teva zile dup\u0103 ce <a href=\"https:\/\/www.digi24.ro\/Stiri\/Digi24\/Actualitate\/Justitie\/SECHESTRU+MOSIA+NANA+FAMILIA+BASESCU\" target=\"_blank\" data-skip-linkfix=\"1\" rel=\"noopener\"><strong>sechestrul<\/strong> asupra a peste <strong>700 de hectare de teren agricol la Nana<\/strong> a fost f\u0103cut public<\/a>. \u00cen aceast\u0103 anchet\u0103 sunt vizate 12 persoane, fo\u015fti sau actuali membri din administra\u0163ia local\u0103 a comunei, suspecta\u0163i c\u0103 au retrocedat ilegal sute de hectare de teren \u00een perioada 2005-2010.<\/p>\n<div class=\"fb-post\">\n<div class=\"fb-xfbml-parse-ignore\"><a href=\"https:\/\/www.facebook.com\/PresedinteleTraianBasescu\/posts\/1010012809012270\" data-skip-linkfix=\"1\">Post<\/a> by <a href=\"https:\/\/www.facebook.com\/PresedinteleTraianBasescu\" data-skip-linkfix=\"1\">Traian B\u0103sescu<\/a>.<\/div>\n<\/div>\n<p data-index=\"5\">\u201e\u00cemi pare r\u0103u pentru cele 127 familii din comuna Nana care au sechestru pe terenurile agricole restituite \u00een perioada 1996-2010.<\/p>\n<p data-index=\"6\">Pe fond, aceste familii suport\u0103 consecin\u0163ele unor ac\u0163iuni politice \u00eendreptate \u00eempotriva mea.<\/p>\n<p data-index=\"7\">Nu exclud posibilitatea ca \u00een procesul de restituire s\u0103 fi existat ilegalit\u0103\u0163i. Asta va constata justi\u0163ia, iar cei care au \u00eenc\u0103lcat legea vor r\u0103spunde.<br \/>Sper ca astfel de investiga\u0163ii s\u0103 se fac\u0103 \u00een toat\u0103 \u0163ara, \u00eencep\u00e2nd, spre exemplu, cu jude\u0163ele Vrancea \u015fi Timi\u015f.<br \/>Ioana B\u0103sescu a cump\u0103rat de la o firm\u0103 italian\u0103 cele 290,4 hectare de la Nana \u00een octombrie 2013 \u00een baza \u00eenscrisurilor legale de la cartea funciar\u0103, cu deplin\u0103 bun\u0103 credin\u0163\u0103.<br \/>Oare de ce timp de trei ani, c\u00e2t timp firma italian\u0103 a de\u0163inut proprietatea terenurilor, nu s-a facut nici o investiga\u0163ie?\u201d, se \u00eentreab\u0103 fostul pre\u0219edinte pe contul de Facebook.<\/p>\n<\/div>\n<p> Source URL: https:\/\/www.digi24.ro\/stiri\/actualitate\/politica\/traian-basescu-imi-pare-rau-pentru-cele-127-de-familii-din-nana-367976<\/p>\n","protected":false},"excerpt":{"rendered":"<p>Traian B\u0103sescu arat\u0103 c\u0103 firma italian\u0103 de la care fiica sa Ioana a cump\u0103rat 290 de hectare de teren n-a fost supus\u0103 unei investiga\u0163ii. Reac\u0163ia lui Traian B\u0103sescu vine la c\u00e2teva zile dup\u0103 ce sechestrul asupra a peste 700 de hectare de teren agricol la Nana a fost f\u0103cut public. \u00cen aceast\u0103 anchet\u0103 sunt vizate [&hellip;]<\/p>\n","protected":false},"author":1,"featured_media":185333,"comment_status":"open","ping_status":"","sticky":false,"template":"","format":"standard","meta":{"footnotes":""},"categories":[2],"tags":[11],"class_list":["post-185332","post","type-post","status-publish","format-standard","has-post-thumbnail","hentry","category-politics","tag-digi24"],"_links":{"self":[{"href":"https:\/\/analyse.optim.biz\/index.php?rest_route=\/wp\/v2\/posts\/185332","targetHints":{"allow":["GET"]}}],"collection":[{"href":"https:\/\/analyse.optim.biz\/index.php?rest_route=\/wp\/v2\/posts"}],"about":[{"href":"https:\/\/analyse.optim.biz\/index.php?rest_route=\/wp\/v2\/types\/post"}],"author":[{"embeddable":true,"href":"https:\/\/analyse.optim.biz\/index.php?rest_route=\/wp\/v2\/users\/1"}],"replies":[{"embeddable":true,"href":"https:\/\/analyse.optim.biz\/index.php?rest_route=%2Fwp%2Fv2%2Fcomments&post=185332"}],"version-history":[{"count":0,"href":"https:\/\/analyse.optim.biz\/index.php?rest_route=\/wp\/v2\/posts\/185332\/revisions"}],"wp:featuredmedia":[{"embeddable":true,"href":"https:\/\/analyse.optim.biz\/index.php?rest_route=\/wp\/v2\/media\/185333"}],"wp:attachment":[{"href":"https:\/\/analyse.optim.biz\/index.php?rest_route=%2Fwp%2Fv2%2Fmedia&parent=185332"}],"wp:term":[{"taxonomy":"category","embeddable":true,"href":"https:\/\/analyse.optim.biz\/index.php?rest_route=%2Fwp%2Fv2%2Fcategories&post=185332"},{"taxonomy":"post_tag","embeddable":true,"href":"https:\/\/analyse.optim.biz\/index.php?rest_route=%2Fwp%2Fv2%2Ftags&post=185332"}],"curies":[{"name":"wp","href":"https:\/\/api.w.org\/{rel}","templated":true}]}}