{"id":185300,"date":"2015-03-07T15:37:36","date_gmt":"2015-03-07T12:37:36","guid":{"rendered":"https:\/\/analyse.optim.biz\/?p=185300"},"modified":"2015-03-07T15:37:36","modified_gmt":"2015-03-07T12:37:36","slug":"video-liviu-dragnea-un-ministru-foarte-serios-gesturile-si-mimica-presedintelui-executiv-al-psd-in-timpul-discursului-tinut-de-victor-ponta","status":"publish","type":"post","link":"https:\/\/analyse.optim.biz\/?p=185300","title":{"rendered":"VIDEO. Liviu Dragnea, un ministru foarte serios. Gesturile \u0219i mimica pre\u0219edintelui executiv al PSD \u00een timpul discursului \u021binut de Victor Ponta"},"content":{"rendered":"<div class=\"entry data-app-meta data-app-meta-article\" data-embed-base-url-canonical=\"https:\/\/www.digi24.ro\/embed\/stiri\/actualitate\/politica\/video-liviu-dragnea-un-ministru-foarte-serios-gesturile-si-mimica-presedintelui-executiv-al-psd-in-timpul-discursului-tinut-de-victor-ponta-367990\">\n<p data-index=\"1\">\u00a0<em>(<strong>VIDEO. Discursul premierului Victor Ponta<\/strong>)\u00a0<\/em><\/p>\n<p data-index=\"2\">Victor Ponta a urcat pe scen\u0103 \u0219i \u0219i-a \u00eenceput discursul cu o glum\u0103 \u00een care s-a adresat direct lui Liviu Dragnea:<\/p>\n<p data-index=\"3\">\u201e<span>A\u0219 fi preferat s\u0103 vin dup\u0103 fetele de la Amadeus, <strong>Liviu<\/strong>, dar iar\u0103\u0219i, ai fost mai rapid dec\u00e2t mine.<\/span><\/p>\n<p data-index=\"4\">E a dev\u0103rat c\u0103 n-a venit chiar de tot prim\u0103vara, dar dup\u0103 zece ani de iarn\u0103, e nevoie de un pic de timp ca s\u0103 vin\u0103 cu adev\u0103rat prim\u0103vara (<strong><em>aplauze \u0219i z\u00e2mbete din sal\u0103, Liviu Dragnea cu capul \u00een jos, pare preocupat, \u021bine \u00een m\u00e2n\u0103 un CD \u0219i ia o gum\u0103 de mestecat dintr-un pachet<\/em><\/strong>).<\/p>\n<p data-index=\"5\"><img decoding=\"async\" src=\"https:\/\/analyse.optim.biz\/wp-content\/uploads\/2024\/09\/ad1lm2vimwzlmtjlytq0otvlmzc5zwrlotbhotzhzgm1ma-thumb_.jpg\" data-skip-htmlfix=\"1\" title=\"ad1lm2vimwzlmtjlytq0otvlmzc5zwrlotbhotzhzgm1ma-thumb_\"><\/p>\n<p data-index=\"6\">Venind \u00eencoace am primit o veste bun\u0103 de la INS \u2013 s-a confirmat c\u0103 \u00een continuare \u00een Rom\u00e2nia majoritatea este dat\u0103 de femei \u2013 51,5 la sut\u0103, deci \u00eenseamn\u0103 c\u0103 \u021bara are o \u0219ans\u0103. Dup\u0103 aceea o s\u0103 vedem dac\u0103 acest procent se respect\u0103 \u0219i \u00een conduceri de partide, companii. Am luat act de candidatura Rovanei \u0219i de propunerea pe care dvs o face\u021bi. Nu am voie \u0219i nu pot s\u0103 spun c\u0103 o sus\u021bin, pentru c\u0103 n-ar fi corect fa\u021b\u0103 de posibili al\u021bi candida\u021bi, dar pot s\u0103 spun c\u0103 m-a\u0219 bucura s\u0103 c\u00e2\u0219tigi, Rovana! (<em><strong>Rovana Plumb, care st\u0103 l\u00e2ng\u0103 Liviu Dragnea, r\u00e2de \u0219i \u00eel aplaud\u0103 pe premier. Liviu Dragnea r\u0103m\u00e2ne serios \u0219i \u00eeng\u00e2ndurat<\/strong><\/em>).<\/p>\n<p data-index=\"7\"><img decoding=\"async\" src=\"https:\/\/analyse.optim.biz\/wp-content\/uploads\/2024\/09\/odawjmhhc2g9ytnlnjm0zgjlnjdmzwu3otzmotiwyjgzotiwnde0zti-thumb_.jpg\" data-skip-htmlfix=\"1\" title=\"odawjmhhc2g9ytnlnjm0zgjlnjdmzwu3otzmotiwyjgzotiwnde0zti-thumb_\"><\/p>\n<p data-index=\"8\">\u00a0Ne-ar bucura s\u0103 se \u00eent\u00e2mple cu adev\u0103rat ceea ce ne-ai f\u0103cut tu o aluzie, a\u0219a, foarte subtil\u0103, cu Alexandru cel Mare (<em><strong>camera se mut\u0103 pe Gabriela Firea, care st\u0103 de cealalt\u0103 parte a lui Liviu Dragnea. Gabriela Firea \u0219i Ecaterina Andronescu z\u00e2mbesc, Liviu Dragnea r\u0103m\u00e2ne \u00eeng\u00e2ndurat<\/strong><\/em>)&#8230;<\/p>\n<p data-index=\"9\"><img decoding=\"async\" src=\"https:\/\/analyse.optim.biz\/wp-content\/uploads\/2024\/09\/jnc9odawjmhhc2g9mtrjyjgwmwrindq2mdzinmi2mgm2odrmownkzjiymtk-thumb_.jpg\" data-skip-htmlfix=\"1\" title=\"jnc9odawjmhhc2g9mtrjyjgwmwrindq2mdzinmi2mgm2odrmownkzjiymtk-thumb_\"><\/p>\n<p data-index=\"10\"><img decoding=\"async\" src=\"https:\/\/analyse.optim.biz\/wp-content\/uploads\/2024\/09\/ptgwmczoyxnoptiwmtzkn2qwmmm1ytq0yte4nwjlzwq5ngqwmtq3m2ex-thumb_.jpg\" data-skip-htmlfix=\"1\" title=\"ptgwmczoyxnoptiwmtzkn2qwmmm1ytq0yte4nwjlzwq5ngqwmtq3m2ex-thumb_\"><\/p>\n<p data-index=\"11\">&#8230; cu primul r\u00e2nd din falang\u0103, n-am \u00een\u021beles exact ce voiai s\u0103 spui, dar totu\u0219i am b\u0103nuit: mai multe femei \u00een primul r\u00e2nd din falang\u0103. Nu \u0219tiu dac\u0103 chiar a\u0219a f\u0103cea Alexandru, dar voiam mai ales s\u0103-\u021bi spun, Rovana, mai ales c\u0103 tu e\u0219ti \u00een primul r\u00e2nd, probabil vei fi \u0219i mai mult \u00een primul r\u00e2nd, al\u0103turi de alte colege, dac\u0103 ai citit \u0219i partea a doua a pove\u0219tii: \u0219i anume c\u0103 gradul de supravie\u021buire \u00een primul r\u00e2nd e foarte sc\u0103zut. (<em><strong>r\u00e2sete \u00een sal\u0103, Rovana Plumb \u00eencuviin\u021beaz\u0103 din cap z\u00e2mbind, apoi \u00eei strig\u0103 ceva premierului; Liviu Dragnea r\u0103m\u00e2ne aproape impasibil \u0219i mestec\u0103 gum\u0103<\/strong><\/em>).<\/p>\n<p data-index=\"12\"><img decoding=\"async\" src=\"https:\/\/analyse.optim.biz\/wp-content\/uploads\/2024\/09\/odawjmhhc2g9mduzmzvlzgiwywjjmjfhnwfhmzjlyzu0zgy0mdlinje-thumb_.jpg\" data-skip-htmlfix=\"1\" title=\"odawjmhhc2g9mduzmzvlzgiwywjjmjfhnwfhmzjlyzu0zgy0mdlinje-thumb_\"><\/p>\n<p data-index=\"13\">Vreau s\u0103 te preg\u0103te\u0219ti \u0219i tu \u0219i celelalte colege pentru ce va urma, pentru s\u0103ge\u021bi, l\u0103nci, s\u0103bii (<em><strong>audien\u021ba r\u00e2de, Liviu Dragnea r\u0103m\u00e2ne la fel de inflexibil<\/strong><\/em>). \u0218i&#8230;(pauz\u0103) e o perioad\u0103 \u00een care, <strong>ca s\u0103 citez din Liviu<\/strong>, <strong>nu ne mai cert\u0103m, ne denun\u021b\u0103m<\/strong> (r\u00e2sete \u00een audien\u021b\u0103). Poate c\u0103 e un progres&#8230;Fa\u021b\u0103 de perioada lui Alexandru. Sau poate e un regres, \u00een care <strong>fiecare se g\u00e2nde\u0219te ce-o s\u0103 spun\u0103 altcineva despre el<\/strong>, dac\u0103 cumva are un necaz (<em><strong>camera se mut\u0103 din nou pe Rovana Plumb \u0219i Liviu Dragnea, care prive\u0219te spre tribun\u0103 \u00een continuare foarte serios<\/strong><\/em>). <\/p>\n<p data-index=\"14\"><img decoding=\"async\" src=\"https:\/\/analyse.optim.biz\/wp-content\/uploads\/2024\/09\/nju2oty0nzkyzdc2yjk3ytg0mjmxotaxymy-thumb_.jpg\" data-skip-htmlfix=\"1\" title=\"nju2oty0nzkyzdc2yjk3ytg0mjmxotaxymy-thumb_\"><\/p>\n<p data-index=\"15\">Vreau s\u0103 v\u0103 mul\u021bumesc pentru cei peste cinci ani \u00een care a\u021bi fost al\u0103turi de mine \u00een ceea ce prive\u0219te via\u021ba PSD. Dac\u0103 cineva a fost tot timpul al\u0103turi de mine, dac\u0103 cineva nu m-a tr\u0103dat niciodat\u0103 \u0219i a avut \u00eencredere \u00een mine cu siguran\u021b\u0103 au fost femeile \u0219i doamnele din acest partid \u0219i v\u0103 mul\u021bumesc pentru asta (<em><strong>toat\u0103 lumea aplaud\u0103, Liviu Dragnea nu, r\u0103m\u00e2ne \u00een continuare serios, cu o mimic\u0103 preocupat\u0103<\/strong><\/em>).<\/p>\n<p data-index=\"16\"><img decoding=\"async\" src=\"https:\/\/analyse.optim.biz\/wp-content\/uploads\/2024\/09\/ywq0otu2nmjjytvkody4ndjlmjdjntg1y2m-thumb_.jpg\" data-skip-htmlfix=\"1\" title=\"ywq0otu2nmjjytvkody4ndjlmjdjntg1y2m-thumb_\"><\/p>\n<p data-index=\"17\">\/&#8230;.Premierul propune, mai \u00een glum\u0103, mai \u00een serios, ca o femeie s\u0103 conduc\u0103 \u0219i organiza\u021bia de tineret a partidului\/<\/p>\n<p data-index=\"18\">Ca s\u0103 fiu sincer, singura \u00eengrijorare dac\u0103 Rovana o s\u0103 fie pre\u0219edintele Consiliului Na\u021bional este organizarea viitoarei conferin\u021be la femei, dar trecem \u0219i peste asta cu bine (<em><strong>Liviu Dragnea schi\u021beaz\u0103 un z\u00e2mbet timid, apoi apleac\u0103 \u00eentr-o parte capul \u0219i redevine serios<\/strong><\/em>).<\/p>\n<p data-index=\"19\"><img decoding=\"async\" src=\"https:\/\/analyse.optim.biz\/wp-content\/uploads\/2024\/09\/lmpwzyz3ptgwmczoyxnopwfhmznjmza4zty2nja1mthjmdk1owe3ntaxyjljzjrl-thumb_.jpg\" data-skip-htmlfix=\"1\" title=\"lmpwzyz3ptgwmczoyxnopwfhmznjmza4zty2nja1mthjmdk1owe3ntaxyjljzjrl-thumb_\"><\/p>\n<p data-index=\"20\"><img decoding=\"async\" src=\"https:\/\/analyse.optim.biz\/wp-content\/uploads\/2024\/09\/nddhzdk3yjgwzduzntcynzjjmdqwm2q1za-thumb_.jpg\" data-skip-htmlfix=\"1\" title=\"nddhzdk3yjgwzduzntcynzjjmdqwm2q1za-thumb_\"><\/p>\n<p data-index=\"21\"><strong>Vreau s\u0103-i transmit direct acest g\u00e2nd mamei mele, care, din p\u0103cate, se uit\u0103 la televizor<\/strong> (lumea \u00eencepe s\u0103 aplaude, Liviu Dragnea nu, are privirea \u00eeng\u00e2ndurat\u0103), <strong>Irinei<\/strong> (fiica premierului \u2013 n.r.), <strong>care din fericire nu se uit\u0103 la televizor, surorilor mele Alexandra \u0219i Isabela, care nu mai au televizor de o lun\u0103 de zile \u0219i e mai bine, \u0219i tuturor celor care au fost al\u0103turi de noi.<\/strong> Dou\u0103 milioane \u0219i jum\u0103tate de femei m-au votat la 16 noiembrie \u0219i le mul\u021bumesc pentru asta, a\u0219a cum le mul\u021bumesc \u0219i le respect pe toate femeile care au votat cu altcineva, nu vin la vot, dar care fac lucruri mult mai importante zi de zi pentru fiecare dintre noi. (&#8230;)<\/p>\n<p data-index=\"22\"><img decoding=\"async\" src=\"https:\/\/analyse.optim.biz\/wp-content\/uploads\/2024\/09\/odrmothjzdq5nziyzwm1nmu4odqzotywnjg-thumb_.jpg\" data-skip-htmlfix=\"1\" title=\"odrmothjzdq5nziyzwm1nmu4odqzotywnjg-thumb_\"><\/p>\n<p data-index=\"23\"><strong>Cum spunea \u0219i Liviu<\/strong>, avem multe alte categorii \u00een aceast\u0103 \u021bar\u0103 care sunt cu adev\u0103rat discriminate, care sunt cu adev\u0103rat defavorizate, pentru care b\u0103rba\u021bi \u0219i femei, cei \u00een putere sau cei mai pu\u021bin \u00een putere, avem obliga\u021bia s\u0103 fie al\u0103turi de noi tot timpul \u0219i s\u0103 ar\u0103t\u0103m ceea ce \u00eencerc\u0103m s\u0103 facem \u0219i facem \u00een continuare \u2013 c\u0103 <strong>legea junglei, legea pe care unele partide politice o propun sub diverse denumiri, e adev\u0103rat, mai elegante, este singura lege pe care nu vreau s\u0103 o respect\u0103m \u00een Rom\u00e2nia<\/strong>\u201d.<\/p>\n<hr>\n<p data-index=\"24\"><a href=\"https:\/\/www.digi24.ro\/Stiri\/Digi24\/Actualitate\/Justitie\/Dosarul+referendumului+Coordonatorii+de+campanie+ai+PSD+chemati+\" target=\"_blank\" data-skip-linkfix=\"1\" rel=\"noopener\">Premierul Victor Ponta va fi audiat s\u0103pt\u0103m\u00e2na viitoare<\/a>, miercuri, ca martor pentru vicepremierul<strong> Liviu Dragnea<\/strong> \u00een dosarul \u201eReferendumului\u201d.<\/p>\n<p data-index=\"25\">Mai multe persoane cu func\u0163ii \u00eenalte, care au coordonat campania Partidului Social Democrat la referendumul din 2012 de demitere a pre\u015fedintelui Traian B\u0103sescu, au fost chemate la Curtea Suprem\u0103.<\/p>\n<p data-index=\"26\">Pe de alt\u0103 parte, <a href=\"https:\/\/www.digi24.ro\/Stiri\/Digi24\/Actualitate\/Justitie\/Cumnatul+lui+Victor+Ponta+contesta+arestarea+preventiva\" target=\"_blank\" data-skip-linkfix=\"1\" rel=\"noopener\">cumnatul premierului, Iulian Her\u021banu, este \u00een arest preventiv \u00een leg\u0103tur\u0103 cu un dosar de fraud\u0103 cu fonduri europene.<\/a> \u00cen acest dosar au fost audiate ca martor mama \u0219i sora premierului.<\/p>\n<\/div>\n<p> Source URL: https:\/\/www.digi24.ro\/stiri\/actualitate\/politica\/video-liviu-dragnea-un-ministru-foarte-serios-gesturile-si-mimica-presedintelui-executiv-al-psd-in-timpul-discursului-tinut-de-victor-ponta-367990<\/p>\n","protected":false},"excerpt":{"rendered":"<p>\u00a0(VIDEO. Discursul premierului Victor Ponta)\u00a0 Victor Ponta a urcat pe scen\u0103 \u0219i \u0219i-a \u00eenceput discursul cu o glum\u0103 \u00een care s-a adresat direct lui Liviu Dragnea: \u201eA\u0219 fi preferat s\u0103 vin dup\u0103 fetele de la Amadeus, Liviu, dar iar\u0103\u0219i, ai fost mai rapid dec\u00e2t mine. E a dev\u0103rat c\u0103 n-a venit chiar de tot prim\u0103vara, [&hellip;]<\/p>\n","protected":false},"author":1,"featured_media":185301,"comment_status":"open","ping_status":"","sticky":false,"template":"","format":"standard","meta":{"footnotes":""},"categories":[2],"tags":[11],"class_list":["post-185300","post","type-post","status-publish","format-standard","has-post-thumbnail","hentry","category-politics","tag-digi24"],"_links":{"self":[{"href":"https:\/\/analyse.optim.biz\/index.php?rest_route=\/wp\/v2\/posts\/185300","targetHints":{"allow":["GET"]}}],"collection":[{"href":"https:\/\/analyse.optim.biz\/index.php?rest_route=\/wp\/v2\/posts"}],"about":[{"href":"https:\/\/analyse.optim.biz\/index.php?rest_route=\/wp\/v2\/types\/post"}],"author":[{"embeddable":true,"href":"https:\/\/analyse.optim.biz\/index.php?rest_route=\/wp\/v2\/users\/1"}],"replies":[{"embeddable":true,"href":"https:\/\/analyse.optim.biz\/index.php?rest_route=%2Fwp%2Fv2%2Fcomments&post=185300"}],"version-history":[{"count":0,"href":"https:\/\/analyse.optim.biz\/index.php?rest_route=\/wp\/v2\/posts\/185300\/revisions"}],"wp:featuredmedia":[{"embeddable":true,"href":"https:\/\/analyse.optim.biz\/index.php?rest_route=\/wp\/v2\/media\/185301"}],"wp:attachment":[{"href":"https:\/\/analyse.optim.biz\/index.php?rest_route=%2Fwp%2Fv2%2Fmedia&parent=185300"}],"wp:term":[{"taxonomy":"category","embeddable":true,"href":"https:\/\/analyse.optim.biz\/index.php?rest_route=%2Fwp%2Fv2%2Fcategories&post=185300"},{"taxonomy":"post_tag","embeddable":true,"href":"https:\/\/analyse.optim.biz\/index.php?rest_route=%2Fwp%2Fv2%2Ftags&post=185300"}],"curies":[{"name":"wp","href":"https:\/\/api.w.org\/{rel}","templated":true}]}}