{"id":185289,"date":"2015-03-07T19:02:05","date_gmt":"2015-03-07T16:02:05","guid":{"rendered":"https:\/\/analyse.optim.biz\/?p=185289"},"modified":"2015-03-07T19:02:05","modified_gmt":"2015-03-07T16:02:05","slug":"ora-premierului-o-promisiune-uitata-a-lui-victor-ponta","status":"publish","type":"post","link":"https:\/\/analyse.optim.biz\/?p=185289","title":{"rendered":"\u201eOra premierului\u201d, o promisiune uitat\u0103 a lui Victor Ponta"},"content":{"rendered":"<div class=\"entry data-app-meta data-app-meta-article\" data-embed-base-url-canonical=\"https:\/\/www.digi24.ro\/embed\/stiri\/actualitate\/politica\/ora-premierului-o-promisiune-uitata-a-lui-victor-ponta-368019\">\n<p data-index=\"1\">\u00cen singura or\u0103 \u00een care a fost prezent \u00een Parlament, pentru a r\u0103spunde, \u00een numele Guvernului, \u00eentreb\u0103rilor ale\u015filor, Victor Ponta a f\u0103cut multe promisiuni. Se \u00eent\u00e2mpla \u00een prima zi a actualei sesiuni parlamentare.<\/p>\n<p data-index=\"2\">\u201e<span>Noul mod de conlucrare \u00eentre Parlament \u015fi Guvern, prin asigurarea zilei de luni \u00een a\u015fa fel \u00eenc\u00e2t membri ai Cabinetului, prim-ministrul sau mini\u015ftrii s\u0103 vin\u0103 s\u0103 r\u0103spund\u0103 \u00een fa\u0163a dumneavoastr\u0103&#8230; aceast\u0103 ini\u0163iativ\u0103 este de natur\u0103 s\u0103 accentueze rela\u0163ia de colaborare\u201d, declara Victor Ponta, la \u00eenceputul lunii trecute. <\/span><\/p>\n<p data-index=\"3\">\u015ei apoi s-a a\u015fternut t\u0103cerea. Premierul nu a onorat promisiunea de a veni s\u0103pt\u0103m\u00e2nal s\u0103 discute cu parlamentarii. \u015ei niciun ministru nu i-a \u0163inut locul.<\/p>\n<p data-index=\"4\">\u201eDup\u0103 vizita domnului Ponta chiar \u00een prima luni, nu am mai avut parte nici de domnul Ponta \u015fi n-am avut parte de niciun ministru, de\u015fi noi am invocat \u00een mod sistematic la fiecare dezbatere din Biroul Permanent, am solicitat prezen\u0163a unor mini\u015ftri\u201d, a declarat Ludovic Orban, deputat PNL.<\/p>\n<p data-index=\"5\">Premierul Victor Ponta a declarat, pentru Digi24, c\u0103 aceast\u0103 problem\u0103 este de competen\u0163a Parlamentului, care trebuie s\u0103-\u015fi modifice Regulamentul.<\/p>\n<p data-index=\"6\">Singura urm\u0103 a promisiunii neonorate este programul de pe site-ul Camerei Deputa\u0163ilor. \u00cen locul sec\u0163iunii unde \u00eenainte erau \u201e\u00centreb\u0103ri \u015fi interpel\u0103ri\u201d, iar parlamentarii adresau \u00eentreb\u0103ri unor mini\u015ftri care nu erau prezen\u0163i \u015fi care nu le r\u0103spundeau niciodat\u0103, acum figureaz\u0103 \u201eOra premierului \u015fi a mini\u015ftrilor\u201d. Liderii PSD spun c\u0103 mai este nevoie de o modificare a Regulamentului, pentru ca aceast\u0103 or\u0103 s\u0103 devin\u0103 realitate.<\/p>\n<p data-index=\"7\">\u201e<span>Este \u00een regulamentul Camerei. 97 la sut\u0103 din regulamentul Camerei a fost votat de c\u0103tre liderii grupurilor politice parlamentare p\u00e2n\u0103 ieri. Luni va fi ultima form\u0103\u201d, a declarat Valeriu Zgonea, pre\u015fedintele Camerei Deputa\u0163ilor. <\/span><\/p>\n<p data-index=\"8\">Noul Regulament ar urma s\u0103 intre pe ordinea de zi a plenului \u00een urm\u0103toarele dou\u0103 s\u0103pt\u0103m\u00e2ni.<\/p>\n<\/div>\n<p> Source URL: https:\/\/www.digi24.ro\/stiri\/actualitate\/politica\/ora-premierului-o-promisiune-uitata-a-lui-victor-ponta-368019<\/p>\n","protected":false},"excerpt":{"rendered":"<p>\u00cen singura or\u0103 \u00een care a fost prezent \u00een Parlament, pentru a r\u0103spunde, \u00een numele Guvernului, \u00eentreb\u0103rilor ale\u015filor, Victor Ponta a f\u0103cut multe promisiuni. Se \u00eent\u00e2mpla \u00een prima zi a actualei sesiuni parlamentare. \u201eNoul mod de conlucrare \u00eentre Parlament \u015fi Guvern, prin asigurarea zilei de luni \u00een a\u015fa fel \u00eenc\u00e2t membri ai Cabinetului, prim-ministrul sau [&hellip;]<\/p>\n","protected":false},"author":1,"featured_media":185290,"comment_status":"open","ping_status":"","sticky":false,"template":"","format":"standard","meta":{"footnotes":""},"categories":[2],"tags":[11],"class_list":["post-185289","post","type-post","status-publish","format-standard","has-post-thumbnail","hentry","category-politics","tag-digi24"],"_links":{"self":[{"href":"https:\/\/analyse.optim.biz\/index.php?rest_route=\/wp\/v2\/posts\/185289","targetHints":{"allow":["GET"]}}],"collection":[{"href":"https:\/\/analyse.optim.biz\/index.php?rest_route=\/wp\/v2\/posts"}],"about":[{"href":"https:\/\/analyse.optim.biz\/index.php?rest_route=\/wp\/v2\/types\/post"}],"author":[{"embeddable":true,"href":"https:\/\/analyse.optim.biz\/index.php?rest_route=\/wp\/v2\/users\/1"}],"replies":[{"embeddable":true,"href":"https:\/\/analyse.optim.biz\/index.php?rest_route=%2Fwp%2Fv2%2Fcomments&post=185289"}],"version-history":[{"count":0,"href":"https:\/\/analyse.optim.biz\/index.php?rest_route=\/wp\/v2\/posts\/185289\/revisions"}],"wp:featuredmedia":[{"embeddable":true,"href":"https:\/\/analyse.optim.biz\/index.php?rest_route=\/wp\/v2\/media\/185290"}],"wp:attachment":[{"href":"https:\/\/analyse.optim.biz\/index.php?rest_route=%2Fwp%2Fv2%2Fmedia&parent=185289"}],"wp:term":[{"taxonomy":"category","embeddable":true,"href":"https:\/\/analyse.optim.biz\/index.php?rest_route=%2Fwp%2Fv2%2Fcategories&post=185289"},{"taxonomy":"post_tag","embeddable":true,"href":"https:\/\/analyse.optim.biz\/index.php?rest_route=%2Fwp%2Fv2%2Ftags&post=185289"}],"curies":[{"name":"wp","href":"https:\/\/api.w.org\/{rel}","templated":true}]}}