{"id":1852651,"date":"2026-03-28T15:20:28","date_gmt":"2026-03-28T12:20:28","guid":{"rendered":"https:\/\/analyse.optim.biz\/?p=1852651"},"modified":"2026-03-28T15:20:28","modified_gmt":"2026-03-28T12:20:28","slug":"va-asteptam-diseara-la-platoul-dacia-la-concertul-happy-kids","status":"publish","type":"post","link":"https:\/\/analyse.optim.biz\/?p=1852651","title":{"rendered":"V\u0103 a\u0219tept\u0103m disear\u0103 la Platoul Dacia, la concertul Happy Kids"},"content":{"rendered":"<p>[analyse_image type=&#8221;featured&#8221; src=&#8221;https:\/\/www.buzau.net\/stiri-din-buzau\/wp-content\/uploads\/2026\/02\/primaria-buzau.jpg&#8221;]<\/p>\n<div id=\"mvp-content-main\" class=\"left relative\">\n<p>Corul \u201eHappy Kids\u201d din Buz\u0103u, al\u0103turi de ansamblurile Cantus Mundi, va sus\u021bine un concert special sub cerul liber pentru a marca Ora P\u0103m\u00e2ntului. Evenimentul, organizat \u00een colaborare cu Prim\u0103ria municipiului Buz\u0103u, va avea loc s\u00e2mb\u0103t\u0103, 28 martie 2026, pe Platoul Dacia, \u00eencep\u00e2nd cu ora 20:30. Publicul este invitat s\u0103 participe la un spectacol gratuit de o or\u0103, \u00een care muzica va lua locul luminilor artificiale, sub \u00eendemnul \u201eBuz\u0103ul stinge lumina \u0219i aprinde muzica\u201d.<\/p>\n<p>Ora P\u0103m\u00e2ntului reprezint\u0103 cea mai mare mi\u0219care global\u0103 pentru protec\u021bia mediului, ini\u021biat\u0103 \u00een 2007 de WWF Australia. \u00cen fiecare an, milioane de oameni din peste 190 de \u021b\u0103ri sting simbolic lumina timp de o or\u0103, transmi\u021b\u00e2nd un mesaj puternic de grij\u0103 fa\u021b\u0103 de planet\u0103. Evenimentul aduce \u00een prim-plan puterea comunit\u0103\u021bii de a ac\u021biona pentru un viitor sustenabil.<\/p>\n<p>\u00cen Rom\u00e2nia, ini\u021biativa este sprijinit\u0103 activ de Programul Na\u021bional Cantus Mundi, care s-a al\u0103turat demersului \u00eenc\u0103 din 2016 sub sloganul \u201eD\u0103ruie\u0219te naturii din energia ta!\u201d. Anul acesta, evenimentul are o semnifica\u021bie special\u0103, marc\u00e2nd 10 ani de activitate pentru corurile Cantus Mundi, care vor organiza sute de evenimente muzicale \u00een \u00eentreaga \u021bar\u0103 \u0219i \u00een diaspora pentru a celebra aceast\u0103 aniversare.<\/p>\n<p>Concertul de la Buz\u0103u este organizat de Corul Na\u021bional de Camer\u0103 \u201eMadrigal \u2013 Marin Constantin\u201d, prin Programul Na\u021bional Cantus Mundi. Tinerii arti\u0219ti din corul \u201eHappy Kids\u201d \u0219i ansamblurile Cantus Mundi vor c\u00e2nta sub \u00eendrumarea unui coordonator local \u0219i a unui reprezentant al prestigiosului Cor Madrigal. Prin acest eveniment, energia \u0219i talentul copiilor vor transforma seara \u00eentr-un moment memorabil de solidaritate \u0219i armonie cu natura, \u00een care fiecare not\u0103 \u0219i fiecare z\u00e2mbet conteaz\u0103 pentru planet\u0103.<\/p>\n<div class=\"heateor_sss_sharing_container heateor_sss_horizontal_sharing\" data-heateor-sss-href=\"https:\/\/www.buzau.net\/stiri-din-buzau\/va-asteptam-diseara-la-platoul-dacia-la-concertul-happy-kids\/\">\n<div class=\"heateor_sss_sharing_title\">DISTRIBUIE ACEST ARTICOL<\/div>\n<\/div>\n<\/div>\n<p>[analyse_source url=&#8221;https:\/\/www.buzau.net\/stiri-din-buzau\/va-asteptam-diseara-la-platoul-dacia-la-concertul-happy-kids\/&#8221;]<\/p>\n","protected":false},"excerpt":{"rendered":"<p>[analyse_image type=&#8221;featured&#8221; src=&#8221;https:\/\/www.buzau.net\/stiri-din-buzau\/wp-content\/uploads\/2026\/02\/primaria-buzau.jpg&#8221;] Corul \u201eHappy Kids\u201d din Buz\u0103u, al\u0103turi de ansamblurile Cantus Mundi, va sus\u021bine un concert special sub cerul liber pentru a marca Ora P\u0103m\u00e2ntului. Evenimentul, organizat \u00een colaborare cu Prim\u0103ria municipiului Buz\u0103u, va avea loc s\u00e2mb\u0103t\u0103, 28 martie 2026, pe Platoul Dacia, \u00eencep\u00e2nd cu ora 20:30. Publicul este invitat s\u0103 participe la un [&hellip;]<\/p>\n","protected":false},"author":1,"featured_media":0,"comment_status":"open","ping_status":"","sticky":false,"template":"","format":"standard","meta":{"footnotes":""},"categories":[2],"tags":[113,226],"class_list":["post-1852651","post","type-post","status-publish","format-standard","hentry","category-politics","tag-buzau-net","tag-crawlmanager"],"_links":{"self":[{"href":"https:\/\/analyse.optim.biz\/index.php?rest_route=\/wp\/v2\/posts\/1852651","targetHints":{"allow":["GET"]}}],"collection":[{"href":"https:\/\/analyse.optim.biz\/index.php?rest_route=\/wp\/v2\/posts"}],"about":[{"href":"https:\/\/analyse.optim.biz\/index.php?rest_route=\/wp\/v2\/types\/post"}],"author":[{"embeddable":true,"href":"https:\/\/analyse.optim.biz\/index.php?rest_route=\/wp\/v2\/users\/1"}],"replies":[{"embeddable":true,"href":"https:\/\/analyse.optim.biz\/index.php?rest_route=%2Fwp%2Fv2%2Fcomments&post=1852651"}],"version-history":[{"count":0,"href":"https:\/\/analyse.optim.biz\/index.php?rest_route=\/wp\/v2\/posts\/1852651\/revisions"}],"wp:attachment":[{"href":"https:\/\/analyse.optim.biz\/index.php?rest_route=%2Fwp%2Fv2%2Fmedia&parent=1852651"}],"wp:term":[{"taxonomy":"category","embeddable":true,"href":"https:\/\/analyse.optim.biz\/index.php?rest_route=%2Fwp%2Fv2%2Fcategories&post=1852651"},{"taxonomy":"post_tag","embeddable":true,"href":"https:\/\/analyse.optim.biz\/index.php?rest_route=%2Fwp%2Fv2%2Ftags&post=1852651"}],"curies":[{"name":"wp","href":"https:\/\/api.w.org\/{rel}","templated":true}]}}