{"id":1852644,"date":"2026-03-28T15:04:03","date_gmt":"2026-03-28T12:04:03","guid":{"rendered":"https:\/\/analyse.optim.biz\/?p=1852644"},"modified":"2026-03-28T15:04:03","modified_gmt":"2026-03-28T12:04:03","slug":"cel-mai-inalt-brad-din-tara-se-afla-in-judetul-buzau","status":"publish","type":"post","link":"https:\/\/analyse.optim.biz\/?p=1852644","title":{"rendered":"Cel mai \u00eenalt brad din \u021bar\u0103 se afl\u0103 \u00een jude\u021bul Buz\u0103u"},"content":{"rendered":"<p>[analyse_image type=&#8221;featured&#8221; src=&#8221;https:\/\/www.buzau.net\/stiri-din-buzau\/wp-content\/uploads\/2026\/03\/Screenshot_20260328_171059_TikTok.jpg&#8221;]<\/p>\n<div id=\"mvp-content-main\" class=\"left relative\">\n<p>Jude\u021bul Buz\u0103u g\u0103zduie\u0219te regele brazilor din Rom\u00e2nia, un exemplar seme\u021b din specia Abies alba, care se \u00eenal\u021b\u0103 la o \u00een\u0103l\u021bime record de 55,50 metri \u00een satul Gura Siriului. Datorit\u0103 dimensiunilor sale impresionante, acest \u201egigant verde\u201d a fost inclus \u00een Catalogul arborilor monumentali din Rom\u00e2nia, fiind recunoscut oficial drept cel mai \u00eenalt brad din \u021bar\u0103, p\u0103r\u00e2nd c\u0103 atinge cerul pentru oricine \u00eel prive\u0219te.<\/p>\n<p>Performan\u021ba sa este cu at\u00e2t mai notabil\u0103 cu c\u00e2t dep\u0103\u0219e\u0219te exemplare renumite din p\u0103durile virgine ale \u021b\u0103rii. Potrivit catalogului, bradul de la Gura Siriului este urmat de un alt exemplar din specia Abies alba, situat \u00een p\u0103durea virgin\u0103 de la \u0218inca, jude\u021bul Bra\u0219ov, care m\u0103soar\u0103 54 de metri. \u00cen privin\u021ba vechimii, cel mai b\u0103tr\u00e2n brad se afl\u0103 la Gura R\u00e2ului, \u00een jude\u021bul Sibiu, av\u00e2nd o v\u00e2rst\u0103 de 350 de ani \u0219i o circumferin\u021b\u0103 de 6,27 metri, \u00een timp ce exemplarul din Buz\u0103u are o v\u00e2rst\u0103 estimat\u0103 la 300 de ani.<\/p>\n<p>Buz\u0103ul nu se remarc\u0103 doar prin cel mai \u00eenalt brad, ci \u0219i prin cel mai b\u0103tr\u00e2n arbore din jude\u021b. \u00cen municipiul Buz\u0103u, pe strada Crizantemelor, se afl\u0103 un stejar de 400 de ani, inclus de asemenea \u00een Catalogul arborilor monumentali. Acesta impresioneaz\u0103 nu doar prin v\u00e2rst\u0103, ci \u0219i prin coronamentul s\u0103u care se \u00eentinde pe o suprafa\u021b\u0103 de 500 de metri p\u0103tra\u021bi, de\u0219i se afl\u0103 pe o proprietate privat\u0103.<\/p>\n<p>Importan\u021ba acestor arbori excep\u021bionali dep\u0103\u0219e\u0219te simpla lor dimensiune. Dup\u0103 cum explic\u0103 Ciprian Silvestru, directorul Direc\u021biei Silvice Buz\u0103u, ace\u0219tia sunt repere naturale de patrimoniu, contribuind esen\u021bial la men\u021binerea echilibrului ecosistemelor. Protejarea lor reprezint\u0103 o prioritate pentru institu\u021bie, asigur\u00e2nd transmiterea acestor comori naturale genera\u021biilor viitoare.<\/p>\n<p>Specia Abies alba, din care fac parte ace\u0219ti brazi monumentali, este o specie autohton\u0103 european\u0103, capabil\u0103 s\u0103 ating\u0103 \u00een\u0103l\u021bimi excep\u021bionale de p\u00e2n\u0103 la 60 de metri \u0219i s\u0103 tr\u0103iasc\u0103 p\u00e2n\u0103 la 700-800 de ani. \u00cen total, jude\u021bul Buz\u0103u are \u00eenregistra\u021bi 19 arbori monumentali, fiecare reprezent\u00e2nd o bijuterie natural\u0103 \u0219i un simbol viu al istoriei locale, de la brazi colosali la stejari seculari.<\/p>\n<p><img decoding=\"async\" loading=\"lazy\" class=\"size-full wp-image-53736 aligncenter\" src=\"https:\/\/www.buzau.net\/stiri-din-buzau\/wp-content\/uploads\/2026\/03\/FB_IMG_1774710380705.jpg\" alt width=\"720\" height=\"1231\"><\/p>\n<div class=\"heateor_sss_sharing_container heateor_sss_horizontal_sharing\" data-heateor-sss-href=\"https:\/\/www.buzau.net\/stiri-din-buzau\/cel-mai-inalt-brad-din-tara-se-afla-in-judetul-buzau\/\">\n<div class=\"heateor_sss_sharing_title\">DISTRIBUIE ACEST ARTICOL<\/div>\n<\/div>\n<\/div>\n<p>[analyse_source url=&#8221;https:\/\/www.buzau.net\/stiri-din-buzau\/cel-mai-inalt-brad-din-tara-se-afla-in-judetul-buzau\/&#8221;]<\/p>\n","protected":false},"excerpt":{"rendered":"<p>[analyse_image type=&#8221;featured&#8221; src=&#8221;https:\/\/www.buzau.net\/stiri-din-buzau\/wp-content\/uploads\/2026\/03\/Screenshot_20260328_171059_TikTok.jpg&#8221;] Jude\u021bul Buz\u0103u g\u0103zduie\u0219te regele brazilor din Rom\u00e2nia, un exemplar seme\u021b din specia Abies alba, care se \u00eenal\u021b\u0103 la o \u00een\u0103l\u021bime record de 55,50 metri \u00een satul Gura Siriului. Datorit\u0103 dimensiunilor sale impresionante, acest \u201egigant verde\u201d a fost inclus \u00een Catalogul arborilor monumentali din Rom\u00e2nia, fiind recunoscut oficial drept cel mai \u00eenalt brad [&hellip;]<\/p>\n","protected":false},"author":1,"featured_media":0,"comment_status":"open","ping_status":"","sticky":false,"template":"","format":"standard","meta":{"footnotes":""},"categories":[2],"tags":[113,226],"class_list":["post-1852644","post","type-post","status-publish","format-standard","hentry","category-politics","tag-buzau-net","tag-crawlmanager"],"_links":{"self":[{"href":"https:\/\/analyse.optim.biz\/index.php?rest_route=\/wp\/v2\/posts\/1852644","targetHints":{"allow":["GET"]}}],"collection":[{"href":"https:\/\/analyse.optim.biz\/index.php?rest_route=\/wp\/v2\/posts"}],"about":[{"href":"https:\/\/analyse.optim.biz\/index.php?rest_route=\/wp\/v2\/types\/post"}],"author":[{"embeddable":true,"href":"https:\/\/analyse.optim.biz\/index.php?rest_route=\/wp\/v2\/users\/1"}],"replies":[{"embeddable":true,"href":"https:\/\/analyse.optim.biz\/index.php?rest_route=%2Fwp%2Fv2%2Fcomments&post=1852644"}],"version-history":[{"count":0,"href":"https:\/\/analyse.optim.biz\/index.php?rest_route=\/wp\/v2\/posts\/1852644\/revisions"}],"wp:attachment":[{"href":"https:\/\/analyse.optim.biz\/index.php?rest_route=%2Fwp%2Fv2%2Fmedia&parent=1852644"}],"wp:term":[{"taxonomy":"category","embeddable":true,"href":"https:\/\/analyse.optim.biz\/index.php?rest_route=%2Fwp%2Fv2%2Fcategories&post=1852644"},{"taxonomy":"post_tag","embeddable":true,"href":"https:\/\/analyse.optim.biz\/index.php?rest_route=%2Fwp%2Fv2%2Ftags&post=1852644"}],"curies":[{"name":"wp","href":"https:\/\/api.w.org\/{rel}","templated":true}]}}